{"id":72034,"date":"2026-01-16T06:23:01","date_gmt":"2026-01-16T09:23:01","guid":{"rendered":"https:\/\/afogadosfm.com.br\/afogadosfm\/?p=72034"},"modified":"2026-01-16T06:23:02","modified_gmt":"2026-01-16T09:23:02","slug":"aeset-facisst-lancou-edital-de-selecao-para-contratacao-de-profissionais-do-curso-de-medicina","status":"publish","type":"post","link":"https:\/\/afogadosfm.com.br\/afogadosfm\/2026\/01\/16\/aeset-facisst-lancou-edital-de-selecao-para-contratacao-de-profissionais-do-curso-de-medicina\/","title":{"rendered":"AESET\/FACISST lan\u00e7ou edital de sele\u00e7\u00e3o para contrata\u00e7\u00e3o de profissionais do curso de Medicina"},"content":{"rendered":"\n<p>A Autarquia Educacional de Serra Talhada (AESET) publicou o Edital de Sele\u00e7\u00e3o P\u00fablica Simplificada n\u00ba 002\/2026 \u2013 AESET\/FACISST, que estabelece a realiza\u00e7\u00e3o de processo seletivo para contrata\u00e7\u00e3o tempor\u00e1ria de profissionais destinados ao curso de bacharelado em Medicina. As contrata\u00e7\u00f5es ocorrer\u00e3o por excepcional interesse p\u00fablico, pelo per\u00edodo de um ano, podendo ser prorrogadas por igual per\u00edodo.<\/p>\n\n\n\n<p>De acordo com o edital, as vagas est\u00e3o distribu\u00eddas entre docentes de n\u00edvel superior, t\u00e9cnicos administrativos e auxiliares de servi\u00e7os gerais, com o objetivo de fortalecer o funcionamento acad\u00eamico e administrativo do curso de Medicina da AESET, garantindo a continuidade e a qualidade das atividades de ensino, pesquisa e extens\u00e3o.<\/p>\n\n\n\n<p>O gestor da Autarquia, Dami\u00e3o Medeiros, destacou a import\u00e2ncia do processo seletivo para o fortalecimento da institui\u00e7\u00e3o. \u201cEsse edital reafirma o compromisso da AESET com a qualidade do ensino superior e com a consolida\u00e7\u00e3o do curso de Medicina em Serra Talhada. Estamos investindo em profissionais qualificados para assegurar uma forma\u00e7\u00e3o cada vez mais s\u00f3lida aos nossos estudantes\u201d, afirmou.<\/p>\n\n\n\n<p>O edital completo, com informa\u00e7\u00f5es sobre requisitos, crit\u00e9rios de sele\u00e7\u00e3o, etapas do processo e prazos, est\u00e1 dispon\u00edvel nos canais oficiais da AESET. A institui\u00e7\u00e3o refor\u00e7a que todo o processo seguir\u00e1 os princ\u00edpios da legalidade, impessoalidade, moralidade, publicidade e efici\u00eancia.<\/p>\n\n\n\n<p>Foto: Divulga\u00e7\u00e3o<\/p>\n","protected":false},"excerpt":{"rendered":"<p>A Autarquia Educacional de Serra Talhada (AESET) publicou o Edital de Sele\u00e7\u00e3o P\u00fablica Simplificada n\u00ba 002\/2026 \u2013 AESET\/FACISST, que estabelece<\/p>\n","protected":false},"author":2,"featured_media":72035,"comment_status":"open","ping_status":"open","sticky":false,"template":"","format":"standard","meta":{"jetpack_post_was_ever_published":false,"_jetpack_newsletter_access":"","_jetpack_dont_email_post_to_subs":false,"_jetpack_newsletter_tier_id":0,"_jetpack_memberships_contains_paywalled_content":false,"_jetpack_memberships_contains_paid_content":false,"footnotes":"","jetpack_publicize_message":"","jetpack_publicize_feature_enabled":true,"jetpack_social_post_already_shared":true,"jetpack_social_options":{"image_generator_settings":{"template":"highway","default_image_id":0,"font":"","enabled":false},"version":2}},"categories":[1],"tags":[],"class_list":["post-72034","post","type-post","status-publish","format-standard","has-post-thumbnail","hentry","category-sem-categoria"],"yoast_head":"<!-- This site is optimized with the Yoast SEO plugin v27.5 - https:\/\/yoast.com\/product\/yoast-seo-wordpress\/ -->\n<title>AESET\/FACISST lan\u00e7ou edital de sele\u00e7\u00e3o para contrata\u00e7\u00e3o de profissionais do curso de Medicina - Afogados FM<\/title>\n<meta name=\"robots\" content=\"index, follow, max-snippet:-1, max-image-preview:large, max-video-preview:-1\" \/>\n<link rel=\"canonical\" href=\"https:\/\/afogadosfm.com.br\/afogadosfm\/2026\/01\/16\/aeset-facisst-lancou-edital-de-selecao-para-contratacao-de-profissionais-do-curso-de-medicina\/\" \/>\n<meta property=\"og:locale\" content=\"pt_BR\" \/>\n<meta property=\"og:type\" content=\"article\" \/>\n<meta property=\"og:title\" content=\"AESET\/FACISST lan\u00e7ou edital de sele\u00e7\u00e3o para contrata\u00e7\u00e3o de profissionais do curso de Medicina - Afogados FM\" \/>\n<meta property=\"og:description\" content=\"A Autarquia Educacional de Serra Talhada (AESET) publicou o Edital de Sele\u00e7\u00e3o P\u00fablica Simplificada n\u00ba 002\/2026 \u2013 AESET\/FACISST, que estabelece\" \/>\n<meta property=\"og:url\" content=\"https:\/\/afogadosfm.com.br\/afogadosfm\/2026\/01\/16\/aeset-facisst-lancou-edital-de-selecao-para-contratacao-de-profissionais-do-curso-de-medicina\/\" \/>\n<meta property=\"og:site_name\" content=\"Afogados FM\" \/>\n<meta property=\"article:published_time\" content=\"2026-01-16T09:23:01+00:00\" \/>\n<meta property=\"article:modified_time\" content=\"2026-01-16T09:23:02+00:00\" \/>\n<meta property=\"og:image\" content=\"https:\/\/afogadosfm.com.br\/afogadosfm\/wp-content\/uploads\/2026\/01\/eset.jpg\" \/>\n\t<meta property=\"og:image:width\" content=\"300\" \/>\n\t<meta property=\"og:image:height\" content=\"400\" \/>\n\t<meta property=\"og:image:type\" content=\"image\/jpeg\" \/>\n<meta name=\"author\" content=\"afogadosfm\" \/>\n<meta name=\"twitter:card\" content=\"summary_large_image\" \/>\n<meta name=\"twitter:label1\" content=\"Escrito por\" \/>\n\t<meta name=\"twitter:data1\" content=\"afogadosfm\" \/>\n\t<meta name=\"twitter:label2\" content=\"Est. tempo de leitura\" \/>\n\t<meta name=\"twitter:data2\" content=\"2 minutos\" \/>\n<script type=\"application\/ld+json\" class=\"yoast-schema-graph\">{\"@context\":\"https:\\\/\\\/schema.org\",\"@graph\":[{\"@type\":\"Article\",\"@id\":\"https:\\\/\\\/afogadosfm.com.br\\\/afogadosfm\\\/2026\\\/01\\\/16\\\/aeset-facisst-lancou-edital-de-selecao-para-contratacao-de-profissionais-do-curso-de-medicina\\\/#article\",\"isPartOf\":{\"@id\":\"https:\\\/\\\/afogadosfm.com.br\\\/afogadosfm\\\/2026\\\/01\\\/16\\\/aeset-facisst-lancou-edital-de-selecao-para-contratacao-de-profissionais-do-curso-de-medicina\\\/\"},\"author\":{\"name\":\"afogadosfm\",\"@id\":\"https:\\\/\\\/afogadosfm.com.br\\\/afogadosfm\\\/#\\\/schema\\\/person\\\/60e56f2cf5dc960fc093fe093d9e9057\"},\"headline\":\"AESET\\\/FACISST lan\u00e7ou edital de sele\u00e7\u00e3o para contrata\u00e7\u00e3o de profissionais do curso de Medicina\",\"datePublished\":\"2026-01-16T09:23:01+00:00\",\"dateModified\":\"2026-01-16T09:23:02+00:00\",\"mainEntityOfPage\":{\"@id\":\"https:\\\/\\\/afogadosfm.com.br\\\/afogadosfm\\\/2026\\\/01\\\/16\\\/aeset-facisst-lancou-edital-de-selecao-para-contratacao-de-profissionais-do-curso-de-medicina\\\/\"},\"wordCount\":252,\"commentCount\":0,\"publisher\":{\"@id\":\"https:\\\/\\\/afogadosfm.com.br\\\/afogadosfm\\\/#organization\"},\"image\":{\"@id\":\"https:\\\/\\\/afogadosfm.com.br\\\/afogadosfm\\\/2026\\\/01\\\/16\\\/aeset-facisst-lancou-edital-de-selecao-para-contratacao-de-profissionais-do-curso-de-medicina\\\/#primaryimage\"},\"thumbnailUrl\":\"https:\\\/\\\/i0.wp.com\\\/afogadosfm.com.br\\\/afogadosfm\\\/wp-content\\\/uploads\\\/2026\\\/01\\\/eset.jpg?fit=300%2C400&ssl=1\",\"inLanguage\":\"pt-BR\",\"potentialAction\":[{\"@type\":\"CommentAction\",\"name\":\"Comment\",\"target\":[\"https:\\\/\\\/afogadosfm.com.br\\\/afogadosfm\\\/2026\\\/01\\\/16\\\/aeset-facisst-lancou-edital-de-selecao-para-contratacao-de-profissionais-do-curso-de-medicina\\\/#respond\"]}]},{\"@type\":\"WebPage\",\"@id\":\"https:\\\/\\\/afogadosfm.com.br\\\/afogadosfm\\\/2026\\\/01\\\/16\\\/aeset-facisst-lancou-edital-de-selecao-para-contratacao-de-profissionais-do-curso-de-medicina\\\/\",\"url\":\"https:\\\/\\\/afogadosfm.com.br\\\/afogadosfm\\\/2026\\\/01\\\/16\\\/aeset-facisst-lancou-edital-de-selecao-para-contratacao-de-profissionais-do-curso-de-medicina\\\/\",\"name\":\"AESET\\\/FACISST lan\u00e7ou edital de sele\u00e7\u00e3o para contrata\u00e7\u00e3o de profissionais do curso de Medicina - Afogados FM\",\"isPartOf\":{\"@id\":\"https:\\\/\\\/afogadosfm.com.br\\\/afogadosfm\\\/#website\"},\"primaryImageOfPage\":{\"@id\":\"https:\\\/\\\/afogadosfm.com.br\\\/afogadosfm\\\/2026\\\/01\\\/16\\\/aeset-facisst-lancou-edital-de-selecao-para-contratacao-de-profissionais-do-curso-de-medicina\\\/#primaryimage\"},\"image\":{\"@id\":\"https:\\\/\\\/afogadosfm.com.br\\\/afogadosfm\\\/2026\\\/01\\\/16\\\/aeset-facisst-lancou-edital-de-selecao-para-contratacao-de-profissionais-do-curso-de-medicina\\\/#primaryimage\"},\"thumbnailUrl\":\"https:\\\/\\\/i0.wp.com\\\/afogadosfm.com.br\\\/afogadosfm\\\/wp-content\\\/uploads\\\/2026\\\/01\\\/eset.jpg?fit=300%2C400&ssl=1\",\"datePublished\":\"2026-01-16T09:23:01+00:00\",\"dateModified\":\"2026-01-16T09:23:02+00:00\",\"breadcrumb\":{\"@id\":\"https:\\\/\\\/afogadosfm.com.br\\\/afogadosfm\\\/2026\\\/01\\\/16\\\/aeset-facisst-lancou-edital-de-selecao-para-contratacao-de-profissionais-do-curso-de-medicina\\\/#breadcrumb\"},\"inLanguage\":\"pt-BR\",\"potentialAction\":[{\"@type\":\"ReadAction\",\"target\":[\"https:\\\/\\\/afogadosfm.com.br\\\/afogadosfm\\\/2026\\\/01\\\/16\\\/aeset-facisst-lancou-edital-de-selecao-para-contratacao-de-profissionais-do-curso-de-medicina\\\/\"]}]},{\"@type\":\"ImageObject\",\"inLanguage\":\"pt-BR\",\"@id\":\"https:\\\/\\\/afogadosfm.com.br\\\/afogadosfm\\\/2026\\\/01\\\/16\\\/aeset-facisst-lancou-edital-de-selecao-para-contratacao-de-profissionais-do-curso-de-medicina\\\/#primaryimage\",\"url\":\"https:\\\/\\\/i0.wp.com\\\/afogadosfm.com.br\\\/afogadosfm\\\/wp-content\\\/uploads\\\/2026\\\/01\\\/eset.jpg?fit=300%2C400&ssl=1\",\"contentUrl\":\"https:\\\/\\\/i0.wp.com\\\/afogadosfm.com.br\\\/afogadosfm\\\/wp-content\\\/uploads\\\/2026\\\/01\\\/eset.jpg?fit=300%2C400&ssl=1\",\"width\":300,\"height\":400},{\"@type\":\"BreadcrumbList\",\"@id\":\"https:\\\/\\\/afogadosfm.com.br\\\/afogadosfm\\\/2026\\\/01\\\/16\\\/aeset-facisst-lancou-edital-de-selecao-para-contratacao-de-profissionais-do-curso-de-medicina\\\/#breadcrumb\",\"itemListElement\":[{\"@type\":\"ListItem\",\"position\":1,\"name\":\"In\u00edcio\",\"item\":\"https:\\\/\\\/afogadosfm.com.br\\\/afogadosfm\\\/\"},{\"@type\":\"ListItem\",\"position\":2,\"name\":\"AESET\\\/FACISST lan\u00e7ou edital de sele\u00e7\u00e3o para contrata\u00e7\u00e3o de profissionais do curso de Medicina\"}]},{\"@type\":\"WebSite\",\"@id\":\"https:\\\/\\\/afogadosfm.com.br\\\/afogadosfm\\\/#website\",\"url\":\"https:\\\/\\\/afogadosfm.com.br\\\/afogadosfm\\\/\",\"name\":\"Afogados FM\",\"description\":\"Um site completo!\",\"publisher\":{\"@id\":\"https:\\\/\\\/afogadosfm.com.br\\\/afogadosfm\\\/#organization\"},\"potentialAction\":[{\"@type\":\"SearchAction\",\"target\":{\"@type\":\"EntryPoint\",\"urlTemplate\":\"https:\\\/\\\/afogadosfm.com.br\\\/afogadosfm\\\/?s={search_term_string}\"},\"query-input\":{\"@type\":\"PropertyValueSpecification\",\"valueRequired\":true,\"valueName\":\"search_term_string\"}}],\"inLanguage\":\"pt-BR\"},{\"@type\":\"Organization\",\"@id\":\"https:\\\/\\\/afogadosfm.com.br\\\/afogadosfm\\\/#organization\",\"name\":\"Afogados FM\",\"url\":\"https:\\\/\\\/afogadosfm.com.br\\\/afogadosfm\\\/\",\"logo\":{\"@type\":\"ImageObject\",\"inLanguage\":\"pt-BR\",\"@id\":\"https:\\\/\\\/afogadosfm.com.br\\\/afogadosfm\\\/#\\\/schema\\\/logo\\\/image\\\/\",\"url\":\"https:\\\/\\\/i0.wp.com\\\/afogadosfm.com.br\\\/afogadosfm\\\/wp-content\\\/uploads\\\/2020\\\/06\\\/cropped-banner-afogados-4.jpg?fit=369%2C137&ssl=1\",\"contentUrl\":\"https:\\\/\\\/i0.wp.com\\\/afogadosfm.com.br\\\/afogadosfm\\\/wp-content\\\/uploads\\\/2020\\\/06\\\/cropped-banner-afogados-4.jpg?fit=369%2C137&ssl=1\",\"width\":369,\"height\":137,\"caption\":\"Afogados FM\"},\"image\":{\"@id\":\"https:\\\/\\\/afogadosfm.com.br\\\/afogadosfm\\\/#\\\/schema\\\/logo\\\/image\\\/\"}},{\"@type\":\"Person\",\"@id\":\"https:\\\/\\\/afogadosfm.com.br\\\/afogadosfm\\\/#\\\/schema\\\/person\\\/60e56f2cf5dc960fc093fe093d9e9057\",\"name\":\"afogadosfm\",\"image\":{\"@type\":\"ImageObject\",\"inLanguage\":\"pt-BR\",\"@id\":\"https:\\\/\\\/secure.gravatar.com\\\/avatar\\\/e0359add7ed5dc3560906d861b52c6a8cf5c1e199d3a7dd85070998f49bd4701?s=96&d=mm&r=g\",\"url\":\"https:\\\/\\\/secure.gravatar.com\\\/avatar\\\/e0359add7ed5dc3560906d861b52c6a8cf5c1e199d3a7dd85070998f49bd4701?s=96&d=mm&r=g\",\"contentUrl\":\"https:\\\/\\\/secure.gravatar.com\\\/avatar\\\/e0359add7ed5dc3560906d861b52c6a8cf5c1e199d3a7dd85070998f49bd4701?s=96&d=mm&r=g\",\"caption\":\"afogadosfm\"},\"url\":\"https:\\\/\\\/afogadosfm.com.br\\\/afogadosfm\\\/author\\\/afogadosfm\\\/\"}]}<\/script>\n<!-- \/ Yoast SEO plugin. -->","yoast_head_json":{"title":"AESET\/FACISST lan\u00e7ou edital de sele\u00e7\u00e3o para contrata\u00e7\u00e3o de profissionais do curso de Medicina - Afogados FM","robots":{"index":"index","follow":"follow","max-snippet":"max-snippet:-1","max-image-preview":"max-image-preview:large","max-video-preview":"max-video-preview:-1"},"canonical":"https:\/\/afogadosfm.com.br\/afogadosfm\/2026\/01\/16\/aeset-facisst-lancou-edital-de-selecao-para-contratacao-de-profissionais-do-curso-de-medicina\/","og_locale":"pt_BR","og_type":"article","og_title":"AESET\/FACISST lan\u00e7ou edital de sele\u00e7\u00e3o para contrata\u00e7\u00e3o de profissionais do curso de Medicina - Afogados FM","og_description":"A Autarquia Educacional de Serra Talhada (AESET) publicou o Edital de Sele\u00e7\u00e3o P\u00fablica Simplificada n\u00ba 002\/2026 \u2013 AESET\/FACISST, que estabelece","og_url":"https:\/\/afogadosfm.com.br\/afogadosfm\/2026\/01\/16\/aeset-facisst-lancou-edital-de-selecao-para-contratacao-de-profissionais-do-curso-de-medicina\/","og_site_name":"Afogados FM","article_published_time":"2026-01-16T09:23:01+00:00","article_modified_time":"2026-01-16T09:23:02+00:00","og_image":[{"width":300,"height":400,"url":"https:\/\/afogadosfm.com.br\/afogadosfm\/wp-content\/uploads\/2026\/01\/eset.jpg","type":"image\/jpeg"}],"author":"afogadosfm","twitter_card":"summary_large_image","twitter_misc":{"Escrito por":"afogadosfm","Est. tempo de leitura":"2 minutos"},"schema":{"@context":"https:\/\/schema.org","@graph":[{"@type":"Article","@id":"https:\/\/afogadosfm.com.br\/afogadosfm\/2026\/01\/16\/aeset-facisst-lancou-edital-de-selecao-para-contratacao-de-profissionais-do-curso-de-medicina\/#article","isPartOf":{"@id":"https:\/\/afogadosfm.com.br\/afogadosfm\/2026\/01\/16\/aeset-facisst-lancou-edital-de-selecao-para-contratacao-de-profissionais-do-curso-de-medicina\/"},"author":{"name":"afogadosfm","@id":"https:\/\/afogadosfm.com.br\/afogadosfm\/#\/schema\/person\/60e56f2cf5dc960fc093fe093d9e9057"},"headline":"AESET\/FACISST lan\u00e7ou edital de sele\u00e7\u00e3o para contrata\u00e7\u00e3o de profissionais do curso de Medicina","datePublished":"2026-01-16T09:23:01+00:00","dateModified":"2026-01-16T09:23:02+00:00","mainEntityOfPage":{"@id":"https:\/\/afogadosfm.com.br\/afogadosfm\/2026\/01\/16\/aeset-facisst-lancou-edital-de-selecao-para-contratacao-de-profissionais-do-curso-de-medicina\/"},"wordCount":252,"commentCount":0,"publisher":{"@id":"https:\/\/afogadosfm.com.br\/afogadosfm\/#organization"},"image":{"@id":"https:\/\/afogadosfm.com.br\/afogadosfm\/2026\/01\/16\/aeset-facisst-lancou-edital-de-selecao-para-contratacao-de-profissionais-do-curso-de-medicina\/#primaryimage"},"thumbnailUrl":"https:\/\/i0.wp.com\/afogadosfm.com.br\/afogadosfm\/wp-content\/uploads\/2026\/01\/eset.jpg?fit=300%2C400&ssl=1","inLanguage":"pt-BR","potentialAction":[{"@type":"CommentAction","name":"Comment","target":["https:\/\/afogadosfm.com.br\/afogadosfm\/2026\/01\/16\/aeset-facisst-lancou-edital-de-selecao-para-contratacao-de-profissionais-do-curso-de-medicina\/#respond"]}]},{"@type":"WebPage","@id":"https:\/\/afogadosfm.com.br\/afogadosfm\/2026\/01\/16\/aeset-facisst-lancou-edital-de-selecao-para-contratacao-de-profissionais-do-curso-de-medicina\/","url":"https:\/\/afogadosfm.com.br\/afogadosfm\/2026\/01\/16\/aeset-facisst-lancou-edital-de-selecao-para-contratacao-de-profissionais-do-curso-de-medicina\/","name":"AESET\/FACISST lan\u00e7ou edital de sele\u00e7\u00e3o para contrata\u00e7\u00e3o de profissionais do curso de Medicina - Afogados FM","isPartOf":{"@id":"https:\/\/afogadosfm.com.br\/afogadosfm\/#website"},"primaryImageOfPage":{"@id":"https:\/\/afogadosfm.com.br\/afogadosfm\/2026\/01\/16\/aeset-facisst-lancou-edital-de-selecao-para-contratacao-de-profissionais-do-curso-de-medicina\/#primaryimage"},"image":{"@id":"https:\/\/afogadosfm.com.br\/afogadosfm\/2026\/01\/16\/aeset-facisst-lancou-edital-de-selecao-para-contratacao-de-profissionais-do-curso-de-medicina\/#primaryimage"},"thumbnailUrl":"https:\/\/i0.wp.com\/afogadosfm.com.br\/afogadosfm\/wp-content\/uploads\/2026\/01\/eset.jpg?fit=300%2C400&ssl=1","datePublished":"2026-01-16T09:23:01+00:00","dateModified":"2026-01-16T09:23:02+00:00","breadcrumb":{"@id":"https:\/\/afogadosfm.com.br\/afogadosfm\/2026\/01\/16\/aeset-facisst-lancou-edital-de-selecao-para-contratacao-de-profissionais-do-curso-de-medicina\/#breadcrumb"},"inLanguage":"pt-BR","potentialAction":[{"@type":"ReadAction","target":["https:\/\/afogadosfm.com.br\/afogadosfm\/2026\/01\/16\/aeset-facisst-lancou-edital-de-selecao-para-contratacao-de-profissionais-do-curso-de-medicina\/"]}]},{"@type":"ImageObject","inLanguage":"pt-BR","@id":"https:\/\/afogadosfm.com.br\/afogadosfm\/2026\/01\/16\/aeset-facisst-lancou-edital-de-selecao-para-contratacao-de-profissionais-do-curso-de-medicina\/#primaryimage","url":"https:\/\/i0.wp.com\/afogadosfm.com.br\/afogadosfm\/wp-content\/uploads\/2026\/01\/eset.jpg?fit=300%2C400&ssl=1","contentUrl":"https:\/\/i0.wp.com\/afogadosfm.com.br\/afogadosfm\/wp-content\/uploads\/2026\/01\/eset.jpg?fit=300%2C400&ssl=1","width":300,"height":400},{"@type":"BreadcrumbList","@id":"https:\/\/afogadosfm.com.br\/afogadosfm\/2026\/01\/16\/aeset-facisst-lancou-edital-de-selecao-para-contratacao-de-profissionais-do-curso-de-medicina\/#breadcrumb","itemListElement":[{"@type":"ListItem","position":1,"name":"In\u00edcio","item":"https:\/\/afogadosfm.com.br\/afogadosfm\/"},{"@type":"ListItem","position":2,"name":"AESET\/FACISST lan\u00e7ou edital de sele\u00e7\u00e3o para contrata\u00e7\u00e3o de profissionais do curso de Medicina"}]},{"@type":"WebSite","@id":"https:\/\/afogadosfm.com.br\/afogadosfm\/#website","url":"https:\/\/afogadosfm.com.br\/afogadosfm\/","name":"Afogados FM","description":"Um site completo!","publisher":{"@id":"https:\/\/afogadosfm.com.br\/afogadosfm\/#organization"},"potentialAction":[{"@type":"SearchAction","target":{"@type":"EntryPoint","urlTemplate":"https:\/\/afogadosfm.com.br\/afogadosfm\/?s={search_term_string}"},"query-input":{"@type":"PropertyValueSpecification","valueRequired":true,"valueName":"search_term_string"}}],"inLanguage":"pt-BR"},{"@type":"Organization","@id":"https:\/\/afogadosfm.com.br\/afogadosfm\/#organization","name":"Afogados FM","url":"https:\/\/afogadosfm.com.br\/afogadosfm\/","logo":{"@type":"ImageObject","inLanguage":"pt-BR","@id":"https:\/\/afogadosfm.com.br\/afogadosfm\/#\/schema\/logo\/image\/","url":"https:\/\/i0.wp.com\/afogadosfm.com.br\/afogadosfm\/wp-content\/uploads\/2020\/06\/cropped-banner-afogados-4.jpg?fit=369%2C137&ssl=1","contentUrl":"https:\/\/i0.wp.com\/afogadosfm.com.br\/afogadosfm\/wp-content\/uploads\/2020\/06\/cropped-banner-afogados-4.jpg?fit=369%2C137&ssl=1","width":369,"height":137,"caption":"Afogados FM"},"image":{"@id":"https:\/\/afogadosfm.com.br\/afogadosfm\/#\/schema\/logo\/image\/"}},{"@type":"Person","@id":"https:\/\/afogadosfm.com.br\/afogadosfm\/#\/schema\/person\/60e56f2cf5dc960fc093fe093d9e9057","name":"afogadosfm","image":{"@type":"ImageObject","inLanguage":"pt-BR","@id":"https:\/\/secure.gravatar.com\/avatar\/e0359add7ed5dc3560906d861b52c6a8cf5c1e199d3a7dd85070998f49bd4701?s=96&d=mm&r=g","url":"https:\/\/secure.gravatar.com\/avatar\/e0359add7ed5dc3560906d861b52c6a8cf5c1e199d3a7dd85070998f49bd4701?s=96&d=mm&r=g","contentUrl":"https:\/\/secure.gravatar.com\/avatar\/e0359add7ed5dc3560906d861b52c6a8cf5c1e199d3a7dd85070998f49bd4701?s=96&d=mm&r=g","caption":"afogadosfm"},"url":"https:\/\/afogadosfm.com.br\/afogadosfm\/author\/afogadosfm\/"}]}},"jetpack_publicize_connections":[],"jetpack_featured_media_url":"https:\/\/i0.wp.com\/afogadosfm.com.br\/afogadosfm\/wp-content\/uploads\/2026\/01\/eset.jpg?fit=300%2C400&ssl=1","jetpack-related-posts":[],"jetpack_sharing_enabled":true,"jetpack_likes_enabled":true,"_links":{"self":[{"href":"https:\/\/afogadosfm.com.br\/afogadosfm\/wp-json\/wp\/v2\/posts\/72034","targetHints":{"allow":["GET"]}}],"collection":[{"href":"https:\/\/afogadosfm.com.br\/afogadosfm\/wp-json\/wp\/v2\/posts"}],"about":[{"href":"https:\/\/afogadosfm.com.br\/afogadosfm\/wp-json\/wp\/v2\/types\/post"}],"author":[{"embeddable":true,"href":"https:\/\/afogadosfm.com.br\/afogadosfm\/wp-json\/wp\/v2\/users\/2"}],"replies":[{"embeddable":true,"href":"https:\/\/afogadosfm.com.br\/afogadosfm\/wp-json\/wp\/v2\/comments?post=72034"}],"version-history":[{"count":1,"href":"https:\/\/afogadosfm.com.br\/afogadosfm\/wp-json\/wp\/v2\/posts\/72034\/revisions"}],"predecessor-version":[{"id":72036,"href":"https:\/\/afogadosfm.com.br\/afogadosfm\/wp-json\/wp\/v2\/posts\/72034\/revisions\/72036"}],"wp:featuredmedia":[{"embeddable":true,"href":"https:\/\/afogadosfm.com.br\/afogadosfm\/wp-json\/wp\/v2\/media\/72035"}],"wp:attachment":[{"href":"https:\/\/afogadosfm.com.br\/afogadosfm\/wp-json\/wp\/v2\/media?parent=72034"}],"wp:term":[{"taxonomy":"category","embeddable":true,"href":"https:\/\/afogadosfm.com.br\/afogadosfm\/wp-json\/wp\/v2\/categories?post=72034"},{"taxonomy":"post_tag","embeddable":true,"href":"https:\/\/afogadosfm.com.br\/afogadosfm\/wp-json\/wp\/v2\/tags?post=72034"}],"curies":[{"name":"wp","href":"https:\/\/api.w.org\/{rel}","templated":true}]}}