{"id":72050,"date":"2026-01-16T07:45:54","date_gmt":"2026-01-16T10:45:54","guid":{"rendered":"https:\/\/afogadosfm.com.br\/afogadosfm\/?p=72050"},"modified":"2026-01-16T07:45:55","modified_gmt":"2026-01-16T10:45:55","slug":"prefeito-de-iguaracy-dr-pedro-alves-prestigia-posse-do-novo-presidente-do-tce-pe-na-capital","status":"publish","type":"post","link":"https:\/\/afogadosfm.com.br\/afogadosfm\/2026\/01\/16\/prefeito-de-iguaracy-dr-pedro-alves-prestigia-posse-do-novo-presidente-do-tce-pe-na-capital\/","title":{"rendered":"Prefeito de Iguaracy, Dr. Pedro Alves, prestigia posse do novo presidente do TCE-PE na capital"},"content":{"rendered":"\n<p>O prefeito de Iguaracy, Dr. Pedro Alves de Oliveira Neto, participou na tarde da \u00faltima quinta-feira (15) da cerim\u00f4nia de posse do conselheiro Carlos Neves como novo presidente do Tribunal de Contas do Estado de Pernambuco (TCE-PE), em evento realizado no Recife Expo Center.<\/p>\n\n\n\n<p>Dr. Pedro Alves esteve acompanhado da procuradora do munic\u00edpio, Dra. Sinara Maranh\u00e3o e do Chefe de Gabinete da Prefeitura de Iguaracy J\u00falio Veras, aproveitou a ocasi\u00e3o para dialogar com diversas autoridades presentes. O prefeito prestigiou a solenidade ao lado da governadora Raquel Lyra, do secret\u00e1rio da Casa Civil, T\u00falio Vila\u00e7a, e da ex-conselheira do TCE-PE, Teresa Duere, al\u00e9m de outros representantes do cen\u00e1rio pol\u00edtico e institucional do Estado.<\/p>\n\n\n\n<p>A presen\u00e7a do gestor reafirma o compromisso da administra\u00e7\u00e3o de Iguaracy com a transpar\u00eancia, o controle p\u00fablico e o fortalecimento das parcerias institucionais em benef\u00edcio do munic\u00edpio.<\/p>\n","protected":false},"excerpt":{"rendered":"<p>O prefeito de Iguaracy, Dr. Pedro Alves de Oliveira Neto, participou na tarde da \u00faltima quinta-feira (15) da cerim\u00f4nia de<\/p>\n","protected":false},"author":2,"featured_media":72051,"comment_status":"open","ping_status":"open","sticky":false,"template":"","format":"standard","meta":{"jetpack_post_was_ever_published":false,"_jetpack_newsletter_access":"","_jetpack_dont_email_post_to_subs":false,"_jetpack_newsletter_tier_id":0,"_jetpack_memberships_contains_paywalled_content":false,"_jetpack_memberships_contains_paid_content":false,"footnotes":"","jetpack_publicize_message":"","jetpack_publicize_feature_enabled":true,"jetpack_social_post_already_shared":true,"jetpack_social_options":{"image_generator_settings":{"template":"highway","default_image_id":0,"font":"","enabled":false},"version":2}},"categories":[35],"tags":[],"class_list":["post-72050","post","type-post","status-publish","format-standard","has-post-thumbnail","hentry","category-politica"],"yoast_head":"<!-- This site is optimized with the Yoast SEO plugin v27.5 - https:\/\/yoast.com\/product\/yoast-seo-wordpress\/ -->\n<title>Prefeito de Iguaracy, Dr. Pedro Alves, prestigia posse do novo presidente do TCE-PE na capital - Afogados FM<\/title>\n<meta name=\"robots\" content=\"index, follow, max-snippet:-1, max-image-preview:large, max-video-preview:-1\" \/>\n<link rel=\"canonical\" href=\"https:\/\/afogadosfm.com.br\/afogadosfm\/2026\/01\/16\/prefeito-de-iguaracy-dr-pedro-alves-prestigia-posse-do-novo-presidente-do-tce-pe-na-capital\/\" \/>\n<meta property=\"og:locale\" content=\"pt_BR\" \/>\n<meta property=\"og:type\" content=\"article\" \/>\n<meta property=\"og:title\" content=\"Prefeito de Iguaracy, Dr. Pedro Alves, prestigia posse do novo presidente do TCE-PE na capital - Afogados FM\" \/>\n<meta property=\"og:description\" content=\"O prefeito de Iguaracy, Dr. Pedro Alves de Oliveira Neto, participou na tarde da \u00faltima quinta-feira (15) da cerim\u00f4nia de\" \/>\n<meta property=\"og:url\" content=\"https:\/\/afogadosfm.com.br\/afogadosfm\/2026\/01\/16\/prefeito-de-iguaracy-dr-pedro-alves-prestigia-posse-do-novo-presidente-do-tce-pe-na-capital\/\" \/>\n<meta property=\"og:site_name\" content=\"Afogados FM\" \/>\n<meta property=\"article:published_time\" content=\"2026-01-16T10:45:54+00:00\" \/>\n<meta property=\"article:modified_time\" content=\"2026-01-16T10:45:55+00:00\" \/>\n<meta property=\"og:image\" content=\"https:\/\/afogadosfm.com.br\/afogadosfm\/wp-content\/uploads\/2026\/01\/WhatsApp-Image-2026-01-16-at-07.30.47.jpeg\" \/>\n\t<meta property=\"og:image:width\" content=\"900\" \/>\n\t<meta property=\"og:image:height\" content=\"1600\" \/>\n\t<meta property=\"og:image:type\" content=\"image\/jpeg\" \/>\n<meta name=\"author\" content=\"afogadosfm\" \/>\n<meta name=\"twitter:card\" content=\"summary_large_image\" \/>\n<meta name=\"twitter:label1\" content=\"Escrito por\" \/>\n\t<meta name=\"twitter:data1\" content=\"afogadosfm\" \/>\n\t<meta name=\"twitter:label2\" content=\"Est. tempo de leitura\" \/>\n\t<meta name=\"twitter:data2\" content=\"1 minuto\" \/>\n<script type=\"application\/ld+json\" class=\"yoast-schema-graph\">{\"@context\":\"https:\\\/\\\/schema.org\",\"@graph\":[{\"@type\":\"Article\",\"@id\":\"https:\\\/\\\/afogadosfm.com.br\\\/afogadosfm\\\/2026\\\/01\\\/16\\\/prefeito-de-iguaracy-dr-pedro-alves-prestigia-posse-do-novo-presidente-do-tce-pe-na-capital\\\/#article\",\"isPartOf\":{\"@id\":\"https:\\\/\\\/afogadosfm.com.br\\\/afogadosfm\\\/2026\\\/01\\\/16\\\/prefeito-de-iguaracy-dr-pedro-alves-prestigia-posse-do-novo-presidente-do-tce-pe-na-capital\\\/\"},\"author\":{\"name\":\"afogadosfm\",\"@id\":\"https:\\\/\\\/afogadosfm.com.br\\\/afogadosfm\\\/#\\\/schema\\\/person\\\/60e56f2cf5dc960fc093fe093d9e9057\"},\"headline\":\"Prefeito de Iguaracy, Dr. Pedro Alves, prestigia posse do novo presidente do TCE-PE na capital\",\"datePublished\":\"2026-01-16T10:45:54+00:00\",\"dateModified\":\"2026-01-16T10:45:55+00:00\",\"mainEntityOfPage\":{\"@id\":\"https:\\\/\\\/afogadosfm.com.br\\\/afogadosfm\\\/2026\\\/01\\\/16\\\/prefeito-de-iguaracy-dr-pedro-alves-prestigia-posse-do-novo-presidente-do-tce-pe-na-capital\\\/\"},\"wordCount\":170,\"commentCount\":0,\"publisher\":{\"@id\":\"https:\\\/\\\/afogadosfm.com.br\\\/afogadosfm\\\/#organization\"},\"image\":{\"@id\":\"https:\\\/\\\/afogadosfm.com.br\\\/afogadosfm\\\/2026\\\/01\\\/16\\\/prefeito-de-iguaracy-dr-pedro-alves-prestigia-posse-do-novo-presidente-do-tce-pe-na-capital\\\/#primaryimage\"},\"thumbnailUrl\":\"https:\\\/\\\/i0.wp.com\\\/afogadosfm.com.br\\\/afogadosfm\\\/wp-content\\\/uploads\\\/2026\\\/01\\\/WhatsApp-Image-2026-01-16-at-07.30.47.jpeg?fit=900%2C1600&ssl=1\",\"articleSection\":[\"Pol\u00edtica\"],\"inLanguage\":\"pt-BR\",\"potentialAction\":[{\"@type\":\"CommentAction\",\"name\":\"Comment\",\"target\":[\"https:\\\/\\\/afogadosfm.com.br\\\/afogadosfm\\\/2026\\\/01\\\/16\\\/prefeito-de-iguaracy-dr-pedro-alves-prestigia-posse-do-novo-presidente-do-tce-pe-na-capital\\\/#respond\"]}]},{\"@type\":\"WebPage\",\"@id\":\"https:\\\/\\\/afogadosfm.com.br\\\/afogadosfm\\\/2026\\\/01\\\/16\\\/prefeito-de-iguaracy-dr-pedro-alves-prestigia-posse-do-novo-presidente-do-tce-pe-na-capital\\\/\",\"url\":\"https:\\\/\\\/afogadosfm.com.br\\\/afogadosfm\\\/2026\\\/01\\\/16\\\/prefeito-de-iguaracy-dr-pedro-alves-prestigia-posse-do-novo-presidente-do-tce-pe-na-capital\\\/\",\"name\":\"Prefeito de Iguaracy, Dr. Pedro Alves, prestigia posse do novo presidente do TCE-PE na capital - Afogados FM\",\"isPartOf\":{\"@id\":\"https:\\\/\\\/afogadosfm.com.br\\\/afogadosfm\\\/#website\"},\"primaryImageOfPage\":{\"@id\":\"https:\\\/\\\/afogadosfm.com.br\\\/afogadosfm\\\/2026\\\/01\\\/16\\\/prefeito-de-iguaracy-dr-pedro-alves-prestigia-posse-do-novo-presidente-do-tce-pe-na-capital\\\/#primaryimage\"},\"image\":{\"@id\":\"https:\\\/\\\/afogadosfm.com.br\\\/afogadosfm\\\/2026\\\/01\\\/16\\\/prefeito-de-iguaracy-dr-pedro-alves-prestigia-posse-do-novo-presidente-do-tce-pe-na-capital\\\/#primaryimage\"},\"thumbnailUrl\":\"https:\\\/\\\/i0.wp.com\\\/afogadosfm.com.br\\\/afogadosfm\\\/wp-content\\\/uploads\\\/2026\\\/01\\\/WhatsApp-Image-2026-01-16-at-07.30.47.jpeg?fit=900%2C1600&ssl=1\",\"datePublished\":\"2026-01-16T10:45:54+00:00\",\"dateModified\":\"2026-01-16T10:45:55+00:00\",\"breadcrumb\":{\"@id\":\"https:\\\/\\\/afogadosfm.com.br\\\/afogadosfm\\\/2026\\\/01\\\/16\\\/prefeito-de-iguaracy-dr-pedro-alves-prestigia-posse-do-novo-presidente-do-tce-pe-na-capital\\\/#breadcrumb\"},\"inLanguage\":\"pt-BR\",\"potentialAction\":[{\"@type\":\"ReadAction\",\"target\":[\"https:\\\/\\\/afogadosfm.com.br\\\/afogadosfm\\\/2026\\\/01\\\/16\\\/prefeito-de-iguaracy-dr-pedro-alves-prestigia-posse-do-novo-presidente-do-tce-pe-na-capital\\\/\"]}]},{\"@type\":\"ImageObject\",\"inLanguage\":\"pt-BR\",\"@id\":\"https:\\\/\\\/afogadosfm.com.br\\\/afogadosfm\\\/2026\\\/01\\\/16\\\/prefeito-de-iguaracy-dr-pedro-alves-prestigia-posse-do-novo-presidente-do-tce-pe-na-capital\\\/#primaryimage\",\"url\":\"https:\\\/\\\/i0.wp.com\\\/afogadosfm.com.br\\\/afogadosfm\\\/wp-content\\\/uploads\\\/2026\\\/01\\\/WhatsApp-Image-2026-01-16-at-07.30.47.jpeg?fit=900%2C1600&ssl=1\",\"contentUrl\":\"https:\\\/\\\/i0.wp.com\\\/afogadosfm.com.br\\\/afogadosfm\\\/wp-content\\\/uploads\\\/2026\\\/01\\\/WhatsApp-Image-2026-01-16-at-07.30.47.jpeg?fit=900%2C1600&ssl=1\",\"width\":900,\"height\":1600},{\"@type\":\"BreadcrumbList\",\"@id\":\"https:\\\/\\\/afogadosfm.com.br\\\/afogadosfm\\\/2026\\\/01\\\/16\\\/prefeito-de-iguaracy-dr-pedro-alves-prestigia-posse-do-novo-presidente-do-tce-pe-na-capital\\\/#breadcrumb\",\"itemListElement\":[{\"@type\":\"ListItem\",\"position\":1,\"name\":\"In\u00edcio\",\"item\":\"https:\\\/\\\/afogadosfm.com.br\\\/afogadosfm\\\/\"},{\"@type\":\"ListItem\",\"position\":2,\"name\":\"Prefeito de Iguaracy, Dr. Pedro Alves, prestigia posse do novo presidente do TCE-PE na capital\"}]},{\"@type\":\"WebSite\",\"@id\":\"https:\\\/\\\/afogadosfm.com.br\\\/afogadosfm\\\/#website\",\"url\":\"https:\\\/\\\/afogadosfm.com.br\\\/afogadosfm\\\/\",\"name\":\"Afogados FM\",\"description\":\"Um site completo!\",\"publisher\":{\"@id\":\"https:\\\/\\\/afogadosfm.com.br\\\/afogadosfm\\\/#organization\"},\"potentialAction\":[{\"@type\":\"SearchAction\",\"target\":{\"@type\":\"EntryPoint\",\"urlTemplate\":\"https:\\\/\\\/afogadosfm.com.br\\\/afogadosfm\\\/?s={search_term_string}\"},\"query-input\":{\"@type\":\"PropertyValueSpecification\",\"valueRequired\":true,\"valueName\":\"search_term_string\"}}],\"inLanguage\":\"pt-BR\"},{\"@type\":\"Organization\",\"@id\":\"https:\\\/\\\/afogadosfm.com.br\\\/afogadosfm\\\/#organization\",\"name\":\"Afogados FM\",\"url\":\"https:\\\/\\\/afogadosfm.com.br\\\/afogadosfm\\\/\",\"logo\":{\"@type\":\"ImageObject\",\"inLanguage\":\"pt-BR\",\"@id\":\"https:\\\/\\\/afogadosfm.com.br\\\/afogadosfm\\\/#\\\/schema\\\/logo\\\/image\\\/\",\"url\":\"https:\\\/\\\/i0.wp.com\\\/afogadosfm.com.br\\\/afogadosfm\\\/wp-content\\\/uploads\\\/2020\\\/06\\\/cropped-banner-afogados-4.jpg?fit=369%2C137&ssl=1\",\"contentUrl\":\"https:\\\/\\\/i0.wp.com\\\/afogadosfm.com.br\\\/afogadosfm\\\/wp-content\\\/uploads\\\/2020\\\/06\\\/cropped-banner-afogados-4.jpg?fit=369%2C137&ssl=1\",\"width\":369,\"height\":137,\"caption\":\"Afogados FM\"},\"image\":{\"@id\":\"https:\\\/\\\/afogadosfm.com.br\\\/afogadosfm\\\/#\\\/schema\\\/logo\\\/image\\\/\"}},{\"@type\":\"Person\",\"@id\":\"https:\\\/\\\/afogadosfm.com.br\\\/afogadosfm\\\/#\\\/schema\\\/person\\\/60e56f2cf5dc960fc093fe093d9e9057\",\"name\":\"afogadosfm\",\"image\":{\"@type\":\"ImageObject\",\"inLanguage\":\"pt-BR\",\"@id\":\"https:\\\/\\\/secure.gravatar.com\\\/avatar\\\/e0359add7ed5dc3560906d861b52c6a8cf5c1e199d3a7dd85070998f49bd4701?s=96&d=mm&r=g\",\"url\":\"https:\\\/\\\/secure.gravatar.com\\\/avatar\\\/e0359add7ed5dc3560906d861b52c6a8cf5c1e199d3a7dd85070998f49bd4701?s=96&d=mm&r=g\",\"contentUrl\":\"https:\\\/\\\/secure.gravatar.com\\\/avatar\\\/e0359add7ed5dc3560906d861b52c6a8cf5c1e199d3a7dd85070998f49bd4701?s=96&d=mm&r=g\",\"caption\":\"afogadosfm\"},\"url\":\"https:\\\/\\\/afogadosfm.com.br\\\/afogadosfm\\\/author\\\/afogadosfm\\\/\"}]}<\/script>\n<!-- \/ Yoast SEO plugin. -->","yoast_head_json":{"title":"Prefeito de Iguaracy, Dr. Pedro Alves, prestigia posse do novo presidente do TCE-PE na capital - Afogados FM","robots":{"index":"index","follow":"follow","max-snippet":"max-snippet:-1","max-image-preview":"max-image-preview:large","max-video-preview":"max-video-preview:-1"},"canonical":"https:\/\/afogadosfm.com.br\/afogadosfm\/2026\/01\/16\/prefeito-de-iguaracy-dr-pedro-alves-prestigia-posse-do-novo-presidente-do-tce-pe-na-capital\/","og_locale":"pt_BR","og_type":"article","og_title":"Prefeito de Iguaracy, Dr. Pedro Alves, prestigia posse do novo presidente do TCE-PE na capital - Afogados FM","og_description":"O prefeito de Iguaracy, Dr. Pedro Alves de Oliveira Neto, participou na tarde da \u00faltima quinta-feira (15) da cerim\u00f4nia de","og_url":"https:\/\/afogadosfm.com.br\/afogadosfm\/2026\/01\/16\/prefeito-de-iguaracy-dr-pedro-alves-prestigia-posse-do-novo-presidente-do-tce-pe-na-capital\/","og_site_name":"Afogados FM","article_published_time":"2026-01-16T10:45:54+00:00","article_modified_time":"2026-01-16T10:45:55+00:00","og_image":[{"width":900,"height":1600,"url":"https:\/\/afogadosfm.com.br\/afogadosfm\/wp-content\/uploads\/2026\/01\/WhatsApp-Image-2026-01-16-at-07.30.47.jpeg","type":"image\/jpeg"}],"author":"afogadosfm","twitter_card":"summary_large_image","twitter_misc":{"Escrito por":"afogadosfm","Est. tempo de leitura":"1 minuto"},"schema":{"@context":"https:\/\/schema.org","@graph":[{"@type":"Article","@id":"https:\/\/afogadosfm.com.br\/afogadosfm\/2026\/01\/16\/prefeito-de-iguaracy-dr-pedro-alves-prestigia-posse-do-novo-presidente-do-tce-pe-na-capital\/#article","isPartOf":{"@id":"https:\/\/afogadosfm.com.br\/afogadosfm\/2026\/01\/16\/prefeito-de-iguaracy-dr-pedro-alves-prestigia-posse-do-novo-presidente-do-tce-pe-na-capital\/"},"author":{"name":"afogadosfm","@id":"https:\/\/afogadosfm.com.br\/afogadosfm\/#\/schema\/person\/60e56f2cf5dc960fc093fe093d9e9057"},"headline":"Prefeito de Iguaracy, Dr. Pedro Alves, prestigia posse do novo presidente do TCE-PE na capital","datePublished":"2026-01-16T10:45:54+00:00","dateModified":"2026-01-16T10:45:55+00:00","mainEntityOfPage":{"@id":"https:\/\/afogadosfm.com.br\/afogadosfm\/2026\/01\/16\/prefeito-de-iguaracy-dr-pedro-alves-prestigia-posse-do-novo-presidente-do-tce-pe-na-capital\/"},"wordCount":170,"commentCount":0,"publisher":{"@id":"https:\/\/afogadosfm.com.br\/afogadosfm\/#organization"},"image":{"@id":"https:\/\/afogadosfm.com.br\/afogadosfm\/2026\/01\/16\/prefeito-de-iguaracy-dr-pedro-alves-prestigia-posse-do-novo-presidente-do-tce-pe-na-capital\/#primaryimage"},"thumbnailUrl":"https:\/\/i0.wp.com\/afogadosfm.com.br\/afogadosfm\/wp-content\/uploads\/2026\/01\/WhatsApp-Image-2026-01-16-at-07.30.47.jpeg?fit=900%2C1600&ssl=1","articleSection":["Pol\u00edtica"],"inLanguage":"pt-BR","potentialAction":[{"@type":"CommentAction","name":"Comment","target":["https:\/\/afogadosfm.com.br\/afogadosfm\/2026\/01\/16\/prefeito-de-iguaracy-dr-pedro-alves-prestigia-posse-do-novo-presidente-do-tce-pe-na-capital\/#respond"]}]},{"@type":"WebPage","@id":"https:\/\/afogadosfm.com.br\/afogadosfm\/2026\/01\/16\/prefeito-de-iguaracy-dr-pedro-alves-prestigia-posse-do-novo-presidente-do-tce-pe-na-capital\/","url":"https:\/\/afogadosfm.com.br\/afogadosfm\/2026\/01\/16\/prefeito-de-iguaracy-dr-pedro-alves-prestigia-posse-do-novo-presidente-do-tce-pe-na-capital\/","name":"Prefeito de Iguaracy, Dr. Pedro Alves, prestigia posse do novo presidente do TCE-PE na capital - Afogados FM","isPartOf":{"@id":"https:\/\/afogadosfm.com.br\/afogadosfm\/#website"},"primaryImageOfPage":{"@id":"https:\/\/afogadosfm.com.br\/afogadosfm\/2026\/01\/16\/prefeito-de-iguaracy-dr-pedro-alves-prestigia-posse-do-novo-presidente-do-tce-pe-na-capital\/#primaryimage"},"image":{"@id":"https:\/\/afogadosfm.com.br\/afogadosfm\/2026\/01\/16\/prefeito-de-iguaracy-dr-pedro-alves-prestigia-posse-do-novo-presidente-do-tce-pe-na-capital\/#primaryimage"},"thumbnailUrl":"https:\/\/i0.wp.com\/afogadosfm.com.br\/afogadosfm\/wp-content\/uploads\/2026\/01\/WhatsApp-Image-2026-01-16-at-07.30.47.jpeg?fit=900%2C1600&ssl=1","datePublished":"2026-01-16T10:45:54+00:00","dateModified":"2026-01-16T10:45:55+00:00","breadcrumb":{"@id":"https:\/\/afogadosfm.com.br\/afogadosfm\/2026\/01\/16\/prefeito-de-iguaracy-dr-pedro-alves-prestigia-posse-do-novo-presidente-do-tce-pe-na-capital\/#breadcrumb"},"inLanguage":"pt-BR","potentialAction":[{"@type":"ReadAction","target":["https:\/\/afogadosfm.com.br\/afogadosfm\/2026\/01\/16\/prefeito-de-iguaracy-dr-pedro-alves-prestigia-posse-do-novo-presidente-do-tce-pe-na-capital\/"]}]},{"@type":"ImageObject","inLanguage":"pt-BR","@id":"https:\/\/afogadosfm.com.br\/afogadosfm\/2026\/01\/16\/prefeito-de-iguaracy-dr-pedro-alves-prestigia-posse-do-novo-presidente-do-tce-pe-na-capital\/#primaryimage","url":"https:\/\/i0.wp.com\/afogadosfm.com.br\/afogadosfm\/wp-content\/uploads\/2026\/01\/WhatsApp-Image-2026-01-16-at-07.30.47.jpeg?fit=900%2C1600&ssl=1","contentUrl":"https:\/\/i0.wp.com\/afogadosfm.com.br\/afogadosfm\/wp-content\/uploads\/2026\/01\/WhatsApp-Image-2026-01-16-at-07.30.47.jpeg?fit=900%2C1600&ssl=1","width":900,"height":1600},{"@type":"BreadcrumbList","@id":"https:\/\/afogadosfm.com.br\/afogadosfm\/2026\/01\/16\/prefeito-de-iguaracy-dr-pedro-alves-prestigia-posse-do-novo-presidente-do-tce-pe-na-capital\/#breadcrumb","itemListElement":[{"@type":"ListItem","position":1,"name":"In\u00edcio","item":"https:\/\/afogadosfm.com.br\/afogadosfm\/"},{"@type":"ListItem","position":2,"name":"Prefeito de Iguaracy, Dr. Pedro Alves, prestigia posse do novo presidente do TCE-PE na capital"}]},{"@type":"WebSite","@id":"https:\/\/afogadosfm.com.br\/afogadosfm\/#website","url":"https:\/\/afogadosfm.com.br\/afogadosfm\/","name":"Afogados FM","description":"Um site completo!","publisher":{"@id":"https:\/\/afogadosfm.com.br\/afogadosfm\/#organization"},"potentialAction":[{"@type":"SearchAction","target":{"@type":"EntryPoint","urlTemplate":"https:\/\/afogadosfm.com.br\/afogadosfm\/?s={search_term_string}"},"query-input":{"@type":"PropertyValueSpecification","valueRequired":true,"valueName":"search_term_string"}}],"inLanguage":"pt-BR"},{"@type":"Organization","@id":"https:\/\/afogadosfm.com.br\/afogadosfm\/#organization","name":"Afogados FM","url":"https:\/\/afogadosfm.com.br\/afogadosfm\/","logo":{"@type":"ImageObject","inLanguage":"pt-BR","@id":"https:\/\/afogadosfm.com.br\/afogadosfm\/#\/schema\/logo\/image\/","url":"https:\/\/i0.wp.com\/afogadosfm.com.br\/afogadosfm\/wp-content\/uploads\/2020\/06\/cropped-banner-afogados-4.jpg?fit=369%2C137&ssl=1","contentUrl":"https:\/\/i0.wp.com\/afogadosfm.com.br\/afogadosfm\/wp-content\/uploads\/2020\/06\/cropped-banner-afogados-4.jpg?fit=369%2C137&ssl=1","width":369,"height":137,"caption":"Afogados FM"},"image":{"@id":"https:\/\/afogadosfm.com.br\/afogadosfm\/#\/schema\/logo\/image\/"}},{"@type":"Person","@id":"https:\/\/afogadosfm.com.br\/afogadosfm\/#\/schema\/person\/60e56f2cf5dc960fc093fe093d9e9057","name":"afogadosfm","image":{"@type":"ImageObject","inLanguage":"pt-BR","@id":"https:\/\/secure.gravatar.com\/avatar\/e0359add7ed5dc3560906d861b52c6a8cf5c1e199d3a7dd85070998f49bd4701?s=96&d=mm&r=g","url":"https:\/\/secure.gravatar.com\/avatar\/e0359add7ed5dc3560906d861b52c6a8cf5c1e199d3a7dd85070998f49bd4701?s=96&d=mm&r=g","contentUrl":"https:\/\/secure.gravatar.com\/avatar\/e0359add7ed5dc3560906d861b52c6a8cf5c1e199d3a7dd85070998f49bd4701?s=96&d=mm&r=g","caption":"afogadosfm"},"url":"https:\/\/afogadosfm.com.br\/afogadosfm\/author\/afogadosfm\/"}]}},"jetpack_publicize_connections":[],"jetpack_featured_media_url":"https:\/\/i0.wp.com\/afogadosfm.com.br\/afogadosfm\/wp-content\/uploads\/2026\/01\/WhatsApp-Image-2026-01-16-at-07.30.47.jpeg?fit=900%2C1600&ssl=1","jetpack-related-posts":[],"jetpack_sharing_enabled":true,"jetpack_likes_enabled":true,"_links":{"self":[{"href":"https:\/\/afogadosfm.com.br\/afogadosfm\/wp-json\/wp\/v2\/posts\/72050","targetHints":{"allow":["GET"]}}],"collection":[{"href":"https:\/\/afogadosfm.com.br\/afogadosfm\/wp-json\/wp\/v2\/posts"}],"about":[{"href":"https:\/\/afogadosfm.com.br\/afogadosfm\/wp-json\/wp\/v2\/types\/post"}],"author":[{"embeddable":true,"href":"https:\/\/afogadosfm.com.br\/afogadosfm\/wp-json\/wp\/v2\/users\/2"}],"replies":[{"embeddable":true,"href":"https:\/\/afogadosfm.com.br\/afogadosfm\/wp-json\/wp\/v2\/comments?post=72050"}],"version-history":[{"count":1,"href":"https:\/\/afogadosfm.com.br\/afogadosfm\/wp-json\/wp\/v2\/posts\/72050\/revisions"}],"predecessor-version":[{"id":72052,"href":"https:\/\/afogadosfm.com.br\/afogadosfm\/wp-json\/wp\/v2\/posts\/72050\/revisions\/72052"}],"wp:featuredmedia":[{"embeddable":true,"href":"https:\/\/afogadosfm.com.br\/afogadosfm\/wp-json\/wp\/v2\/media\/72051"}],"wp:attachment":[{"href":"https:\/\/afogadosfm.com.br\/afogadosfm\/wp-json\/wp\/v2\/media?parent=72050"}],"wp:term":[{"taxonomy":"category","embeddable":true,"href":"https:\/\/afogadosfm.com.br\/afogadosfm\/wp-json\/wp\/v2\/categories?post=72050"},{"taxonomy":"post_tag","embeddable":true,"href":"https:\/\/afogadosfm.com.br\/afogadosfm\/wp-json\/wp\/v2\/tags?post=72050"}],"curies":[{"name":"wp","href":"https:\/\/api.w.org\/{rel}","templated":true}]}}