{"id":72066,"date":"2026-01-17T07:23:46","date_gmt":"2026-01-17T10:23:46","guid":{"rendered":"https:\/\/afogadosfm.com.br\/afogadosfm\/?p=72066"},"modified":"2026-01-17T07:23:47","modified_gmt":"2026-01-17T10:23:47","slug":"casal-de-musicos-pernambucanos-morreu-em-acidente-em-portugal","status":"publish","type":"post","link":"https:\/\/afogadosfm.com.br\/afogadosfm\/2026\/01\/17\/casal-de-musicos-pernambucanos-morreu-em-acidente-em-portugal\/","title":{"rendered":"Casal de m\u00fasicos pernambucanos morreu em acidente em Portugal"},"content":{"rendered":"\n<p>Dois m\u00fasicos pernambucanos morreram em um acidente de tr\u00e2nsito ocorrido na quinta-feira (15), em Portugal, onde viviam. As v\u00edtimas foram identificadas como Jardel de Souza e Adriana Nascimento, ambos com forma\u00e7\u00e3o pelo Conservat\u00f3rio Pernambucano de M\u00fasica (CPM) e com atua\u00e7\u00e3o reconhecida dentro e fora do Brasil.<\/p>\n\n\n\n<p>A morte do casal causou como\u00e7\u00e3o no meio art\u00edstico e educacional. Em nota oficial, o Conservat\u00f3rio destacou a trajet\u00f3ria dos ex-alunos, lembrando que Jardel e Adriana passaram pelo curso t\u00e9cnico da institui\u00e7\u00e3o e constru\u00edram carreiras marcadas pela dedica\u00e7\u00e3o \u00e0 m\u00fasica e pelo compromisso com a forma\u00e7\u00e3o art\u00edstica. Segundo o CPM, o trabalho desenvolvido pelos dois contribuiu para projetar o nome da escola em outros pa\u00edses.<\/p>\n\n\n\n<p>Al\u00e9m da atua\u00e7\u00e3o como m\u00fasicos, Jardel e Adriana tamb\u00e9m tiveram papel importante na educa\u00e7\u00e3o musical. Eles integraram o corpo docente do Projeto Aria Social, iniciativa voltada \u00e0 forma\u00e7\u00e3o de jovens por meio da m\u00fasica. O projeto tamb\u00e9m se manifestou publicamente, lamentando a perda e recordando apresenta\u00e7\u00f5es realizadas pelo casal, que eram refer\u00eancia para alunos e colegas.<\/p>\n\n\n\n<p>Em nota de pesar, o Conservat\u00f3rio Pernambucano de M\u00fasica ressaltou o legado art\u00edstico deixado por Jardel e Adriana e prestou solidariedade aos familiares, amigos e a todos que conviveram com os dois.<\/p>\n\n\n\n<p>A institui\u00e7\u00e3o destacou ainda que a contribui\u00e7\u00e3o do casal para a m\u00fasica e para a forma\u00e7\u00e3o de novos talentos permanece como parte de sua hist\u00f3ria. \u201cQue a mem\u00f3ria, o legado art\u00edstico e a contribui\u00e7\u00e3o de ambos para a m\u00fasica permane\u00e7am vivos em nossos cora\u00e7\u00f5es\u201d, diz a nota.<\/p>\n\n\n\n<p>Do DP<\/p>\n","protected":false},"excerpt":{"rendered":"<p>Dois m\u00fasicos pernambucanos morreram em um acidente de tr\u00e2nsito ocorrido na quinta-feira (15), em Portugal, onde viviam. As v\u00edtimas foram<\/p>\n","protected":false},"author":2,"featured_media":72067,"comment_status":"open","ping_status":"open","sticky":false,"template":"","format":"standard","meta":{"jetpack_post_was_ever_published":false,"_jetpack_newsletter_access":"","_jetpack_dont_email_post_to_subs":false,"_jetpack_newsletter_tier_id":0,"_jetpack_memberships_contains_paywalled_content":false,"_jetpack_memberships_contains_paid_content":false,"footnotes":"","jetpack_publicize_message":"","jetpack_publicize_feature_enabled":true,"jetpack_social_post_already_shared":true,"jetpack_social_options":{"image_generator_settings":{"template":"highway","default_image_id":0,"font":"","enabled":false},"version":2}},"categories":[13],"tags":[],"class_list":["post-72066","post","type-post","status-publish","format-standard","has-post-thumbnail","hentry","category-pernambuco"],"yoast_head":"<!-- This site is optimized with the Yoast SEO plugin v27.5 - https:\/\/yoast.com\/product\/yoast-seo-wordpress\/ -->\n<title>Casal de m\u00fasicos pernambucanos morreu em acidente em Portugal - Afogados FM<\/title>\n<meta name=\"robots\" content=\"index, follow, max-snippet:-1, max-image-preview:large, max-video-preview:-1\" \/>\n<link rel=\"canonical\" href=\"https:\/\/afogadosfm.com.br\/afogadosfm\/2026\/01\/17\/casal-de-musicos-pernambucanos-morreu-em-acidente-em-portugal\/\" \/>\n<meta property=\"og:locale\" content=\"pt_BR\" \/>\n<meta property=\"og:type\" content=\"article\" \/>\n<meta property=\"og:title\" content=\"Casal de m\u00fasicos pernambucanos morreu em acidente em Portugal - Afogados FM\" \/>\n<meta property=\"og:description\" content=\"Dois m\u00fasicos pernambucanos morreram em um acidente de tr\u00e2nsito ocorrido na quinta-feira (15), em Portugal, onde viviam. As v\u00edtimas foram\" \/>\n<meta property=\"og:url\" content=\"https:\/\/afogadosfm.com.br\/afogadosfm\/2026\/01\/17\/casal-de-musicos-pernambucanos-morreu-em-acidente-em-portugal\/\" \/>\n<meta property=\"og:site_name\" content=\"Afogados FM\" \/>\n<meta property=\"article:published_time\" content=\"2026-01-17T10:23:46+00:00\" \/>\n<meta property=\"article:modified_time\" content=\"2026-01-17T10:23:47+00:00\" \/>\n<meta property=\"og:image\" content=\"https:\/\/afogadosfm.com.br\/afogadosfm\/wp-content\/uploads\/2026\/01\/casal_pernambucano_morre_em_portugal-832802.jpeg\" \/>\n\t<meta property=\"og:image:width\" content=\"578\" \/>\n\t<meta property=\"og:image:height\" content=\"462\" \/>\n\t<meta property=\"og:image:type\" content=\"image\/jpeg\" \/>\n<meta name=\"author\" content=\"afogadosfm\" \/>\n<meta name=\"twitter:card\" content=\"summary_large_image\" \/>\n<meta name=\"twitter:label1\" content=\"Escrito por\" \/>\n\t<meta name=\"twitter:data1\" content=\"afogadosfm\" \/>\n\t<meta name=\"twitter:label2\" content=\"Est. tempo de leitura\" \/>\n\t<meta name=\"twitter:data2\" content=\"2 minutos\" \/>\n<script type=\"application\/ld+json\" class=\"yoast-schema-graph\">{\"@context\":\"https:\\\/\\\/schema.org\",\"@graph\":[{\"@type\":\"Article\",\"@id\":\"https:\\\/\\\/afogadosfm.com.br\\\/afogadosfm\\\/2026\\\/01\\\/17\\\/casal-de-musicos-pernambucanos-morreu-em-acidente-em-portugal\\\/#article\",\"isPartOf\":{\"@id\":\"https:\\\/\\\/afogadosfm.com.br\\\/afogadosfm\\\/2026\\\/01\\\/17\\\/casal-de-musicos-pernambucanos-morreu-em-acidente-em-portugal\\\/\"},\"author\":{\"name\":\"afogadosfm\",\"@id\":\"https:\\\/\\\/afogadosfm.com.br\\\/afogadosfm\\\/#\\\/schema\\\/person\\\/60e56f2cf5dc960fc093fe093d9e9057\"},\"headline\":\"Casal de m\u00fasicos pernambucanos morreu em acidente em Portugal\",\"datePublished\":\"2026-01-17T10:23:46+00:00\",\"dateModified\":\"2026-01-17T10:23:47+00:00\",\"mainEntityOfPage\":{\"@id\":\"https:\\\/\\\/afogadosfm.com.br\\\/afogadosfm\\\/2026\\\/01\\\/17\\\/casal-de-musicos-pernambucanos-morreu-em-acidente-em-portugal\\\/\"},\"wordCount\":298,\"commentCount\":0,\"publisher\":{\"@id\":\"https:\\\/\\\/afogadosfm.com.br\\\/afogadosfm\\\/#organization\"},\"image\":{\"@id\":\"https:\\\/\\\/afogadosfm.com.br\\\/afogadosfm\\\/2026\\\/01\\\/17\\\/casal-de-musicos-pernambucanos-morreu-em-acidente-em-portugal\\\/#primaryimage\"},\"thumbnailUrl\":\"https:\\\/\\\/i0.wp.com\\\/afogadosfm.com.br\\\/afogadosfm\\\/wp-content\\\/uploads\\\/2026\\\/01\\\/casal_pernambucano_morre_em_portugal-832802.jpeg?fit=578%2C462&ssl=1\",\"articleSection\":[\"Pernambuco\"],\"inLanguage\":\"pt-BR\",\"potentialAction\":[{\"@type\":\"CommentAction\",\"name\":\"Comment\",\"target\":[\"https:\\\/\\\/afogadosfm.com.br\\\/afogadosfm\\\/2026\\\/01\\\/17\\\/casal-de-musicos-pernambucanos-morreu-em-acidente-em-portugal\\\/#respond\"]}]},{\"@type\":\"WebPage\",\"@id\":\"https:\\\/\\\/afogadosfm.com.br\\\/afogadosfm\\\/2026\\\/01\\\/17\\\/casal-de-musicos-pernambucanos-morreu-em-acidente-em-portugal\\\/\",\"url\":\"https:\\\/\\\/afogadosfm.com.br\\\/afogadosfm\\\/2026\\\/01\\\/17\\\/casal-de-musicos-pernambucanos-morreu-em-acidente-em-portugal\\\/\",\"name\":\"Casal de m\u00fasicos pernambucanos morreu em acidente em Portugal - Afogados FM\",\"isPartOf\":{\"@id\":\"https:\\\/\\\/afogadosfm.com.br\\\/afogadosfm\\\/#website\"},\"primaryImageOfPage\":{\"@id\":\"https:\\\/\\\/afogadosfm.com.br\\\/afogadosfm\\\/2026\\\/01\\\/17\\\/casal-de-musicos-pernambucanos-morreu-em-acidente-em-portugal\\\/#primaryimage\"},\"image\":{\"@id\":\"https:\\\/\\\/afogadosfm.com.br\\\/afogadosfm\\\/2026\\\/01\\\/17\\\/casal-de-musicos-pernambucanos-morreu-em-acidente-em-portugal\\\/#primaryimage\"},\"thumbnailUrl\":\"https:\\\/\\\/i0.wp.com\\\/afogadosfm.com.br\\\/afogadosfm\\\/wp-content\\\/uploads\\\/2026\\\/01\\\/casal_pernambucano_morre_em_portugal-832802.jpeg?fit=578%2C462&ssl=1\",\"datePublished\":\"2026-01-17T10:23:46+00:00\",\"dateModified\":\"2026-01-17T10:23:47+00:00\",\"breadcrumb\":{\"@id\":\"https:\\\/\\\/afogadosfm.com.br\\\/afogadosfm\\\/2026\\\/01\\\/17\\\/casal-de-musicos-pernambucanos-morreu-em-acidente-em-portugal\\\/#breadcrumb\"},\"inLanguage\":\"pt-BR\",\"potentialAction\":[{\"@type\":\"ReadAction\",\"target\":[\"https:\\\/\\\/afogadosfm.com.br\\\/afogadosfm\\\/2026\\\/01\\\/17\\\/casal-de-musicos-pernambucanos-morreu-em-acidente-em-portugal\\\/\"]}]},{\"@type\":\"ImageObject\",\"inLanguage\":\"pt-BR\",\"@id\":\"https:\\\/\\\/afogadosfm.com.br\\\/afogadosfm\\\/2026\\\/01\\\/17\\\/casal-de-musicos-pernambucanos-morreu-em-acidente-em-portugal\\\/#primaryimage\",\"url\":\"https:\\\/\\\/i0.wp.com\\\/afogadosfm.com.br\\\/afogadosfm\\\/wp-content\\\/uploads\\\/2026\\\/01\\\/casal_pernambucano_morre_em_portugal-832802.jpeg?fit=578%2C462&ssl=1\",\"contentUrl\":\"https:\\\/\\\/i0.wp.com\\\/afogadosfm.com.br\\\/afogadosfm\\\/wp-content\\\/uploads\\\/2026\\\/01\\\/casal_pernambucano_morre_em_portugal-832802.jpeg?fit=578%2C462&ssl=1\",\"width\":578,\"height\":462},{\"@type\":\"BreadcrumbList\",\"@id\":\"https:\\\/\\\/afogadosfm.com.br\\\/afogadosfm\\\/2026\\\/01\\\/17\\\/casal-de-musicos-pernambucanos-morreu-em-acidente-em-portugal\\\/#breadcrumb\",\"itemListElement\":[{\"@type\":\"ListItem\",\"position\":1,\"name\":\"In\u00edcio\",\"item\":\"https:\\\/\\\/afogadosfm.com.br\\\/afogadosfm\\\/\"},{\"@type\":\"ListItem\",\"position\":2,\"name\":\"Casal de m\u00fasicos pernambucanos morreu em acidente em Portugal\"}]},{\"@type\":\"WebSite\",\"@id\":\"https:\\\/\\\/afogadosfm.com.br\\\/afogadosfm\\\/#website\",\"url\":\"https:\\\/\\\/afogadosfm.com.br\\\/afogadosfm\\\/\",\"name\":\"Afogados FM\",\"description\":\"Um site completo!\",\"publisher\":{\"@id\":\"https:\\\/\\\/afogadosfm.com.br\\\/afogadosfm\\\/#organization\"},\"potentialAction\":[{\"@type\":\"SearchAction\",\"target\":{\"@type\":\"EntryPoint\",\"urlTemplate\":\"https:\\\/\\\/afogadosfm.com.br\\\/afogadosfm\\\/?s={search_term_string}\"},\"query-input\":{\"@type\":\"PropertyValueSpecification\",\"valueRequired\":true,\"valueName\":\"search_term_string\"}}],\"inLanguage\":\"pt-BR\"},{\"@type\":\"Organization\",\"@id\":\"https:\\\/\\\/afogadosfm.com.br\\\/afogadosfm\\\/#organization\",\"name\":\"Afogados FM\",\"url\":\"https:\\\/\\\/afogadosfm.com.br\\\/afogadosfm\\\/\",\"logo\":{\"@type\":\"ImageObject\",\"inLanguage\":\"pt-BR\",\"@id\":\"https:\\\/\\\/afogadosfm.com.br\\\/afogadosfm\\\/#\\\/schema\\\/logo\\\/image\\\/\",\"url\":\"https:\\\/\\\/i0.wp.com\\\/afogadosfm.com.br\\\/afogadosfm\\\/wp-content\\\/uploads\\\/2020\\\/06\\\/cropped-banner-afogados-4.jpg?fit=369%2C137&ssl=1\",\"contentUrl\":\"https:\\\/\\\/i0.wp.com\\\/afogadosfm.com.br\\\/afogadosfm\\\/wp-content\\\/uploads\\\/2020\\\/06\\\/cropped-banner-afogados-4.jpg?fit=369%2C137&ssl=1\",\"width\":369,\"height\":137,\"caption\":\"Afogados FM\"},\"image\":{\"@id\":\"https:\\\/\\\/afogadosfm.com.br\\\/afogadosfm\\\/#\\\/schema\\\/logo\\\/image\\\/\"}},{\"@type\":\"Person\",\"@id\":\"https:\\\/\\\/afogadosfm.com.br\\\/afogadosfm\\\/#\\\/schema\\\/person\\\/60e56f2cf5dc960fc093fe093d9e9057\",\"name\":\"afogadosfm\",\"image\":{\"@type\":\"ImageObject\",\"inLanguage\":\"pt-BR\",\"@id\":\"https:\\\/\\\/secure.gravatar.com\\\/avatar\\\/e0359add7ed5dc3560906d861b52c6a8cf5c1e199d3a7dd85070998f49bd4701?s=96&d=mm&r=g\",\"url\":\"https:\\\/\\\/secure.gravatar.com\\\/avatar\\\/e0359add7ed5dc3560906d861b52c6a8cf5c1e199d3a7dd85070998f49bd4701?s=96&d=mm&r=g\",\"contentUrl\":\"https:\\\/\\\/secure.gravatar.com\\\/avatar\\\/e0359add7ed5dc3560906d861b52c6a8cf5c1e199d3a7dd85070998f49bd4701?s=96&d=mm&r=g\",\"caption\":\"afogadosfm\"},\"url\":\"https:\\\/\\\/afogadosfm.com.br\\\/afogadosfm\\\/author\\\/afogadosfm\\\/\"}]}<\/script>\n<!-- \/ Yoast SEO plugin. -->","yoast_head_json":{"title":"Casal de m\u00fasicos pernambucanos morreu em acidente em Portugal - Afogados FM","robots":{"index":"index","follow":"follow","max-snippet":"max-snippet:-1","max-image-preview":"max-image-preview:large","max-video-preview":"max-video-preview:-1"},"canonical":"https:\/\/afogadosfm.com.br\/afogadosfm\/2026\/01\/17\/casal-de-musicos-pernambucanos-morreu-em-acidente-em-portugal\/","og_locale":"pt_BR","og_type":"article","og_title":"Casal de m\u00fasicos pernambucanos morreu em acidente em Portugal - Afogados FM","og_description":"Dois m\u00fasicos pernambucanos morreram em um acidente de tr\u00e2nsito ocorrido na quinta-feira (15), em Portugal, onde viviam. As v\u00edtimas foram","og_url":"https:\/\/afogadosfm.com.br\/afogadosfm\/2026\/01\/17\/casal-de-musicos-pernambucanos-morreu-em-acidente-em-portugal\/","og_site_name":"Afogados FM","article_published_time":"2026-01-17T10:23:46+00:00","article_modified_time":"2026-01-17T10:23:47+00:00","og_image":[{"width":578,"height":462,"url":"https:\/\/afogadosfm.com.br\/afogadosfm\/wp-content\/uploads\/2026\/01\/casal_pernambucano_morre_em_portugal-832802.jpeg","type":"image\/jpeg"}],"author":"afogadosfm","twitter_card":"summary_large_image","twitter_misc":{"Escrito por":"afogadosfm","Est. tempo de leitura":"2 minutos"},"schema":{"@context":"https:\/\/schema.org","@graph":[{"@type":"Article","@id":"https:\/\/afogadosfm.com.br\/afogadosfm\/2026\/01\/17\/casal-de-musicos-pernambucanos-morreu-em-acidente-em-portugal\/#article","isPartOf":{"@id":"https:\/\/afogadosfm.com.br\/afogadosfm\/2026\/01\/17\/casal-de-musicos-pernambucanos-morreu-em-acidente-em-portugal\/"},"author":{"name":"afogadosfm","@id":"https:\/\/afogadosfm.com.br\/afogadosfm\/#\/schema\/person\/60e56f2cf5dc960fc093fe093d9e9057"},"headline":"Casal de m\u00fasicos pernambucanos morreu em acidente em Portugal","datePublished":"2026-01-17T10:23:46+00:00","dateModified":"2026-01-17T10:23:47+00:00","mainEntityOfPage":{"@id":"https:\/\/afogadosfm.com.br\/afogadosfm\/2026\/01\/17\/casal-de-musicos-pernambucanos-morreu-em-acidente-em-portugal\/"},"wordCount":298,"commentCount":0,"publisher":{"@id":"https:\/\/afogadosfm.com.br\/afogadosfm\/#organization"},"image":{"@id":"https:\/\/afogadosfm.com.br\/afogadosfm\/2026\/01\/17\/casal-de-musicos-pernambucanos-morreu-em-acidente-em-portugal\/#primaryimage"},"thumbnailUrl":"https:\/\/i0.wp.com\/afogadosfm.com.br\/afogadosfm\/wp-content\/uploads\/2026\/01\/casal_pernambucano_morre_em_portugal-832802.jpeg?fit=578%2C462&ssl=1","articleSection":["Pernambuco"],"inLanguage":"pt-BR","potentialAction":[{"@type":"CommentAction","name":"Comment","target":["https:\/\/afogadosfm.com.br\/afogadosfm\/2026\/01\/17\/casal-de-musicos-pernambucanos-morreu-em-acidente-em-portugal\/#respond"]}]},{"@type":"WebPage","@id":"https:\/\/afogadosfm.com.br\/afogadosfm\/2026\/01\/17\/casal-de-musicos-pernambucanos-morreu-em-acidente-em-portugal\/","url":"https:\/\/afogadosfm.com.br\/afogadosfm\/2026\/01\/17\/casal-de-musicos-pernambucanos-morreu-em-acidente-em-portugal\/","name":"Casal de m\u00fasicos pernambucanos morreu em acidente em Portugal - Afogados FM","isPartOf":{"@id":"https:\/\/afogadosfm.com.br\/afogadosfm\/#website"},"primaryImageOfPage":{"@id":"https:\/\/afogadosfm.com.br\/afogadosfm\/2026\/01\/17\/casal-de-musicos-pernambucanos-morreu-em-acidente-em-portugal\/#primaryimage"},"image":{"@id":"https:\/\/afogadosfm.com.br\/afogadosfm\/2026\/01\/17\/casal-de-musicos-pernambucanos-morreu-em-acidente-em-portugal\/#primaryimage"},"thumbnailUrl":"https:\/\/i0.wp.com\/afogadosfm.com.br\/afogadosfm\/wp-content\/uploads\/2026\/01\/casal_pernambucano_morre_em_portugal-832802.jpeg?fit=578%2C462&ssl=1","datePublished":"2026-01-17T10:23:46+00:00","dateModified":"2026-01-17T10:23:47+00:00","breadcrumb":{"@id":"https:\/\/afogadosfm.com.br\/afogadosfm\/2026\/01\/17\/casal-de-musicos-pernambucanos-morreu-em-acidente-em-portugal\/#breadcrumb"},"inLanguage":"pt-BR","potentialAction":[{"@type":"ReadAction","target":["https:\/\/afogadosfm.com.br\/afogadosfm\/2026\/01\/17\/casal-de-musicos-pernambucanos-morreu-em-acidente-em-portugal\/"]}]},{"@type":"ImageObject","inLanguage":"pt-BR","@id":"https:\/\/afogadosfm.com.br\/afogadosfm\/2026\/01\/17\/casal-de-musicos-pernambucanos-morreu-em-acidente-em-portugal\/#primaryimage","url":"https:\/\/i0.wp.com\/afogadosfm.com.br\/afogadosfm\/wp-content\/uploads\/2026\/01\/casal_pernambucano_morre_em_portugal-832802.jpeg?fit=578%2C462&ssl=1","contentUrl":"https:\/\/i0.wp.com\/afogadosfm.com.br\/afogadosfm\/wp-content\/uploads\/2026\/01\/casal_pernambucano_morre_em_portugal-832802.jpeg?fit=578%2C462&ssl=1","width":578,"height":462},{"@type":"BreadcrumbList","@id":"https:\/\/afogadosfm.com.br\/afogadosfm\/2026\/01\/17\/casal-de-musicos-pernambucanos-morreu-em-acidente-em-portugal\/#breadcrumb","itemListElement":[{"@type":"ListItem","position":1,"name":"In\u00edcio","item":"https:\/\/afogadosfm.com.br\/afogadosfm\/"},{"@type":"ListItem","position":2,"name":"Casal de m\u00fasicos pernambucanos morreu em acidente em Portugal"}]},{"@type":"WebSite","@id":"https:\/\/afogadosfm.com.br\/afogadosfm\/#website","url":"https:\/\/afogadosfm.com.br\/afogadosfm\/","name":"Afogados FM","description":"Um site completo!","publisher":{"@id":"https:\/\/afogadosfm.com.br\/afogadosfm\/#organization"},"potentialAction":[{"@type":"SearchAction","target":{"@type":"EntryPoint","urlTemplate":"https:\/\/afogadosfm.com.br\/afogadosfm\/?s={search_term_string}"},"query-input":{"@type":"PropertyValueSpecification","valueRequired":true,"valueName":"search_term_string"}}],"inLanguage":"pt-BR"},{"@type":"Organization","@id":"https:\/\/afogadosfm.com.br\/afogadosfm\/#organization","name":"Afogados FM","url":"https:\/\/afogadosfm.com.br\/afogadosfm\/","logo":{"@type":"ImageObject","inLanguage":"pt-BR","@id":"https:\/\/afogadosfm.com.br\/afogadosfm\/#\/schema\/logo\/image\/","url":"https:\/\/i0.wp.com\/afogadosfm.com.br\/afogadosfm\/wp-content\/uploads\/2020\/06\/cropped-banner-afogados-4.jpg?fit=369%2C137&ssl=1","contentUrl":"https:\/\/i0.wp.com\/afogadosfm.com.br\/afogadosfm\/wp-content\/uploads\/2020\/06\/cropped-banner-afogados-4.jpg?fit=369%2C137&ssl=1","width":369,"height":137,"caption":"Afogados FM"},"image":{"@id":"https:\/\/afogadosfm.com.br\/afogadosfm\/#\/schema\/logo\/image\/"}},{"@type":"Person","@id":"https:\/\/afogadosfm.com.br\/afogadosfm\/#\/schema\/person\/60e56f2cf5dc960fc093fe093d9e9057","name":"afogadosfm","image":{"@type":"ImageObject","inLanguage":"pt-BR","@id":"https:\/\/secure.gravatar.com\/avatar\/e0359add7ed5dc3560906d861b52c6a8cf5c1e199d3a7dd85070998f49bd4701?s=96&d=mm&r=g","url":"https:\/\/secure.gravatar.com\/avatar\/e0359add7ed5dc3560906d861b52c6a8cf5c1e199d3a7dd85070998f49bd4701?s=96&d=mm&r=g","contentUrl":"https:\/\/secure.gravatar.com\/avatar\/e0359add7ed5dc3560906d861b52c6a8cf5c1e199d3a7dd85070998f49bd4701?s=96&d=mm&r=g","caption":"afogadosfm"},"url":"https:\/\/afogadosfm.com.br\/afogadosfm\/author\/afogadosfm\/"}]}},"jetpack_publicize_connections":[],"jetpack_featured_media_url":"https:\/\/i0.wp.com\/afogadosfm.com.br\/afogadosfm\/wp-content\/uploads\/2026\/01\/casal_pernambucano_morre_em_portugal-832802.jpeg?fit=578%2C462&ssl=1","jetpack-related-posts":[],"jetpack_sharing_enabled":true,"jetpack_likes_enabled":true,"_links":{"self":[{"href":"https:\/\/afogadosfm.com.br\/afogadosfm\/wp-json\/wp\/v2\/posts\/72066","targetHints":{"allow":["GET"]}}],"collection":[{"href":"https:\/\/afogadosfm.com.br\/afogadosfm\/wp-json\/wp\/v2\/posts"}],"about":[{"href":"https:\/\/afogadosfm.com.br\/afogadosfm\/wp-json\/wp\/v2\/types\/post"}],"author":[{"embeddable":true,"href":"https:\/\/afogadosfm.com.br\/afogadosfm\/wp-json\/wp\/v2\/users\/2"}],"replies":[{"embeddable":true,"href":"https:\/\/afogadosfm.com.br\/afogadosfm\/wp-json\/wp\/v2\/comments?post=72066"}],"version-history":[{"count":1,"href":"https:\/\/afogadosfm.com.br\/afogadosfm\/wp-json\/wp\/v2\/posts\/72066\/revisions"}],"predecessor-version":[{"id":72068,"href":"https:\/\/afogadosfm.com.br\/afogadosfm\/wp-json\/wp\/v2\/posts\/72066\/revisions\/72068"}],"wp:featuredmedia":[{"embeddable":true,"href":"https:\/\/afogadosfm.com.br\/afogadosfm\/wp-json\/wp\/v2\/media\/72067"}],"wp:attachment":[{"href":"https:\/\/afogadosfm.com.br\/afogadosfm\/wp-json\/wp\/v2\/media?parent=72066"}],"wp:term":[{"taxonomy":"category","embeddable":true,"href":"https:\/\/afogadosfm.com.br\/afogadosfm\/wp-json\/wp\/v2\/categories?post=72066"},{"taxonomy":"post_tag","embeddable":true,"href":"https:\/\/afogadosfm.com.br\/afogadosfm\/wp-json\/wp\/v2\/tags?post=72066"}],"curies":[{"name":"wp","href":"https:\/\/api.w.org\/{rel}","templated":true}]}}