{"id":72077,"date":"2026-01-17T07:30:51","date_gmt":"2026-01-17T10:30:51","guid":{"rendered":"https:\/\/afogadosfm.com.br\/afogadosfm\/?p=72077"},"modified":"2026-01-17T07:30:52","modified_gmt":"2026-01-17T10:30:52","slug":"2026-13-feriados-bancarios-agencias-nao-abrirao-ao-publico","status":"publish","type":"post","link":"https:\/\/afogadosfm.com.br\/afogadosfm\/2026\/01\/17\/2026-13-feriados-bancarios-agencias-nao-abrirao-ao-publico\/","title":{"rendered":"2026: 13 feriados banc\u00e1rios; ag\u00eancias n\u00e3o abrir\u00e3o ao p\u00fablico"},"content":{"rendered":"\n<p>O ano de 2026 contar\u00e1 com 13 feriados nacionais em que n\u00e3o haver\u00e1 expediente banc\u00e1rio, de acordo com o calend\u00e1rio divulgado pela Federa\u00e7\u00e3o Brasileira de Bancos (Febraban). Entre eles, est\u00e1 o Dia da Proclama\u00e7\u00e3o da Rep\u00fablica, que cai no domingo, 15 de novembro, data em que as ag\u00eancias j\u00e1 n\u00e3o atendem ao p\u00fablico.<\/p>\n\n\n\n<p>O calend\u00e1rio segue as regras da Resolu\u00e7\u00e3o n\u00ba 4.880, de 23 de dezembro de 2020, do Conselho Monet\u00e1rio Nacional, que estabelece que s\u00e1bados, domingos e feriados nacionais n\u00e3o s\u00e3o considerados dias \u00fateis para opera\u00e7\u00f5es banc\u00e1rias. Nesses dias, n\u00e3o h\u00e1 compensa\u00e7\u00e3o banc\u00e1ria nem atendimento presencial nas ag\u00eancias.<\/p>\n\n\n\n<p>Entre os feriados banc\u00e1rios nacionais de 2026 est\u00e3o:<\/p>\n\n\n\n<p>\u2022 Carnaval: 16 e 17 de fevereiro<\/p>\n\n\n\n<p>\u2022 Sexta-Feira da Paix\u00e3o: 3 de abril<\/p>\n\n\n\n<p>\u2022 Dia de Tiradentes: 21 de abril<\/p>\n\n\n\n<p>\u2022 Dia do Trabalho: 1\u00ba de maio<\/p>\n\n\n\n<p>\u2022 Corpus Christi: 4 de junho<\/p>\n\n\n\n<p>\u2022 Independ\u00eancia do Brasil: 7 de setembro<\/p>\n\n\n\n<p>\u2022 Nossa Senhora Aparecida: 12 de outubro<\/p>\n\n\n\n<p>\u2022 Dia de Finados: 2 de novembro<\/p>\n\n\n\n<p>\u2022 Dia da Consci\u00eancia Negra: 20 de novembro<\/p>\n\n\n\n<p>\u2022 Natal: 25 de dezembro<\/p>\n\n\n\n<p>Al\u00e9m dos feriados, o ano ter\u00e1 dois dias com expediente diferenciado:<\/p>\n\n\n\n<p>\u2022 Quarta-Feira de Cinzas (18 de fevereiro): atendimento a partir do meio-dia, respeitando o hor\u00e1rio local das ag\u00eancias. Nas localidades em que o fechamento ocorre antes das 15h, o expediente ser\u00e1 ajustado para garantir pelo menos tr\u00eas horas de atendimento.<\/p>\n\n\n\n<p>\u2022 31 de dezembro: \u00faltimo dia \u00fatil do ano, sem atendimento ao p\u00fablico; apenas opera\u00e7\u00f5es entre institui\u00e7\u00f5es financeiras estar\u00e3o permitidas.<\/p>\n\n\n\n<p>A Febraban recomenda que os clientes utilizem preferencialmente os canais digitais, como aplicativos e internet banking, para realizar pagamentos, transfer\u00eancias e demais servi\u00e7os nos dias sem atendimento presencial. A entidade destaca que praticamente todas as opera\u00e7\u00f5es podem ser feitas de forma remota, com seguran\u00e7a e comodidade.<\/p>\n\n\n\n<p>Vencimentos de contas e tributos<\/p>\n\n\n\n<p>Boletos de consumo, como \u00e1gua, energia el\u00e9trica, telefone e outros, que vencem em feriados ou no \u00faltimo dia \u00fatil do ano, podem ser pagos no pr\u00f3ximo dia \u00fatil sem acr\u00e9scimo. J\u00e1 os tributos geralmente t\u00eam seus prazos ajustados de acordo com o calend\u00e1rio oficial de feriados.<\/p>\n","protected":false},"excerpt":{"rendered":"<p>O ano de 2026 contar\u00e1 com 13 feriados nacionais em que n\u00e3o haver\u00e1 expediente banc\u00e1rio, de acordo com o calend\u00e1rio<\/p>\n","protected":false},"author":2,"featured_media":36932,"comment_status":"open","ping_status":"open","sticky":false,"template":"","format":"standard","meta":{"jetpack_post_was_ever_published":false,"_jetpack_newsletter_access":"","_jetpack_dont_email_post_to_subs":false,"_jetpack_newsletter_tier_id":0,"_jetpack_memberships_contains_paywalled_content":false,"_jetpack_memberships_contains_paid_content":false,"footnotes":"","jetpack_publicize_message":"","jetpack_publicize_feature_enabled":true,"jetpack_social_post_already_shared":true,"jetpack_social_options":{"image_generator_settings":{"template":"highway","default_image_id":0,"font":"","enabled":false},"version":2}},"categories":[12],"tags":[],"class_list":["post-72077","post","type-post","status-publish","format-standard","has-post-thumbnail","hentry","category-brasil"],"yoast_head":"<!-- This site is optimized with the Yoast SEO plugin v27.5 - https:\/\/yoast.com\/product\/yoast-seo-wordpress\/ -->\n<title>2026: 13 feriados banc\u00e1rios; ag\u00eancias n\u00e3o abrir\u00e3o ao p\u00fablico - Afogados FM<\/title>\n<meta name=\"robots\" content=\"index, follow, max-snippet:-1, max-image-preview:large, max-video-preview:-1\" \/>\n<link rel=\"canonical\" href=\"https:\/\/afogadosfm.com.br\/afogadosfm\/2026\/01\/17\/2026-13-feriados-bancarios-agencias-nao-abrirao-ao-publico\/\" \/>\n<meta property=\"og:locale\" content=\"pt_BR\" \/>\n<meta property=\"og:type\" content=\"article\" \/>\n<meta property=\"og:title\" content=\"2026: 13 feriados banc\u00e1rios; ag\u00eancias n\u00e3o abrir\u00e3o ao p\u00fablico - Afogados FM\" \/>\n<meta property=\"og:description\" content=\"O ano de 2026 contar\u00e1 com 13 feriados nacionais em que n\u00e3o haver\u00e1 expediente banc\u00e1rio, de acordo com o calend\u00e1rio\" \/>\n<meta property=\"og:url\" content=\"https:\/\/afogadosfm.com.br\/afogadosfm\/2026\/01\/17\/2026-13-feriados-bancarios-agencias-nao-abrirao-ao-publico\/\" \/>\n<meta property=\"og:site_name\" content=\"Afogados FM\" \/>\n<meta property=\"article:published_time\" content=\"2026-01-17T10:30:51+00:00\" \/>\n<meta property=\"article:modified_time\" content=\"2026-01-17T10:30:52+00:00\" \/>\n<meta property=\"og:image\" content=\"https:\/\/afogadosfm.com.br\/afogadosfm\/wp-content\/uploads\/2022\/04\/feriado.jpg\" \/>\n\t<meta property=\"og:image:width\" content=\"278\" \/>\n\t<meta property=\"og:image:height\" content=\"180\" \/>\n\t<meta property=\"og:image:type\" content=\"image\/jpeg\" \/>\n<meta name=\"author\" content=\"afogadosfm\" \/>\n<meta name=\"twitter:card\" content=\"summary_large_image\" \/>\n<meta name=\"twitter:label1\" content=\"Escrito por\" \/>\n\t<meta name=\"twitter:data1\" content=\"afogadosfm\" \/>\n\t<meta name=\"twitter:label2\" content=\"Est. tempo de leitura\" \/>\n\t<meta name=\"twitter:data2\" content=\"3 minutos\" \/>\n<script type=\"application\/ld+json\" class=\"yoast-schema-graph\">{\"@context\":\"https:\\\/\\\/schema.org\",\"@graph\":[{\"@type\":\"Article\",\"@id\":\"https:\\\/\\\/afogadosfm.com.br\\\/afogadosfm\\\/2026\\\/01\\\/17\\\/2026-13-feriados-bancarios-agencias-nao-abrirao-ao-publico\\\/#article\",\"isPartOf\":{\"@id\":\"https:\\\/\\\/afogadosfm.com.br\\\/afogadosfm\\\/2026\\\/01\\\/17\\\/2026-13-feriados-bancarios-agencias-nao-abrirao-ao-publico\\\/\"},\"author\":{\"name\":\"afogadosfm\",\"@id\":\"https:\\\/\\\/afogadosfm.com.br\\\/afogadosfm\\\/#\\\/schema\\\/person\\\/60e56f2cf5dc960fc093fe093d9e9057\"},\"headline\":\"2026: 13 feriados banc\u00e1rios; ag\u00eancias n\u00e3o abrir\u00e3o ao p\u00fablico\",\"datePublished\":\"2026-01-17T10:30:51+00:00\",\"dateModified\":\"2026-01-17T10:30:52+00:00\",\"mainEntityOfPage\":{\"@id\":\"https:\\\/\\\/afogadosfm.com.br\\\/afogadosfm\\\/2026\\\/01\\\/17\\\/2026-13-feriados-bancarios-agencias-nao-abrirao-ao-publico\\\/\"},\"wordCount\":366,\"commentCount\":0,\"publisher\":{\"@id\":\"https:\\\/\\\/afogadosfm.com.br\\\/afogadosfm\\\/#organization\"},\"image\":{\"@id\":\"https:\\\/\\\/afogadosfm.com.br\\\/afogadosfm\\\/2026\\\/01\\\/17\\\/2026-13-feriados-bancarios-agencias-nao-abrirao-ao-publico\\\/#primaryimage\"},\"thumbnailUrl\":\"https:\\\/\\\/i0.wp.com\\\/afogadosfm.com.br\\\/afogadosfm\\\/wp-content\\\/uploads\\\/2022\\\/04\\\/feriado.jpg?fit=278%2C180&ssl=1\",\"articleSection\":[\"Brasil\"],\"inLanguage\":\"pt-BR\",\"potentialAction\":[{\"@type\":\"CommentAction\",\"name\":\"Comment\",\"target\":[\"https:\\\/\\\/afogadosfm.com.br\\\/afogadosfm\\\/2026\\\/01\\\/17\\\/2026-13-feriados-bancarios-agencias-nao-abrirao-ao-publico\\\/#respond\"]}]},{\"@type\":\"WebPage\",\"@id\":\"https:\\\/\\\/afogadosfm.com.br\\\/afogadosfm\\\/2026\\\/01\\\/17\\\/2026-13-feriados-bancarios-agencias-nao-abrirao-ao-publico\\\/\",\"url\":\"https:\\\/\\\/afogadosfm.com.br\\\/afogadosfm\\\/2026\\\/01\\\/17\\\/2026-13-feriados-bancarios-agencias-nao-abrirao-ao-publico\\\/\",\"name\":\"2026: 13 feriados banc\u00e1rios; ag\u00eancias n\u00e3o abrir\u00e3o ao p\u00fablico - Afogados FM\",\"isPartOf\":{\"@id\":\"https:\\\/\\\/afogadosfm.com.br\\\/afogadosfm\\\/#website\"},\"primaryImageOfPage\":{\"@id\":\"https:\\\/\\\/afogadosfm.com.br\\\/afogadosfm\\\/2026\\\/01\\\/17\\\/2026-13-feriados-bancarios-agencias-nao-abrirao-ao-publico\\\/#primaryimage\"},\"image\":{\"@id\":\"https:\\\/\\\/afogadosfm.com.br\\\/afogadosfm\\\/2026\\\/01\\\/17\\\/2026-13-feriados-bancarios-agencias-nao-abrirao-ao-publico\\\/#primaryimage\"},\"thumbnailUrl\":\"https:\\\/\\\/i0.wp.com\\\/afogadosfm.com.br\\\/afogadosfm\\\/wp-content\\\/uploads\\\/2022\\\/04\\\/feriado.jpg?fit=278%2C180&ssl=1\",\"datePublished\":\"2026-01-17T10:30:51+00:00\",\"dateModified\":\"2026-01-17T10:30:52+00:00\",\"breadcrumb\":{\"@id\":\"https:\\\/\\\/afogadosfm.com.br\\\/afogadosfm\\\/2026\\\/01\\\/17\\\/2026-13-feriados-bancarios-agencias-nao-abrirao-ao-publico\\\/#breadcrumb\"},\"inLanguage\":\"pt-BR\",\"potentialAction\":[{\"@type\":\"ReadAction\",\"target\":[\"https:\\\/\\\/afogadosfm.com.br\\\/afogadosfm\\\/2026\\\/01\\\/17\\\/2026-13-feriados-bancarios-agencias-nao-abrirao-ao-publico\\\/\"]}]},{\"@type\":\"ImageObject\",\"inLanguage\":\"pt-BR\",\"@id\":\"https:\\\/\\\/afogadosfm.com.br\\\/afogadosfm\\\/2026\\\/01\\\/17\\\/2026-13-feriados-bancarios-agencias-nao-abrirao-ao-publico\\\/#primaryimage\",\"url\":\"https:\\\/\\\/i0.wp.com\\\/afogadosfm.com.br\\\/afogadosfm\\\/wp-content\\\/uploads\\\/2022\\\/04\\\/feriado.jpg?fit=278%2C180&ssl=1\",\"contentUrl\":\"https:\\\/\\\/i0.wp.com\\\/afogadosfm.com.br\\\/afogadosfm\\\/wp-content\\\/uploads\\\/2022\\\/04\\\/feriado.jpg?fit=278%2C180&ssl=1\",\"width\":278,\"height\":180},{\"@type\":\"BreadcrumbList\",\"@id\":\"https:\\\/\\\/afogadosfm.com.br\\\/afogadosfm\\\/2026\\\/01\\\/17\\\/2026-13-feriados-bancarios-agencias-nao-abrirao-ao-publico\\\/#breadcrumb\",\"itemListElement\":[{\"@type\":\"ListItem\",\"position\":1,\"name\":\"In\u00edcio\",\"item\":\"https:\\\/\\\/afogadosfm.com.br\\\/afogadosfm\\\/\"},{\"@type\":\"ListItem\",\"position\":2,\"name\":\"2026: 13 feriados banc\u00e1rios; ag\u00eancias n\u00e3o abrir\u00e3o ao p\u00fablico\"}]},{\"@type\":\"WebSite\",\"@id\":\"https:\\\/\\\/afogadosfm.com.br\\\/afogadosfm\\\/#website\",\"url\":\"https:\\\/\\\/afogadosfm.com.br\\\/afogadosfm\\\/\",\"name\":\"Afogados FM\",\"description\":\"Um site completo!\",\"publisher\":{\"@id\":\"https:\\\/\\\/afogadosfm.com.br\\\/afogadosfm\\\/#organization\"},\"potentialAction\":[{\"@type\":\"SearchAction\",\"target\":{\"@type\":\"EntryPoint\",\"urlTemplate\":\"https:\\\/\\\/afogadosfm.com.br\\\/afogadosfm\\\/?s={search_term_string}\"},\"query-input\":{\"@type\":\"PropertyValueSpecification\",\"valueRequired\":true,\"valueName\":\"search_term_string\"}}],\"inLanguage\":\"pt-BR\"},{\"@type\":\"Organization\",\"@id\":\"https:\\\/\\\/afogadosfm.com.br\\\/afogadosfm\\\/#organization\",\"name\":\"Afogados FM\",\"url\":\"https:\\\/\\\/afogadosfm.com.br\\\/afogadosfm\\\/\",\"logo\":{\"@type\":\"ImageObject\",\"inLanguage\":\"pt-BR\",\"@id\":\"https:\\\/\\\/afogadosfm.com.br\\\/afogadosfm\\\/#\\\/schema\\\/logo\\\/image\\\/\",\"url\":\"https:\\\/\\\/i0.wp.com\\\/afogadosfm.com.br\\\/afogadosfm\\\/wp-content\\\/uploads\\\/2020\\\/06\\\/cropped-banner-afogados-4.jpg?fit=369%2C137&ssl=1\",\"contentUrl\":\"https:\\\/\\\/i0.wp.com\\\/afogadosfm.com.br\\\/afogadosfm\\\/wp-content\\\/uploads\\\/2020\\\/06\\\/cropped-banner-afogados-4.jpg?fit=369%2C137&ssl=1\",\"width\":369,\"height\":137,\"caption\":\"Afogados FM\"},\"image\":{\"@id\":\"https:\\\/\\\/afogadosfm.com.br\\\/afogadosfm\\\/#\\\/schema\\\/logo\\\/image\\\/\"}},{\"@type\":\"Person\",\"@id\":\"https:\\\/\\\/afogadosfm.com.br\\\/afogadosfm\\\/#\\\/schema\\\/person\\\/60e56f2cf5dc960fc093fe093d9e9057\",\"name\":\"afogadosfm\",\"image\":{\"@type\":\"ImageObject\",\"inLanguage\":\"pt-BR\",\"@id\":\"https:\\\/\\\/secure.gravatar.com\\\/avatar\\\/e0359add7ed5dc3560906d861b52c6a8cf5c1e199d3a7dd85070998f49bd4701?s=96&d=mm&r=g\",\"url\":\"https:\\\/\\\/secure.gravatar.com\\\/avatar\\\/e0359add7ed5dc3560906d861b52c6a8cf5c1e199d3a7dd85070998f49bd4701?s=96&d=mm&r=g\",\"contentUrl\":\"https:\\\/\\\/secure.gravatar.com\\\/avatar\\\/e0359add7ed5dc3560906d861b52c6a8cf5c1e199d3a7dd85070998f49bd4701?s=96&d=mm&r=g\",\"caption\":\"afogadosfm\"},\"url\":\"https:\\\/\\\/afogadosfm.com.br\\\/afogadosfm\\\/author\\\/afogadosfm\\\/\"}]}<\/script>\n<!-- \/ Yoast SEO plugin. -->","yoast_head_json":{"title":"2026: 13 feriados banc\u00e1rios; ag\u00eancias n\u00e3o abrir\u00e3o ao p\u00fablico - Afogados FM","robots":{"index":"index","follow":"follow","max-snippet":"max-snippet:-1","max-image-preview":"max-image-preview:large","max-video-preview":"max-video-preview:-1"},"canonical":"https:\/\/afogadosfm.com.br\/afogadosfm\/2026\/01\/17\/2026-13-feriados-bancarios-agencias-nao-abrirao-ao-publico\/","og_locale":"pt_BR","og_type":"article","og_title":"2026: 13 feriados banc\u00e1rios; ag\u00eancias n\u00e3o abrir\u00e3o ao p\u00fablico - Afogados FM","og_description":"O ano de 2026 contar\u00e1 com 13 feriados nacionais em que n\u00e3o haver\u00e1 expediente banc\u00e1rio, de acordo com o calend\u00e1rio","og_url":"https:\/\/afogadosfm.com.br\/afogadosfm\/2026\/01\/17\/2026-13-feriados-bancarios-agencias-nao-abrirao-ao-publico\/","og_site_name":"Afogados FM","article_published_time":"2026-01-17T10:30:51+00:00","article_modified_time":"2026-01-17T10:30:52+00:00","og_image":[{"width":278,"height":180,"url":"https:\/\/afogadosfm.com.br\/afogadosfm\/wp-content\/uploads\/2022\/04\/feriado.jpg","type":"image\/jpeg"}],"author":"afogadosfm","twitter_card":"summary_large_image","twitter_misc":{"Escrito por":"afogadosfm","Est. tempo de leitura":"3 minutos"},"schema":{"@context":"https:\/\/schema.org","@graph":[{"@type":"Article","@id":"https:\/\/afogadosfm.com.br\/afogadosfm\/2026\/01\/17\/2026-13-feriados-bancarios-agencias-nao-abrirao-ao-publico\/#article","isPartOf":{"@id":"https:\/\/afogadosfm.com.br\/afogadosfm\/2026\/01\/17\/2026-13-feriados-bancarios-agencias-nao-abrirao-ao-publico\/"},"author":{"name":"afogadosfm","@id":"https:\/\/afogadosfm.com.br\/afogadosfm\/#\/schema\/person\/60e56f2cf5dc960fc093fe093d9e9057"},"headline":"2026: 13 feriados banc\u00e1rios; ag\u00eancias n\u00e3o abrir\u00e3o ao p\u00fablico","datePublished":"2026-01-17T10:30:51+00:00","dateModified":"2026-01-17T10:30:52+00:00","mainEntityOfPage":{"@id":"https:\/\/afogadosfm.com.br\/afogadosfm\/2026\/01\/17\/2026-13-feriados-bancarios-agencias-nao-abrirao-ao-publico\/"},"wordCount":366,"commentCount":0,"publisher":{"@id":"https:\/\/afogadosfm.com.br\/afogadosfm\/#organization"},"image":{"@id":"https:\/\/afogadosfm.com.br\/afogadosfm\/2026\/01\/17\/2026-13-feriados-bancarios-agencias-nao-abrirao-ao-publico\/#primaryimage"},"thumbnailUrl":"https:\/\/i0.wp.com\/afogadosfm.com.br\/afogadosfm\/wp-content\/uploads\/2022\/04\/feriado.jpg?fit=278%2C180&ssl=1","articleSection":["Brasil"],"inLanguage":"pt-BR","potentialAction":[{"@type":"CommentAction","name":"Comment","target":["https:\/\/afogadosfm.com.br\/afogadosfm\/2026\/01\/17\/2026-13-feriados-bancarios-agencias-nao-abrirao-ao-publico\/#respond"]}]},{"@type":"WebPage","@id":"https:\/\/afogadosfm.com.br\/afogadosfm\/2026\/01\/17\/2026-13-feriados-bancarios-agencias-nao-abrirao-ao-publico\/","url":"https:\/\/afogadosfm.com.br\/afogadosfm\/2026\/01\/17\/2026-13-feriados-bancarios-agencias-nao-abrirao-ao-publico\/","name":"2026: 13 feriados banc\u00e1rios; ag\u00eancias n\u00e3o abrir\u00e3o ao p\u00fablico - Afogados FM","isPartOf":{"@id":"https:\/\/afogadosfm.com.br\/afogadosfm\/#website"},"primaryImageOfPage":{"@id":"https:\/\/afogadosfm.com.br\/afogadosfm\/2026\/01\/17\/2026-13-feriados-bancarios-agencias-nao-abrirao-ao-publico\/#primaryimage"},"image":{"@id":"https:\/\/afogadosfm.com.br\/afogadosfm\/2026\/01\/17\/2026-13-feriados-bancarios-agencias-nao-abrirao-ao-publico\/#primaryimage"},"thumbnailUrl":"https:\/\/i0.wp.com\/afogadosfm.com.br\/afogadosfm\/wp-content\/uploads\/2022\/04\/feriado.jpg?fit=278%2C180&ssl=1","datePublished":"2026-01-17T10:30:51+00:00","dateModified":"2026-01-17T10:30:52+00:00","breadcrumb":{"@id":"https:\/\/afogadosfm.com.br\/afogadosfm\/2026\/01\/17\/2026-13-feriados-bancarios-agencias-nao-abrirao-ao-publico\/#breadcrumb"},"inLanguage":"pt-BR","potentialAction":[{"@type":"ReadAction","target":["https:\/\/afogadosfm.com.br\/afogadosfm\/2026\/01\/17\/2026-13-feriados-bancarios-agencias-nao-abrirao-ao-publico\/"]}]},{"@type":"ImageObject","inLanguage":"pt-BR","@id":"https:\/\/afogadosfm.com.br\/afogadosfm\/2026\/01\/17\/2026-13-feriados-bancarios-agencias-nao-abrirao-ao-publico\/#primaryimage","url":"https:\/\/i0.wp.com\/afogadosfm.com.br\/afogadosfm\/wp-content\/uploads\/2022\/04\/feriado.jpg?fit=278%2C180&ssl=1","contentUrl":"https:\/\/i0.wp.com\/afogadosfm.com.br\/afogadosfm\/wp-content\/uploads\/2022\/04\/feriado.jpg?fit=278%2C180&ssl=1","width":278,"height":180},{"@type":"BreadcrumbList","@id":"https:\/\/afogadosfm.com.br\/afogadosfm\/2026\/01\/17\/2026-13-feriados-bancarios-agencias-nao-abrirao-ao-publico\/#breadcrumb","itemListElement":[{"@type":"ListItem","position":1,"name":"In\u00edcio","item":"https:\/\/afogadosfm.com.br\/afogadosfm\/"},{"@type":"ListItem","position":2,"name":"2026: 13 feriados banc\u00e1rios; ag\u00eancias n\u00e3o abrir\u00e3o ao p\u00fablico"}]},{"@type":"WebSite","@id":"https:\/\/afogadosfm.com.br\/afogadosfm\/#website","url":"https:\/\/afogadosfm.com.br\/afogadosfm\/","name":"Afogados FM","description":"Um site completo!","publisher":{"@id":"https:\/\/afogadosfm.com.br\/afogadosfm\/#organization"},"potentialAction":[{"@type":"SearchAction","target":{"@type":"EntryPoint","urlTemplate":"https:\/\/afogadosfm.com.br\/afogadosfm\/?s={search_term_string}"},"query-input":{"@type":"PropertyValueSpecification","valueRequired":true,"valueName":"search_term_string"}}],"inLanguage":"pt-BR"},{"@type":"Organization","@id":"https:\/\/afogadosfm.com.br\/afogadosfm\/#organization","name":"Afogados FM","url":"https:\/\/afogadosfm.com.br\/afogadosfm\/","logo":{"@type":"ImageObject","inLanguage":"pt-BR","@id":"https:\/\/afogadosfm.com.br\/afogadosfm\/#\/schema\/logo\/image\/","url":"https:\/\/i0.wp.com\/afogadosfm.com.br\/afogadosfm\/wp-content\/uploads\/2020\/06\/cropped-banner-afogados-4.jpg?fit=369%2C137&ssl=1","contentUrl":"https:\/\/i0.wp.com\/afogadosfm.com.br\/afogadosfm\/wp-content\/uploads\/2020\/06\/cropped-banner-afogados-4.jpg?fit=369%2C137&ssl=1","width":369,"height":137,"caption":"Afogados FM"},"image":{"@id":"https:\/\/afogadosfm.com.br\/afogadosfm\/#\/schema\/logo\/image\/"}},{"@type":"Person","@id":"https:\/\/afogadosfm.com.br\/afogadosfm\/#\/schema\/person\/60e56f2cf5dc960fc093fe093d9e9057","name":"afogadosfm","image":{"@type":"ImageObject","inLanguage":"pt-BR","@id":"https:\/\/secure.gravatar.com\/avatar\/e0359add7ed5dc3560906d861b52c6a8cf5c1e199d3a7dd85070998f49bd4701?s=96&d=mm&r=g","url":"https:\/\/secure.gravatar.com\/avatar\/e0359add7ed5dc3560906d861b52c6a8cf5c1e199d3a7dd85070998f49bd4701?s=96&d=mm&r=g","contentUrl":"https:\/\/secure.gravatar.com\/avatar\/e0359add7ed5dc3560906d861b52c6a8cf5c1e199d3a7dd85070998f49bd4701?s=96&d=mm&r=g","caption":"afogadosfm"},"url":"https:\/\/afogadosfm.com.br\/afogadosfm\/author\/afogadosfm\/"}]}},"jetpack_publicize_connections":[],"jetpack_featured_media_url":"https:\/\/i0.wp.com\/afogadosfm.com.br\/afogadosfm\/wp-content\/uploads\/2022\/04\/feriado.jpg?fit=278%2C180&ssl=1","jetpack-related-posts":[],"jetpack_sharing_enabled":true,"jetpack_likes_enabled":true,"_links":{"self":[{"href":"https:\/\/afogadosfm.com.br\/afogadosfm\/wp-json\/wp\/v2\/posts\/72077","targetHints":{"allow":["GET"]}}],"collection":[{"href":"https:\/\/afogadosfm.com.br\/afogadosfm\/wp-json\/wp\/v2\/posts"}],"about":[{"href":"https:\/\/afogadosfm.com.br\/afogadosfm\/wp-json\/wp\/v2\/types\/post"}],"author":[{"embeddable":true,"href":"https:\/\/afogadosfm.com.br\/afogadosfm\/wp-json\/wp\/v2\/users\/2"}],"replies":[{"embeddable":true,"href":"https:\/\/afogadosfm.com.br\/afogadosfm\/wp-json\/wp\/v2\/comments?post=72077"}],"version-history":[{"count":1,"href":"https:\/\/afogadosfm.com.br\/afogadosfm\/wp-json\/wp\/v2\/posts\/72077\/revisions"}],"predecessor-version":[{"id":72078,"href":"https:\/\/afogadosfm.com.br\/afogadosfm\/wp-json\/wp\/v2\/posts\/72077\/revisions\/72078"}],"wp:featuredmedia":[{"embeddable":true,"href":"https:\/\/afogadosfm.com.br\/afogadosfm\/wp-json\/wp\/v2\/media\/36932"}],"wp:attachment":[{"href":"https:\/\/afogadosfm.com.br\/afogadosfm\/wp-json\/wp\/v2\/media?parent=72077"}],"wp:term":[{"taxonomy":"category","embeddable":true,"href":"https:\/\/afogadosfm.com.br\/afogadosfm\/wp-json\/wp\/v2\/categories?post=72077"},{"taxonomy":"post_tag","embeddable":true,"href":"https:\/\/afogadosfm.com.br\/afogadosfm\/wp-json\/wp\/v2\/tags?post=72077"}],"curies":[{"name":"wp","href":"https:\/\/api.w.org\/{rel}","templated":true}]}}