{"id":72088,"date":"2026-01-19T05:57:53","date_gmt":"2026-01-19T08:57:53","guid":{"rendered":"https:\/\/afogadosfm.com.br\/afogadosfm\/?p=72088"},"modified":"2026-01-19T05:59:04","modified_gmt":"2026-01-19T08:59:04","slug":"afogados-fc-e-campeao-da-1a-edicao-do-campeonato-feminino-as-patroas","status":"publish","type":"post","link":"https:\/\/afogadosfm.com.br\/afogadosfm\/2026\/01\/19\/afogados-fc-e-campeao-da-1a-edicao-do-campeonato-feminino-as-patroas\/","title":{"rendered":"Afogados FC \u00e9 campe\u00e3o da 1\u00aa edi\u00e7\u00e3o do Campeonato Feminino \u201cAs Patroas\u201d"},"content":{"rendered":"\n<p>Na manh\u00e3 do domingo (18), Afogados da Ingazeira recebeu a grande final do 1\u00ba Campeonato Regional Dynasty Sports de Futebol de Mini Campo \u2013 Edi\u00e7\u00e3o 2025, carinhosamente conhecido como \u201cAs Patroas\u201d. A partida decisiva aconteceu no S\u00edtio Vaca Morta e reuniu atletas e torcedores de toda a regi\u00e3o em uma verdadeira festa de esporte e valoriza\u00e7\u00e3o do futebol feminino.<\/p>\n\n\n\n<p>O Afogados FC, representando Afogados da Ingazeira, sagrou-se campe\u00e3o ao vencer o Luverdense FC, do s\u00edtio Jurema, munic\u00edpio de Tabira, pelo placar de 1 a 0. O gol da vit\u00f3ria foi marcado por Maria, camisa 8, garantindo um t\u00edtulo hist\u00f3rico para a equipe da casa.<\/p>\n\n\n\n<figure class=\"wp-block-image\"><a href=\"https:\/\/i0.wp.com\/blogger.googleusercontent.com\/img\/b\/R29vZ2xl\/AVvXsEjJZVP6fWaAnqD6bb_a8f7LZrSZ0ZXG7EMSufp1P0ETqYr13xlFp6i8r57KfxVE25aqqDmgqEbgDpUlXEG-zTIOZ8vaULnyL890SV1VrgmImYYsYjIn_oFf41V8P-Z4i9LbXsObcW6Qzksd-ZNBwHAJUkmrTyrK77DD6YxhJVyyjwAd9zOFB1iRi2PLOAYa\/s4032\/IMG_6292.jpeg?ssl=1\"><img data-recalc-dims=\"1\" decoding=\"async\" src=\"https:\/\/i0.wp.com\/blogger.googleusercontent.com\/img\/b\/R29vZ2xl\/AVvXsEjJZVP6fWaAnqD6bb_a8f7LZrSZ0ZXG7EMSufp1P0ETqYr13xlFp6i8r57KfxVE25aqqDmgqEbgDpUlXEG-zTIOZ8vaULnyL890SV1VrgmImYYsYjIn_oFf41V8P-Z4i9LbXsObcW6Qzksd-ZNBwHAJUkmrTyrK77DD6YxhJVyyjwAd9zOFB1iRi2PLOAYa\/w400-h300\/IMG_6292.jpeg?w=840&#038;ssl=1\" alt=\"\"\/><\/a><\/figure>\n\n\n\n<figure class=\"wp-block-image\"><a href=\"https:\/\/i0.wp.com\/blogger.googleusercontent.com\/img\/b\/R29vZ2xl\/AVvXsEg7aEbzUyxHuAK0PF07m_4t917QK7eOf2GeRWbrynIArKxqguVrgZ7kgTqGyVyKTam_yqV1VQQmI9g95WJaPphJHXZv9Yntnbzv269meTObJ-kCokdaDuh0g6EVexSKVMbYOtlazfKhrDGl1XNo_ufjq9VjLUE3Kwrits9KGLQPxQku2wiq3QMgdUn_GSpf\/s4032\/IMG_6283.jpeg?ssl=1\"><img data-recalc-dims=\"1\" decoding=\"async\" src=\"https:\/\/i0.wp.com\/blogger.googleusercontent.com\/img\/b\/R29vZ2xl\/AVvXsEg7aEbzUyxHuAK0PF07m_4t917QK7eOf2GeRWbrynIArKxqguVrgZ7kgTqGyVyKTam_yqV1VQQmI9g95WJaPphJHXZv9Yntnbzv269meTObJ-kCokdaDuh0g6EVexSKVMbYOtlazfKhrDGl1XNo_ufjq9VjLUE3Kwrits9KGLQPxQku2wiq3QMgdUn_GSpf\/w400-h300\/IMG_6283.jpeg?w=840&#038;ssl=1\" alt=\"\"\/><\/a><\/figure>\n\n\n\n<p>O evento contou com a presen\u00e7a de diversas autoridades locais e regionais, entre elas:<\/p>\n\n\n\n<p>\u2022 Zezinho de Caldas, diretor de Esportes e representante do prefeito Fl\u00e1vio Marques, de Tabira;<\/p>\n\n\n\n<p>\u2022 Augusto Martins, secret\u00e1rio de Cultura e Esportes de Afogados da Ingazeira;<\/p>\n\n\n\n<p>\u2022 Thiago Santana, diretor de Esportes de Afogados da Ingazeira;<\/p>\n\n\n\n<p>\u2022 M\u00f4nica Souto, representante do deputado estadual Doriel Barros;<\/p>\n\n\n\n<p>\u2022 Safira Luisa, representando o deputado federal Carlos Veras, do munic\u00edpio de Solid\u00e3o;<\/p>\n\n\n\n<p>\u2022 Vereador M\u00e1rio Martins, de Afogados da Ingazeira.<\/p>\n\n\n\n<p>A primeira edi\u00e7\u00e3o do campeonato tamb\u00e9m prestou uma homenagem especial \u00e0 vereadora Lucineide, do Sindicato, em reconhecimento ao seu incentivo e apoio ao fortalecimento do esporte feminino na regi\u00e3o. Para a pr\u00f3xima edi\u00e7\u00e3o do campeonato, a homenageada j\u00e1 anunciada ser\u00e1 Safira Luisa, do munic\u00edpio de Solid\u00e3o.<\/p>\n\n\n\n<figure class=\"wp-block-image\"><a href=\"https:\/\/i0.wp.com\/blogger.googleusercontent.com\/img\/b\/R29vZ2xl\/AVvXsEhBZl2ZjMeliTOfpE04NEVfPPcGZYjPu4rpdwLvoOY1RinpOR_p_vc2l8Xvn0bJJKsOvp4Wv28RIguCpfGOvAqs0H8z0bauapULNMJT6d9zMCE2IEnBPyWeoAozowpJOEfBxX3NbuoV1s1dOdv1v0l6oADn2pGLdf4d-UXx9SKNmMCTkqHUgxZdQIV5ksxr\/s4032\/IMG_6169.jpeg?ssl=1\"><img data-recalc-dims=\"1\" decoding=\"async\" src=\"https:\/\/i0.wp.com\/blogger.googleusercontent.com\/img\/b\/R29vZ2xl\/AVvXsEhBZl2ZjMeliTOfpE04NEVfPPcGZYjPu4rpdwLvoOY1RinpOR_p_vc2l8Xvn0bJJKsOvp4Wv28RIguCpfGOvAqs0H8z0bauapULNMJT6d9zMCE2IEnBPyWeoAozowpJOEfBxX3NbuoV1s1dOdv1v0l6oADn2pGLdf4d-UXx9SKNmMCTkqHUgxZdQIV5ksxr\/w400-h300\/IMG_6169.jpeg?w=840&#038;ssl=1\" alt=\"\"\/><\/a><\/figure>\n\n\n\n<figure class=\"wp-block-image\"><a href=\"https:\/\/i0.wp.com\/blogger.googleusercontent.com\/img\/b\/R29vZ2xl\/AVvXsEiJ8Qvf6eZqx4pX988i7-7DpTI4Eg1iNGIr6qONbbVQKvKDwMLg9mOA3tP6NViPRM4V6HBfxAK-jjYxqayjyPvZCap6dH2wE7M1ogZl-fX5iT0xGOkk4xfCWf4Dz-FSo2s5ccAEt47DLGsM_ErmP-BNKr9PkkR57aT2_CTgzf24dWxH34S4K1qKzy9tKtu2\/s4032\/IMG_6166.jpeg?ssl=1\"><img data-recalc-dims=\"1\" decoding=\"async\" src=\"https:\/\/i0.wp.com\/blogger.googleusercontent.com\/img\/b\/R29vZ2xl\/AVvXsEiJ8Qvf6eZqx4pX988i7-7DpTI4Eg1iNGIr6qONbbVQKvKDwMLg9mOA3tP6NViPRM4V6HBfxAK-jjYxqayjyPvZCap6dH2wE7M1ogZl-fX5iT0xGOkk4xfCWf4Dz-FSo2s5ccAEt47DLGsM_ErmP-BNKr9PkkR57aT2_CTgzf24dWxH34S4K1qKzy9tKtu2\/w400-h300\/IMG_6166.jpeg?w=840&#038;ssl=1\" alt=\"\"\/><\/a><\/figure>\n\n\n\n<figure class=\"wp-block-image\"><a href=\"https:\/\/i0.wp.com\/blogger.googleusercontent.com\/img\/b\/R29vZ2xl\/AVvXsEjsH5Sf7kL-t1O14QJC-qi_qL4etGUpqUFOCjzzjlOiPxvpkv2bJM7edgpIcCzzpzniSap0VguQfy7bOEK-OpExDJ0VHvn0ajuPCDCBxv5Wb5NgTCMGm11qb0oYo3JKY23gZDL4rKLfTMPh-bJskpWtyXXYO0xu6nvKr-eRJe-X4sSRyvJpY4PkgM-Kdtgy\/s3840\/E8ACB77C-3095-49A6-98FD-CD48AB4048ED.jpeg?ssl=1\"><img data-recalc-dims=\"1\" decoding=\"async\" src=\"https:\/\/i0.wp.com\/blogger.googleusercontent.com\/img\/b\/R29vZ2xl\/AVvXsEjsH5Sf7kL-t1O14QJC-qi_qL4etGUpqUFOCjzzjlOiPxvpkv2bJM7edgpIcCzzpzniSap0VguQfy7bOEK-OpExDJ0VHvn0ajuPCDCBxv5Wb5NgTCMGm11qb0oYo3JKY23gZDL4rKLfTMPh-bJskpWtyXXYO0xu6nvKr-eRJe-X4sSRyvJpY4PkgM-Kdtgy\/w400-h225\/E8ACB77C-3095-49A6-98FD-CD48AB4048ED.jpeg?w=840&#038;ssl=1\" alt=\"\"\/><\/a><\/figure>\n\n\n\n<p>A Prefeitura de Afogados da Ingazeira apoiou integralmente o evento, disponibilizando ambul\u00e2ncia e suporte m\u00e9dico durante as partidas. Durante o intervalo do primeiro tempo da final, foi realizado um sorteio de brindes para os torcedores, tornando a manh\u00e3 ainda mais especial.<\/p>\n\n\n\n<p>O Blog Jailton Ramos foi parceiro oficial do campeonato e realizou a cobertura completa do evento, registrando todos os detalhes da grande final e da festa que celebrou o crescimento do futebol feminino na regi\u00e3o.<\/p>\n\n\n\n<p>O sucesso desta primeira edi\u00e7\u00e3o refor\u00e7a que o futebol feminino segue ganhando espa\u00e7o e for\u00e7a em Afogados da Ingazeira e cidades vizinhas, com expectativa de p\u00fablico e participa\u00e7\u00e3o ainda maiores nas pr\u00f3ximas edi\u00e7\u00f5es do campeonato \u201cAs Patroas\u201d.<\/p>\n","protected":false},"excerpt":{"rendered":"<p>Na manh\u00e3 do domingo (18), Afogados da Ingazeira recebeu a grande final do 1\u00ba Campeonato Regional Dynasty Sports de Futebol<\/p>\n","protected":false},"author":2,"featured_media":72089,"comment_status":"open","ping_status":"open","sticky":false,"template":"","format":"standard","meta":{"jetpack_post_was_ever_published":false,"_jetpack_newsletter_access":"","_jetpack_dont_email_post_to_subs":false,"_jetpack_newsletter_tier_id":0,"_jetpack_memberships_contains_paywalled_content":false,"_jetpack_memberships_contains_paid_content":false,"footnotes":"","jetpack_publicize_message":"","jetpack_publicize_feature_enabled":true,"jetpack_social_post_already_shared":true,"jetpack_social_options":{"image_generator_settings":{"template":"highway","default_image_id":0,"font":"","enabled":false},"version":2}},"categories":[8],"tags":[],"class_list":["post-72088","post","type-post","status-publish","format-standard","has-post-thumbnail","hentry","category-esporte"],"yoast_head":"<!-- This site is optimized with the Yoast SEO plugin v27.5 - https:\/\/yoast.com\/product\/yoast-seo-wordpress\/ -->\n<title>Afogados FC \u00e9 campe\u00e3o da 1\u00aa edi\u00e7\u00e3o do Campeonato Feminino \u201cAs Patroas\u201d - Afogados FM<\/title>\n<meta name=\"robots\" content=\"index, follow, max-snippet:-1, max-image-preview:large, max-video-preview:-1\" \/>\n<link rel=\"canonical\" href=\"https:\/\/afogadosfm.com.br\/afogadosfm\/2026\/01\/19\/afogados-fc-e-campeao-da-1a-edicao-do-campeonato-feminino-as-patroas\/\" \/>\n<meta property=\"og:locale\" content=\"pt_BR\" \/>\n<meta property=\"og:type\" content=\"article\" \/>\n<meta property=\"og:title\" content=\"Afogados FC \u00e9 campe\u00e3o da 1\u00aa edi\u00e7\u00e3o do Campeonato Feminino \u201cAs Patroas\u201d - Afogados FM\" \/>\n<meta property=\"og:description\" content=\"Na manh\u00e3 do domingo (18), Afogados da Ingazeira recebeu a grande final do 1\u00ba Campeonato Regional Dynasty Sports de Futebol\" \/>\n<meta property=\"og:url\" content=\"https:\/\/afogadosfm.com.br\/afogadosfm\/2026\/01\/19\/afogados-fc-e-campeao-da-1a-edicao-do-campeonato-feminino-as-patroas\/\" \/>\n<meta property=\"og:site_name\" content=\"Afogados FM\" \/>\n<meta property=\"article:published_time\" content=\"2026-01-19T08:57:53+00:00\" \/>\n<meta property=\"article:modified_time\" content=\"2026-01-19T08:59:04+00:00\" \/>\n<meta property=\"og:image\" content=\"https:\/\/afogadosfm.com.br\/afogadosfm\/wp-content\/uploads\/2026\/01\/affc.jpeg\" \/>\n\t<meta property=\"og:image:width\" content=\"400\" \/>\n\t<meta property=\"og:image:height\" content=\"300\" \/>\n\t<meta property=\"og:image:type\" content=\"image\/jpeg\" \/>\n<meta name=\"author\" content=\"afogadosfm\" \/>\n<meta name=\"twitter:card\" content=\"summary_large_image\" \/>\n<meta name=\"twitter:label1\" content=\"Escrito por\" \/>\n\t<meta name=\"twitter:data1\" content=\"afogadosfm\" \/>\n\t<meta name=\"twitter:label2\" content=\"Est. tempo de leitura\" \/>\n\t<meta name=\"twitter:data2\" content=\"4 minutos\" \/>\n<script type=\"application\/ld+json\" class=\"yoast-schema-graph\">{\"@context\":\"https:\\\/\\\/schema.org\",\"@graph\":[{\"@type\":\"Article\",\"@id\":\"https:\\\/\\\/afogadosfm.com.br\\\/afogadosfm\\\/2026\\\/01\\\/19\\\/afogados-fc-e-campeao-da-1a-edicao-do-campeonato-feminino-as-patroas\\\/#article\",\"isPartOf\":{\"@id\":\"https:\\\/\\\/afogadosfm.com.br\\\/afogadosfm\\\/2026\\\/01\\\/19\\\/afogados-fc-e-campeao-da-1a-edicao-do-campeonato-feminino-as-patroas\\\/\"},\"author\":{\"name\":\"afogadosfm\",\"@id\":\"https:\\\/\\\/afogadosfm.com.br\\\/afogadosfm\\\/#\\\/schema\\\/person\\\/60e56f2cf5dc960fc093fe093d9e9057\"},\"headline\":\"Afogados FC \u00e9 campe\u00e3o da 1\u00aa edi\u00e7\u00e3o do Campeonato Feminino \u201cAs Patroas\u201d\",\"datePublished\":\"2026-01-19T08:57:53+00:00\",\"dateModified\":\"2026-01-19T08:59:04+00:00\",\"mainEntityOfPage\":{\"@id\":\"https:\\\/\\\/afogadosfm.com.br\\\/afogadosfm\\\/2026\\\/01\\\/19\\\/afogados-fc-e-campeao-da-1a-edicao-do-campeonato-feminino-as-patroas\\\/\"},\"wordCount\":377,\"commentCount\":0,\"publisher\":{\"@id\":\"https:\\\/\\\/afogadosfm.com.br\\\/afogadosfm\\\/#organization\"},\"image\":{\"@id\":\"https:\\\/\\\/afogadosfm.com.br\\\/afogadosfm\\\/2026\\\/01\\\/19\\\/afogados-fc-e-campeao-da-1a-edicao-do-campeonato-feminino-as-patroas\\\/#primaryimage\"},\"thumbnailUrl\":\"https:\\\/\\\/i0.wp.com\\\/afogadosfm.com.br\\\/afogadosfm\\\/wp-content\\\/uploads\\\/2026\\\/01\\\/affc.jpeg?fit=400%2C300&ssl=1\",\"articleSection\":[\"Esporte\"],\"inLanguage\":\"pt-BR\",\"potentialAction\":[{\"@type\":\"CommentAction\",\"name\":\"Comment\",\"target\":[\"https:\\\/\\\/afogadosfm.com.br\\\/afogadosfm\\\/2026\\\/01\\\/19\\\/afogados-fc-e-campeao-da-1a-edicao-do-campeonato-feminino-as-patroas\\\/#respond\"]}]},{\"@type\":\"WebPage\",\"@id\":\"https:\\\/\\\/afogadosfm.com.br\\\/afogadosfm\\\/2026\\\/01\\\/19\\\/afogados-fc-e-campeao-da-1a-edicao-do-campeonato-feminino-as-patroas\\\/\",\"url\":\"https:\\\/\\\/afogadosfm.com.br\\\/afogadosfm\\\/2026\\\/01\\\/19\\\/afogados-fc-e-campeao-da-1a-edicao-do-campeonato-feminino-as-patroas\\\/\",\"name\":\"Afogados FC \u00e9 campe\u00e3o da 1\u00aa edi\u00e7\u00e3o do Campeonato Feminino \u201cAs Patroas\u201d - Afogados FM\",\"isPartOf\":{\"@id\":\"https:\\\/\\\/afogadosfm.com.br\\\/afogadosfm\\\/#website\"},\"primaryImageOfPage\":{\"@id\":\"https:\\\/\\\/afogadosfm.com.br\\\/afogadosfm\\\/2026\\\/01\\\/19\\\/afogados-fc-e-campeao-da-1a-edicao-do-campeonato-feminino-as-patroas\\\/#primaryimage\"},\"image\":{\"@id\":\"https:\\\/\\\/afogadosfm.com.br\\\/afogadosfm\\\/2026\\\/01\\\/19\\\/afogados-fc-e-campeao-da-1a-edicao-do-campeonato-feminino-as-patroas\\\/#primaryimage\"},\"thumbnailUrl\":\"https:\\\/\\\/i0.wp.com\\\/afogadosfm.com.br\\\/afogadosfm\\\/wp-content\\\/uploads\\\/2026\\\/01\\\/affc.jpeg?fit=400%2C300&ssl=1\",\"datePublished\":\"2026-01-19T08:57:53+00:00\",\"dateModified\":\"2026-01-19T08:59:04+00:00\",\"breadcrumb\":{\"@id\":\"https:\\\/\\\/afogadosfm.com.br\\\/afogadosfm\\\/2026\\\/01\\\/19\\\/afogados-fc-e-campeao-da-1a-edicao-do-campeonato-feminino-as-patroas\\\/#breadcrumb\"},\"inLanguage\":\"pt-BR\",\"potentialAction\":[{\"@type\":\"ReadAction\",\"target\":[\"https:\\\/\\\/afogadosfm.com.br\\\/afogadosfm\\\/2026\\\/01\\\/19\\\/afogados-fc-e-campeao-da-1a-edicao-do-campeonato-feminino-as-patroas\\\/\"]}]},{\"@type\":\"ImageObject\",\"inLanguage\":\"pt-BR\",\"@id\":\"https:\\\/\\\/afogadosfm.com.br\\\/afogadosfm\\\/2026\\\/01\\\/19\\\/afogados-fc-e-campeao-da-1a-edicao-do-campeonato-feminino-as-patroas\\\/#primaryimage\",\"url\":\"https:\\\/\\\/i0.wp.com\\\/afogadosfm.com.br\\\/afogadosfm\\\/wp-content\\\/uploads\\\/2026\\\/01\\\/affc.jpeg?fit=400%2C300&ssl=1\",\"contentUrl\":\"https:\\\/\\\/i0.wp.com\\\/afogadosfm.com.br\\\/afogadosfm\\\/wp-content\\\/uploads\\\/2026\\\/01\\\/affc.jpeg?fit=400%2C300&ssl=1\",\"width\":400,\"height\":300},{\"@type\":\"BreadcrumbList\",\"@id\":\"https:\\\/\\\/afogadosfm.com.br\\\/afogadosfm\\\/2026\\\/01\\\/19\\\/afogados-fc-e-campeao-da-1a-edicao-do-campeonato-feminino-as-patroas\\\/#breadcrumb\",\"itemListElement\":[{\"@type\":\"ListItem\",\"position\":1,\"name\":\"In\u00edcio\",\"item\":\"https:\\\/\\\/afogadosfm.com.br\\\/afogadosfm\\\/\"},{\"@type\":\"ListItem\",\"position\":2,\"name\":\"Afogados FC \u00e9 campe\u00e3o da 1\u00aa edi\u00e7\u00e3o do Campeonato Feminino \u201cAs Patroas\u201d\"}]},{\"@type\":\"WebSite\",\"@id\":\"https:\\\/\\\/afogadosfm.com.br\\\/afogadosfm\\\/#website\",\"url\":\"https:\\\/\\\/afogadosfm.com.br\\\/afogadosfm\\\/\",\"name\":\"Afogados FM\",\"description\":\"Um site completo!\",\"publisher\":{\"@id\":\"https:\\\/\\\/afogadosfm.com.br\\\/afogadosfm\\\/#organization\"},\"potentialAction\":[{\"@type\":\"SearchAction\",\"target\":{\"@type\":\"EntryPoint\",\"urlTemplate\":\"https:\\\/\\\/afogadosfm.com.br\\\/afogadosfm\\\/?s={search_term_string}\"},\"query-input\":{\"@type\":\"PropertyValueSpecification\",\"valueRequired\":true,\"valueName\":\"search_term_string\"}}],\"inLanguage\":\"pt-BR\"},{\"@type\":\"Organization\",\"@id\":\"https:\\\/\\\/afogadosfm.com.br\\\/afogadosfm\\\/#organization\",\"name\":\"Afogados FM\",\"url\":\"https:\\\/\\\/afogadosfm.com.br\\\/afogadosfm\\\/\",\"logo\":{\"@type\":\"ImageObject\",\"inLanguage\":\"pt-BR\",\"@id\":\"https:\\\/\\\/afogadosfm.com.br\\\/afogadosfm\\\/#\\\/schema\\\/logo\\\/image\\\/\",\"url\":\"https:\\\/\\\/i0.wp.com\\\/afogadosfm.com.br\\\/afogadosfm\\\/wp-content\\\/uploads\\\/2020\\\/06\\\/cropped-banner-afogados-4.jpg?fit=369%2C137&ssl=1\",\"contentUrl\":\"https:\\\/\\\/i0.wp.com\\\/afogadosfm.com.br\\\/afogadosfm\\\/wp-content\\\/uploads\\\/2020\\\/06\\\/cropped-banner-afogados-4.jpg?fit=369%2C137&ssl=1\",\"width\":369,\"height\":137,\"caption\":\"Afogados FM\"},\"image\":{\"@id\":\"https:\\\/\\\/afogadosfm.com.br\\\/afogadosfm\\\/#\\\/schema\\\/logo\\\/image\\\/\"}},{\"@type\":\"Person\",\"@id\":\"https:\\\/\\\/afogadosfm.com.br\\\/afogadosfm\\\/#\\\/schema\\\/person\\\/60e56f2cf5dc960fc093fe093d9e9057\",\"name\":\"afogadosfm\",\"image\":{\"@type\":\"ImageObject\",\"inLanguage\":\"pt-BR\",\"@id\":\"https:\\\/\\\/secure.gravatar.com\\\/avatar\\\/e0359add7ed5dc3560906d861b52c6a8cf5c1e199d3a7dd85070998f49bd4701?s=96&d=mm&r=g\",\"url\":\"https:\\\/\\\/secure.gravatar.com\\\/avatar\\\/e0359add7ed5dc3560906d861b52c6a8cf5c1e199d3a7dd85070998f49bd4701?s=96&d=mm&r=g\",\"contentUrl\":\"https:\\\/\\\/secure.gravatar.com\\\/avatar\\\/e0359add7ed5dc3560906d861b52c6a8cf5c1e199d3a7dd85070998f49bd4701?s=96&d=mm&r=g\",\"caption\":\"afogadosfm\"},\"url\":\"https:\\\/\\\/afogadosfm.com.br\\\/afogadosfm\\\/author\\\/afogadosfm\\\/\"}]}<\/script>\n<!-- \/ Yoast SEO plugin. -->","yoast_head_json":{"title":"Afogados FC \u00e9 campe\u00e3o da 1\u00aa edi\u00e7\u00e3o do Campeonato Feminino \u201cAs Patroas\u201d - Afogados FM","robots":{"index":"index","follow":"follow","max-snippet":"max-snippet:-1","max-image-preview":"max-image-preview:large","max-video-preview":"max-video-preview:-1"},"canonical":"https:\/\/afogadosfm.com.br\/afogadosfm\/2026\/01\/19\/afogados-fc-e-campeao-da-1a-edicao-do-campeonato-feminino-as-patroas\/","og_locale":"pt_BR","og_type":"article","og_title":"Afogados FC \u00e9 campe\u00e3o da 1\u00aa edi\u00e7\u00e3o do Campeonato Feminino \u201cAs Patroas\u201d - Afogados FM","og_description":"Na manh\u00e3 do domingo (18), Afogados da Ingazeira recebeu a grande final do 1\u00ba Campeonato Regional Dynasty Sports de Futebol","og_url":"https:\/\/afogadosfm.com.br\/afogadosfm\/2026\/01\/19\/afogados-fc-e-campeao-da-1a-edicao-do-campeonato-feminino-as-patroas\/","og_site_name":"Afogados FM","article_published_time":"2026-01-19T08:57:53+00:00","article_modified_time":"2026-01-19T08:59:04+00:00","og_image":[{"width":400,"height":300,"url":"https:\/\/afogadosfm.com.br\/afogadosfm\/wp-content\/uploads\/2026\/01\/affc.jpeg","type":"image\/jpeg"}],"author":"afogadosfm","twitter_card":"summary_large_image","twitter_misc":{"Escrito por":"afogadosfm","Est. tempo de leitura":"4 minutos"},"schema":{"@context":"https:\/\/schema.org","@graph":[{"@type":"Article","@id":"https:\/\/afogadosfm.com.br\/afogadosfm\/2026\/01\/19\/afogados-fc-e-campeao-da-1a-edicao-do-campeonato-feminino-as-patroas\/#article","isPartOf":{"@id":"https:\/\/afogadosfm.com.br\/afogadosfm\/2026\/01\/19\/afogados-fc-e-campeao-da-1a-edicao-do-campeonato-feminino-as-patroas\/"},"author":{"name":"afogadosfm","@id":"https:\/\/afogadosfm.com.br\/afogadosfm\/#\/schema\/person\/60e56f2cf5dc960fc093fe093d9e9057"},"headline":"Afogados FC \u00e9 campe\u00e3o da 1\u00aa edi\u00e7\u00e3o do Campeonato Feminino \u201cAs Patroas\u201d","datePublished":"2026-01-19T08:57:53+00:00","dateModified":"2026-01-19T08:59:04+00:00","mainEntityOfPage":{"@id":"https:\/\/afogadosfm.com.br\/afogadosfm\/2026\/01\/19\/afogados-fc-e-campeao-da-1a-edicao-do-campeonato-feminino-as-patroas\/"},"wordCount":377,"commentCount":0,"publisher":{"@id":"https:\/\/afogadosfm.com.br\/afogadosfm\/#organization"},"image":{"@id":"https:\/\/afogadosfm.com.br\/afogadosfm\/2026\/01\/19\/afogados-fc-e-campeao-da-1a-edicao-do-campeonato-feminino-as-patroas\/#primaryimage"},"thumbnailUrl":"https:\/\/i0.wp.com\/afogadosfm.com.br\/afogadosfm\/wp-content\/uploads\/2026\/01\/affc.jpeg?fit=400%2C300&ssl=1","articleSection":["Esporte"],"inLanguage":"pt-BR","potentialAction":[{"@type":"CommentAction","name":"Comment","target":["https:\/\/afogadosfm.com.br\/afogadosfm\/2026\/01\/19\/afogados-fc-e-campeao-da-1a-edicao-do-campeonato-feminino-as-patroas\/#respond"]}]},{"@type":"WebPage","@id":"https:\/\/afogadosfm.com.br\/afogadosfm\/2026\/01\/19\/afogados-fc-e-campeao-da-1a-edicao-do-campeonato-feminino-as-patroas\/","url":"https:\/\/afogadosfm.com.br\/afogadosfm\/2026\/01\/19\/afogados-fc-e-campeao-da-1a-edicao-do-campeonato-feminino-as-patroas\/","name":"Afogados FC \u00e9 campe\u00e3o da 1\u00aa edi\u00e7\u00e3o do Campeonato Feminino \u201cAs Patroas\u201d - Afogados FM","isPartOf":{"@id":"https:\/\/afogadosfm.com.br\/afogadosfm\/#website"},"primaryImageOfPage":{"@id":"https:\/\/afogadosfm.com.br\/afogadosfm\/2026\/01\/19\/afogados-fc-e-campeao-da-1a-edicao-do-campeonato-feminino-as-patroas\/#primaryimage"},"image":{"@id":"https:\/\/afogadosfm.com.br\/afogadosfm\/2026\/01\/19\/afogados-fc-e-campeao-da-1a-edicao-do-campeonato-feminino-as-patroas\/#primaryimage"},"thumbnailUrl":"https:\/\/i0.wp.com\/afogadosfm.com.br\/afogadosfm\/wp-content\/uploads\/2026\/01\/affc.jpeg?fit=400%2C300&ssl=1","datePublished":"2026-01-19T08:57:53+00:00","dateModified":"2026-01-19T08:59:04+00:00","breadcrumb":{"@id":"https:\/\/afogadosfm.com.br\/afogadosfm\/2026\/01\/19\/afogados-fc-e-campeao-da-1a-edicao-do-campeonato-feminino-as-patroas\/#breadcrumb"},"inLanguage":"pt-BR","potentialAction":[{"@type":"ReadAction","target":["https:\/\/afogadosfm.com.br\/afogadosfm\/2026\/01\/19\/afogados-fc-e-campeao-da-1a-edicao-do-campeonato-feminino-as-patroas\/"]}]},{"@type":"ImageObject","inLanguage":"pt-BR","@id":"https:\/\/afogadosfm.com.br\/afogadosfm\/2026\/01\/19\/afogados-fc-e-campeao-da-1a-edicao-do-campeonato-feminino-as-patroas\/#primaryimage","url":"https:\/\/i0.wp.com\/afogadosfm.com.br\/afogadosfm\/wp-content\/uploads\/2026\/01\/affc.jpeg?fit=400%2C300&ssl=1","contentUrl":"https:\/\/i0.wp.com\/afogadosfm.com.br\/afogadosfm\/wp-content\/uploads\/2026\/01\/affc.jpeg?fit=400%2C300&ssl=1","width":400,"height":300},{"@type":"BreadcrumbList","@id":"https:\/\/afogadosfm.com.br\/afogadosfm\/2026\/01\/19\/afogados-fc-e-campeao-da-1a-edicao-do-campeonato-feminino-as-patroas\/#breadcrumb","itemListElement":[{"@type":"ListItem","position":1,"name":"In\u00edcio","item":"https:\/\/afogadosfm.com.br\/afogadosfm\/"},{"@type":"ListItem","position":2,"name":"Afogados FC \u00e9 campe\u00e3o da 1\u00aa edi\u00e7\u00e3o do Campeonato Feminino \u201cAs Patroas\u201d"}]},{"@type":"WebSite","@id":"https:\/\/afogadosfm.com.br\/afogadosfm\/#website","url":"https:\/\/afogadosfm.com.br\/afogadosfm\/","name":"Afogados FM","description":"Um site completo!","publisher":{"@id":"https:\/\/afogadosfm.com.br\/afogadosfm\/#organization"},"potentialAction":[{"@type":"SearchAction","target":{"@type":"EntryPoint","urlTemplate":"https:\/\/afogadosfm.com.br\/afogadosfm\/?s={search_term_string}"},"query-input":{"@type":"PropertyValueSpecification","valueRequired":true,"valueName":"search_term_string"}}],"inLanguage":"pt-BR"},{"@type":"Organization","@id":"https:\/\/afogadosfm.com.br\/afogadosfm\/#organization","name":"Afogados FM","url":"https:\/\/afogadosfm.com.br\/afogadosfm\/","logo":{"@type":"ImageObject","inLanguage":"pt-BR","@id":"https:\/\/afogadosfm.com.br\/afogadosfm\/#\/schema\/logo\/image\/","url":"https:\/\/i0.wp.com\/afogadosfm.com.br\/afogadosfm\/wp-content\/uploads\/2020\/06\/cropped-banner-afogados-4.jpg?fit=369%2C137&ssl=1","contentUrl":"https:\/\/i0.wp.com\/afogadosfm.com.br\/afogadosfm\/wp-content\/uploads\/2020\/06\/cropped-banner-afogados-4.jpg?fit=369%2C137&ssl=1","width":369,"height":137,"caption":"Afogados FM"},"image":{"@id":"https:\/\/afogadosfm.com.br\/afogadosfm\/#\/schema\/logo\/image\/"}},{"@type":"Person","@id":"https:\/\/afogadosfm.com.br\/afogadosfm\/#\/schema\/person\/60e56f2cf5dc960fc093fe093d9e9057","name":"afogadosfm","image":{"@type":"ImageObject","inLanguage":"pt-BR","@id":"https:\/\/secure.gravatar.com\/avatar\/e0359add7ed5dc3560906d861b52c6a8cf5c1e199d3a7dd85070998f49bd4701?s=96&d=mm&r=g","url":"https:\/\/secure.gravatar.com\/avatar\/e0359add7ed5dc3560906d861b52c6a8cf5c1e199d3a7dd85070998f49bd4701?s=96&d=mm&r=g","contentUrl":"https:\/\/secure.gravatar.com\/avatar\/e0359add7ed5dc3560906d861b52c6a8cf5c1e199d3a7dd85070998f49bd4701?s=96&d=mm&r=g","caption":"afogadosfm"},"url":"https:\/\/afogadosfm.com.br\/afogadosfm\/author\/afogadosfm\/"}]}},"jetpack_publicize_connections":[],"jetpack_featured_media_url":"https:\/\/i0.wp.com\/afogadosfm.com.br\/afogadosfm\/wp-content\/uploads\/2026\/01\/affc.jpeg?fit=400%2C300&ssl=1","jetpack-related-posts":[],"jetpack_sharing_enabled":true,"jetpack_likes_enabled":true,"_links":{"self":[{"href":"https:\/\/afogadosfm.com.br\/afogadosfm\/wp-json\/wp\/v2\/posts\/72088","targetHints":{"allow":["GET"]}}],"collection":[{"href":"https:\/\/afogadosfm.com.br\/afogadosfm\/wp-json\/wp\/v2\/posts"}],"about":[{"href":"https:\/\/afogadosfm.com.br\/afogadosfm\/wp-json\/wp\/v2\/types\/post"}],"author":[{"embeddable":true,"href":"https:\/\/afogadosfm.com.br\/afogadosfm\/wp-json\/wp\/v2\/users\/2"}],"replies":[{"embeddable":true,"href":"https:\/\/afogadosfm.com.br\/afogadosfm\/wp-json\/wp\/v2\/comments?post=72088"}],"version-history":[{"count":2,"href":"https:\/\/afogadosfm.com.br\/afogadosfm\/wp-json\/wp\/v2\/posts\/72088\/revisions"}],"predecessor-version":[{"id":72091,"href":"https:\/\/afogadosfm.com.br\/afogadosfm\/wp-json\/wp\/v2\/posts\/72088\/revisions\/72091"}],"wp:featuredmedia":[{"embeddable":true,"href":"https:\/\/afogadosfm.com.br\/afogadosfm\/wp-json\/wp\/v2\/media\/72089"}],"wp:attachment":[{"href":"https:\/\/afogadosfm.com.br\/afogadosfm\/wp-json\/wp\/v2\/media?parent=72088"}],"wp:term":[{"taxonomy":"category","embeddable":true,"href":"https:\/\/afogadosfm.com.br\/afogadosfm\/wp-json\/wp\/v2\/categories?post=72088"},{"taxonomy":"post_tag","embeddable":true,"href":"https:\/\/afogadosfm.com.br\/afogadosfm\/wp-json\/wp\/v2\/tags?post=72088"}],"curies":[{"name":"wp","href":"https:\/\/api.w.org\/{rel}","templated":true}]}}