{"id":72096,"date":"2026-01-19T06:18:33","date_gmt":"2026-01-19T09:18:33","guid":{"rendered":"https:\/\/afogadosfm.com.br\/afogadosfm\/?p=72096"},"modified":"2026-01-19T06:18:34","modified_gmt":"2026-01-19T09:18:34","slug":"morre-aos-73-anos-o-ex-ministro-raul-jungmann","status":"publish","type":"post","link":"https:\/\/afogadosfm.com.br\/afogadosfm\/2026\/01\/19\/morre-aos-73-anos-o-ex-ministro-raul-jungmann\/","title":{"rendered":"Morre aos 73 anos o ex-ministro Raul Jungmann"},"content":{"rendered":"\n<p>O ex-ministro e ex-deputado federal Raul Jungmann faleceu na noite do domingo (18), em Bras\u00edlia, aos 73 anos. Ele estava internado no Hospital DF Star, onde lutava contra um c\u00e2ncer no p\u00e2ncreas diagnosticado h\u00e1 alguns anos.<\/p>\n\n\n\n<p>Ap\u00f3s um longo per\u00edodo hospitalizado, ele havia recebido alta e estava em casa sob cuidados paliativos, mas voltou para o hospital no \u00faltimo fim de semana, n\u00e3o resistindo \u00e0 doen\u00e7a.<\/p>\n\n\n\n<p>Nascido em 3 de abril de 1952, no Recife, Raul Belens Jungmann Pinto era filho do advogado S\u00edlvio Jungmann da Silva Pinto e de Ivanize Belens Jungmann Pinto. Estudou no Col\u00e9gio Americano Batista e na Escola Prof. Pedro Augusto Carneiro.<br>Em 1976, ingressou no curso de Psicologia da Universidade Cat\u00f3lica de Pernambuco, mas n\u00e3o chegou a concluir.<\/p>\n\n\n\n<p>Sua milit\u00e2ncia pol\u00edtica come\u00e7ou aos 22 anos, quando se filiou ao MDB. Ap\u00f3s a redemocratiza\u00e7\u00e3o, ingressou no PCB. No inicio dos anos 80, participou ativamente do Movimento Diretas J\u00e1. Em 1994, foi um dos fundadores do Partido Popular Socialista (PPS), atual Cidadania.<\/p>\n\n\n\n<p>Em 1990, com a posse do governador Carlos Wilson, foi nomeado secret\u00e1rio de Planejamento. Em 1993, mudou-se para Bras\u00edlia, assumindo o cargo de secret\u00e1rio-executivo do Minist\u00e9rio de Or\u00e7amento e Gest\u00e3o, no Governo Itamar Franco.<\/p>\n\n\n\n<p>Em 1995, no Governo Fernando Henrique Cardoso, a convite do ministro do Meio Ambiente, dos Recursos H\u00eddricos e da Amaz\u00f4nia Legal, Gustavo Krause, assumiu a presid\u00eancia do Ibama. Em abril de 1996, foi nomeado ministro extraordin\u00e1rio de Pol\u00edtica Fundi\u00e1ria, cargo que exerceu at\u00e9 1999. Em 2000, tornou-se ministro do Desenvolvimento Agr\u00e1rio.<\/p>\n\n\n\n<p>No ano de 2002, foi eleito deputado federal. Em 2006, reelegeu-se para seu segundo mandato. Em 2010, concorreu ao Senado, mas n\u00e3o se elegeu. Em 2012, foi eleito vereador do Recife, com 11.873 votos. Em 2014, candidatou-se novamente a deputado federal, ficando como primeiro suplente. Em 2015, retorna \u00e0 C\u00e2mara Federal para seu terceiro mandado. No Governo Michel Temer, foi ministro da Defesa e, em 2018,<br>tornou-se o primeiro titular do rec\u00e9m-criado Minist\u00e9rio da Seguran\u00e7a P\u00fablica.<br>Desde 2022, era diretor-presidente do Instituto Brasileiro de Minera\u00e7\u00e3o (Ibram).<\/p>\n\n\n\n<p>Do DP<\/p>\n","protected":false},"excerpt":{"rendered":"<p>O ex-ministro e ex-deputado federal Raul Jungmann faleceu na noite do domingo (18), em Bras\u00edlia, aos 73 anos. Ele estava<\/p>\n","protected":false},"author":2,"featured_media":72097,"comment_status":"open","ping_status":"open","sticky":false,"template":"","format":"standard","meta":{"jetpack_post_was_ever_published":false,"_jetpack_newsletter_access":"","_jetpack_dont_email_post_to_subs":false,"_jetpack_newsletter_tier_id":0,"_jetpack_memberships_contains_paywalled_content":false,"_jetpack_memberships_contains_paid_content":false,"footnotes":"","jetpack_publicize_message":"","jetpack_publicize_feature_enabled":true,"jetpack_social_post_already_shared":true,"jetpack_social_options":{"image_generator_settings":{"template":"highway","default_image_id":0,"font":"","enabled":false},"version":2}},"categories":[13],"tags":[],"class_list":["post-72096","post","type-post","status-publish","format-standard","has-post-thumbnail","hentry","category-pernambuco"],"yoast_head":"<!-- This site is optimized with the Yoast SEO plugin v27.5 - https:\/\/yoast.com\/product\/yoast-seo-wordpress\/ -->\n<title>Morre aos 73 anos o ex-ministro Raul Jungmann - Afogados FM<\/title>\n<meta name=\"robots\" content=\"index, follow, max-snippet:-1, max-image-preview:large, max-video-preview:-1\" \/>\n<link rel=\"canonical\" href=\"https:\/\/afogadosfm.com.br\/afogadosfm\/2026\/01\/19\/morre-aos-73-anos-o-ex-ministro-raul-jungmann\/\" \/>\n<meta property=\"og:locale\" content=\"pt_BR\" \/>\n<meta property=\"og:type\" content=\"article\" \/>\n<meta property=\"og:title\" content=\"Morre aos 73 anos o ex-ministro Raul Jungmann - Afogados FM\" \/>\n<meta property=\"og:description\" content=\"O ex-ministro e ex-deputado federal Raul Jungmann faleceu na noite do domingo (18), em Bras\u00edlia, aos 73 anos. Ele estava\" \/>\n<meta property=\"og:url\" content=\"https:\/\/afogadosfm.com.br\/afogadosfm\/2026\/01\/19\/morre-aos-73-anos-o-ex-ministro-raul-jungmann\/\" \/>\n<meta property=\"og:site_name\" content=\"Afogados FM\" \/>\n<meta property=\"article:published_time\" content=\"2026-01-19T09:18:33+00:00\" \/>\n<meta property=\"article:modified_time\" content=\"2026-01-19T09:18:34+00:00\" \/>\n<meta property=\"og:image\" content=\"https:\/\/afogadosfm.com.br\/afogadosfm\/wp-content\/uploads\/2026\/01\/baixados.webp\" \/>\n\t<meta property=\"og:image:width\" content=\"378\" \/>\n\t<meta property=\"og:image:height\" content=\"234\" \/>\n\t<meta property=\"og:image:type\" content=\"image\/webp\" \/>\n<meta name=\"author\" content=\"afogadosfm\" \/>\n<meta name=\"twitter:card\" content=\"summary_large_image\" \/>\n<meta name=\"twitter:label1\" content=\"Escrito por\" \/>\n\t<meta name=\"twitter:data1\" content=\"afogadosfm\" \/>\n\t<meta name=\"twitter:label2\" content=\"Est. tempo de leitura\" \/>\n\t<meta name=\"twitter:data2\" content=\"3 minutos\" \/>\n<script type=\"application\/ld+json\" class=\"yoast-schema-graph\">{\"@context\":\"https:\\\/\\\/schema.org\",\"@graph\":[{\"@type\":\"Article\",\"@id\":\"https:\\\/\\\/afogadosfm.com.br\\\/afogadosfm\\\/2026\\\/01\\\/19\\\/morre-aos-73-anos-o-ex-ministro-raul-jungmann\\\/#article\",\"isPartOf\":{\"@id\":\"https:\\\/\\\/afogadosfm.com.br\\\/afogadosfm\\\/2026\\\/01\\\/19\\\/morre-aos-73-anos-o-ex-ministro-raul-jungmann\\\/\"},\"author\":{\"name\":\"afogadosfm\",\"@id\":\"https:\\\/\\\/afogadosfm.com.br\\\/afogadosfm\\\/#\\\/schema\\\/person\\\/60e56f2cf5dc960fc093fe093d9e9057\"},\"headline\":\"Morre aos 73 anos o ex-ministro Raul Jungmann\",\"datePublished\":\"2026-01-19T09:18:33+00:00\",\"dateModified\":\"2026-01-19T09:18:34+00:00\",\"mainEntityOfPage\":{\"@id\":\"https:\\\/\\\/afogadosfm.com.br\\\/afogadosfm\\\/2026\\\/01\\\/19\\\/morre-aos-73-anos-o-ex-ministro-raul-jungmann\\\/\"},\"wordCount\":356,\"commentCount\":0,\"publisher\":{\"@id\":\"https:\\\/\\\/afogadosfm.com.br\\\/afogadosfm\\\/#organization\"},\"image\":{\"@id\":\"https:\\\/\\\/afogadosfm.com.br\\\/afogadosfm\\\/2026\\\/01\\\/19\\\/morre-aos-73-anos-o-ex-ministro-raul-jungmann\\\/#primaryimage\"},\"thumbnailUrl\":\"https:\\\/\\\/i0.wp.com\\\/afogadosfm.com.br\\\/afogadosfm\\\/wp-content\\\/uploads\\\/2026\\\/01\\\/baixados.webp?fit=378%2C234&ssl=1\",\"articleSection\":[\"Pernambuco\"],\"inLanguage\":\"pt-BR\",\"potentialAction\":[{\"@type\":\"CommentAction\",\"name\":\"Comment\",\"target\":[\"https:\\\/\\\/afogadosfm.com.br\\\/afogadosfm\\\/2026\\\/01\\\/19\\\/morre-aos-73-anos-o-ex-ministro-raul-jungmann\\\/#respond\"]}]},{\"@type\":\"WebPage\",\"@id\":\"https:\\\/\\\/afogadosfm.com.br\\\/afogadosfm\\\/2026\\\/01\\\/19\\\/morre-aos-73-anos-o-ex-ministro-raul-jungmann\\\/\",\"url\":\"https:\\\/\\\/afogadosfm.com.br\\\/afogadosfm\\\/2026\\\/01\\\/19\\\/morre-aos-73-anos-o-ex-ministro-raul-jungmann\\\/\",\"name\":\"Morre aos 73 anos o ex-ministro Raul Jungmann - Afogados FM\",\"isPartOf\":{\"@id\":\"https:\\\/\\\/afogadosfm.com.br\\\/afogadosfm\\\/#website\"},\"primaryImageOfPage\":{\"@id\":\"https:\\\/\\\/afogadosfm.com.br\\\/afogadosfm\\\/2026\\\/01\\\/19\\\/morre-aos-73-anos-o-ex-ministro-raul-jungmann\\\/#primaryimage\"},\"image\":{\"@id\":\"https:\\\/\\\/afogadosfm.com.br\\\/afogadosfm\\\/2026\\\/01\\\/19\\\/morre-aos-73-anos-o-ex-ministro-raul-jungmann\\\/#primaryimage\"},\"thumbnailUrl\":\"https:\\\/\\\/i0.wp.com\\\/afogadosfm.com.br\\\/afogadosfm\\\/wp-content\\\/uploads\\\/2026\\\/01\\\/baixados.webp?fit=378%2C234&ssl=1\",\"datePublished\":\"2026-01-19T09:18:33+00:00\",\"dateModified\":\"2026-01-19T09:18:34+00:00\",\"breadcrumb\":{\"@id\":\"https:\\\/\\\/afogadosfm.com.br\\\/afogadosfm\\\/2026\\\/01\\\/19\\\/morre-aos-73-anos-o-ex-ministro-raul-jungmann\\\/#breadcrumb\"},\"inLanguage\":\"pt-BR\",\"potentialAction\":[{\"@type\":\"ReadAction\",\"target\":[\"https:\\\/\\\/afogadosfm.com.br\\\/afogadosfm\\\/2026\\\/01\\\/19\\\/morre-aos-73-anos-o-ex-ministro-raul-jungmann\\\/\"]}]},{\"@type\":\"ImageObject\",\"inLanguage\":\"pt-BR\",\"@id\":\"https:\\\/\\\/afogadosfm.com.br\\\/afogadosfm\\\/2026\\\/01\\\/19\\\/morre-aos-73-anos-o-ex-ministro-raul-jungmann\\\/#primaryimage\",\"url\":\"https:\\\/\\\/i0.wp.com\\\/afogadosfm.com.br\\\/afogadosfm\\\/wp-content\\\/uploads\\\/2026\\\/01\\\/baixados.webp?fit=378%2C234&ssl=1\",\"contentUrl\":\"https:\\\/\\\/i0.wp.com\\\/afogadosfm.com.br\\\/afogadosfm\\\/wp-content\\\/uploads\\\/2026\\\/01\\\/baixados.webp?fit=378%2C234&ssl=1\",\"width\":378,\"height\":234},{\"@type\":\"BreadcrumbList\",\"@id\":\"https:\\\/\\\/afogadosfm.com.br\\\/afogadosfm\\\/2026\\\/01\\\/19\\\/morre-aos-73-anos-o-ex-ministro-raul-jungmann\\\/#breadcrumb\",\"itemListElement\":[{\"@type\":\"ListItem\",\"position\":1,\"name\":\"In\u00edcio\",\"item\":\"https:\\\/\\\/afogadosfm.com.br\\\/afogadosfm\\\/\"},{\"@type\":\"ListItem\",\"position\":2,\"name\":\"Morre aos 73 anos o ex-ministro Raul Jungmann\"}]},{\"@type\":\"WebSite\",\"@id\":\"https:\\\/\\\/afogadosfm.com.br\\\/afogadosfm\\\/#website\",\"url\":\"https:\\\/\\\/afogadosfm.com.br\\\/afogadosfm\\\/\",\"name\":\"Afogados FM\",\"description\":\"Um site completo!\",\"publisher\":{\"@id\":\"https:\\\/\\\/afogadosfm.com.br\\\/afogadosfm\\\/#organization\"},\"potentialAction\":[{\"@type\":\"SearchAction\",\"target\":{\"@type\":\"EntryPoint\",\"urlTemplate\":\"https:\\\/\\\/afogadosfm.com.br\\\/afogadosfm\\\/?s={search_term_string}\"},\"query-input\":{\"@type\":\"PropertyValueSpecification\",\"valueRequired\":true,\"valueName\":\"search_term_string\"}}],\"inLanguage\":\"pt-BR\"},{\"@type\":\"Organization\",\"@id\":\"https:\\\/\\\/afogadosfm.com.br\\\/afogadosfm\\\/#organization\",\"name\":\"Afogados FM\",\"url\":\"https:\\\/\\\/afogadosfm.com.br\\\/afogadosfm\\\/\",\"logo\":{\"@type\":\"ImageObject\",\"inLanguage\":\"pt-BR\",\"@id\":\"https:\\\/\\\/afogadosfm.com.br\\\/afogadosfm\\\/#\\\/schema\\\/logo\\\/image\\\/\",\"url\":\"https:\\\/\\\/i0.wp.com\\\/afogadosfm.com.br\\\/afogadosfm\\\/wp-content\\\/uploads\\\/2020\\\/06\\\/cropped-banner-afogados-4.jpg?fit=369%2C137&ssl=1\",\"contentUrl\":\"https:\\\/\\\/i0.wp.com\\\/afogadosfm.com.br\\\/afogadosfm\\\/wp-content\\\/uploads\\\/2020\\\/06\\\/cropped-banner-afogados-4.jpg?fit=369%2C137&ssl=1\",\"width\":369,\"height\":137,\"caption\":\"Afogados FM\"},\"image\":{\"@id\":\"https:\\\/\\\/afogadosfm.com.br\\\/afogadosfm\\\/#\\\/schema\\\/logo\\\/image\\\/\"}},{\"@type\":\"Person\",\"@id\":\"https:\\\/\\\/afogadosfm.com.br\\\/afogadosfm\\\/#\\\/schema\\\/person\\\/60e56f2cf5dc960fc093fe093d9e9057\",\"name\":\"afogadosfm\",\"image\":{\"@type\":\"ImageObject\",\"inLanguage\":\"pt-BR\",\"@id\":\"https:\\\/\\\/secure.gravatar.com\\\/avatar\\\/e0359add7ed5dc3560906d861b52c6a8cf5c1e199d3a7dd85070998f49bd4701?s=96&d=mm&r=g\",\"url\":\"https:\\\/\\\/secure.gravatar.com\\\/avatar\\\/e0359add7ed5dc3560906d861b52c6a8cf5c1e199d3a7dd85070998f49bd4701?s=96&d=mm&r=g\",\"contentUrl\":\"https:\\\/\\\/secure.gravatar.com\\\/avatar\\\/e0359add7ed5dc3560906d861b52c6a8cf5c1e199d3a7dd85070998f49bd4701?s=96&d=mm&r=g\",\"caption\":\"afogadosfm\"},\"url\":\"https:\\\/\\\/afogadosfm.com.br\\\/afogadosfm\\\/author\\\/afogadosfm\\\/\"}]}<\/script>\n<!-- \/ Yoast SEO plugin. -->","yoast_head_json":{"title":"Morre aos 73 anos o ex-ministro Raul Jungmann - Afogados FM","robots":{"index":"index","follow":"follow","max-snippet":"max-snippet:-1","max-image-preview":"max-image-preview:large","max-video-preview":"max-video-preview:-1"},"canonical":"https:\/\/afogadosfm.com.br\/afogadosfm\/2026\/01\/19\/morre-aos-73-anos-o-ex-ministro-raul-jungmann\/","og_locale":"pt_BR","og_type":"article","og_title":"Morre aos 73 anos o ex-ministro Raul Jungmann - Afogados FM","og_description":"O ex-ministro e ex-deputado federal Raul Jungmann faleceu na noite do domingo (18), em Bras\u00edlia, aos 73 anos. Ele estava","og_url":"https:\/\/afogadosfm.com.br\/afogadosfm\/2026\/01\/19\/morre-aos-73-anos-o-ex-ministro-raul-jungmann\/","og_site_name":"Afogados FM","article_published_time":"2026-01-19T09:18:33+00:00","article_modified_time":"2026-01-19T09:18:34+00:00","og_image":[{"width":378,"height":234,"url":"https:\/\/afogadosfm.com.br\/afogadosfm\/wp-content\/uploads\/2026\/01\/baixados.webp","type":"image\/webp"}],"author":"afogadosfm","twitter_card":"summary_large_image","twitter_misc":{"Escrito por":"afogadosfm","Est. tempo de leitura":"3 minutos"},"schema":{"@context":"https:\/\/schema.org","@graph":[{"@type":"Article","@id":"https:\/\/afogadosfm.com.br\/afogadosfm\/2026\/01\/19\/morre-aos-73-anos-o-ex-ministro-raul-jungmann\/#article","isPartOf":{"@id":"https:\/\/afogadosfm.com.br\/afogadosfm\/2026\/01\/19\/morre-aos-73-anos-o-ex-ministro-raul-jungmann\/"},"author":{"name":"afogadosfm","@id":"https:\/\/afogadosfm.com.br\/afogadosfm\/#\/schema\/person\/60e56f2cf5dc960fc093fe093d9e9057"},"headline":"Morre aos 73 anos o ex-ministro Raul Jungmann","datePublished":"2026-01-19T09:18:33+00:00","dateModified":"2026-01-19T09:18:34+00:00","mainEntityOfPage":{"@id":"https:\/\/afogadosfm.com.br\/afogadosfm\/2026\/01\/19\/morre-aos-73-anos-o-ex-ministro-raul-jungmann\/"},"wordCount":356,"commentCount":0,"publisher":{"@id":"https:\/\/afogadosfm.com.br\/afogadosfm\/#organization"},"image":{"@id":"https:\/\/afogadosfm.com.br\/afogadosfm\/2026\/01\/19\/morre-aos-73-anos-o-ex-ministro-raul-jungmann\/#primaryimage"},"thumbnailUrl":"https:\/\/i0.wp.com\/afogadosfm.com.br\/afogadosfm\/wp-content\/uploads\/2026\/01\/baixados.webp?fit=378%2C234&ssl=1","articleSection":["Pernambuco"],"inLanguage":"pt-BR","potentialAction":[{"@type":"CommentAction","name":"Comment","target":["https:\/\/afogadosfm.com.br\/afogadosfm\/2026\/01\/19\/morre-aos-73-anos-o-ex-ministro-raul-jungmann\/#respond"]}]},{"@type":"WebPage","@id":"https:\/\/afogadosfm.com.br\/afogadosfm\/2026\/01\/19\/morre-aos-73-anos-o-ex-ministro-raul-jungmann\/","url":"https:\/\/afogadosfm.com.br\/afogadosfm\/2026\/01\/19\/morre-aos-73-anos-o-ex-ministro-raul-jungmann\/","name":"Morre aos 73 anos o ex-ministro Raul Jungmann - Afogados FM","isPartOf":{"@id":"https:\/\/afogadosfm.com.br\/afogadosfm\/#website"},"primaryImageOfPage":{"@id":"https:\/\/afogadosfm.com.br\/afogadosfm\/2026\/01\/19\/morre-aos-73-anos-o-ex-ministro-raul-jungmann\/#primaryimage"},"image":{"@id":"https:\/\/afogadosfm.com.br\/afogadosfm\/2026\/01\/19\/morre-aos-73-anos-o-ex-ministro-raul-jungmann\/#primaryimage"},"thumbnailUrl":"https:\/\/i0.wp.com\/afogadosfm.com.br\/afogadosfm\/wp-content\/uploads\/2026\/01\/baixados.webp?fit=378%2C234&ssl=1","datePublished":"2026-01-19T09:18:33+00:00","dateModified":"2026-01-19T09:18:34+00:00","breadcrumb":{"@id":"https:\/\/afogadosfm.com.br\/afogadosfm\/2026\/01\/19\/morre-aos-73-anos-o-ex-ministro-raul-jungmann\/#breadcrumb"},"inLanguage":"pt-BR","potentialAction":[{"@type":"ReadAction","target":["https:\/\/afogadosfm.com.br\/afogadosfm\/2026\/01\/19\/morre-aos-73-anos-o-ex-ministro-raul-jungmann\/"]}]},{"@type":"ImageObject","inLanguage":"pt-BR","@id":"https:\/\/afogadosfm.com.br\/afogadosfm\/2026\/01\/19\/morre-aos-73-anos-o-ex-ministro-raul-jungmann\/#primaryimage","url":"https:\/\/i0.wp.com\/afogadosfm.com.br\/afogadosfm\/wp-content\/uploads\/2026\/01\/baixados.webp?fit=378%2C234&ssl=1","contentUrl":"https:\/\/i0.wp.com\/afogadosfm.com.br\/afogadosfm\/wp-content\/uploads\/2026\/01\/baixados.webp?fit=378%2C234&ssl=1","width":378,"height":234},{"@type":"BreadcrumbList","@id":"https:\/\/afogadosfm.com.br\/afogadosfm\/2026\/01\/19\/morre-aos-73-anos-o-ex-ministro-raul-jungmann\/#breadcrumb","itemListElement":[{"@type":"ListItem","position":1,"name":"In\u00edcio","item":"https:\/\/afogadosfm.com.br\/afogadosfm\/"},{"@type":"ListItem","position":2,"name":"Morre aos 73 anos o ex-ministro Raul Jungmann"}]},{"@type":"WebSite","@id":"https:\/\/afogadosfm.com.br\/afogadosfm\/#website","url":"https:\/\/afogadosfm.com.br\/afogadosfm\/","name":"Afogados FM","description":"Um site completo!","publisher":{"@id":"https:\/\/afogadosfm.com.br\/afogadosfm\/#organization"},"potentialAction":[{"@type":"SearchAction","target":{"@type":"EntryPoint","urlTemplate":"https:\/\/afogadosfm.com.br\/afogadosfm\/?s={search_term_string}"},"query-input":{"@type":"PropertyValueSpecification","valueRequired":true,"valueName":"search_term_string"}}],"inLanguage":"pt-BR"},{"@type":"Organization","@id":"https:\/\/afogadosfm.com.br\/afogadosfm\/#organization","name":"Afogados FM","url":"https:\/\/afogadosfm.com.br\/afogadosfm\/","logo":{"@type":"ImageObject","inLanguage":"pt-BR","@id":"https:\/\/afogadosfm.com.br\/afogadosfm\/#\/schema\/logo\/image\/","url":"https:\/\/i0.wp.com\/afogadosfm.com.br\/afogadosfm\/wp-content\/uploads\/2020\/06\/cropped-banner-afogados-4.jpg?fit=369%2C137&ssl=1","contentUrl":"https:\/\/i0.wp.com\/afogadosfm.com.br\/afogadosfm\/wp-content\/uploads\/2020\/06\/cropped-banner-afogados-4.jpg?fit=369%2C137&ssl=1","width":369,"height":137,"caption":"Afogados FM"},"image":{"@id":"https:\/\/afogadosfm.com.br\/afogadosfm\/#\/schema\/logo\/image\/"}},{"@type":"Person","@id":"https:\/\/afogadosfm.com.br\/afogadosfm\/#\/schema\/person\/60e56f2cf5dc960fc093fe093d9e9057","name":"afogadosfm","image":{"@type":"ImageObject","inLanguage":"pt-BR","@id":"https:\/\/secure.gravatar.com\/avatar\/e0359add7ed5dc3560906d861b52c6a8cf5c1e199d3a7dd85070998f49bd4701?s=96&d=mm&r=g","url":"https:\/\/secure.gravatar.com\/avatar\/e0359add7ed5dc3560906d861b52c6a8cf5c1e199d3a7dd85070998f49bd4701?s=96&d=mm&r=g","contentUrl":"https:\/\/secure.gravatar.com\/avatar\/e0359add7ed5dc3560906d861b52c6a8cf5c1e199d3a7dd85070998f49bd4701?s=96&d=mm&r=g","caption":"afogadosfm"},"url":"https:\/\/afogadosfm.com.br\/afogadosfm\/author\/afogadosfm\/"}]}},"jetpack_publicize_connections":[],"jetpack_featured_media_url":"https:\/\/i0.wp.com\/afogadosfm.com.br\/afogadosfm\/wp-content\/uploads\/2026\/01\/baixados.webp?fit=378%2C234&ssl=1","jetpack-related-posts":[],"jetpack_sharing_enabled":true,"jetpack_likes_enabled":true,"_links":{"self":[{"href":"https:\/\/afogadosfm.com.br\/afogadosfm\/wp-json\/wp\/v2\/posts\/72096","targetHints":{"allow":["GET"]}}],"collection":[{"href":"https:\/\/afogadosfm.com.br\/afogadosfm\/wp-json\/wp\/v2\/posts"}],"about":[{"href":"https:\/\/afogadosfm.com.br\/afogadosfm\/wp-json\/wp\/v2\/types\/post"}],"author":[{"embeddable":true,"href":"https:\/\/afogadosfm.com.br\/afogadosfm\/wp-json\/wp\/v2\/users\/2"}],"replies":[{"embeddable":true,"href":"https:\/\/afogadosfm.com.br\/afogadosfm\/wp-json\/wp\/v2\/comments?post=72096"}],"version-history":[{"count":1,"href":"https:\/\/afogadosfm.com.br\/afogadosfm\/wp-json\/wp\/v2\/posts\/72096\/revisions"}],"predecessor-version":[{"id":72098,"href":"https:\/\/afogadosfm.com.br\/afogadosfm\/wp-json\/wp\/v2\/posts\/72096\/revisions\/72098"}],"wp:featuredmedia":[{"embeddable":true,"href":"https:\/\/afogadosfm.com.br\/afogadosfm\/wp-json\/wp\/v2\/media\/72097"}],"wp:attachment":[{"href":"https:\/\/afogadosfm.com.br\/afogadosfm\/wp-json\/wp\/v2\/media?parent=72096"}],"wp:term":[{"taxonomy":"category","embeddable":true,"href":"https:\/\/afogadosfm.com.br\/afogadosfm\/wp-json\/wp\/v2\/categories?post=72096"},{"taxonomy":"post_tag","embeddable":true,"href":"https:\/\/afogadosfm.com.br\/afogadosfm\/wp-json\/wp\/v2\/tags?post=72096"}],"curies":[{"name":"wp","href":"https:\/\/api.w.org\/{rel}","templated":true}]}}