{"id":72111,"date":"2026-01-19T07:35:56","date_gmt":"2026-01-19T10:35:56","guid":{"rendered":"https:\/\/afogadosfm.com.br\/afogadosfm\/?p=72111"},"modified":"2026-01-19T07:35:56","modified_gmt":"2026-01-19T10:35:56","slug":"audiencia-do-streaming-cresce-e-ja-se-aproxima-da-tv-aberta","status":"publish","type":"post","link":"https:\/\/afogadosfm.com.br\/afogadosfm\/2026\/01\/19\/audiencia-do-streaming-cresce-e-ja-se-aproxima-da-tv-aberta\/","title":{"rendered":"Audi\u00eancia do streaming cresce e j\u00e1 se aproxima da TV aberta"},"content":{"rendered":"\n<p>O consumo de streaming no Brasil se aproximou da audi\u00eancia da TV aberta e j\u00e1 responde por 37,2% do total assistido nos lares do pa\u00eds, segundo levantamento da Kantar Ibope referente a dezembro de 2025. No mesmo per\u00edodo, a televis\u00e3o linear \u2014 que inclui TV aberta e paga \u2014 concentrou 62,8% do consumo, sendo 55,8% apenas da TV aberta. Os dados mostram uma mudan\u00e7a estrutural no h\u00e1bito do p\u00fablico brasileiro.<\/p>\n\n\n\n<p>O estudo considera o uso de diferentes dispositivos, como televisores, celulares, tablets e computadores. Nesse recorte amplo, o v\u00eddeo online foi liderado pelo YouTube, com 21,6% da audi\u00eancia total, desempenho superior \u00e0 soma de todas as plataformas de streaming pagas. Em seguida aparecem Netflix, com 5,6%, e TikTok, com 5%.<\/p>\n\n\n\n<p>Quando a an\u00e1lise se restringe apenas ao consumo feito por televisores, a TV linear mant\u00e9m vantagem maior, com 74,4% da audi\u00eancia, enquanto o v\u00eddeo online responde por 25,6%. Mesmo assim, o avan\u00e7o do streaming nesse ambiente refor\u00e7a a tend\u00eancia de migra\u00e7\u00e3o gradual do p\u00fablico para conte\u00fados sob demanda, inclusive na principal tela da casa.<\/p>\n\n\n\n<p>Entre os servi\u00e7os pagos, a lideran\u00e7a segue com a Netflix, que registrou crescimento de 20% em rela\u00e7\u00e3o ao ano anterior. Na sequ\u00eancia aparece o Globoplay, com 1,7% do consumo total, \u00e0 frente de plataformas como Prime Video, HBO Max e Disney+, que apresentaram participa\u00e7\u00e3o inferior a 1% cada.<\/p>\n\n\n\n<p>O levantamento tamb\u00e9m evidencia o enfraquecimento da TV por assinatura. Considerando todos os dispositivos, a TV paga ficou com apenas 6,9% do consumo, sendo superada em mais de cinco vezes pelo v\u00eddeo online. O dado confirma a perda de relev\u00e2ncia do modelo tradicional de canais fechados diante da oferta digital.<\/p>\n\n\n\n<p>Esse cen\u00e1rio ocorre em meio \u00e0s discuss\u00f5es sobre o chamado PL do streaming, que trata da regula\u00e7\u00e3o e da poss\u00edvel taxa\u00e7\u00e3o das plataformas no Brasil. Com a audi\u00eancia dos servi\u00e7os digitais cada vez mais pr\u00f3xima da TV aberta, o tema deve ganhar novo f\u00f4lego no Congresso a partir de fevereiro, refletindo o peso econ\u00f4mico e cultural que o streaming passou a ter no pa\u00eds.<\/p>\n","protected":false},"excerpt":{"rendered":"<p>O consumo de streaming no Brasil se aproximou da audi\u00eancia da TV aberta e j\u00e1 responde por 37,2% do total<\/p>\n","protected":false},"author":2,"featured_media":72112,"comment_status":"open","ping_status":"open","sticky":false,"template":"","format":"standard","meta":{"jetpack_post_was_ever_published":false,"_jetpack_newsletter_access":"","_jetpack_dont_email_post_to_subs":false,"_jetpack_newsletter_tier_id":0,"_jetpack_memberships_contains_paywalled_content":false,"_jetpack_memberships_contains_paid_content":false,"footnotes":"","jetpack_publicize_message":"","jetpack_publicize_feature_enabled":true,"jetpack_social_post_already_shared":true,"jetpack_social_options":{"image_generator_settings":{"template":"highway","default_image_id":0,"font":"","enabled":false},"version":2}},"categories":[12],"tags":[],"class_list":["post-72111","post","type-post","status-publish","format-standard","has-post-thumbnail","hentry","category-brasil"],"yoast_head":"<!-- This site is optimized with the Yoast SEO plugin v27.5 - https:\/\/yoast.com\/product\/yoast-seo-wordpress\/ -->\n<title>Audi\u00eancia do streaming cresce e j\u00e1 se aproxima da TV aberta - Afogados FM<\/title>\n<meta name=\"robots\" content=\"index, follow, max-snippet:-1, max-image-preview:large, max-video-preview:-1\" \/>\n<link rel=\"canonical\" href=\"https:\/\/afogadosfm.com.br\/afogadosfm\/2026\/01\/19\/audiencia-do-streaming-cresce-e-ja-se-aproxima-da-tv-aberta\/\" \/>\n<meta property=\"og:locale\" content=\"pt_BR\" \/>\n<meta property=\"og:type\" content=\"article\" \/>\n<meta property=\"og:title\" content=\"Audi\u00eancia do streaming cresce e j\u00e1 se aproxima da TV aberta - Afogados FM\" \/>\n<meta property=\"og:description\" content=\"O consumo de streaming no Brasil se aproximou da audi\u00eancia da TV aberta e j\u00e1 responde por 37,2% do total\" \/>\n<meta property=\"og:url\" content=\"https:\/\/afogadosfm.com.br\/afogadosfm\/2026\/01\/19\/audiencia-do-streaming-cresce-e-ja-se-aproxima-da-tv-aberta\/\" \/>\n<meta property=\"og:site_name\" content=\"Afogados FM\" \/>\n<meta property=\"article:published_time\" content=\"2026-01-19T10:35:56+00:00\" \/>\n<meta property=\"og:image\" content=\"https:\/\/afogadosfm.com.br\/afogadosfm\/wp-content\/uploads\/2026\/01\/OIP.webp\" \/>\n\t<meta property=\"og:image:width\" content=\"418\" \/>\n\t<meta property=\"og:image:height\" content=\"235\" \/>\n\t<meta property=\"og:image:type\" content=\"image\/webp\" \/>\n<meta name=\"author\" content=\"afogadosfm\" \/>\n<meta name=\"twitter:card\" content=\"summary_large_image\" \/>\n<meta name=\"twitter:label1\" content=\"Escrito por\" \/>\n\t<meta name=\"twitter:data1\" content=\"afogadosfm\" \/>\n\t<meta name=\"twitter:label2\" content=\"Est. tempo de leitura\" \/>\n\t<meta name=\"twitter:data2\" content=\"3 minutos\" \/>\n<script type=\"application\/ld+json\" class=\"yoast-schema-graph\">{\"@context\":\"https:\\\/\\\/schema.org\",\"@graph\":[{\"@type\":\"Article\",\"@id\":\"https:\\\/\\\/afogadosfm.com.br\\\/afogadosfm\\\/2026\\\/01\\\/19\\\/audiencia-do-streaming-cresce-e-ja-se-aproxima-da-tv-aberta\\\/#article\",\"isPartOf\":{\"@id\":\"https:\\\/\\\/afogadosfm.com.br\\\/afogadosfm\\\/2026\\\/01\\\/19\\\/audiencia-do-streaming-cresce-e-ja-se-aproxima-da-tv-aberta\\\/\"},\"author\":{\"name\":\"afogadosfm\",\"@id\":\"https:\\\/\\\/afogadosfm.com.br\\\/afogadosfm\\\/#\\\/schema\\\/person\\\/60e56f2cf5dc960fc093fe093d9e9057\"},\"headline\":\"Audi\u00eancia do streaming cresce e j\u00e1 se aproxima da TV aberta\",\"datePublished\":\"2026-01-19T10:35:56+00:00\",\"mainEntityOfPage\":{\"@id\":\"https:\\\/\\\/afogadosfm.com.br\\\/afogadosfm\\\/2026\\\/01\\\/19\\\/audiencia-do-streaming-cresce-e-ja-se-aproxima-da-tv-aberta\\\/\"},\"wordCount\":369,\"commentCount\":0,\"publisher\":{\"@id\":\"https:\\\/\\\/afogadosfm.com.br\\\/afogadosfm\\\/#organization\"},\"image\":{\"@id\":\"https:\\\/\\\/afogadosfm.com.br\\\/afogadosfm\\\/2026\\\/01\\\/19\\\/audiencia-do-streaming-cresce-e-ja-se-aproxima-da-tv-aberta\\\/#primaryimage\"},\"thumbnailUrl\":\"https:\\\/\\\/i0.wp.com\\\/afogadosfm.com.br\\\/afogadosfm\\\/wp-content\\\/uploads\\\/2026\\\/01\\\/OIP.webp?fit=418%2C235&ssl=1\",\"articleSection\":[\"Brasil\"],\"inLanguage\":\"pt-BR\",\"potentialAction\":[{\"@type\":\"CommentAction\",\"name\":\"Comment\",\"target\":[\"https:\\\/\\\/afogadosfm.com.br\\\/afogadosfm\\\/2026\\\/01\\\/19\\\/audiencia-do-streaming-cresce-e-ja-se-aproxima-da-tv-aberta\\\/#respond\"]}]},{\"@type\":\"WebPage\",\"@id\":\"https:\\\/\\\/afogadosfm.com.br\\\/afogadosfm\\\/2026\\\/01\\\/19\\\/audiencia-do-streaming-cresce-e-ja-se-aproxima-da-tv-aberta\\\/\",\"url\":\"https:\\\/\\\/afogadosfm.com.br\\\/afogadosfm\\\/2026\\\/01\\\/19\\\/audiencia-do-streaming-cresce-e-ja-se-aproxima-da-tv-aberta\\\/\",\"name\":\"Audi\u00eancia do streaming cresce e j\u00e1 se aproxima da TV aberta - Afogados FM\",\"isPartOf\":{\"@id\":\"https:\\\/\\\/afogadosfm.com.br\\\/afogadosfm\\\/#website\"},\"primaryImageOfPage\":{\"@id\":\"https:\\\/\\\/afogadosfm.com.br\\\/afogadosfm\\\/2026\\\/01\\\/19\\\/audiencia-do-streaming-cresce-e-ja-se-aproxima-da-tv-aberta\\\/#primaryimage\"},\"image\":{\"@id\":\"https:\\\/\\\/afogadosfm.com.br\\\/afogadosfm\\\/2026\\\/01\\\/19\\\/audiencia-do-streaming-cresce-e-ja-se-aproxima-da-tv-aberta\\\/#primaryimage\"},\"thumbnailUrl\":\"https:\\\/\\\/i0.wp.com\\\/afogadosfm.com.br\\\/afogadosfm\\\/wp-content\\\/uploads\\\/2026\\\/01\\\/OIP.webp?fit=418%2C235&ssl=1\",\"datePublished\":\"2026-01-19T10:35:56+00:00\",\"breadcrumb\":{\"@id\":\"https:\\\/\\\/afogadosfm.com.br\\\/afogadosfm\\\/2026\\\/01\\\/19\\\/audiencia-do-streaming-cresce-e-ja-se-aproxima-da-tv-aberta\\\/#breadcrumb\"},\"inLanguage\":\"pt-BR\",\"potentialAction\":[{\"@type\":\"ReadAction\",\"target\":[\"https:\\\/\\\/afogadosfm.com.br\\\/afogadosfm\\\/2026\\\/01\\\/19\\\/audiencia-do-streaming-cresce-e-ja-se-aproxima-da-tv-aberta\\\/\"]}]},{\"@type\":\"ImageObject\",\"inLanguage\":\"pt-BR\",\"@id\":\"https:\\\/\\\/afogadosfm.com.br\\\/afogadosfm\\\/2026\\\/01\\\/19\\\/audiencia-do-streaming-cresce-e-ja-se-aproxima-da-tv-aberta\\\/#primaryimage\",\"url\":\"https:\\\/\\\/i0.wp.com\\\/afogadosfm.com.br\\\/afogadosfm\\\/wp-content\\\/uploads\\\/2026\\\/01\\\/OIP.webp?fit=418%2C235&ssl=1\",\"contentUrl\":\"https:\\\/\\\/i0.wp.com\\\/afogadosfm.com.br\\\/afogadosfm\\\/wp-content\\\/uploads\\\/2026\\\/01\\\/OIP.webp?fit=418%2C235&ssl=1\",\"width\":418,\"height\":235},{\"@type\":\"BreadcrumbList\",\"@id\":\"https:\\\/\\\/afogadosfm.com.br\\\/afogadosfm\\\/2026\\\/01\\\/19\\\/audiencia-do-streaming-cresce-e-ja-se-aproxima-da-tv-aberta\\\/#breadcrumb\",\"itemListElement\":[{\"@type\":\"ListItem\",\"position\":1,\"name\":\"In\u00edcio\",\"item\":\"https:\\\/\\\/afogadosfm.com.br\\\/afogadosfm\\\/\"},{\"@type\":\"ListItem\",\"position\":2,\"name\":\"Audi\u00eancia do streaming cresce e j\u00e1 se aproxima da TV aberta\"}]},{\"@type\":\"WebSite\",\"@id\":\"https:\\\/\\\/afogadosfm.com.br\\\/afogadosfm\\\/#website\",\"url\":\"https:\\\/\\\/afogadosfm.com.br\\\/afogadosfm\\\/\",\"name\":\"Afogados FM\",\"description\":\"Um site completo!\",\"publisher\":{\"@id\":\"https:\\\/\\\/afogadosfm.com.br\\\/afogadosfm\\\/#organization\"},\"potentialAction\":[{\"@type\":\"SearchAction\",\"target\":{\"@type\":\"EntryPoint\",\"urlTemplate\":\"https:\\\/\\\/afogadosfm.com.br\\\/afogadosfm\\\/?s={search_term_string}\"},\"query-input\":{\"@type\":\"PropertyValueSpecification\",\"valueRequired\":true,\"valueName\":\"search_term_string\"}}],\"inLanguage\":\"pt-BR\"},{\"@type\":\"Organization\",\"@id\":\"https:\\\/\\\/afogadosfm.com.br\\\/afogadosfm\\\/#organization\",\"name\":\"Afogados FM\",\"url\":\"https:\\\/\\\/afogadosfm.com.br\\\/afogadosfm\\\/\",\"logo\":{\"@type\":\"ImageObject\",\"inLanguage\":\"pt-BR\",\"@id\":\"https:\\\/\\\/afogadosfm.com.br\\\/afogadosfm\\\/#\\\/schema\\\/logo\\\/image\\\/\",\"url\":\"https:\\\/\\\/i0.wp.com\\\/afogadosfm.com.br\\\/afogadosfm\\\/wp-content\\\/uploads\\\/2020\\\/06\\\/cropped-banner-afogados-4.jpg?fit=369%2C137&ssl=1\",\"contentUrl\":\"https:\\\/\\\/i0.wp.com\\\/afogadosfm.com.br\\\/afogadosfm\\\/wp-content\\\/uploads\\\/2020\\\/06\\\/cropped-banner-afogados-4.jpg?fit=369%2C137&ssl=1\",\"width\":369,\"height\":137,\"caption\":\"Afogados FM\"},\"image\":{\"@id\":\"https:\\\/\\\/afogadosfm.com.br\\\/afogadosfm\\\/#\\\/schema\\\/logo\\\/image\\\/\"}},{\"@type\":\"Person\",\"@id\":\"https:\\\/\\\/afogadosfm.com.br\\\/afogadosfm\\\/#\\\/schema\\\/person\\\/60e56f2cf5dc960fc093fe093d9e9057\",\"name\":\"afogadosfm\",\"image\":{\"@type\":\"ImageObject\",\"inLanguage\":\"pt-BR\",\"@id\":\"https:\\\/\\\/secure.gravatar.com\\\/avatar\\\/e0359add7ed5dc3560906d861b52c6a8cf5c1e199d3a7dd85070998f49bd4701?s=96&d=mm&r=g\",\"url\":\"https:\\\/\\\/secure.gravatar.com\\\/avatar\\\/e0359add7ed5dc3560906d861b52c6a8cf5c1e199d3a7dd85070998f49bd4701?s=96&d=mm&r=g\",\"contentUrl\":\"https:\\\/\\\/secure.gravatar.com\\\/avatar\\\/e0359add7ed5dc3560906d861b52c6a8cf5c1e199d3a7dd85070998f49bd4701?s=96&d=mm&r=g\",\"caption\":\"afogadosfm\"},\"url\":\"https:\\\/\\\/afogadosfm.com.br\\\/afogadosfm\\\/author\\\/afogadosfm\\\/\"}]}<\/script>\n<!-- \/ Yoast SEO plugin. -->","yoast_head_json":{"title":"Audi\u00eancia do streaming cresce e j\u00e1 se aproxima da TV aberta - Afogados FM","robots":{"index":"index","follow":"follow","max-snippet":"max-snippet:-1","max-image-preview":"max-image-preview:large","max-video-preview":"max-video-preview:-1"},"canonical":"https:\/\/afogadosfm.com.br\/afogadosfm\/2026\/01\/19\/audiencia-do-streaming-cresce-e-ja-se-aproxima-da-tv-aberta\/","og_locale":"pt_BR","og_type":"article","og_title":"Audi\u00eancia do streaming cresce e j\u00e1 se aproxima da TV aberta - Afogados FM","og_description":"O consumo de streaming no Brasil se aproximou da audi\u00eancia da TV aberta e j\u00e1 responde por 37,2% do total","og_url":"https:\/\/afogadosfm.com.br\/afogadosfm\/2026\/01\/19\/audiencia-do-streaming-cresce-e-ja-se-aproxima-da-tv-aberta\/","og_site_name":"Afogados FM","article_published_time":"2026-01-19T10:35:56+00:00","og_image":[{"width":418,"height":235,"url":"https:\/\/afogadosfm.com.br\/afogadosfm\/wp-content\/uploads\/2026\/01\/OIP.webp","type":"image\/webp"}],"author":"afogadosfm","twitter_card":"summary_large_image","twitter_misc":{"Escrito por":"afogadosfm","Est. tempo de leitura":"3 minutos"},"schema":{"@context":"https:\/\/schema.org","@graph":[{"@type":"Article","@id":"https:\/\/afogadosfm.com.br\/afogadosfm\/2026\/01\/19\/audiencia-do-streaming-cresce-e-ja-se-aproxima-da-tv-aberta\/#article","isPartOf":{"@id":"https:\/\/afogadosfm.com.br\/afogadosfm\/2026\/01\/19\/audiencia-do-streaming-cresce-e-ja-se-aproxima-da-tv-aberta\/"},"author":{"name":"afogadosfm","@id":"https:\/\/afogadosfm.com.br\/afogadosfm\/#\/schema\/person\/60e56f2cf5dc960fc093fe093d9e9057"},"headline":"Audi\u00eancia do streaming cresce e j\u00e1 se aproxima da TV aberta","datePublished":"2026-01-19T10:35:56+00:00","mainEntityOfPage":{"@id":"https:\/\/afogadosfm.com.br\/afogadosfm\/2026\/01\/19\/audiencia-do-streaming-cresce-e-ja-se-aproxima-da-tv-aberta\/"},"wordCount":369,"commentCount":0,"publisher":{"@id":"https:\/\/afogadosfm.com.br\/afogadosfm\/#organization"},"image":{"@id":"https:\/\/afogadosfm.com.br\/afogadosfm\/2026\/01\/19\/audiencia-do-streaming-cresce-e-ja-se-aproxima-da-tv-aberta\/#primaryimage"},"thumbnailUrl":"https:\/\/i0.wp.com\/afogadosfm.com.br\/afogadosfm\/wp-content\/uploads\/2026\/01\/OIP.webp?fit=418%2C235&ssl=1","articleSection":["Brasil"],"inLanguage":"pt-BR","potentialAction":[{"@type":"CommentAction","name":"Comment","target":["https:\/\/afogadosfm.com.br\/afogadosfm\/2026\/01\/19\/audiencia-do-streaming-cresce-e-ja-se-aproxima-da-tv-aberta\/#respond"]}]},{"@type":"WebPage","@id":"https:\/\/afogadosfm.com.br\/afogadosfm\/2026\/01\/19\/audiencia-do-streaming-cresce-e-ja-se-aproxima-da-tv-aberta\/","url":"https:\/\/afogadosfm.com.br\/afogadosfm\/2026\/01\/19\/audiencia-do-streaming-cresce-e-ja-se-aproxima-da-tv-aberta\/","name":"Audi\u00eancia do streaming cresce e j\u00e1 se aproxima da TV aberta - Afogados FM","isPartOf":{"@id":"https:\/\/afogadosfm.com.br\/afogadosfm\/#website"},"primaryImageOfPage":{"@id":"https:\/\/afogadosfm.com.br\/afogadosfm\/2026\/01\/19\/audiencia-do-streaming-cresce-e-ja-se-aproxima-da-tv-aberta\/#primaryimage"},"image":{"@id":"https:\/\/afogadosfm.com.br\/afogadosfm\/2026\/01\/19\/audiencia-do-streaming-cresce-e-ja-se-aproxima-da-tv-aberta\/#primaryimage"},"thumbnailUrl":"https:\/\/i0.wp.com\/afogadosfm.com.br\/afogadosfm\/wp-content\/uploads\/2026\/01\/OIP.webp?fit=418%2C235&ssl=1","datePublished":"2026-01-19T10:35:56+00:00","breadcrumb":{"@id":"https:\/\/afogadosfm.com.br\/afogadosfm\/2026\/01\/19\/audiencia-do-streaming-cresce-e-ja-se-aproxima-da-tv-aberta\/#breadcrumb"},"inLanguage":"pt-BR","potentialAction":[{"@type":"ReadAction","target":["https:\/\/afogadosfm.com.br\/afogadosfm\/2026\/01\/19\/audiencia-do-streaming-cresce-e-ja-se-aproxima-da-tv-aberta\/"]}]},{"@type":"ImageObject","inLanguage":"pt-BR","@id":"https:\/\/afogadosfm.com.br\/afogadosfm\/2026\/01\/19\/audiencia-do-streaming-cresce-e-ja-se-aproxima-da-tv-aberta\/#primaryimage","url":"https:\/\/i0.wp.com\/afogadosfm.com.br\/afogadosfm\/wp-content\/uploads\/2026\/01\/OIP.webp?fit=418%2C235&ssl=1","contentUrl":"https:\/\/i0.wp.com\/afogadosfm.com.br\/afogadosfm\/wp-content\/uploads\/2026\/01\/OIP.webp?fit=418%2C235&ssl=1","width":418,"height":235},{"@type":"BreadcrumbList","@id":"https:\/\/afogadosfm.com.br\/afogadosfm\/2026\/01\/19\/audiencia-do-streaming-cresce-e-ja-se-aproxima-da-tv-aberta\/#breadcrumb","itemListElement":[{"@type":"ListItem","position":1,"name":"In\u00edcio","item":"https:\/\/afogadosfm.com.br\/afogadosfm\/"},{"@type":"ListItem","position":2,"name":"Audi\u00eancia do streaming cresce e j\u00e1 se aproxima da TV aberta"}]},{"@type":"WebSite","@id":"https:\/\/afogadosfm.com.br\/afogadosfm\/#website","url":"https:\/\/afogadosfm.com.br\/afogadosfm\/","name":"Afogados FM","description":"Um site completo!","publisher":{"@id":"https:\/\/afogadosfm.com.br\/afogadosfm\/#organization"},"potentialAction":[{"@type":"SearchAction","target":{"@type":"EntryPoint","urlTemplate":"https:\/\/afogadosfm.com.br\/afogadosfm\/?s={search_term_string}"},"query-input":{"@type":"PropertyValueSpecification","valueRequired":true,"valueName":"search_term_string"}}],"inLanguage":"pt-BR"},{"@type":"Organization","@id":"https:\/\/afogadosfm.com.br\/afogadosfm\/#organization","name":"Afogados FM","url":"https:\/\/afogadosfm.com.br\/afogadosfm\/","logo":{"@type":"ImageObject","inLanguage":"pt-BR","@id":"https:\/\/afogadosfm.com.br\/afogadosfm\/#\/schema\/logo\/image\/","url":"https:\/\/i0.wp.com\/afogadosfm.com.br\/afogadosfm\/wp-content\/uploads\/2020\/06\/cropped-banner-afogados-4.jpg?fit=369%2C137&ssl=1","contentUrl":"https:\/\/i0.wp.com\/afogadosfm.com.br\/afogadosfm\/wp-content\/uploads\/2020\/06\/cropped-banner-afogados-4.jpg?fit=369%2C137&ssl=1","width":369,"height":137,"caption":"Afogados FM"},"image":{"@id":"https:\/\/afogadosfm.com.br\/afogadosfm\/#\/schema\/logo\/image\/"}},{"@type":"Person","@id":"https:\/\/afogadosfm.com.br\/afogadosfm\/#\/schema\/person\/60e56f2cf5dc960fc093fe093d9e9057","name":"afogadosfm","image":{"@type":"ImageObject","inLanguage":"pt-BR","@id":"https:\/\/secure.gravatar.com\/avatar\/e0359add7ed5dc3560906d861b52c6a8cf5c1e199d3a7dd85070998f49bd4701?s=96&d=mm&r=g","url":"https:\/\/secure.gravatar.com\/avatar\/e0359add7ed5dc3560906d861b52c6a8cf5c1e199d3a7dd85070998f49bd4701?s=96&d=mm&r=g","contentUrl":"https:\/\/secure.gravatar.com\/avatar\/e0359add7ed5dc3560906d861b52c6a8cf5c1e199d3a7dd85070998f49bd4701?s=96&d=mm&r=g","caption":"afogadosfm"},"url":"https:\/\/afogadosfm.com.br\/afogadosfm\/author\/afogadosfm\/"}]}},"jetpack_publicize_connections":[],"jetpack_featured_media_url":"https:\/\/i0.wp.com\/afogadosfm.com.br\/afogadosfm\/wp-content\/uploads\/2026\/01\/OIP.webp?fit=418%2C235&ssl=1","jetpack-related-posts":[],"jetpack_sharing_enabled":true,"jetpack_likes_enabled":true,"_links":{"self":[{"href":"https:\/\/afogadosfm.com.br\/afogadosfm\/wp-json\/wp\/v2\/posts\/72111","targetHints":{"allow":["GET"]}}],"collection":[{"href":"https:\/\/afogadosfm.com.br\/afogadosfm\/wp-json\/wp\/v2\/posts"}],"about":[{"href":"https:\/\/afogadosfm.com.br\/afogadosfm\/wp-json\/wp\/v2\/types\/post"}],"author":[{"embeddable":true,"href":"https:\/\/afogadosfm.com.br\/afogadosfm\/wp-json\/wp\/v2\/users\/2"}],"replies":[{"embeddable":true,"href":"https:\/\/afogadosfm.com.br\/afogadosfm\/wp-json\/wp\/v2\/comments?post=72111"}],"version-history":[{"count":1,"href":"https:\/\/afogadosfm.com.br\/afogadosfm\/wp-json\/wp\/v2\/posts\/72111\/revisions"}],"predecessor-version":[{"id":72113,"href":"https:\/\/afogadosfm.com.br\/afogadosfm\/wp-json\/wp\/v2\/posts\/72111\/revisions\/72113"}],"wp:featuredmedia":[{"embeddable":true,"href":"https:\/\/afogadosfm.com.br\/afogadosfm\/wp-json\/wp\/v2\/media\/72112"}],"wp:attachment":[{"href":"https:\/\/afogadosfm.com.br\/afogadosfm\/wp-json\/wp\/v2\/media?parent=72111"}],"wp:term":[{"taxonomy":"category","embeddable":true,"href":"https:\/\/afogadosfm.com.br\/afogadosfm\/wp-json\/wp\/v2\/categories?post=72111"},{"taxonomy":"post_tag","embeddable":true,"href":"https:\/\/afogadosfm.com.br\/afogadosfm\/wp-json\/wp\/v2\/tags?post=72111"}],"curies":[{"name":"wp","href":"https:\/\/api.w.org\/{rel}","templated":true}]}}