{"id":72116,"date":"2026-01-20T06:07:43","date_gmt":"2026-01-20T09:07:43","guid":{"rendered":"https:\/\/afogadosfm.com.br\/afogadosfm\/?p=72116"},"modified":"2026-01-20T06:07:44","modified_gmt":"2026-01-20T09:07:44","slug":"procon-pe-aplica-multa-em-r-12-mil-barraca-onde-casal-foi-agredido-em-porto-de-galinhas","status":"publish","type":"post","link":"https:\/\/afogadosfm.com.br\/afogadosfm\/2026\/01\/20\/procon-pe-aplica-multa-em-r-12-mil-barraca-onde-casal-foi-agredido-em-porto-de-galinhas\/","title":{"rendered":"Procon-PE aplica multa em R$ 12 mil barraca onde casal foi agredido em Porto de Galinhas"},"content":{"rendered":"\n<p>O Procon Pernambuco multou, em R$ 12 mil, a barraca onde um casal de turistas do Mato Grosso foi agredido, na praia de Porto de Galinhas, no Litoral Sul de Pernambuco, em 27 de dezembro. A medida ocorre em meio \u00e0 Opera\u00e7\u00e3o Consumo Livre, que fiscalizou 45 barracas da orla em parceria com a Pol\u00edcia Militar (PMPE) e a prefeitura de Ipojuca. \u00c0 \u00e9poca da agress\u00e3o, a Barraca da Maura teve as atividades suspensas por uma semana, mas segundo confirmado pela gest\u00e3o municipal \u00e0 reportagem da CBN Recife, j\u00e1 havia retomado as atividades.<\/p>\n\n\n\n<p>De acordo com o Procon-PE, a penalidade foi formalizada por meio de um Auto de Infra\u00e7\u00e3o, tendo sido evidenciados viola\u00e7\u00e3o aos direitos b\u00e1sicos do consumidor, pr\u00e1tica abusiva e falha grave na presta\u00e7\u00e3o do servi\u00e7o, com exposi\u00e7\u00e3o dos consumidores \u00e0 situa\u00e7\u00e3o vexat\u00f3ria, constrangedora e de risco \u00e0 integridade f\u00edsica e moral. \u201cPara a lavratura do Auto, o \u00f3rg\u00e3o constatou viola\u00e7\u00e3o \u00e0s normas do C\u00f3digo de Defesa do Consumidor (Lei Federal n\u00ba 8.078\/1990) e da Lei Estadual n\u00ba 16.559\/2019\u201d, detalha o \u00f3rg\u00e3o.<\/p>\n\n\n\n<p>Cabe recurso \u00e0 multa, sendo assegurado o direito ao contradit\u00f3rio e \u00e0 ampla defesa aos respons\u00e1veis pelo estabelecimento.<\/p>\n\n\n\n<p>Em 27 de dezembro de 2025, o casal Jhonny Andrade Barbosa e Cleiton Zanatta foi agredido f\u00edsica e verbalmente ap\u00f3s se recusar a pagar uma cobran\u00e7a extra de R$ 30 pela loca\u00e7\u00e3o de cadeiras e guarda-sol. Al\u00e9m de interditar o empreendimento temporariamente, a Prefeitura de Ipojuca afastou 14 pessoas envolvidas na agress\u00e3o, enquanto as apura\u00e7\u00f5es seguem em andamento.<\/p>\n","protected":false},"excerpt":{"rendered":"<p>O Procon Pernambuco multou, em R$ 12 mil, a barraca onde um casal de turistas do Mato Grosso foi agredido,<\/p>\n","protected":false},"author":2,"featured_media":71624,"comment_status":"open","ping_status":"open","sticky":false,"template":"","format":"standard","meta":{"jetpack_post_was_ever_published":false,"_jetpack_newsletter_access":"","_jetpack_dont_email_post_to_subs":false,"_jetpack_newsletter_tier_id":0,"_jetpack_memberships_contains_paywalled_content":false,"_jetpack_memberships_contains_paid_content":false,"footnotes":"","jetpack_publicize_message":"","jetpack_publicize_feature_enabled":true,"jetpack_social_post_already_shared":true,"jetpack_social_options":{"image_generator_settings":{"template":"highway","default_image_id":0,"font":"","enabled":false},"version":2}},"categories":[13],"tags":[],"class_list":["post-72116","post","type-post","status-publish","format-standard","has-post-thumbnail","hentry","category-pernambuco"],"yoast_head":"<!-- This site is optimized with the Yoast SEO plugin v27.5 - https:\/\/yoast.com\/product\/yoast-seo-wordpress\/ -->\n<title>Procon-PE aplica multa em R$ 12 mil barraca onde casal foi agredido em Porto de Galinhas - Afogados FM<\/title>\n<meta name=\"robots\" content=\"index, follow, max-snippet:-1, max-image-preview:large, max-video-preview:-1\" \/>\n<link rel=\"canonical\" href=\"https:\/\/afogadosfm.com.br\/afogadosfm\/2026\/01\/20\/procon-pe-aplica-multa-em-r-12-mil-barraca-onde-casal-foi-agredido-em-porto-de-galinhas\/\" \/>\n<meta property=\"og:locale\" content=\"pt_BR\" \/>\n<meta property=\"og:type\" content=\"article\" \/>\n<meta property=\"og:title\" content=\"Procon-PE aplica multa em R$ 12 mil barraca onde casal foi agredido em Porto de Galinhas - Afogados FM\" \/>\n<meta property=\"og:description\" content=\"O Procon Pernambuco multou, em R$ 12 mil, a barraca onde um casal de turistas do Mato Grosso foi agredido,\" \/>\n<meta property=\"og:url\" content=\"https:\/\/afogadosfm.com.br\/afogadosfm\/2026\/01\/20\/procon-pe-aplica-multa-em-r-12-mil-barraca-onde-casal-foi-agredido-em-porto-de-galinhas\/\" \/>\n<meta property=\"og:site_name\" content=\"Afogados FM\" \/>\n<meta property=\"article:published_time\" content=\"2026-01-20T09:07:43+00:00\" \/>\n<meta property=\"article:modified_time\" content=\"2026-01-20T09:07:44+00:00\" \/>\n<meta property=\"og:image\" content=\"https:\/\/afogadosfm.com.br\/afogadosfm\/wp-content\/uploads\/2025\/12\/turistas.jpeg\" \/>\n\t<meta property=\"og:image:width\" content=\"1280\" \/>\n\t<meta property=\"og:image:height\" content=\"667\" \/>\n\t<meta property=\"og:image:type\" content=\"image\/jpeg\" \/>\n<meta name=\"author\" content=\"afogadosfm\" \/>\n<meta name=\"twitter:card\" content=\"summary_large_image\" \/>\n<meta name=\"twitter:label1\" content=\"Escrito por\" \/>\n\t<meta name=\"twitter:data1\" content=\"afogadosfm\" \/>\n\t<meta name=\"twitter:label2\" content=\"Est. tempo de leitura\" \/>\n\t<meta name=\"twitter:data2\" content=\"2 minutos\" \/>\n<script type=\"application\/ld+json\" class=\"yoast-schema-graph\">{\"@context\":\"https:\\\/\\\/schema.org\",\"@graph\":[{\"@type\":\"Article\",\"@id\":\"https:\\\/\\\/afogadosfm.com.br\\\/afogadosfm\\\/2026\\\/01\\\/20\\\/procon-pe-aplica-multa-em-r-12-mil-barraca-onde-casal-foi-agredido-em-porto-de-galinhas\\\/#article\",\"isPartOf\":{\"@id\":\"https:\\\/\\\/afogadosfm.com.br\\\/afogadosfm\\\/2026\\\/01\\\/20\\\/procon-pe-aplica-multa-em-r-12-mil-barraca-onde-casal-foi-agredido-em-porto-de-galinhas\\\/\"},\"author\":{\"name\":\"afogadosfm\",\"@id\":\"https:\\\/\\\/afogadosfm.com.br\\\/afogadosfm\\\/#\\\/schema\\\/person\\\/60e56f2cf5dc960fc093fe093d9e9057\"},\"headline\":\"Procon-PE aplica multa em R$ 12 mil barraca onde casal foi agredido em Porto de Galinhas\",\"datePublished\":\"2026-01-20T09:07:43+00:00\",\"dateModified\":\"2026-01-20T09:07:44+00:00\",\"mainEntityOfPage\":{\"@id\":\"https:\\\/\\\/afogadosfm.com.br\\\/afogadosfm\\\/2026\\\/01\\\/20\\\/procon-pe-aplica-multa-em-r-12-mil-barraca-onde-casal-foi-agredido-em-porto-de-galinhas\\\/\"},\"wordCount\":275,\"commentCount\":0,\"publisher\":{\"@id\":\"https:\\\/\\\/afogadosfm.com.br\\\/afogadosfm\\\/#organization\"},\"image\":{\"@id\":\"https:\\\/\\\/afogadosfm.com.br\\\/afogadosfm\\\/2026\\\/01\\\/20\\\/procon-pe-aplica-multa-em-r-12-mil-barraca-onde-casal-foi-agredido-em-porto-de-galinhas\\\/#primaryimage\"},\"thumbnailUrl\":\"https:\\\/\\\/i0.wp.com\\\/afogadosfm.com.br\\\/afogadosfm\\\/wp-content\\\/uploads\\\/2025\\\/12\\\/turistas.jpeg?fit=1280%2C667&ssl=1\",\"articleSection\":[\"Pernambuco\"],\"inLanguage\":\"pt-BR\",\"potentialAction\":[{\"@type\":\"CommentAction\",\"name\":\"Comment\",\"target\":[\"https:\\\/\\\/afogadosfm.com.br\\\/afogadosfm\\\/2026\\\/01\\\/20\\\/procon-pe-aplica-multa-em-r-12-mil-barraca-onde-casal-foi-agredido-em-porto-de-galinhas\\\/#respond\"]}]},{\"@type\":\"WebPage\",\"@id\":\"https:\\\/\\\/afogadosfm.com.br\\\/afogadosfm\\\/2026\\\/01\\\/20\\\/procon-pe-aplica-multa-em-r-12-mil-barraca-onde-casal-foi-agredido-em-porto-de-galinhas\\\/\",\"url\":\"https:\\\/\\\/afogadosfm.com.br\\\/afogadosfm\\\/2026\\\/01\\\/20\\\/procon-pe-aplica-multa-em-r-12-mil-barraca-onde-casal-foi-agredido-em-porto-de-galinhas\\\/\",\"name\":\"Procon-PE aplica multa em R$ 12 mil barraca onde casal foi agredido em Porto de Galinhas - Afogados FM\",\"isPartOf\":{\"@id\":\"https:\\\/\\\/afogadosfm.com.br\\\/afogadosfm\\\/#website\"},\"primaryImageOfPage\":{\"@id\":\"https:\\\/\\\/afogadosfm.com.br\\\/afogadosfm\\\/2026\\\/01\\\/20\\\/procon-pe-aplica-multa-em-r-12-mil-barraca-onde-casal-foi-agredido-em-porto-de-galinhas\\\/#primaryimage\"},\"image\":{\"@id\":\"https:\\\/\\\/afogadosfm.com.br\\\/afogadosfm\\\/2026\\\/01\\\/20\\\/procon-pe-aplica-multa-em-r-12-mil-barraca-onde-casal-foi-agredido-em-porto-de-galinhas\\\/#primaryimage\"},\"thumbnailUrl\":\"https:\\\/\\\/i0.wp.com\\\/afogadosfm.com.br\\\/afogadosfm\\\/wp-content\\\/uploads\\\/2025\\\/12\\\/turistas.jpeg?fit=1280%2C667&ssl=1\",\"datePublished\":\"2026-01-20T09:07:43+00:00\",\"dateModified\":\"2026-01-20T09:07:44+00:00\",\"breadcrumb\":{\"@id\":\"https:\\\/\\\/afogadosfm.com.br\\\/afogadosfm\\\/2026\\\/01\\\/20\\\/procon-pe-aplica-multa-em-r-12-mil-barraca-onde-casal-foi-agredido-em-porto-de-galinhas\\\/#breadcrumb\"},\"inLanguage\":\"pt-BR\",\"potentialAction\":[{\"@type\":\"ReadAction\",\"target\":[\"https:\\\/\\\/afogadosfm.com.br\\\/afogadosfm\\\/2026\\\/01\\\/20\\\/procon-pe-aplica-multa-em-r-12-mil-barraca-onde-casal-foi-agredido-em-porto-de-galinhas\\\/\"]}]},{\"@type\":\"ImageObject\",\"inLanguage\":\"pt-BR\",\"@id\":\"https:\\\/\\\/afogadosfm.com.br\\\/afogadosfm\\\/2026\\\/01\\\/20\\\/procon-pe-aplica-multa-em-r-12-mil-barraca-onde-casal-foi-agredido-em-porto-de-galinhas\\\/#primaryimage\",\"url\":\"https:\\\/\\\/i0.wp.com\\\/afogadosfm.com.br\\\/afogadosfm\\\/wp-content\\\/uploads\\\/2025\\\/12\\\/turistas.jpeg?fit=1280%2C667&ssl=1\",\"contentUrl\":\"https:\\\/\\\/i0.wp.com\\\/afogadosfm.com.br\\\/afogadosfm\\\/wp-content\\\/uploads\\\/2025\\\/12\\\/turistas.jpeg?fit=1280%2C667&ssl=1\",\"width\":1280,\"height\":667},{\"@type\":\"BreadcrumbList\",\"@id\":\"https:\\\/\\\/afogadosfm.com.br\\\/afogadosfm\\\/2026\\\/01\\\/20\\\/procon-pe-aplica-multa-em-r-12-mil-barraca-onde-casal-foi-agredido-em-porto-de-galinhas\\\/#breadcrumb\",\"itemListElement\":[{\"@type\":\"ListItem\",\"position\":1,\"name\":\"In\u00edcio\",\"item\":\"https:\\\/\\\/afogadosfm.com.br\\\/afogadosfm\\\/\"},{\"@type\":\"ListItem\",\"position\":2,\"name\":\"Procon-PE aplica multa em R$ 12 mil barraca onde casal foi agredido em Porto de Galinhas\"}]},{\"@type\":\"WebSite\",\"@id\":\"https:\\\/\\\/afogadosfm.com.br\\\/afogadosfm\\\/#website\",\"url\":\"https:\\\/\\\/afogadosfm.com.br\\\/afogadosfm\\\/\",\"name\":\"Afogados FM\",\"description\":\"Um site completo!\",\"publisher\":{\"@id\":\"https:\\\/\\\/afogadosfm.com.br\\\/afogadosfm\\\/#organization\"},\"potentialAction\":[{\"@type\":\"SearchAction\",\"target\":{\"@type\":\"EntryPoint\",\"urlTemplate\":\"https:\\\/\\\/afogadosfm.com.br\\\/afogadosfm\\\/?s={search_term_string}\"},\"query-input\":{\"@type\":\"PropertyValueSpecification\",\"valueRequired\":true,\"valueName\":\"search_term_string\"}}],\"inLanguage\":\"pt-BR\"},{\"@type\":\"Organization\",\"@id\":\"https:\\\/\\\/afogadosfm.com.br\\\/afogadosfm\\\/#organization\",\"name\":\"Afogados FM\",\"url\":\"https:\\\/\\\/afogadosfm.com.br\\\/afogadosfm\\\/\",\"logo\":{\"@type\":\"ImageObject\",\"inLanguage\":\"pt-BR\",\"@id\":\"https:\\\/\\\/afogadosfm.com.br\\\/afogadosfm\\\/#\\\/schema\\\/logo\\\/image\\\/\",\"url\":\"https:\\\/\\\/i0.wp.com\\\/afogadosfm.com.br\\\/afogadosfm\\\/wp-content\\\/uploads\\\/2020\\\/06\\\/cropped-banner-afogados-4.jpg?fit=369%2C137&ssl=1\",\"contentUrl\":\"https:\\\/\\\/i0.wp.com\\\/afogadosfm.com.br\\\/afogadosfm\\\/wp-content\\\/uploads\\\/2020\\\/06\\\/cropped-banner-afogados-4.jpg?fit=369%2C137&ssl=1\",\"width\":369,\"height\":137,\"caption\":\"Afogados FM\"},\"image\":{\"@id\":\"https:\\\/\\\/afogadosfm.com.br\\\/afogadosfm\\\/#\\\/schema\\\/logo\\\/image\\\/\"}},{\"@type\":\"Person\",\"@id\":\"https:\\\/\\\/afogadosfm.com.br\\\/afogadosfm\\\/#\\\/schema\\\/person\\\/60e56f2cf5dc960fc093fe093d9e9057\",\"name\":\"afogadosfm\",\"image\":{\"@type\":\"ImageObject\",\"inLanguage\":\"pt-BR\",\"@id\":\"https:\\\/\\\/secure.gravatar.com\\\/avatar\\\/e0359add7ed5dc3560906d861b52c6a8cf5c1e199d3a7dd85070998f49bd4701?s=96&d=mm&r=g\",\"url\":\"https:\\\/\\\/secure.gravatar.com\\\/avatar\\\/e0359add7ed5dc3560906d861b52c6a8cf5c1e199d3a7dd85070998f49bd4701?s=96&d=mm&r=g\",\"contentUrl\":\"https:\\\/\\\/secure.gravatar.com\\\/avatar\\\/e0359add7ed5dc3560906d861b52c6a8cf5c1e199d3a7dd85070998f49bd4701?s=96&d=mm&r=g\",\"caption\":\"afogadosfm\"},\"url\":\"https:\\\/\\\/afogadosfm.com.br\\\/afogadosfm\\\/author\\\/afogadosfm\\\/\"}]}<\/script>\n<!-- \/ Yoast SEO plugin. -->","yoast_head_json":{"title":"Procon-PE aplica multa em R$ 12 mil barraca onde casal foi agredido em Porto de Galinhas - Afogados FM","robots":{"index":"index","follow":"follow","max-snippet":"max-snippet:-1","max-image-preview":"max-image-preview:large","max-video-preview":"max-video-preview:-1"},"canonical":"https:\/\/afogadosfm.com.br\/afogadosfm\/2026\/01\/20\/procon-pe-aplica-multa-em-r-12-mil-barraca-onde-casal-foi-agredido-em-porto-de-galinhas\/","og_locale":"pt_BR","og_type":"article","og_title":"Procon-PE aplica multa em R$ 12 mil barraca onde casal foi agredido em Porto de Galinhas - Afogados FM","og_description":"O Procon Pernambuco multou, em R$ 12 mil, a barraca onde um casal de turistas do Mato Grosso foi agredido,","og_url":"https:\/\/afogadosfm.com.br\/afogadosfm\/2026\/01\/20\/procon-pe-aplica-multa-em-r-12-mil-barraca-onde-casal-foi-agredido-em-porto-de-galinhas\/","og_site_name":"Afogados FM","article_published_time":"2026-01-20T09:07:43+00:00","article_modified_time":"2026-01-20T09:07:44+00:00","og_image":[{"width":1280,"height":667,"url":"https:\/\/afogadosfm.com.br\/afogadosfm\/wp-content\/uploads\/2025\/12\/turistas.jpeg","type":"image\/jpeg"}],"author":"afogadosfm","twitter_card":"summary_large_image","twitter_misc":{"Escrito por":"afogadosfm","Est. tempo de leitura":"2 minutos"},"schema":{"@context":"https:\/\/schema.org","@graph":[{"@type":"Article","@id":"https:\/\/afogadosfm.com.br\/afogadosfm\/2026\/01\/20\/procon-pe-aplica-multa-em-r-12-mil-barraca-onde-casal-foi-agredido-em-porto-de-galinhas\/#article","isPartOf":{"@id":"https:\/\/afogadosfm.com.br\/afogadosfm\/2026\/01\/20\/procon-pe-aplica-multa-em-r-12-mil-barraca-onde-casal-foi-agredido-em-porto-de-galinhas\/"},"author":{"name":"afogadosfm","@id":"https:\/\/afogadosfm.com.br\/afogadosfm\/#\/schema\/person\/60e56f2cf5dc960fc093fe093d9e9057"},"headline":"Procon-PE aplica multa em R$ 12 mil barraca onde casal foi agredido em Porto de Galinhas","datePublished":"2026-01-20T09:07:43+00:00","dateModified":"2026-01-20T09:07:44+00:00","mainEntityOfPage":{"@id":"https:\/\/afogadosfm.com.br\/afogadosfm\/2026\/01\/20\/procon-pe-aplica-multa-em-r-12-mil-barraca-onde-casal-foi-agredido-em-porto-de-galinhas\/"},"wordCount":275,"commentCount":0,"publisher":{"@id":"https:\/\/afogadosfm.com.br\/afogadosfm\/#organization"},"image":{"@id":"https:\/\/afogadosfm.com.br\/afogadosfm\/2026\/01\/20\/procon-pe-aplica-multa-em-r-12-mil-barraca-onde-casal-foi-agredido-em-porto-de-galinhas\/#primaryimage"},"thumbnailUrl":"https:\/\/i0.wp.com\/afogadosfm.com.br\/afogadosfm\/wp-content\/uploads\/2025\/12\/turistas.jpeg?fit=1280%2C667&ssl=1","articleSection":["Pernambuco"],"inLanguage":"pt-BR","potentialAction":[{"@type":"CommentAction","name":"Comment","target":["https:\/\/afogadosfm.com.br\/afogadosfm\/2026\/01\/20\/procon-pe-aplica-multa-em-r-12-mil-barraca-onde-casal-foi-agredido-em-porto-de-galinhas\/#respond"]}]},{"@type":"WebPage","@id":"https:\/\/afogadosfm.com.br\/afogadosfm\/2026\/01\/20\/procon-pe-aplica-multa-em-r-12-mil-barraca-onde-casal-foi-agredido-em-porto-de-galinhas\/","url":"https:\/\/afogadosfm.com.br\/afogadosfm\/2026\/01\/20\/procon-pe-aplica-multa-em-r-12-mil-barraca-onde-casal-foi-agredido-em-porto-de-galinhas\/","name":"Procon-PE aplica multa em R$ 12 mil barraca onde casal foi agredido em Porto de Galinhas - Afogados FM","isPartOf":{"@id":"https:\/\/afogadosfm.com.br\/afogadosfm\/#website"},"primaryImageOfPage":{"@id":"https:\/\/afogadosfm.com.br\/afogadosfm\/2026\/01\/20\/procon-pe-aplica-multa-em-r-12-mil-barraca-onde-casal-foi-agredido-em-porto-de-galinhas\/#primaryimage"},"image":{"@id":"https:\/\/afogadosfm.com.br\/afogadosfm\/2026\/01\/20\/procon-pe-aplica-multa-em-r-12-mil-barraca-onde-casal-foi-agredido-em-porto-de-galinhas\/#primaryimage"},"thumbnailUrl":"https:\/\/i0.wp.com\/afogadosfm.com.br\/afogadosfm\/wp-content\/uploads\/2025\/12\/turistas.jpeg?fit=1280%2C667&ssl=1","datePublished":"2026-01-20T09:07:43+00:00","dateModified":"2026-01-20T09:07:44+00:00","breadcrumb":{"@id":"https:\/\/afogadosfm.com.br\/afogadosfm\/2026\/01\/20\/procon-pe-aplica-multa-em-r-12-mil-barraca-onde-casal-foi-agredido-em-porto-de-galinhas\/#breadcrumb"},"inLanguage":"pt-BR","potentialAction":[{"@type":"ReadAction","target":["https:\/\/afogadosfm.com.br\/afogadosfm\/2026\/01\/20\/procon-pe-aplica-multa-em-r-12-mil-barraca-onde-casal-foi-agredido-em-porto-de-galinhas\/"]}]},{"@type":"ImageObject","inLanguage":"pt-BR","@id":"https:\/\/afogadosfm.com.br\/afogadosfm\/2026\/01\/20\/procon-pe-aplica-multa-em-r-12-mil-barraca-onde-casal-foi-agredido-em-porto-de-galinhas\/#primaryimage","url":"https:\/\/i0.wp.com\/afogadosfm.com.br\/afogadosfm\/wp-content\/uploads\/2025\/12\/turistas.jpeg?fit=1280%2C667&ssl=1","contentUrl":"https:\/\/i0.wp.com\/afogadosfm.com.br\/afogadosfm\/wp-content\/uploads\/2025\/12\/turistas.jpeg?fit=1280%2C667&ssl=1","width":1280,"height":667},{"@type":"BreadcrumbList","@id":"https:\/\/afogadosfm.com.br\/afogadosfm\/2026\/01\/20\/procon-pe-aplica-multa-em-r-12-mil-barraca-onde-casal-foi-agredido-em-porto-de-galinhas\/#breadcrumb","itemListElement":[{"@type":"ListItem","position":1,"name":"In\u00edcio","item":"https:\/\/afogadosfm.com.br\/afogadosfm\/"},{"@type":"ListItem","position":2,"name":"Procon-PE aplica multa em R$ 12 mil barraca onde casal foi agredido em Porto de Galinhas"}]},{"@type":"WebSite","@id":"https:\/\/afogadosfm.com.br\/afogadosfm\/#website","url":"https:\/\/afogadosfm.com.br\/afogadosfm\/","name":"Afogados FM","description":"Um site completo!","publisher":{"@id":"https:\/\/afogadosfm.com.br\/afogadosfm\/#organization"},"potentialAction":[{"@type":"SearchAction","target":{"@type":"EntryPoint","urlTemplate":"https:\/\/afogadosfm.com.br\/afogadosfm\/?s={search_term_string}"},"query-input":{"@type":"PropertyValueSpecification","valueRequired":true,"valueName":"search_term_string"}}],"inLanguage":"pt-BR"},{"@type":"Organization","@id":"https:\/\/afogadosfm.com.br\/afogadosfm\/#organization","name":"Afogados FM","url":"https:\/\/afogadosfm.com.br\/afogadosfm\/","logo":{"@type":"ImageObject","inLanguage":"pt-BR","@id":"https:\/\/afogadosfm.com.br\/afogadosfm\/#\/schema\/logo\/image\/","url":"https:\/\/i0.wp.com\/afogadosfm.com.br\/afogadosfm\/wp-content\/uploads\/2020\/06\/cropped-banner-afogados-4.jpg?fit=369%2C137&ssl=1","contentUrl":"https:\/\/i0.wp.com\/afogadosfm.com.br\/afogadosfm\/wp-content\/uploads\/2020\/06\/cropped-banner-afogados-4.jpg?fit=369%2C137&ssl=1","width":369,"height":137,"caption":"Afogados FM"},"image":{"@id":"https:\/\/afogadosfm.com.br\/afogadosfm\/#\/schema\/logo\/image\/"}},{"@type":"Person","@id":"https:\/\/afogadosfm.com.br\/afogadosfm\/#\/schema\/person\/60e56f2cf5dc960fc093fe093d9e9057","name":"afogadosfm","image":{"@type":"ImageObject","inLanguage":"pt-BR","@id":"https:\/\/secure.gravatar.com\/avatar\/e0359add7ed5dc3560906d861b52c6a8cf5c1e199d3a7dd85070998f49bd4701?s=96&d=mm&r=g","url":"https:\/\/secure.gravatar.com\/avatar\/e0359add7ed5dc3560906d861b52c6a8cf5c1e199d3a7dd85070998f49bd4701?s=96&d=mm&r=g","contentUrl":"https:\/\/secure.gravatar.com\/avatar\/e0359add7ed5dc3560906d861b52c6a8cf5c1e199d3a7dd85070998f49bd4701?s=96&d=mm&r=g","caption":"afogadosfm"},"url":"https:\/\/afogadosfm.com.br\/afogadosfm\/author\/afogadosfm\/"}]}},"jetpack_publicize_connections":[],"jetpack_featured_media_url":"https:\/\/i0.wp.com\/afogadosfm.com.br\/afogadosfm\/wp-content\/uploads\/2025\/12\/turistas.jpeg?fit=1280%2C667&ssl=1","jetpack-related-posts":[],"jetpack_sharing_enabled":true,"jetpack_likes_enabled":true,"_links":{"self":[{"href":"https:\/\/afogadosfm.com.br\/afogadosfm\/wp-json\/wp\/v2\/posts\/72116","targetHints":{"allow":["GET"]}}],"collection":[{"href":"https:\/\/afogadosfm.com.br\/afogadosfm\/wp-json\/wp\/v2\/posts"}],"about":[{"href":"https:\/\/afogadosfm.com.br\/afogadosfm\/wp-json\/wp\/v2\/types\/post"}],"author":[{"embeddable":true,"href":"https:\/\/afogadosfm.com.br\/afogadosfm\/wp-json\/wp\/v2\/users\/2"}],"replies":[{"embeddable":true,"href":"https:\/\/afogadosfm.com.br\/afogadosfm\/wp-json\/wp\/v2\/comments?post=72116"}],"version-history":[{"count":1,"href":"https:\/\/afogadosfm.com.br\/afogadosfm\/wp-json\/wp\/v2\/posts\/72116\/revisions"}],"predecessor-version":[{"id":72117,"href":"https:\/\/afogadosfm.com.br\/afogadosfm\/wp-json\/wp\/v2\/posts\/72116\/revisions\/72117"}],"wp:featuredmedia":[{"embeddable":true,"href":"https:\/\/afogadosfm.com.br\/afogadosfm\/wp-json\/wp\/v2\/media\/71624"}],"wp:attachment":[{"href":"https:\/\/afogadosfm.com.br\/afogadosfm\/wp-json\/wp\/v2\/media?parent=72116"}],"wp:term":[{"taxonomy":"category","embeddable":true,"href":"https:\/\/afogadosfm.com.br\/afogadosfm\/wp-json\/wp\/v2\/categories?post=72116"},{"taxonomy":"post_tag","embeddable":true,"href":"https:\/\/afogadosfm.com.br\/afogadosfm\/wp-json\/wp\/v2\/tags?post=72116"}],"curies":[{"name":"wp","href":"https:\/\/api.w.org\/{rel}","templated":true}]}}