{"id":72138,"date":"2026-01-20T10:00:21","date_gmt":"2026-01-20T13:00:21","guid":{"rendered":"https:\/\/afogadosfm.com.br\/afogadosfm\/?p=72138"},"modified":"2026-01-20T10:00:23","modified_gmt":"2026-01-20T13:00:23","slug":"bonde-do-brasil-e-forro-do-cupido-encerram-a-festa-de-janeiro-2026-em-iguaracy-com-casa-cheia-e-muita-emocao","status":"publish","type":"post","link":"https:\/\/afogadosfm.com.br\/afogadosfm\/2026\/01\/20\/bonde-do-brasil-e-forro-do-cupido-encerram-a-festa-de-janeiro-2026-em-iguaracy-com-casa-cheia-e-muita-emocao\/","title":{"rendered":"Bonde do Brasil e Forr\u00f3 do Cupido encerram a Festa de Janeiro 2026 em Iguaracy com casa cheia e muita emo\u00e7\u00e3o"},"content":{"rendered":"\n<p>A noite desta segunda-feira, 19 de janeiro, entrou para a mem\u00f3ria como um dos momentos mais marcantes do encerramento da programa\u00e7\u00e3o da tradicional Festa de Janeiro 2026 em Iguaracy. O p\u00e1tio de eventos ficou lotado para prestigiar uma sequ\u00eancia de apresenta\u00e7\u00f5es musicais que garantiram anima\u00e7\u00e3o e muita emo\u00e7\u00e3o at\u00e9 os \u00faltimos minutos da festa.<\/p>\n\n\n\n<p>Abrindo a noite, a banda Forr\u00f3 do Cupido apresentou um show ousado reunindo cantores j\u00e1 consagrados em grandes bandas nacionais. Uma estrutura profissional, que une talento, experi\u00eancia e um repert\u00f3rio cuidadosamente elaborado para conquistar tanto o p\u00fablico fiel do forr\u00f3 rom\u00e2ntico quanto as novas gera\u00e7\u00f5es.<\/p>\n\n\n\n<figure class=\"wp-block-image size-large\"><img data-recalc-dims=\"1\" loading=\"lazy\" decoding=\"async\" width=\"840\" height=\"630\" src=\"https:\/\/i0.wp.com\/afogadosfm.com.br\/afogadosfm\/wp-content\/uploads\/2026\/01\/WhatsApp-Image-2026-01-20-at-09.55.36.jpeg?resize=840%2C630&#038;ssl=1\" alt=\"\" class=\"wp-image-72140\" srcset=\"https:\/\/i0.wp.com\/afogadosfm.com.br\/afogadosfm\/wp-content\/uploads\/2026\/01\/WhatsApp-Image-2026-01-20-at-09.55.36.jpeg?resize=1024%2C768&amp;ssl=1 1024w, https:\/\/i0.wp.com\/afogadosfm.com.br\/afogadosfm\/wp-content\/uploads\/2026\/01\/WhatsApp-Image-2026-01-20-at-09.55.36.jpeg?resize=300%2C225&amp;ssl=1 300w, https:\/\/i0.wp.com\/afogadosfm.com.br\/afogadosfm\/wp-content\/uploads\/2026\/01\/WhatsApp-Image-2026-01-20-at-09.55.36.jpeg?resize=768%2C576&amp;ssl=1 768w, https:\/\/i0.wp.com\/afogadosfm.com.br\/afogadosfm\/wp-content\/uploads\/2026\/01\/WhatsApp-Image-2026-01-20-at-09.55.36.jpeg?resize=1536%2C1152&amp;ssl=1 1536w, https:\/\/i0.wp.com\/afogadosfm.com.br\/afogadosfm\/wp-content\/uploads\/2026\/01\/WhatsApp-Image-2026-01-20-at-09.55.36.jpeg?w=1600&amp;ssl=1 1600w\" sizes=\"auto, (max-width: 840px) 100vw, 840px\" \/><\/figure>\n\n\n\n<p>A forma\u00e7\u00e3o conta com Ricardinho Caju (ex-Noda de Caju), Wanessa Guimar\u00e3es (ex-Banda Karisma) e Rafael Nyedson (ex-Desejo de Menina), artistas com trajet\u00f3rias consolidadas e forte identifica\u00e7\u00e3o com o p\u00fablico. A base musical tamb\u00e9m \u00e9 formada por profissionais que j\u00e1 integraram bandas de renome como Calcinha Preta e Mastruz com Leite, garantindo qualidade t\u00e9cnica e consist\u00eancia sonora.<\/p>\n\n\n\n<p>O repert\u00f3rio mesclou sucessos consagrados do g\u00eanero com m\u00fasicas in\u00e9ditas, al\u00e9m de um espet\u00e1culo visual enriquecido por um bal\u00e9 formado por ex-bailarinas da Avi\u00f5es do Forr\u00f3, trazendo sofistica\u00e7\u00e3o e dinamismo ao show.<\/p>\n\n\n\n<p>Na sequ\u00eancia, a atra\u00e7\u00e3o mais aguardada da noite, a banda Bonde do Brasil, confirmou todas as expectativas e levou o p\u00fablico ao del\u00edrio. N\u00e3o houve quem ficasse parado. Do in\u00edcio ao fim, a multid\u00e3o cantou, dan\u00e7ou e se emocionou com cada m\u00fasica apresentada, em um verdadeiro espet\u00e1culo de energia e intera\u00e7\u00e3o.<\/p>\n\n\n\n<p>Com mais de uma d\u00e9cada de estrada, o grupo acumula CDs, DVDs e projetos especiais, celebrando em 2025 seus 14 anos de carreira. Em Iguaracy, o Bonde do Brasil deu um verdadeiro show. A mistura do forr\u00f3 eletr\u00f4nico com melodias rom\u00e2nticas envolveu o p\u00fablico do come\u00e7o ao fim.<\/p>\n\n\n\n<p>Os vocalistas Fernandes Rodrigues, Mylenne Oliveira e Jonhson Souza protagonizaram uma performance vibrante, marcada por carisma, energia e forte intera\u00e7\u00e3o com a plateia, encerrando a programa\u00e7\u00e3o com chave de ouro.<\/p>\n\n\n\n<p>A noite tamb\u00e9m foi marcada por momentos de confraterniza\u00e7\u00e3o. O prefeito Dr. Pedro Alves esteve presente ao lado de amigos e diversas lideran\u00e7as pol\u00edticas que prestigiaram o evento. Em declara\u00e7\u00e3o, o prefeito destacou a satisfa\u00e7\u00e3o com o resultado da festa: \u201cEstou muito feliz com a participa\u00e7\u00e3o do p\u00fablico e com a energia que tomou conta da nossa Festa de Janeiro\u201d, afirmou.<\/p>\n\n\n\n<p>Mesmo diante das dificuldades financeiras enfrentadas pelos munic\u00edpios, a gest\u00e3o conseguiu manter dez noites de festa e ainda trazer grandes atra\u00e7\u00f5es da m\u00fasica nacional, refor\u00e7ando o compromisso com a cultura e o lazer da popula\u00e7\u00e3o.<\/p>\n\n\n\n<p>O secret\u00e1rio de Cultura e Turismo, Marcone Melo, tamb\u00e9m ressaltou o sucesso do evento, destacando o trabalho da equipe para manter o padr\u00e3o e a import\u00e2ncia da festa como tradi\u00e7\u00e3o cultural de Iguaracy.<\/p>\n\n\n\n<p>Com grande participa\u00e7\u00e3o popular e atra\u00e7\u00f5es que fizeram hist\u00f3ria, a Festa de Janeiro 2026 foi encerrada com absoluto sucesso. Para quem esteve presente, ficou a certeza de uma noite inesquec\u00edvel. Todas as fotos do evento est\u00e3o dispon\u00edveis na nossa p\u00e1gina no Facebook.<\/p>\n","protected":false},"excerpt":{"rendered":"<p>A noite desta segunda-feira, 19 de janeiro, entrou para a mem\u00f3ria como um dos momentos mais marcantes do encerramento da<\/p>\n","protected":false},"author":2,"featured_media":72139,"comment_status":"open","ping_status":"open","sticky":false,"template":"","format":"standard","meta":{"jetpack_post_was_ever_published":false,"_jetpack_newsletter_access":"","_jetpack_dont_email_post_to_subs":false,"_jetpack_newsletter_tier_id":0,"_jetpack_memberships_contains_paywalled_content":false,"_jetpack_memberships_contains_paid_content":false,"footnotes":"","jetpack_publicize_message":"","jetpack_publicize_feature_enabled":true,"jetpack_social_post_already_shared":true,"jetpack_social_options":{"image_generator_settings":{"template":"highway","default_image_id":0,"font":"","enabled":false},"version":2}},"categories":[1],"tags":[],"class_list":["post-72138","post","type-post","status-publish","format-standard","has-post-thumbnail","hentry","category-sem-categoria"],"yoast_head":"<!-- This site is optimized with the Yoast SEO plugin v27.5 - https:\/\/yoast.com\/product\/yoast-seo-wordpress\/ -->\n<title>Bonde do Brasil e Forr\u00f3 do Cupido encerram a Festa de Janeiro 2026 em Iguaracy com casa cheia e muita emo\u00e7\u00e3o - Afogados FM<\/title>\n<meta name=\"robots\" content=\"index, follow, max-snippet:-1, max-image-preview:large, max-video-preview:-1\" \/>\n<link rel=\"canonical\" href=\"https:\/\/afogadosfm.com.br\/afogadosfm\/2026\/01\/20\/bonde-do-brasil-e-forro-do-cupido-encerram-a-festa-de-janeiro-2026-em-iguaracy-com-casa-cheia-e-muita-emocao\/\" \/>\n<meta property=\"og:locale\" content=\"pt_BR\" \/>\n<meta property=\"og:type\" content=\"article\" \/>\n<meta property=\"og:title\" content=\"Bonde do Brasil e Forr\u00f3 do Cupido encerram a Festa de Janeiro 2026 em Iguaracy com casa cheia e muita emo\u00e7\u00e3o - Afogados FM\" \/>\n<meta property=\"og:description\" content=\"A noite desta segunda-feira, 19 de janeiro, entrou para a mem\u00f3ria como um dos momentos mais marcantes do encerramento da\" \/>\n<meta property=\"og:url\" content=\"https:\/\/afogadosfm.com.br\/afogadosfm\/2026\/01\/20\/bonde-do-brasil-e-forro-do-cupido-encerram-a-festa-de-janeiro-2026-em-iguaracy-com-casa-cheia-e-muita-emocao\/\" \/>\n<meta property=\"og:site_name\" content=\"Afogados FM\" \/>\n<meta property=\"article:published_time\" content=\"2026-01-20T13:00:21+00:00\" \/>\n<meta property=\"article:modified_time\" content=\"2026-01-20T13:00:23+00:00\" \/>\n<meta property=\"og:image\" content=\"https:\/\/afogadosfm.com.br\/afogadosfm\/wp-content\/uploads\/2026\/01\/WhatsApp-Image-2026-01-20-at-09.55.37.jpeg\" \/>\n\t<meta property=\"og:image:width\" content=\"1600\" \/>\n\t<meta property=\"og:image:height\" content=\"1066\" \/>\n\t<meta property=\"og:image:type\" content=\"image\/jpeg\" \/>\n<meta name=\"author\" content=\"afogadosfm\" \/>\n<meta name=\"twitter:card\" content=\"summary_large_image\" \/>\n<meta name=\"twitter:label1\" content=\"Escrito por\" \/>\n\t<meta name=\"twitter:data1\" content=\"afogadosfm\" \/>\n\t<meta name=\"twitter:label2\" content=\"Est. tempo de leitura\" \/>\n\t<meta name=\"twitter:data2\" content=\"4 minutos\" \/>\n<script type=\"application\/ld+json\" class=\"yoast-schema-graph\">{\"@context\":\"https:\\\/\\\/schema.org\",\"@graph\":[{\"@type\":\"Article\",\"@id\":\"https:\\\/\\\/afogadosfm.com.br\\\/afogadosfm\\\/2026\\\/01\\\/20\\\/bonde-do-brasil-e-forro-do-cupido-encerram-a-festa-de-janeiro-2026-em-iguaracy-com-casa-cheia-e-muita-emocao\\\/#article\",\"isPartOf\":{\"@id\":\"https:\\\/\\\/afogadosfm.com.br\\\/afogadosfm\\\/2026\\\/01\\\/20\\\/bonde-do-brasil-e-forro-do-cupido-encerram-a-festa-de-janeiro-2026-em-iguaracy-com-casa-cheia-e-muita-emocao\\\/\"},\"author\":{\"name\":\"afogadosfm\",\"@id\":\"https:\\\/\\\/afogadosfm.com.br\\\/afogadosfm\\\/#\\\/schema\\\/person\\\/60e56f2cf5dc960fc093fe093d9e9057\"},\"headline\":\"Bonde do Brasil e Forr\u00f3 do Cupido encerram a Festa de Janeiro 2026 em Iguaracy com casa cheia e muita emo\u00e7\u00e3o\",\"datePublished\":\"2026-01-20T13:00:21+00:00\",\"dateModified\":\"2026-01-20T13:00:23+00:00\",\"mainEntityOfPage\":{\"@id\":\"https:\\\/\\\/afogadosfm.com.br\\\/afogadosfm\\\/2026\\\/01\\\/20\\\/bonde-do-brasil-e-forro-do-cupido-encerram-a-festa-de-janeiro-2026-em-iguaracy-com-casa-cheia-e-muita-emocao\\\/\"},\"wordCount\":574,\"commentCount\":0,\"publisher\":{\"@id\":\"https:\\\/\\\/afogadosfm.com.br\\\/afogadosfm\\\/#organization\"},\"image\":{\"@id\":\"https:\\\/\\\/afogadosfm.com.br\\\/afogadosfm\\\/2026\\\/01\\\/20\\\/bonde-do-brasil-e-forro-do-cupido-encerram-a-festa-de-janeiro-2026-em-iguaracy-com-casa-cheia-e-muita-emocao\\\/#primaryimage\"},\"thumbnailUrl\":\"https:\\\/\\\/i0.wp.com\\\/afogadosfm.com.br\\\/afogadosfm\\\/wp-content\\\/uploads\\\/2026\\\/01\\\/WhatsApp-Image-2026-01-20-at-09.55.37.jpeg?fit=1600%2C1066&ssl=1\",\"inLanguage\":\"pt-BR\",\"potentialAction\":[{\"@type\":\"CommentAction\",\"name\":\"Comment\",\"target\":[\"https:\\\/\\\/afogadosfm.com.br\\\/afogadosfm\\\/2026\\\/01\\\/20\\\/bonde-do-brasil-e-forro-do-cupido-encerram-a-festa-de-janeiro-2026-em-iguaracy-com-casa-cheia-e-muita-emocao\\\/#respond\"]}]},{\"@type\":\"WebPage\",\"@id\":\"https:\\\/\\\/afogadosfm.com.br\\\/afogadosfm\\\/2026\\\/01\\\/20\\\/bonde-do-brasil-e-forro-do-cupido-encerram-a-festa-de-janeiro-2026-em-iguaracy-com-casa-cheia-e-muita-emocao\\\/\",\"url\":\"https:\\\/\\\/afogadosfm.com.br\\\/afogadosfm\\\/2026\\\/01\\\/20\\\/bonde-do-brasil-e-forro-do-cupido-encerram-a-festa-de-janeiro-2026-em-iguaracy-com-casa-cheia-e-muita-emocao\\\/\",\"name\":\"Bonde do Brasil e Forr\u00f3 do Cupido encerram a Festa de Janeiro 2026 em Iguaracy com casa cheia e muita emo\u00e7\u00e3o - Afogados FM\",\"isPartOf\":{\"@id\":\"https:\\\/\\\/afogadosfm.com.br\\\/afogadosfm\\\/#website\"},\"primaryImageOfPage\":{\"@id\":\"https:\\\/\\\/afogadosfm.com.br\\\/afogadosfm\\\/2026\\\/01\\\/20\\\/bonde-do-brasil-e-forro-do-cupido-encerram-a-festa-de-janeiro-2026-em-iguaracy-com-casa-cheia-e-muita-emocao\\\/#primaryimage\"},\"image\":{\"@id\":\"https:\\\/\\\/afogadosfm.com.br\\\/afogadosfm\\\/2026\\\/01\\\/20\\\/bonde-do-brasil-e-forro-do-cupido-encerram-a-festa-de-janeiro-2026-em-iguaracy-com-casa-cheia-e-muita-emocao\\\/#primaryimage\"},\"thumbnailUrl\":\"https:\\\/\\\/i0.wp.com\\\/afogadosfm.com.br\\\/afogadosfm\\\/wp-content\\\/uploads\\\/2026\\\/01\\\/WhatsApp-Image-2026-01-20-at-09.55.37.jpeg?fit=1600%2C1066&ssl=1\",\"datePublished\":\"2026-01-20T13:00:21+00:00\",\"dateModified\":\"2026-01-20T13:00:23+00:00\",\"breadcrumb\":{\"@id\":\"https:\\\/\\\/afogadosfm.com.br\\\/afogadosfm\\\/2026\\\/01\\\/20\\\/bonde-do-brasil-e-forro-do-cupido-encerram-a-festa-de-janeiro-2026-em-iguaracy-com-casa-cheia-e-muita-emocao\\\/#breadcrumb\"},\"inLanguage\":\"pt-BR\",\"potentialAction\":[{\"@type\":\"ReadAction\",\"target\":[\"https:\\\/\\\/afogadosfm.com.br\\\/afogadosfm\\\/2026\\\/01\\\/20\\\/bonde-do-brasil-e-forro-do-cupido-encerram-a-festa-de-janeiro-2026-em-iguaracy-com-casa-cheia-e-muita-emocao\\\/\"]}]},{\"@type\":\"ImageObject\",\"inLanguage\":\"pt-BR\",\"@id\":\"https:\\\/\\\/afogadosfm.com.br\\\/afogadosfm\\\/2026\\\/01\\\/20\\\/bonde-do-brasil-e-forro-do-cupido-encerram-a-festa-de-janeiro-2026-em-iguaracy-com-casa-cheia-e-muita-emocao\\\/#primaryimage\",\"url\":\"https:\\\/\\\/i0.wp.com\\\/afogadosfm.com.br\\\/afogadosfm\\\/wp-content\\\/uploads\\\/2026\\\/01\\\/WhatsApp-Image-2026-01-20-at-09.55.37.jpeg?fit=1600%2C1066&ssl=1\",\"contentUrl\":\"https:\\\/\\\/i0.wp.com\\\/afogadosfm.com.br\\\/afogadosfm\\\/wp-content\\\/uploads\\\/2026\\\/01\\\/WhatsApp-Image-2026-01-20-at-09.55.37.jpeg?fit=1600%2C1066&ssl=1\",\"width\":1600,\"height\":1066},{\"@type\":\"BreadcrumbList\",\"@id\":\"https:\\\/\\\/afogadosfm.com.br\\\/afogadosfm\\\/2026\\\/01\\\/20\\\/bonde-do-brasil-e-forro-do-cupido-encerram-a-festa-de-janeiro-2026-em-iguaracy-com-casa-cheia-e-muita-emocao\\\/#breadcrumb\",\"itemListElement\":[{\"@type\":\"ListItem\",\"position\":1,\"name\":\"In\u00edcio\",\"item\":\"https:\\\/\\\/afogadosfm.com.br\\\/afogadosfm\\\/\"},{\"@type\":\"ListItem\",\"position\":2,\"name\":\"Bonde do Brasil e Forr\u00f3 do Cupido encerram a Festa de Janeiro 2026 em Iguaracy com casa cheia e muita emo\u00e7\u00e3o\"}]},{\"@type\":\"WebSite\",\"@id\":\"https:\\\/\\\/afogadosfm.com.br\\\/afogadosfm\\\/#website\",\"url\":\"https:\\\/\\\/afogadosfm.com.br\\\/afogadosfm\\\/\",\"name\":\"Afogados FM\",\"description\":\"Um site completo!\",\"publisher\":{\"@id\":\"https:\\\/\\\/afogadosfm.com.br\\\/afogadosfm\\\/#organization\"},\"potentialAction\":[{\"@type\":\"SearchAction\",\"target\":{\"@type\":\"EntryPoint\",\"urlTemplate\":\"https:\\\/\\\/afogadosfm.com.br\\\/afogadosfm\\\/?s={search_term_string}\"},\"query-input\":{\"@type\":\"PropertyValueSpecification\",\"valueRequired\":true,\"valueName\":\"search_term_string\"}}],\"inLanguage\":\"pt-BR\"},{\"@type\":\"Organization\",\"@id\":\"https:\\\/\\\/afogadosfm.com.br\\\/afogadosfm\\\/#organization\",\"name\":\"Afogados FM\",\"url\":\"https:\\\/\\\/afogadosfm.com.br\\\/afogadosfm\\\/\",\"logo\":{\"@type\":\"ImageObject\",\"inLanguage\":\"pt-BR\",\"@id\":\"https:\\\/\\\/afogadosfm.com.br\\\/afogadosfm\\\/#\\\/schema\\\/logo\\\/image\\\/\",\"url\":\"https:\\\/\\\/i0.wp.com\\\/afogadosfm.com.br\\\/afogadosfm\\\/wp-content\\\/uploads\\\/2020\\\/06\\\/cropped-banner-afogados-4.jpg?fit=369%2C137&ssl=1\",\"contentUrl\":\"https:\\\/\\\/i0.wp.com\\\/afogadosfm.com.br\\\/afogadosfm\\\/wp-content\\\/uploads\\\/2020\\\/06\\\/cropped-banner-afogados-4.jpg?fit=369%2C137&ssl=1\",\"width\":369,\"height\":137,\"caption\":\"Afogados FM\"},\"image\":{\"@id\":\"https:\\\/\\\/afogadosfm.com.br\\\/afogadosfm\\\/#\\\/schema\\\/logo\\\/image\\\/\"}},{\"@type\":\"Person\",\"@id\":\"https:\\\/\\\/afogadosfm.com.br\\\/afogadosfm\\\/#\\\/schema\\\/person\\\/60e56f2cf5dc960fc093fe093d9e9057\",\"name\":\"afogadosfm\",\"image\":{\"@type\":\"ImageObject\",\"inLanguage\":\"pt-BR\",\"@id\":\"https:\\\/\\\/secure.gravatar.com\\\/avatar\\\/e0359add7ed5dc3560906d861b52c6a8cf5c1e199d3a7dd85070998f49bd4701?s=96&d=mm&r=g\",\"url\":\"https:\\\/\\\/secure.gravatar.com\\\/avatar\\\/e0359add7ed5dc3560906d861b52c6a8cf5c1e199d3a7dd85070998f49bd4701?s=96&d=mm&r=g\",\"contentUrl\":\"https:\\\/\\\/secure.gravatar.com\\\/avatar\\\/e0359add7ed5dc3560906d861b52c6a8cf5c1e199d3a7dd85070998f49bd4701?s=96&d=mm&r=g\",\"caption\":\"afogadosfm\"},\"url\":\"https:\\\/\\\/afogadosfm.com.br\\\/afogadosfm\\\/author\\\/afogadosfm\\\/\"}]}<\/script>\n<!-- \/ Yoast SEO plugin. -->","yoast_head_json":{"title":"Bonde do Brasil e Forr\u00f3 do Cupido encerram a Festa de Janeiro 2026 em Iguaracy com casa cheia e muita emo\u00e7\u00e3o - Afogados FM","robots":{"index":"index","follow":"follow","max-snippet":"max-snippet:-1","max-image-preview":"max-image-preview:large","max-video-preview":"max-video-preview:-1"},"canonical":"https:\/\/afogadosfm.com.br\/afogadosfm\/2026\/01\/20\/bonde-do-brasil-e-forro-do-cupido-encerram-a-festa-de-janeiro-2026-em-iguaracy-com-casa-cheia-e-muita-emocao\/","og_locale":"pt_BR","og_type":"article","og_title":"Bonde do Brasil e Forr\u00f3 do Cupido encerram a Festa de Janeiro 2026 em Iguaracy com casa cheia e muita emo\u00e7\u00e3o - Afogados FM","og_description":"A noite desta segunda-feira, 19 de janeiro, entrou para a mem\u00f3ria como um dos momentos mais marcantes do encerramento da","og_url":"https:\/\/afogadosfm.com.br\/afogadosfm\/2026\/01\/20\/bonde-do-brasil-e-forro-do-cupido-encerram-a-festa-de-janeiro-2026-em-iguaracy-com-casa-cheia-e-muita-emocao\/","og_site_name":"Afogados FM","article_published_time":"2026-01-20T13:00:21+00:00","article_modified_time":"2026-01-20T13:00:23+00:00","og_image":[{"width":1600,"height":1066,"url":"https:\/\/afogadosfm.com.br\/afogadosfm\/wp-content\/uploads\/2026\/01\/WhatsApp-Image-2026-01-20-at-09.55.37.jpeg","type":"image\/jpeg"}],"author":"afogadosfm","twitter_card":"summary_large_image","twitter_misc":{"Escrito por":"afogadosfm","Est. tempo de leitura":"4 minutos"},"schema":{"@context":"https:\/\/schema.org","@graph":[{"@type":"Article","@id":"https:\/\/afogadosfm.com.br\/afogadosfm\/2026\/01\/20\/bonde-do-brasil-e-forro-do-cupido-encerram-a-festa-de-janeiro-2026-em-iguaracy-com-casa-cheia-e-muita-emocao\/#article","isPartOf":{"@id":"https:\/\/afogadosfm.com.br\/afogadosfm\/2026\/01\/20\/bonde-do-brasil-e-forro-do-cupido-encerram-a-festa-de-janeiro-2026-em-iguaracy-com-casa-cheia-e-muita-emocao\/"},"author":{"name":"afogadosfm","@id":"https:\/\/afogadosfm.com.br\/afogadosfm\/#\/schema\/person\/60e56f2cf5dc960fc093fe093d9e9057"},"headline":"Bonde do Brasil e Forr\u00f3 do Cupido encerram a Festa de Janeiro 2026 em Iguaracy com casa cheia e muita emo\u00e7\u00e3o","datePublished":"2026-01-20T13:00:21+00:00","dateModified":"2026-01-20T13:00:23+00:00","mainEntityOfPage":{"@id":"https:\/\/afogadosfm.com.br\/afogadosfm\/2026\/01\/20\/bonde-do-brasil-e-forro-do-cupido-encerram-a-festa-de-janeiro-2026-em-iguaracy-com-casa-cheia-e-muita-emocao\/"},"wordCount":574,"commentCount":0,"publisher":{"@id":"https:\/\/afogadosfm.com.br\/afogadosfm\/#organization"},"image":{"@id":"https:\/\/afogadosfm.com.br\/afogadosfm\/2026\/01\/20\/bonde-do-brasil-e-forro-do-cupido-encerram-a-festa-de-janeiro-2026-em-iguaracy-com-casa-cheia-e-muita-emocao\/#primaryimage"},"thumbnailUrl":"https:\/\/i0.wp.com\/afogadosfm.com.br\/afogadosfm\/wp-content\/uploads\/2026\/01\/WhatsApp-Image-2026-01-20-at-09.55.37.jpeg?fit=1600%2C1066&ssl=1","inLanguage":"pt-BR","potentialAction":[{"@type":"CommentAction","name":"Comment","target":["https:\/\/afogadosfm.com.br\/afogadosfm\/2026\/01\/20\/bonde-do-brasil-e-forro-do-cupido-encerram-a-festa-de-janeiro-2026-em-iguaracy-com-casa-cheia-e-muita-emocao\/#respond"]}]},{"@type":"WebPage","@id":"https:\/\/afogadosfm.com.br\/afogadosfm\/2026\/01\/20\/bonde-do-brasil-e-forro-do-cupido-encerram-a-festa-de-janeiro-2026-em-iguaracy-com-casa-cheia-e-muita-emocao\/","url":"https:\/\/afogadosfm.com.br\/afogadosfm\/2026\/01\/20\/bonde-do-brasil-e-forro-do-cupido-encerram-a-festa-de-janeiro-2026-em-iguaracy-com-casa-cheia-e-muita-emocao\/","name":"Bonde do Brasil e Forr\u00f3 do Cupido encerram a Festa de Janeiro 2026 em Iguaracy com casa cheia e muita emo\u00e7\u00e3o - Afogados FM","isPartOf":{"@id":"https:\/\/afogadosfm.com.br\/afogadosfm\/#website"},"primaryImageOfPage":{"@id":"https:\/\/afogadosfm.com.br\/afogadosfm\/2026\/01\/20\/bonde-do-brasil-e-forro-do-cupido-encerram-a-festa-de-janeiro-2026-em-iguaracy-com-casa-cheia-e-muita-emocao\/#primaryimage"},"image":{"@id":"https:\/\/afogadosfm.com.br\/afogadosfm\/2026\/01\/20\/bonde-do-brasil-e-forro-do-cupido-encerram-a-festa-de-janeiro-2026-em-iguaracy-com-casa-cheia-e-muita-emocao\/#primaryimage"},"thumbnailUrl":"https:\/\/i0.wp.com\/afogadosfm.com.br\/afogadosfm\/wp-content\/uploads\/2026\/01\/WhatsApp-Image-2026-01-20-at-09.55.37.jpeg?fit=1600%2C1066&ssl=1","datePublished":"2026-01-20T13:00:21+00:00","dateModified":"2026-01-20T13:00:23+00:00","breadcrumb":{"@id":"https:\/\/afogadosfm.com.br\/afogadosfm\/2026\/01\/20\/bonde-do-brasil-e-forro-do-cupido-encerram-a-festa-de-janeiro-2026-em-iguaracy-com-casa-cheia-e-muita-emocao\/#breadcrumb"},"inLanguage":"pt-BR","potentialAction":[{"@type":"ReadAction","target":["https:\/\/afogadosfm.com.br\/afogadosfm\/2026\/01\/20\/bonde-do-brasil-e-forro-do-cupido-encerram-a-festa-de-janeiro-2026-em-iguaracy-com-casa-cheia-e-muita-emocao\/"]}]},{"@type":"ImageObject","inLanguage":"pt-BR","@id":"https:\/\/afogadosfm.com.br\/afogadosfm\/2026\/01\/20\/bonde-do-brasil-e-forro-do-cupido-encerram-a-festa-de-janeiro-2026-em-iguaracy-com-casa-cheia-e-muita-emocao\/#primaryimage","url":"https:\/\/i0.wp.com\/afogadosfm.com.br\/afogadosfm\/wp-content\/uploads\/2026\/01\/WhatsApp-Image-2026-01-20-at-09.55.37.jpeg?fit=1600%2C1066&ssl=1","contentUrl":"https:\/\/i0.wp.com\/afogadosfm.com.br\/afogadosfm\/wp-content\/uploads\/2026\/01\/WhatsApp-Image-2026-01-20-at-09.55.37.jpeg?fit=1600%2C1066&ssl=1","width":1600,"height":1066},{"@type":"BreadcrumbList","@id":"https:\/\/afogadosfm.com.br\/afogadosfm\/2026\/01\/20\/bonde-do-brasil-e-forro-do-cupido-encerram-a-festa-de-janeiro-2026-em-iguaracy-com-casa-cheia-e-muita-emocao\/#breadcrumb","itemListElement":[{"@type":"ListItem","position":1,"name":"In\u00edcio","item":"https:\/\/afogadosfm.com.br\/afogadosfm\/"},{"@type":"ListItem","position":2,"name":"Bonde do Brasil e Forr\u00f3 do Cupido encerram a Festa de Janeiro 2026 em Iguaracy com casa cheia e muita emo\u00e7\u00e3o"}]},{"@type":"WebSite","@id":"https:\/\/afogadosfm.com.br\/afogadosfm\/#website","url":"https:\/\/afogadosfm.com.br\/afogadosfm\/","name":"Afogados FM","description":"Um site completo!","publisher":{"@id":"https:\/\/afogadosfm.com.br\/afogadosfm\/#organization"},"potentialAction":[{"@type":"SearchAction","target":{"@type":"EntryPoint","urlTemplate":"https:\/\/afogadosfm.com.br\/afogadosfm\/?s={search_term_string}"},"query-input":{"@type":"PropertyValueSpecification","valueRequired":true,"valueName":"search_term_string"}}],"inLanguage":"pt-BR"},{"@type":"Organization","@id":"https:\/\/afogadosfm.com.br\/afogadosfm\/#organization","name":"Afogados FM","url":"https:\/\/afogadosfm.com.br\/afogadosfm\/","logo":{"@type":"ImageObject","inLanguage":"pt-BR","@id":"https:\/\/afogadosfm.com.br\/afogadosfm\/#\/schema\/logo\/image\/","url":"https:\/\/i0.wp.com\/afogadosfm.com.br\/afogadosfm\/wp-content\/uploads\/2020\/06\/cropped-banner-afogados-4.jpg?fit=369%2C137&ssl=1","contentUrl":"https:\/\/i0.wp.com\/afogadosfm.com.br\/afogadosfm\/wp-content\/uploads\/2020\/06\/cropped-banner-afogados-4.jpg?fit=369%2C137&ssl=1","width":369,"height":137,"caption":"Afogados FM"},"image":{"@id":"https:\/\/afogadosfm.com.br\/afogadosfm\/#\/schema\/logo\/image\/"}},{"@type":"Person","@id":"https:\/\/afogadosfm.com.br\/afogadosfm\/#\/schema\/person\/60e56f2cf5dc960fc093fe093d9e9057","name":"afogadosfm","image":{"@type":"ImageObject","inLanguage":"pt-BR","@id":"https:\/\/secure.gravatar.com\/avatar\/e0359add7ed5dc3560906d861b52c6a8cf5c1e199d3a7dd85070998f49bd4701?s=96&d=mm&r=g","url":"https:\/\/secure.gravatar.com\/avatar\/e0359add7ed5dc3560906d861b52c6a8cf5c1e199d3a7dd85070998f49bd4701?s=96&d=mm&r=g","contentUrl":"https:\/\/secure.gravatar.com\/avatar\/e0359add7ed5dc3560906d861b52c6a8cf5c1e199d3a7dd85070998f49bd4701?s=96&d=mm&r=g","caption":"afogadosfm"},"url":"https:\/\/afogadosfm.com.br\/afogadosfm\/author\/afogadosfm\/"}]}},"jetpack_publicize_connections":[],"jetpack_featured_media_url":"https:\/\/i0.wp.com\/afogadosfm.com.br\/afogadosfm\/wp-content\/uploads\/2026\/01\/WhatsApp-Image-2026-01-20-at-09.55.37.jpeg?fit=1600%2C1066&ssl=1","jetpack-related-posts":[],"jetpack_sharing_enabled":true,"jetpack_likes_enabled":true,"_links":{"self":[{"href":"https:\/\/afogadosfm.com.br\/afogadosfm\/wp-json\/wp\/v2\/posts\/72138","targetHints":{"allow":["GET"]}}],"collection":[{"href":"https:\/\/afogadosfm.com.br\/afogadosfm\/wp-json\/wp\/v2\/posts"}],"about":[{"href":"https:\/\/afogadosfm.com.br\/afogadosfm\/wp-json\/wp\/v2\/types\/post"}],"author":[{"embeddable":true,"href":"https:\/\/afogadosfm.com.br\/afogadosfm\/wp-json\/wp\/v2\/users\/2"}],"replies":[{"embeddable":true,"href":"https:\/\/afogadosfm.com.br\/afogadosfm\/wp-json\/wp\/v2\/comments?post=72138"}],"version-history":[{"count":1,"href":"https:\/\/afogadosfm.com.br\/afogadosfm\/wp-json\/wp\/v2\/posts\/72138\/revisions"}],"predecessor-version":[{"id":72141,"href":"https:\/\/afogadosfm.com.br\/afogadosfm\/wp-json\/wp\/v2\/posts\/72138\/revisions\/72141"}],"wp:featuredmedia":[{"embeddable":true,"href":"https:\/\/afogadosfm.com.br\/afogadosfm\/wp-json\/wp\/v2\/media\/72139"}],"wp:attachment":[{"href":"https:\/\/afogadosfm.com.br\/afogadosfm\/wp-json\/wp\/v2\/media?parent=72138"}],"wp:term":[{"taxonomy":"category","embeddable":true,"href":"https:\/\/afogadosfm.com.br\/afogadosfm\/wp-json\/wp\/v2\/categories?post=72138"},{"taxonomy":"post_tag","embeddable":true,"href":"https:\/\/afogadosfm.com.br\/afogadosfm\/wp-json\/wp\/v2\/tags?post=72138"}],"curies":[{"name":"wp","href":"https:\/\/api.w.org\/{rel}","templated":true}]}}