{"id":72146,"date":"2026-01-21T05:58:49","date_gmt":"2026-01-21T08:58:49","guid":{"rendered":"https:\/\/afogadosfm.com.br\/afogadosfm\/?p=72146"},"modified":"2026-01-21T05:58:50","modified_gmt":"2026-01-21T08:58:50","slug":"solange-almeida-solta-o-verbo-e-diz-como-foi-o-fim-da-banda-avioes-do-forro","status":"publish","type":"post","link":"https:\/\/afogadosfm.com.br\/afogadosfm\/2026\/01\/21\/solange-almeida-solta-o-verbo-e-diz-como-foi-o-fim-da-banda-avioes-do-forro\/","title":{"rendered":"Solange Almeida solta o verbo e diz como foi o fim da banda Avi\u00f5es do Forr\u00f3"},"content":{"rendered":"\n<p>Solange Almeida afirmou que n\u00e3o teve autonomia sobre sua sa\u00edda da banda Avi\u00f5es do Forr\u00f3 e que precisou assumir publicamente a responsabilidade pelo fim da parceria, em dezembro de 2016. O relato foi feito durante participa\u00e7\u00e3o no programa Sem Censura, da TV Brasil, exibido na noite da ultima segunda-feira, 19.<\/p>\n\n\n\n<p>Segundo a cantora, a narrativa divulgada \u00e0 \u00e9poca n\u00e3o refletiu o que aconteceu nos bastidores. &#8220;Eu tive que dizer que estava saindo da banda, mas a hist\u00f3ria n\u00e3o foi essa. Eu levei a culpa e at\u00e9 hoje muita gente n\u00e3o me suporta por causa disso&#8221;, afirmou.<\/p>\n\n\n\n<p>Solange explicou que os coment\u00e1rios sobre uma poss\u00edvel sa\u00edda ganharam for\u00e7a ap\u00f3s o encerramento de um projeto criado para celebrar seus 25 anos de carreira. A iniciativa previa novas experimenta\u00e7\u00f5es musicais, sem o abandono do forr\u00f3, mas acabou sendo interpretada como sinal de ruptura. &#8220;Foi uma fofocada&#8221;, resumiu.<\/p>\n\n\n\n<p>De acordo com ela, o tema chegou a ser tratado diretamente com Xand Avi\u00e3o, quando o cantor questionou os rumores. &#8220;At\u00e9 que um dia o Xand me ligou e perguntou se eu realmente ia sair da banda Eu disse: &#8216;N\u00e3o, eu n\u00e3o pretendo sair&#8217;. E a\u00ed ele perguntou: &#8216;Mas a\u00ed tem que ver, porque est\u00e1 todo mundo dizendo que voc\u00ea vai sair'&#8221;, contou.<\/p>\n\n\n\n<p>Ap\u00f3s esse epis\u00f3dio, Solange afirmou que a perman\u00eancia no grupo deixou de ser uma possibilidade. Naquele per\u00edodo, a dire\u00e7\u00e3o do Avi\u00f5es do Forr\u00f3 chegou a discutir uma turn\u00ea de despedida, prevista para ocorrer at\u00e9 outubro de 2017, sob o argumento de que o projeto n\u00e3o seguiria sem um dos vocalistas.<\/p>\n\n\n\n<p>A cantora, no entanto, disse que foi desligada antes do combinado. &#8220;S\u00f3 que quando foi em dezembro, me chamaram e me disseram que eu estava fora da banda&#8221;, relatou.<\/p>\n\n\n\n<p>Diante da decis\u00e3o, ela procurou o respons\u00e1vel pela comunica\u00e7\u00e3o do grupo para organizar o an\u00fancio p\u00fablico. &#8220;Eu disse: &#8216;Bonfim, eu estou fora da banda. Me arruma um meio de falar isso, para que todo mundo saiba de uma vez s\u00f3'&#8221;, afirmou.<\/p>\n","protected":false},"excerpt":{"rendered":"<p>Solange Almeida afirmou que n\u00e3o teve autonomia sobre sua sa\u00edda da banda Avi\u00f5es do Forr\u00f3 e que precisou assumir publicamente<\/p>\n","protected":false},"author":2,"featured_media":72147,"comment_status":"open","ping_status":"open","sticky":false,"template":"","format":"standard","meta":{"jetpack_post_was_ever_published":false,"_jetpack_newsletter_access":"","_jetpack_dont_email_post_to_subs":false,"_jetpack_newsletter_tier_id":0,"_jetpack_memberships_contains_paywalled_content":false,"_jetpack_memberships_contains_paid_content":false,"footnotes":"","jetpack_publicize_message":"","jetpack_publicize_feature_enabled":true,"jetpack_social_post_already_shared":true,"jetpack_social_options":{"image_generator_settings":{"template":"highway","default_image_id":0,"font":"","enabled":false},"version":2}},"categories":[38],"tags":[],"class_list":["post-72146","post","type-post","status-publish","format-standard","has-post-thumbnail","hentry","category-famosos"],"yoast_head":"<!-- This site is optimized with the Yoast SEO plugin v27.5 - https:\/\/yoast.com\/product\/yoast-seo-wordpress\/ -->\n<title>Solange Almeida solta o verbo e diz como foi o fim da banda Avi\u00f5es do Forr\u00f3 - Afogados FM<\/title>\n<meta name=\"robots\" content=\"index, follow, max-snippet:-1, max-image-preview:large, max-video-preview:-1\" \/>\n<link rel=\"canonical\" href=\"https:\/\/afogadosfm.com.br\/afogadosfm\/2026\/01\/21\/solange-almeida-solta-o-verbo-e-diz-como-foi-o-fim-da-banda-avioes-do-forro\/\" \/>\n<meta property=\"og:locale\" content=\"pt_BR\" \/>\n<meta property=\"og:type\" content=\"article\" \/>\n<meta property=\"og:title\" content=\"Solange Almeida solta o verbo e diz como foi o fim da banda Avi\u00f5es do Forr\u00f3 - Afogados FM\" \/>\n<meta property=\"og:description\" content=\"Solange Almeida afirmou que n\u00e3o teve autonomia sobre sua sa\u00edda da banda Avi\u00f5es do Forr\u00f3 e que precisou assumir publicamente\" \/>\n<meta property=\"og:url\" content=\"https:\/\/afogadosfm.com.br\/afogadosfm\/2026\/01\/21\/solange-almeida-solta-o-verbo-e-diz-como-foi-o-fim-da-banda-avioes-do-forro\/\" \/>\n<meta property=\"og:site_name\" content=\"Afogados FM\" \/>\n<meta property=\"article:published_time\" content=\"2026-01-21T08:58:49+00:00\" \/>\n<meta property=\"article:modified_time\" content=\"2026-01-21T08:58:50+00:00\" \/>\n<meta property=\"og:image\" content=\"https:\/\/afogadosfm.com.br\/afogadosfm\/wp-content\/uploads\/2026\/01\/solange.jpg\" \/>\n\t<meta property=\"og:image:width\" content=\"445\" \/>\n\t<meta property=\"og:image:height\" content=\"557\" \/>\n\t<meta property=\"og:image:type\" content=\"image\/jpeg\" \/>\n<meta name=\"author\" content=\"afogadosfm\" \/>\n<meta name=\"twitter:card\" content=\"summary_large_image\" \/>\n<meta name=\"twitter:label1\" content=\"Escrito por\" \/>\n\t<meta name=\"twitter:data1\" content=\"afogadosfm\" \/>\n\t<meta name=\"twitter:label2\" content=\"Est. tempo de leitura\" \/>\n\t<meta name=\"twitter:data2\" content=\"3 minutos\" \/>\n<script type=\"application\/ld+json\" class=\"yoast-schema-graph\">{\"@context\":\"https:\\\/\\\/schema.org\",\"@graph\":[{\"@type\":\"Article\",\"@id\":\"https:\\\/\\\/afogadosfm.com.br\\\/afogadosfm\\\/2026\\\/01\\\/21\\\/solange-almeida-solta-o-verbo-e-diz-como-foi-o-fim-da-banda-avioes-do-forro\\\/#article\",\"isPartOf\":{\"@id\":\"https:\\\/\\\/afogadosfm.com.br\\\/afogadosfm\\\/2026\\\/01\\\/21\\\/solange-almeida-solta-o-verbo-e-diz-como-foi-o-fim-da-banda-avioes-do-forro\\\/\"},\"author\":{\"name\":\"afogadosfm\",\"@id\":\"https:\\\/\\\/afogadosfm.com.br\\\/afogadosfm\\\/#\\\/schema\\\/person\\\/60e56f2cf5dc960fc093fe093d9e9057\"},\"headline\":\"Solange Almeida solta o verbo e diz como foi o fim da banda Avi\u00f5es do Forr\u00f3\",\"datePublished\":\"2026-01-21T08:58:49+00:00\",\"dateModified\":\"2026-01-21T08:58:50+00:00\",\"mainEntityOfPage\":{\"@id\":\"https:\\\/\\\/afogadosfm.com.br\\\/afogadosfm\\\/2026\\\/01\\\/21\\\/solange-almeida-solta-o-verbo-e-diz-como-foi-o-fim-da-banda-avioes-do-forro\\\/\"},\"wordCount\":368,\"commentCount\":0,\"publisher\":{\"@id\":\"https:\\\/\\\/afogadosfm.com.br\\\/afogadosfm\\\/#organization\"},\"image\":{\"@id\":\"https:\\\/\\\/afogadosfm.com.br\\\/afogadosfm\\\/2026\\\/01\\\/21\\\/solange-almeida-solta-o-verbo-e-diz-como-foi-o-fim-da-banda-avioes-do-forro\\\/#primaryimage\"},\"thumbnailUrl\":\"https:\\\/\\\/i0.wp.com\\\/afogadosfm.com.br\\\/afogadosfm\\\/wp-content\\\/uploads\\\/2026\\\/01\\\/solange.jpg?fit=445%2C557&ssl=1\",\"articleSection\":[\"Famosos\"],\"inLanguage\":\"pt-BR\",\"potentialAction\":[{\"@type\":\"CommentAction\",\"name\":\"Comment\",\"target\":[\"https:\\\/\\\/afogadosfm.com.br\\\/afogadosfm\\\/2026\\\/01\\\/21\\\/solange-almeida-solta-o-verbo-e-diz-como-foi-o-fim-da-banda-avioes-do-forro\\\/#respond\"]}]},{\"@type\":\"WebPage\",\"@id\":\"https:\\\/\\\/afogadosfm.com.br\\\/afogadosfm\\\/2026\\\/01\\\/21\\\/solange-almeida-solta-o-verbo-e-diz-como-foi-o-fim-da-banda-avioes-do-forro\\\/\",\"url\":\"https:\\\/\\\/afogadosfm.com.br\\\/afogadosfm\\\/2026\\\/01\\\/21\\\/solange-almeida-solta-o-verbo-e-diz-como-foi-o-fim-da-banda-avioes-do-forro\\\/\",\"name\":\"Solange Almeida solta o verbo e diz como foi o fim da banda Avi\u00f5es do Forr\u00f3 - Afogados FM\",\"isPartOf\":{\"@id\":\"https:\\\/\\\/afogadosfm.com.br\\\/afogadosfm\\\/#website\"},\"primaryImageOfPage\":{\"@id\":\"https:\\\/\\\/afogadosfm.com.br\\\/afogadosfm\\\/2026\\\/01\\\/21\\\/solange-almeida-solta-o-verbo-e-diz-como-foi-o-fim-da-banda-avioes-do-forro\\\/#primaryimage\"},\"image\":{\"@id\":\"https:\\\/\\\/afogadosfm.com.br\\\/afogadosfm\\\/2026\\\/01\\\/21\\\/solange-almeida-solta-o-verbo-e-diz-como-foi-o-fim-da-banda-avioes-do-forro\\\/#primaryimage\"},\"thumbnailUrl\":\"https:\\\/\\\/i0.wp.com\\\/afogadosfm.com.br\\\/afogadosfm\\\/wp-content\\\/uploads\\\/2026\\\/01\\\/solange.jpg?fit=445%2C557&ssl=1\",\"datePublished\":\"2026-01-21T08:58:49+00:00\",\"dateModified\":\"2026-01-21T08:58:50+00:00\",\"breadcrumb\":{\"@id\":\"https:\\\/\\\/afogadosfm.com.br\\\/afogadosfm\\\/2026\\\/01\\\/21\\\/solange-almeida-solta-o-verbo-e-diz-como-foi-o-fim-da-banda-avioes-do-forro\\\/#breadcrumb\"},\"inLanguage\":\"pt-BR\",\"potentialAction\":[{\"@type\":\"ReadAction\",\"target\":[\"https:\\\/\\\/afogadosfm.com.br\\\/afogadosfm\\\/2026\\\/01\\\/21\\\/solange-almeida-solta-o-verbo-e-diz-como-foi-o-fim-da-banda-avioes-do-forro\\\/\"]}]},{\"@type\":\"ImageObject\",\"inLanguage\":\"pt-BR\",\"@id\":\"https:\\\/\\\/afogadosfm.com.br\\\/afogadosfm\\\/2026\\\/01\\\/21\\\/solange-almeida-solta-o-verbo-e-diz-como-foi-o-fim-da-banda-avioes-do-forro\\\/#primaryimage\",\"url\":\"https:\\\/\\\/i0.wp.com\\\/afogadosfm.com.br\\\/afogadosfm\\\/wp-content\\\/uploads\\\/2026\\\/01\\\/solange.jpg?fit=445%2C557&ssl=1\",\"contentUrl\":\"https:\\\/\\\/i0.wp.com\\\/afogadosfm.com.br\\\/afogadosfm\\\/wp-content\\\/uploads\\\/2026\\\/01\\\/solange.jpg?fit=445%2C557&ssl=1\",\"width\":445,\"height\":557},{\"@type\":\"BreadcrumbList\",\"@id\":\"https:\\\/\\\/afogadosfm.com.br\\\/afogadosfm\\\/2026\\\/01\\\/21\\\/solange-almeida-solta-o-verbo-e-diz-como-foi-o-fim-da-banda-avioes-do-forro\\\/#breadcrumb\",\"itemListElement\":[{\"@type\":\"ListItem\",\"position\":1,\"name\":\"In\u00edcio\",\"item\":\"https:\\\/\\\/afogadosfm.com.br\\\/afogadosfm\\\/\"},{\"@type\":\"ListItem\",\"position\":2,\"name\":\"Solange Almeida solta o verbo e diz como foi o fim da banda Avi\u00f5es do Forr\u00f3\"}]},{\"@type\":\"WebSite\",\"@id\":\"https:\\\/\\\/afogadosfm.com.br\\\/afogadosfm\\\/#website\",\"url\":\"https:\\\/\\\/afogadosfm.com.br\\\/afogadosfm\\\/\",\"name\":\"Afogados FM\",\"description\":\"Um site completo!\",\"publisher\":{\"@id\":\"https:\\\/\\\/afogadosfm.com.br\\\/afogadosfm\\\/#organization\"},\"potentialAction\":[{\"@type\":\"SearchAction\",\"target\":{\"@type\":\"EntryPoint\",\"urlTemplate\":\"https:\\\/\\\/afogadosfm.com.br\\\/afogadosfm\\\/?s={search_term_string}\"},\"query-input\":{\"@type\":\"PropertyValueSpecification\",\"valueRequired\":true,\"valueName\":\"search_term_string\"}}],\"inLanguage\":\"pt-BR\"},{\"@type\":\"Organization\",\"@id\":\"https:\\\/\\\/afogadosfm.com.br\\\/afogadosfm\\\/#organization\",\"name\":\"Afogados FM\",\"url\":\"https:\\\/\\\/afogadosfm.com.br\\\/afogadosfm\\\/\",\"logo\":{\"@type\":\"ImageObject\",\"inLanguage\":\"pt-BR\",\"@id\":\"https:\\\/\\\/afogadosfm.com.br\\\/afogadosfm\\\/#\\\/schema\\\/logo\\\/image\\\/\",\"url\":\"https:\\\/\\\/i0.wp.com\\\/afogadosfm.com.br\\\/afogadosfm\\\/wp-content\\\/uploads\\\/2020\\\/06\\\/cropped-banner-afogados-4.jpg?fit=369%2C137&ssl=1\",\"contentUrl\":\"https:\\\/\\\/i0.wp.com\\\/afogadosfm.com.br\\\/afogadosfm\\\/wp-content\\\/uploads\\\/2020\\\/06\\\/cropped-banner-afogados-4.jpg?fit=369%2C137&ssl=1\",\"width\":369,\"height\":137,\"caption\":\"Afogados FM\"},\"image\":{\"@id\":\"https:\\\/\\\/afogadosfm.com.br\\\/afogadosfm\\\/#\\\/schema\\\/logo\\\/image\\\/\"}},{\"@type\":\"Person\",\"@id\":\"https:\\\/\\\/afogadosfm.com.br\\\/afogadosfm\\\/#\\\/schema\\\/person\\\/60e56f2cf5dc960fc093fe093d9e9057\",\"name\":\"afogadosfm\",\"image\":{\"@type\":\"ImageObject\",\"inLanguage\":\"pt-BR\",\"@id\":\"https:\\\/\\\/secure.gravatar.com\\\/avatar\\\/e0359add7ed5dc3560906d861b52c6a8cf5c1e199d3a7dd85070998f49bd4701?s=96&d=mm&r=g\",\"url\":\"https:\\\/\\\/secure.gravatar.com\\\/avatar\\\/e0359add7ed5dc3560906d861b52c6a8cf5c1e199d3a7dd85070998f49bd4701?s=96&d=mm&r=g\",\"contentUrl\":\"https:\\\/\\\/secure.gravatar.com\\\/avatar\\\/e0359add7ed5dc3560906d861b52c6a8cf5c1e199d3a7dd85070998f49bd4701?s=96&d=mm&r=g\",\"caption\":\"afogadosfm\"},\"url\":\"https:\\\/\\\/afogadosfm.com.br\\\/afogadosfm\\\/author\\\/afogadosfm\\\/\"}]}<\/script>\n<!-- \/ Yoast SEO plugin. -->","yoast_head_json":{"title":"Solange Almeida solta o verbo e diz como foi o fim da banda Avi\u00f5es do Forr\u00f3 - Afogados FM","robots":{"index":"index","follow":"follow","max-snippet":"max-snippet:-1","max-image-preview":"max-image-preview:large","max-video-preview":"max-video-preview:-1"},"canonical":"https:\/\/afogadosfm.com.br\/afogadosfm\/2026\/01\/21\/solange-almeida-solta-o-verbo-e-diz-como-foi-o-fim-da-banda-avioes-do-forro\/","og_locale":"pt_BR","og_type":"article","og_title":"Solange Almeida solta o verbo e diz como foi o fim da banda Avi\u00f5es do Forr\u00f3 - Afogados FM","og_description":"Solange Almeida afirmou que n\u00e3o teve autonomia sobre sua sa\u00edda da banda Avi\u00f5es do Forr\u00f3 e que precisou assumir publicamente","og_url":"https:\/\/afogadosfm.com.br\/afogadosfm\/2026\/01\/21\/solange-almeida-solta-o-verbo-e-diz-como-foi-o-fim-da-banda-avioes-do-forro\/","og_site_name":"Afogados FM","article_published_time":"2026-01-21T08:58:49+00:00","article_modified_time":"2026-01-21T08:58:50+00:00","og_image":[{"width":445,"height":557,"url":"https:\/\/afogadosfm.com.br\/afogadosfm\/wp-content\/uploads\/2026\/01\/solange.jpg","type":"image\/jpeg"}],"author":"afogadosfm","twitter_card":"summary_large_image","twitter_misc":{"Escrito por":"afogadosfm","Est. tempo de leitura":"3 minutos"},"schema":{"@context":"https:\/\/schema.org","@graph":[{"@type":"Article","@id":"https:\/\/afogadosfm.com.br\/afogadosfm\/2026\/01\/21\/solange-almeida-solta-o-verbo-e-diz-como-foi-o-fim-da-banda-avioes-do-forro\/#article","isPartOf":{"@id":"https:\/\/afogadosfm.com.br\/afogadosfm\/2026\/01\/21\/solange-almeida-solta-o-verbo-e-diz-como-foi-o-fim-da-banda-avioes-do-forro\/"},"author":{"name":"afogadosfm","@id":"https:\/\/afogadosfm.com.br\/afogadosfm\/#\/schema\/person\/60e56f2cf5dc960fc093fe093d9e9057"},"headline":"Solange Almeida solta o verbo e diz como foi o fim da banda Avi\u00f5es do Forr\u00f3","datePublished":"2026-01-21T08:58:49+00:00","dateModified":"2026-01-21T08:58:50+00:00","mainEntityOfPage":{"@id":"https:\/\/afogadosfm.com.br\/afogadosfm\/2026\/01\/21\/solange-almeida-solta-o-verbo-e-diz-como-foi-o-fim-da-banda-avioes-do-forro\/"},"wordCount":368,"commentCount":0,"publisher":{"@id":"https:\/\/afogadosfm.com.br\/afogadosfm\/#organization"},"image":{"@id":"https:\/\/afogadosfm.com.br\/afogadosfm\/2026\/01\/21\/solange-almeida-solta-o-verbo-e-diz-como-foi-o-fim-da-banda-avioes-do-forro\/#primaryimage"},"thumbnailUrl":"https:\/\/i0.wp.com\/afogadosfm.com.br\/afogadosfm\/wp-content\/uploads\/2026\/01\/solange.jpg?fit=445%2C557&ssl=1","articleSection":["Famosos"],"inLanguage":"pt-BR","potentialAction":[{"@type":"CommentAction","name":"Comment","target":["https:\/\/afogadosfm.com.br\/afogadosfm\/2026\/01\/21\/solange-almeida-solta-o-verbo-e-diz-como-foi-o-fim-da-banda-avioes-do-forro\/#respond"]}]},{"@type":"WebPage","@id":"https:\/\/afogadosfm.com.br\/afogadosfm\/2026\/01\/21\/solange-almeida-solta-o-verbo-e-diz-como-foi-o-fim-da-banda-avioes-do-forro\/","url":"https:\/\/afogadosfm.com.br\/afogadosfm\/2026\/01\/21\/solange-almeida-solta-o-verbo-e-diz-como-foi-o-fim-da-banda-avioes-do-forro\/","name":"Solange Almeida solta o verbo e diz como foi o fim da banda Avi\u00f5es do Forr\u00f3 - Afogados FM","isPartOf":{"@id":"https:\/\/afogadosfm.com.br\/afogadosfm\/#website"},"primaryImageOfPage":{"@id":"https:\/\/afogadosfm.com.br\/afogadosfm\/2026\/01\/21\/solange-almeida-solta-o-verbo-e-diz-como-foi-o-fim-da-banda-avioes-do-forro\/#primaryimage"},"image":{"@id":"https:\/\/afogadosfm.com.br\/afogadosfm\/2026\/01\/21\/solange-almeida-solta-o-verbo-e-diz-como-foi-o-fim-da-banda-avioes-do-forro\/#primaryimage"},"thumbnailUrl":"https:\/\/i0.wp.com\/afogadosfm.com.br\/afogadosfm\/wp-content\/uploads\/2026\/01\/solange.jpg?fit=445%2C557&ssl=1","datePublished":"2026-01-21T08:58:49+00:00","dateModified":"2026-01-21T08:58:50+00:00","breadcrumb":{"@id":"https:\/\/afogadosfm.com.br\/afogadosfm\/2026\/01\/21\/solange-almeida-solta-o-verbo-e-diz-como-foi-o-fim-da-banda-avioes-do-forro\/#breadcrumb"},"inLanguage":"pt-BR","potentialAction":[{"@type":"ReadAction","target":["https:\/\/afogadosfm.com.br\/afogadosfm\/2026\/01\/21\/solange-almeida-solta-o-verbo-e-diz-como-foi-o-fim-da-banda-avioes-do-forro\/"]}]},{"@type":"ImageObject","inLanguage":"pt-BR","@id":"https:\/\/afogadosfm.com.br\/afogadosfm\/2026\/01\/21\/solange-almeida-solta-o-verbo-e-diz-como-foi-o-fim-da-banda-avioes-do-forro\/#primaryimage","url":"https:\/\/i0.wp.com\/afogadosfm.com.br\/afogadosfm\/wp-content\/uploads\/2026\/01\/solange.jpg?fit=445%2C557&ssl=1","contentUrl":"https:\/\/i0.wp.com\/afogadosfm.com.br\/afogadosfm\/wp-content\/uploads\/2026\/01\/solange.jpg?fit=445%2C557&ssl=1","width":445,"height":557},{"@type":"BreadcrumbList","@id":"https:\/\/afogadosfm.com.br\/afogadosfm\/2026\/01\/21\/solange-almeida-solta-o-verbo-e-diz-como-foi-o-fim-da-banda-avioes-do-forro\/#breadcrumb","itemListElement":[{"@type":"ListItem","position":1,"name":"In\u00edcio","item":"https:\/\/afogadosfm.com.br\/afogadosfm\/"},{"@type":"ListItem","position":2,"name":"Solange Almeida solta o verbo e diz como foi o fim da banda Avi\u00f5es do Forr\u00f3"}]},{"@type":"WebSite","@id":"https:\/\/afogadosfm.com.br\/afogadosfm\/#website","url":"https:\/\/afogadosfm.com.br\/afogadosfm\/","name":"Afogados FM","description":"Um site completo!","publisher":{"@id":"https:\/\/afogadosfm.com.br\/afogadosfm\/#organization"},"potentialAction":[{"@type":"SearchAction","target":{"@type":"EntryPoint","urlTemplate":"https:\/\/afogadosfm.com.br\/afogadosfm\/?s={search_term_string}"},"query-input":{"@type":"PropertyValueSpecification","valueRequired":true,"valueName":"search_term_string"}}],"inLanguage":"pt-BR"},{"@type":"Organization","@id":"https:\/\/afogadosfm.com.br\/afogadosfm\/#organization","name":"Afogados FM","url":"https:\/\/afogadosfm.com.br\/afogadosfm\/","logo":{"@type":"ImageObject","inLanguage":"pt-BR","@id":"https:\/\/afogadosfm.com.br\/afogadosfm\/#\/schema\/logo\/image\/","url":"https:\/\/i0.wp.com\/afogadosfm.com.br\/afogadosfm\/wp-content\/uploads\/2020\/06\/cropped-banner-afogados-4.jpg?fit=369%2C137&ssl=1","contentUrl":"https:\/\/i0.wp.com\/afogadosfm.com.br\/afogadosfm\/wp-content\/uploads\/2020\/06\/cropped-banner-afogados-4.jpg?fit=369%2C137&ssl=1","width":369,"height":137,"caption":"Afogados FM"},"image":{"@id":"https:\/\/afogadosfm.com.br\/afogadosfm\/#\/schema\/logo\/image\/"}},{"@type":"Person","@id":"https:\/\/afogadosfm.com.br\/afogadosfm\/#\/schema\/person\/60e56f2cf5dc960fc093fe093d9e9057","name":"afogadosfm","image":{"@type":"ImageObject","inLanguage":"pt-BR","@id":"https:\/\/secure.gravatar.com\/avatar\/e0359add7ed5dc3560906d861b52c6a8cf5c1e199d3a7dd85070998f49bd4701?s=96&d=mm&r=g","url":"https:\/\/secure.gravatar.com\/avatar\/e0359add7ed5dc3560906d861b52c6a8cf5c1e199d3a7dd85070998f49bd4701?s=96&d=mm&r=g","contentUrl":"https:\/\/secure.gravatar.com\/avatar\/e0359add7ed5dc3560906d861b52c6a8cf5c1e199d3a7dd85070998f49bd4701?s=96&d=mm&r=g","caption":"afogadosfm"},"url":"https:\/\/afogadosfm.com.br\/afogadosfm\/author\/afogadosfm\/"}]}},"jetpack_publicize_connections":[],"jetpack_featured_media_url":"https:\/\/i0.wp.com\/afogadosfm.com.br\/afogadosfm\/wp-content\/uploads\/2026\/01\/solange.jpg?fit=445%2C557&ssl=1","jetpack-related-posts":[],"jetpack_sharing_enabled":true,"jetpack_likes_enabled":true,"_links":{"self":[{"href":"https:\/\/afogadosfm.com.br\/afogadosfm\/wp-json\/wp\/v2\/posts\/72146","targetHints":{"allow":["GET"]}}],"collection":[{"href":"https:\/\/afogadosfm.com.br\/afogadosfm\/wp-json\/wp\/v2\/posts"}],"about":[{"href":"https:\/\/afogadosfm.com.br\/afogadosfm\/wp-json\/wp\/v2\/types\/post"}],"author":[{"embeddable":true,"href":"https:\/\/afogadosfm.com.br\/afogadosfm\/wp-json\/wp\/v2\/users\/2"}],"replies":[{"embeddable":true,"href":"https:\/\/afogadosfm.com.br\/afogadosfm\/wp-json\/wp\/v2\/comments?post=72146"}],"version-history":[{"count":1,"href":"https:\/\/afogadosfm.com.br\/afogadosfm\/wp-json\/wp\/v2\/posts\/72146\/revisions"}],"predecessor-version":[{"id":72148,"href":"https:\/\/afogadosfm.com.br\/afogadosfm\/wp-json\/wp\/v2\/posts\/72146\/revisions\/72148"}],"wp:featuredmedia":[{"embeddable":true,"href":"https:\/\/afogadosfm.com.br\/afogadosfm\/wp-json\/wp\/v2\/media\/72147"}],"wp:attachment":[{"href":"https:\/\/afogadosfm.com.br\/afogadosfm\/wp-json\/wp\/v2\/media?parent=72146"}],"wp:term":[{"taxonomy":"category","embeddable":true,"href":"https:\/\/afogadosfm.com.br\/afogadosfm\/wp-json\/wp\/v2\/categories?post=72146"},{"taxonomy":"post_tag","embeddable":true,"href":"https:\/\/afogadosfm.com.br\/afogadosfm\/wp-json\/wp\/v2\/tags?post=72146"}],"curies":[{"name":"wp","href":"https:\/\/api.w.org\/{rel}","templated":true}]}}