{"id":72159,"date":"2026-01-21T06:18:15","date_gmt":"2026-01-21T09:18:15","guid":{"rendered":"https:\/\/afogadosfm.com.br\/afogadosfm\/?p=72159"},"modified":"2026-01-21T06:18:16","modified_gmt":"2026-01-21T09:18:16","slug":"carnaval-2026-recife-tera-encontro-de-grupos-de-maracatu-nacao","status":"publish","type":"post","link":"https:\/\/afogadosfm.com.br\/afogadosfm\/2026\/01\/21\/carnaval-2026-recife-tera-encontro-de-grupos-de-maracatu-nacao\/","title":{"rendered":"Carnaval 2026: Recife ter\u00e1 encontro de grupos de Maracatu Na\u00e7\u00e3o"},"content":{"rendered":"\n<p>Parte da programa\u00e7\u00e3o do Carnaval de Recife, come\u00e7a em 12 de fevereiro a 23\u00aa edi\u00e7\u00e3o do Tumaraca, encontro que re\u00fane 13 grupos de Maracatu Na\u00e7\u00e3o. Mas para o foli\u00e3o, as batidas, o canto e a ancestralidade dos grupos que participam do Tumaraca j\u00e1 podem ser apreciadas e vivenciadas a partir desta ter\u00e7a-feira (20) com uma s\u00e9rie de ensaios abertos ao p\u00fablico.<\/p>\n\n\n\n<p>At\u00e9 o dia 7 de fevereiro, antes do evento principal, est\u00e3o previstos pelo menos 14 encontros em pontos variados da capital pernambucana, sempre a partir das 18h.<\/p>\n\n\n\n<p>A abertura fica por conta do Maracatu Na\u00e7\u00e3o Tupinamb\u00e1, que d\u00e1 o pontap\u00e9 inicial nos ensaios, na rua Erundina de Negreiros, no C\u00f3rrego do Jenipapo. Na quarta-feira (21) \u00e9 a vez do Maracatu Sol Brilhante do Recife. Na quinta (22), entra em cena o grupo Le\u00e3o da Campina. J\u00e1 na sexta-feira (23), o P\u00e1tio de S\u00e3o Pedro, localizado no centro hist\u00f3rico do Recife, ser\u00e1 palco de um ensaio coletivo.<\/p>\n\n\n\n<p>A programa\u00e7\u00e3o completa, com endere\u00e7os e datas, est\u00e1 dispon\u00edvel no instagram da Associa\u00e7\u00e3o dos Maracatus Na\u00e7\u00e3o de Pernambuco.<\/p>\n\n\n\n<p>Mulheres em destaque<\/p>\n\n\n\n<p>A edi\u00e7\u00e3o deste ano do Tumaraca tem como tema \u201cEmpoderamento e Protagonismo Feminino: Canto para Iyab\u00e1s\u201d. Mestres, mestras e Iyab\u00e1s v\u00e3o reverenciar o sagrado feminino e contar\u00e3o com as participa\u00e7\u00f5es especiais de Luedji Luna, Gabi do Carmo e Karynna Spinelli.<\/p>\n\n\n\n<p>O espet\u00e1culo ser\u00e1 conduzido pelo grupo vocal Voz Nag\u00f4, formado exclusivamente por mulheres, e contar\u00e1 ainda com a participa\u00e7\u00e3o do grupo Bacnar\u00e9, em uma celebra\u00e7\u00e3o que destaca a ancestralidade e a for\u00e7a feminina no maracatu.<\/p>\n\n\n\n<p>Da R\u00e1dio Ag\u00eancia<\/p>\n","protected":false},"excerpt":{"rendered":"<p>Parte da programa\u00e7\u00e3o do Carnaval de Recife, come\u00e7a em 12 de fevereiro a 23\u00aa edi\u00e7\u00e3o do Tumaraca, encontro que re\u00fane<\/p>\n","protected":false},"author":2,"featured_media":72160,"comment_status":"open","ping_status":"open","sticky":false,"template":"","format":"standard","meta":{"jetpack_post_was_ever_published":false,"_jetpack_newsletter_access":"","_jetpack_dont_email_post_to_subs":false,"_jetpack_newsletter_tier_id":0,"_jetpack_memberships_contains_paywalled_content":false,"_jetpack_memberships_contains_paid_content":false,"footnotes":"","jetpack_publicize_message":"","jetpack_publicize_feature_enabled":true,"jetpack_social_post_already_shared":true,"jetpack_social_options":{"image_generator_settings":{"template":"highway","default_image_id":0,"font":"","enabled":false},"version":2}},"categories":[13],"tags":[],"class_list":["post-72159","post","type-post","status-publish","format-standard","has-post-thumbnail","hentry","category-pernambuco"],"yoast_head":"<!-- This site is optimized with the Yoast SEO plugin v27.5 - https:\/\/yoast.com\/product\/yoast-seo-wordpress\/ -->\n<title>Carnaval 2026: Recife ter\u00e1 encontro de grupos de Maracatu Na\u00e7\u00e3o - Afogados FM<\/title>\n<meta name=\"robots\" content=\"index, follow, max-snippet:-1, max-image-preview:large, max-video-preview:-1\" \/>\n<link rel=\"canonical\" href=\"https:\/\/afogadosfm.com.br\/afogadosfm\/2026\/01\/21\/carnaval-2026-recife-tera-encontro-de-grupos-de-maracatu-nacao\/\" \/>\n<meta property=\"og:locale\" content=\"pt_BR\" \/>\n<meta property=\"og:type\" content=\"article\" \/>\n<meta property=\"og:title\" content=\"Carnaval 2026: Recife ter\u00e1 encontro de grupos de Maracatu Na\u00e7\u00e3o - Afogados FM\" \/>\n<meta property=\"og:description\" content=\"Parte da programa\u00e7\u00e3o do Carnaval de Recife, come\u00e7a em 12 de fevereiro a 23\u00aa edi\u00e7\u00e3o do Tumaraca, encontro que re\u00fane\" \/>\n<meta property=\"og:url\" content=\"https:\/\/afogadosfm.com.br\/afogadosfm\/2026\/01\/21\/carnaval-2026-recife-tera-encontro-de-grupos-de-maracatu-nacao\/\" \/>\n<meta property=\"og:site_name\" content=\"Afogados FM\" \/>\n<meta property=\"article:published_time\" content=\"2026-01-21T09:18:15+00:00\" \/>\n<meta property=\"article:modified_time\" content=\"2026-01-21T09:18:16+00:00\" \/>\n<meta property=\"og:image\" content=\"https:\/\/afogadosfm.com.br\/afogadosfm\/wp-content\/uploads\/2026\/01\/maracatu.webp\" \/>\n\t<meta property=\"og:image:width\" content=\"1170\" \/>\n\t<meta property=\"og:image:height\" content=\"700\" \/>\n\t<meta property=\"og:image:type\" content=\"image\/webp\" \/>\n<meta name=\"author\" content=\"afogadosfm\" \/>\n<meta name=\"twitter:card\" content=\"summary_large_image\" \/>\n<meta name=\"twitter:label1\" content=\"Escrito por\" \/>\n\t<meta name=\"twitter:data1\" content=\"afogadosfm\" \/>\n\t<meta name=\"twitter:label2\" content=\"Est. tempo de leitura\" \/>\n\t<meta name=\"twitter:data2\" content=\"2 minutos\" \/>\n<script type=\"application\/ld+json\" class=\"yoast-schema-graph\">{\"@context\":\"https:\\\/\\\/schema.org\",\"@graph\":[{\"@type\":\"Article\",\"@id\":\"https:\\\/\\\/afogadosfm.com.br\\\/afogadosfm\\\/2026\\\/01\\\/21\\\/carnaval-2026-recife-tera-encontro-de-grupos-de-maracatu-nacao\\\/#article\",\"isPartOf\":{\"@id\":\"https:\\\/\\\/afogadosfm.com.br\\\/afogadosfm\\\/2026\\\/01\\\/21\\\/carnaval-2026-recife-tera-encontro-de-grupos-de-maracatu-nacao\\\/\"},\"author\":{\"name\":\"afogadosfm\",\"@id\":\"https:\\\/\\\/afogadosfm.com.br\\\/afogadosfm\\\/#\\\/schema\\\/person\\\/60e56f2cf5dc960fc093fe093d9e9057\"},\"headline\":\"Carnaval 2026: Recife ter\u00e1 encontro de grupos de Maracatu Na\u00e7\u00e3o\",\"datePublished\":\"2026-01-21T09:18:15+00:00\",\"dateModified\":\"2026-01-21T09:18:16+00:00\",\"mainEntityOfPage\":{\"@id\":\"https:\\\/\\\/afogadosfm.com.br\\\/afogadosfm\\\/2026\\\/01\\\/21\\\/carnaval-2026-recife-tera-encontro-de-grupos-de-maracatu-nacao\\\/\"},\"wordCount\":289,\"commentCount\":0,\"publisher\":{\"@id\":\"https:\\\/\\\/afogadosfm.com.br\\\/afogadosfm\\\/#organization\"},\"image\":{\"@id\":\"https:\\\/\\\/afogadosfm.com.br\\\/afogadosfm\\\/2026\\\/01\\\/21\\\/carnaval-2026-recife-tera-encontro-de-grupos-de-maracatu-nacao\\\/#primaryimage\"},\"thumbnailUrl\":\"https:\\\/\\\/i0.wp.com\\\/afogadosfm.com.br\\\/afogadosfm\\\/wp-content\\\/uploads\\\/2026\\\/01\\\/maracatu.webp?fit=1170%2C700&ssl=1\",\"articleSection\":[\"Pernambuco\"],\"inLanguage\":\"pt-BR\",\"potentialAction\":[{\"@type\":\"CommentAction\",\"name\":\"Comment\",\"target\":[\"https:\\\/\\\/afogadosfm.com.br\\\/afogadosfm\\\/2026\\\/01\\\/21\\\/carnaval-2026-recife-tera-encontro-de-grupos-de-maracatu-nacao\\\/#respond\"]}]},{\"@type\":\"WebPage\",\"@id\":\"https:\\\/\\\/afogadosfm.com.br\\\/afogadosfm\\\/2026\\\/01\\\/21\\\/carnaval-2026-recife-tera-encontro-de-grupos-de-maracatu-nacao\\\/\",\"url\":\"https:\\\/\\\/afogadosfm.com.br\\\/afogadosfm\\\/2026\\\/01\\\/21\\\/carnaval-2026-recife-tera-encontro-de-grupos-de-maracatu-nacao\\\/\",\"name\":\"Carnaval 2026: Recife ter\u00e1 encontro de grupos de Maracatu Na\u00e7\u00e3o - Afogados FM\",\"isPartOf\":{\"@id\":\"https:\\\/\\\/afogadosfm.com.br\\\/afogadosfm\\\/#website\"},\"primaryImageOfPage\":{\"@id\":\"https:\\\/\\\/afogadosfm.com.br\\\/afogadosfm\\\/2026\\\/01\\\/21\\\/carnaval-2026-recife-tera-encontro-de-grupos-de-maracatu-nacao\\\/#primaryimage\"},\"image\":{\"@id\":\"https:\\\/\\\/afogadosfm.com.br\\\/afogadosfm\\\/2026\\\/01\\\/21\\\/carnaval-2026-recife-tera-encontro-de-grupos-de-maracatu-nacao\\\/#primaryimage\"},\"thumbnailUrl\":\"https:\\\/\\\/i0.wp.com\\\/afogadosfm.com.br\\\/afogadosfm\\\/wp-content\\\/uploads\\\/2026\\\/01\\\/maracatu.webp?fit=1170%2C700&ssl=1\",\"datePublished\":\"2026-01-21T09:18:15+00:00\",\"dateModified\":\"2026-01-21T09:18:16+00:00\",\"breadcrumb\":{\"@id\":\"https:\\\/\\\/afogadosfm.com.br\\\/afogadosfm\\\/2026\\\/01\\\/21\\\/carnaval-2026-recife-tera-encontro-de-grupos-de-maracatu-nacao\\\/#breadcrumb\"},\"inLanguage\":\"pt-BR\",\"potentialAction\":[{\"@type\":\"ReadAction\",\"target\":[\"https:\\\/\\\/afogadosfm.com.br\\\/afogadosfm\\\/2026\\\/01\\\/21\\\/carnaval-2026-recife-tera-encontro-de-grupos-de-maracatu-nacao\\\/\"]}]},{\"@type\":\"ImageObject\",\"inLanguage\":\"pt-BR\",\"@id\":\"https:\\\/\\\/afogadosfm.com.br\\\/afogadosfm\\\/2026\\\/01\\\/21\\\/carnaval-2026-recife-tera-encontro-de-grupos-de-maracatu-nacao\\\/#primaryimage\",\"url\":\"https:\\\/\\\/i0.wp.com\\\/afogadosfm.com.br\\\/afogadosfm\\\/wp-content\\\/uploads\\\/2026\\\/01\\\/maracatu.webp?fit=1170%2C700&ssl=1\",\"contentUrl\":\"https:\\\/\\\/i0.wp.com\\\/afogadosfm.com.br\\\/afogadosfm\\\/wp-content\\\/uploads\\\/2026\\\/01\\\/maracatu.webp?fit=1170%2C700&ssl=1\",\"width\":1170,\"height\":700},{\"@type\":\"BreadcrumbList\",\"@id\":\"https:\\\/\\\/afogadosfm.com.br\\\/afogadosfm\\\/2026\\\/01\\\/21\\\/carnaval-2026-recife-tera-encontro-de-grupos-de-maracatu-nacao\\\/#breadcrumb\",\"itemListElement\":[{\"@type\":\"ListItem\",\"position\":1,\"name\":\"In\u00edcio\",\"item\":\"https:\\\/\\\/afogadosfm.com.br\\\/afogadosfm\\\/\"},{\"@type\":\"ListItem\",\"position\":2,\"name\":\"Carnaval 2026: Recife ter\u00e1 encontro de grupos de Maracatu Na\u00e7\u00e3o\"}]},{\"@type\":\"WebSite\",\"@id\":\"https:\\\/\\\/afogadosfm.com.br\\\/afogadosfm\\\/#website\",\"url\":\"https:\\\/\\\/afogadosfm.com.br\\\/afogadosfm\\\/\",\"name\":\"Afogados FM\",\"description\":\"Um site completo!\",\"publisher\":{\"@id\":\"https:\\\/\\\/afogadosfm.com.br\\\/afogadosfm\\\/#organization\"},\"potentialAction\":[{\"@type\":\"SearchAction\",\"target\":{\"@type\":\"EntryPoint\",\"urlTemplate\":\"https:\\\/\\\/afogadosfm.com.br\\\/afogadosfm\\\/?s={search_term_string}\"},\"query-input\":{\"@type\":\"PropertyValueSpecification\",\"valueRequired\":true,\"valueName\":\"search_term_string\"}}],\"inLanguage\":\"pt-BR\"},{\"@type\":\"Organization\",\"@id\":\"https:\\\/\\\/afogadosfm.com.br\\\/afogadosfm\\\/#organization\",\"name\":\"Afogados FM\",\"url\":\"https:\\\/\\\/afogadosfm.com.br\\\/afogadosfm\\\/\",\"logo\":{\"@type\":\"ImageObject\",\"inLanguage\":\"pt-BR\",\"@id\":\"https:\\\/\\\/afogadosfm.com.br\\\/afogadosfm\\\/#\\\/schema\\\/logo\\\/image\\\/\",\"url\":\"https:\\\/\\\/i0.wp.com\\\/afogadosfm.com.br\\\/afogadosfm\\\/wp-content\\\/uploads\\\/2020\\\/06\\\/cropped-banner-afogados-4.jpg?fit=369%2C137&ssl=1\",\"contentUrl\":\"https:\\\/\\\/i0.wp.com\\\/afogadosfm.com.br\\\/afogadosfm\\\/wp-content\\\/uploads\\\/2020\\\/06\\\/cropped-banner-afogados-4.jpg?fit=369%2C137&ssl=1\",\"width\":369,\"height\":137,\"caption\":\"Afogados FM\"},\"image\":{\"@id\":\"https:\\\/\\\/afogadosfm.com.br\\\/afogadosfm\\\/#\\\/schema\\\/logo\\\/image\\\/\"}},{\"@type\":\"Person\",\"@id\":\"https:\\\/\\\/afogadosfm.com.br\\\/afogadosfm\\\/#\\\/schema\\\/person\\\/60e56f2cf5dc960fc093fe093d9e9057\",\"name\":\"afogadosfm\",\"image\":{\"@type\":\"ImageObject\",\"inLanguage\":\"pt-BR\",\"@id\":\"https:\\\/\\\/secure.gravatar.com\\\/avatar\\\/e0359add7ed5dc3560906d861b52c6a8cf5c1e199d3a7dd85070998f49bd4701?s=96&d=mm&r=g\",\"url\":\"https:\\\/\\\/secure.gravatar.com\\\/avatar\\\/e0359add7ed5dc3560906d861b52c6a8cf5c1e199d3a7dd85070998f49bd4701?s=96&d=mm&r=g\",\"contentUrl\":\"https:\\\/\\\/secure.gravatar.com\\\/avatar\\\/e0359add7ed5dc3560906d861b52c6a8cf5c1e199d3a7dd85070998f49bd4701?s=96&d=mm&r=g\",\"caption\":\"afogadosfm\"},\"url\":\"https:\\\/\\\/afogadosfm.com.br\\\/afogadosfm\\\/author\\\/afogadosfm\\\/\"}]}<\/script>\n<!-- \/ Yoast SEO plugin. -->","yoast_head_json":{"title":"Carnaval 2026: Recife ter\u00e1 encontro de grupos de Maracatu Na\u00e7\u00e3o - Afogados FM","robots":{"index":"index","follow":"follow","max-snippet":"max-snippet:-1","max-image-preview":"max-image-preview:large","max-video-preview":"max-video-preview:-1"},"canonical":"https:\/\/afogadosfm.com.br\/afogadosfm\/2026\/01\/21\/carnaval-2026-recife-tera-encontro-de-grupos-de-maracatu-nacao\/","og_locale":"pt_BR","og_type":"article","og_title":"Carnaval 2026: Recife ter\u00e1 encontro de grupos de Maracatu Na\u00e7\u00e3o - Afogados FM","og_description":"Parte da programa\u00e7\u00e3o do Carnaval de Recife, come\u00e7a em 12 de fevereiro a 23\u00aa edi\u00e7\u00e3o do Tumaraca, encontro que re\u00fane","og_url":"https:\/\/afogadosfm.com.br\/afogadosfm\/2026\/01\/21\/carnaval-2026-recife-tera-encontro-de-grupos-de-maracatu-nacao\/","og_site_name":"Afogados FM","article_published_time":"2026-01-21T09:18:15+00:00","article_modified_time":"2026-01-21T09:18:16+00:00","og_image":[{"width":1170,"height":700,"url":"https:\/\/afogadosfm.com.br\/afogadosfm\/wp-content\/uploads\/2026\/01\/maracatu.webp","type":"image\/webp"}],"author":"afogadosfm","twitter_card":"summary_large_image","twitter_misc":{"Escrito por":"afogadosfm","Est. tempo de leitura":"2 minutos"},"schema":{"@context":"https:\/\/schema.org","@graph":[{"@type":"Article","@id":"https:\/\/afogadosfm.com.br\/afogadosfm\/2026\/01\/21\/carnaval-2026-recife-tera-encontro-de-grupos-de-maracatu-nacao\/#article","isPartOf":{"@id":"https:\/\/afogadosfm.com.br\/afogadosfm\/2026\/01\/21\/carnaval-2026-recife-tera-encontro-de-grupos-de-maracatu-nacao\/"},"author":{"name":"afogadosfm","@id":"https:\/\/afogadosfm.com.br\/afogadosfm\/#\/schema\/person\/60e56f2cf5dc960fc093fe093d9e9057"},"headline":"Carnaval 2026: Recife ter\u00e1 encontro de grupos de Maracatu Na\u00e7\u00e3o","datePublished":"2026-01-21T09:18:15+00:00","dateModified":"2026-01-21T09:18:16+00:00","mainEntityOfPage":{"@id":"https:\/\/afogadosfm.com.br\/afogadosfm\/2026\/01\/21\/carnaval-2026-recife-tera-encontro-de-grupos-de-maracatu-nacao\/"},"wordCount":289,"commentCount":0,"publisher":{"@id":"https:\/\/afogadosfm.com.br\/afogadosfm\/#organization"},"image":{"@id":"https:\/\/afogadosfm.com.br\/afogadosfm\/2026\/01\/21\/carnaval-2026-recife-tera-encontro-de-grupos-de-maracatu-nacao\/#primaryimage"},"thumbnailUrl":"https:\/\/i0.wp.com\/afogadosfm.com.br\/afogadosfm\/wp-content\/uploads\/2026\/01\/maracatu.webp?fit=1170%2C700&ssl=1","articleSection":["Pernambuco"],"inLanguage":"pt-BR","potentialAction":[{"@type":"CommentAction","name":"Comment","target":["https:\/\/afogadosfm.com.br\/afogadosfm\/2026\/01\/21\/carnaval-2026-recife-tera-encontro-de-grupos-de-maracatu-nacao\/#respond"]}]},{"@type":"WebPage","@id":"https:\/\/afogadosfm.com.br\/afogadosfm\/2026\/01\/21\/carnaval-2026-recife-tera-encontro-de-grupos-de-maracatu-nacao\/","url":"https:\/\/afogadosfm.com.br\/afogadosfm\/2026\/01\/21\/carnaval-2026-recife-tera-encontro-de-grupos-de-maracatu-nacao\/","name":"Carnaval 2026: Recife ter\u00e1 encontro de grupos de Maracatu Na\u00e7\u00e3o - Afogados FM","isPartOf":{"@id":"https:\/\/afogadosfm.com.br\/afogadosfm\/#website"},"primaryImageOfPage":{"@id":"https:\/\/afogadosfm.com.br\/afogadosfm\/2026\/01\/21\/carnaval-2026-recife-tera-encontro-de-grupos-de-maracatu-nacao\/#primaryimage"},"image":{"@id":"https:\/\/afogadosfm.com.br\/afogadosfm\/2026\/01\/21\/carnaval-2026-recife-tera-encontro-de-grupos-de-maracatu-nacao\/#primaryimage"},"thumbnailUrl":"https:\/\/i0.wp.com\/afogadosfm.com.br\/afogadosfm\/wp-content\/uploads\/2026\/01\/maracatu.webp?fit=1170%2C700&ssl=1","datePublished":"2026-01-21T09:18:15+00:00","dateModified":"2026-01-21T09:18:16+00:00","breadcrumb":{"@id":"https:\/\/afogadosfm.com.br\/afogadosfm\/2026\/01\/21\/carnaval-2026-recife-tera-encontro-de-grupos-de-maracatu-nacao\/#breadcrumb"},"inLanguage":"pt-BR","potentialAction":[{"@type":"ReadAction","target":["https:\/\/afogadosfm.com.br\/afogadosfm\/2026\/01\/21\/carnaval-2026-recife-tera-encontro-de-grupos-de-maracatu-nacao\/"]}]},{"@type":"ImageObject","inLanguage":"pt-BR","@id":"https:\/\/afogadosfm.com.br\/afogadosfm\/2026\/01\/21\/carnaval-2026-recife-tera-encontro-de-grupos-de-maracatu-nacao\/#primaryimage","url":"https:\/\/i0.wp.com\/afogadosfm.com.br\/afogadosfm\/wp-content\/uploads\/2026\/01\/maracatu.webp?fit=1170%2C700&ssl=1","contentUrl":"https:\/\/i0.wp.com\/afogadosfm.com.br\/afogadosfm\/wp-content\/uploads\/2026\/01\/maracatu.webp?fit=1170%2C700&ssl=1","width":1170,"height":700},{"@type":"BreadcrumbList","@id":"https:\/\/afogadosfm.com.br\/afogadosfm\/2026\/01\/21\/carnaval-2026-recife-tera-encontro-de-grupos-de-maracatu-nacao\/#breadcrumb","itemListElement":[{"@type":"ListItem","position":1,"name":"In\u00edcio","item":"https:\/\/afogadosfm.com.br\/afogadosfm\/"},{"@type":"ListItem","position":2,"name":"Carnaval 2026: Recife ter\u00e1 encontro de grupos de Maracatu Na\u00e7\u00e3o"}]},{"@type":"WebSite","@id":"https:\/\/afogadosfm.com.br\/afogadosfm\/#website","url":"https:\/\/afogadosfm.com.br\/afogadosfm\/","name":"Afogados FM","description":"Um site completo!","publisher":{"@id":"https:\/\/afogadosfm.com.br\/afogadosfm\/#organization"},"potentialAction":[{"@type":"SearchAction","target":{"@type":"EntryPoint","urlTemplate":"https:\/\/afogadosfm.com.br\/afogadosfm\/?s={search_term_string}"},"query-input":{"@type":"PropertyValueSpecification","valueRequired":true,"valueName":"search_term_string"}}],"inLanguage":"pt-BR"},{"@type":"Organization","@id":"https:\/\/afogadosfm.com.br\/afogadosfm\/#organization","name":"Afogados FM","url":"https:\/\/afogadosfm.com.br\/afogadosfm\/","logo":{"@type":"ImageObject","inLanguage":"pt-BR","@id":"https:\/\/afogadosfm.com.br\/afogadosfm\/#\/schema\/logo\/image\/","url":"https:\/\/i0.wp.com\/afogadosfm.com.br\/afogadosfm\/wp-content\/uploads\/2020\/06\/cropped-banner-afogados-4.jpg?fit=369%2C137&ssl=1","contentUrl":"https:\/\/i0.wp.com\/afogadosfm.com.br\/afogadosfm\/wp-content\/uploads\/2020\/06\/cropped-banner-afogados-4.jpg?fit=369%2C137&ssl=1","width":369,"height":137,"caption":"Afogados FM"},"image":{"@id":"https:\/\/afogadosfm.com.br\/afogadosfm\/#\/schema\/logo\/image\/"}},{"@type":"Person","@id":"https:\/\/afogadosfm.com.br\/afogadosfm\/#\/schema\/person\/60e56f2cf5dc960fc093fe093d9e9057","name":"afogadosfm","image":{"@type":"ImageObject","inLanguage":"pt-BR","@id":"https:\/\/secure.gravatar.com\/avatar\/e0359add7ed5dc3560906d861b52c6a8cf5c1e199d3a7dd85070998f49bd4701?s=96&d=mm&r=g","url":"https:\/\/secure.gravatar.com\/avatar\/e0359add7ed5dc3560906d861b52c6a8cf5c1e199d3a7dd85070998f49bd4701?s=96&d=mm&r=g","contentUrl":"https:\/\/secure.gravatar.com\/avatar\/e0359add7ed5dc3560906d861b52c6a8cf5c1e199d3a7dd85070998f49bd4701?s=96&d=mm&r=g","caption":"afogadosfm"},"url":"https:\/\/afogadosfm.com.br\/afogadosfm\/author\/afogadosfm\/"}]}},"jetpack_publicize_connections":[],"jetpack_featured_media_url":"https:\/\/i0.wp.com\/afogadosfm.com.br\/afogadosfm\/wp-content\/uploads\/2026\/01\/maracatu.webp?fit=1170%2C700&ssl=1","jetpack-related-posts":[],"jetpack_sharing_enabled":true,"jetpack_likes_enabled":true,"_links":{"self":[{"href":"https:\/\/afogadosfm.com.br\/afogadosfm\/wp-json\/wp\/v2\/posts\/72159","targetHints":{"allow":["GET"]}}],"collection":[{"href":"https:\/\/afogadosfm.com.br\/afogadosfm\/wp-json\/wp\/v2\/posts"}],"about":[{"href":"https:\/\/afogadosfm.com.br\/afogadosfm\/wp-json\/wp\/v2\/types\/post"}],"author":[{"embeddable":true,"href":"https:\/\/afogadosfm.com.br\/afogadosfm\/wp-json\/wp\/v2\/users\/2"}],"replies":[{"embeddable":true,"href":"https:\/\/afogadosfm.com.br\/afogadosfm\/wp-json\/wp\/v2\/comments?post=72159"}],"version-history":[{"count":1,"href":"https:\/\/afogadosfm.com.br\/afogadosfm\/wp-json\/wp\/v2\/posts\/72159\/revisions"}],"predecessor-version":[{"id":72161,"href":"https:\/\/afogadosfm.com.br\/afogadosfm\/wp-json\/wp\/v2\/posts\/72159\/revisions\/72161"}],"wp:featuredmedia":[{"embeddable":true,"href":"https:\/\/afogadosfm.com.br\/afogadosfm\/wp-json\/wp\/v2\/media\/72160"}],"wp:attachment":[{"href":"https:\/\/afogadosfm.com.br\/afogadosfm\/wp-json\/wp\/v2\/media?parent=72159"}],"wp:term":[{"taxonomy":"category","embeddable":true,"href":"https:\/\/afogadosfm.com.br\/afogadosfm\/wp-json\/wp\/v2\/categories?post=72159"},{"taxonomy":"post_tag","embeddable":true,"href":"https:\/\/afogadosfm.com.br\/afogadosfm\/wp-json\/wp\/v2\/tags?post=72159"}],"curies":[{"name":"wp","href":"https:\/\/api.w.org\/{rel}","templated":true}]}}