{"id":72162,"date":"2026-01-21T06:20:30","date_gmt":"2026-01-21T09:20:30","guid":{"rendered":"https:\/\/afogadosfm.com.br\/afogadosfm\/?p=72162"},"modified":"2026-01-21T06:53:55","modified_gmt":"2026-01-21T09:53:55","slug":"25-cursos-de-medicina-em-pernambuco-foram-mal-avaliados-pelo-enamed","status":"publish","type":"post","link":"https:\/\/afogadosfm.com.br\/afogadosfm\/2026\/01\/21\/25-cursos-de-medicina-em-pernambuco-foram-mal-avaliados-pelo-enamed\/","title":{"rendered":"25% cursos de medicina em Pernambuco foram mal avaliados pelo Enamed"},"content":{"rendered":"\n<p>Dos 12 cursos superiores de Medicina em Pernambuco, 25% foram mal avaliados na primeira edi\u00e7\u00e3o do Exame Nacional de Avalia\u00e7\u00e3o da Forma\u00e7\u00e3o M\u00e9dica (Enamed), do Minist\u00e9rio da Educa\u00e7\u00e3o (MEC).<\/p>\n\n\n\n<p>Segundo dados do pr\u00f3prio MEC, divulgados na segunda (19), tr\u00eas gradua\u00e7\u00f5es tiveram nota 2 e ainda poder\u00e3o sofrer san\u00e7\u00f5es. Os outros 75% ficaram nas faixas 3 a 5 de avalia\u00e7\u00e3o, consideradas satisfat\u00f3rias.<\/p>\n\n\n\n<p>As tr\u00eas faculdades pernambucanas com nota 2 na lista do Enamed s\u00e3o: Faculdade de Medicina de Olinda (FMO), Centro Universit\u00e1rio Maur\u00edcio de Nassau \u2013 Recife e Afya Faculdade de Ci\u00eancias M\u00e9dicas de Jaboat\u00e3o dos Guararapes. Todas s\u00e3o localizadas no Grande Recife.<\/p>\n\n\n\n<p>O Diario reuniu, a partir dos dados divulgados pelo MEC, quais foram as notas gerais dos cursos pernambucanos de Medicina no Enamed, confira no carrossel.<\/p>\n\n\n\n<p>Em nota enviada, a Afya Faculdade de Ci\u00eancias M\u00e9dicas de Jaboat\u00e3o dos Guararapes informou que est\u00e1 acompanhando a divulga\u00e7\u00e3o dos resultados do ENAMED, e que &#8220;aguarda esclarecimentos t\u00e9cnicos por parte do MEC e do Inep antes de se manifestar de forma conclusiva sobre os n\u00fameros apresentados&#8221;.<\/p>\n\n\n\n<p>&#8220;An\u00e1lises de institui\u00e7\u00f5es de todo o pa\u00eds indicam diverg\u00eancia de dados, entre os que foram reportados como insumos, em dezembro passado, em rela\u00e7\u00e3o ao n\u00famero de estudantes proficientes de seus cursos, e os divulgados hoje&#8221;, divulgou.<\/p>\n\n\n\n<p>O Diario tamb\u00e9m procurou o Centro Universit\u00e1rio Maur\u00edcio de Nassau Recife, que demostrou &#8220;preocupa\u00e7\u00e3o com como foi conduzida a primeira edi\u00e7\u00e3o do ENAMED&#8221;.<\/p>\n\n\n\n<p>&#8220;As condi\u00e7\u00f5es de nota, os crit\u00e9rios de desempenho e os efeitos regulat\u00f3rios e punitivos do exame foram divulgados ap\u00f3s a realiza\u00e7\u00e3o da prova, sem regime de transi\u00e7\u00e3o e sem tempo h\u00e1bil para que as institui\u00e7\u00f5es orientassem seus estudantes&#8221;, afirmou a institui\u00e7\u00e3o.<\/p>\n\n\n\n<p>A Faculdade de Medicina de Olinda (FMO) tamb\u00e9m em comunicado, afirma que &#8220;recebeu com naturalidade os resultados do Exame Nacional da Forma\u00e7\u00e3o M\u00e9dica-Enamed, e comunica a sua comunidade e sociedade em geral; que trata os processos avaliativos externos e institucionais como instrumentos de melhoria constante da forma\u00e7\u00e3o de seus alunos&#8221;.<\/p>\n\n\n\n<p>Do Di\u00e1rio de Pernambuco<\/p>\n","protected":false},"excerpt":{"rendered":"<p>Dos 12 cursos superiores de Medicina em Pernambuco, 25% foram mal avaliados na primeira edi\u00e7\u00e3o do Exame Nacional de Avalia\u00e7\u00e3o<\/p>\n","protected":false},"author":2,"featured_media":50794,"comment_status":"open","ping_status":"open","sticky":false,"template":"","format":"standard","meta":{"jetpack_post_was_ever_published":false,"_jetpack_newsletter_access":"","_jetpack_dont_email_post_to_subs":false,"_jetpack_newsletter_tier_id":0,"_jetpack_memberships_contains_paywalled_content":false,"_jetpack_memberships_contains_paid_content":false,"footnotes":"","jetpack_publicize_message":"","jetpack_publicize_feature_enabled":true,"jetpack_social_post_already_shared":true,"jetpack_social_options":{"image_generator_settings":{"template":"highway","default_image_id":0,"font":"","enabled":false},"version":2}},"categories":[37],"tags":[],"class_list":["post-72162","post","type-post","status-publish","format-standard","has-post-thumbnail","hentry","category-saude"],"yoast_head":"<!-- This site is optimized with the Yoast SEO plugin v27.5 - https:\/\/yoast.com\/product\/yoast-seo-wordpress\/ -->\n<title>25% cursos de medicina em Pernambuco foram mal avaliados pelo Enamed - Afogados FM<\/title>\n<meta name=\"robots\" content=\"index, follow, max-snippet:-1, max-image-preview:large, max-video-preview:-1\" \/>\n<link rel=\"canonical\" href=\"https:\/\/afogadosfm.com.br\/afogadosfm\/2026\/01\/21\/25-cursos-de-medicina-em-pernambuco-foram-mal-avaliados-pelo-enamed\/\" \/>\n<meta property=\"og:locale\" content=\"pt_BR\" \/>\n<meta property=\"og:type\" content=\"article\" \/>\n<meta property=\"og:title\" content=\"25% cursos de medicina em Pernambuco foram mal avaliados pelo Enamed - Afogados FM\" \/>\n<meta property=\"og:description\" content=\"Dos 12 cursos superiores de Medicina em Pernambuco, 25% foram mal avaliados na primeira edi\u00e7\u00e3o do Exame Nacional de Avalia\u00e7\u00e3o\" \/>\n<meta property=\"og:url\" content=\"https:\/\/afogadosfm.com.br\/afogadosfm\/2026\/01\/21\/25-cursos-de-medicina-em-pernambuco-foram-mal-avaliados-pelo-enamed\/\" \/>\n<meta property=\"og:site_name\" content=\"Afogados FM\" \/>\n<meta property=\"article:published_time\" content=\"2026-01-21T09:20:30+00:00\" \/>\n<meta property=\"article:modified_time\" content=\"2026-01-21T09:53:55+00:00\" \/>\n<meta property=\"og:image\" content=\"https:\/\/afogadosfm.com.br\/afogadosfm\/wp-content\/uploads\/2023\/09\/medicina.jpg\" \/>\n\t<meta property=\"og:image:width\" content=\"1280\" \/>\n\t<meta property=\"og:image:height\" content=\"853\" \/>\n\t<meta property=\"og:image:type\" content=\"image\/jpeg\" \/>\n<meta name=\"author\" content=\"afogadosfm\" \/>\n<meta name=\"twitter:card\" content=\"summary_large_image\" \/>\n<meta name=\"twitter:label1\" content=\"Escrito por\" \/>\n\t<meta name=\"twitter:data1\" content=\"afogadosfm\" \/>\n\t<meta name=\"twitter:label2\" content=\"Est. tempo de leitura\" \/>\n\t<meta name=\"twitter:data2\" content=\"3 minutos\" \/>\n<script type=\"application\/ld+json\" class=\"yoast-schema-graph\">{\"@context\":\"https:\\\/\\\/schema.org\",\"@graph\":[{\"@type\":\"Article\",\"@id\":\"https:\\\/\\\/afogadosfm.com.br\\\/afogadosfm\\\/2026\\\/01\\\/21\\\/25-cursos-de-medicina-em-pernambuco-foram-mal-avaliados-pelo-enamed\\\/#article\",\"isPartOf\":{\"@id\":\"https:\\\/\\\/afogadosfm.com.br\\\/afogadosfm\\\/2026\\\/01\\\/21\\\/25-cursos-de-medicina-em-pernambuco-foram-mal-avaliados-pelo-enamed\\\/\"},\"author\":{\"name\":\"afogadosfm\",\"@id\":\"https:\\\/\\\/afogadosfm.com.br\\\/afogadosfm\\\/#\\\/schema\\\/person\\\/60e56f2cf5dc960fc093fe093d9e9057\"},\"headline\":\"25% cursos de medicina em Pernambuco foram mal avaliados pelo Enamed\",\"datePublished\":\"2026-01-21T09:20:30+00:00\",\"dateModified\":\"2026-01-21T09:53:55+00:00\",\"mainEntityOfPage\":{\"@id\":\"https:\\\/\\\/afogadosfm.com.br\\\/afogadosfm\\\/2026\\\/01\\\/21\\\/25-cursos-de-medicina-em-pernambuco-foram-mal-avaliados-pelo-enamed\\\/\"},\"wordCount\":380,\"commentCount\":0,\"publisher\":{\"@id\":\"https:\\\/\\\/afogadosfm.com.br\\\/afogadosfm\\\/#organization\"},\"image\":{\"@id\":\"https:\\\/\\\/afogadosfm.com.br\\\/afogadosfm\\\/2026\\\/01\\\/21\\\/25-cursos-de-medicina-em-pernambuco-foram-mal-avaliados-pelo-enamed\\\/#primaryimage\"},\"thumbnailUrl\":\"https:\\\/\\\/i0.wp.com\\\/afogadosfm.com.br\\\/afogadosfm\\\/wp-content\\\/uploads\\\/2023\\\/09\\\/medicina.jpg?fit=1280%2C853&ssl=1\",\"articleSection\":[\"Sa\u00fade\"],\"inLanguage\":\"pt-BR\",\"potentialAction\":[{\"@type\":\"CommentAction\",\"name\":\"Comment\",\"target\":[\"https:\\\/\\\/afogadosfm.com.br\\\/afogadosfm\\\/2026\\\/01\\\/21\\\/25-cursos-de-medicina-em-pernambuco-foram-mal-avaliados-pelo-enamed\\\/#respond\"]}]},{\"@type\":\"WebPage\",\"@id\":\"https:\\\/\\\/afogadosfm.com.br\\\/afogadosfm\\\/2026\\\/01\\\/21\\\/25-cursos-de-medicina-em-pernambuco-foram-mal-avaliados-pelo-enamed\\\/\",\"url\":\"https:\\\/\\\/afogadosfm.com.br\\\/afogadosfm\\\/2026\\\/01\\\/21\\\/25-cursos-de-medicina-em-pernambuco-foram-mal-avaliados-pelo-enamed\\\/\",\"name\":\"25% cursos de medicina em Pernambuco foram mal avaliados pelo Enamed - Afogados FM\",\"isPartOf\":{\"@id\":\"https:\\\/\\\/afogadosfm.com.br\\\/afogadosfm\\\/#website\"},\"primaryImageOfPage\":{\"@id\":\"https:\\\/\\\/afogadosfm.com.br\\\/afogadosfm\\\/2026\\\/01\\\/21\\\/25-cursos-de-medicina-em-pernambuco-foram-mal-avaliados-pelo-enamed\\\/#primaryimage\"},\"image\":{\"@id\":\"https:\\\/\\\/afogadosfm.com.br\\\/afogadosfm\\\/2026\\\/01\\\/21\\\/25-cursos-de-medicina-em-pernambuco-foram-mal-avaliados-pelo-enamed\\\/#primaryimage\"},\"thumbnailUrl\":\"https:\\\/\\\/i0.wp.com\\\/afogadosfm.com.br\\\/afogadosfm\\\/wp-content\\\/uploads\\\/2023\\\/09\\\/medicina.jpg?fit=1280%2C853&ssl=1\",\"datePublished\":\"2026-01-21T09:20:30+00:00\",\"dateModified\":\"2026-01-21T09:53:55+00:00\",\"breadcrumb\":{\"@id\":\"https:\\\/\\\/afogadosfm.com.br\\\/afogadosfm\\\/2026\\\/01\\\/21\\\/25-cursos-de-medicina-em-pernambuco-foram-mal-avaliados-pelo-enamed\\\/#breadcrumb\"},\"inLanguage\":\"pt-BR\",\"potentialAction\":[{\"@type\":\"ReadAction\",\"target\":[\"https:\\\/\\\/afogadosfm.com.br\\\/afogadosfm\\\/2026\\\/01\\\/21\\\/25-cursos-de-medicina-em-pernambuco-foram-mal-avaliados-pelo-enamed\\\/\"]}]},{\"@type\":\"ImageObject\",\"inLanguage\":\"pt-BR\",\"@id\":\"https:\\\/\\\/afogadosfm.com.br\\\/afogadosfm\\\/2026\\\/01\\\/21\\\/25-cursos-de-medicina-em-pernambuco-foram-mal-avaliados-pelo-enamed\\\/#primaryimage\",\"url\":\"https:\\\/\\\/i0.wp.com\\\/afogadosfm.com.br\\\/afogadosfm\\\/wp-content\\\/uploads\\\/2023\\\/09\\\/medicina.jpg?fit=1280%2C853&ssl=1\",\"contentUrl\":\"https:\\\/\\\/i0.wp.com\\\/afogadosfm.com.br\\\/afogadosfm\\\/wp-content\\\/uploads\\\/2023\\\/09\\\/medicina.jpg?fit=1280%2C853&ssl=1\",\"width\":1280,\"height\":853},{\"@type\":\"BreadcrumbList\",\"@id\":\"https:\\\/\\\/afogadosfm.com.br\\\/afogadosfm\\\/2026\\\/01\\\/21\\\/25-cursos-de-medicina-em-pernambuco-foram-mal-avaliados-pelo-enamed\\\/#breadcrumb\",\"itemListElement\":[{\"@type\":\"ListItem\",\"position\":1,\"name\":\"In\u00edcio\",\"item\":\"https:\\\/\\\/afogadosfm.com.br\\\/afogadosfm\\\/\"},{\"@type\":\"ListItem\",\"position\":2,\"name\":\"25% cursos de medicina em Pernambuco foram mal avaliados pelo Enamed\"}]},{\"@type\":\"WebSite\",\"@id\":\"https:\\\/\\\/afogadosfm.com.br\\\/afogadosfm\\\/#website\",\"url\":\"https:\\\/\\\/afogadosfm.com.br\\\/afogadosfm\\\/\",\"name\":\"Afogados FM\",\"description\":\"Um site completo!\",\"publisher\":{\"@id\":\"https:\\\/\\\/afogadosfm.com.br\\\/afogadosfm\\\/#organization\"},\"potentialAction\":[{\"@type\":\"SearchAction\",\"target\":{\"@type\":\"EntryPoint\",\"urlTemplate\":\"https:\\\/\\\/afogadosfm.com.br\\\/afogadosfm\\\/?s={search_term_string}\"},\"query-input\":{\"@type\":\"PropertyValueSpecification\",\"valueRequired\":true,\"valueName\":\"search_term_string\"}}],\"inLanguage\":\"pt-BR\"},{\"@type\":\"Organization\",\"@id\":\"https:\\\/\\\/afogadosfm.com.br\\\/afogadosfm\\\/#organization\",\"name\":\"Afogados FM\",\"url\":\"https:\\\/\\\/afogadosfm.com.br\\\/afogadosfm\\\/\",\"logo\":{\"@type\":\"ImageObject\",\"inLanguage\":\"pt-BR\",\"@id\":\"https:\\\/\\\/afogadosfm.com.br\\\/afogadosfm\\\/#\\\/schema\\\/logo\\\/image\\\/\",\"url\":\"https:\\\/\\\/i0.wp.com\\\/afogadosfm.com.br\\\/afogadosfm\\\/wp-content\\\/uploads\\\/2020\\\/06\\\/cropped-banner-afogados-4.jpg?fit=369%2C137&ssl=1\",\"contentUrl\":\"https:\\\/\\\/i0.wp.com\\\/afogadosfm.com.br\\\/afogadosfm\\\/wp-content\\\/uploads\\\/2020\\\/06\\\/cropped-banner-afogados-4.jpg?fit=369%2C137&ssl=1\",\"width\":369,\"height\":137,\"caption\":\"Afogados FM\"},\"image\":{\"@id\":\"https:\\\/\\\/afogadosfm.com.br\\\/afogadosfm\\\/#\\\/schema\\\/logo\\\/image\\\/\"}},{\"@type\":\"Person\",\"@id\":\"https:\\\/\\\/afogadosfm.com.br\\\/afogadosfm\\\/#\\\/schema\\\/person\\\/60e56f2cf5dc960fc093fe093d9e9057\",\"name\":\"afogadosfm\",\"image\":{\"@type\":\"ImageObject\",\"inLanguage\":\"pt-BR\",\"@id\":\"https:\\\/\\\/secure.gravatar.com\\\/avatar\\\/e0359add7ed5dc3560906d861b52c6a8cf5c1e199d3a7dd85070998f49bd4701?s=96&d=mm&r=g\",\"url\":\"https:\\\/\\\/secure.gravatar.com\\\/avatar\\\/e0359add7ed5dc3560906d861b52c6a8cf5c1e199d3a7dd85070998f49bd4701?s=96&d=mm&r=g\",\"contentUrl\":\"https:\\\/\\\/secure.gravatar.com\\\/avatar\\\/e0359add7ed5dc3560906d861b52c6a8cf5c1e199d3a7dd85070998f49bd4701?s=96&d=mm&r=g\",\"caption\":\"afogadosfm\"},\"url\":\"https:\\\/\\\/afogadosfm.com.br\\\/afogadosfm\\\/author\\\/afogadosfm\\\/\"}]}<\/script>\n<!-- \/ Yoast SEO plugin. -->","yoast_head_json":{"title":"25% cursos de medicina em Pernambuco foram mal avaliados pelo Enamed - Afogados FM","robots":{"index":"index","follow":"follow","max-snippet":"max-snippet:-1","max-image-preview":"max-image-preview:large","max-video-preview":"max-video-preview:-1"},"canonical":"https:\/\/afogadosfm.com.br\/afogadosfm\/2026\/01\/21\/25-cursos-de-medicina-em-pernambuco-foram-mal-avaliados-pelo-enamed\/","og_locale":"pt_BR","og_type":"article","og_title":"25% cursos de medicina em Pernambuco foram mal avaliados pelo Enamed - Afogados FM","og_description":"Dos 12 cursos superiores de Medicina em Pernambuco, 25% foram mal avaliados na primeira edi\u00e7\u00e3o do Exame Nacional de Avalia\u00e7\u00e3o","og_url":"https:\/\/afogadosfm.com.br\/afogadosfm\/2026\/01\/21\/25-cursos-de-medicina-em-pernambuco-foram-mal-avaliados-pelo-enamed\/","og_site_name":"Afogados FM","article_published_time":"2026-01-21T09:20:30+00:00","article_modified_time":"2026-01-21T09:53:55+00:00","og_image":[{"width":1280,"height":853,"url":"https:\/\/afogadosfm.com.br\/afogadosfm\/wp-content\/uploads\/2023\/09\/medicina.jpg","type":"image\/jpeg"}],"author":"afogadosfm","twitter_card":"summary_large_image","twitter_misc":{"Escrito por":"afogadosfm","Est. tempo de leitura":"3 minutos"},"schema":{"@context":"https:\/\/schema.org","@graph":[{"@type":"Article","@id":"https:\/\/afogadosfm.com.br\/afogadosfm\/2026\/01\/21\/25-cursos-de-medicina-em-pernambuco-foram-mal-avaliados-pelo-enamed\/#article","isPartOf":{"@id":"https:\/\/afogadosfm.com.br\/afogadosfm\/2026\/01\/21\/25-cursos-de-medicina-em-pernambuco-foram-mal-avaliados-pelo-enamed\/"},"author":{"name":"afogadosfm","@id":"https:\/\/afogadosfm.com.br\/afogadosfm\/#\/schema\/person\/60e56f2cf5dc960fc093fe093d9e9057"},"headline":"25% cursos de medicina em Pernambuco foram mal avaliados pelo Enamed","datePublished":"2026-01-21T09:20:30+00:00","dateModified":"2026-01-21T09:53:55+00:00","mainEntityOfPage":{"@id":"https:\/\/afogadosfm.com.br\/afogadosfm\/2026\/01\/21\/25-cursos-de-medicina-em-pernambuco-foram-mal-avaliados-pelo-enamed\/"},"wordCount":380,"commentCount":0,"publisher":{"@id":"https:\/\/afogadosfm.com.br\/afogadosfm\/#organization"},"image":{"@id":"https:\/\/afogadosfm.com.br\/afogadosfm\/2026\/01\/21\/25-cursos-de-medicina-em-pernambuco-foram-mal-avaliados-pelo-enamed\/#primaryimage"},"thumbnailUrl":"https:\/\/i0.wp.com\/afogadosfm.com.br\/afogadosfm\/wp-content\/uploads\/2023\/09\/medicina.jpg?fit=1280%2C853&ssl=1","articleSection":["Sa\u00fade"],"inLanguage":"pt-BR","potentialAction":[{"@type":"CommentAction","name":"Comment","target":["https:\/\/afogadosfm.com.br\/afogadosfm\/2026\/01\/21\/25-cursos-de-medicina-em-pernambuco-foram-mal-avaliados-pelo-enamed\/#respond"]}]},{"@type":"WebPage","@id":"https:\/\/afogadosfm.com.br\/afogadosfm\/2026\/01\/21\/25-cursos-de-medicina-em-pernambuco-foram-mal-avaliados-pelo-enamed\/","url":"https:\/\/afogadosfm.com.br\/afogadosfm\/2026\/01\/21\/25-cursos-de-medicina-em-pernambuco-foram-mal-avaliados-pelo-enamed\/","name":"25% cursos de medicina em Pernambuco foram mal avaliados pelo Enamed - Afogados FM","isPartOf":{"@id":"https:\/\/afogadosfm.com.br\/afogadosfm\/#website"},"primaryImageOfPage":{"@id":"https:\/\/afogadosfm.com.br\/afogadosfm\/2026\/01\/21\/25-cursos-de-medicina-em-pernambuco-foram-mal-avaliados-pelo-enamed\/#primaryimage"},"image":{"@id":"https:\/\/afogadosfm.com.br\/afogadosfm\/2026\/01\/21\/25-cursos-de-medicina-em-pernambuco-foram-mal-avaliados-pelo-enamed\/#primaryimage"},"thumbnailUrl":"https:\/\/i0.wp.com\/afogadosfm.com.br\/afogadosfm\/wp-content\/uploads\/2023\/09\/medicina.jpg?fit=1280%2C853&ssl=1","datePublished":"2026-01-21T09:20:30+00:00","dateModified":"2026-01-21T09:53:55+00:00","breadcrumb":{"@id":"https:\/\/afogadosfm.com.br\/afogadosfm\/2026\/01\/21\/25-cursos-de-medicina-em-pernambuco-foram-mal-avaliados-pelo-enamed\/#breadcrumb"},"inLanguage":"pt-BR","potentialAction":[{"@type":"ReadAction","target":["https:\/\/afogadosfm.com.br\/afogadosfm\/2026\/01\/21\/25-cursos-de-medicina-em-pernambuco-foram-mal-avaliados-pelo-enamed\/"]}]},{"@type":"ImageObject","inLanguage":"pt-BR","@id":"https:\/\/afogadosfm.com.br\/afogadosfm\/2026\/01\/21\/25-cursos-de-medicina-em-pernambuco-foram-mal-avaliados-pelo-enamed\/#primaryimage","url":"https:\/\/i0.wp.com\/afogadosfm.com.br\/afogadosfm\/wp-content\/uploads\/2023\/09\/medicina.jpg?fit=1280%2C853&ssl=1","contentUrl":"https:\/\/i0.wp.com\/afogadosfm.com.br\/afogadosfm\/wp-content\/uploads\/2023\/09\/medicina.jpg?fit=1280%2C853&ssl=1","width":1280,"height":853},{"@type":"BreadcrumbList","@id":"https:\/\/afogadosfm.com.br\/afogadosfm\/2026\/01\/21\/25-cursos-de-medicina-em-pernambuco-foram-mal-avaliados-pelo-enamed\/#breadcrumb","itemListElement":[{"@type":"ListItem","position":1,"name":"In\u00edcio","item":"https:\/\/afogadosfm.com.br\/afogadosfm\/"},{"@type":"ListItem","position":2,"name":"25% cursos de medicina em Pernambuco foram mal avaliados pelo Enamed"}]},{"@type":"WebSite","@id":"https:\/\/afogadosfm.com.br\/afogadosfm\/#website","url":"https:\/\/afogadosfm.com.br\/afogadosfm\/","name":"Afogados FM","description":"Um site completo!","publisher":{"@id":"https:\/\/afogadosfm.com.br\/afogadosfm\/#organization"},"potentialAction":[{"@type":"SearchAction","target":{"@type":"EntryPoint","urlTemplate":"https:\/\/afogadosfm.com.br\/afogadosfm\/?s={search_term_string}"},"query-input":{"@type":"PropertyValueSpecification","valueRequired":true,"valueName":"search_term_string"}}],"inLanguage":"pt-BR"},{"@type":"Organization","@id":"https:\/\/afogadosfm.com.br\/afogadosfm\/#organization","name":"Afogados FM","url":"https:\/\/afogadosfm.com.br\/afogadosfm\/","logo":{"@type":"ImageObject","inLanguage":"pt-BR","@id":"https:\/\/afogadosfm.com.br\/afogadosfm\/#\/schema\/logo\/image\/","url":"https:\/\/i0.wp.com\/afogadosfm.com.br\/afogadosfm\/wp-content\/uploads\/2020\/06\/cropped-banner-afogados-4.jpg?fit=369%2C137&ssl=1","contentUrl":"https:\/\/i0.wp.com\/afogadosfm.com.br\/afogadosfm\/wp-content\/uploads\/2020\/06\/cropped-banner-afogados-4.jpg?fit=369%2C137&ssl=1","width":369,"height":137,"caption":"Afogados FM"},"image":{"@id":"https:\/\/afogadosfm.com.br\/afogadosfm\/#\/schema\/logo\/image\/"}},{"@type":"Person","@id":"https:\/\/afogadosfm.com.br\/afogadosfm\/#\/schema\/person\/60e56f2cf5dc960fc093fe093d9e9057","name":"afogadosfm","image":{"@type":"ImageObject","inLanguage":"pt-BR","@id":"https:\/\/secure.gravatar.com\/avatar\/e0359add7ed5dc3560906d861b52c6a8cf5c1e199d3a7dd85070998f49bd4701?s=96&d=mm&r=g","url":"https:\/\/secure.gravatar.com\/avatar\/e0359add7ed5dc3560906d861b52c6a8cf5c1e199d3a7dd85070998f49bd4701?s=96&d=mm&r=g","contentUrl":"https:\/\/secure.gravatar.com\/avatar\/e0359add7ed5dc3560906d861b52c6a8cf5c1e199d3a7dd85070998f49bd4701?s=96&d=mm&r=g","caption":"afogadosfm"},"url":"https:\/\/afogadosfm.com.br\/afogadosfm\/author\/afogadosfm\/"}]}},"jetpack_publicize_connections":[],"jetpack_featured_media_url":"https:\/\/i0.wp.com\/afogadosfm.com.br\/afogadosfm\/wp-content\/uploads\/2023\/09\/medicina.jpg?fit=1280%2C853&ssl=1","jetpack-related-posts":[],"jetpack_sharing_enabled":true,"jetpack_likes_enabled":true,"_links":{"self":[{"href":"https:\/\/afogadosfm.com.br\/afogadosfm\/wp-json\/wp\/v2\/posts\/72162","targetHints":{"allow":["GET"]}}],"collection":[{"href":"https:\/\/afogadosfm.com.br\/afogadosfm\/wp-json\/wp\/v2\/posts"}],"about":[{"href":"https:\/\/afogadosfm.com.br\/afogadosfm\/wp-json\/wp\/v2\/types\/post"}],"author":[{"embeddable":true,"href":"https:\/\/afogadosfm.com.br\/afogadosfm\/wp-json\/wp\/v2\/users\/2"}],"replies":[{"embeddable":true,"href":"https:\/\/afogadosfm.com.br\/afogadosfm\/wp-json\/wp\/v2\/comments?post=72162"}],"version-history":[{"count":2,"href":"https:\/\/afogadosfm.com.br\/afogadosfm\/wp-json\/wp\/v2\/posts\/72162\/revisions"}],"predecessor-version":[{"id":72169,"href":"https:\/\/afogadosfm.com.br\/afogadosfm\/wp-json\/wp\/v2\/posts\/72162\/revisions\/72169"}],"wp:featuredmedia":[{"embeddable":true,"href":"https:\/\/afogadosfm.com.br\/afogadosfm\/wp-json\/wp\/v2\/media\/50794"}],"wp:attachment":[{"href":"https:\/\/afogadosfm.com.br\/afogadosfm\/wp-json\/wp\/v2\/media?parent=72162"}],"wp:term":[{"taxonomy":"category","embeddable":true,"href":"https:\/\/afogadosfm.com.br\/afogadosfm\/wp-json\/wp\/v2\/categories?post=72162"},{"taxonomy":"post_tag","embeddable":true,"href":"https:\/\/afogadosfm.com.br\/afogadosfm\/wp-json\/wp\/v2\/tags?post=72162"}],"curies":[{"name":"wp","href":"https:\/\/api.w.org\/{rel}","templated":true}]}}