{"id":72182,"date":"2026-01-22T06:03:09","date_gmt":"2026-01-22T09:03:09","guid":{"rendered":"https:\/\/afogadosfm.com.br\/afogadosfm\/?p=72182"},"modified":"2026-01-22T06:03:10","modified_gmt":"2026-01-22T09:03:10","slug":"adolescente-denuncia-na-escola-que-foi-estuprada-por-vizinho-da-casa-da-avo-em-petrolina","status":"publish","type":"post","link":"https:\/\/afogadosfm.com.br\/afogadosfm\/2026\/01\/22\/adolescente-denuncia-na-escola-que-foi-estuprada-por-vizinho-da-casa-da-avo-em-petrolina\/","title":{"rendered":"Adolescente denuncia na escola que foi estuprada por vizinho da casa da av\u00f3 em Petrolina"},"content":{"rendered":"\n<p>O Minist\u00e9rio P\u00fablico de Pernambuco (MPPE) instaurou um procedimento administrativo para acompanhar um caso de uma adolescente que denunciou ter sido estuprada por um vizinho enquanto sa\u00eda do banheiro da casa da av\u00f3 em Petrolina, no Sert\u00e3o. A menina relatou o caso na escola.<\/p>\n\n\n\n<p>A apura\u00e7\u00e3o teve in\u00edcio a partir de um of\u00edcio encaminhado pelo Conselho Tutelar da Regi\u00e3o 2, que relatou a den\u00fancia feita por uma adolescente. Conforme informado, a jovem afirmou ter sido v\u00edtima de viol\u00eancia sexual praticada por um vizinho quando tinha 12 anos.<\/p>\n\n\n\n<p>O Conselho Tutelar informou que realizou os encaminhamentos do caso \u00e0 3\u00aa Delegacia Especializada da Mulher, ao Centro de Refer\u00eancia Especializado de Assist\u00eancia Social (CREAS) e ao Centro de Aten\u00e7\u00e3o Psicossocial Infantojuvenil (CAPSi).<\/p>\n\n\n\n<p>De acordo com informa\u00e7\u00f5es do CAPSi, a adolescente foi admitida no servi\u00e7o em 2 de setembro de 2025, passando por acolhimento inicial e atendimento com m\u00e9dico psiquiatra. No mesmo m\u00eas foi realizada escuta especializada com t\u00e9cnica de refer\u00eancia e uma equipe tentou realizar visita domiciliar para ampliar a compreens\u00e3o do contexto familiar, mas n\u00e3o houve contato no local.<\/p>\n\n\n\n<p>O MPPE informou que enviou of\u00edcios ao CREAS solicitando relat\u00f3rio sobre os atendimentos e as provid\u00eancias adotadas para a prote\u00e7\u00e3o da adolescente. No entanto, n\u00e3o houve resposta dentro do prazo estabelecido, o que motivou a convers\u00e3o da not\u00edcia de fato em procedimento administrativo.<\/p>\n\n\n\n<p>Na decis\u00e3o, o Minist\u00e9rio P\u00fablico determinou que o processo aguarde retorno da unidade de ensino envolvida e que c\u00f3pia da portaria seja encaminhada aos \u00f3rg\u00e3os internos do MPPE, al\u00e9m de publica\u00e7\u00e3o no Di\u00e1rio Oficial.<\/p>\n","protected":false},"excerpt":{"rendered":"<p>O Minist\u00e9rio P\u00fablico de Pernambuco (MPPE) instaurou um procedimento administrativo para acompanhar um caso de uma adolescente que denunciou ter<\/p>\n","protected":false},"author":2,"featured_media":975,"comment_status":"open","ping_status":"open","sticky":false,"template":"","format":"standard","meta":{"jetpack_post_was_ever_published":false,"_jetpack_newsletter_access":"","_jetpack_dont_email_post_to_subs":false,"_jetpack_newsletter_tier_id":0,"_jetpack_memberships_contains_paywalled_content":false,"_jetpack_memberships_contains_paid_content":false,"footnotes":"","jetpack_publicize_message":"","jetpack_publicize_feature_enabled":true,"jetpack_social_post_already_shared":true,"jetpack_social_options":{"image_generator_settings":{"template":"highway","default_image_id":0,"font":"","enabled":false},"version":2}},"categories":[34],"tags":[],"class_list":["post-72182","post","type-post","status-publish","format-standard","has-post-thumbnail","hentry","category-policia"],"yoast_head":"<!-- This site is optimized with the Yoast SEO plugin v27.5 - https:\/\/yoast.com\/product\/yoast-seo-wordpress\/ -->\n<title>Adolescente denuncia na escola que foi estuprada por vizinho da casa da av\u00f3 em Petrolina - Afogados FM<\/title>\n<meta name=\"robots\" content=\"index, follow, max-snippet:-1, max-image-preview:large, max-video-preview:-1\" \/>\n<link rel=\"canonical\" href=\"https:\/\/afogadosfm.com.br\/afogadosfm\/2026\/01\/22\/adolescente-denuncia-na-escola-que-foi-estuprada-por-vizinho-da-casa-da-avo-em-petrolina\/\" \/>\n<meta property=\"og:locale\" content=\"pt_BR\" \/>\n<meta property=\"og:type\" content=\"article\" \/>\n<meta property=\"og:title\" content=\"Adolescente denuncia na escola que foi estuprada por vizinho da casa da av\u00f3 em Petrolina - Afogados FM\" \/>\n<meta property=\"og:description\" content=\"O Minist\u00e9rio P\u00fablico de Pernambuco (MPPE) instaurou um procedimento administrativo para acompanhar um caso de uma adolescente que denunciou ter\" \/>\n<meta property=\"og:url\" content=\"https:\/\/afogadosfm.com.br\/afogadosfm\/2026\/01\/22\/adolescente-denuncia-na-escola-que-foi-estuprada-por-vizinho-da-casa-da-avo-em-petrolina\/\" \/>\n<meta property=\"og:site_name\" content=\"Afogados FM\" \/>\n<meta property=\"article:published_time\" content=\"2026-01-22T09:03:09+00:00\" \/>\n<meta property=\"article:modified_time\" content=\"2026-01-22T09:03:10+00:00\" \/>\n<meta property=\"og:image\" content=\"https:\/\/afogadosfm.com.br\/afogadosfm\/wp-content\/uploads\/2017\/11\/violencia-domestica.png\" \/>\n\t<meta property=\"og:image:width\" content=\"274\" \/>\n\t<meta property=\"og:image:height\" content=\"184\" \/>\n\t<meta property=\"og:image:type\" content=\"image\/png\" \/>\n<meta name=\"author\" content=\"afogadosfm\" \/>\n<meta name=\"twitter:card\" content=\"summary_large_image\" \/>\n<meta name=\"twitter:label1\" content=\"Escrito por\" \/>\n\t<meta name=\"twitter:data1\" content=\"afogadosfm\" \/>\n\t<meta name=\"twitter:label2\" content=\"Est. tempo de leitura\" \/>\n\t<meta name=\"twitter:data2\" content=\"2 minutos\" \/>\n<script type=\"application\/ld+json\" class=\"yoast-schema-graph\">{\"@context\":\"https:\\\/\\\/schema.org\",\"@graph\":[{\"@type\":\"Article\",\"@id\":\"https:\\\/\\\/afogadosfm.com.br\\\/afogadosfm\\\/2026\\\/01\\\/22\\\/adolescente-denuncia-na-escola-que-foi-estuprada-por-vizinho-da-casa-da-avo-em-petrolina\\\/#article\",\"isPartOf\":{\"@id\":\"https:\\\/\\\/afogadosfm.com.br\\\/afogadosfm\\\/2026\\\/01\\\/22\\\/adolescente-denuncia-na-escola-que-foi-estuprada-por-vizinho-da-casa-da-avo-em-petrolina\\\/\"},\"author\":{\"name\":\"afogadosfm\",\"@id\":\"https:\\\/\\\/afogadosfm.com.br\\\/afogadosfm\\\/#\\\/schema\\\/person\\\/60e56f2cf5dc960fc093fe093d9e9057\"},\"headline\":\"Adolescente denuncia na escola que foi estuprada por vizinho da casa da av\u00f3 em Petrolina\",\"datePublished\":\"2026-01-22T09:03:09+00:00\",\"dateModified\":\"2026-01-22T09:03:10+00:00\",\"mainEntityOfPage\":{\"@id\":\"https:\\\/\\\/afogadosfm.com.br\\\/afogadosfm\\\/2026\\\/01\\\/22\\\/adolescente-denuncia-na-escola-que-foi-estuprada-por-vizinho-da-casa-da-avo-em-petrolina\\\/\"},\"wordCount\":301,\"commentCount\":0,\"publisher\":{\"@id\":\"https:\\\/\\\/afogadosfm.com.br\\\/afogadosfm\\\/#organization\"},\"image\":{\"@id\":\"https:\\\/\\\/afogadosfm.com.br\\\/afogadosfm\\\/2026\\\/01\\\/22\\\/adolescente-denuncia-na-escola-que-foi-estuprada-por-vizinho-da-casa-da-avo-em-petrolina\\\/#primaryimage\"},\"thumbnailUrl\":\"https:\\\/\\\/i0.wp.com\\\/afogadosfm.com.br\\\/afogadosfm\\\/wp-content\\\/uploads\\\/2017\\\/11\\\/violencia-domestica.png?fit=274%2C184&ssl=1\",\"articleSection\":[\"Pol\u00edcia\"],\"inLanguage\":\"pt-BR\",\"potentialAction\":[{\"@type\":\"CommentAction\",\"name\":\"Comment\",\"target\":[\"https:\\\/\\\/afogadosfm.com.br\\\/afogadosfm\\\/2026\\\/01\\\/22\\\/adolescente-denuncia-na-escola-que-foi-estuprada-por-vizinho-da-casa-da-avo-em-petrolina\\\/#respond\"]}]},{\"@type\":\"WebPage\",\"@id\":\"https:\\\/\\\/afogadosfm.com.br\\\/afogadosfm\\\/2026\\\/01\\\/22\\\/adolescente-denuncia-na-escola-que-foi-estuprada-por-vizinho-da-casa-da-avo-em-petrolina\\\/\",\"url\":\"https:\\\/\\\/afogadosfm.com.br\\\/afogadosfm\\\/2026\\\/01\\\/22\\\/adolescente-denuncia-na-escola-que-foi-estuprada-por-vizinho-da-casa-da-avo-em-petrolina\\\/\",\"name\":\"Adolescente denuncia na escola que foi estuprada por vizinho da casa da av\u00f3 em Petrolina - Afogados FM\",\"isPartOf\":{\"@id\":\"https:\\\/\\\/afogadosfm.com.br\\\/afogadosfm\\\/#website\"},\"primaryImageOfPage\":{\"@id\":\"https:\\\/\\\/afogadosfm.com.br\\\/afogadosfm\\\/2026\\\/01\\\/22\\\/adolescente-denuncia-na-escola-que-foi-estuprada-por-vizinho-da-casa-da-avo-em-petrolina\\\/#primaryimage\"},\"image\":{\"@id\":\"https:\\\/\\\/afogadosfm.com.br\\\/afogadosfm\\\/2026\\\/01\\\/22\\\/adolescente-denuncia-na-escola-que-foi-estuprada-por-vizinho-da-casa-da-avo-em-petrolina\\\/#primaryimage\"},\"thumbnailUrl\":\"https:\\\/\\\/i0.wp.com\\\/afogadosfm.com.br\\\/afogadosfm\\\/wp-content\\\/uploads\\\/2017\\\/11\\\/violencia-domestica.png?fit=274%2C184&ssl=1\",\"datePublished\":\"2026-01-22T09:03:09+00:00\",\"dateModified\":\"2026-01-22T09:03:10+00:00\",\"breadcrumb\":{\"@id\":\"https:\\\/\\\/afogadosfm.com.br\\\/afogadosfm\\\/2026\\\/01\\\/22\\\/adolescente-denuncia-na-escola-que-foi-estuprada-por-vizinho-da-casa-da-avo-em-petrolina\\\/#breadcrumb\"},\"inLanguage\":\"pt-BR\",\"potentialAction\":[{\"@type\":\"ReadAction\",\"target\":[\"https:\\\/\\\/afogadosfm.com.br\\\/afogadosfm\\\/2026\\\/01\\\/22\\\/adolescente-denuncia-na-escola-que-foi-estuprada-por-vizinho-da-casa-da-avo-em-petrolina\\\/\"]}]},{\"@type\":\"ImageObject\",\"inLanguage\":\"pt-BR\",\"@id\":\"https:\\\/\\\/afogadosfm.com.br\\\/afogadosfm\\\/2026\\\/01\\\/22\\\/adolescente-denuncia-na-escola-que-foi-estuprada-por-vizinho-da-casa-da-avo-em-petrolina\\\/#primaryimage\",\"url\":\"https:\\\/\\\/i0.wp.com\\\/afogadosfm.com.br\\\/afogadosfm\\\/wp-content\\\/uploads\\\/2017\\\/11\\\/violencia-domestica.png?fit=274%2C184&ssl=1\",\"contentUrl\":\"https:\\\/\\\/i0.wp.com\\\/afogadosfm.com.br\\\/afogadosfm\\\/wp-content\\\/uploads\\\/2017\\\/11\\\/violencia-domestica.png?fit=274%2C184&ssl=1\",\"width\":274,\"height\":184},{\"@type\":\"BreadcrumbList\",\"@id\":\"https:\\\/\\\/afogadosfm.com.br\\\/afogadosfm\\\/2026\\\/01\\\/22\\\/adolescente-denuncia-na-escola-que-foi-estuprada-por-vizinho-da-casa-da-avo-em-petrolina\\\/#breadcrumb\",\"itemListElement\":[{\"@type\":\"ListItem\",\"position\":1,\"name\":\"In\u00edcio\",\"item\":\"https:\\\/\\\/afogadosfm.com.br\\\/afogadosfm\\\/\"},{\"@type\":\"ListItem\",\"position\":2,\"name\":\"Adolescente denuncia na escola que foi estuprada por vizinho da casa da av\u00f3 em Petrolina\"}]},{\"@type\":\"WebSite\",\"@id\":\"https:\\\/\\\/afogadosfm.com.br\\\/afogadosfm\\\/#website\",\"url\":\"https:\\\/\\\/afogadosfm.com.br\\\/afogadosfm\\\/\",\"name\":\"Afogados FM\",\"description\":\"Um site completo!\",\"publisher\":{\"@id\":\"https:\\\/\\\/afogadosfm.com.br\\\/afogadosfm\\\/#organization\"},\"potentialAction\":[{\"@type\":\"SearchAction\",\"target\":{\"@type\":\"EntryPoint\",\"urlTemplate\":\"https:\\\/\\\/afogadosfm.com.br\\\/afogadosfm\\\/?s={search_term_string}\"},\"query-input\":{\"@type\":\"PropertyValueSpecification\",\"valueRequired\":true,\"valueName\":\"search_term_string\"}}],\"inLanguage\":\"pt-BR\"},{\"@type\":\"Organization\",\"@id\":\"https:\\\/\\\/afogadosfm.com.br\\\/afogadosfm\\\/#organization\",\"name\":\"Afogados FM\",\"url\":\"https:\\\/\\\/afogadosfm.com.br\\\/afogadosfm\\\/\",\"logo\":{\"@type\":\"ImageObject\",\"inLanguage\":\"pt-BR\",\"@id\":\"https:\\\/\\\/afogadosfm.com.br\\\/afogadosfm\\\/#\\\/schema\\\/logo\\\/image\\\/\",\"url\":\"https:\\\/\\\/i0.wp.com\\\/afogadosfm.com.br\\\/afogadosfm\\\/wp-content\\\/uploads\\\/2020\\\/06\\\/cropped-banner-afogados-4.jpg?fit=369%2C137&ssl=1\",\"contentUrl\":\"https:\\\/\\\/i0.wp.com\\\/afogadosfm.com.br\\\/afogadosfm\\\/wp-content\\\/uploads\\\/2020\\\/06\\\/cropped-banner-afogados-4.jpg?fit=369%2C137&ssl=1\",\"width\":369,\"height\":137,\"caption\":\"Afogados FM\"},\"image\":{\"@id\":\"https:\\\/\\\/afogadosfm.com.br\\\/afogadosfm\\\/#\\\/schema\\\/logo\\\/image\\\/\"}},{\"@type\":\"Person\",\"@id\":\"https:\\\/\\\/afogadosfm.com.br\\\/afogadosfm\\\/#\\\/schema\\\/person\\\/60e56f2cf5dc960fc093fe093d9e9057\",\"name\":\"afogadosfm\",\"image\":{\"@type\":\"ImageObject\",\"inLanguage\":\"pt-BR\",\"@id\":\"https:\\\/\\\/secure.gravatar.com\\\/avatar\\\/e0359add7ed5dc3560906d861b52c6a8cf5c1e199d3a7dd85070998f49bd4701?s=96&d=mm&r=g\",\"url\":\"https:\\\/\\\/secure.gravatar.com\\\/avatar\\\/e0359add7ed5dc3560906d861b52c6a8cf5c1e199d3a7dd85070998f49bd4701?s=96&d=mm&r=g\",\"contentUrl\":\"https:\\\/\\\/secure.gravatar.com\\\/avatar\\\/e0359add7ed5dc3560906d861b52c6a8cf5c1e199d3a7dd85070998f49bd4701?s=96&d=mm&r=g\",\"caption\":\"afogadosfm\"},\"url\":\"https:\\\/\\\/afogadosfm.com.br\\\/afogadosfm\\\/author\\\/afogadosfm\\\/\"}]}<\/script>\n<!-- \/ Yoast SEO plugin. -->","yoast_head_json":{"title":"Adolescente denuncia na escola que foi estuprada por vizinho da casa da av\u00f3 em Petrolina - Afogados FM","robots":{"index":"index","follow":"follow","max-snippet":"max-snippet:-1","max-image-preview":"max-image-preview:large","max-video-preview":"max-video-preview:-1"},"canonical":"https:\/\/afogadosfm.com.br\/afogadosfm\/2026\/01\/22\/adolescente-denuncia-na-escola-que-foi-estuprada-por-vizinho-da-casa-da-avo-em-petrolina\/","og_locale":"pt_BR","og_type":"article","og_title":"Adolescente denuncia na escola que foi estuprada por vizinho da casa da av\u00f3 em Petrolina - Afogados FM","og_description":"O Minist\u00e9rio P\u00fablico de Pernambuco (MPPE) instaurou um procedimento administrativo para acompanhar um caso de uma adolescente que denunciou ter","og_url":"https:\/\/afogadosfm.com.br\/afogadosfm\/2026\/01\/22\/adolescente-denuncia-na-escola-que-foi-estuprada-por-vizinho-da-casa-da-avo-em-petrolina\/","og_site_name":"Afogados FM","article_published_time":"2026-01-22T09:03:09+00:00","article_modified_time":"2026-01-22T09:03:10+00:00","og_image":[{"width":274,"height":184,"url":"https:\/\/afogadosfm.com.br\/afogadosfm\/wp-content\/uploads\/2017\/11\/violencia-domestica.png","type":"image\/png"}],"author":"afogadosfm","twitter_card":"summary_large_image","twitter_misc":{"Escrito por":"afogadosfm","Est. tempo de leitura":"2 minutos"},"schema":{"@context":"https:\/\/schema.org","@graph":[{"@type":"Article","@id":"https:\/\/afogadosfm.com.br\/afogadosfm\/2026\/01\/22\/adolescente-denuncia-na-escola-que-foi-estuprada-por-vizinho-da-casa-da-avo-em-petrolina\/#article","isPartOf":{"@id":"https:\/\/afogadosfm.com.br\/afogadosfm\/2026\/01\/22\/adolescente-denuncia-na-escola-que-foi-estuprada-por-vizinho-da-casa-da-avo-em-petrolina\/"},"author":{"name":"afogadosfm","@id":"https:\/\/afogadosfm.com.br\/afogadosfm\/#\/schema\/person\/60e56f2cf5dc960fc093fe093d9e9057"},"headline":"Adolescente denuncia na escola que foi estuprada por vizinho da casa da av\u00f3 em Petrolina","datePublished":"2026-01-22T09:03:09+00:00","dateModified":"2026-01-22T09:03:10+00:00","mainEntityOfPage":{"@id":"https:\/\/afogadosfm.com.br\/afogadosfm\/2026\/01\/22\/adolescente-denuncia-na-escola-que-foi-estuprada-por-vizinho-da-casa-da-avo-em-petrolina\/"},"wordCount":301,"commentCount":0,"publisher":{"@id":"https:\/\/afogadosfm.com.br\/afogadosfm\/#organization"},"image":{"@id":"https:\/\/afogadosfm.com.br\/afogadosfm\/2026\/01\/22\/adolescente-denuncia-na-escola-que-foi-estuprada-por-vizinho-da-casa-da-avo-em-petrolina\/#primaryimage"},"thumbnailUrl":"https:\/\/i0.wp.com\/afogadosfm.com.br\/afogadosfm\/wp-content\/uploads\/2017\/11\/violencia-domestica.png?fit=274%2C184&ssl=1","articleSection":["Pol\u00edcia"],"inLanguage":"pt-BR","potentialAction":[{"@type":"CommentAction","name":"Comment","target":["https:\/\/afogadosfm.com.br\/afogadosfm\/2026\/01\/22\/adolescente-denuncia-na-escola-que-foi-estuprada-por-vizinho-da-casa-da-avo-em-petrolina\/#respond"]}]},{"@type":"WebPage","@id":"https:\/\/afogadosfm.com.br\/afogadosfm\/2026\/01\/22\/adolescente-denuncia-na-escola-que-foi-estuprada-por-vizinho-da-casa-da-avo-em-petrolina\/","url":"https:\/\/afogadosfm.com.br\/afogadosfm\/2026\/01\/22\/adolescente-denuncia-na-escola-que-foi-estuprada-por-vizinho-da-casa-da-avo-em-petrolina\/","name":"Adolescente denuncia na escola que foi estuprada por vizinho da casa da av\u00f3 em Petrolina - Afogados FM","isPartOf":{"@id":"https:\/\/afogadosfm.com.br\/afogadosfm\/#website"},"primaryImageOfPage":{"@id":"https:\/\/afogadosfm.com.br\/afogadosfm\/2026\/01\/22\/adolescente-denuncia-na-escola-que-foi-estuprada-por-vizinho-da-casa-da-avo-em-petrolina\/#primaryimage"},"image":{"@id":"https:\/\/afogadosfm.com.br\/afogadosfm\/2026\/01\/22\/adolescente-denuncia-na-escola-que-foi-estuprada-por-vizinho-da-casa-da-avo-em-petrolina\/#primaryimage"},"thumbnailUrl":"https:\/\/i0.wp.com\/afogadosfm.com.br\/afogadosfm\/wp-content\/uploads\/2017\/11\/violencia-domestica.png?fit=274%2C184&ssl=1","datePublished":"2026-01-22T09:03:09+00:00","dateModified":"2026-01-22T09:03:10+00:00","breadcrumb":{"@id":"https:\/\/afogadosfm.com.br\/afogadosfm\/2026\/01\/22\/adolescente-denuncia-na-escola-que-foi-estuprada-por-vizinho-da-casa-da-avo-em-petrolina\/#breadcrumb"},"inLanguage":"pt-BR","potentialAction":[{"@type":"ReadAction","target":["https:\/\/afogadosfm.com.br\/afogadosfm\/2026\/01\/22\/adolescente-denuncia-na-escola-que-foi-estuprada-por-vizinho-da-casa-da-avo-em-petrolina\/"]}]},{"@type":"ImageObject","inLanguage":"pt-BR","@id":"https:\/\/afogadosfm.com.br\/afogadosfm\/2026\/01\/22\/adolescente-denuncia-na-escola-que-foi-estuprada-por-vizinho-da-casa-da-avo-em-petrolina\/#primaryimage","url":"https:\/\/i0.wp.com\/afogadosfm.com.br\/afogadosfm\/wp-content\/uploads\/2017\/11\/violencia-domestica.png?fit=274%2C184&ssl=1","contentUrl":"https:\/\/i0.wp.com\/afogadosfm.com.br\/afogadosfm\/wp-content\/uploads\/2017\/11\/violencia-domestica.png?fit=274%2C184&ssl=1","width":274,"height":184},{"@type":"BreadcrumbList","@id":"https:\/\/afogadosfm.com.br\/afogadosfm\/2026\/01\/22\/adolescente-denuncia-na-escola-que-foi-estuprada-por-vizinho-da-casa-da-avo-em-petrolina\/#breadcrumb","itemListElement":[{"@type":"ListItem","position":1,"name":"In\u00edcio","item":"https:\/\/afogadosfm.com.br\/afogadosfm\/"},{"@type":"ListItem","position":2,"name":"Adolescente denuncia na escola que foi estuprada por vizinho da casa da av\u00f3 em Petrolina"}]},{"@type":"WebSite","@id":"https:\/\/afogadosfm.com.br\/afogadosfm\/#website","url":"https:\/\/afogadosfm.com.br\/afogadosfm\/","name":"Afogados FM","description":"Um site completo!","publisher":{"@id":"https:\/\/afogadosfm.com.br\/afogadosfm\/#organization"},"potentialAction":[{"@type":"SearchAction","target":{"@type":"EntryPoint","urlTemplate":"https:\/\/afogadosfm.com.br\/afogadosfm\/?s={search_term_string}"},"query-input":{"@type":"PropertyValueSpecification","valueRequired":true,"valueName":"search_term_string"}}],"inLanguage":"pt-BR"},{"@type":"Organization","@id":"https:\/\/afogadosfm.com.br\/afogadosfm\/#organization","name":"Afogados FM","url":"https:\/\/afogadosfm.com.br\/afogadosfm\/","logo":{"@type":"ImageObject","inLanguage":"pt-BR","@id":"https:\/\/afogadosfm.com.br\/afogadosfm\/#\/schema\/logo\/image\/","url":"https:\/\/i0.wp.com\/afogadosfm.com.br\/afogadosfm\/wp-content\/uploads\/2020\/06\/cropped-banner-afogados-4.jpg?fit=369%2C137&ssl=1","contentUrl":"https:\/\/i0.wp.com\/afogadosfm.com.br\/afogadosfm\/wp-content\/uploads\/2020\/06\/cropped-banner-afogados-4.jpg?fit=369%2C137&ssl=1","width":369,"height":137,"caption":"Afogados FM"},"image":{"@id":"https:\/\/afogadosfm.com.br\/afogadosfm\/#\/schema\/logo\/image\/"}},{"@type":"Person","@id":"https:\/\/afogadosfm.com.br\/afogadosfm\/#\/schema\/person\/60e56f2cf5dc960fc093fe093d9e9057","name":"afogadosfm","image":{"@type":"ImageObject","inLanguage":"pt-BR","@id":"https:\/\/secure.gravatar.com\/avatar\/e0359add7ed5dc3560906d861b52c6a8cf5c1e199d3a7dd85070998f49bd4701?s=96&d=mm&r=g","url":"https:\/\/secure.gravatar.com\/avatar\/e0359add7ed5dc3560906d861b52c6a8cf5c1e199d3a7dd85070998f49bd4701?s=96&d=mm&r=g","contentUrl":"https:\/\/secure.gravatar.com\/avatar\/e0359add7ed5dc3560906d861b52c6a8cf5c1e199d3a7dd85070998f49bd4701?s=96&d=mm&r=g","caption":"afogadosfm"},"url":"https:\/\/afogadosfm.com.br\/afogadosfm\/author\/afogadosfm\/"}]}},"jetpack_publicize_connections":[],"jetpack_featured_media_url":"https:\/\/i0.wp.com\/afogadosfm.com.br\/afogadosfm\/wp-content\/uploads\/2017\/11\/violencia-domestica.png?fit=274%2C184&ssl=1","jetpack-related-posts":[],"jetpack_sharing_enabled":true,"jetpack_likes_enabled":true,"_links":{"self":[{"href":"https:\/\/afogadosfm.com.br\/afogadosfm\/wp-json\/wp\/v2\/posts\/72182","targetHints":{"allow":["GET"]}}],"collection":[{"href":"https:\/\/afogadosfm.com.br\/afogadosfm\/wp-json\/wp\/v2\/posts"}],"about":[{"href":"https:\/\/afogadosfm.com.br\/afogadosfm\/wp-json\/wp\/v2\/types\/post"}],"author":[{"embeddable":true,"href":"https:\/\/afogadosfm.com.br\/afogadosfm\/wp-json\/wp\/v2\/users\/2"}],"replies":[{"embeddable":true,"href":"https:\/\/afogadosfm.com.br\/afogadosfm\/wp-json\/wp\/v2\/comments?post=72182"}],"version-history":[{"count":1,"href":"https:\/\/afogadosfm.com.br\/afogadosfm\/wp-json\/wp\/v2\/posts\/72182\/revisions"}],"predecessor-version":[{"id":72183,"href":"https:\/\/afogadosfm.com.br\/afogadosfm\/wp-json\/wp\/v2\/posts\/72182\/revisions\/72183"}],"wp:featuredmedia":[{"embeddable":true,"href":"https:\/\/afogadosfm.com.br\/afogadosfm\/wp-json\/wp\/v2\/media\/975"}],"wp:attachment":[{"href":"https:\/\/afogadosfm.com.br\/afogadosfm\/wp-json\/wp\/v2\/media?parent=72182"}],"wp:term":[{"taxonomy":"category","embeddable":true,"href":"https:\/\/afogadosfm.com.br\/afogadosfm\/wp-json\/wp\/v2\/categories?post=72182"},{"taxonomy":"post_tag","embeddable":true,"href":"https:\/\/afogadosfm.com.br\/afogadosfm\/wp-json\/wp\/v2\/tags?post=72182"}],"curies":[{"name":"wp","href":"https:\/\/api.w.org\/{rel}","templated":true}]}}