{"id":72184,"date":"2026-01-22T06:05:56","date_gmt":"2026-01-22T09:05:56","guid":{"rendered":"https:\/\/afogadosfm.com.br\/afogadosfm\/?p=72184"},"modified":"2026-01-22T06:08:01","modified_gmt":"2026-01-22T09:08:01","slug":"verao-em-pernambuco-devera-ter-calor-acima-da-media-e-poucas-chuvas-no-inicio-de-2026","status":"publish","type":"post","link":"https:\/\/afogadosfm.com.br\/afogadosfm\/2026\/01\/22\/verao-em-pernambuco-devera-ter-calor-acima-da-media-e-poucas-chuvas-no-inicio-de-2026\/","title":{"rendered":"Ver\u00e3o em Pernambuco dever\u00e1 ter calor acima da m\u00e9dia e poucas chuvas no in\u00edcio de 2026"},"content":{"rendered":"\n<p>O ver\u00e3o de 2026 em Pernambuco deve ser marcado por temperaturas elevadas e baixos volumes de chuva. A previs\u00e3o clim\u00e1tica para o primeiro trimestre do ano \u2014 que compreende os meses de janeiro, fevereiro e mar\u00e7o \u2014 foi divulgada pela presidente da Ag\u00eancia Pernambucana de \u00c1guas e Clima (Apac), Suzana Montenegro.<\/p>\n\n\n\n<p>De acordo com a Apac, o cen\u00e1rio esperado indica um comportamento t\u00edpico do ver\u00e3o, com calor mais intenso e chuvas que devem variar entre a m\u00e9dia hist\u00f3rica e valores ligeiramente abaixo do normal para o per\u00edodo. A tend\u00eancia, no entanto, n\u00e3o ser\u00e1 uniforme em todo o estado, podendo gerar impactos diferentes entre as regi\u00f5es.<\/p>\n\n\n\n<p>Em entrevista \u00e0 R\u00e1dio SEI, Suzana Montenegro destacou que o Sert\u00e3o deve ser a \u00e1rea mais afetada, por j\u00e1 se encontrar no per\u00edodo seco. \u201cA previs\u00e3o para o trimestre janeiro, fevereiro e mar\u00e7o \u00e9 de chuvas dentro da normalidade climatol\u00f3gica e um pouco abaixo da m\u00e9dia, e temperaturas elevadas, acima da m\u00e9dia, que \u00e9 o que n\u00f3s esperamos para esta \u00e9poca do ver\u00e3o. Claro que a gente tem impactos diferentes ao longo do estado. No Sert\u00e3o, por exemplo, j\u00e1 estamos no per\u00edodo seco, ent\u00e3o \u00e9 a regi\u00e3o que tende a ter um maior impacto, mas isso tamb\u00e9m deve afetar as outras regi\u00f5es\u201d, afirmou.<\/p>\n\n\n\n<p>A situa\u00e7\u00e3o \u00e9 ainda mais preocupante em \u00e1reas que j\u00e1 enfrentam escassez h\u00eddrica. Segundo a Apac, ao longo de 2025 houve um agravamento da seca em algumas regi\u00f5es de Pernambuco, com destaque para o extremo oeste do estado. \u201cNo Sert\u00e3o do S\u00e3o Francisco, a seca evoluiu de fraca para extrema, assim como no Agreste, principalmente no Agreste Central, que passou de uma seca moderada para extrema\u201d, explicou a presidente da ag\u00eancia.<\/p>\n\n\n\n<p>Apesar do avan\u00e7o da seca, Suzana Montenegro ressaltou que o termo \u201cseca extrema\u201d n\u00e3o representa o n\u00edvel m\u00e1ximo de criticidade. \u201cN\u00e3o temos nenhum munic\u00edpio em situa\u00e7\u00e3o de grande criticidade, embora, para n\u00f3s pernambucanos, isso j\u00e1 seja uma situa\u00e7\u00e3o preocupante. As secas extremas foram evoluindo gradualmente ao longo de 2025\u201d, pontuou.<\/p>\n\n\n\n<p>A Apac alerta ainda que a previs\u00e3o de chuvas dentro ou abaixo da m\u00e9dia n\u00e3o descarta a ocorr\u00eancia de eventos pontuais de precipita\u00e7\u00f5es intensas. O regime de chuvas em Pernambuco \u00e9 caracterizado por grande variabilidade, o que pode resultar em volumes elevados em curtos per\u00edodos, mesmo durante esta\u00e7\u00f5es mais secas.<\/p>\n\n\n\n<p>Diante do cen\u00e1rio, a recomenda\u00e7\u00e3o \u00e9 de aten\u00e7\u00e3o redobrada, especialmente em regi\u00f5es mais vulner\u00e1veis, tanto para o gerenciamento dos recursos h\u00eddricos quanto para a preven\u00e7\u00e3o de impactos associados ao calor intenso.<\/p>\n","protected":false},"excerpt":{"rendered":"<p>O ver\u00e3o de 2026 em Pernambuco deve ser marcado por temperaturas elevadas e baixos volumes de chuva. A previs\u00e3o clim\u00e1tica<\/p>\n","protected":false},"author":2,"featured_media":50270,"comment_status":"open","ping_status":"open","sticky":false,"template":"","format":"standard","meta":{"jetpack_post_was_ever_published":false,"_jetpack_newsletter_access":"","_jetpack_dont_email_post_to_subs":false,"_jetpack_newsletter_tier_id":0,"_jetpack_memberships_contains_paywalled_content":false,"_jetpack_memberships_contains_paid_content":false,"footnotes":"","jetpack_publicize_message":"","jetpack_publicize_feature_enabled":true,"jetpack_social_post_already_shared":true,"jetpack_social_options":{"image_generator_settings":{"template":"highway","default_image_id":0,"font":"","enabled":false},"version":2}},"categories":[13],"tags":[],"class_list":["post-72184","post","type-post","status-publish","format-standard","has-post-thumbnail","hentry","category-pernambuco"],"yoast_head":"<!-- This site is optimized with the Yoast SEO plugin v27.5 - https:\/\/yoast.com\/product\/yoast-seo-wordpress\/ -->\n<title>Ver\u00e3o em Pernambuco dever\u00e1 ter calor acima da m\u00e9dia e poucas chuvas no in\u00edcio de 2026 - Afogados FM<\/title>\n<meta name=\"robots\" content=\"index, follow, max-snippet:-1, max-image-preview:large, max-video-preview:-1\" \/>\n<link rel=\"canonical\" href=\"https:\/\/afogadosfm.com.br\/afogadosfm\/2026\/01\/22\/verao-em-pernambuco-devera-ter-calor-acima-da-media-e-poucas-chuvas-no-inicio-de-2026\/\" \/>\n<meta property=\"og:locale\" content=\"pt_BR\" \/>\n<meta property=\"og:type\" content=\"article\" \/>\n<meta property=\"og:title\" content=\"Ver\u00e3o em Pernambuco dever\u00e1 ter calor acima da m\u00e9dia e poucas chuvas no in\u00edcio de 2026 - Afogados FM\" \/>\n<meta property=\"og:description\" content=\"O ver\u00e3o de 2026 em Pernambuco deve ser marcado por temperaturas elevadas e baixos volumes de chuva. A previs\u00e3o clim\u00e1tica\" \/>\n<meta property=\"og:url\" content=\"https:\/\/afogadosfm.com.br\/afogadosfm\/2026\/01\/22\/verao-em-pernambuco-devera-ter-calor-acima-da-media-e-poucas-chuvas-no-inicio-de-2026\/\" \/>\n<meta property=\"og:site_name\" content=\"Afogados FM\" \/>\n<meta property=\"article:published_time\" content=\"2026-01-22T09:05:56+00:00\" \/>\n<meta property=\"article:modified_time\" content=\"2026-01-22T09:08:01+00:00\" \/>\n<meta property=\"og:image\" content=\"https:\/\/afogadosfm.com.br\/afogadosfm\/wp-content\/uploads\/2023\/09\/solforte.jpg\" \/>\n\t<meta property=\"og:image:width\" content=\"1280\" \/>\n\t<meta property=\"og:image:height\" content=\"853\" \/>\n\t<meta property=\"og:image:type\" content=\"image\/jpeg\" \/>\n<meta name=\"author\" content=\"afogadosfm\" \/>\n<meta name=\"twitter:card\" content=\"summary_large_image\" \/>\n<meta name=\"twitter:label1\" content=\"Escrito por\" \/>\n\t<meta name=\"twitter:data1\" content=\"afogadosfm\" \/>\n\t<meta name=\"twitter:label2\" content=\"Est. tempo de leitura\" \/>\n\t<meta name=\"twitter:data2\" content=\"3 minutos\" \/>\n<script type=\"application\/ld+json\" class=\"yoast-schema-graph\">{\"@context\":\"https:\\\/\\\/schema.org\",\"@graph\":[{\"@type\":\"Article\",\"@id\":\"https:\\\/\\\/afogadosfm.com.br\\\/afogadosfm\\\/2026\\\/01\\\/22\\\/verao-em-pernambuco-devera-ter-calor-acima-da-media-e-poucas-chuvas-no-inicio-de-2026\\\/#article\",\"isPartOf\":{\"@id\":\"https:\\\/\\\/afogadosfm.com.br\\\/afogadosfm\\\/2026\\\/01\\\/22\\\/verao-em-pernambuco-devera-ter-calor-acima-da-media-e-poucas-chuvas-no-inicio-de-2026\\\/\"},\"author\":{\"name\":\"afogadosfm\",\"@id\":\"https:\\\/\\\/afogadosfm.com.br\\\/afogadosfm\\\/#\\\/schema\\\/person\\\/60e56f2cf5dc960fc093fe093d9e9057\"},\"headline\":\"Ver\u00e3o em Pernambuco dever\u00e1 ter calor acima da m\u00e9dia e poucas chuvas no in\u00edcio de 2026\",\"datePublished\":\"2026-01-22T09:05:56+00:00\",\"dateModified\":\"2026-01-22T09:08:01+00:00\",\"mainEntityOfPage\":{\"@id\":\"https:\\\/\\\/afogadosfm.com.br\\\/afogadosfm\\\/2026\\\/01\\\/22\\\/verao-em-pernambuco-devera-ter-calor-acima-da-media-e-poucas-chuvas-no-inicio-de-2026\\\/\"},\"wordCount\":475,\"commentCount\":0,\"publisher\":{\"@id\":\"https:\\\/\\\/afogadosfm.com.br\\\/afogadosfm\\\/#organization\"},\"image\":{\"@id\":\"https:\\\/\\\/afogadosfm.com.br\\\/afogadosfm\\\/2026\\\/01\\\/22\\\/verao-em-pernambuco-devera-ter-calor-acima-da-media-e-poucas-chuvas-no-inicio-de-2026\\\/#primaryimage\"},\"thumbnailUrl\":\"https:\\\/\\\/i0.wp.com\\\/afogadosfm.com.br\\\/afogadosfm\\\/wp-content\\\/uploads\\\/2023\\\/09\\\/solforte.jpg?fit=1280%2C853&ssl=1\",\"articleSection\":[\"Pernambuco\"],\"inLanguage\":\"pt-BR\",\"potentialAction\":[{\"@type\":\"CommentAction\",\"name\":\"Comment\",\"target\":[\"https:\\\/\\\/afogadosfm.com.br\\\/afogadosfm\\\/2026\\\/01\\\/22\\\/verao-em-pernambuco-devera-ter-calor-acima-da-media-e-poucas-chuvas-no-inicio-de-2026\\\/#respond\"]}]},{\"@type\":\"WebPage\",\"@id\":\"https:\\\/\\\/afogadosfm.com.br\\\/afogadosfm\\\/2026\\\/01\\\/22\\\/verao-em-pernambuco-devera-ter-calor-acima-da-media-e-poucas-chuvas-no-inicio-de-2026\\\/\",\"url\":\"https:\\\/\\\/afogadosfm.com.br\\\/afogadosfm\\\/2026\\\/01\\\/22\\\/verao-em-pernambuco-devera-ter-calor-acima-da-media-e-poucas-chuvas-no-inicio-de-2026\\\/\",\"name\":\"Ver\u00e3o em Pernambuco dever\u00e1 ter calor acima da m\u00e9dia e poucas chuvas no in\u00edcio de 2026 - Afogados FM\",\"isPartOf\":{\"@id\":\"https:\\\/\\\/afogadosfm.com.br\\\/afogadosfm\\\/#website\"},\"primaryImageOfPage\":{\"@id\":\"https:\\\/\\\/afogadosfm.com.br\\\/afogadosfm\\\/2026\\\/01\\\/22\\\/verao-em-pernambuco-devera-ter-calor-acima-da-media-e-poucas-chuvas-no-inicio-de-2026\\\/#primaryimage\"},\"image\":{\"@id\":\"https:\\\/\\\/afogadosfm.com.br\\\/afogadosfm\\\/2026\\\/01\\\/22\\\/verao-em-pernambuco-devera-ter-calor-acima-da-media-e-poucas-chuvas-no-inicio-de-2026\\\/#primaryimage\"},\"thumbnailUrl\":\"https:\\\/\\\/i0.wp.com\\\/afogadosfm.com.br\\\/afogadosfm\\\/wp-content\\\/uploads\\\/2023\\\/09\\\/solforte.jpg?fit=1280%2C853&ssl=1\",\"datePublished\":\"2026-01-22T09:05:56+00:00\",\"dateModified\":\"2026-01-22T09:08:01+00:00\",\"breadcrumb\":{\"@id\":\"https:\\\/\\\/afogadosfm.com.br\\\/afogadosfm\\\/2026\\\/01\\\/22\\\/verao-em-pernambuco-devera-ter-calor-acima-da-media-e-poucas-chuvas-no-inicio-de-2026\\\/#breadcrumb\"},\"inLanguage\":\"pt-BR\",\"potentialAction\":[{\"@type\":\"ReadAction\",\"target\":[\"https:\\\/\\\/afogadosfm.com.br\\\/afogadosfm\\\/2026\\\/01\\\/22\\\/verao-em-pernambuco-devera-ter-calor-acima-da-media-e-poucas-chuvas-no-inicio-de-2026\\\/\"]}]},{\"@type\":\"ImageObject\",\"inLanguage\":\"pt-BR\",\"@id\":\"https:\\\/\\\/afogadosfm.com.br\\\/afogadosfm\\\/2026\\\/01\\\/22\\\/verao-em-pernambuco-devera-ter-calor-acima-da-media-e-poucas-chuvas-no-inicio-de-2026\\\/#primaryimage\",\"url\":\"https:\\\/\\\/i0.wp.com\\\/afogadosfm.com.br\\\/afogadosfm\\\/wp-content\\\/uploads\\\/2023\\\/09\\\/solforte.jpg?fit=1280%2C853&ssl=1\",\"contentUrl\":\"https:\\\/\\\/i0.wp.com\\\/afogadosfm.com.br\\\/afogadosfm\\\/wp-content\\\/uploads\\\/2023\\\/09\\\/solforte.jpg?fit=1280%2C853&ssl=1\",\"width\":1280,\"height\":853},{\"@type\":\"BreadcrumbList\",\"@id\":\"https:\\\/\\\/afogadosfm.com.br\\\/afogadosfm\\\/2026\\\/01\\\/22\\\/verao-em-pernambuco-devera-ter-calor-acima-da-media-e-poucas-chuvas-no-inicio-de-2026\\\/#breadcrumb\",\"itemListElement\":[{\"@type\":\"ListItem\",\"position\":1,\"name\":\"In\u00edcio\",\"item\":\"https:\\\/\\\/afogadosfm.com.br\\\/afogadosfm\\\/\"},{\"@type\":\"ListItem\",\"position\":2,\"name\":\"Ver\u00e3o em Pernambuco dever\u00e1 ter calor acima da m\u00e9dia e poucas chuvas no in\u00edcio de 2026\"}]},{\"@type\":\"WebSite\",\"@id\":\"https:\\\/\\\/afogadosfm.com.br\\\/afogadosfm\\\/#website\",\"url\":\"https:\\\/\\\/afogadosfm.com.br\\\/afogadosfm\\\/\",\"name\":\"Afogados FM\",\"description\":\"Um site completo!\",\"publisher\":{\"@id\":\"https:\\\/\\\/afogadosfm.com.br\\\/afogadosfm\\\/#organization\"},\"potentialAction\":[{\"@type\":\"SearchAction\",\"target\":{\"@type\":\"EntryPoint\",\"urlTemplate\":\"https:\\\/\\\/afogadosfm.com.br\\\/afogadosfm\\\/?s={search_term_string}\"},\"query-input\":{\"@type\":\"PropertyValueSpecification\",\"valueRequired\":true,\"valueName\":\"search_term_string\"}}],\"inLanguage\":\"pt-BR\"},{\"@type\":\"Organization\",\"@id\":\"https:\\\/\\\/afogadosfm.com.br\\\/afogadosfm\\\/#organization\",\"name\":\"Afogados FM\",\"url\":\"https:\\\/\\\/afogadosfm.com.br\\\/afogadosfm\\\/\",\"logo\":{\"@type\":\"ImageObject\",\"inLanguage\":\"pt-BR\",\"@id\":\"https:\\\/\\\/afogadosfm.com.br\\\/afogadosfm\\\/#\\\/schema\\\/logo\\\/image\\\/\",\"url\":\"https:\\\/\\\/i0.wp.com\\\/afogadosfm.com.br\\\/afogadosfm\\\/wp-content\\\/uploads\\\/2020\\\/06\\\/cropped-banner-afogados-4.jpg?fit=369%2C137&ssl=1\",\"contentUrl\":\"https:\\\/\\\/i0.wp.com\\\/afogadosfm.com.br\\\/afogadosfm\\\/wp-content\\\/uploads\\\/2020\\\/06\\\/cropped-banner-afogados-4.jpg?fit=369%2C137&ssl=1\",\"width\":369,\"height\":137,\"caption\":\"Afogados FM\"},\"image\":{\"@id\":\"https:\\\/\\\/afogadosfm.com.br\\\/afogadosfm\\\/#\\\/schema\\\/logo\\\/image\\\/\"}},{\"@type\":\"Person\",\"@id\":\"https:\\\/\\\/afogadosfm.com.br\\\/afogadosfm\\\/#\\\/schema\\\/person\\\/60e56f2cf5dc960fc093fe093d9e9057\",\"name\":\"afogadosfm\",\"image\":{\"@type\":\"ImageObject\",\"inLanguage\":\"pt-BR\",\"@id\":\"https:\\\/\\\/secure.gravatar.com\\\/avatar\\\/e0359add7ed5dc3560906d861b52c6a8cf5c1e199d3a7dd85070998f49bd4701?s=96&d=mm&r=g\",\"url\":\"https:\\\/\\\/secure.gravatar.com\\\/avatar\\\/e0359add7ed5dc3560906d861b52c6a8cf5c1e199d3a7dd85070998f49bd4701?s=96&d=mm&r=g\",\"contentUrl\":\"https:\\\/\\\/secure.gravatar.com\\\/avatar\\\/e0359add7ed5dc3560906d861b52c6a8cf5c1e199d3a7dd85070998f49bd4701?s=96&d=mm&r=g\",\"caption\":\"afogadosfm\"},\"url\":\"https:\\\/\\\/afogadosfm.com.br\\\/afogadosfm\\\/author\\\/afogadosfm\\\/\"}]}<\/script>\n<!-- \/ Yoast SEO plugin. -->","yoast_head_json":{"title":"Ver\u00e3o em Pernambuco dever\u00e1 ter calor acima da m\u00e9dia e poucas chuvas no in\u00edcio de 2026 - Afogados FM","robots":{"index":"index","follow":"follow","max-snippet":"max-snippet:-1","max-image-preview":"max-image-preview:large","max-video-preview":"max-video-preview:-1"},"canonical":"https:\/\/afogadosfm.com.br\/afogadosfm\/2026\/01\/22\/verao-em-pernambuco-devera-ter-calor-acima-da-media-e-poucas-chuvas-no-inicio-de-2026\/","og_locale":"pt_BR","og_type":"article","og_title":"Ver\u00e3o em Pernambuco dever\u00e1 ter calor acima da m\u00e9dia e poucas chuvas no in\u00edcio de 2026 - Afogados FM","og_description":"O ver\u00e3o de 2026 em Pernambuco deve ser marcado por temperaturas elevadas e baixos volumes de chuva. A previs\u00e3o clim\u00e1tica","og_url":"https:\/\/afogadosfm.com.br\/afogadosfm\/2026\/01\/22\/verao-em-pernambuco-devera-ter-calor-acima-da-media-e-poucas-chuvas-no-inicio-de-2026\/","og_site_name":"Afogados FM","article_published_time":"2026-01-22T09:05:56+00:00","article_modified_time":"2026-01-22T09:08:01+00:00","og_image":[{"width":1280,"height":853,"url":"https:\/\/afogadosfm.com.br\/afogadosfm\/wp-content\/uploads\/2023\/09\/solforte.jpg","type":"image\/jpeg"}],"author":"afogadosfm","twitter_card":"summary_large_image","twitter_misc":{"Escrito por":"afogadosfm","Est. tempo de leitura":"3 minutos"},"schema":{"@context":"https:\/\/schema.org","@graph":[{"@type":"Article","@id":"https:\/\/afogadosfm.com.br\/afogadosfm\/2026\/01\/22\/verao-em-pernambuco-devera-ter-calor-acima-da-media-e-poucas-chuvas-no-inicio-de-2026\/#article","isPartOf":{"@id":"https:\/\/afogadosfm.com.br\/afogadosfm\/2026\/01\/22\/verao-em-pernambuco-devera-ter-calor-acima-da-media-e-poucas-chuvas-no-inicio-de-2026\/"},"author":{"name":"afogadosfm","@id":"https:\/\/afogadosfm.com.br\/afogadosfm\/#\/schema\/person\/60e56f2cf5dc960fc093fe093d9e9057"},"headline":"Ver\u00e3o em Pernambuco dever\u00e1 ter calor acima da m\u00e9dia e poucas chuvas no in\u00edcio de 2026","datePublished":"2026-01-22T09:05:56+00:00","dateModified":"2026-01-22T09:08:01+00:00","mainEntityOfPage":{"@id":"https:\/\/afogadosfm.com.br\/afogadosfm\/2026\/01\/22\/verao-em-pernambuco-devera-ter-calor-acima-da-media-e-poucas-chuvas-no-inicio-de-2026\/"},"wordCount":475,"commentCount":0,"publisher":{"@id":"https:\/\/afogadosfm.com.br\/afogadosfm\/#organization"},"image":{"@id":"https:\/\/afogadosfm.com.br\/afogadosfm\/2026\/01\/22\/verao-em-pernambuco-devera-ter-calor-acima-da-media-e-poucas-chuvas-no-inicio-de-2026\/#primaryimage"},"thumbnailUrl":"https:\/\/i0.wp.com\/afogadosfm.com.br\/afogadosfm\/wp-content\/uploads\/2023\/09\/solforte.jpg?fit=1280%2C853&ssl=1","articleSection":["Pernambuco"],"inLanguage":"pt-BR","potentialAction":[{"@type":"CommentAction","name":"Comment","target":["https:\/\/afogadosfm.com.br\/afogadosfm\/2026\/01\/22\/verao-em-pernambuco-devera-ter-calor-acima-da-media-e-poucas-chuvas-no-inicio-de-2026\/#respond"]}]},{"@type":"WebPage","@id":"https:\/\/afogadosfm.com.br\/afogadosfm\/2026\/01\/22\/verao-em-pernambuco-devera-ter-calor-acima-da-media-e-poucas-chuvas-no-inicio-de-2026\/","url":"https:\/\/afogadosfm.com.br\/afogadosfm\/2026\/01\/22\/verao-em-pernambuco-devera-ter-calor-acima-da-media-e-poucas-chuvas-no-inicio-de-2026\/","name":"Ver\u00e3o em Pernambuco dever\u00e1 ter calor acima da m\u00e9dia e poucas chuvas no in\u00edcio de 2026 - Afogados FM","isPartOf":{"@id":"https:\/\/afogadosfm.com.br\/afogadosfm\/#website"},"primaryImageOfPage":{"@id":"https:\/\/afogadosfm.com.br\/afogadosfm\/2026\/01\/22\/verao-em-pernambuco-devera-ter-calor-acima-da-media-e-poucas-chuvas-no-inicio-de-2026\/#primaryimage"},"image":{"@id":"https:\/\/afogadosfm.com.br\/afogadosfm\/2026\/01\/22\/verao-em-pernambuco-devera-ter-calor-acima-da-media-e-poucas-chuvas-no-inicio-de-2026\/#primaryimage"},"thumbnailUrl":"https:\/\/i0.wp.com\/afogadosfm.com.br\/afogadosfm\/wp-content\/uploads\/2023\/09\/solforte.jpg?fit=1280%2C853&ssl=1","datePublished":"2026-01-22T09:05:56+00:00","dateModified":"2026-01-22T09:08:01+00:00","breadcrumb":{"@id":"https:\/\/afogadosfm.com.br\/afogadosfm\/2026\/01\/22\/verao-em-pernambuco-devera-ter-calor-acima-da-media-e-poucas-chuvas-no-inicio-de-2026\/#breadcrumb"},"inLanguage":"pt-BR","potentialAction":[{"@type":"ReadAction","target":["https:\/\/afogadosfm.com.br\/afogadosfm\/2026\/01\/22\/verao-em-pernambuco-devera-ter-calor-acima-da-media-e-poucas-chuvas-no-inicio-de-2026\/"]}]},{"@type":"ImageObject","inLanguage":"pt-BR","@id":"https:\/\/afogadosfm.com.br\/afogadosfm\/2026\/01\/22\/verao-em-pernambuco-devera-ter-calor-acima-da-media-e-poucas-chuvas-no-inicio-de-2026\/#primaryimage","url":"https:\/\/i0.wp.com\/afogadosfm.com.br\/afogadosfm\/wp-content\/uploads\/2023\/09\/solforte.jpg?fit=1280%2C853&ssl=1","contentUrl":"https:\/\/i0.wp.com\/afogadosfm.com.br\/afogadosfm\/wp-content\/uploads\/2023\/09\/solforte.jpg?fit=1280%2C853&ssl=1","width":1280,"height":853},{"@type":"BreadcrumbList","@id":"https:\/\/afogadosfm.com.br\/afogadosfm\/2026\/01\/22\/verao-em-pernambuco-devera-ter-calor-acima-da-media-e-poucas-chuvas-no-inicio-de-2026\/#breadcrumb","itemListElement":[{"@type":"ListItem","position":1,"name":"In\u00edcio","item":"https:\/\/afogadosfm.com.br\/afogadosfm\/"},{"@type":"ListItem","position":2,"name":"Ver\u00e3o em Pernambuco dever\u00e1 ter calor acima da m\u00e9dia e poucas chuvas no in\u00edcio de 2026"}]},{"@type":"WebSite","@id":"https:\/\/afogadosfm.com.br\/afogadosfm\/#website","url":"https:\/\/afogadosfm.com.br\/afogadosfm\/","name":"Afogados FM","description":"Um site completo!","publisher":{"@id":"https:\/\/afogadosfm.com.br\/afogadosfm\/#organization"},"potentialAction":[{"@type":"SearchAction","target":{"@type":"EntryPoint","urlTemplate":"https:\/\/afogadosfm.com.br\/afogadosfm\/?s={search_term_string}"},"query-input":{"@type":"PropertyValueSpecification","valueRequired":true,"valueName":"search_term_string"}}],"inLanguage":"pt-BR"},{"@type":"Organization","@id":"https:\/\/afogadosfm.com.br\/afogadosfm\/#organization","name":"Afogados FM","url":"https:\/\/afogadosfm.com.br\/afogadosfm\/","logo":{"@type":"ImageObject","inLanguage":"pt-BR","@id":"https:\/\/afogadosfm.com.br\/afogadosfm\/#\/schema\/logo\/image\/","url":"https:\/\/i0.wp.com\/afogadosfm.com.br\/afogadosfm\/wp-content\/uploads\/2020\/06\/cropped-banner-afogados-4.jpg?fit=369%2C137&ssl=1","contentUrl":"https:\/\/i0.wp.com\/afogadosfm.com.br\/afogadosfm\/wp-content\/uploads\/2020\/06\/cropped-banner-afogados-4.jpg?fit=369%2C137&ssl=1","width":369,"height":137,"caption":"Afogados FM"},"image":{"@id":"https:\/\/afogadosfm.com.br\/afogadosfm\/#\/schema\/logo\/image\/"}},{"@type":"Person","@id":"https:\/\/afogadosfm.com.br\/afogadosfm\/#\/schema\/person\/60e56f2cf5dc960fc093fe093d9e9057","name":"afogadosfm","image":{"@type":"ImageObject","inLanguage":"pt-BR","@id":"https:\/\/secure.gravatar.com\/avatar\/e0359add7ed5dc3560906d861b52c6a8cf5c1e199d3a7dd85070998f49bd4701?s=96&d=mm&r=g","url":"https:\/\/secure.gravatar.com\/avatar\/e0359add7ed5dc3560906d861b52c6a8cf5c1e199d3a7dd85070998f49bd4701?s=96&d=mm&r=g","contentUrl":"https:\/\/secure.gravatar.com\/avatar\/e0359add7ed5dc3560906d861b52c6a8cf5c1e199d3a7dd85070998f49bd4701?s=96&d=mm&r=g","caption":"afogadosfm"},"url":"https:\/\/afogadosfm.com.br\/afogadosfm\/author\/afogadosfm\/"}]}},"jetpack_publicize_connections":[],"jetpack_featured_media_url":"https:\/\/i0.wp.com\/afogadosfm.com.br\/afogadosfm\/wp-content\/uploads\/2023\/09\/solforte.jpg?fit=1280%2C853&ssl=1","jetpack-related-posts":[],"jetpack_sharing_enabled":true,"jetpack_likes_enabled":true,"_links":{"self":[{"href":"https:\/\/afogadosfm.com.br\/afogadosfm\/wp-json\/wp\/v2\/posts\/72184","targetHints":{"allow":["GET"]}}],"collection":[{"href":"https:\/\/afogadosfm.com.br\/afogadosfm\/wp-json\/wp\/v2\/posts"}],"about":[{"href":"https:\/\/afogadosfm.com.br\/afogadosfm\/wp-json\/wp\/v2\/types\/post"}],"author":[{"embeddable":true,"href":"https:\/\/afogadosfm.com.br\/afogadosfm\/wp-json\/wp\/v2\/users\/2"}],"replies":[{"embeddable":true,"href":"https:\/\/afogadosfm.com.br\/afogadosfm\/wp-json\/wp\/v2\/comments?post=72184"}],"version-history":[{"count":2,"href":"https:\/\/afogadosfm.com.br\/afogadosfm\/wp-json\/wp\/v2\/posts\/72184\/revisions"}],"predecessor-version":[{"id":72186,"href":"https:\/\/afogadosfm.com.br\/afogadosfm\/wp-json\/wp\/v2\/posts\/72184\/revisions\/72186"}],"wp:featuredmedia":[{"embeddable":true,"href":"https:\/\/afogadosfm.com.br\/afogadosfm\/wp-json\/wp\/v2\/media\/50270"}],"wp:attachment":[{"href":"https:\/\/afogadosfm.com.br\/afogadosfm\/wp-json\/wp\/v2\/media?parent=72184"}],"wp:term":[{"taxonomy":"category","embeddable":true,"href":"https:\/\/afogadosfm.com.br\/afogadosfm\/wp-json\/wp\/v2\/categories?post=72184"},{"taxonomy":"post_tag","embeddable":true,"href":"https:\/\/afogadosfm.com.br\/afogadosfm\/wp-json\/wp\/v2\/tags?post=72184"}],"curies":[{"name":"wp","href":"https:\/\/api.w.org\/{rel}","templated":true}]}}