{"id":72212,"date":"2026-01-23T05:48:44","date_gmt":"2026-01-23T08:48:44","guid":{"rendered":"https:\/\/afogadosfm.com.br\/afogadosfm\/?p=72212"},"modified":"2026-01-23T05:48:45","modified_gmt":"2026-01-23T08:48:45","slug":"prefeitura-de-afogados-finaliza-sinalizacao-de-semaforo-e-reforca-seguranca-no-transito","status":"publish","type":"post","link":"https:\/\/afogadosfm.com.br\/afogadosfm\/2026\/01\/23\/prefeitura-de-afogados-finaliza-sinalizacao-de-semaforo-e-reforca-seguranca-no-transito\/","title":{"rendered":"Prefeitura de Afogados finaliza sinaliza\u00e7\u00e3o de sem\u00e1foro e refor\u00e7a seguran\u00e7a no tr\u00e2nsito"},"content":{"rendered":"\n<p>Na noite da quinta-feira (22), a Prefeitura de Afogados concluiu a sinaliza\u00e7\u00e3o horizontal do sem\u00e1foro localizado na interse\u00e7\u00e3o da Rua Ant\u00f4nio Jos\u00e9 de Lemos com a Rua Ant\u00f4nio Rafael de Freitas. A a\u00e7\u00e3o faz parte do esfor\u00e7o da administra\u00e7\u00e3o municipal para garantir mais seguran\u00e7a vi\u00e1ria e organiza\u00e7\u00e3o no tr\u00e2nsito da cidade.<\/p>\n\n\n\n<p>A nova sinaliza\u00e7\u00e3o contribui para a orienta\u00e7\u00e3o de motoristas e pedestres, promovendo travessias mais seguras e reduzindo o risco de acidentes. A Prefeitura refor\u00e7a a import\u00e2ncia de respeitar a sinaliza\u00e7\u00e3o: aten\u00e7\u00e3o no tr\u00e2nsito salva vidas!<\/p>\n\n\n\n<p>O blog Jailton Ramos parabeniza a Prefeitura de Afogados pela iniciativa, destacando o compromisso com a seguran\u00e7a e o bem-estar da popula\u00e7\u00e3o.<\/p>\n","protected":false},"excerpt":{"rendered":"<p>Na noite da quinta-feira (22), a Prefeitura de Afogados concluiu a sinaliza\u00e7\u00e3o horizontal do sem\u00e1foro localizado na interse\u00e7\u00e3o da Rua<\/p>\n","protected":false},"author":2,"featured_media":72213,"comment_status":"open","ping_status":"open","sticky":false,"template":"","format":"standard","meta":{"jetpack_post_was_ever_published":false,"_jetpack_newsletter_access":"","_jetpack_dont_email_post_to_subs":false,"_jetpack_newsletter_tier_id":0,"_jetpack_memberships_contains_paywalled_content":false,"_jetpack_memberships_contains_paid_content":false,"footnotes":"","jetpack_publicize_message":"","jetpack_publicize_feature_enabled":true,"jetpack_social_post_already_shared":true,"jetpack_social_options":{"image_generator_settings":{"template":"highway","default_image_id":0,"font":"","enabled":false},"version":2}},"categories":[14],"tags":[],"class_list":["post-72212","post","type-post","status-publish","format-standard","has-post-thumbnail","hentry","category-afogados-da-ingazeira"],"yoast_head":"<!-- This site is optimized with the Yoast SEO plugin v27.5 - https:\/\/yoast.com\/product\/yoast-seo-wordpress\/ -->\n<title>Prefeitura de Afogados finaliza sinaliza\u00e7\u00e3o de sem\u00e1foro e refor\u00e7a seguran\u00e7a no tr\u00e2nsito - Afogados FM<\/title>\n<meta name=\"robots\" content=\"index, follow, max-snippet:-1, max-image-preview:large, max-video-preview:-1\" \/>\n<link rel=\"canonical\" href=\"https:\/\/afogadosfm.com.br\/afogadosfm\/2026\/01\/23\/prefeitura-de-afogados-finaliza-sinalizacao-de-semaforo-e-reforca-seguranca-no-transito\/\" \/>\n<meta property=\"og:locale\" content=\"pt_BR\" \/>\n<meta property=\"og:type\" content=\"article\" \/>\n<meta property=\"og:title\" content=\"Prefeitura de Afogados finaliza sinaliza\u00e7\u00e3o de sem\u00e1foro e refor\u00e7a seguran\u00e7a no tr\u00e2nsito - Afogados FM\" \/>\n<meta property=\"og:description\" content=\"Na noite da quinta-feira (22), a Prefeitura de Afogados concluiu a sinaliza\u00e7\u00e3o horizontal do sem\u00e1foro localizado na interse\u00e7\u00e3o da Rua\" \/>\n<meta property=\"og:url\" content=\"https:\/\/afogadosfm.com.br\/afogadosfm\/2026\/01\/23\/prefeitura-de-afogados-finaliza-sinalizacao-de-semaforo-e-reforca-seguranca-no-transito\/\" \/>\n<meta property=\"og:site_name\" content=\"Afogados FM\" \/>\n<meta property=\"article:published_time\" content=\"2026-01-23T08:48:44+00:00\" \/>\n<meta property=\"article:modified_time\" content=\"2026-01-23T08:48:45+00:00\" \/>\n<meta property=\"og:image\" content=\"https:\/\/afogadosfm.com.br\/afogadosfm\/wp-content\/uploads\/2026\/01\/SINALIZACAO.jpg\" \/>\n\t<meta property=\"og:image:width\" content=\"320\" \/>\n\t<meta property=\"og:image:height\" content=\"400\" \/>\n\t<meta property=\"og:image:type\" content=\"image\/jpeg\" \/>\n<meta name=\"author\" content=\"afogadosfm\" \/>\n<meta name=\"twitter:card\" content=\"summary_large_image\" \/>\n<meta name=\"twitter:label1\" content=\"Escrito por\" \/>\n\t<meta name=\"twitter:data1\" content=\"afogadosfm\" \/>\n\t<meta name=\"twitter:label2\" content=\"Est. tempo de leitura\" \/>\n\t<meta name=\"twitter:data2\" content=\"1 minuto\" \/>\n<script type=\"application\/ld+json\" class=\"yoast-schema-graph\">{\"@context\":\"https:\\\/\\\/schema.org\",\"@graph\":[{\"@type\":\"Article\",\"@id\":\"https:\\\/\\\/afogadosfm.com.br\\\/afogadosfm\\\/2026\\\/01\\\/23\\\/prefeitura-de-afogados-finaliza-sinalizacao-de-semaforo-e-reforca-seguranca-no-transito\\\/#article\",\"isPartOf\":{\"@id\":\"https:\\\/\\\/afogadosfm.com.br\\\/afogadosfm\\\/2026\\\/01\\\/23\\\/prefeitura-de-afogados-finaliza-sinalizacao-de-semaforo-e-reforca-seguranca-no-transito\\\/\"},\"author\":{\"name\":\"afogadosfm\",\"@id\":\"https:\\\/\\\/afogadosfm.com.br\\\/afogadosfm\\\/#\\\/schema\\\/person\\\/60e56f2cf5dc960fc093fe093d9e9057\"},\"headline\":\"Prefeitura de Afogados finaliza sinaliza\u00e7\u00e3o de sem\u00e1foro e refor\u00e7a seguran\u00e7a no tr\u00e2nsito\",\"datePublished\":\"2026-01-23T08:48:44+00:00\",\"dateModified\":\"2026-01-23T08:48:45+00:00\",\"mainEntityOfPage\":{\"@id\":\"https:\\\/\\\/afogadosfm.com.br\\\/afogadosfm\\\/2026\\\/01\\\/23\\\/prefeitura-de-afogados-finaliza-sinalizacao-de-semaforo-e-reforca-seguranca-no-transito\\\/\"},\"wordCount\":145,\"commentCount\":0,\"publisher\":{\"@id\":\"https:\\\/\\\/afogadosfm.com.br\\\/afogadosfm\\\/#organization\"},\"image\":{\"@id\":\"https:\\\/\\\/afogadosfm.com.br\\\/afogadosfm\\\/2026\\\/01\\\/23\\\/prefeitura-de-afogados-finaliza-sinalizacao-de-semaforo-e-reforca-seguranca-no-transito\\\/#primaryimage\"},\"thumbnailUrl\":\"https:\\\/\\\/i0.wp.com\\\/afogadosfm.com.br\\\/afogadosfm\\\/wp-content\\\/uploads\\\/2026\\\/01\\\/SINALIZACAO.jpg?fit=320%2C400&ssl=1\",\"articleSection\":[\"Afogados da Ingazeira\"],\"inLanguage\":\"pt-BR\",\"potentialAction\":[{\"@type\":\"CommentAction\",\"name\":\"Comment\",\"target\":[\"https:\\\/\\\/afogadosfm.com.br\\\/afogadosfm\\\/2026\\\/01\\\/23\\\/prefeitura-de-afogados-finaliza-sinalizacao-de-semaforo-e-reforca-seguranca-no-transito\\\/#respond\"]}]},{\"@type\":\"WebPage\",\"@id\":\"https:\\\/\\\/afogadosfm.com.br\\\/afogadosfm\\\/2026\\\/01\\\/23\\\/prefeitura-de-afogados-finaliza-sinalizacao-de-semaforo-e-reforca-seguranca-no-transito\\\/\",\"url\":\"https:\\\/\\\/afogadosfm.com.br\\\/afogadosfm\\\/2026\\\/01\\\/23\\\/prefeitura-de-afogados-finaliza-sinalizacao-de-semaforo-e-reforca-seguranca-no-transito\\\/\",\"name\":\"Prefeitura de Afogados finaliza sinaliza\u00e7\u00e3o de sem\u00e1foro e refor\u00e7a seguran\u00e7a no tr\u00e2nsito - Afogados FM\",\"isPartOf\":{\"@id\":\"https:\\\/\\\/afogadosfm.com.br\\\/afogadosfm\\\/#website\"},\"primaryImageOfPage\":{\"@id\":\"https:\\\/\\\/afogadosfm.com.br\\\/afogadosfm\\\/2026\\\/01\\\/23\\\/prefeitura-de-afogados-finaliza-sinalizacao-de-semaforo-e-reforca-seguranca-no-transito\\\/#primaryimage\"},\"image\":{\"@id\":\"https:\\\/\\\/afogadosfm.com.br\\\/afogadosfm\\\/2026\\\/01\\\/23\\\/prefeitura-de-afogados-finaliza-sinalizacao-de-semaforo-e-reforca-seguranca-no-transito\\\/#primaryimage\"},\"thumbnailUrl\":\"https:\\\/\\\/i0.wp.com\\\/afogadosfm.com.br\\\/afogadosfm\\\/wp-content\\\/uploads\\\/2026\\\/01\\\/SINALIZACAO.jpg?fit=320%2C400&ssl=1\",\"datePublished\":\"2026-01-23T08:48:44+00:00\",\"dateModified\":\"2026-01-23T08:48:45+00:00\",\"breadcrumb\":{\"@id\":\"https:\\\/\\\/afogadosfm.com.br\\\/afogadosfm\\\/2026\\\/01\\\/23\\\/prefeitura-de-afogados-finaliza-sinalizacao-de-semaforo-e-reforca-seguranca-no-transito\\\/#breadcrumb\"},\"inLanguage\":\"pt-BR\",\"potentialAction\":[{\"@type\":\"ReadAction\",\"target\":[\"https:\\\/\\\/afogadosfm.com.br\\\/afogadosfm\\\/2026\\\/01\\\/23\\\/prefeitura-de-afogados-finaliza-sinalizacao-de-semaforo-e-reforca-seguranca-no-transito\\\/\"]}]},{\"@type\":\"ImageObject\",\"inLanguage\":\"pt-BR\",\"@id\":\"https:\\\/\\\/afogadosfm.com.br\\\/afogadosfm\\\/2026\\\/01\\\/23\\\/prefeitura-de-afogados-finaliza-sinalizacao-de-semaforo-e-reforca-seguranca-no-transito\\\/#primaryimage\",\"url\":\"https:\\\/\\\/i0.wp.com\\\/afogadosfm.com.br\\\/afogadosfm\\\/wp-content\\\/uploads\\\/2026\\\/01\\\/SINALIZACAO.jpg?fit=320%2C400&ssl=1\",\"contentUrl\":\"https:\\\/\\\/i0.wp.com\\\/afogadosfm.com.br\\\/afogadosfm\\\/wp-content\\\/uploads\\\/2026\\\/01\\\/SINALIZACAO.jpg?fit=320%2C400&ssl=1\",\"width\":320,\"height\":400},{\"@type\":\"BreadcrumbList\",\"@id\":\"https:\\\/\\\/afogadosfm.com.br\\\/afogadosfm\\\/2026\\\/01\\\/23\\\/prefeitura-de-afogados-finaliza-sinalizacao-de-semaforo-e-reforca-seguranca-no-transito\\\/#breadcrumb\",\"itemListElement\":[{\"@type\":\"ListItem\",\"position\":1,\"name\":\"In\u00edcio\",\"item\":\"https:\\\/\\\/afogadosfm.com.br\\\/afogadosfm\\\/\"},{\"@type\":\"ListItem\",\"position\":2,\"name\":\"Prefeitura de Afogados finaliza sinaliza\u00e7\u00e3o de sem\u00e1foro e refor\u00e7a seguran\u00e7a no tr\u00e2nsito\"}]},{\"@type\":\"WebSite\",\"@id\":\"https:\\\/\\\/afogadosfm.com.br\\\/afogadosfm\\\/#website\",\"url\":\"https:\\\/\\\/afogadosfm.com.br\\\/afogadosfm\\\/\",\"name\":\"Afogados FM\",\"description\":\"Um site completo!\",\"publisher\":{\"@id\":\"https:\\\/\\\/afogadosfm.com.br\\\/afogadosfm\\\/#organization\"},\"potentialAction\":[{\"@type\":\"SearchAction\",\"target\":{\"@type\":\"EntryPoint\",\"urlTemplate\":\"https:\\\/\\\/afogadosfm.com.br\\\/afogadosfm\\\/?s={search_term_string}\"},\"query-input\":{\"@type\":\"PropertyValueSpecification\",\"valueRequired\":true,\"valueName\":\"search_term_string\"}}],\"inLanguage\":\"pt-BR\"},{\"@type\":\"Organization\",\"@id\":\"https:\\\/\\\/afogadosfm.com.br\\\/afogadosfm\\\/#organization\",\"name\":\"Afogados FM\",\"url\":\"https:\\\/\\\/afogadosfm.com.br\\\/afogadosfm\\\/\",\"logo\":{\"@type\":\"ImageObject\",\"inLanguage\":\"pt-BR\",\"@id\":\"https:\\\/\\\/afogadosfm.com.br\\\/afogadosfm\\\/#\\\/schema\\\/logo\\\/image\\\/\",\"url\":\"https:\\\/\\\/i0.wp.com\\\/afogadosfm.com.br\\\/afogadosfm\\\/wp-content\\\/uploads\\\/2020\\\/06\\\/cropped-banner-afogados-4.jpg?fit=369%2C137&ssl=1\",\"contentUrl\":\"https:\\\/\\\/i0.wp.com\\\/afogadosfm.com.br\\\/afogadosfm\\\/wp-content\\\/uploads\\\/2020\\\/06\\\/cropped-banner-afogados-4.jpg?fit=369%2C137&ssl=1\",\"width\":369,\"height\":137,\"caption\":\"Afogados FM\"},\"image\":{\"@id\":\"https:\\\/\\\/afogadosfm.com.br\\\/afogadosfm\\\/#\\\/schema\\\/logo\\\/image\\\/\"}},{\"@type\":\"Person\",\"@id\":\"https:\\\/\\\/afogadosfm.com.br\\\/afogadosfm\\\/#\\\/schema\\\/person\\\/60e56f2cf5dc960fc093fe093d9e9057\",\"name\":\"afogadosfm\",\"image\":{\"@type\":\"ImageObject\",\"inLanguage\":\"pt-BR\",\"@id\":\"https:\\\/\\\/secure.gravatar.com\\\/avatar\\\/e0359add7ed5dc3560906d861b52c6a8cf5c1e199d3a7dd85070998f49bd4701?s=96&d=mm&r=g\",\"url\":\"https:\\\/\\\/secure.gravatar.com\\\/avatar\\\/e0359add7ed5dc3560906d861b52c6a8cf5c1e199d3a7dd85070998f49bd4701?s=96&d=mm&r=g\",\"contentUrl\":\"https:\\\/\\\/secure.gravatar.com\\\/avatar\\\/e0359add7ed5dc3560906d861b52c6a8cf5c1e199d3a7dd85070998f49bd4701?s=96&d=mm&r=g\",\"caption\":\"afogadosfm\"},\"url\":\"https:\\\/\\\/afogadosfm.com.br\\\/afogadosfm\\\/author\\\/afogadosfm\\\/\"}]}<\/script>\n<!-- \/ Yoast SEO plugin. -->","yoast_head_json":{"title":"Prefeitura de Afogados finaliza sinaliza\u00e7\u00e3o de sem\u00e1foro e refor\u00e7a seguran\u00e7a no tr\u00e2nsito - Afogados FM","robots":{"index":"index","follow":"follow","max-snippet":"max-snippet:-1","max-image-preview":"max-image-preview:large","max-video-preview":"max-video-preview:-1"},"canonical":"https:\/\/afogadosfm.com.br\/afogadosfm\/2026\/01\/23\/prefeitura-de-afogados-finaliza-sinalizacao-de-semaforo-e-reforca-seguranca-no-transito\/","og_locale":"pt_BR","og_type":"article","og_title":"Prefeitura de Afogados finaliza sinaliza\u00e7\u00e3o de sem\u00e1foro e refor\u00e7a seguran\u00e7a no tr\u00e2nsito - Afogados FM","og_description":"Na noite da quinta-feira (22), a Prefeitura de Afogados concluiu a sinaliza\u00e7\u00e3o horizontal do sem\u00e1foro localizado na interse\u00e7\u00e3o da Rua","og_url":"https:\/\/afogadosfm.com.br\/afogadosfm\/2026\/01\/23\/prefeitura-de-afogados-finaliza-sinalizacao-de-semaforo-e-reforca-seguranca-no-transito\/","og_site_name":"Afogados FM","article_published_time":"2026-01-23T08:48:44+00:00","article_modified_time":"2026-01-23T08:48:45+00:00","og_image":[{"width":320,"height":400,"url":"https:\/\/afogadosfm.com.br\/afogadosfm\/wp-content\/uploads\/2026\/01\/SINALIZACAO.jpg","type":"image\/jpeg"}],"author":"afogadosfm","twitter_card":"summary_large_image","twitter_misc":{"Escrito por":"afogadosfm","Est. tempo de leitura":"1 minuto"},"schema":{"@context":"https:\/\/schema.org","@graph":[{"@type":"Article","@id":"https:\/\/afogadosfm.com.br\/afogadosfm\/2026\/01\/23\/prefeitura-de-afogados-finaliza-sinalizacao-de-semaforo-e-reforca-seguranca-no-transito\/#article","isPartOf":{"@id":"https:\/\/afogadosfm.com.br\/afogadosfm\/2026\/01\/23\/prefeitura-de-afogados-finaliza-sinalizacao-de-semaforo-e-reforca-seguranca-no-transito\/"},"author":{"name":"afogadosfm","@id":"https:\/\/afogadosfm.com.br\/afogadosfm\/#\/schema\/person\/60e56f2cf5dc960fc093fe093d9e9057"},"headline":"Prefeitura de Afogados finaliza sinaliza\u00e7\u00e3o de sem\u00e1foro e refor\u00e7a seguran\u00e7a no tr\u00e2nsito","datePublished":"2026-01-23T08:48:44+00:00","dateModified":"2026-01-23T08:48:45+00:00","mainEntityOfPage":{"@id":"https:\/\/afogadosfm.com.br\/afogadosfm\/2026\/01\/23\/prefeitura-de-afogados-finaliza-sinalizacao-de-semaforo-e-reforca-seguranca-no-transito\/"},"wordCount":145,"commentCount":0,"publisher":{"@id":"https:\/\/afogadosfm.com.br\/afogadosfm\/#organization"},"image":{"@id":"https:\/\/afogadosfm.com.br\/afogadosfm\/2026\/01\/23\/prefeitura-de-afogados-finaliza-sinalizacao-de-semaforo-e-reforca-seguranca-no-transito\/#primaryimage"},"thumbnailUrl":"https:\/\/i0.wp.com\/afogadosfm.com.br\/afogadosfm\/wp-content\/uploads\/2026\/01\/SINALIZACAO.jpg?fit=320%2C400&ssl=1","articleSection":["Afogados da Ingazeira"],"inLanguage":"pt-BR","potentialAction":[{"@type":"CommentAction","name":"Comment","target":["https:\/\/afogadosfm.com.br\/afogadosfm\/2026\/01\/23\/prefeitura-de-afogados-finaliza-sinalizacao-de-semaforo-e-reforca-seguranca-no-transito\/#respond"]}]},{"@type":"WebPage","@id":"https:\/\/afogadosfm.com.br\/afogadosfm\/2026\/01\/23\/prefeitura-de-afogados-finaliza-sinalizacao-de-semaforo-e-reforca-seguranca-no-transito\/","url":"https:\/\/afogadosfm.com.br\/afogadosfm\/2026\/01\/23\/prefeitura-de-afogados-finaliza-sinalizacao-de-semaforo-e-reforca-seguranca-no-transito\/","name":"Prefeitura de Afogados finaliza sinaliza\u00e7\u00e3o de sem\u00e1foro e refor\u00e7a seguran\u00e7a no tr\u00e2nsito - Afogados FM","isPartOf":{"@id":"https:\/\/afogadosfm.com.br\/afogadosfm\/#website"},"primaryImageOfPage":{"@id":"https:\/\/afogadosfm.com.br\/afogadosfm\/2026\/01\/23\/prefeitura-de-afogados-finaliza-sinalizacao-de-semaforo-e-reforca-seguranca-no-transito\/#primaryimage"},"image":{"@id":"https:\/\/afogadosfm.com.br\/afogadosfm\/2026\/01\/23\/prefeitura-de-afogados-finaliza-sinalizacao-de-semaforo-e-reforca-seguranca-no-transito\/#primaryimage"},"thumbnailUrl":"https:\/\/i0.wp.com\/afogadosfm.com.br\/afogadosfm\/wp-content\/uploads\/2026\/01\/SINALIZACAO.jpg?fit=320%2C400&ssl=1","datePublished":"2026-01-23T08:48:44+00:00","dateModified":"2026-01-23T08:48:45+00:00","breadcrumb":{"@id":"https:\/\/afogadosfm.com.br\/afogadosfm\/2026\/01\/23\/prefeitura-de-afogados-finaliza-sinalizacao-de-semaforo-e-reforca-seguranca-no-transito\/#breadcrumb"},"inLanguage":"pt-BR","potentialAction":[{"@type":"ReadAction","target":["https:\/\/afogadosfm.com.br\/afogadosfm\/2026\/01\/23\/prefeitura-de-afogados-finaliza-sinalizacao-de-semaforo-e-reforca-seguranca-no-transito\/"]}]},{"@type":"ImageObject","inLanguage":"pt-BR","@id":"https:\/\/afogadosfm.com.br\/afogadosfm\/2026\/01\/23\/prefeitura-de-afogados-finaliza-sinalizacao-de-semaforo-e-reforca-seguranca-no-transito\/#primaryimage","url":"https:\/\/i0.wp.com\/afogadosfm.com.br\/afogadosfm\/wp-content\/uploads\/2026\/01\/SINALIZACAO.jpg?fit=320%2C400&ssl=1","contentUrl":"https:\/\/i0.wp.com\/afogadosfm.com.br\/afogadosfm\/wp-content\/uploads\/2026\/01\/SINALIZACAO.jpg?fit=320%2C400&ssl=1","width":320,"height":400},{"@type":"BreadcrumbList","@id":"https:\/\/afogadosfm.com.br\/afogadosfm\/2026\/01\/23\/prefeitura-de-afogados-finaliza-sinalizacao-de-semaforo-e-reforca-seguranca-no-transito\/#breadcrumb","itemListElement":[{"@type":"ListItem","position":1,"name":"In\u00edcio","item":"https:\/\/afogadosfm.com.br\/afogadosfm\/"},{"@type":"ListItem","position":2,"name":"Prefeitura de Afogados finaliza sinaliza\u00e7\u00e3o de sem\u00e1foro e refor\u00e7a seguran\u00e7a no tr\u00e2nsito"}]},{"@type":"WebSite","@id":"https:\/\/afogadosfm.com.br\/afogadosfm\/#website","url":"https:\/\/afogadosfm.com.br\/afogadosfm\/","name":"Afogados FM","description":"Um site completo!","publisher":{"@id":"https:\/\/afogadosfm.com.br\/afogadosfm\/#organization"},"potentialAction":[{"@type":"SearchAction","target":{"@type":"EntryPoint","urlTemplate":"https:\/\/afogadosfm.com.br\/afogadosfm\/?s={search_term_string}"},"query-input":{"@type":"PropertyValueSpecification","valueRequired":true,"valueName":"search_term_string"}}],"inLanguage":"pt-BR"},{"@type":"Organization","@id":"https:\/\/afogadosfm.com.br\/afogadosfm\/#organization","name":"Afogados FM","url":"https:\/\/afogadosfm.com.br\/afogadosfm\/","logo":{"@type":"ImageObject","inLanguage":"pt-BR","@id":"https:\/\/afogadosfm.com.br\/afogadosfm\/#\/schema\/logo\/image\/","url":"https:\/\/i0.wp.com\/afogadosfm.com.br\/afogadosfm\/wp-content\/uploads\/2020\/06\/cropped-banner-afogados-4.jpg?fit=369%2C137&ssl=1","contentUrl":"https:\/\/i0.wp.com\/afogadosfm.com.br\/afogadosfm\/wp-content\/uploads\/2020\/06\/cropped-banner-afogados-4.jpg?fit=369%2C137&ssl=1","width":369,"height":137,"caption":"Afogados FM"},"image":{"@id":"https:\/\/afogadosfm.com.br\/afogadosfm\/#\/schema\/logo\/image\/"}},{"@type":"Person","@id":"https:\/\/afogadosfm.com.br\/afogadosfm\/#\/schema\/person\/60e56f2cf5dc960fc093fe093d9e9057","name":"afogadosfm","image":{"@type":"ImageObject","inLanguage":"pt-BR","@id":"https:\/\/secure.gravatar.com\/avatar\/e0359add7ed5dc3560906d861b52c6a8cf5c1e199d3a7dd85070998f49bd4701?s=96&d=mm&r=g","url":"https:\/\/secure.gravatar.com\/avatar\/e0359add7ed5dc3560906d861b52c6a8cf5c1e199d3a7dd85070998f49bd4701?s=96&d=mm&r=g","contentUrl":"https:\/\/secure.gravatar.com\/avatar\/e0359add7ed5dc3560906d861b52c6a8cf5c1e199d3a7dd85070998f49bd4701?s=96&d=mm&r=g","caption":"afogadosfm"},"url":"https:\/\/afogadosfm.com.br\/afogadosfm\/author\/afogadosfm\/"}]}},"jetpack_publicize_connections":[],"jetpack_featured_media_url":"https:\/\/i0.wp.com\/afogadosfm.com.br\/afogadosfm\/wp-content\/uploads\/2026\/01\/SINALIZACAO.jpg?fit=320%2C400&ssl=1","jetpack-related-posts":[],"jetpack_sharing_enabled":true,"jetpack_likes_enabled":true,"_links":{"self":[{"href":"https:\/\/afogadosfm.com.br\/afogadosfm\/wp-json\/wp\/v2\/posts\/72212","targetHints":{"allow":["GET"]}}],"collection":[{"href":"https:\/\/afogadosfm.com.br\/afogadosfm\/wp-json\/wp\/v2\/posts"}],"about":[{"href":"https:\/\/afogadosfm.com.br\/afogadosfm\/wp-json\/wp\/v2\/types\/post"}],"author":[{"embeddable":true,"href":"https:\/\/afogadosfm.com.br\/afogadosfm\/wp-json\/wp\/v2\/users\/2"}],"replies":[{"embeddable":true,"href":"https:\/\/afogadosfm.com.br\/afogadosfm\/wp-json\/wp\/v2\/comments?post=72212"}],"version-history":[{"count":1,"href":"https:\/\/afogadosfm.com.br\/afogadosfm\/wp-json\/wp\/v2\/posts\/72212\/revisions"}],"predecessor-version":[{"id":72214,"href":"https:\/\/afogadosfm.com.br\/afogadosfm\/wp-json\/wp\/v2\/posts\/72212\/revisions\/72214"}],"wp:featuredmedia":[{"embeddable":true,"href":"https:\/\/afogadosfm.com.br\/afogadosfm\/wp-json\/wp\/v2\/media\/72213"}],"wp:attachment":[{"href":"https:\/\/afogadosfm.com.br\/afogadosfm\/wp-json\/wp\/v2\/media?parent=72212"}],"wp:term":[{"taxonomy":"category","embeddable":true,"href":"https:\/\/afogadosfm.com.br\/afogadosfm\/wp-json\/wp\/v2\/categories?post=72212"},{"taxonomy":"post_tag","embeddable":true,"href":"https:\/\/afogadosfm.com.br\/afogadosfm\/wp-json\/wp\/v2\/tags?post=72212"}],"curies":[{"name":"wp","href":"https:\/\/api.w.org\/{rel}","templated":true}]}}