{"id":72223,"date":"2026-01-23T05:59:35","date_gmt":"2026-01-23T08:59:35","guid":{"rendered":"https:\/\/afogadosfm.com.br\/afogadosfm\/?p=72223"},"modified":"2026-01-23T05:59:36","modified_gmt":"2026-01-23T08:59:36","slug":"o-ex-participante-do-big-brother-brasil-bbb-26-pedro-espindola-e-internado-em-clinica-psiquiatrica","status":"publish","type":"post","link":"https:\/\/afogadosfm.com.br\/afogadosfm\/2026\/01\/23\/o-ex-participante-do-big-brother-brasil-bbb-26-pedro-espindola-e-internado-em-clinica-psiquiatrica\/","title":{"rendered":"O ex-participante do Big Brother Brasil (BBB) 26 Pedro Esp\u00edndola \u00e9 internado em cl\u00ednica psiqui\u00e1trica"},"content":{"rendered":"\n<p>O ex-participante do Big Brother Brasil (BBB) 26 Pedro Esp\u00edndola, que desistiu do programa ap\u00f3s importuna\u00e7\u00e3o sexual contra Jordana Morais, foi internado nessa quarta-feira (21) em um hospital psiqui\u00e1trico em Piraquara, no Paran\u00e1. Segundo a fam\u00edlia informou ao portal LeoDias, o ambulante ser\u00e1 tratado por transtornos mentais e depend\u00eancia qu\u00edmica.<\/p>\n\n\n\n<p>Pedro estaria internado no Hospital San Julian, unidade que trata pacientes com diagn\u00f3sticos como esquizofrenia, transporto bipolar, e outras condi\u00e7\u00f5es psiqui\u00e1tricas. Imagens que circulam nas redes sociais mostram o paranaense ao lado de uma ambul\u00e2ncia parada na estrada. Ele tinha faixas amarradas nos p\u00e9s.<\/p>\n\n\n\n<p>Os advogados de Pedro, investigado pela Delegacia de Atendimento \u00e0 Mulher (Deam) de Jacarepagu\u00e1, no Rio de Janeiro, disseram ao portal LeoDias que ele possui um hist\u00f3rico psiqui\u00e1trico desde 2017, que foi omitido no processo seletivo para o BBB.<\/p>\n\n\n\n<p>Mesmo com os problemas de sa\u00fade mental e ps\u00edquica, o vendedor ambulante teria demonstrado estabilidade nas seletivas do BBB, o que culminou com sua participa\u00e7\u00e3o na Casa de Vidro do Sul, e eventual entrada no elenco oficial do BBB 26 por vota\u00e7\u00e3o do p\u00fablico.<\/p>\n","protected":false},"excerpt":{"rendered":"<p>O ex-participante do Big Brother Brasil (BBB) 26 Pedro Esp\u00edndola, que desistiu do programa ap\u00f3s importuna\u00e7\u00e3o sexual contra Jordana Morais,<\/p>\n","protected":false},"author":2,"featured_media":72224,"comment_status":"open","ping_status":"open","sticky":false,"template":"","format":"standard","meta":{"jetpack_post_was_ever_published":false,"_jetpack_newsletter_access":"","_jetpack_dont_email_post_to_subs":false,"_jetpack_newsletter_tier_id":0,"_jetpack_memberships_contains_paywalled_content":false,"_jetpack_memberships_contains_paid_content":false,"footnotes":"","jetpack_publicize_message":"","jetpack_publicize_feature_enabled":true,"jetpack_social_post_already_shared":true,"jetpack_social_options":{"image_generator_settings":{"template":"highway","default_image_id":0,"font":"","enabled":false},"version":2}},"categories":[38],"tags":[],"class_list":["post-72223","post","type-post","status-publish","format-standard","has-post-thumbnail","hentry","category-famosos"],"yoast_head":"<!-- This site is optimized with the Yoast SEO plugin v27.5 - https:\/\/yoast.com\/product\/yoast-seo-wordpress\/ -->\n<title>O ex-participante do Big Brother Brasil (BBB) 26 Pedro Esp\u00edndola \u00e9 internado em cl\u00ednica psiqui\u00e1trica - Afogados FM<\/title>\n<meta name=\"robots\" content=\"index, follow, max-snippet:-1, max-image-preview:large, max-video-preview:-1\" \/>\n<link rel=\"canonical\" href=\"https:\/\/afogadosfm.com.br\/afogadosfm\/2026\/01\/23\/o-ex-participante-do-big-brother-brasil-bbb-26-pedro-espindola-e-internado-em-clinica-psiquiatrica\/\" \/>\n<meta property=\"og:locale\" content=\"pt_BR\" \/>\n<meta property=\"og:type\" content=\"article\" \/>\n<meta property=\"og:title\" content=\"O ex-participante do Big Brother Brasil (BBB) 26 Pedro Esp\u00edndola \u00e9 internado em cl\u00ednica psiqui\u00e1trica - Afogados FM\" \/>\n<meta property=\"og:description\" content=\"O ex-participante do Big Brother Brasil (BBB) 26 Pedro Esp\u00edndola, que desistiu do programa ap\u00f3s importuna\u00e7\u00e3o sexual contra Jordana Morais,\" \/>\n<meta property=\"og:url\" content=\"https:\/\/afogadosfm.com.br\/afogadosfm\/2026\/01\/23\/o-ex-participante-do-big-brother-brasil-bbb-26-pedro-espindola-e-internado-em-clinica-psiquiatrica\/\" \/>\n<meta property=\"og:site_name\" content=\"Afogados FM\" \/>\n<meta property=\"article:published_time\" content=\"2026-01-23T08:59:35+00:00\" \/>\n<meta property=\"article:modified_time\" content=\"2026-01-23T08:59:36+00:00\" \/>\n<meta property=\"og:image\" content=\"https:\/\/afogadosfm.com.br\/afogadosfm\/wp-content\/uploads\/2026\/01\/pedro.jpeg\" \/>\n\t<meta property=\"og:image:width\" content=\"1280\" \/>\n\t<meta property=\"og:image:height\" content=\"1148\" \/>\n\t<meta property=\"og:image:type\" content=\"image\/jpeg\" \/>\n<meta name=\"author\" content=\"afogadosfm\" \/>\n<meta name=\"twitter:card\" content=\"summary_large_image\" \/>\n<meta name=\"twitter:label1\" content=\"Escrito por\" \/>\n\t<meta name=\"twitter:data1\" content=\"afogadosfm\" \/>\n\t<meta name=\"twitter:label2\" content=\"Est. tempo de leitura\" \/>\n\t<meta name=\"twitter:data2\" content=\"2 minutos\" \/>\n<script type=\"application\/ld+json\" class=\"yoast-schema-graph\">{\"@context\":\"https:\\\/\\\/schema.org\",\"@graph\":[{\"@type\":\"Article\",\"@id\":\"https:\\\/\\\/afogadosfm.com.br\\\/afogadosfm\\\/2026\\\/01\\\/23\\\/o-ex-participante-do-big-brother-brasil-bbb-26-pedro-espindola-e-internado-em-clinica-psiquiatrica\\\/#article\",\"isPartOf\":{\"@id\":\"https:\\\/\\\/afogadosfm.com.br\\\/afogadosfm\\\/2026\\\/01\\\/23\\\/o-ex-participante-do-big-brother-brasil-bbb-26-pedro-espindola-e-internado-em-clinica-psiquiatrica\\\/\"},\"author\":{\"name\":\"afogadosfm\",\"@id\":\"https:\\\/\\\/afogadosfm.com.br\\\/afogadosfm\\\/#\\\/schema\\\/person\\\/60e56f2cf5dc960fc093fe093d9e9057\"},\"headline\":\"O ex-participante do Big Brother Brasil (BBB) 26 Pedro Esp\u00edndola \u00e9 internado em cl\u00ednica psiqui\u00e1trica\",\"datePublished\":\"2026-01-23T08:59:35+00:00\",\"dateModified\":\"2026-01-23T08:59:36+00:00\",\"mainEntityOfPage\":{\"@id\":\"https:\\\/\\\/afogadosfm.com.br\\\/afogadosfm\\\/2026\\\/01\\\/23\\\/o-ex-participante-do-big-brother-brasil-bbb-26-pedro-espindola-e-internado-em-clinica-psiquiatrica\\\/\"},\"wordCount\":207,\"commentCount\":0,\"publisher\":{\"@id\":\"https:\\\/\\\/afogadosfm.com.br\\\/afogadosfm\\\/#organization\"},\"image\":{\"@id\":\"https:\\\/\\\/afogadosfm.com.br\\\/afogadosfm\\\/2026\\\/01\\\/23\\\/o-ex-participante-do-big-brother-brasil-bbb-26-pedro-espindola-e-internado-em-clinica-psiquiatrica\\\/#primaryimage\"},\"thumbnailUrl\":\"https:\\\/\\\/i0.wp.com\\\/afogadosfm.com.br\\\/afogadosfm\\\/wp-content\\\/uploads\\\/2026\\\/01\\\/pedro.jpeg?fit=1280%2C1148&ssl=1\",\"articleSection\":[\"Famosos\"],\"inLanguage\":\"pt-BR\",\"potentialAction\":[{\"@type\":\"CommentAction\",\"name\":\"Comment\",\"target\":[\"https:\\\/\\\/afogadosfm.com.br\\\/afogadosfm\\\/2026\\\/01\\\/23\\\/o-ex-participante-do-big-brother-brasil-bbb-26-pedro-espindola-e-internado-em-clinica-psiquiatrica\\\/#respond\"]}]},{\"@type\":\"WebPage\",\"@id\":\"https:\\\/\\\/afogadosfm.com.br\\\/afogadosfm\\\/2026\\\/01\\\/23\\\/o-ex-participante-do-big-brother-brasil-bbb-26-pedro-espindola-e-internado-em-clinica-psiquiatrica\\\/\",\"url\":\"https:\\\/\\\/afogadosfm.com.br\\\/afogadosfm\\\/2026\\\/01\\\/23\\\/o-ex-participante-do-big-brother-brasil-bbb-26-pedro-espindola-e-internado-em-clinica-psiquiatrica\\\/\",\"name\":\"O ex-participante do Big Brother Brasil (BBB) 26 Pedro Esp\u00edndola \u00e9 internado em cl\u00ednica psiqui\u00e1trica - Afogados FM\",\"isPartOf\":{\"@id\":\"https:\\\/\\\/afogadosfm.com.br\\\/afogadosfm\\\/#website\"},\"primaryImageOfPage\":{\"@id\":\"https:\\\/\\\/afogadosfm.com.br\\\/afogadosfm\\\/2026\\\/01\\\/23\\\/o-ex-participante-do-big-brother-brasil-bbb-26-pedro-espindola-e-internado-em-clinica-psiquiatrica\\\/#primaryimage\"},\"image\":{\"@id\":\"https:\\\/\\\/afogadosfm.com.br\\\/afogadosfm\\\/2026\\\/01\\\/23\\\/o-ex-participante-do-big-brother-brasil-bbb-26-pedro-espindola-e-internado-em-clinica-psiquiatrica\\\/#primaryimage\"},\"thumbnailUrl\":\"https:\\\/\\\/i0.wp.com\\\/afogadosfm.com.br\\\/afogadosfm\\\/wp-content\\\/uploads\\\/2026\\\/01\\\/pedro.jpeg?fit=1280%2C1148&ssl=1\",\"datePublished\":\"2026-01-23T08:59:35+00:00\",\"dateModified\":\"2026-01-23T08:59:36+00:00\",\"breadcrumb\":{\"@id\":\"https:\\\/\\\/afogadosfm.com.br\\\/afogadosfm\\\/2026\\\/01\\\/23\\\/o-ex-participante-do-big-brother-brasil-bbb-26-pedro-espindola-e-internado-em-clinica-psiquiatrica\\\/#breadcrumb\"},\"inLanguage\":\"pt-BR\",\"potentialAction\":[{\"@type\":\"ReadAction\",\"target\":[\"https:\\\/\\\/afogadosfm.com.br\\\/afogadosfm\\\/2026\\\/01\\\/23\\\/o-ex-participante-do-big-brother-brasil-bbb-26-pedro-espindola-e-internado-em-clinica-psiquiatrica\\\/\"]}]},{\"@type\":\"ImageObject\",\"inLanguage\":\"pt-BR\",\"@id\":\"https:\\\/\\\/afogadosfm.com.br\\\/afogadosfm\\\/2026\\\/01\\\/23\\\/o-ex-participante-do-big-brother-brasil-bbb-26-pedro-espindola-e-internado-em-clinica-psiquiatrica\\\/#primaryimage\",\"url\":\"https:\\\/\\\/i0.wp.com\\\/afogadosfm.com.br\\\/afogadosfm\\\/wp-content\\\/uploads\\\/2026\\\/01\\\/pedro.jpeg?fit=1280%2C1148&ssl=1\",\"contentUrl\":\"https:\\\/\\\/i0.wp.com\\\/afogadosfm.com.br\\\/afogadosfm\\\/wp-content\\\/uploads\\\/2026\\\/01\\\/pedro.jpeg?fit=1280%2C1148&ssl=1\",\"width\":1280,\"height\":1148},{\"@type\":\"BreadcrumbList\",\"@id\":\"https:\\\/\\\/afogadosfm.com.br\\\/afogadosfm\\\/2026\\\/01\\\/23\\\/o-ex-participante-do-big-brother-brasil-bbb-26-pedro-espindola-e-internado-em-clinica-psiquiatrica\\\/#breadcrumb\",\"itemListElement\":[{\"@type\":\"ListItem\",\"position\":1,\"name\":\"In\u00edcio\",\"item\":\"https:\\\/\\\/afogadosfm.com.br\\\/afogadosfm\\\/\"},{\"@type\":\"ListItem\",\"position\":2,\"name\":\"O ex-participante do Big Brother Brasil (BBB) 26 Pedro Esp\u00edndola \u00e9 internado em cl\u00ednica psiqui\u00e1trica\"}]},{\"@type\":\"WebSite\",\"@id\":\"https:\\\/\\\/afogadosfm.com.br\\\/afogadosfm\\\/#website\",\"url\":\"https:\\\/\\\/afogadosfm.com.br\\\/afogadosfm\\\/\",\"name\":\"Afogados FM\",\"description\":\"Um site completo!\",\"publisher\":{\"@id\":\"https:\\\/\\\/afogadosfm.com.br\\\/afogadosfm\\\/#organization\"},\"potentialAction\":[{\"@type\":\"SearchAction\",\"target\":{\"@type\":\"EntryPoint\",\"urlTemplate\":\"https:\\\/\\\/afogadosfm.com.br\\\/afogadosfm\\\/?s={search_term_string}\"},\"query-input\":{\"@type\":\"PropertyValueSpecification\",\"valueRequired\":true,\"valueName\":\"search_term_string\"}}],\"inLanguage\":\"pt-BR\"},{\"@type\":\"Organization\",\"@id\":\"https:\\\/\\\/afogadosfm.com.br\\\/afogadosfm\\\/#organization\",\"name\":\"Afogados FM\",\"url\":\"https:\\\/\\\/afogadosfm.com.br\\\/afogadosfm\\\/\",\"logo\":{\"@type\":\"ImageObject\",\"inLanguage\":\"pt-BR\",\"@id\":\"https:\\\/\\\/afogadosfm.com.br\\\/afogadosfm\\\/#\\\/schema\\\/logo\\\/image\\\/\",\"url\":\"https:\\\/\\\/i0.wp.com\\\/afogadosfm.com.br\\\/afogadosfm\\\/wp-content\\\/uploads\\\/2020\\\/06\\\/cropped-banner-afogados-4.jpg?fit=369%2C137&ssl=1\",\"contentUrl\":\"https:\\\/\\\/i0.wp.com\\\/afogadosfm.com.br\\\/afogadosfm\\\/wp-content\\\/uploads\\\/2020\\\/06\\\/cropped-banner-afogados-4.jpg?fit=369%2C137&ssl=1\",\"width\":369,\"height\":137,\"caption\":\"Afogados FM\"},\"image\":{\"@id\":\"https:\\\/\\\/afogadosfm.com.br\\\/afogadosfm\\\/#\\\/schema\\\/logo\\\/image\\\/\"}},{\"@type\":\"Person\",\"@id\":\"https:\\\/\\\/afogadosfm.com.br\\\/afogadosfm\\\/#\\\/schema\\\/person\\\/60e56f2cf5dc960fc093fe093d9e9057\",\"name\":\"afogadosfm\",\"image\":{\"@type\":\"ImageObject\",\"inLanguage\":\"pt-BR\",\"@id\":\"https:\\\/\\\/secure.gravatar.com\\\/avatar\\\/e0359add7ed5dc3560906d861b52c6a8cf5c1e199d3a7dd85070998f49bd4701?s=96&d=mm&r=g\",\"url\":\"https:\\\/\\\/secure.gravatar.com\\\/avatar\\\/e0359add7ed5dc3560906d861b52c6a8cf5c1e199d3a7dd85070998f49bd4701?s=96&d=mm&r=g\",\"contentUrl\":\"https:\\\/\\\/secure.gravatar.com\\\/avatar\\\/e0359add7ed5dc3560906d861b52c6a8cf5c1e199d3a7dd85070998f49bd4701?s=96&d=mm&r=g\",\"caption\":\"afogadosfm\"},\"url\":\"https:\\\/\\\/afogadosfm.com.br\\\/afogadosfm\\\/author\\\/afogadosfm\\\/\"}]}<\/script>\n<!-- \/ Yoast SEO plugin. -->","yoast_head_json":{"title":"O ex-participante do Big Brother Brasil (BBB) 26 Pedro Esp\u00edndola \u00e9 internado em cl\u00ednica psiqui\u00e1trica - Afogados FM","robots":{"index":"index","follow":"follow","max-snippet":"max-snippet:-1","max-image-preview":"max-image-preview:large","max-video-preview":"max-video-preview:-1"},"canonical":"https:\/\/afogadosfm.com.br\/afogadosfm\/2026\/01\/23\/o-ex-participante-do-big-brother-brasil-bbb-26-pedro-espindola-e-internado-em-clinica-psiquiatrica\/","og_locale":"pt_BR","og_type":"article","og_title":"O ex-participante do Big Brother Brasil (BBB) 26 Pedro Esp\u00edndola \u00e9 internado em cl\u00ednica psiqui\u00e1trica - Afogados FM","og_description":"O ex-participante do Big Brother Brasil (BBB) 26 Pedro Esp\u00edndola, que desistiu do programa ap\u00f3s importuna\u00e7\u00e3o sexual contra Jordana Morais,","og_url":"https:\/\/afogadosfm.com.br\/afogadosfm\/2026\/01\/23\/o-ex-participante-do-big-brother-brasil-bbb-26-pedro-espindola-e-internado-em-clinica-psiquiatrica\/","og_site_name":"Afogados FM","article_published_time":"2026-01-23T08:59:35+00:00","article_modified_time":"2026-01-23T08:59:36+00:00","og_image":[{"width":1280,"height":1148,"url":"https:\/\/afogadosfm.com.br\/afogadosfm\/wp-content\/uploads\/2026\/01\/pedro.jpeg","type":"image\/jpeg"}],"author":"afogadosfm","twitter_card":"summary_large_image","twitter_misc":{"Escrito por":"afogadosfm","Est. tempo de leitura":"2 minutos"},"schema":{"@context":"https:\/\/schema.org","@graph":[{"@type":"Article","@id":"https:\/\/afogadosfm.com.br\/afogadosfm\/2026\/01\/23\/o-ex-participante-do-big-brother-brasil-bbb-26-pedro-espindola-e-internado-em-clinica-psiquiatrica\/#article","isPartOf":{"@id":"https:\/\/afogadosfm.com.br\/afogadosfm\/2026\/01\/23\/o-ex-participante-do-big-brother-brasil-bbb-26-pedro-espindola-e-internado-em-clinica-psiquiatrica\/"},"author":{"name":"afogadosfm","@id":"https:\/\/afogadosfm.com.br\/afogadosfm\/#\/schema\/person\/60e56f2cf5dc960fc093fe093d9e9057"},"headline":"O ex-participante do Big Brother Brasil (BBB) 26 Pedro Esp\u00edndola \u00e9 internado em cl\u00ednica psiqui\u00e1trica","datePublished":"2026-01-23T08:59:35+00:00","dateModified":"2026-01-23T08:59:36+00:00","mainEntityOfPage":{"@id":"https:\/\/afogadosfm.com.br\/afogadosfm\/2026\/01\/23\/o-ex-participante-do-big-brother-brasil-bbb-26-pedro-espindola-e-internado-em-clinica-psiquiatrica\/"},"wordCount":207,"commentCount":0,"publisher":{"@id":"https:\/\/afogadosfm.com.br\/afogadosfm\/#organization"},"image":{"@id":"https:\/\/afogadosfm.com.br\/afogadosfm\/2026\/01\/23\/o-ex-participante-do-big-brother-brasil-bbb-26-pedro-espindola-e-internado-em-clinica-psiquiatrica\/#primaryimage"},"thumbnailUrl":"https:\/\/i0.wp.com\/afogadosfm.com.br\/afogadosfm\/wp-content\/uploads\/2026\/01\/pedro.jpeg?fit=1280%2C1148&ssl=1","articleSection":["Famosos"],"inLanguage":"pt-BR","potentialAction":[{"@type":"CommentAction","name":"Comment","target":["https:\/\/afogadosfm.com.br\/afogadosfm\/2026\/01\/23\/o-ex-participante-do-big-brother-brasil-bbb-26-pedro-espindola-e-internado-em-clinica-psiquiatrica\/#respond"]}]},{"@type":"WebPage","@id":"https:\/\/afogadosfm.com.br\/afogadosfm\/2026\/01\/23\/o-ex-participante-do-big-brother-brasil-bbb-26-pedro-espindola-e-internado-em-clinica-psiquiatrica\/","url":"https:\/\/afogadosfm.com.br\/afogadosfm\/2026\/01\/23\/o-ex-participante-do-big-brother-brasil-bbb-26-pedro-espindola-e-internado-em-clinica-psiquiatrica\/","name":"O ex-participante do Big Brother Brasil (BBB) 26 Pedro Esp\u00edndola \u00e9 internado em cl\u00ednica psiqui\u00e1trica - Afogados FM","isPartOf":{"@id":"https:\/\/afogadosfm.com.br\/afogadosfm\/#website"},"primaryImageOfPage":{"@id":"https:\/\/afogadosfm.com.br\/afogadosfm\/2026\/01\/23\/o-ex-participante-do-big-brother-brasil-bbb-26-pedro-espindola-e-internado-em-clinica-psiquiatrica\/#primaryimage"},"image":{"@id":"https:\/\/afogadosfm.com.br\/afogadosfm\/2026\/01\/23\/o-ex-participante-do-big-brother-brasil-bbb-26-pedro-espindola-e-internado-em-clinica-psiquiatrica\/#primaryimage"},"thumbnailUrl":"https:\/\/i0.wp.com\/afogadosfm.com.br\/afogadosfm\/wp-content\/uploads\/2026\/01\/pedro.jpeg?fit=1280%2C1148&ssl=1","datePublished":"2026-01-23T08:59:35+00:00","dateModified":"2026-01-23T08:59:36+00:00","breadcrumb":{"@id":"https:\/\/afogadosfm.com.br\/afogadosfm\/2026\/01\/23\/o-ex-participante-do-big-brother-brasil-bbb-26-pedro-espindola-e-internado-em-clinica-psiquiatrica\/#breadcrumb"},"inLanguage":"pt-BR","potentialAction":[{"@type":"ReadAction","target":["https:\/\/afogadosfm.com.br\/afogadosfm\/2026\/01\/23\/o-ex-participante-do-big-brother-brasil-bbb-26-pedro-espindola-e-internado-em-clinica-psiquiatrica\/"]}]},{"@type":"ImageObject","inLanguage":"pt-BR","@id":"https:\/\/afogadosfm.com.br\/afogadosfm\/2026\/01\/23\/o-ex-participante-do-big-brother-brasil-bbb-26-pedro-espindola-e-internado-em-clinica-psiquiatrica\/#primaryimage","url":"https:\/\/i0.wp.com\/afogadosfm.com.br\/afogadosfm\/wp-content\/uploads\/2026\/01\/pedro.jpeg?fit=1280%2C1148&ssl=1","contentUrl":"https:\/\/i0.wp.com\/afogadosfm.com.br\/afogadosfm\/wp-content\/uploads\/2026\/01\/pedro.jpeg?fit=1280%2C1148&ssl=1","width":1280,"height":1148},{"@type":"BreadcrumbList","@id":"https:\/\/afogadosfm.com.br\/afogadosfm\/2026\/01\/23\/o-ex-participante-do-big-brother-brasil-bbb-26-pedro-espindola-e-internado-em-clinica-psiquiatrica\/#breadcrumb","itemListElement":[{"@type":"ListItem","position":1,"name":"In\u00edcio","item":"https:\/\/afogadosfm.com.br\/afogadosfm\/"},{"@type":"ListItem","position":2,"name":"O ex-participante do Big Brother Brasil (BBB) 26 Pedro Esp\u00edndola \u00e9 internado em cl\u00ednica psiqui\u00e1trica"}]},{"@type":"WebSite","@id":"https:\/\/afogadosfm.com.br\/afogadosfm\/#website","url":"https:\/\/afogadosfm.com.br\/afogadosfm\/","name":"Afogados FM","description":"Um site completo!","publisher":{"@id":"https:\/\/afogadosfm.com.br\/afogadosfm\/#organization"},"potentialAction":[{"@type":"SearchAction","target":{"@type":"EntryPoint","urlTemplate":"https:\/\/afogadosfm.com.br\/afogadosfm\/?s={search_term_string}"},"query-input":{"@type":"PropertyValueSpecification","valueRequired":true,"valueName":"search_term_string"}}],"inLanguage":"pt-BR"},{"@type":"Organization","@id":"https:\/\/afogadosfm.com.br\/afogadosfm\/#organization","name":"Afogados FM","url":"https:\/\/afogadosfm.com.br\/afogadosfm\/","logo":{"@type":"ImageObject","inLanguage":"pt-BR","@id":"https:\/\/afogadosfm.com.br\/afogadosfm\/#\/schema\/logo\/image\/","url":"https:\/\/i0.wp.com\/afogadosfm.com.br\/afogadosfm\/wp-content\/uploads\/2020\/06\/cropped-banner-afogados-4.jpg?fit=369%2C137&ssl=1","contentUrl":"https:\/\/i0.wp.com\/afogadosfm.com.br\/afogadosfm\/wp-content\/uploads\/2020\/06\/cropped-banner-afogados-4.jpg?fit=369%2C137&ssl=1","width":369,"height":137,"caption":"Afogados FM"},"image":{"@id":"https:\/\/afogadosfm.com.br\/afogadosfm\/#\/schema\/logo\/image\/"}},{"@type":"Person","@id":"https:\/\/afogadosfm.com.br\/afogadosfm\/#\/schema\/person\/60e56f2cf5dc960fc093fe093d9e9057","name":"afogadosfm","image":{"@type":"ImageObject","inLanguage":"pt-BR","@id":"https:\/\/secure.gravatar.com\/avatar\/e0359add7ed5dc3560906d861b52c6a8cf5c1e199d3a7dd85070998f49bd4701?s=96&d=mm&r=g","url":"https:\/\/secure.gravatar.com\/avatar\/e0359add7ed5dc3560906d861b52c6a8cf5c1e199d3a7dd85070998f49bd4701?s=96&d=mm&r=g","contentUrl":"https:\/\/secure.gravatar.com\/avatar\/e0359add7ed5dc3560906d861b52c6a8cf5c1e199d3a7dd85070998f49bd4701?s=96&d=mm&r=g","caption":"afogadosfm"},"url":"https:\/\/afogadosfm.com.br\/afogadosfm\/author\/afogadosfm\/"}]}},"jetpack_publicize_connections":[],"jetpack_featured_media_url":"https:\/\/i0.wp.com\/afogadosfm.com.br\/afogadosfm\/wp-content\/uploads\/2026\/01\/pedro.jpeg?fit=1280%2C1148&ssl=1","jetpack-related-posts":[],"jetpack_sharing_enabled":true,"jetpack_likes_enabled":true,"_links":{"self":[{"href":"https:\/\/afogadosfm.com.br\/afogadosfm\/wp-json\/wp\/v2\/posts\/72223","targetHints":{"allow":["GET"]}}],"collection":[{"href":"https:\/\/afogadosfm.com.br\/afogadosfm\/wp-json\/wp\/v2\/posts"}],"about":[{"href":"https:\/\/afogadosfm.com.br\/afogadosfm\/wp-json\/wp\/v2\/types\/post"}],"author":[{"embeddable":true,"href":"https:\/\/afogadosfm.com.br\/afogadosfm\/wp-json\/wp\/v2\/users\/2"}],"replies":[{"embeddable":true,"href":"https:\/\/afogadosfm.com.br\/afogadosfm\/wp-json\/wp\/v2\/comments?post=72223"}],"version-history":[{"count":1,"href":"https:\/\/afogadosfm.com.br\/afogadosfm\/wp-json\/wp\/v2\/posts\/72223\/revisions"}],"predecessor-version":[{"id":72225,"href":"https:\/\/afogadosfm.com.br\/afogadosfm\/wp-json\/wp\/v2\/posts\/72223\/revisions\/72225"}],"wp:featuredmedia":[{"embeddable":true,"href":"https:\/\/afogadosfm.com.br\/afogadosfm\/wp-json\/wp\/v2\/media\/72224"}],"wp:attachment":[{"href":"https:\/\/afogadosfm.com.br\/afogadosfm\/wp-json\/wp\/v2\/media?parent=72223"}],"wp:term":[{"taxonomy":"category","embeddable":true,"href":"https:\/\/afogadosfm.com.br\/afogadosfm\/wp-json\/wp\/v2\/categories?post=72223"},{"taxonomy":"post_tag","embeddable":true,"href":"https:\/\/afogadosfm.com.br\/afogadosfm\/wp-json\/wp\/v2\/tags?post=72223"}],"curies":[{"name":"wp","href":"https:\/\/api.w.org\/{rel}","templated":true}]}}