{"id":72244,"date":"2026-01-24T15:38:36","date_gmt":"2026-01-24T18:38:36","guid":{"rendered":"https:\/\/afogadosfm.com.br\/afogadosfm\/?p=72244"},"modified":"2026-01-24T15:40:23","modified_gmt":"2026-01-24T18:40:23","slug":"encontro-de-motociclistas-sandrinho-garante-mais-uma-atracao-nacional-para-2027","status":"publish","type":"post","link":"https:\/\/afogadosfm.com.br\/afogadosfm\/2026\/01\/24\/encontro-de-motociclistas-sandrinho-garante-mais-uma-atracao-nacional-para-2027\/","title":{"rendered":"Encontro de motociclistas: Sandrinho garante mais uma atra\u00e7\u00e3o nacional para 2027"},"content":{"rendered":"\n<p>O Prefeito de Afogados da Ingazeira, Sandrinho Palmeira, garantiu em sua fala antes do show da banda Detonautas, ocorrido na noite de ontem (23), que a Prefeitura ir\u00e1 patrocinar mais uma atra\u00e7\u00e3o nacional para o encontro de 2027.&nbsp;<\/p>\n\n\n\n<p>\u201cEsse \u00e9 um encontro que atrai um grande p\u00fablico de outras cidades, de outros Estados, que vem a nossa cidade, que compra no nosso com\u00e9rcio e que investe na nossa economia. Ano que vem teremos uma outra grande atra\u00e7\u00e3o nacional patrocinado pela Prefeitura, para que possamos consolidar ainda mais o encontro nacional de motociclistas de Afogados da Ingazeira como um dos maiores eventos do segmento no Brasil,\u201d afirmou Sandrinho. A fala foi feita ao lado dos organizadores do encontro, representantes dos motoclubes Drag\u00f5es de A\u00e7o e Bodes do Asfalto, do vice-prefeito Daniel Valadares e do secret\u00e1rio municipal de Cultura, Augusto Martins.&nbsp;<\/p>\n\n\n\n<p>Antes, Sandrinho e Daniel tiveram uma conversa descontra\u00edda com o vocalista do Detonautas, Tico Santa Cruz, e demais integrantes da banda. Na conversa, Tico elogiou a cidade, destacou o crescimento do munic\u00edpio. O futebol tamb\u00e9m foi tema, quando Sandrinho lembrou da fa\u00e7anha do Afogados da Ingazeira Futebol Clube, ao tirar o Atl\u00e9tico-MG da copa do Brasil. Nesse momento, Tico Santa Cruz perguntou a um integrante da banda, torcedor do Atl\u00e9tico: \u201cLembra disso?!\u201d. De bate pronto, ele respondeu: \u201cClaro!\u201d. A gargalhada foi geral.<\/p>\n","protected":false},"excerpt":{"rendered":"<p>O Prefeito de Afogados da Ingazeira, Sandrinho Palmeira, garantiu em sua fala antes do show da banda Detonautas, ocorrido na<\/p>\n","protected":false},"author":2,"featured_media":72245,"comment_status":"open","ping_status":"open","sticky":false,"template":"","format":"standard","meta":{"jetpack_post_was_ever_published":false,"_jetpack_newsletter_access":"","_jetpack_dont_email_post_to_subs":false,"_jetpack_newsletter_tier_id":0,"_jetpack_memberships_contains_paywalled_content":false,"_jetpack_memberships_contains_paid_content":false,"footnotes":"","jetpack_publicize_message":"","jetpack_publicize_feature_enabled":true,"jetpack_social_post_already_shared":true,"jetpack_social_options":{"image_generator_settings":{"template":"highway","default_image_id":0,"font":"","enabled":false},"version":2}},"categories":[14],"tags":[],"class_list":["post-72244","post","type-post","status-publish","format-standard","has-post-thumbnail","hentry","category-afogados-da-ingazeira"],"yoast_head":"<!-- This site is optimized with the Yoast SEO plugin v27.5 - https:\/\/yoast.com\/product\/yoast-seo-wordpress\/ -->\n<title>Encontro de motociclistas: Sandrinho garante mais uma atra\u00e7\u00e3o nacional para 2027 - Afogados FM<\/title>\n<meta name=\"robots\" content=\"index, follow, max-snippet:-1, max-image-preview:large, max-video-preview:-1\" \/>\n<link rel=\"canonical\" href=\"https:\/\/afogadosfm.com.br\/afogadosfm\/2026\/01\/24\/encontro-de-motociclistas-sandrinho-garante-mais-uma-atracao-nacional-para-2027\/\" \/>\n<meta property=\"og:locale\" content=\"pt_BR\" \/>\n<meta property=\"og:type\" content=\"article\" \/>\n<meta property=\"og:title\" content=\"Encontro de motociclistas: Sandrinho garante mais uma atra\u00e7\u00e3o nacional para 2027 - Afogados FM\" \/>\n<meta property=\"og:description\" content=\"O Prefeito de Afogados da Ingazeira, Sandrinho Palmeira, garantiu em sua fala antes do show da banda Detonautas, ocorrido na\" \/>\n<meta property=\"og:url\" content=\"https:\/\/afogadosfm.com.br\/afogadosfm\/2026\/01\/24\/encontro-de-motociclistas-sandrinho-garante-mais-uma-atracao-nacional-para-2027\/\" \/>\n<meta property=\"og:site_name\" content=\"Afogados FM\" \/>\n<meta property=\"article:published_time\" content=\"2026-01-24T18:38:36+00:00\" \/>\n<meta property=\"article:modified_time\" content=\"2026-01-24T18:40:23+00:00\" \/>\n<meta property=\"og:image\" content=\"https:\/\/afogadosfm.com.br\/afogadosfm\/wp-content\/uploads\/2026\/01\/bodes.jpeg\" \/>\n\t<meta property=\"og:image:width\" content=\"400\" \/>\n\t<meta property=\"og:image:height\" content=\"266\" \/>\n\t<meta property=\"og:image:type\" content=\"image\/jpeg\" \/>\n<meta name=\"author\" content=\"afogadosfm\" \/>\n<meta name=\"twitter:card\" content=\"summary_large_image\" \/>\n<meta name=\"twitter:label1\" content=\"Escrito por\" \/>\n\t<meta name=\"twitter:data1\" content=\"afogadosfm\" \/>\n\t<meta name=\"twitter:label2\" content=\"Est. tempo de leitura\" \/>\n\t<meta name=\"twitter:data2\" content=\"2 minutos\" \/>\n<script type=\"application\/ld+json\" class=\"yoast-schema-graph\">{\"@context\":\"https:\\\/\\\/schema.org\",\"@graph\":[{\"@type\":\"Article\",\"@id\":\"https:\\\/\\\/afogadosfm.com.br\\\/afogadosfm\\\/2026\\\/01\\\/24\\\/encontro-de-motociclistas-sandrinho-garante-mais-uma-atracao-nacional-para-2027\\\/#article\",\"isPartOf\":{\"@id\":\"https:\\\/\\\/afogadosfm.com.br\\\/afogadosfm\\\/2026\\\/01\\\/24\\\/encontro-de-motociclistas-sandrinho-garante-mais-uma-atracao-nacional-para-2027\\\/\"},\"author\":{\"name\":\"afogadosfm\",\"@id\":\"https:\\\/\\\/afogadosfm.com.br\\\/afogadosfm\\\/#\\\/schema\\\/person\\\/60e56f2cf5dc960fc093fe093d9e9057\"},\"headline\":\"Encontro de motociclistas: Sandrinho garante mais uma atra\u00e7\u00e3o nacional para 2027\",\"datePublished\":\"2026-01-24T18:38:36+00:00\",\"dateModified\":\"2026-01-24T18:40:23+00:00\",\"mainEntityOfPage\":{\"@id\":\"https:\\\/\\\/afogadosfm.com.br\\\/afogadosfm\\\/2026\\\/01\\\/24\\\/encontro-de-motociclistas-sandrinho-garante-mais-uma-atracao-nacional-para-2027\\\/\"},\"wordCount\":244,\"commentCount\":0,\"publisher\":{\"@id\":\"https:\\\/\\\/afogadosfm.com.br\\\/afogadosfm\\\/#organization\"},\"image\":{\"@id\":\"https:\\\/\\\/afogadosfm.com.br\\\/afogadosfm\\\/2026\\\/01\\\/24\\\/encontro-de-motociclistas-sandrinho-garante-mais-uma-atracao-nacional-para-2027\\\/#primaryimage\"},\"thumbnailUrl\":\"https:\\\/\\\/i0.wp.com\\\/afogadosfm.com.br\\\/afogadosfm\\\/wp-content\\\/uploads\\\/2026\\\/01\\\/bodes.jpeg?fit=400%2C266&ssl=1\",\"articleSection\":[\"Afogados da Ingazeira\"],\"inLanguage\":\"pt-BR\",\"potentialAction\":[{\"@type\":\"CommentAction\",\"name\":\"Comment\",\"target\":[\"https:\\\/\\\/afogadosfm.com.br\\\/afogadosfm\\\/2026\\\/01\\\/24\\\/encontro-de-motociclistas-sandrinho-garante-mais-uma-atracao-nacional-para-2027\\\/#respond\"]}]},{\"@type\":\"WebPage\",\"@id\":\"https:\\\/\\\/afogadosfm.com.br\\\/afogadosfm\\\/2026\\\/01\\\/24\\\/encontro-de-motociclistas-sandrinho-garante-mais-uma-atracao-nacional-para-2027\\\/\",\"url\":\"https:\\\/\\\/afogadosfm.com.br\\\/afogadosfm\\\/2026\\\/01\\\/24\\\/encontro-de-motociclistas-sandrinho-garante-mais-uma-atracao-nacional-para-2027\\\/\",\"name\":\"Encontro de motociclistas: Sandrinho garante mais uma atra\u00e7\u00e3o nacional para 2027 - Afogados FM\",\"isPartOf\":{\"@id\":\"https:\\\/\\\/afogadosfm.com.br\\\/afogadosfm\\\/#website\"},\"primaryImageOfPage\":{\"@id\":\"https:\\\/\\\/afogadosfm.com.br\\\/afogadosfm\\\/2026\\\/01\\\/24\\\/encontro-de-motociclistas-sandrinho-garante-mais-uma-atracao-nacional-para-2027\\\/#primaryimage\"},\"image\":{\"@id\":\"https:\\\/\\\/afogadosfm.com.br\\\/afogadosfm\\\/2026\\\/01\\\/24\\\/encontro-de-motociclistas-sandrinho-garante-mais-uma-atracao-nacional-para-2027\\\/#primaryimage\"},\"thumbnailUrl\":\"https:\\\/\\\/i0.wp.com\\\/afogadosfm.com.br\\\/afogadosfm\\\/wp-content\\\/uploads\\\/2026\\\/01\\\/bodes.jpeg?fit=400%2C266&ssl=1\",\"datePublished\":\"2026-01-24T18:38:36+00:00\",\"dateModified\":\"2026-01-24T18:40:23+00:00\",\"breadcrumb\":{\"@id\":\"https:\\\/\\\/afogadosfm.com.br\\\/afogadosfm\\\/2026\\\/01\\\/24\\\/encontro-de-motociclistas-sandrinho-garante-mais-uma-atracao-nacional-para-2027\\\/#breadcrumb\"},\"inLanguage\":\"pt-BR\",\"potentialAction\":[{\"@type\":\"ReadAction\",\"target\":[\"https:\\\/\\\/afogadosfm.com.br\\\/afogadosfm\\\/2026\\\/01\\\/24\\\/encontro-de-motociclistas-sandrinho-garante-mais-uma-atracao-nacional-para-2027\\\/\"]}]},{\"@type\":\"ImageObject\",\"inLanguage\":\"pt-BR\",\"@id\":\"https:\\\/\\\/afogadosfm.com.br\\\/afogadosfm\\\/2026\\\/01\\\/24\\\/encontro-de-motociclistas-sandrinho-garante-mais-uma-atracao-nacional-para-2027\\\/#primaryimage\",\"url\":\"https:\\\/\\\/i0.wp.com\\\/afogadosfm.com.br\\\/afogadosfm\\\/wp-content\\\/uploads\\\/2026\\\/01\\\/bodes.jpeg?fit=400%2C266&ssl=1\",\"contentUrl\":\"https:\\\/\\\/i0.wp.com\\\/afogadosfm.com.br\\\/afogadosfm\\\/wp-content\\\/uploads\\\/2026\\\/01\\\/bodes.jpeg?fit=400%2C266&ssl=1\",\"width\":400,\"height\":266},{\"@type\":\"BreadcrumbList\",\"@id\":\"https:\\\/\\\/afogadosfm.com.br\\\/afogadosfm\\\/2026\\\/01\\\/24\\\/encontro-de-motociclistas-sandrinho-garante-mais-uma-atracao-nacional-para-2027\\\/#breadcrumb\",\"itemListElement\":[{\"@type\":\"ListItem\",\"position\":1,\"name\":\"In\u00edcio\",\"item\":\"https:\\\/\\\/afogadosfm.com.br\\\/afogadosfm\\\/\"},{\"@type\":\"ListItem\",\"position\":2,\"name\":\"Encontro de motociclistas: Sandrinho garante mais uma atra\u00e7\u00e3o nacional para 2027\"}]},{\"@type\":\"WebSite\",\"@id\":\"https:\\\/\\\/afogadosfm.com.br\\\/afogadosfm\\\/#website\",\"url\":\"https:\\\/\\\/afogadosfm.com.br\\\/afogadosfm\\\/\",\"name\":\"Afogados FM\",\"description\":\"Um site completo!\",\"publisher\":{\"@id\":\"https:\\\/\\\/afogadosfm.com.br\\\/afogadosfm\\\/#organization\"},\"potentialAction\":[{\"@type\":\"SearchAction\",\"target\":{\"@type\":\"EntryPoint\",\"urlTemplate\":\"https:\\\/\\\/afogadosfm.com.br\\\/afogadosfm\\\/?s={search_term_string}\"},\"query-input\":{\"@type\":\"PropertyValueSpecification\",\"valueRequired\":true,\"valueName\":\"search_term_string\"}}],\"inLanguage\":\"pt-BR\"},{\"@type\":\"Organization\",\"@id\":\"https:\\\/\\\/afogadosfm.com.br\\\/afogadosfm\\\/#organization\",\"name\":\"Afogados FM\",\"url\":\"https:\\\/\\\/afogadosfm.com.br\\\/afogadosfm\\\/\",\"logo\":{\"@type\":\"ImageObject\",\"inLanguage\":\"pt-BR\",\"@id\":\"https:\\\/\\\/afogadosfm.com.br\\\/afogadosfm\\\/#\\\/schema\\\/logo\\\/image\\\/\",\"url\":\"https:\\\/\\\/i0.wp.com\\\/afogadosfm.com.br\\\/afogadosfm\\\/wp-content\\\/uploads\\\/2020\\\/06\\\/cropped-banner-afogados-4.jpg?fit=369%2C137&ssl=1\",\"contentUrl\":\"https:\\\/\\\/i0.wp.com\\\/afogadosfm.com.br\\\/afogadosfm\\\/wp-content\\\/uploads\\\/2020\\\/06\\\/cropped-banner-afogados-4.jpg?fit=369%2C137&ssl=1\",\"width\":369,\"height\":137,\"caption\":\"Afogados FM\"},\"image\":{\"@id\":\"https:\\\/\\\/afogadosfm.com.br\\\/afogadosfm\\\/#\\\/schema\\\/logo\\\/image\\\/\"}},{\"@type\":\"Person\",\"@id\":\"https:\\\/\\\/afogadosfm.com.br\\\/afogadosfm\\\/#\\\/schema\\\/person\\\/60e56f2cf5dc960fc093fe093d9e9057\",\"name\":\"afogadosfm\",\"image\":{\"@type\":\"ImageObject\",\"inLanguage\":\"pt-BR\",\"@id\":\"https:\\\/\\\/secure.gravatar.com\\\/avatar\\\/e0359add7ed5dc3560906d861b52c6a8cf5c1e199d3a7dd85070998f49bd4701?s=96&d=mm&r=g\",\"url\":\"https:\\\/\\\/secure.gravatar.com\\\/avatar\\\/e0359add7ed5dc3560906d861b52c6a8cf5c1e199d3a7dd85070998f49bd4701?s=96&d=mm&r=g\",\"contentUrl\":\"https:\\\/\\\/secure.gravatar.com\\\/avatar\\\/e0359add7ed5dc3560906d861b52c6a8cf5c1e199d3a7dd85070998f49bd4701?s=96&d=mm&r=g\",\"caption\":\"afogadosfm\"},\"url\":\"https:\\\/\\\/afogadosfm.com.br\\\/afogadosfm\\\/author\\\/afogadosfm\\\/\"}]}<\/script>\n<!-- \/ Yoast SEO plugin. -->","yoast_head_json":{"title":"Encontro de motociclistas: Sandrinho garante mais uma atra\u00e7\u00e3o nacional para 2027 - Afogados FM","robots":{"index":"index","follow":"follow","max-snippet":"max-snippet:-1","max-image-preview":"max-image-preview:large","max-video-preview":"max-video-preview:-1"},"canonical":"https:\/\/afogadosfm.com.br\/afogadosfm\/2026\/01\/24\/encontro-de-motociclistas-sandrinho-garante-mais-uma-atracao-nacional-para-2027\/","og_locale":"pt_BR","og_type":"article","og_title":"Encontro de motociclistas: Sandrinho garante mais uma atra\u00e7\u00e3o nacional para 2027 - Afogados FM","og_description":"O Prefeito de Afogados da Ingazeira, Sandrinho Palmeira, garantiu em sua fala antes do show da banda Detonautas, ocorrido na","og_url":"https:\/\/afogadosfm.com.br\/afogadosfm\/2026\/01\/24\/encontro-de-motociclistas-sandrinho-garante-mais-uma-atracao-nacional-para-2027\/","og_site_name":"Afogados FM","article_published_time":"2026-01-24T18:38:36+00:00","article_modified_time":"2026-01-24T18:40:23+00:00","og_image":[{"width":400,"height":266,"url":"https:\/\/afogadosfm.com.br\/afogadosfm\/wp-content\/uploads\/2026\/01\/bodes.jpeg","type":"image\/jpeg"}],"author":"afogadosfm","twitter_card":"summary_large_image","twitter_misc":{"Escrito por":"afogadosfm","Est. tempo de leitura":"2 minutos"},"schema":{"@context":"https:\/\/schema.org","@graph":[{"@type":"Article","@id":"https:\/\/afogadosfm.com.br\/afogadosfm\/2026\/01\/24\/encontro-de-motociclistas-sandrinho-garante-mais-uma-atracao-nacional-para-2027\/#article","isPartOf":{"@id":"https:\/\/afogadosfm.com.br\/afogadosfm\/2026\/01\/24\/encontro-de-motociclistas-sandrinho-garante-mais-uma-atracao-nacional-para-2027\/"},"author":{"name":"afogadosfm","@id":"https:\/\/afogadosfm.com.br\/afogadosfm\/#\/schema\/person\/60e56f2cf5dc960fc093fe093d9e9057"},"headline":"Encontro de motociclistas: Sandrinho garante mais uma atra\u00e7\u00e3o nacional para 2027","datePublished":"2026-01-24T18:38:36+00:00","dateModified":"2026-01-24T18:40:23+00:00","mainEntityOfPage":{"@id":"https:\/\/afogadosfm.com.br\/afogadosfm\/2026\/01\/24\/encontro-de-motociclistas-sandrinho-garante-mais-uma-atracao-nacional-para-2027\/"},"wordCount":244,"commentCount":0,"publisher":{"@id":"https:\/\/afogadosfm.com.br\/afogadosfm\/#organization"},"image":{"@id":"https:\/\/afogadosfm.com.br\/afogadosfm\/2026\/01\/24\/encontro-de-motociclistas-sandrinho-garante-mais-uma-atracao-nacional-para-2027\/#primaryimage"},"thumbnailUrl":"https:\/\/i0.wp.com\/afogadosfm.com.br\/afogadosfm\/wp-content\/uploads\/2026\/01\/bodes.jpeg?fit=400%2C266&ssl=1","articleSection":["Afogados da Ingazeira"],"inLanguage":"pt-BR","potentialAction":[{"@type":"CommentAction","name":"Comment","target":["https:\/\/afogadosfm.com.br\/afogadosfm\/2026\/01\/24\/encontro-de-motociclistas-sandrinho-garante-mais-uma-atracao-nacional-para-2027\/#respond"]}]},{"@type":"WebPage","@id":"https:\/\/afogadosfm.com.br\/afogadosfm\/2026\/01\/24\/encontro-de-motociclistas-sandrinho-garante-mais-uma-atracao-nacional-para-2027\/","url":"https:\/\/afogadosfm.com.br\/afogadosfm\/2026\/01\/24\/encontro-de-motociclistas-sandrinho-garante-mais-uma-atracao-nacional-para-2027\/","name":"Encontro de motociclistas: Sandrinho garante mais uma atra\u00e7\u00e3o nacional para 2027 - Afogados FM","isPartOf":{"@id":"https:\/\/afogadosfm.com.br\/afogadosfm\/#website"},"primaryImageOfPage":{"@id":"https:\/\/afogadosfm.com.br\/afogadosfm\/2026\/01\/24\/encontro-de-motociclistas-sandrinho-garante-mais-uma-atracao-nacional-para-2027\/#primaryimage"},"image":{"@id":"https:\/\/afogadosfm.com.br\/afogadosfm\/2026\/01\/24\/encontro-de-motociclistas-sandrinho-garante-mais-uma-atracao-nacional-para-2027\/#primaryimage"},"thumbnailUrl":"https:\/\/i0.wp.com\/afogadosfm.com.br\/afogadosfm\/wp-content\/uploads\/2026\/01\/bodes.jpeg?fit=400%2C266&ssl=1","datePublished":"2026-01-24T18:38:36+00:00","dateModified":"2026-01-24T18:40:23+00:00","breadcrumb":{"@id":"https:\/\/afogadosfm.com.br\/afogadosfm\/2026\/01\/24\/encontro-de-motociclistas-sandrinho-garante-mais-uma-atracao-nacional-para-2027\/#breadcrumb"},"inLanguage":"pt-BR","potentialAction":[{"@type":"ReadAction","target":["https:\/\/afogadosfm.com.br\/afogadosfm\/2026\/01\/24\/encontro-de-motociclistas-sandrinho-garante-mais-uma-atracao-nacional-para-2027\/"]}]},{"@type":"ImageObject","inLanguage":"pt-BR","@id":"https:\/\/afogadosfm.com.br\/afogadosfm\/2026\/01\/24\/encontro-de-motociclistas-sandrinho-garante-mais-uma-atracao-nacional-para-2027\/#primaryimage","url":"https:\/\/i0.wp.com\/afogadosfm.com.br\/afogadosfm\/wp-content\/uploads\/2026\/01\/bodes.jpeg?fit=400%2C266&ssl=1","contentUrl":"https:\/\/i0.wp.com\/afogadosfm.com.br\/afogadosfm\/wp-content\/uploads\/2026\/01\/bodes.jpeg?fit=400%2C266&ssl=1","width":400,"height":266},{"@type":"BreadcrumbList","@id":"https:\/\/afogadosfm.com.br\/afogadosfm\/2026\/01\/24\/encontro-de-motociclistas-sandrinho-garante-mais-uma-atracao-nacional-para-2027\/#breadcrumb","itemListElement":[{"@type":"ListItem","position":1,"name":"In\u00edcio","item":"https:\/\/afogadosfm.com.br\/afogadosfm\/"},{"@type":"ListItem","position":2,"name":"Encontro de motociclistas: Sandrinho garante mais uma atra\u00e7\u00e3o nacional para 2027"}]},{"@type":"WebSite","@id":"https:\/\/afogadosfm.com.br\/afogadosfm\/#website","url":"https:\/\/afogadosfm.com.br\/afogadosfm\/","name":"Afogados FM","description":"Um site completo!","publisher":{"@id":"https:\/\/afogadosfm.com.br\/afogadosfm\/#organization"},"potentialAction":[{"@type":"SearchAction","target":{"@type":"EntryPoint","urlTemplate":"https:\/\/afogadosfm.com.br\/afogadosfm\/?s={search_term_string}"},"query-input":{"@type":"PropertyValueSpecification","valueRequired":true,"valueName":"search_term_string"}}],"inLanguage":"pt-BR"},{"@type":"Organization","@id":"https:\/\/afogadosfm.com.br\/afogadosfm\/#organization","name":"Afogados FM","url":"https:\/\/afogadosfm.com.br\/afogadosfm\/","logo":{"@type":"ImageObject","inLanguage":"pt-BR","@id":"https:\/\/afogadosfm.com.br\/afogadosfm\/#\/schema\/logo\/image\/","url":"https:\/\/i0.wp.com\/afogadosfm.com.br\/afogadosfm\/wp-content\/uploads\/2020\/06\/cropped-banner-afogados-4.jpg?fit=369%2C137&ssl=1","contentUrl":"https:\/\/i0.wp.com\/afogadosfm.com.br\/afogadosfm\/wp-content\/uploads\/2020\/06\/cropped-banner-afogados-4.jpg?fit=369%2C137&ssl=1","width":369,"height":137,"caption":"Afogados FM"},"image":{"@id":"https:\/\/afogadosfm.com.br\/afogadosfm\/#\/schema\/logo\/image\/"}},{"@type":"Person","@id":"https:\/\/afogadosfm.com.br\/afogadosfm\/#\/schema\/person\/60e56f2cf5dc960fc093fe093d9e9057","name":"afogadosfm","image":{"@type":"ImageObject","inLanguage":"pt-BR","@id":"https:\/\/secure.gravatar.com\/avatar\/e0359add7ed5dc3560906d861b52c6a8cf5c1e199d3a7dd85070998f49bd4701?s=96&d=mm&r=g","url":"https:\/\/secure.gravatar.com\/avatar\/e0359add7ed5dc3560906d861b52c6a8cf5c1e199d3a7dd85070998f49bd4701?s=96&d=mm&r=g","contentUrl":"https:\/\/secure.gravatar.com\/avatar\/e0359add7ed5dc3560906d861b52c6a8cf5c1e199d3a7dd85070998f49bd4701?s=96&d=mm&r=g","caption":"afogadosfm"},"url":"https:\/\/afogadosfm.com.br\/afogadosfm\/author\/afogadosfm\/"}]}},"jetpack_publicize_connections":[],"jetpack_featured_media_url":"https:\/\/i0.wp.com\/afogadosfm.com.br\/afogadosfm\/wp-content\/uploads\/2026\/01\/bodes.jpeg?fit=400%2C266&ssl=1","jetpack-related-posts":[],"jetpack_sharing_enabled":true,"jetpack_likes_enabled":true,"_links":{"self":[{"href":"https:\/\/afogadosfm.com.br\/afogadosfm\/wp-json\/wp\/v2\/posts\/72244","targetHints":{"allow":["GET"]}}],"collection":[{"href":"https:\/\/afogadosfm.com.br\/afogadosfm\/wp-json\/wp\/v2\/posts"}],"about":[{"href":"https:\/\/afogadosfm.com.br\/afogadosfm\/wp-json\/wp\/v2\/types\/post"}],"author":[{"embeddable":true,"href":"https:\/\/afogadosfm.com.br\/afogadosfm\/wp-json\/wp\/v2\/users\/2"}],"replies":[{"embeddable":true,"href":"https:\/\/afogadosfm.com.br\/afogadosfm\/wp-json\/wp\/v2\/comments?post=72244"}],"version-history":[{"count":2,"href":"https:\/\/afogadosfm.com.br\/afogadosfm\/wp-json\/wp\/v2\/posts\/72244\/revisions"}],"predecessor-version":[{"id":72248,"href":"https:\/\/afogadosfm.com.br\/afogadosfm\/wp-json\/wp\/v2\/posts\/72244\/revisions\/72248"}],"wp:featuredmedia":[{"embeddable":true,"href":"https:\/\/afogadosfm.com.br\/afogadosfm\/wp-json\/wp\/v2\/media\/72245"}],"wp:attachment":[{"href":"https:\/\/afogadosfm.com.br\/afogadosfm\/wp-json\/wp\/v2\/media?parent=72244"}],"wp:term":[{"taxonomy":"category","embeddable":true,"href":"https:\/\/afogadosfm.com.br\/afogadosfm\/wp-json\/wp\/v2\/categories?post=72244"},{"taxonomy":"post_tag","embeddable":true,"href":"https:\/\/afogadosfm.com.br\/afogadosfm\/wp-json\/wp\/v2\/tags?post=72244"}],"curies":[{"name":"wp","href":"https:\/\/api.w.org\/{rel}","templated":true}]}}