{"id":72251,"date":"2026-01-24T15:46:13","date_gmt":"2026-01-24T18:46:13","guid":{"rendered":"https:\/\/afogadosfm.com.br\/afogadosfm\/?p=72251"},"modified":"2026-01-24T15:46:14","modified_gmt":"2026-01-24T18:46:14","slug":"homem-e-preso-em-recife-apos-matar-dois-moradores-de-rua-e-tentar-conta-vida-de-um-terceiro","status":"publish","type":"post","link":"https:\/\/afogadosfm.com.br\/afogadosfm\/2026\/01\/24\/homem-e-preso-em-recife-apos-matar-dois-moradores-de-rua-e-tentar-conta-vida-de-um-terceiro\/","title":{"rendered":"Homem \u00e9 preso em Recife ap\u00f3s matar dois moradores de rua e tentar conta vida de um terceiro"},"content":{"rendered":"\n<p>Um homem de 29 anos foi preso pela Pol\u00edcia Civil de Pernambuco suspeito de executar dois homens em situa\u00e7\u00e3o de rua e tentar matar um terceiro no Grande Recife. Identificado como Erike Macedo Pereira da Silva, o suspeito confessou os crimes e chocou os investigadores ao afirmar que pretendia cometer outros nove homic\u00eddios na Regi\u00e3o Metropolitana.<\/p>\n\n\n\n<p>As informa\u00e7\u00f5es foram detalhadas na manh\u00e3 desta sexta-feira (23) pelo delegado Roberto Ferreira, titular da 12\u00aa Delegacia de Pol\u00edcia de Homic\u00eddios de Jaboat\u00e3o dos Guararapes.<\/p>\n\n\n\n<p>Segundo a pol\u00edcia, o primeiro crime ocorreu na madrugada do dia 7 de janeiro, no bairro de Candeias, em Jaboat\u00e3o dos Guararapes. A v\u00edtima foi Nathanael Santana Ferreira, morto a tiros em via p\u00fablica. Horas depois, ainda no mesmo dia, outro homic\u00eddio com o mesmo modo de agir foi registrado na Rua Duque de Caxias, no bairro de Santo Ant\u00f4nio, no Centro do Recife. A v\u00edtima foi Luiz Antonio da Silva J\u00fanior, tamb\u00e9m em situa\u00e7\u00e3o de rua.<\/p>\n\n\n\n<p>As investiga\u00e7\u00f5es apontam que o suspeito abordava as v\u00edtimas, conversava com elas e, em seguida, efetuava os disparos. Imagens de c\u00e2meras de seguran\u00e7a foram fundamentais para reconstituir a din\u00e2mica dos crimes e identificar o autor.<\/p>\n\n\n\n<p>Um terceiro ataque foi registrado na \u00faltima segunda-feira (19), no bairro da Boa Vista, em frente a uma cl\u00ednica m\u00e9dica. A v\u00edtima, Marcelo Francisco da Silva, foi atingida por tr\u00eas tiros no rosto e segue internada em estado grav\u00edssimo no Hospital da Restaura\u00e7\u00e3o.<\/p>\n\n\n\n<p>Com o cruzamento de informa\u00e7\u00f5es e an\u00e1lise das imagens, os policiais localizaram Erike em uma resid\u00eancia no bairro do Jord\u00e3o, na Zona Sul do Recife. Ele foi preso na quarta-feira (21), confessou os homic\u00eddios e indicou o local onde escondia a arma usada nos crimes: uma pistola calibre .380, al\u00e9m de muni\u00e7\u00f5es, carregador e um celular.<\/p>\n\n\n\n<p>De acordo com a Pol\u00edcia Civil, o suspeito havia deixado o sistema prisional h\u00e1 cerca de quatro meses, ap\u00f3s cumprir pena por crimes graves e violentos. A pris\u00e3o em flagrante foi convertida em pris\u00e3o preventiva, e ele permanece \u00e0 disposi\u00e7\u00e3o da Justi\u00e7a.<\/p>\n\n\n\n<p>O caso segue sendo investigado, e a pol\u00edcia apura se h\u00e1 outras v\u00edtimas ligadas \u00e0 atua\u00e7\u00e3o do suspeito.<\/p>\n","protected":false},"excerpt":{"rendered":"<p>Um homem de 29 anos foi preso pela Pol\u00edcia Civil de Pernambuco suspeito de executar dois homens em situa\u00e7\u00e3o de<\/p>\n","protected":false},"author":2,"featured_media":37147,"comment_status":"open","ping_status":"open","sticky":false,"template":"","format":"standard","meta":{"jetpack_post_was_ever_published":false,"_jetpack_newsletter_access":"","_jetpack_dont_email_post_to_subs":false,"_jetpack_newsletter_tier_id":0,"_jetpack_memberships_contains_paywalled_content":false,"_jetpack_memberships_contains_paid_content":false,"footnotes":"","jetpack_publicize_message":"","jetpack_publicize_feature_enabled":true,"jetpack_social_post_already_shared":true,"jetpack_social_options":{"image_generator_settings":{"template":"highway","default_image_id":0,"font":"","enabled":false},"version":2}},"categories":[34],"tags":[],"class_list":["post-72251","post","type-post","status-publish","format-standard","has-post-thumbnail","hentry","category-policia"],"yoast_head":"<!-- This site is optimized with the Yoast SEO plugin v27.5 - https:\/\/yoast.com\/product\/yoast-seo-wordpress\/ -->\n<title>Homem \u00e9 preso em Recife ap\u00f3s matar dois moradores de rua e tentar conta vida de um terceiro - Afogados FM<\/title>\n<meta name=\"robots\" content=\"index, follow, max-snippet:-1, max-image-preview:large, max-video-preview:-1\" \/>\n<link rel=\"canonical\" href=\"https:\/\/afogadosfm.com.br\/afogadosfm\/2026\/01\/24\/homem-e-preso-em-recife-apos-matar-dois-moradores-de-rua-e-tentar-conta-vida-de-um-terceiro\/\" \/>\n<meta property=\"og:locale\" content=\"pt_BR\" \/>\n<meta property=\"og:type\" content=\"article\" \/>\n<meta property=\"og:title\" content=\"Homem \u00e9 preso em Recife ap\u00f3s matar dois moradores de rua e tentar conta vida de um terceiro - Afogados FM\" \/>\n<meta property=\"og:description\" content=\"Um homem de 29 anos foi preso pela Pol\u00edcia Civil de Pernambuco suspeito de executar dois homens em situa\u00e7\u00e3o de\" \/>\n<meta property=\"og:url\" content=\"https:\/\/afogadosfm.com.br\/afogadosfm\/2026\/01\/24\/homem-e-preso-em-recife-apos-matar-dois-moradores-de-rua-e-tentar-conta-vida-de-um-terceiro\/\" \/>\n<meta property=\"og:site_name\" content=\"Afogados FM\" \/>\n<meta property=\"article:published_time\" content=\"2026-01-24T18:46:13+00:00\" \/>\n<meta property=\"article:modified_time\" content=\"2026-01-24T18:46:14+00:00\" \/>\n<meta property=\"og:image\" content=\"https:\/\/afogadosfm.com.br\/afogadosfm\/wp-content\/uploads\/2022\/04\/policia1.jpg\" \/>\n\t<meta property=\"og:image:width\" content=\"368\" \/>\n\t<meta property=\"og:image:height\" content=\"243\" \/>\n\t<meta property=\"og:image:type\" content=\"image\/jpeg\" \/>\n<meta name=\"author\" content=\"afogadosfm\" \/>\n<meta name=\"twitter:card\" content=\"summary_large_image\" \/>\n<meta name=\"twitter:label1\" content=\"Escrito por\" \/>\n\t<meta name=\"twitter:data1\" content=\"afogadosfm\" \/>\n\t<meta name=\"twitter:label2\" content=\"Est. tempo de leitura\" \/>\n\t<meta name=\"twitter:data2\" content=\"3 minutos\" \/>\n<script type=\"application\/ld+json\" class=\"yoast-schema-graph\">{\"@context\":\"https:\\\/\\\/schema.org\",\"@graph\":[{\"@type\":\"Article\",\"@id\":\"https:\\\/\\\/afogadosfm.com.br\\\/afogadosfm\\\/2026\\\/01\\\/24\\\/homem-e-preso-em-recife-apos-matar-dois-moradores-de-rua-e-tentar-conta-vida-de-um-terceiro\\\/#article\",\"isPartOf\":{\"@id\":\"https:\\\/\\\/afogadosfm.com.br\\\/afogadosfm\\\/2026\\\/01\\\/24\\\/homem-e-preso-em-recife-apos-matar-dois-moradores-de-rua-e-tentar-conta-vida-de-um-terceiro\\\/\"},\"author\":{\"name\":\"afogadosfm\",\"@id\":\"https:\\\/\\\/afogadosfm.com.br\\\/afogadosfm\\\/#\\\/schema\\\/person\\\/60e56f2cf5dc960fc093fe093d9e9057\"},\"headline\":\"Homem \u00e9 preso em Recife ap\u00f3s matar dois moradores de rua e tentar conta vida de um terceiro\",\"datePublished\":\"2026-01-24T18:46:13+00:00\",\"dateModified\":\"2026-01-24T18:46:14+00:00\",\"mainEntityOfPage\":{\"@id\":\"https:\\\/\\\/afogadosfm.com.br\\\/afogadosfm\\\/2026\\\/01\\\/24\\\/homem-e-preso-em-recife-apos-matar-dois-moradores-de-rua-e-tentar-conta-vida-de-um-terceiro\\\/\"},\"wordCount\":406,\"commentCount\":0,\"publisher\":{\"@id\":\"https:\\\/\\\/afogadosfm.com.br\\\/afogadosfm\\\/#organization\"},\"image\":{\"@id\":\"https:\\\/\\\/afogadosfm.com.br\\\/afogadosfm\\\/2026\\\/01\\\/24\\\/homem-e-preso-em-recife-apos-matar-dois-moradores-de-rua-e-tentar-conta-vida-de-um-terceiro\\\/#primaryimage\"},\"thumbnailUrl\":\"https:\\\/\\\/i0.wp.com\\\/afogadosfm.com.br\\\/afogadosfm\\\/wp-content\\\/uploads\\\/2022\\\/04\\\/policia1.jpg?fit=368%2C243&ssl=1\",\"articleSection\":[\"Pol\u00edcia\"],\"inLanguage\":\"pt-BR\",\"potentialAction\":[{\"@type\":\"CommentAction\",\"name\":\"Comment\",\"target\":[\"https:\\\/\\\/afogadosfm.com.br\\\/afogadosfm\\\/2026\\\/01\\\/24\\\/homem-e-preso-em-recife-apos-matar-dois-moradores-de-rua-e-tentar-conta-vida-de-um-terceiro\\\/#respond\"]}]},{\"@type\":\"WebPage\",\"@id\":\"https:\\\/\\\/afogadosfm.com.br\\\/afogadosfm\\\/2026\\\/01\\\/24\\\/homem-e-preso-em-recife-apos-matar-dois-moradores-de-rua-e-tentar-conta-vida-de-um-terceiro\\\/\",\"url\":\"https:\\\/\\\/afogadosfm.com.br\\\/afogadosfm\\\/2026\\\/01\\\/24\\\/homem-e-preso-em-recife-apos-matar-dois-moradores-de-rua-e-tentar-conta-vida-de-um-terceiro\\\/\",\"name\":\"Homem \u00e9 preso em Recife ap\u00f3s matar dois moradores de rua e tentar conta vida de um terceiro - Afogados FM\",\"isPartOf\":{\"@id\":\"https:\\\/\\\/afogadosfm.com.br\\\/afogadosfm\\\/#website\"},\"primaryImageOfPage\":{\"@id\":\"https:\\\/\\\/afogadosfm.com.br\\\/afogadosfm\\\/2026\\\/01\\\/24\\\/homem-e-preso-em-recife-apos-matar-dois-moradores-de-rua-e-tentar-conta-vida-de-um-terceiro\\\/#primaryimage\"},\"image\":{\"@id\":\"https:\\\/\\\/afogadosfm.com.br\\\/afogadosfm\\\/2026\\\/01\\\/24\\\/homem-e-preso-em-recife-apos-matar-dois-moradores-de-rua-e-tentar-conta-vida-de-um-terceiro\\\/#primaryimage\"},\"thumbnailUrl\":\"https:\\\/\\\/i0.wp.com\\\/afogadosfm.com.br\\\/afogadosfm\\\/wp-content\\\/uploads\\\/2022\\\/04\\\/policia1.jpg?fit=368%2C243&ssl=1\",\"datePublished\":\"2026-01-24T18:46:13+00:00\",\"dateModified\":\"2026-01-24T18:46:14+00:00\",\"breadcrumb\":{\"@id\":\"https:\\\/\\\/afogadosfm.com.br\\\/afogadosfm\\\/2026\\\/01\\\/24\\\/homem-e-preso-em-recife-apos-matar-dois-moradores-de-rua-e-tentar-conta-vida-de-um-terceiro\\\/#breadcrumb\"},\"inLanguage\":\"pt-BR\",\"potentialAction\":[{\"@type\":\"ReadAction\",\"target\":[\"https:\\\/\\\/afogadosfm.com.br\\\/afogadosfm\\\/2026\\\/01\\\/24\\\/homem-e-preso-em-recife-apos-matar-dois-moradores-de-rua-e-tentar-conta-vida-de-um-terceiro\\\/\"]}]},{\"@type\":\"ImageObject\",\"inLanguage\":\"pt-BR\",\"@id\":\"https:\\\/\\\/afogadosfm.com.br\\\/afogadosfm\\\/2026\\\/01\\\/24\\\/homem-e-preso-em-recife-apos-matar-dois-moradores-de-rua-e-tentar-conta-vida-de-um-terceiro\\\/#primaryimage\",\"url\":\"https:\\\/\\\/i0.wp.com\\\/afogadosfm.com.br\\\/afogadosfm\\\/wp-content\\\/uploads\\\/2022\\\/04\\\/policia1.jpg?fit=368%2C243&ssl=1\",\"contentUrl\":\"https:\\\/\\\/i0.wp.com\\\/afogadosfm.com.br\\\/afogadosfm\\\/wp-content\\\/uploads\\\/2022\\\/04\\\/policia1.jpg?fit=368%2C243&ssl=1\",\"width\":368,\"height\":243},{\"@type\":\"BreadcrumbList\",\"@id\":\"https:\\\/\\\/afogadosfm.com.br\\\/afogadosfm\\\/2026\\\/01\\\/24\\\/homem-e-preso-em-recife-apos-matar-dois-moradores-de-rua-e-tentar-conta-vida-de-um-terceiro\\\/#breadcrumb\",\"itemListElement\":[{\"@type\":\"ListItem\",\"position\":1,\"name\":\"In\u00edcio\",\"item\":\"https:\\\/\\\/afogadosfm.com.br\\\/afogadosfm\\\/\"},{\"@type\":\"ListItem\",\"position\":2,\"name\":\"Homem \u00e9 preso em Recife ap\u00f3s matar dois moradores de rua e tentar conta vida de um terceiro\"}]},{\"@type\":\"WebSite\",\"@id\":\"https:\\\/\\\/afogadosfm.com.br\\\/afogadosfm\\\/#website\",\"url\":\"https:\\\/\\\/afogadosfm.com.br\\\/afogadosfm\\\/\",\"name\":\"Afogados FM\",\"description\":\"Um site completo!\",\"publisher\":{\"@id\":\"https:\\\/\\\/afogadosfm.com.br\\\/afogadosfm\\\/#organization\"},\"potentialAction\":[{\"@type\":\"SearchAction\",\"target\":{\"@type\":\"EntryPoint\",\"urlTemplate\":\"https:\\\/\\\/afogadosfm.com.br\\\/afogadosfm\\\/?s={search_term_string}\"},\"query-input\":{\"@type\":\"PropertyValueSpecification\",\"valueRequired\":true,\"valueName\":\"search_term_string\"}}],\"inLanguage\":\"pt-BR\"},{\"@type\":\"Organization\",\"@id\":\"https:\\\/\\\/afogadosfm.com.br\\\/afogadosfm\\\/#organization\",\"name\":\"Afogados FM\",\"url\":\"https:\\\/\\\/afogadosfm.com.br\\\/afogadosfm\\\/\",\"logo\":{\"@type\":\"ImageObject\",\"inLanguage\":\"pt-BR\",\"@id\":\"https:\\\/\\\/afogadosfm.com.br\\\/afogadosfm\\\/#\\\/schema\\\/logo\\\/image\\\/\",\"url\":\"https:\\\/\\\/i0.wp.com\\\/afogadosfm.com.br\\\/afogadosfm\\\/wp-content\\\/uploads\\\/2020\\\/06\\\/cropped-banner-afogados-4.jpg?fit=369%2C137&ssl=1\",\"contentUrl\":\"https:\\\/\\\/i0.wp.com\\\/afogadosfm.com.br\\\/afogadosfm\\\/wp-content\\\/uploads\\\/2020\\\/06\\\/cropped-banner-afogados-4.jpg?fit=369%2C137&ssl=1\",\"width\":369,\"height\":137,\"caption\":\"Afogados FM\"},\"image\":{\"@id\":\"https:\\\/\\\/afogadosfm.com.br\\\/afogadosfm\\\/#\\\/schema\\\/logo\\\/image\\\/\"}},{\"@type\":\"Person\",\"@id\":\"https:\\\/\\\/afogadosfm.com.br\\\/afogadosfm\\\/#\\\/schema\\\/person\\\/60e56f2cf5dc960fc093fe093d9e9057\",\"name\":\"afogadosfm\",\"image\":{\"@type\":\"ImageObject\",\"inLanguage\":\"pt-BR\",\"@id\":\"https:\\\/\\\/secure.gravatar.com\\\/avatar\\\/e0359add7ed5dc3560906d861b52c6a8cf5c1e199d3a7dd85070998f49bd4701?s=96&d=mm&r=g\",\"url\":\"https:\\\/\\\/secure.gravatar.com\\\/avatar\\\/e0359add7ed5dc3560906d861b52c6a8cf5c1e199d3a7dd85070998f49bd4701?s=96&d=mm&r=g\",\"contentUrl\":\"https:\\\/\\\/secure.gravatar.com\\\/avatar\\\/e0359add7ed5dc3560906d861b52c6a8cf5c1e199d3a7dd85070998f49bd4701?s=96&d=mm&r=g\",\"caption\":\"afogadosfm\"},\"url\":\"https:\\\/\\\/afogadosfm.com.br\\\/afogadosfm\\\/author\\\/afogadosfm\\\/\"}]}<\/script>\n<!-- \/ Yoast SEO plugin. -->","yoast_head_json":{"title":"Homem \u00e9 preso em Recife ap\u00f3s matar dois moradores de rua e tentar conta vida de um terceiro - Afogados FM","robots":{"index":"index","follow":"follow","max-snippet":"max-snippet:-1","max-image-preview":"max-image-preview:large","max-video-preview":"max-video-preview:-1"},"canonical":"https:\/\/afogadosfm.com.br\/afogadosfm\/2026\/01\/24\/homem-e-preso-em-recife-apos-matar-dois-moradores-de-rua-e-tentar-conta-vida-de-um-terceiro\/","og_locale":"pt_BR","og_type":"article","og_title":"Homem \u00e9 preso em Recife ap\u00f3s matar dois moradores de rua e tentar conta vida de um terceiro - Afogados FM","og_description":"Um homem de 29 anos foi preso pela Pol\u00edcia Civil de Pernambuco suspeito de executar dois homens em situa\u00e7\u00e3o de","og_url":"https:\/\/afogadosfm.com.br\/afogadosfm\/2026\/01\/24\/homem-e-preso-em-recife-apos-matar-dois-moradores-de-rua-e-tentar-conta-vida-de-um-terceiro\/","og_site_name":"Afogados FM","article_published_time":"2026-01-24T18:46:13+00:00","article_modified_time":"2026-01-24T18:46:14+00:00","og_image":[{"width":368,"height":243,"url":"https:\/\/afogadosfm.com.br\/afogadosfm\/wp-content\/uploads\/2022\/04\/policia1.jpg","type":"image\/jpeg"}],"author":"afogadosfm","twitter_card":"summary_large_image","twitter_misc":{"Escrito por":"afogadosfm","Est. tempo de leitura":"3 minutos"},"schema":{"@context":"https:\/\/schema.org","@graph":[{"@type":"Article","@id":"https:\/\/afogadosfm.com.br\/afogadosfm\/2026\/01\/24\/homem-e-preso-em-recife-apos-matar-dois-moradores-de-rua-e-tentar-conta-vida-de-um-terceiro\/#article","isPartOf":{"@id":"https:\/\/afogadosfm.com.br\/afogadosfm\/2026\/01\/24\/homem-e-preso-em-recife-apos-matar-dois-moradores-de-rua-e-tentar-conta-vida-de-um-terceiro\/"},"author":{"name":"afogadosfm","@id":"https:\/\/afogadosfm.com.br\/afogadosfm\/#\/schema\/person\/60e56f2cf5dc960fc093fe093d9e9057"},"headline":"Homem \u00e9 preso em Recife ap\u00f3s matar dois moradores de rua e tentar conta vida de um terceiro","datePublished":"2026-01-24T18:46:13+00:00","dateModified":"2026-01-24T18:46:14+00:00","mainEntityOfPage":{"@id":"https:\/\/afogadosfm.com.br\/afogadosfm\/2026\/01\/24\/homem-e-preso-em-recife-apos-matar-dois-moradores-de-rua-e-tentar-conta-vida-de-um-terceiro\/"},"wordCount":406,"commentCount":0,"publisher":{"@id":"https:\/\/afogadosfm.com.br\/afogadosfm\/#organization"},"image":{"@id":"https:\/\/afogadosfm.com.br\/afogadosfm\/2026\/01\/24\/homem-e-preso-em-recife-apos-matar-dois-moradores-de-rua-e-tentar-conta-vida-de-um-terceiro\/#primaryimage"},"thumbnailUrl":"https:\/\/i0.wp.com\/afogadosfm.com.br\/afogadosfm\/wp-content\/uploads\/2022\/04\/policia1.jpg?fit=368%2C243&ssl=1","articleSection":["Pol\u00edcia"],"inLanguage":"pt-BR","potentialAction":[{"@type":"CommentAction","name":"Comment","target":["https:\/\/afogadosfm.com.br\/afogadosfm\/2026\/01\/24\/homem-e-preso-em-recife-apos-matar-dois-moradores-de-rua-e-tentar-conta-vida-de-um-terceiro\/#respond"]}]},{"@type":"WebPage","@id":"https:\/\/afogadosfm.com.br\/afogadosfm\/2026\/01\/24\/homem-e-preso-em-recife-apos-matar-dois-moradores-de-rua-e-tentar-conta-vida-de-um-terceiro\/","url":"https:\/\/afogadosfm.com.br\/afogadosfm\/2026\/01\/24\/homem-e-preso-em-recife-apos-matar-dois-moradores-de-rua-e-tentar-conta-vida-de-um-terceiro\/","name":"Homem \u00e9 preso em Recife ap\u00f3s matar dois moradores de rua e tentar conta vida de um terceiro - Afogados FM","isPartOf":{"@id":"https:\/\/afogadosfm.com.br\/afogadosfm\/#website"},"primaryImageOfPage":{"@id":"https:\/\/afogadosfm.com.br\/afogadosfm\/2026\/01\/24\/homem-e-preso-em-recife-apos-matar-dois-moradores-de-rua-e-tentar-conta-vida-de-um-terceiro\/#primaryimage"},"image":{"@id":"https:\/\/afogadosfm.com.br\/afogadosfm\/2026\/01\/24\/homem-e-preso-em-recife-apos-matar-dois-moradores-de-rua-e-tentar-conta-vida-de-um-terceiro\/#primaryimage"},"thumbnailUrl":"https:\/\/i0.wp.com\/afogadosfm.com.br\/afogadosfm\/wp-content\/uploads\/2022\/04\/policia1.jpg?fit=368%2C243&ssl=1","datePublished":"2026-01-24T18:46:13+00:00","dateModified":"2026-01-24T18:46:14+00:00","breadcrumb":{"@id":"https:\/\/afogadosfm.com.br\/afogadosfm\/2026\/01\/24\/homem-e-preso-em-recife-apos-matar-dois-moradores-de-rua-e-tentar-conta-vida-de-um-terceiro\/#breadcrumb"},"inLanguage":"pt-BR","potentialAction":[{"@type":"ReadAction","target":["https:\/\/afogadosfm.com.br\/afogadosfm\/2026\/01\/24\/homem-e-preso-em-recife-apos-matar-dois-moradores-de-rua-e-tentar-conta-vida-de-um-terceiro\/"]}]},{"@type":"ImageObject","inLanguage":"pt-BR","@id":"https:\/\/afogadosfm.com.br\/afogadosfm\/2026\/01\/24\/homem-e-preso-em-recife-apos-matar-dois-moradores-de-rua-e-tentar-conta-vida-de-um-terceiro\/#primaryimage","url":"https:\/\/i0.wp.com\/afogadosfm.com.br\/afogadosfm\/wp-content\/uploads\/2022\/04\/policia1.jpg?fit=368%2C243&ssl=1","contentUrl":"https:\/\/i0.wp.com\/afogadosfm.com.br\/afogadosfm\/wp-content\/uploads\/2022\/04\/policia1.jpg?fit=368%2C243&ssl=1","width":368,"height":243},{"@type":"BreadcrumbList","@id":"https:\/\/afogadosfm.com.br\/afogadosfm\/2026\/01\/24\/homem-e-preso-em-recife-apos-matar-dois-moradores-de-rua-e-tentar-conta-vida-de-um-terceiro\/#breadcrumb","itemListElement":[{"@type":"ListItem","position":1,"name":"In\u00edcio","item":"https:\/\/afogadosfm.com.br\/afogadosfm\/"},{"@type":"ListItem","position":2,"name":"Homem \u00e9 preso em Recife ap\u00f3s matar dois moradores de rua e tentar conta vida de um terceiro"}]},{"@type":"WebSite","@id":"https:\/\/afogadosfm.com.br\/afogadosfm\/#website","url":"https:\/\/afogadosfm.com.br\/afogadosfm\/","name":"Afogados FM","description":"Um site completo!","publisher":{"@id":"https:\/\/afogadosfm.com.br\/afogadosfm\/#organization"},"potentialAction":[{"@type":"SearchAction","target":{"@type":"EntryPoint","urlTemplate":"https:\/\/afogadosfm.com.br\/afogadosfm\/?s={search_term_string}"},"query-input":{"@type":"PropertyValueSpecification","valueRequired":true,"valueName":"search_term_string"}}],"inLanguage":"pt-BR"},{"@type":"Organization","@id":"https:\/\/afogadosfm.com.br\/afogadosfm\/#organization","name":"Afogados FM","url":"https:\/\/afogadosfm.com.br\/afogadosfm\/","logo":{"@type":"ImageObject","inLanguage":"pt-BR","@id":"https:\/\/afogadosfm.com.br\/afogadosfm\/#\/schema\/logo\/image\/","url":"https:\/\/i0.wp.com\/afogadosfm.com.br\/afogadosfm\/wp-content\/uploads\/2020\/06\/cropped-banner-afogados-4.jpg?fit=369%2C137&ssl=1","contentUrl":"https:\/\/i0.wp.com\/afogadosfm.com.br\/afogadosfm\/wp-content\/uploads\/2020\/06\/cropped-banner-afogados-4.jpg?fit=369%2C137&ssl=1","width":369,"height":137,"caption":"Afogados FM"},"image":{"@id":"https:\/\/afogadosfm.com.br\/afogadosfm\/#\/schema\/logo\/image\/"}},{"@type":"Person","@id":"https:\/\/afogadosfm.com.br\/afogadosfm\/#\/schema\/person\/60e56f2cf5dc960fc093fe093d9e9057","name":"afogadosfm","image":{"@type":"ImageObject","inLanguage":"pt-BR","@id":"https:\/\/secure.gravatar.com\/avatar\/e0359add7ed5dc3560906d861b52c6a8cf5c1e199d3a7dd85070998f49bd4701?s=96&d=mm&r=g","url":"https:\/\/secure.gravatar.com\/avatar\/e0359add7ed5dc3560906d861b52c6a8cf5c1e199d3a7dd85070998f49bd4701?s=96&d=mm&r=g","contentUrl":"https:\/\/secure.gravatar.com\/avatar\/e0359add7ed5dc3560906d861b52c6a8cf5c1e199d3a7dd85070998f49bd4701?s=96&d=mm&r=g","caption":"afogadosfm"},"url":"https:\/\/afogadosfm.com.br\/afogadosfm\/author\/afogadosfm\/"}]}},"jetpack_publicize_connections":[],"jetpack_featured_media_url":"https:\/\/i0.wp.com\/afogadosfm.com.br\/afogadosfm\/wp-content\/uploads\/2022\/04\/policia1.jpg?fit=368%2C243&ssl=1","jetpack-related-posts":[],"jetpack_sharing_enabled":true,"jetpack_likes_enabled":true,"_links":{"self":[{"href":"https:\/\/afogadosfm.com.br\/afogadosfm\/wp-json\/wp\/v2\/posts\/72251","targetHints":{"allow":["GET"]}}],"collection":[{"href":"https:\/\/afogadosfm.com.br\/afogadosfm\/wp-json\/wp\/v2\/posts"}],"about":[{"href":"https:\/\/afogadosfm.com.br\/afogadosfm\/wp-json\/wp\/v2\/types\/post"}],"author":[{"embeddable":true,"href":"https:\/\/afogadosfm.com.br\/afogadosfm\/wp-json\/wp\/v2\/users\/2"}],"replies":[{"embeddable":true,"href":"https:\/\/afogadosfm.com.br\/afogadosfm\/wp-json\/wp\/v2\/comments?post=72251"}],"version-history":[{"count":1,"href":"https:\/\/afogadosfm.com.br\/afogadosfm\/wp-json\/wp\/v2\/posts\/72251\/revisions"}],"predecessor-version":[{"id":72252,"href":"https:\/\/afogadosfm.com.br\/afogadosfm\/wp-json\/wp\/v2\/posts\/72251\/revisions\/72252"}],"wp:featuredmedia":[{"embeddable":true,"href":"https:\/\/afogadosfm.com.br\/afogadosfm\/wp-json\/wp\/v2\/media\/37147"}],"wp:attachment":[{"href":"https:\/\/afogadosfm.com.br\/afogadosfm\/wp-json\/wp\/v2\/media?parent=72251"}],"wp:term":[{"taxonomy":"category","embeddable":true,"href":"https:\/\/afogadosfm.com.br\/afogadosfm\/wp-json\/wp\/v2\/categories?post=72251"},{"taxonomy":"post_tag","embeddable":true,"href":"https:\/\/afogadosfm.com.br\/afogadosfm\/wp-json\/wp\/v2\/tags?post=72251"}],"curies":[{"name":"wp","href":"https:\/\/api.w.org\/{rel}","templated":true}]}}