{"id":72263,"date":"2026-01-25T06:19:55","date_gmt":"2026-01-25T09:19:55","guid":{"rendered":"https:\/\/afogadosfm.com.br\/afogadosfm\/?p=72263"},"modified":"2026-01-25T06:20:08","modified_gmt":"2026-01-25T09:20:08","slug":"pernambuco-inicia-cadastramento-do-chapeu-de-palha-2026-no-sertao","status":"publish","type":"post","link":"https:\/\/afogadosfm.com.br\/afogadosfm\/2026\/01\/25\/pernambuco-inicia-cadastramento-do-chapeu-de-palha-2026-no-sertao\/","title":{"rendered":"Pernambuco inicia cadastramento do Chap\u00e9u de Palha 2026 no Sert\u00e3o"},"content":{"rendered":"\n<p>O Governo de Pernambuco inicia na pr\u00f3xima segunda-feira (26), em Petrolina, o cadastramento no Programa Chap\u00e9u de Palha 2026 para os trabalhadores da Fruticultura Irrigada e da Pesca Artesanal do Sert\u00e3o. A a\u00e7\u00e3o acontece por meio da Secretaria de Planejamento, Gest\u00e3o e Desenvolvimento Regional (Seplag-PE),<\/p>\n\n\n\n<p>Para os trabalhadores da Fruticultura Irrigada, o valor do benef\u00edcio \u00e9 de R$ 373,08. Nesse segmento, oito munic\u00edpios ser\u00e3o contemplados. J\u00e1 os benefici\u00e1rios do setor de Pesca Artesanal do Sert\u00e3o receber\u00e3o R$ 387,94. Essa iniciativa integra 17 cidades, apenas na regi\u00e3o sertaneja.<\/p>\n\n\n\n<p>De acordo com informa\u00e7\u00f5es da Seplag-PE, em Petrolina, os polos de cadastramento do segmento da Fruticultura funcionar\u00e3o, das 8h \u00e0s 17h, na Escola Estadual Ant\u00f4nio Nunes dos Santos, Escola Estadual Poeta Carlos Drummond de Andrade, Escola Municipal Jo\u00e3o Nunes e Escola de Refer\u00eancia de Ensino Fundamental e M\u00e9dio Nossa Senhora Aparecida, al\u00e9m da Escola de Refer\u00eancia em Ensino Fundamental Moys\u00e9s Barbosa, que tamb\u00e9m ser\u00e1 um polo do segmento da Pesca.<\/p>\n\n\n\n<p>O cadastramento dos dois segmentos seguir\u00e1 at\u00e9 o dia 6 de fevereiro, passando tamb\u00e9m pelos munic\u00edpios de Bel\u00e9m de S\u00e3o Francisco, Lagoa Grande, Santa Maria da Boa Vista, Oroc\u00f3, Cabrob\u00f3, Ibimirim, Petrol\u00e2ndia, Araripina, Parnamirim, Serrita, Floresta, Itacuruba, Serra Talhada, Iguaraci, Afogados da Ingazeira, Cust\u00f3dia e Jatob\u00e1. O cronograma completo est\u00e1 dispon\u00edvel no site https:\/\/www.seplag.pe.gov.br\/.<\/p>\n\n\n\n<p>Requisitos<\/p>\n\n\n\n<p>Para se tornar benefici\u00e1rio no segmento da Fruticultura Irrigada do Chap\u00e9u de Palha, o trabalhador precisa ter acima de 18 anos, ser morador dos munic\u00edpios pernambucanos contemplados por esse segmento do programa.<\/p>\n\n\n\n<p>Al\u00e9m disso, o interessado precisa possuir no \u00faltimo contrato na Carteira de Trabalho Digital a comprova\u00e7\u00e3o de atua\u00e7\u00e3o na atividade, que inclui a fun\u00e7\u00e3o de auxiliar de c\u00e2mara fria e de casa de embalagem, embalador e tratorista, e n\u00e3o estar recebendo seguro-desemprego ou pens\u00e3o pelo INSS.<\/p>\n\n\n\n<p>J\u00e1 no setor de Pesca Artesanal, para ter o benef\u00edcio \u00e9 necess\u00e1rio comprovar o exerc\u00edcio exclusivo da atividade nos \u00faltimos 12 meses com o Registro Geral da Pesca (RGP) e demais documentos.<\/p>\n\n\n\n<p>Os profissionais desempregados por conta da entressafra da fruta ou do per\u00edodo defeso e com idade entre 18 e 29 anos que possuem outro benefici\u00e1rio residindo no mesmo domic\u00edlio tamb\u00e9m podem realizar o cadastramento desde que atendam aos demais requisitos do programa.<\/p>\n\n\n\n<p>Cadastro<\/p>\n\n\n\n<p>Para realizar o cadastro, \u00e9 necess\u00e1rio apresentar o comprovante do PIS ou NIS, RG, CPF, comprovante de resid\u00eancia, Carteira Trabalho Digital expedida at\u00e9 30 dias anteriores ao cadastro e Cadastro Nacional de Informa\u00e7\u00f5es Sociais (CNIS) atualizado.<\/p>\n\n\n\n<p>O programa Chap\u00e9u de Palha atende todos os trabalhadores rurais da fruticultura e da pesca, sejam filiados ou n\u00e3o a sindicatos, associa\u00e7\u00f5es e col\u00f4nias, seguindo o cadastramento conforme o cronograma de cada cidade.<\/p>\n\n\n\n<p>Para mais informa\u00e7\u00f5es, o atendimento \u00e9 feito por meio do telefone: 0800.282.5158 ou (83) 99108-0333, das 8h \u00e0s 12h e das 13h \u00e0s 17h.<\/p>\n","protected":false},"excerpt":{"rendered":"<p>O Governo de Pernambuco inicia na pr\u00f3xima segunda-feira (26), em Petrolina, o cadastramento no Programa Chap\u00e9u de Palha 2026 para<\/p>\n","protected":false},"author":2,"featured_media":72264,"comment_status":"open","ping_status":"open","sticky":false,"template":"","format":"standard","meta":{"jetpack_post_was_ever_published":false,"_jetpack_newsletter_access":"","_jetpack_dont_email_post_to_subs":false,"_jetpack_newsletter_tier_id":0,"_jetpack_memberships_contains_paywalled_content":false,"_jetpack_memberships_contains_paid_content":false,"footnotes":"","jetpack_publicize_message":"","jetpack_publicize_feature_enabled":true,"jetpack_social_post_already_shared":true,"jetpack_social_options":{"image_generator_settings":{"template":"highway","default_image_id":0,"font":"","enabled":false},"version":2}},"categories":[13],"tags":[],"class_list":["post-72263","post","type-post","status-publish","format-standard","has-post-thumbnail","hentry","category-pernambuco"],"yoast_head":"<!-- This site is optimized with the Yoast SEO plugin v27.5 - https:\/\/yoast.com\/product\/yoast-seo-wordpress\/ -->\n<title>Pernambuco inicia cadastramento do Chap\u00e9u de Palha 2026 no Sert\u00e3o - Afogados FM<\/title>\n<meta name=\"robots\" content=\"index, follow, max-snippet:-1, max-image-preview:large, max-video-preview:-1\" \/>\n<link rel=\"canonical\" href=\"https:\/\/afogadosfm.com.br\/afogadosfm\/2026\/01\/25\/pernambuco-inicia-cadastramento-do-chapeu-de-palha-2026-no-sertao\/\" \/>\n<meta property=\"og:locale\" content=\"pt_BR\" \/>\n<meta property=\"og:type\" content=\"article\" \/>\n<meta property=\"og:title\" content=\"Pernambuco inicia cadastramento do Chap\u00e9u de Palha 2026 no Sert\u00e3o - Afogados FM\" \/>\n<meta property=\"og:description\" content=\"O Governo de Pernambuco inicia na pr\u00f3xima segunda-feira (26), em Petrolina, o cadastramento no Programa Chap\u00e9u de Palha 2026 para\" \/>\n<meta property=\"og:url\" content=\"https:\/\/afogadosfm.com.br\/afogadosfm\/2026\/01\/25\/pernambuco-inicia-cadastramento-do-chapeu-de-palha-2026-no-sertao\/\" \/>\n<meta property=\"og:site_name\" content=\"Afogados FM\" \/>\n<meta property=\"article:published_time\" content=\"2026-01-25T09:19:55+00:00\" \/>\n<meta property=\"article:modified_time\" content=\"2026-01-25T09:20:08+00:00\" \/>\n<meta property=\"og:image\" content=\"https:\/\/afogadosfm.com.br\/afogadosfm\/wp-content\/uploads\/2026\/01\/palha.jpeg\" \/>\n\t<meta property=\"og:image:width\" content=\"400\" \/>\n\t<meta property=\"og:image:height\" content=\"266\" \/>\n\t<meta property=\"og:image:type\" content=\"image\/jpeg\" \/>\n<meta name=\"author\" content=\"afogadosfm\" \/>\n<meta name=\"twitter:card\" content=\"summary_large_image\" \/>\n<meta name=\"twitter:label1\" content=\"Escrito por\" \/>\n\t<meta name=\"twitter:data1\" content=\"afogadosfm\" \/>\n\t<meta name=\"twitter:label2\" content=\"Est. tempo de leitura\" \/>\n\t<meta name=\"twitter:data2\" content=\"3 minutos\" \/>\n<script type=\"application\/ld+json\" class=\"yoast-schema-graph\">{\"@context\":\"https:\\\/\\\/schema.org\",\"@graph\":[{\"@type\":\"Article\",\"@id\":\"https:\\\/\\\/afogadosfm.com.br\\\/afogadosfm\\\/2026\\\/01\\\/25\\\/pernambuco-inicia-cadastramento-do-chapeu-de-palha-2026-no-sertao\\\/#article\",\"isPartOf\":{\"@id\":\"https:\\\/\\\/afogadosfm.com.br\\\/afogadosfm\\\/2026\\\/01\\\/25\\\/pernambuco-inicia-cadastramento-do-chapeu-de-palha-2026-no-sertao\\\/\"},\"author\":{\"name\":\"afogadosfm\",\"@id\":\"https:\\\/\\\/afogadosfm.com.br\\\/afogadosfm\\\/#\\\/schema\\\/person\\\/60e56f2cf5dc960fc093fe093d9e9057\"},\"headline\":\"Pernambuco inicia cadastramento do Chap\u00e9u de Palha 2026 no Sert\u00e3o\",\"datePublished\":\"2026-01-25T09:19:55+00:00\",\"dateModified\":\"2026-01-25T09:20:08+00:00\",\"mainEntityOfPage\":{\"@id\":\"https:\\\/\\\/afogadosfm.com.br\\\/afogadosfm\\\/2026\\\/01\\\/25\\\/pernambuco-inicia-cadastramento-do-chapeu-de-palha-2026-no-sertao\\\/\"},\"wordCount\":511,\"commentCount\":0,\"publisher\":{\"@id\":\"https:\\\/\\\/afogadosfm.com.br\\\/afogadosfm\\\/#organization\"},\"image\":{\"@id\":\"https:\\\/\\\/afogadosfm.com.br\\\/afogadosfm\\\/2026\\\/01\\\/25\\\/pernambuco-inicia-cadastramento-do-chapeu-de-palha-2026-no-sertao\\\/#primaryimage\"},\"thumbnailUrl\":\"https:\\\/\\\/i0.wp.com\\\/afogadosfm.com.br\\\/afogadosfm\\\/wp-content\\\/uploads\\\/2026\\\/01\\\/palha.jpeg?fit=400%2C266&ssl=1\",\"articleSection\":[\"Pernambuco\"],\"inLanguage\":\"pt-BR\",\"potentialAction\":[{\"@type\":\"CommentAction\",\"name\":\"Comment\",\"target\":[\"https:\\\/\\\/afogadosfm.com.br\\\/afogadosfm\\\/2026\\\/01\\\/25\\\/pernambuco-inicia-cadastramento-do-chapeu-de-palha-2026-no-sertao\\\/#respond\"]}]},{\"@type\":\"WebPage\",\"@id\":\"https:\\\/\\\/afogadosfm.com.br\\\/afogadosfm\\\/2026\\\/01\\\/25\\\/pernambuco-inicia-cadastramento-do-chapeu-de-palha-2026-no-sertao\\\/\",\"url\":\"https:\\\/\\\/afogadosfm.com.br\\\/afogadosfm\\\/2026\\\/01\\\/25\\\/pernambuco-inicia-cadastramento-do-chapeu-de-palha-2026-no-sertao\\\/\",\"name\":\"Pernambuco inicia cadastramento do Chap\u00e9u de Palha 2026 no Sert\u00e3o - Afogados FM\",\"isPartOf\":{\"@id\":\"https:\\\/\\\/afogadosfm.com.br\\\/afogadosfm\\\/#website\"},\"primaryImageOfPage\":{\"@id\":\"https:\\\/\\\/afogadosfm.com.br\\\/afogadosfm\\\/2026\\\/01\\\/25\\\/pernambuco-inicia-cadastramento-do-chapeu-de-palha-2026-no-sertao\\\/#primaryimage\"},\"image\":{\"@id\":\"https:\\\/\\\/afogadosfm.com.br\\\/afogadosfm\\\/2026\\\/01\\\/25\\\/pernambuco-inicia-cadastramento-do-chapeu-de-palha-2026-no-sertao\\\/#primaryimage\"},\"thumbnailUrl\":\"https:\\\/\\\/i0.wp.com\\\/afogadosfm.com.br\\\/afogadosfm\\\/wp-content\\\/uploads\\\/2026\\\/01\\\/palha.jpeg?fit=400%2C266&ssl=1\",\"datePublished\":\"2026-01-25T09:19:55+00:00\",\"dateModified\":\"2026-01-25T09:20:08+00:00\",\"breadcrumb\":{\"@id\":\"https:\\\/\\\/afogadosfm.com.br\\\/afogadosfm\\\/2026\\\/01\\\/25\\\/pernambuco-inicia-cadastramento-do-chapeu-de-palha-2026-no-sertao\\\/#breadcrumb\"},\"inLanguage\":\"pt-BR\",\"potentialAction\":[{\"@type\":\"ReadAction\",\"target\":[\"https:\\\/\\\/afogadosfm.com.br\\\/afogadosfm\\\/2026\\\/01\\\/25\\\/pernambuco-inicia-cadastramento-do-chapeu-de-palha-2026-no-sertao\\\/\"]}]},{\"@type\":\"ImageObject\",\"inLanguage\":\"pt-BR\",\"@id\":\"https:\\\/\\\/afogadosfm.com.br\\\/afogadosfm\\\/2026\\\/01\\\/25\\\/pernambuco-inicia-cadastramento-do-chapeu-de-palha-2026-no-sertao\\\/#primaryimage\",\"url\":\"https:\\\/\\\/i0.wp.com\\\/afogadosfm.com.br\\\/afogadosfm\\\/wp-content\\\/uploads\\\/2026\\\/01\\\/palha.jpeg?fit=400%2C266&ssl=1\",\"contentUrl\":\"https:\\\/\\\/i0.wp.com\\\/afogadosfm.com.br\\\/afogadosfm\\\/wp-content\\\/uploads\\\/2026\\\/01\\\/palha.jpeg?fit=400%2C266&ssl=1\",\"width\":400,\"height\":266},{\"@type\":\"BreadcrumbList\",\"@id\":\"https:\\\/\\\/afogadosfm.com.br\\\/afogadosfm\\\/2026\\\/01\\\/25\\\/pernambuco-inicia-cadastramento-do-chapeu-de-palha-2026-no-sertao\\\/#breadcrumb\",\"itemListElement\":[{\"@type\":\"ListItem\",\"position\":1,\"name\":\"In\u00edcio\",\"item\":\"https:\\\/\\\/afogadosfm.com.br\\\/afogadosfm\\\/\"},{\"@type\":\"ListItem\",\"position\":2,\"name\":\"Pernambuco inicia cadastramento do Chap\u00e9u de Palha 2026 no Sert\u00e3o\"}]},{\"@type\":\"WebSite\",\"@id\":\"https:\\\/\\\/afogadosfm.com.br\\\/afogadosfm\\\/#website\",\"url\":\"https:\\\/\\\/afogadosfm.com.br\\\/afogadosfm\\\/\",\"name\":\"Afogados FM\",\"description\":\"Um site completo!\",\"publisher\":{\"@id\":\"https:\\\/\\\/afogadosfm.com.br\\\/afogadosfm\\\/#organization\"},\"potentialAction\":[{\"@type\":\"SearchAction\",\"target\":{\"@type\":\"EntryPoint\",\"urlTemplate\":\"https:\\\/\\\/afogadosfm.com.br\\\/afogadosfm\\\/?s={search_term_string}\"},\"query-input\":{\"@type\":\"PropertyValueSpecification\",\"valueRequired\":true,\"valueName\":\"search_term_string\"}}],\"inLanguage\":\"pt-BR\"},{\"@type\":\"Organization\",\"@id\":\"https:\\\/\\\/afogadosfm.com.br\\\/afogadosfm\\\/#organization\",\"name\":\"Afogados FM\",\"url\":\"https:\\\/\\\/afogadosfm.com.br\\\/afogadosfm\\\/\",\"logo\":{\"@type\":\"ImageObject\",\"inLanguage\":\"pt-BR\",\"@id\":\"https:\\\/\\\/afogadosfm.com.br\\\/afogadosfm\\\/#\\\/schema\\\/logo\\\/image\\\/\",\"url\":\"https:\\\/\\\/i0.wp.com\\\/afogadosfm.com.br\\\/afogadosfm\\\/wp-content\\\/uploads\\\/2020\\\/06\\\/cropped-banner-afogados-4.jpg?fit=369%2C137&ssl=1\",\"contentUrl\":\"https:\\\/\\\/i0.wp.com\\\/afogadosfm.com.br\\\/afogadosfm\\\/wp-content\\\/uploads\\\/2020\\\/06\\\/cropped-banner-afogados-4.jpg?fit=369%2C137&ssl=1\",\"width\":369,\"height\":137,\"caption\":\"Afogados FM\"},\"image\":{\"@id\":\"https:\\\/\\\/afogadosfm.com.br\\\/afogadosfm\\\/#\\\/schema\\\/logo\\\/image\\\/\"}},{\"@type\":\"Person\",\"@id\":\"https:\\\/\\\/afogadosfm.com.br\\\/afogadosfm\\\/#\\\/schema\\\/person\\\/60e56f2cf5dc960fc093fe093d9e9057\",\"name\":\"afogadosfm\",\"image\":{\"@type\":\"ImageObject\",\"inLanguage\":\"pt-BR\",\"@id\":\"https:\\\/\\\/secure.gravatar.com\\\/avatar\\\/e0359add7ed5dc3560906d861b52c6a8cf5c1e199d3a7dd85070998f49bd4701?s=96&d=mm&r=g\",\"url\":\"https:\\\/\\\/secure.gravatar.com\\\/avatar\\\/e0359add7ed5dc3560906d861b52c6a8cf5c1e199d3a7dd85070998f49bd4701?s=96&d=mm&r=g\",\"contentUrl\":\"https:\\\/\\\/secure.gravatar.com\\\/avatar\\\/e0359add7ed5dc3560906d861b52c6a8cf5c1e199d3a7dd85070998f49bd4701?s=96&d=mm&r=g\",\"caption\":\"afogadosfm\"},\"url\":\"https:\\\/\\\/afogadosfm.com.br\\\/afogadosfm\\\/author\\\/afogadosfm\\\/\"}]}<\/script>\n<!-- \/ Yoast SEO plugin. -->","yoast_head_json":{"title":"Pernambuco inicia cadastramento do Chap\u00e9u de Palha 2026 no Sert\u00e3o - Afogados FM","robots":{"index":"index","follow":"follow","max-snippet":"max-snippet:-1","max-image-preview":"max-image-preview:large","max-video-preview":"max-video-preview:-1"},"canonical":"https:\/\/afogadosfm.com.br\/afogadosfm\/2026\/01\/25\/pernambuco-inicia-cadastramento-do-chapeu-de-palha-2026-no-sertao\/","og_locale":"pt_BR","og_type":"article","og_title":"Pernambuco inicia cadastramento do Chap\u00e9u de Palha 2026 no Sert\u00e3o - Afogados FM","og_description":"O Governo de Pernambuco inicia na pr\u00f3xima segunda-feira (26), em Petrolina, o cadastramento no Programa Chap\u00e9u de Palha 2026 para","og_url":"https:\/\/afogadosfm.com.br\/afogadosfm\/2026\/01\/25\/pernambuco-inicia-cadastramento-do-chapeu-de-palha-2026-no-sertao\/","og_site_name":"Afogados FM","article_published_time":"2026-01-25T09:19:55+00:00","article_modified_time":"2026-01-25T09:20:08+00:00","og_image":[{"width":400,"height":266,"url":"https:\/\/afogadosfm.com.br\/afogadosfm\/wp-content\/uploads\/2026\/01\/palha.jpeg","type":"image\/jpeg"}],"author":"afogadosfm","twitter_card":"summary_large_image","twitter_misc":{"Escrito por":"afogadosfm","Est. tempo de leitura":"3 minutos"},"schema":{"@context":"https:\/\/schema.org","@graph":[{"@type":"Article","@id":"https:\/\/afogadosfm.com.br\/afogadosfm\/2026\/01\/25\/pernambuco-inicia-cadastramento-do-chapeu-de-palha-2026-no-sertao\/#article","isPartOf":{"@id":"https:\/\/afogadosfm.com.br\/afogadosfm\/2026\/01\/25\/pernambuco-inicia-cadastramento-do-chapeu-de-palha-2026-no-sertao\/"},"author":{"name":"afogadosfm","@id":"https:\/\/afogadosfm.com.br\/afogadosfm\/#\/schema\/person\/60e56f2cf5dc960fc093fe093d9e9057"},"headline":"Pernambuco inicia cadastramento do Chap\u00e9u de Palha 2026 no Sert\u00e3o","datePublished":"2026-01-25T09:19:55+00:00","dateModified":"2026-01-25T09:20:08+00:00","mainEntityOfPage":{"@id":"https:\/\/afogadosfm.com.br\/afogadosfm\/2026\/01\/25\/pernambuco-inicia-cadastramento-do-chapeu-de-palha-2026-no-sertao\/"},"wordCount":511,"commentCount":0,"publisher":{"@id":"https:\/\/afogadosfm.com.br\/afogadosfm\/#organization"},"image":{"@id":"https:\/\/afogadosfm.com.br\/afogadosfm\/2026\/01\/25\/pernambuco-inicia-cadastramento-do-chapeu-de-palha-2026-no-sertao\/#primaryimage"},"thumbnailUrl":"https:\/\/i0.wp.com\/afogadosfm.com.br\/afogadosfm\/wp-content\/uploads\/2026\/01\/palha.jpeg?fit=400%2C266&ssl=1","articleSection":["Pernambuco"],"inLanguage":"pt-BR","potentialAction":[{"@type":"CommentAction","name":"Comment","target":["https:\/\/afogadosfm.com.br\/afogadosfm\/2026\/01\/25\/pernambuco-inicia-cadastramento-do-chapeu-de-palha-2026-no-sertao\/#respond"]}]},{"@type":"WebPage","@id":"https:\/\/afogadosfm.com.br\/afogadosfm\/2026\/01\/25\/pernambuco-inicia-cadastramento-do-chapeu-de-palha-2026-no-sertao\/","url":"https:\/\/afogadosfm.com.br\/afogadosfm\/2026\/01\/25\/pernambuco-inicia-cadastramento-do-chapeu-de-palha-2026-no-sertao\/","name":"Pernambuco inicia cadastramento do Chap\u00e9u de Palha 2026 no Sert\u00e3o - Afogados FM","isPartOf":{"@id":"https:\/\/afogadosfm.com.br\/afogadosfm\/#website"},"primaryImageOfPage":{"@id":"https:\/\/afogadosfm.com.br\/afogadosfm\/2026\/01\/25\/pernambuco-inicia-cadastramento-do-chapeu-de-palha-2026-no-sertao\/#primaryimage"},"image":{"@id":"https:\/\/afogadosfm.com.br\/afogadosfm\/2026\/01\/25\/pernambuco-inicia-cadastramento-do-chapeu-de-palha-2026-no-sertao\/#primaryimage"},"thumbnailUrl":"https:\/\/i0.wp.com\/afogadosfm.com.br\/afogadosfm\/wp-content\/uploads\/2026\/01\/palha.jpeg?fit=400%2C266&ssl=1","datePublished":"2026-01-25T09:19:55+00:00","dateModified":"2026-01-25T09:20:08+00:00","breadcrumb":{"@id":"https:\/\/afogadosfm.com.br\/afogadosfm\/2026\/01\/25\/pernambuco-inicia-cadastramento-do-chapeu-de-palha-2026-no-sertao\/#breadcrumb"},"inLanguage":"pt-BR","potentialAction":[{"@type":"ReadAction","target":["https:\/\/afogadosfm.com.br\/afogadosfm\/2026\/01\/25\/pernambuco-inicia-cadastramento-do-chapeu-de-palha-2026-no-sertao\/"]}]},{"@type":"ImageObject","inLanguage":"pt-BR","@id":"https:\/\/afogadosfm.com.br\/afogadosfm\/2026\/01\/25\/pernambuco-inicia-cadastramento-do-chapeu-de-palha-2026-no-sertao\/#primaryimage","url":"https:\/\/i0.wp.com\/afogadosfm.com.br\/afogadosfm\/wp-content\/uploads\/2026\/01\/palha.jpeg?fit=400%2C266&ssl=1","contentUrl":"https:\/\/i0.wp.com\/afogadosfm.com.br\/afogadosfm\/wp-content\/uploads\/2026\/01\/palha.jpeg?fit=400%2C266&ssl=1","width":400,"height":266},{"@type":"BreadcrumbList","@id":"https:\/\/afogadosfm.com.br\/afogadosfm\/2026\/01\/25\/pernambuco-inicia-cadastramento-do-chapeu-de-palha-2026-no-sertao\/#breadcrumb","itemListElement":[{"@type":"ListItem","position":1,"name":"In\u00edcio","item":"https:\/\/afogadosfm.com.br\/afogadosfm\/"},{"@type":"ListItem","position":2,"name":"Pernambuco inicia cadastramento do Chap\u00e9u de Palha 2026 no Sert\u00e3o"}]},{"@type":"WebSite","@id":"https:\/\/afogadosfm.com.br\/afogadosfm\/#website","url":"https:\/\/afogadosfm.com.br\/afogadosfm\/","name":"Afogados FM","description":"Um site completo!","publisher":{"@id":"https:\/\/afogadosfm.com.br\/afogadosfm\/#organization"},"potentialAction":[{"@type":"SearchAction","target":{"@type":"EntryPoint","urlTemplate":"https:\/\/afogadosfm.com.br\/afogadosfm\/?s={search_term_string}"},"query-input":{"@type":"PropertyValueSpecification","valueRequired":true,"valueName":"search_term_string"}}],"inLanguage":"pt-BR"},{"@type":"Organization","@id":"https:\/\/afogadosfm.com.br\/afogadosfm\/#organization","name":"Afogados FM","url":"https:\/\/afogadosfm.com.br\/afogadosfm\/","logo":{"@type":"ImageObject","inLanguage":"pt-BR","@id":"https:\/\/afogadosfm.com.br\/afogadosfm\/#\/schema\/logo\/image\/","url":"https:\/\/i0.wp.com\/afogadosfm.com.br\/afogadosfm\/wp-content\/uploads\/2020\/06\/cropped-banner-afogados-4.jpg?fit=369%2C137&ssl=1","contentUrl":"https:\/\/i0.wp.com\/afogadosfm.com.br\/afogadosfm\/wp-content\/uploads\/2020\/06\/cropped-banner-afogados-4.jpg?fit=369%2C137&ssl=1","width":369,"height":137,"caption":"Afogados FM"},"image":{"@id":"https:\/\/afogadosfm.com.br\/afogadosfm\/#\/schema\/logo\/image\/"}},{"@type":"Person","@id":"https:\/\/afogadosfm.com.br\/afogadosfm\/#\/schema\/person\/60e56f2cf5dc960fc093fe093d9e9057","name":"afogadosfm","image":{"@type":"ImageObject","inLanguage":"pt-BR","@id":"https:\/\/secure.gravatar.com\/avatar\/e0359add7ed5dc3560906d861b52c6a8cf5c1e199d3a7dd85070998f49bd4701?s=96&d=mm&r=g","url":"https:\/\/secure.gravatar.com\/avatar\/e0359add7ed5dc3560906d861b52c6a8cf5c1e199d3a7dd85070998f49bd4701?s=96&d=mm&r=g","contentUrl":"https:\/\/secure.gravatar.com\/avatar\/e0359add7ed5dc3560906d861b52c6a8cf5c1e199d3a7dd85070998f49bd4701?s=96&d=mm&r=g","caption":"afogadosfm"},"url":"https:\/\/afogadosfm.com.br\/afogadosfm\/author\/afogadosfm\/"}]}},"jetpack_publicize_connections":[],"jetpack_featured_media_url":"https:\/\/i0.wp.com\/afogadosfm.com.br\/afogadosfm\/wp-content\/uploads\/2026\/01\/palha.jpeg?fit=400%2C266&ssl=1","jetpack-related-posts":[],"jetpack_sharing_enabled":true,"jetpack_likes_enabled":true,"_links":{"self":[{"href":"https:\/\/afogadosfm.com.br\/afogadosfm\/wp-json\/wp\/v2\/posts\/72263","targetHints":{"allow":["GET"]}}],"collection":[{"href":"https:\/\/afogadosfm.com.br\/afogadosfm\/wp-json\/wp\/v2\/posts"}],"about":[{"href":"https:\/\/afogadosfm.com.br\/afogadosfm\/wp-json\/wp\/v2\/types\/post"}],"author":[{"embeddable":true,"href":"https:\/\/afogadosfm.com.br\/afogadosfm\/wp-json\/wp\/v2\/users\/2"}],"replies":[{"embeddable":true,"href":"https:\/\/afogadosfm.com.br\/afogadosfm\/wp-json\/wp\/v2\/comments?post=72263"}],"version-history":[{"count":1,"href":"https:\/\/afogadosfm.com.br\/afogadosfm\/wp-json\/wp\/v2\/posts\/72263\/revisions"}],"predecessor-version":[{"id":72265,"href":"https:\/\/afogadosfm.com.br\/afogadosfm\/wp-json\/wp\/v2\/posts\/72263\/revisions\/72265"}],"wp:featuredmedia":[{"embeddable":true,"href":"https:\/\/afogadosfm.com.br\/afogadosfm\/wp-json\/wp\/v2\/media\/72264"}],"wp:attachment":[{"href":"https:\/\/afogadosfm.com.br\/afogadosfm\/wp-json\/wp\/v2\/media?parent=72263"}],"wp:term":[{"taxonomy":"category","embeddable":true,"href":"https:\/\/afogadosfm.com.br\/afogadosfm\/wp-json\/wp\/v2\/categories?post=72263"},{"taxonomy":"post_tag","embeddable":true,"href":"https:\/\/afogadosfm.com.br\/afogadosfm\/wp-json\/wp\/v2\/tags?post=72263"}],"curies":[{"name":"wp","href":"https:\/\/api.w.org\/{rel}","templated":true}]}}