{"id":72269,"date":"2026-01-25T06:31:25","date_gmt":"2026-01-25T09:31:25","guid":{"rendered":"https:\/\/afogadosfm.com.br\/afogadosfm\/?p=72269"},"modified":"2026-01-25T06:31:27","modified_gmt":"2026-01-25T09:31:27","slug":"blocos-galo-da-madrugada-e-cordao-do-bola-preta-sem-encontraram-em-recife","status":"publish","type":"post","link":"https:\/\/afogadosfm.com.br\/afogadosfm\/2026\/01\/25\/blocos-galo-da-madrugada-e-cordao-do-bola-preta-sem-encontraram-em-recife\/","title":{"rendered":"Blocos Galo da Madrugada e Cord\u00e3o do Bola Preta sem encontraram em Recife"},"content":{"rendered":"\n<p>Um evento in\u00e9dito reuniu, no Bairro do Recife, os dois maiores blocos de rua do Brasil, \u00edcones do Carnaval: Cord\u00e3o do Bola Preta, do Rio de Janeiro, e Galo da Madrugada, da capital pernambucana. A Casabloco, que chega \u00e0 s\u00e9tima edi\u00e7\u00e3o, aterrissou pela primeira vez na cidade, no s\u00e1bado (24), na Pra\u00e7a do Arsenal, que ficou lotada de pessoas que ca\u00edram no passo da folia de Momo.<\/p>\n\n\n\n<p> O Cord\u00e3o do Bola Preta subiu ao palco a partir das 20h. Fundado em 1918 e reconhecido como Patrim\u00f4nio Hist\u00f3rico, Cultural e Imaterial do Estado do Rio de Janeiro, o megabloco come\u00e7ou a apresenta\u00e7\u00e3o cantando \u2018Cidade Maravilhosa\u2019, com orquestra musical e musas.<\/p>\n\n\n\n<p> Logo ap\u00f3s vieram outras marchinhas carnavalescas, como \u2018Cabeleira do Zez\u00e9\u2019 e \u2018O Teu Cabelo N\u00e3o Nega\u2019. Milton Cunha, comentarista de Carnaval da TV Globo, foi quem apresentou o evento.<\/p>\n\n\n\n<p>Em cortejo pelas ruas do centro do Recife, o Galo da Madrugada chegou ao grande palco por volta das 21h12. Foi quando os clarins soaram o reinado do gigante pernambucano e os dois estandartes se \u2018beijaram\u2019.<\/p>\n\n\n\n<p> \u201cN\u00f3s somos irm\u00e3os e defendemos nossa cultura. \u00c9 isso que vale: fazer o Carnaval para voc\u00eas e os cariocas, no S\u00e1bado de Z\u00e9 Pereira. Estamos muito felizes em receber voc\u00eas aqui. Sejam bem-vindos \u00e0 essa cidade que ama Carnaval. Sei que voc\u00eas fazem Carnaval no Rio h\u00e1 mais de 100 anos. \u00c9 um desafio grande. Eu sei o que \u00e9 isso. Parab\u00e9ns! Voltem sempre!\u201d, comentou Rodrigo Menezes, vice-presidente do Galo da Madrugada.<\/p>\n\n\n\n<p> \u201cGalo da Madrugada e Cord\u00e3o da Bola Preta s\u00e3o tradi\u00e7\u00e3o, paz, amor e folia. Adoramos o Galo da Madrugada e o povo pernambucano. Esse encontro vai ficar gravado para sempre nas p\u00e1ginas da hist\u00f3ria do Cord\u00e3o da Bola Preta e do Galo da Madrugada\u201d, completou o presidente do megabloco carioca, Pedro Ernesto.<\/p>\n","protected":false},"excerpt":{"rendered":"<p>Um evento in\u00e9dito reuniu, no Bairro do Recife, os dois maiores blocos de rua do Brasil, \u00edcones do Carnaval: Cord\u00e3o<\/p>\n","protected":false},"author":2,"featured_media":1859,"comment_status":"open","ping_status":"open","sticky":false,"template":"","format":"standard","meta":{"jetpack_post_was_ever_published":false,"_jetpack_newsletter_access":"","_jetpack_dont_email_post_to_subs":false,"_jetpack_newsletter_tier_id":0,"_jetpack_memberships_contains_paywalled_content":false,"_jetpack_memberships_contains_paid_content":false,"footnotes":"","jetpack_publicize_message":"","jetpack_publicize_feature_enabled":true,"jetpack_social_post_already_shared":true,"jetpack_social_options":{"image_generator_settings":{"template":"highway","default_image_id":0,"font":"","enabled":false},"version":2}},"categories":[13],"tags":[],"class_list":["post-72269","post","type-post","status-publish","format-standard","has-post-thumbnail","hentry","category-pernambuco"],"yoast_head":"<!-- This site is optimized with the Yoast SEO plugin v27.5 - https:\/\/yoast.com\/product\/yoast-seo-wordpress\/ -->\n<title>Blocos Galo da Madrugada e Cord\u00e3o do Bola Preta sem encontraram em Recife - Afogados FM<\/title>\n<meta name=\"robots\" content=\"index, follow, max-snippet:-1, max-image-preview:large, max-video-preview:-1\" \/>\n<link rel=\"canonical\" href=\"https:\/\/afogadosfm.com.br\/afogadosfm\/2026\/01\/25\/blocos-galo-da-madrugada-e-cordao-do-bola-preta-sem-encontraram-em-recife\/\" \/>\n<meta property=\"og:locale\" content=\"pt_BR\" \/>\n<meta property=\"og:type\" content=\"article\" \/>\n<meta property=\"og:title\" content=\"Blocos Galo da Madrugada e Cord\u00e3o do Bola Preta sem encontraram em Recife - Afogados FM\" \/>\n<meta property=\"og:description\" content=\"Um evento in\u00e9dito reuniu, no Bairro do Recife, os dois maiores blocos de rua do Brasil, \u00edcones do Carnaval: Cord\u00e3o\" \/>\n<meta property=\"og:url\" content=\"https:\/\/afogadosfm.com.br\/afogadosfm\/2026\/01\/25\/blocos-galo-da-madrugada-e-cordao-do-bola-preta-sem-encontraram-em-recife\/\" \/>\n<meta property=\"og:site_name\" content=\"Afogados FM\" \/>\n<meta property=\"article:published_time\" content=\"2026-01-25T09:31:25+00:00\" \/>\n<meta property=\"article:modified_time\" content=\"2026-01-25T09:31:27+00:00\" \/>\n<meta property=\"og:image\" content=\"https:\/\/afogadosfm.com.br\/afogadosfm\/wp-content\/uploads\/2018\/01\/carnaval-frevo.jpg\" \/>\n\t<meta property=\"og:image:width\" content=\"145\" \/>\n\t<meta property=\"og:image:height\" content=\"167\" \/>\n\t<meta property=\"og:image:type\" content=\"image\/jpeg\" \/>\n<meta name=\"author\" content=\"afogadosfm\" \/>\n<meta name=\"twitter:card\" content=\"summary_large_image\" \/>\n<meta name=\"twitter:label1\" content=\"Escrito por\" \/>\n\t<meta name=\"twitter:data1\" content=\"afogadosfm\" \/>\n\t<meta name=\"twitter:label2\" content=\"Est. tempo de leitura\" \/>\n\t<meta name=\"twitter:data2\" content=\"2 minutos\" \/>\n<script type=\"application\/ld+json\" class=\"yoast-schema-graph\">{\"@context\":\"https:\\\/\\\/schema.org\",\"@graph\":[{\"@type\":\"Article\",\"@id\":\"https:\\\/\\\/afogadosfm.com.br\\\/afogadosfm\\\/2026\\\/01\\\/25\\\/blocos-galo-da-madrugada-e-cordao-do-bola-preta-sem-encontraram-em-recife\\\/#article\",\"isPartOf\":{\"@id\":\"https:\\\/\\\/afogadosfm.com.br\\\/afogadosfm\\\/2026\\\/01\\\/25\\\/blocos-galo-da-madrugada-e-cordao-do-bola-preta-sem-encontraram-em-recife\\\/\"},\"author\":{\"name\":\"afogadosfm\",\"@id\":\"https:\\\/\\\/afogadosfm.com.br\\\/afogadosfm\\\/#\\\/schema\\\/person\\\/60e56f2cf5dc960fc093fe093d9e9057\"},\"headline\":\"Blocos Galo da Madrugada e Cord\u00e3o do Bola Preta sem encontraram em Recife\",\"datePublished\":\"2026-01-25T09:31:25+00:00\",\"dateModified\":\"2026-01-25T09:31:27+00:00\",\"mainEntityOfPage\":{\"@id\":\"https:\\\/\\\/afogadosfm.com.br\\\/afogadosfm\\\/2026\\\/01\\\/25\\\/blocos-galo-da-madrugada-e-cordao-do-bola-preta-sem-encontraram-em-recife\\\/\"},\"wordCount\":331,\"commentCount\":0,\"publisher\":{\"@id\":\"https:\\\/\\\/afogadosfm.com.br\\\/afogadosfm\\\/#organization\"},\"image\":{\"@id\":\"https:\\\/\\\/afogadosfm.com.br\\\/afogadosfm\\\/2026\\\/01\\\/25\\\/blocos-galo-da-madrugada-e-cordao-do-bola-preta-sem-encontraram-em-recife\\\/#primaryimage\"},\"thumbnailUrl\":\"https:\\\/\\\/i0.wp.com\\\/afogadosfm.com.br\\\/afogadosfm\\\/wp-content\\\/uploads\\\/2018\\\/01\\\/carnaval-frevo.jpg?fit=145%2C167&ssl=1\",\"articleSection\":[\"Pernambuco\"],\"inLanguage\":\"pt-BR\",\"potentialAction\":[{\"@type\":\"CommentAction\",\"name\":\"Comment\",\"target\":[\"https:\\\/\\\/afogadosfm.com.br\\\/afogadosfm\\\/2026\\\/01\\\/25\\\/blocos-galo-da-madrugada-e-cordao-do-bola-preta-sem-encontraram-em-recife\\\/#respond\"]}]},{\"@type\":\"WebPage\",\"@id\":\"https:\\\/\\\/afogadosfm.com.br\\\/afogadosfm\\\/2026\\\/01\\\/25\\\/blocos-galo-da-madrugada-e-cordao-do-bola-preta-sem-encontraram-em-recife\\\/\",\"url\":\"https:\\\/\\\/afogadosfm.com.br\\\/afogadosfm\\\/2026\\\/01\\\/25\\\/blocos-galo-da-madrugada-e-cordao-do-bola-preta-sem-encontraram-em-recife\\\/\",\"name\":\"Blocos Galo da Madrugada e Cord\u00e3o do Bola Preta sem encontraram em Recife - Afogados FM\",\"isPartOf\":{\"@id\":\"https:\\\/\\\/afogadosfm.com.br\\\/afogadosfm\\\/#website\"},\"primaryImageOfPage\":{\"@id\":\"https:\\\/\\\/afogadosfm.com.br\\\/afogadosfm\\\/2026\\\/01\\\/25\\\/blocos-galo-da-madrugada-e-cordao-do-bola-preta-sem-encontraram-em-recife\\\/#primaryimage\"},\"image\":{\"@id\":\"https:\\\/\\\/afogadosfm.com.br\\\/afogadosfm\\\/2026\\\/01\\\/25\\\/blocos-galo-da-madrugada-e-cordao-do-bola-preta-sem-encontraram-em-recife\\\/#primaryimage\"},\"thumbnailUrl\":\"https:\\\/\\\/i0.wp.com\\\/afogadosfm.com.br\\\/afogadosfm\\\/wp-content\\\/uploads\\\/2018\\\/01\\\/carnaval-frevo.jpg?fit=145%2C167&ssl=1\",\"datePublished\":\"2026-01-25T09:31:25+00:00\",\"dateModified\":\"2026-01-25T09:31:27+00:00\",\"breadcrumb\":{\"@id\":\"https:\\\/\\\/afogadosfm.com.br\\\/afogadosfm\\\/2026\\\/01\\\/25\\\/blocos-galo-da-madrugada-e-cordao-do-bola-preta-sem-encontraram-em-recife\\\/#breadcrumb\"},\"inLanguage\":\"pt-BR\",\"potentialAction\":[{\"@type\":\"ReadAction\",\"target\":[\"https:\\\/\\\/afogadosfm.com.br\\\/afogadosfm\\\/2026\\\/01\\\/25\\\/blocos-galo-da-madrugada-e-cordao-do-bola-preta-sem-encontraram-em-recife\\\/\"]}]},{\"@type\":\"ImageObject\",\"inLanguage\":\"pt-BR\",\"@id\":\"https:\\\/\\\/afogadosfm.com.br\\\/afogadosfm\\\/2026\\\/01\\\/25\\\/blocos-galo-da-madrugada-e-cordao-do-bola-preta-sem-encontraram-em-recife\\\/#primaryimage\",\"url\":\"https:\\\/\\\/i0.wp.com\\\/afogadosfm.com.br\\\/afogadosfm\\\/wp-content\\\/uploads\\\/2018\\\/01\\\/carnaval-frevo.jpg?fit=145%2C167&ssl=1\",\"contentUrl\":\"https:\\\/\\\/i0.wp.com\\\/afogadosfm.com.br\\\/afogadosfm\\\/wp-content\\\/uploads\\\/2018\\\/01\\\/carnaval-frevo.jpg?fit=145%2C167&ssl=1\",\"width\":145,\"height\":167},{\"@type\":\"BreadcrumbList\",\"@id\":\"https:\\\/\\\/afogadosfm.com.br\\\/afogadosfm\\\/2026\\\/01\\\/25\\\/blocos-galo-da-madrugada-e-cordao-do-bola-preta-sem-encontraram-em-recife\\\/#breadcrumb\",\"itemListElement\":[{\"@type\":\"ListItem\",\"position\":1,\"name\":\"In\u00edcio\",\"item\":\"https:\\\/\\\/afogadosfm.com.br\\\/afogadosfm\\\/\"},{\"@type\":\"ListItem\",\"position\":2,\"name\":\"Blocos Galo da Madrugada e Cord\u00e3o do Bola Preta sem encontraram em Recife\"}]},{\"@type\":\"WebSite\",\"@id\":\"https:\\\/\\\/afogadosfm.com.br\\\/afogadosfm\\\/#website\",\"url\":\"https:\\\/\\\/afogadosfm.com.br\\\/afogadosfm\\\/\",\"name\":\"Afogados FM\",\"description\":\"Um site completo!\",\"publisher\":{\"@id\":\"https:\\\/\\\/afogadosfm.com.br\\\/afogadosfm\\\/#organization\"},\"potentialAction\":[{\"@type\":\"SearchAction\",\"target\":{\"@type\":\"EntryPoint\",\"urlTemplate\":\"https:\\\/\\\/afogadosfm.com.br\\\/afogadosfm\\\/?s={search_term_string}\"},\"query-input\":{\"@type\":\"PropertyValueSpecification\",\"valueRequired\":true,\"valueName\":\"search_term_string\"}}],\"inLanguage\":\"pt-BR\"},{\"@type\":\"Organization\",\"@id\":\"https:\\\/\\\/afogadosfm.com.br\\\/afogadosfm\\\/#organization\",\"name\":\"Afogados FM\",\"url\":\"https:\\\/\\\/afogadosfm.com.br\\\/afogadosfm\\\/\",\"logo\":{\"@type\":\"ImageObject\",\"inLanguage\":\"pt-BR\",\"@id\":\"https:\\\/\\\/afogadosfm.com.br\\\/afogadosfm\\\/#\\\/schema\\\/logo\\\/image\\\/\",\"url\":\"https:\\\/\\\/i0.wp.com\\\/afogadosfm.com.br\\\/afogadosfm\\\/wp-content\\\/uploads\\\/2020\\\/06\\\/cropped-banner-afogados-4.jpg?fit=369%2C137&ssl=1\",\"contentUrl\":\"https:\\\/\\\/i0.wp.com\\\/afogadosfm.com.br\\\/afogadosfm\\\/wp-content\\\/uploads\\\/2020\\\/06\\\/cropped-banner-afogados-4.jpg?fit=369%2C137&ssl=1\",\"width\":369,\"height\":137,\"caption\":\"Afogados FM\"},\"image\":{\"@id\":\"https:\\\/\\\/afogadosfm.com.br\\\/afogadosfm\\\/#\\\/schema\\\/logo\\\/image\\\/\"}},{\"@type\":\"Person\",\"@id\":\"https:\\\/\\\/afogadosfm.com.br\\\/afogadosfm\\\/#\\\/schema\\\/person\\\/60e56f2cf5dc960fc093fe093d9e9057\",\"name\":\"afogadosfm\",\"image\":{\"@type\":\"ImageObject\",\"inLanguage\":\"pt-BR\",\"@id\":\"https:\\\/\\\/secure.gravatar.com\\\/avatar\\\/e0359add7ed5dc3560906d861b52c6a8cf5c1e199d3a7dd85070998f49bd4701?s=96&d=mm&r=g\",\"url\":\"https:\\\/\\\/secure.gravatar.com\\\/avatar\\\/e0359add7ed5dc3560906d861b52c6a8cf5c1e199d3a7dd85070998f49bd4701?s=96&d=mm&r=g\",\"contentUrl\":\"https:\\\/\\\/secure.gravatar.com\\\/avatar\\\/e0359add7ed5dc3560906d861b52c6a8cf5c1e199d3a7dd85070998f49bd4701?s=96&d=mm&r=g\",\"caption\":\"afogadosfm\"},\"url\":\"https:\\\/\\\/afogadosfm.com.br\\\/afogadosfm\\\/author\\\/afogadosfm\\\/\"}]}<\/script>\n<!-- \/ Yoast SEO plugin. -->","yoast_head_json":{"title":"Blocos Galo da Madrugada e Cord\u00e3o do Bola Preta sem encontraram em Recife - Afogados FM","robots":{"index":"index","follow":"follow","max-snippet":"max-snippet:-1","max-image-preview":"max-image-preview:large","max-video-preview":"max-video-preview:-1"},"canonical":"https:\/\/afogadosfm.com.br\/afogadosfm\/2026\/01\/25\/blocos-galo-da-madrugada-e-cordao-do-bola-preta-sem-encontraram-em-recife\/","og_locale":"pt_BR","og_type":"article","og_title":"Blocos Galo da Madrugada e Cord\u00e3o do Bola Preta sem encontraram em Recife - Afogados FM","og_description":"Um evento in\u00e9dito reuniu, no Bairro do Recife, os dois maiores blocos de rua do Brasil, \u00edcones do Carnaval: Cord\u00e3o","og_url":"https:\/\/afogadosfm.com.br\/afogadosfm\/2026\/01\/25\/blocos-galo-da-madrugada-e-cordao-do-bola-preta-sem-encontraram-em-recife\/","og_site_name":"Afogados FM","article_published_time":"2026-01-25T09:31:25+00:00","article_modified_time":"2026-01-25T09:31:27+00:00","og_image":[{"width":145,"height":167,"url":"https:\/\/afogadosfm.com.br\/afogadosfm\/wp-content\/uploads\/2018\/01\/carnaval-frevo.jpg","type":"image\/jpeg"}],"author":"afogadosfm","twitter_card":"summary_large_image","twitter_misc":{"Escrito por":"afogadosfm","Est. tempo de leitura":"2 minutos"},"schema":{"@context":"https:\/\/schema.org","@graph":[{"@type":"Article","@id":"https:\/\/afogadosfm.com.br\/afogadosfm\/2026\/01\/25\/blocos-galo-da-madrugada-e-cordao-do-bola-preta-sem-encontraram-em-recife\/#article","isPartOf":{"@id":"https:\/\/afogadosfm.com.br\/afogadosfm\/2026\/01\/25\/blocos-galo-da-madrugada-e-cordao-do-bola-preta-sem-encontraram-em-recife\/"},"author":{"name":"afogadosfm","@id":"https:\/\/afogadosfm.com.br\/afogadosfm\/#\/schema\/person\/60e56f2cf5dc960fc093fe093d9e9057"},"headline":"Blocos Galo da Madrugada e Cord\u00e3o do Bola Preta sem encontraram em Recife","datePublished":"2026-01-25T09:31:25+00:00","dateModified":"2026-01-25T09:31:27+00:00","mainEntityOfPage":{"@id":"https:\/\/afogadosfm.com.br\/afogadosfm\/2026\/01\/25\/blocos-galo-da-madrugada-e-cordao-do-bola-preta-sem-encontraram-em-recife\/"},"wordCount":331,"commentCount":0,"publisher":{"@id":"https:\/\/afogadosfm.com.br\/afogadosfm\/#organization"},"image":{"@id":"https:\/\/afogadosfm.com.br\/afogadosfm\/2026\/01\/25\/blocos-galo-da-madrugada-e-cordao-do-bola-preta-sem-encontraram-em-recife\/#primaryimage"},"thumbnailUrl":"https:\/\/i0.wp.com\/afogadosfm.com.br\/afogadosfm\/wp-content\/uploads\/2018\/01\/carnaval-frevo.jpg?fit=145%2C167&ssl=1","articleSection":["Pernambuco"],"inLanguage":"pt-BR","potentialAction":[{"@type":"CommentAction","name":"Comment","target":["https:\/\/afogadosfm.com.br\/afogadosfm\/2026\/01\/25\/blocos-galo-da-madrugada-e-cordao-do-bola-preta-sem-encontraram-em-recife\/#respond"]}]},{"@type":"WebPage","@id":"https:\/\/afogadosfm.com.br\/afogadosfm\/2026\/01\/25\/blocos-galo-da-madrugada-e-cordao-do-bola-preta-sem-encontraram-em-recife\/","url":"https:\/\/afogadosfm.com.br\/afogadosfm\/2026\/01\/25\/blocos-galo-da-madrugada-e-cordao-do-bola-preta-sem-encontraram-em-recife\/","name":"Blocos Galo da Madrugada e Cord\u00e3o do Bola Preta sem encontraram em Recife - Afogados FM","isPartOf":{"@id":"https:\/\/afogadosfm.com.br\/afogadosfm\/#website"},"primaryImageOfPage":{"@id":"https:\/\/afogadosfm.com.br\/afogadosfm\/2026\/01\/25\/blocos-galo-da-madrugada-e-cordao-do-bola-preta-sem-encontraram-em-recife\/#primaryimage"},"image":{"@id":"https:\/\/afogadosfm.com.br\/afogadosfm\/2026\/01\/25\/blocos-galo-da-madrugada-e-cordao-do-bola-preta-sem-encontraram-em-recife\/#primaryimage"},"thumbnailUrl":"https:\/\/i0.wp.com\/afogadosfm.com.br\/afogadosfm\/wp-content\/uploads\/2018\/01\/carnaval-frevo.jpg?fit=145%2C167&ssl=1","datePublished":"2026-01-25T09:31:25+00:00","dateModified":"2026-01-25T09:31:27+00:00","breadcrumb":{"@id":"https:\/\/afogadosfm.com.br\/afogadosfm\/2026\/01\/25\/blocos-galo-da-madrugada-e-cordao-do-bola-preta-sem-encontraram-em-recife\/#breadcrumb"},"inLanguage":"pt-BR","potentialAction":[{"@type":"ReadAction","target":["https:\/\/afogadosfm.com.br\/afogadosfm\/2026\/01\/25\/blocos-galo-da-madrugada-e-cordao-do-bola-preta-sem-encontraram-em-recife\/"]}]},{"@type":"ImageObject","inLanguage":"pt-BR","@id":"https:\/\/afogadosfm.com.br\/afogadosfm\/2026\/01\/25\/blocos-galo-da-madrugada-e-cordao-do-bola-preta-sem-encontraram-em-recife\/#primaryimage","url":"https:\/\/i0.wp.com\/afogadosfm.com.br\/afogadosfm\/wp-content\/uploads\/2018\/01\/carnaval-frevo.jpg?fit=145%2C167&ssl=1","contentUrl":"https:\/\/i0.wp.com\/afogadosfm.com.br\/afogadosfm\/wp-content\/uploads\/2018\/01\/carnaval-frevo.jpg?fit=145%2C167&ssl=1","width":145,"height":167},{"@type":"BreadcrumbList","@id":"https:\/\/afogadosfm.com.br\/afogadosfm\/2026\/01\/25\/blocos-galo-da-madrugada-e-cordao-do-bola-preta-sem-encontraram-em-recife\/#breadcrumb","itemListElement":[{"@type":"ListItem","position":1,"name":"In\u00edcio","item":"https:\/\/afogadosfm.com.br\/afogadosfm\/"},{"@type":"ListItem","position":2,"name":"Blocos Galo da Madrugada e Cord\u00e3o do Bola Preta sem encontraram em Recife"}]},{"@type":"WebSite","@id":"https:\/\/afogadosfm.com.br\/afogadosfm\/#website","url":"https:\/\/afogadosfm.com.br\/afogadosfm\/","name":"Afogados FM","description":"Um site completo!","publisher":{"@id":"https:\/\/afogadosfm.com.br\/afogadosfm\/#organization"},"potentialAction":[{"@type":"SearchAction","target":{"@type":"EntryPoint","urlTemplate":"https:\/\/afogadosfm.com.br\/afogadosfm\/?s={search_term_string}"},"query-input":{"@type":"PropertyValueSpecification","valueRequired":true,"valueName":"search_term_string"}}],"inLanguage":"pt-BR"},{"@type":"Organization","@id":"https:\/\/afogadosfm.com.br\/afogadosfm\/#organization","name":"Afogados FM","url":"https:\/\/afogadosfm.com.br\/afogadosfm\/","logo":{"@type":"ImageObject","inLanguage":"pt-BR","@id":"https:\/\/afogadosfm.com.br\/afogadosfm\/#\/schema\/logo\/image\/","url":"https:\/\/i0.wp.com\/afogadosfm.com.br\/afogadosfm\/wp-content\/uploads\/2020\/06\/cropped-banner-afogados-4.jpg?fit=369%2C137&ssl=1","contentUrl":"https:\/\/i0.wp.com\/afogadosfm.com.br\/afogadosfm\/wp-content\/uploads\/2020\/06\/cropped-banner-afogados-4.jpg?fit=369%2C137&ssl=1","width":369,"height":137,"caption":"Afogados FM"},"image":{"@id":"https:\/\/afogadosfm.com.br\/afogadosfm\/#\/schema\/logo\/image\/"}},{"@type":"Person","@id":"https:\/\/afogadosfm.com.br\/afogadosfm\/#\/schema\/person\/60e56f2cf5dc960fc093fe093d9e9057","name":"afogadosfm","image":{"@type":"ImageObject","inLanguage":"pt-BR","@id":"https:\/\/secure.gravatar.com\/avatar\/e0359add7ed5dc3560906d861b52c6a8cf5c1e199d3a7dd85070998f49bd4701?s=96&d=mm&r=g","url":"https:\/\/secure.gravatar.com\/avatar\/e0359add7ed5dc3560906d861b52c6a8cf5c1e199d3a7dd85070998f49bd4701?s=96&d=mm&r=g","contentUrl":"https:\/\/secure.gravatar.com\/avatar\/e0359add7ed5dc3560906d861b52c6a8cf5c1e199d3a7dd85070998f49bd4701?s=96&d=mm&r=g","caption":"afogadosfm"},"url":"https:\/\/afogadosfm.com.br\/afogadosfm\/author\/afogadosfm\/"}]}},"jetpack_publicize_connections":[],"jetpack_featured_media_url":"https:\/\/i0.wp.com\/afogadosfm.com.br\/afogadosfm\/wp-content\/uploads\/2018\/01\/carnaval-frevo.jpg?fit=145%2C167&ssl=1","jetpack-related-posts":[],"jetpack_sharing_enabled":true,"jetpack_likes_enabled":true,"_links":{"self":[{"href":"https:\/\/afogadosfm.com.br\/afogadosfm\/wp-json\/wp\/v2\/posts\/72269","targetHints":{"allow":["GET"]}}],"collection":[{"href":"https:\/\/afogadosfm.com.br\/afogadosfm\/wp-json\/wp\/v2\/posts"}],"about":[{"href":"https:\/\/afogadosfm.com.br\/afogadosfm\/wp-json\/wp\/v2\/types\/post"}],"author":[{"embeddable":true,"href":"https:\/\/afogadosfm.com.br\/afogadosfm\/wp-json\/wp\/v2\/users\/2"}],"replies":[{"embeddable":true,"href":"https:\/\/afogadosfm.com.br\/afogadosfm\/wp-json\/wp\/v2\/comments?post=72269"}],"version-history":[{"count":1,"href":"https:\/\/afogadosfm.com.br\/afogadosfm\/wp-json\/wp\/v2\/posts\/72269\/revisions"}],"predecessor-version":[{"id":72270,"href":"https:\/\/afogadosfm.com.br\/afogadosfm\/wp-json\/wp\/v2\/posts\/72269\/revisions\/72270"}],"wp:featuredmedia":[{"embeddable":true,"href":"https:\/\/afogadosfm.com.br\/afogadosfm\/wp-json\/wp\/v2\/media\/1859"}],"wp:attachment":[{"href":"https:\/\/afogadosfm.com.br\/afogadosfm\/wp-json\/wp\/v2\/media?parent=72269"}],"wp:term":[{"taxonomy":"category","embeddable":true,"href":"https:\/\/afogadosfm.com.br\/afogadosfm\/wp-json\/wp\/v2\/categories?post=72269"},{"taxonomy":"post_tag","embeddable":true,"href":"https:\/\/afogadosfm.com.br\/afogadosfm\/wp-json\/wp\/v2\/tags?post=72269"}],"curies":[{"name":"wp","href":"https:\/\/api.w.org\/{rel}","templated":true}]}}