{"id":72273,"date":"2026-01-25T06:38:22","date_gmt":"2026-01-25T09:38:22","guid":{"rendered":"https:\/\/afogadosfm.com.br\/afogadosfm\/?p=72273"},"modified":"2026-01-25T06:38:30","modified_gmt":"2026-01-25T09:38:30","slug":"agentes-da-ice-atiram-e-matam-outra-pessoa-nis-eua","status":"publish","type":"post","link":"https:\/\/afogadosfm.com.br\/afogadosfm\/2026\/01\/25\/agentes-da-ice-atiram-e-matam-outra-pessoa-nis-eua\/","title":{"rendered":"Agentes da ICE atiram e matam outra pessoa nos EUA"},"content":{"rendered":"\n<p>Agentes federais dos EUA atiraram e mataram outra pessoa em Minneapolis durante a repress\u00e3o \u00e0 imigra\u00e7\u00e3o da administra\u00e7\u00e3o Trump. Um homem de 51 anos foi baleado neste s\u00e1bado, 24, por agentes federais de imigra\u00e7\u00e3o e morreu, conforme mostra um registro hospitalar obtido pela Associated Press.<\/p>\n\n\n\n<p>A v\u00edtima foi baleada em meio \u00e0 repress\u00e3o \u00e0 imigra\u00e7\u00e3o pela administra\u00e7\u00e3o Trump, disse o governador de Minnesota, Tim Walz, nas redes sociais. Os detalhes em torno do tiroteio n\u00e3o estavam imediatamente claros.<\/p>\n\n\n\n<p>Walz, um democrata, disse em uma publica\u00e7\u00e3o nas redes sociais que havia entrado em contato com a Casa Branca ap\u00f3s o tiroteio. Ele pediu ao presidente Donald Trump que encerrasse a repress\u00e3o em seu Estado. &#8220;Acabei de falar com a Casa Branca depois de mais um tiroteio horr\u00edvel perpetrado por agentes federais esta manh\u00e3. Minnesota est\u00e1 farto. Isto \u00e9 doentio&#8221;, escreveu Walz. &#8220;O presidente precisa acabar com essa opera\u00e7\u00e3o. Retire os milhares de policiais violentos e despreparados de Minnesota. Agora&#8221;.<\/p>\n\n\n\n<p>O incidente ocorreu no bairro Whittier, na Rua 26 Oeste com a Avenida Nicollet, em frente \u00e0 loja Glam Doll Donuts, por volta das 9h da manh\u00e3. A v\u00edtima foi identificada como um homem de 51 anos que morreu ap\u00f3s ser baleado no peito. Autoridades federais afirmaram que a pessoa baleada estava armada.<\/p>\n\n\n\n<p>Um v\u00eddeo circulando nas redes sociais e verificado pelo The New York Times mostra o momento do tiroteio \u00e0 dist\u00e2ncia. Nas imagens v\u00e1rios agentes aparentemente federais s\u00e3o vistos segurando uma pessoa no ch\u00e3o da cal\u00e7ada enquanto pelo menos um policial atinge a pessoa com um objeto. Um aparente tiro \u00e9 ouvido, seguido por v\u00e1rios outros. Os agentes se dispersam e uma pessoa cai no ch\u00e3o.<\/p>\n\n\n\n<p>A administra\u00e7\u00e3o da cidade de Minneapolis disse estar &#8220;ciente de relatos de um tiroteio envolvendo agentes federais&#8221; e pedir ao p\u00fablico que &#8220;mantenha a calma e evite a \u00e1rea&#8221;. Autoridades municipais confirmaram que realizariam uma coletiva de imprensa \u00e0s 11h30, hor\u00e1rio local, sobre &#8220;o tiroteio de um homem adulto em Minneapolis envolvendo agentes do ICE&#8221;. Com informa\u00e7\u00f5es do Estad\u00e3o Conte\u00fado.<\/p>\n","protected":false},"excerpt":{"rendered":"<p>Agentes federais dos EUA atiraram e mataram outra pessoa em Minneapolis durante a repress\u00e3o \u00e0 imigra\u00e7\u00e3o da administra\u00e7\u00e3o Trump. Um<\/p>\n","protected":false},"author":2,"featured_media":72274,"comment_status":"open","ping_status":"open","sticky":false,"template":"","format":"standard","meta":{"jetpack_post_was_ever_published":false,"_jetpack_newsletter_access":"","_jetpack_dont_email_post_to_subs":false,"_jetpack_newsletter_tier_id":0,"_jetpack_memberships_contains_paywalled_content":false,"_jetpack_memberships_contains_paid_content":false,"footnotes":"","jetpack_publicize_message":"","jetpack_publicize_feature_enabled":true,"jetpack_social_post_already_shared":true,"jetpack_social_options":{"image_generator_settings":{"template":"highway","default_image_id":0,"font":"","enabled":false},"version":2}},"categories":[42],"tags":[],"class_list":["post-72273","post","type-post","status-publish","format-standard","has-post-thumbnail","hentry","category-mundo"],"yoast_head":"<!-- This site is optimized with the Yoast SEO plugin v27.5 - https:\/\/yoast.com\/product\/yoast-seo-wordpress\/ -->\n<title>Agentes da ICE atiram e matam outra pessoa nos EUA - Afogados FM<\/title>\n<meta name=\"robots\" content=\"index, follow, max-snippet:-1, max-image-preview:large, max-video-preview:-1\" \/>\n<link rel=\"canonical\" href=\"https:\/\/afogadosfm.com.br\/afogadosfm\/2026\/01\/25\/agentes-da-ice-atiram-e-matam-outra-pessoa-nis-eua\/\" \/>\n<meta property=\"og:locale\" content=\"pt_BR\" \/>\n<meta property=\"og:type\" content=\"article\" \/>\n<meta property=\"og:title\" content=\"Agentes da ICE atiram e matam outra pessoa nos EUA - Afogados FM\" \/>\n<meta property=\"og:description\" content=\"Agentes federais dos EUA atiraram e mataram outra pessoa em Minneapolis durante a repress\u00e3o \u00e0 imigra\u00e7\u00e3o da administra\u00e7\u00e3o Trump. Um\" \/>\n<meta property=\"og:url\" content=\"https:\/\/afogadosfm.com.br\/afogadosfm\/2026\/01\/25\/agentes-da-ice-atiram-e-matam-outra-pessoa-nis-eua\/\" \/>\n<meta property=\"og:site_name\" content=\"Afogados FM\" \/>\n<meta property=\"article:published_time\" content=\"2026-01-25T09:38:22+00:00\" \/>\n<meta property=\"article:modified_time\" content=\"2026-01-25T09:38:30+00:00\" \/>\n<meta property=\"og:image\" content=\"https:\/\/afogadosfm.com.br\/afogadosfm\/wp-content\/uploads\/2026\/01\/iceeua.jpg\" \/>\n\t<meta property=\"og:image:width\" content=\"1024\" \/>\n\t<meta property=\"og:image:height\" content=\"682\" \/>\n\t<meta property=\"og:image:type\" content=\"image\/jpeg\" \/>\n<meta name=\"author\" content=\"afogadosfm\" \/>\n<meta name=\"twitter:card\" content=\"summary_large_image\" \/>\n<meta name=\"twitter:label1\" content=\"Escrito por\" \/>\n\t<meta name=\"twitter:data1\" content=\"afogadosfm\" \/>\n\t<meta name=\"twitter:label2\" content=\"Est. tempo de leitura\" \/>\n\t<meta name=\"twitter:data2\" content=\"3 minutos\" \/>\n<script type=\"application\/ld+json\" class=\"yoast-schema-graph\">{\"@context\":\"https:\\\/\\\/schema.org\",\"@graph\":[{\"@type\":\"Article\",\"@id\":\"https:\\\/\\\/afogadosfm.com.br\\\/afogadosfm\\\/2026\\\/01\\\/25\\\/agentes-da-ice-atiram-e-matam-outra-pessoa-nis-eua\\\/#article\",\"isPartOf\":{\"@id\":\"https:\\\/\\\/afogadosfm.com.br\\\/afogadosfm\\\/2026\\\/01\\\/25\\\/agentes-da-ice-atiram-e-matam-outra-pessoa-nis-eua\\\/\"},\"author\":{\"name\":\"afogadosfm\",\"@id\":\"https:\\\/\\\/afogadosfm.com.br\\\/afogadosfm\\\/#\\\/schema\\\/person\\\/60e56f2cf5dc960fc093fe093d9e9057\"},\"headline\":\"Agentes da ICE atiram e matam outra pessoa nos EUA\",\"datePublished\":\"2026-01-25T09:38:22+00:00\",\"dateModified\":\"2026-01-25T09:38:30+00:00\",\"mainEntityOfPage\":{\"@id\":\"https:\\\/\\\/afogadosfm.com.br\\\/afogadosfm\\\/2026\\\/01\\\/25\\\/agentes-da-ice-atiram-e-matam-outra-pessoa-nis-eua\\\/\"},\"wordCount\":366,\"commentCount\":0,\"publisher\":{\"@id\":\"https:\\\/\\\/afogadosfm.com.br\\\/afogadosfm\\\/#organization\"},\"image\":{\"@id\":\"https:\\\/\\\/afogadosfm.com.br\\\/afogadosfm\\\/2026\\\/01\\\/25\\\/agentes-da-ice-atiram-e-matam-outra-pessoa-nis-eua\\\/#primaryimage\"},\"thumbnailUrl\":\"https:\\\/\\\/i0.wp.com\\\/afogadosfm.com.br\\\/afogadosfm\\\/wp-content\\\/uploads\\\/2026\\\/01\\\/iceeua.jpg?fit=1024%2C682&ssl=1\",\"articleSection\":[\"Mundo\"],\"inLanguage\":\"pt-BR\",\"potentialAction\":[{\"@type\":\"CommentAction\",\"name\":\"Comment\",\"target\":[\"https:\\\/\\\/afogadosfm.com.br\\\/afogadosfm\\\/2026\\\/01\\\/25\\\/agentes-da-ice-atiram-e-matam-outra-pessoa-nis-eua\\\/#respond\"]}]},{\"@type\":\"WebPage\",\"@id\":\"https:\\\/\\\/afogadosfm.com.br\\\/afogadosfm\\\/2026\\\/01\\\/25\\\/agentes-da-ice-atiram-e-matam-outra-pessoa-nis-eua\\\/\",\"url\":\"https:\\\/\\\/afogadosfm.com.br\\\/afogadosfm\\\/2026\\\/01\\\/25\\\/agentes-da-ice-atiram-e-matam-outra-pessoa-nis-eua\\\/\",\"name\":\"Agentes da ICE atiram e matam outra pessoa nos EUA - Afogados FM\",\"isPartOf\":{\"@id\":\"https:\\\/\\\/afogadosfm.com.br\\\/afogadosfm\\\/#website\"},\"primaryImageOfPage\":{\"@id\":\"https:\\\/\\\/afogadosfm.com.br\\\/afogadosfm\\\/2026\\\/01\\\/25\\\/agentes-da-ice-atiram-e-matam-outra-pessoa-nis-eua\\\/#primaryimage\"},\"image\":{\"@id\":\"https:\\\/\\\/afogadosfm.com.br\\\/afogadosfm\\\/2026\\\/01\\\/25\\\/agentes-da-ice-atiram-e-matam-outra-pessoa-nis-eua\\\/#primaryimage\"},\"thumbnailUrl\":\"https:\\\/\\\/i0.wp.com\\\/afogadosfm.com.br\\\/afogadosfm\\\/wp-content\\\/uploads\\\/2026\\\/01\\\/iceeua.jpg?fit=1024%2C682&ssl=1\",\"datePublished\":\"2026-01-25T09:38:22+00:00\",\"dateModified\":\"2026-01-25T09:38:30+00:00\",\"breadcrumb\":{\"@id\":\"https:\\\/\\\/afogadosfm.com.br\\\/afogadosfm\\\/2026\\\/01\\\/25\\\/agentes-da-ice-atiram-e-matam-outra-pessoa-nis-eua\\\/#breadcrumb\"},\"inLanguage\":\"pt-BR\",\"potentialAction\":[{\"@type\":\"ReadAction\",\"target\":[\"https:\\\/\\\/afogadosfm.com.br\\\/afogadosfm\\\/2026\\\/01\\\/25\\\/agentes-da-ice-atiram-e-matam-outra-pessoa-nis-eua\\\/\"]}]},{\"@type\":\"ImageObject\",\"inLanguage\":\"pt-BR\",\"@id\":\"https:\\\/\\\/afogadosfm.com.br\\\/afogadosfm\\\/2026\\\/01\\\/25\\\/agentes-da-ice-atiram-e-matam-outra-pessoa-nis-eua\\\/#primaryimage\",\"url\":\"https:\\\/\\\/i0.wp.com\\\/afogadosfm.com.br\\\/afogadosfm\\\/wp-content\\\/uploads\\\/2026\\\/01\\\/iceeua.jpg?fit=1024%2C682&ssl=1\",\"contentUrl\":\"https:\\\/\\\/i0.wp.com\\\/afogadosfm.com.br\\\/afogadosfm\\\/wp-content\\\/uploads\\\/2026\\\/01\\\/iceeua.jpg?fit=1024%2C682&ssl=1\",\"width\":1024,\"height\":682,\"caption\":\"Police and Politics\"},{\"@type\":\"BreadcrumbList\",\"@id\":\"https:\\\/\\\/afogadosfm.com.br\\\/afogadosfm\\\/2026\\\/01\\\/25\\\/agentes-da-ice-atiram-e-matam-outra-pessoa-nis-eua\\\/#breadcrumb\",\"itemListElement\":[{\"@type\":\"ListItem\",\"position\":1,\"name\":\"In\u00edcio\",\"item\":\"https:\\\/\\\/afogadosfm.com.br\\\/afogadosfm\\\/\"},{\"@type\":\"ListItem\",\"position\":2,\"name\":\"Agentes da ICE atiram e matam outra pessoa nos EUA\"}]},{\"@type\":\"WebSite\",\"@id\":\"https:\\\/\\\/afogadosfm.com.br\\\/afogadosfm\\\/#website\",\"url\":\"https:\\\/\\\/afogadosfm.com.br\\\/afogadosfm\\\/\",\"name\":\"Afogados FM\",\"description\":\"Um site completo!\",\"publisher\":{\"@id\":\"https:\\\/\\\/afogadosfm.com.br\\\/afogadosfm\\\/#organization\"},\"potentialAction\":[{\"@type\":\"SearchAction\",\"target\":{\"@type\":\"EntryPoint\",\"urlTemplate\":\"https:\\\/\\\/afogadosfm.com.br\\\/afogadosfm\\\/?s={search_term_string}\"},\"query-input\":{\"@type\":\"PropertyValueSpecification\",\"valueRequired\":true,\"valueName\":\"search_term_string\"}}],\"inLanguage\":\"pt-BR\"},{\"@type\":\"Organization\",\"@id\":\"https:\\\/\\\/afogadosfm.com.br\\\/afogadosfm\\\/#organization\",\"name\":\"Afogados FM\",\"url\":\"https:\\\/\\\/afogadosfm.com.br\\\/afogadosfm\\\/\",\"logo\":{\"@type\":\"ImageObject\",\"inLanguage\":\"pt-BR\",\"@id\":\"https:\\\/\\\/afogadosfm.com.br\\\/afogadosfm\\\/#\\\/schema\\\/logo\\\/image\\\/\",\"url\":\"https:\\\/\\\/i0.wp.com\\\/afogadosfm.com.br\\\/afogadosfm\\\/wp-content\\\/uploads\\\/2020\\\/06\\\/cropped-banner-afogados-4.jpg?fit=369%2C137&ssl=1\",\"contentUrl\":\"https:\\\/\\\/i0.wp.com\\\/afogadosfm.com.br\\\/afogadosfm\\\/wp-content\\\/uploads\\\/2020\\\/06\\\/cropped-banner-afogados-4.jpg?fit=369%2C137&ssl=1\",\"width\":369,\"height\":137,\"caption\":\"Afogados FM\"},\"image\":{\"@id\":\"https:\\\/\\\/afogadosfm.com.br\\\/afogadosfm\\\/#\\\/schema\\\/logo\\\/image\\\/\"}},{\"@type\":\"Person\",\"@id\":\"https:\\\/\\\/afogadosfm.com.br\\\/afogadosfm\\\/#\\\/schema\\\/person\\\/60e56f2cf5dc960fc093fe093d9e9057\",\"name\":\"afogadosfm\",\"image\":{\"@type\":\"ImageObject\",\"inLanguage\":\"pt-BR\",\"@id\":\"https:\\\/\\\/secure.gravatar.com\\\/avatar\\\/e0359add7ed5dc3560906d861b52c6a8cf5c1e199d3a7dd85070998f49bd4701?s=96&d=mm&r=g\",\"url\":\"https:\\\/\\\/secure.gravatar.com\\\/avatar\\\/e0359add7ed5dc3560906d861b52c6a8cf5c1e199d3a7dd85070998f49bd4701?s=96&d=mm&r=g\",\"contentUrl\":\"https:\\\/\\\/secure.gravatar.com\\\/avatar\\\/e0359add7ed5dc3560906d861b52c6a8cf5c1e199d3a7dd85070998f49bd4701?s=96&d=mm&r=g\",\"caption\":\"afogadosfm\"},\"url\":\"https:\\\/\\\/afogadosfm.com.br\\\/afogadosfm\\\/author\\\/afogadosfm\\\/\"}]}<\/script>\n<!-- \/ Yoast SEO plugin. -->","yoast_head_json":{"title":"Agentes da ICE atiram e matam outra pessoa nos EUA - Afogados FM","robots":{"index":"index","follow":"follow","max-snippet":"max-snippet:-1","max-image-preview":"max-image-preview:large","max-video-preview":"max-video-preview:-1"},"canonical":"https:\/\/afogadosfm.com.br\/afogadosfm\/2026\/01\/25\/agentes-da-ice-atiram-e-matam-outra-pessoa-nis-eua\/","og_locale":"pt_BR","og_type":"article","og_title":"Agentes da ICE atiram e matam outra pessoa nos EUA - Afogados FM","og_description":"Agentes federais dos EUA atiraram e mataram outra pessoa em Minneapolis durante a repress\u00e3o \u00e0 imigra\u00e7\u00e3o da administra\u00e7\u00e3o Trump. Um","og_url":"https:\/\/afogadosfm.com.br\/afogadosfm\/2026\/01\/25\/agentes-da-ice-atiram-e-matam-outra-pessoa-nis-eua\/","og_site_name":"Afogados FM","article_published_time":"2026-01-25T09:38:22+00:00","article_modified_time":"2026-01-25T09:38:30+00:00","og_image":[{"width":1024,"height":682,"url":"https:\/\/afogadosfm.com.br\/afogadosfm\/wp-content\/uploads\/2026\/01\/iceeua.jpg","type":"image\/jpeg"}],"author":"afogadosfm","twitter_card":"summary_large_image","twitter_misc":{"Escrito por":"afogadosfm","Est. tempo de leitura":"3 minutos"},"schema":{"@context":"https:\/\/schema.org","@graph":[{"@type":"Article","@id":"https:\/\/afogadosfm.com.br\/afogadosfm\/2026\/01\/25\/agentes-da-ice-atiram-e-matam-outra-pessoa-nis-eua\/#article","isPartOf":{"@id":"https:\/\/afogadosfm.com.br\/afogadosfm\/2026\/01\/25\/agentes-da-ice-atiram-e-matam-outra-pessoa-nis-eua\/"},"author":{"name":"afogadosfm","@id":"https:\/\/afogadosfm.com.br\/afogadosfm\/#\/schema\/person\/60e56f2cf5dc960fc093fe093d9e9057"},"headline":"Agentes da ICE atiram e matam outra pessoa nos EUA","datePublished":"2026-01-25T09:38:22+00:00","dateModified":"2026-01-25T09:38:30+00:00","mainEntityOfPage":{"@id":"https:\/\/afogadosfm.com.br\/afogadosfm\/2026\/01\/25\/agentes-da-ice-atiram-e-matam-outra-pessoa-nis-eua\/"},"wordCount":366,"commentCount":0,"publisher":{"@id":"https:\/\/afogadosfm.com.br\/afogadosfm\/#organization"},"image":{"@id":"https:\/\/afogadosfm.com.br\/afogadosfm\/2026\/01\/25\/agentes-da-ice-atiram-e-matam-outra-pessoa-nis-eua\/#primaryimage"},"thumbnailUrl":"https:\/\/i0.wp.com\/afogadosfm.com.br\/afogadosfm\/wp-content\/uploads\/2026\/01\/iceeua.jpg?fit=1024%2C682&ssl=1","articleSection":["Mundo"],"inLanguage":"pt-BR","potentialAction":[{"@type":"CommentAction","name":"Comment","target":["https:\/\/afogadosfm.com.br\/afogadosfm\/2026\/01\/25\/agentes-da-ice-atiram-e-matam-outra-pessoa-nis-eua\/#respond"]}]},{"@type":"WebPage","@id":"https:\/\/afogadosfm.com.br\/afogadosfm\/2026\/01\/25\/agentes-da-ice-atiram-e-matam-outra-pessoa-nis-eua\/","url":"https:\/\/afogadosfm.com.br\/afogadosfm\/2026\/01\/25\/agentes-da-ice-atiram-e-matam-outra-pessoa-nis-eua\/","name":"Agentes da ICE atiram e matam outra pessoa nos EUA - Afogados FM","isPartOf":{"@id":"https:\/\/afogadosfm.com.br\/afogadosfm\/#website"},"primaryImageOfPage":{"@id":"https:\/\/afogadosfm.com.br\/afogadosfm\/2026\/01\/25\/agentes-da-ice-atiram-e-matam-outra-pessoa-nis-eua\/#primaryimage"},"image":{"@id":"https:\/\/afogadosfm.com.br\/afogadosfm\/2026\/01\/25\/agentes-da-ice-atiram-e-matam-outra-pessoa-nis-eua\/#primaryimage"},"thumbnailUrl":"https:\/\/i0.wp.com\/afogadosfm.com.br\/afogadosfm\/wp-content\/uploads\/2026\/01\/iceeua.jpg?fit=1024%2C682&ssl=1","datePublished":"2026-01-25T09:38:22+00:00","dateModified":"2026-01-25T09:38:30+00:00","breadcrumb":{"@id":"https:\/\/afogadosfm.com.br\/afogadosfm\/2026\/01\/25\/agentes-da-ice-atiram-e-matam-outra-pessoa-nis-eua\/#breadcrumb"},"inLanguage":"pt-BR","potentialAction":[{"@type":"ReadAction","target":["https:\/\/afogadosfm.com.br\/afogadosfm\/2026\/01\/25\/agentes-da-ice-atiram-e-matam-outra-pessoa-nis-eua\/"]}]},{"@type":"ImageObject","inLanguage":"pt-BR","@id":"https:\/\/afogadosfm.com.br\/afogadosfm\/2026\/01\/25\/agentes-da-ice-atiram-e-matam-outra-pessoa-nis-eua\/#primaryimage","url":"https:\/\/i0.wp.com\/afogadosfm.com.br\/afogadosfm\/wp-content\/uploads\/2026\/01\/iceeua.jpg?fit=1024%2C682&ssl=1","contentUrl":"https:\/\/i0.wp.com\/afogadosfm.com.br\/afogadosfm\/wp-content\/uploads\/2026\/01\/iceeua.jpg?fit=1024%2C682&ssl=1","width":1024,"height":682,"caption":"Police and Politics"},{"@type":"BreadcrumbList","@id":"https:\/\/afogadosfm.com.br\/afogadosfm\/2026\/01\/25\/agentes-da-ice-atiram-e-matam-outra-pessoa-nis-eua\/#breadcrumb","itemListElement":[{"@type":"ListItem","position":1,"name":"In\u00edcio","item":"https:\/\/afogadosfm.com.br\/afogadosfm\/"},{"@type":"ListItem","position":2,"name":"Agentes da ICE atiram e matam outra pessoa nos EUA"}]},{"@type":"WebSite","@id":"https:\/\/afogadosfm.com.br\/afogadosfm\/#website","url":"https:\/\/afogadosfm.com.br\/afogadosfm\/","name":"Afogados FM","description":"Um site completo!","publisher":{"@id":"https:\/\/afogadosfm.com.br\/afogadosfm\/#organization"},"potentialAction":[{"@type":"SearchAction","target":{"@type":"EntryPoint","urlTemplate":"https:\/\/afogadosfm.com.br\/afogadosfm\/?s={search_term_string}"},"query-input":{"@type":"PropertyValueSpecification","valueRequired":true,"valueName":"search_term_string"}}],"inLanguage":"pt-BR"},{"@type":"Organization","@id":"https:\/\/afogadosfm.com.br\/afogadosfm\/#organization","name":"Afogados FM","url":"https:\/\/afogadosfm.com.br\/afogadosfm\/","logo":{"@type":"ImageObject","inLanguage":"pt-BR","@id":"https:\/\/afogadosfm.com.br\/afogadosfm\/#\/schema\/logo\/image\/","url":"https:\/\/i0.wp.com\/afogadosfm.com.br\/afogadosfm\/wp-content\/uploads\/2020\/06\/cropped-banner-afogados-4.jpg?fit=369%2C137&ssl=1","contentUrl":"https:\/\/i0.wp.com\/afogadosfm.com.br\/afogadosfm\/wp-content\/uploads\/2020\/06\/cropped-banner-afogados-4.jpg?fit=369%2C137&ssl=1","width":369,"height":137,"caption":"Afogados FM"},"image":{"@id":"https:\/\/afogadosfm.com.br\/afogadosfm\/#\/schema\/logo\/image\/"}},{"@type":"Person","@id":"https:\/\/afogadosfm.com.br\/afogadosfm\/#\/schema\/person\/60e56f2cf5dc960fc093fe093d9e9057","name":"afogadosfm","image":{"@type":"ImageObject","inLanguage":"pt-BR","@id":"https:\/\/secure.gravatar.com\/avatar\/e0359add7ed5dc3560906d861b52c6a8cf5c1e199d3a7dd85070998f49bd4701?s=96&d=mm&r=g","url":"https:\/\/secure.gravatar.com\/avatar\/e0359add7ed5dc3560906d861b52c6a8cf5c1e199d3a7dd85070998f49bd4701?s=96&d=mm&r=g","contentUrl":"https:\/\/secure.gravatar.com\/avatar\/e0359add7ed5dc3560906d861b52c6a8cf5c1e199d3a7dd85070998f49bd4701?s=96&d=mm&r=g","caption":"afogadosfm"},"url":"https:\/\/afogadosfm.com.br\/afogadosfm\/author\/afogadosfm\/"}]}},"jetpack_publicize_connections":[],"jetpack_featured_media_url":"https:\/\/i0.wp.com\/afogadosfm.com.br\/afogadosfm\/wp-content\/uploads\/2026\/01\/iceeua.jpg?fit=1024%2C682&ssl=1","jetpack-related-posts":[],"jetpack_sharing_enabled":true,"jetpack_likes_enabled":true,"_links":{"self":[{"href":"https:\/\/afogadosfm.com.br\/afogadosfm\/wp-json\/wp\/v2\/posts\/72273","targetHints":{"allow":["GET"]}}],"collection":[{"href":"https:\/\/afogadosfm.com.br\/afogadosfm\/wp-json\/wp\/v2\/posts"}],"about":[{"href":"https:\/\/afogadosfm.com.br\/afogadosfm\/wp-json\/wp\/v2\/types\/post"}],"author":[{"embeddable":true,"href":"https:\/\/afogadosfm.com.br\/afogadosfm\/wp-json\/wp\/v2\/users\/2"}],"replies":[{"embeddable":true,"href":"https:\/\/afogadosfm.com.br\/afogadosfm\/wp-json\/wp\/v2\/comments?post=72273"}],"version-history":[{"count":2,"href":"https:\/\/afogadosfm.com.br\/afogadosfm\/wp-json\/wp\/v2\/posts\/72273\/revisions"}],"predecessor-version":[{"id":72276,"href":"https:\/\/afogadosfm.com.br\/afogadosfm\/wp-json\/wp\/v2\/posts\/72273\/revisions\/72276"}],"wp:featuredmedia":[{"embeddable":true,"href":"https:\/\/afogadosfm.com.br\/afogadosfm\/wp-json\/wp\/v2\/media\/72274"}],"wp:attachment":[{"href":"https:\/\/afogadosfm.com.br\/afogadosfm\/wp-json\/wp\/v2\/media?parent=72273"}],"wp:term":[{"taxonomy":"category","embeddable":true,"href":"https:\/\/afogadosfm.com.br\/afogadosfm\/wp-json\/wp\/v2\/categories?post=72273"},{"taxonomy":"post_tag","embeddable":true,"href":"https:\/\/afogadosfm.com.br\/afogadosfm\/wp-json\/wp\/v2\/tags?post=72273"}],"curies":[{"name":"wp","href":"https:\/\/api.w.org\/{rel}","templated":true}]}}