{"id":72287,"date":"2026-01-26T06:03:03","date_gmt":"2026-01-26T09:03:03","guid":{"rendered":"https:\/\/afogadosfm.com.br\/afogadosfm\/?p=72287"},"modified":"2026-01-26T06:03:04","modified_gmt":"2026-01-26T09:03:04","slug":"covid-19-ainda-preocupa-especialistas-no-brasil","status":"publish","type":"post","link":"https:\/\/afogadosfm.com.br\/afogadosfm\/2026\/01\/26\/covid-19-ainda-preocupa-especialistas-no-brasil\/","title":{"rendered":"Covid-19 ainda preocupa especialistas no Brasil"},"content":{"rendered":"\n<p>A vacina\u00e7\u00e3o contra a covid-19 come\u00e7ou no Brasil h\u00e1 cinco anos e foi decisiva para o controle da pandemia. O avan\u00e7o da imuniza\u00e7\u00e3o reduziu drasticamente os casos graves e as mortes, permitindo o fim do estado de emerg\u00eancia sanit\u00e1ria. No entanto, a doen\u00e7a n\u00e3o desapareceu. Em n\u00edveis bem menores, o coronav\u00edrus continua circulando, e especialistas alertam: manter a vacina\u00e7\u00e3o em dia ainda \u00e9 fundamental, especialmente entre pessoas n\u00e3o vacinadas e grupos mais vulner\u00e1veis.<\/p>\n\n\n\n<p>Apesar dessa recomenda\u00e7\u00e3o, a cobertura vacinal no pa\u00eds est\u00e1 longe do ideal. Em 2025, menos de 40% das doses de vacina distribu\u00eddas pelo Minist\u00e9rio da Sa\u00fade foram efetivamente aplicadas. Das 21,9 milh\u00f5es de doses enviadas a estados e munic\u00edpios, apenas cerca de 8 milh\u00f5es chegaram aos bra\u00e7os da popula\u00e7\u00e3o.<\/p>\n\n\n\n<p>Os impactos dessa baixa ades\u00e3o j\u00e1 aparecem nos dados de vigil\u00e2ncia epidemiol\u00f3gica. Segundo a plataforma Infogripe, da Funda\u00e7\u00e3o Oswaldo Cruz (Fiocruz), ao menos 10.410 pessoas desenvolveram s\u00edndrome respirat\u00f3ria aguda grave (SRAG) causada pela covid-19 em 2025. Desse total, aproximadamente 1,7 mil morreram. Os n\u00fameros consideram apenas casos confirmados por teste laboratorial e ainda podem aumentar, j\u00e1 que h\u00e1 registros inseridos de forma tardia no sistema do Minist\u00e9rio da Sa\u00fade.<\/p>\n\n\n\n<p>Vacina\u00e7\u00e3o infantil em alerta<\/p>\n\n\n\n<p>Desde 2024, a vacina contra a covid-19 integra o calend\u00e1rio b\u00e1sico de vacina\u00e7\u00e3o para tr\u00eas grupos priorit\u00e1rios: crian\u00e7as, idosos e gestantes. Al\u00e9m deles, pessoas pertencentes a grupos especiais devem receber doses de refor\u00e7o periodicamente. Cumprir esse calend\u00e1rio, no entanto, tem sido um grande desafio.<\/p>\n\n\n\n<p>Em 2025, cerca de 2 milh\u00f5es de doses foram aplicadas em crian\u00e7as, mas o Minist\u00e9rio da Sa\u00fade n\u00e3o informou qual percentual de cobertura foi alcan\u00e7ado. Dados do painel p\u00fablico de vacina\u00e7\u00e3o mostram que apenas 3,49% do p\u00fablico-alvo menor de 1 ano foi vacinado no per\u00edodo.<\/p>\n\n\n\n<p>Em nota, o Minist\u00e9rio afirmou que os n\u00fameros divulgados subestimam a cobertura real, j\u00e1 que o painel considera apenas crian\u00e7as menores de um ano, enquanto o p\u00fablico-alvo inclui crian\u00e7as menores de cinco anos, gestantes e pessoas com 60 anos ou mais. A pasta informou ainda que trabalha na consolida\u00e7\u00e3o dos dados por faixa et\u00e1ria.<\/p>\n\n\n\n<p>Mesmo durante o per\u00edodo mais cr\u00edtico da pandemia, a meta de cobertura vacinal de 90% nunca foi atingida entre as crian\u00e7as. A vacina\u00e7\u00e3o infantil come\u00e7ou em 2022 e, at\u00e9 fevereiro de 2024, apenas 55,9% das crian\u00e7as de 5 a 11 anos haviam sido vacinadas. Entre as crian\u00e7as de 3 e 4 anos, o \u00edndice era ainda menor: 23%.<\/p>\n\n\n\n<p>Os n\u00fameros refor\u00e7am o alerta de autoridades sanit\u00e1rias e especialistas: embora a fase mais aguda da pandemia tenha ficado para tr\u00e1s, a covid-19 segue sendo uma amea\u00e7a, especialmente para quem n\u00e3o est\u00e1 protegido. Manter a vacina\u00e7\u00e3o atualizada continua sendo uma das principais ferramentas para evitar casos graves e salvar vidas.<\/p>\n","protected":false},"excerpt":{"rendered":"<p>A vacina\u00e7\u00e3o contra a covid-19 come\u00e7ou no Brasil h\u00e1 cinco anos e foi decisiva para o controle da pandemia. O<\/p>\n","protected":false},"author":2,"featured_media":22170,"comment_status":"open","ping_status":"open","sticky":false,"template":"","format":"standard","meta":{"jetpack_post_was_ever_published":false,"_jetpack_newsletter_access":"","_jetpack_dont_email_post_to_subs":false,"_jetpack_newsletter_tier_id":0,"_jetpack_memberships_contains_paywalled_content":false,"_jetpack_memberships_contains_paid_content":false,"footnotes":"","jetpack_publicize_message":"","jetpack_publicize_feature_enabled":true,"jetpack_social_post_already_shared":true,"jetpack_social_options":{"image_generator_settings":{"template":"highway","default_image_id":0,"font":"","enabled":false},"version":2}},"categories":[37],"tags":[],"class_list":["post-72287","post","type-post","status-publish","format-standard","has-post-thumbnail","hentry","category-saude"],"yoast_head":"<!-- This site is optimized with the Yoast SEO plugin v27.4 - https:\/\/yoast.com\/product\/yoast-seo-wordpress\/ -->\n<title>Covid-19 ainda preocupa especialistas no Brasil - Afogados FM<\/title>\n<meta name=\"robots\" content=\"index, follow, max-snippet:-1, max-image-preview:large, max-video-preview:-1\" \/>\n<link rel=\"canonical\" href=\"https:\/\/afogadosfm.com.br\/afogadosfm\/2026\/01\/26\/covid-19-ainda-preocupa-especialistas-no-brasil\/\" \/>\n<meta property=\"og:locale\" content=\"pt_BR\" \/>\n<meta property=\"og:type\" content=\"article\" \/>\n<meta property=\"og:title\" content=\"Covid-19 ainda preocupa especialistas no Brasil - Afogados FM\" \/>\n<meta property=\"og:description\" content=\"A vacina\u00e7\u00e3o contra a covid-19 come\u00e7ou no Brasil h\u00e1 cinco anos e foi decisiva para o controle da pandemia. O\" \/>\n<meta property=\"og:url\" content=\"https:\/\/afogadosfm.com.br\/afogadosfm\/2026\/01\/26\/covid-19-ainda-preocupa-especialistas-no-brasil\/\" \/>\n<meta property=\"og:site_name\" content=\"Afogados FM\" \/>\n<meta property=\"article:published_time\" content=\"2026-01-26T09:03:03+00:00\" \/>\n<meta property=\"article:modified_time\" content=\"2026-01-26T09:03:04+00:00\" \/>\n<meta property=\"og:image\" content=\"https:\/\/afogadosfm.com.br\/afogadosfm\/wp-content\/uploads\/2020\/12\/vacinaCovid-1.jpg\" \/>\n\t<meta property=\"og:image:width\" content=\"500\" \/>\n\t<meta property=\"og:image:height\" content=\"299\" \/>\n\t<meta property=\"og:image:type\" content=\"image\/jpeg\" \/>\n<meta name=\"author\" content=\"afogadosfm\" \/>\n<meta name=\"twitter:card\" content=\"summary_large_image\" \/>\n<meta name=\"twitter:label1\" content=\"Escrito por\" \/>\n\t<meta name=\"twitter:data1\" content=\"afogadosfm\" \/>\n\t<meta name=\"twitter:label2\" content=\"Est. tempo de leitura\" \/>\n\t<meta name=\"twitter:data2\" content=\"3 minutos\" \/>\n<script type=\"application\/ld+json\" class=\"yoast-schema-graph\">{\"@context\":\"https:\\\/\\\/schema.org\",\"@graph\":[{\"@type\":\"Article\",\"@id\":\"https:\\\/\\\/afogadosfm.com.br\\\/afogadosfm\\\/2026\\\/01\\\/26\\\/covid-19-ainda-preocupa-especialistas-no-brasil\\\/#article\",\"isPartOf\":{\"@id\":\"https:\\\/\\\/afogadosfm.com.br\\\/afogadosfm\\\/2026\\\/01\\\/26\\\/covid-19-ainda-preocupa-especialistas-no-brasil\\\/\"},\"author\":{\"name\":\"afogadosfm\",\"@id\":\"https:\\\/\\\/afogadosfm.com.br\\\/afogadosfm\\\/#\\\/schema\\\/person\\\/60e56f2cf5dc960fc093fe093d9e9057\"},\"headline\":\"Covid-19 ainda preocupa especialistas no Brasil\",\"datePublished\":\"2026-01-26T09:03:03+00:00\",\"dateModified\":\"2026-01-26T09:03:04+00:00\",\"mainEntityOfPage\":{\"@id\":\"https:\\\/\\\/afogadosfm.com.br\\\/afogadosfm\\\/2026\\\/01\\\/26\\\/covid-19-ainda-preocupa-especialistas-no-brasil\\\/\"},\"wordCount\":502,\"commentCount\":0,\"publisher\":{\"@id\":\"https:\\\/\\\/afogadosfm.com.br\\\/afogadosfm\\\/#organization\"},\"image\":{\"@id\":\"https:\\\/\\\/afogadosfm.com.br\\\/afogadosfm\\\/2026\\\/01\\\/26\\\/covid-19-ainda-preocupa-especialistas-no-brasil\\\/#primaryimage\"},\"thumbnailUrl\":\"https:\\\/\\\/i0.wp.com\\\/afogadosfm.com.br\\\/afogadosfm\\\/wp-content\\\/uploads\\\/2020\\\/12\\\/vacinaCovid-1.jpg?fit=500%2C299&ssl=1\",\"articleSection\":[\"Sa\u00fade\"],\"inLanguage\":\"pt-BR\",\"potentialAction\":[{\"@type\":\"CommentAction\",\"name\":\"Comment\",\"target\":[\"https:\\\/\\\/afogadosfm.com.br\\\/afogadosfm\\\/2026\\\/01\\\/26\\\/covid-19-ainda-preocupa-especialistas-no-brasil\\\/#respond\"]}]},{\"@type\":\"WebPage\",\"@id\":\"https:\\\/\\\/afogadosfm.com.br\\\/afogadosfm\\\/2026\\\/01\\\/26\\\/covid-19-ainda-preocupa-especialistas-no-brasil\\\/\",\"url\":\"https:\\\/\\\/afogadosfm.com.br\\\/afogadosfm\\\/2026\\\/01\\\/26\\\/covid-19-ainda-preocupa-especialistas-no-brasil\\\/\",\"name\":\"Covid-19 ainda preocupa especialistas no Brasil - Afogados FM\",\"isPartOf\":{\"@id\":\"https:\\\/\\\/afogadosfm.com.br\\\/afogadosfm\\\/#website\"},\"primaryImageOfPage\":{\"@id\":\"https:\\\/\\\/afogadosfm.com.br\\\/afogadosfm\\\/2026\\\/01\\\/26\\\/covid-19-ainda-preocupa-especialistas-no-brasil\\\/#primaryimage\"},\"image\":{\"@id\":\"https:\\\/\\\/afogadosfm.com.br\\\/afogadosfm\\\/2026\\\/01\\\/26\\\/covid-19-ainda-preocupa-especialistas-no-brasil\\\/#primaryimage\"},\"thumbnailUrl\":\"https:\\\/\\\/i0.wp.com\\\/afogadosfm.com.br\\\/afogadosfm\\\/wp-content\\\/uploads\\\/2020\\\/12\\\/vacinaCovid-1.jpg?fit=500%2C299&ssl=1\",\"datePublished\":\"2026-01-26T09:03:03+00:00\",\"dateModified\":\"2026-01-26T09:03:04+00:00\",\"breadcrumb\":{\"@id\":\"https:\\\/\\\/afogadosfm.com.br\\\/afogadosfm\\\/2026\\\/01\\\/26\\\/covid-19-ainda-preocupa-especialistas-no-brasil\\\/#breadcrumb\"},\"inLanguage\":\"pt-BR\",\"potentialAction\":[{\"@type\":\"ReadAction\",\"target\":[\"https:\\\/\\\/afogadosfm.com.br\\\/afogadosfm\\\/2026\\\/01\\\/26\\\/covid-19-ainda-preocupa-especialistas-no-brasil\\\/\"]}]},{\"@type\":\"ImageObject\",\"inLanguage\":\"pt-BR\",\"@id\":\"https:\\\/\\\/afogadosfm.com.br\\\/afogadosfm\\\/2026\\\/01\\\/26\\\/covid-19-ainda-preocupa-especialistas-no-brasil\\\/#primaryimage\",\"url\":\"https:\\\/\\\/i0.wp.com\\\/afogadosfm.com.br\\\/afogadosfm\\\/wp-content\\\/uploads\\\/2020\\\/12\\\/vacinaCovid-1.jpg?fit=500%2C299&ssl=1\",\"contentUrl\":\"https:\\\/\\\/i0.wp.com\\\/afogadosfm.com.br\\\/afogadosfm\\\/wp-content\\\/uploads\\\/2020\\\/12\\\/vacinaCovid-1.jpg?fit=500%2C299&ssl=1\",\"width\":500,\"height\":299},{\"@type\":\"BreadcrumbList\",\"@id\":\"https:\\\/\\\/afogadosfm.com.br\\\/afogadosfm\\\/2026\\\/01\\\/26\\\/covid-19-ainda-preocupa-especialistas-no-brasil\\\/#breadcrumb\",\"itemListElement\":[{\"@type\":\"ListItem\",\"position\":1,\"name\":\"In\u00edcio\",\"item\":\"https:\\\/\\\/afogadosfm.com.br\\\/afogadosfm\\\/\"},{\"@type\":\"ListItem\",\"position\":2,\"name\":\"Covid-19 ainda preocupa especialistas no Brasil\"}]},{\"@type\":\"WebSite\",\"@id\":\"https:\\\/\\\/afogadosfm.com.br\\\/afogadosfm\\\/#website\",\"url\":\"https:\\\/\\\/afogadosfm.com.br\\\/afogadosfm\\\/\",\"name\":\"Afogados FM\",\"description\":\"Um site completo!\",\"publisher\":{\"@id\":\"https:\\\/\\\/afogadosfm.com.br\\\/afogadosfm\\\/#organization\"},\"potentialAction\":[{\"@type\":\"SearchAction\",\"target\":{\"@type\":\"EntryPoint\",\"urlTemplate\":\"https:\\\/\\\/afogadosfm.com.br\\\/afogadosfm\\\/?s={search_term_string}\"},\"query-input\":{\"@type\":\"PropertyValueSpecification\",\"valueRequired\":true,\"valueName\":\"search_term_string\"}}],\"inLanguage\":\"pt-BR\"},{\"@type\":\"Organization\",\"@id\":\"https:\\\/\\\/afogadosfm.com.br\\\/afogadosfm\\\/#organization\",\"name\":\"Afogados FM\",\"url\":\"https:\\\/\\\/afogadosfm.com.br\\\/afogadosfm\\\/\",\"logo\":{\"@type\":\"ImageObject\",\"inLanguage\":\"pt-BR\",\"@id\":\"https:\\\/\\\/afogadosfm.com.br\\\/afogadosfm\\\/#\\\/schema\\\/logo\\\/image\\\/\",\"url\":\"https:\\\/\\\/i0.wp.com\\\/afogadosfm.com.br\\\/afogadosfm\\\/wp-content\\\/uploads\\\/2020\\\/06\\\/cropped-banner-afogados-4.jpg?fit=369%2C137&ssl=1\",\"contentUrl\":\"https:\\\/\\\/i0.wp.com\\\/afogadosfm.com.br\\\/afogadosfm\\\/wp-content\\\/uploads\\\/2020\\\/06\\\/cropped-banner-afogados-4.jpg?fit=369%2C137&ssl=1\",\"width\":369,\"height\":137,\"caption\":\"Afogados FM\"},\"image\":{\"@id\":\"https:\\\/\\\/afogadosfm.com.br\\\/afogadosfm\\\/#\\\/schema\\\/logo\\\/image\\\/\"}},{\"@type\":\"Person\",\"@id\":\"https:\\\/\\\/afogadosfm.com.br\\\/afogadosfm\\\/#\\\/schema\\\/person\\\/60e56f2cf5dc960fc093fe093d9e9057\",\"name\":\"afogadosfm\",\"image\":{\"@type\":\"ImageObject\",\"inLanguage\":\"pt-BR\",\"@id\":\"https:\\\/\\\/secure.gravatar.com\\\/avatar\\\/e0359add7ed5dc3560906d861b52c6a8cf5c1e199d3a7dd85070998f49bd4701?s=96&d=mm&r=g\",\"url\":\"https:\\\/\\\/secure.gravatar.com\\\/avatar\\\/e0359add7ed5dc3560906d861b52c6a8cf5c1e199d3a7dd85070998f49bd4701?s=96&d=mm&r=g\",\"contentUrl\":\"https:\\\/\\\/secure.gravatar.com\\\/avatar\\\/e0359add7ed5dc3560906d861b52c6a8cf5c1e199d3a7dd85070998f49bd4701?s=96&d=mm&r=g\",\"caption\":\"afogadosfm\"},\"url\":\"https:\\\/\\\/afogadosfm.com.br\\\/afogadosfm\\\/author\\\/afogadosfm\\\/\"}]}<\/script>\n<!-- \/ Yoast SEO plugin. -->","yoast_head_json":{"title":"Covid-19 ainda preocupa especialistas no Brasil - Afogados FM","robots":{"index":"index","follow":"follow","max-snippet":"max-snippet:-1","max-image-preview":"max-image-preview:large","max-video-preview":"max-video-preview:-1"},"canonical":"https:\/\/afogadosfm.com.br\/afogadosfm\/2026\/01\/26\/covid-19-ainda-preocupa-especialistas-no-brasil\/","og_locale":"pt_BR","og_type":"article","og_title":"Covid-19 ainda preocupa especialistas no Brasil - Afogados FM","og_description":"A vacina\u00e7\u00e3o contra a covid-19 come\u00e7ou no Brasil h\u00e1 cinco anos e foi decisiva para o controle da pandemia. O","og_url":"https:\/\/afogadosfm.com.br\/afogadosfm\/2026\/01\/26\/covid-19-ainda-preocupa-especialistas-no-brasil\/","og_site_name":"Afogados FM","article_published_time":"2026-01-26T09:03:03+00:00","article_modified_time":"2026-01-26T09:03:04+00:00","og_image":[{"width":500,"height":299,"url":"https:\/\/afogadosfm.com.br\/afogadosfm\/wp-content\/uploads\/2020\/12\/vacinaCovid-1.jpg","type":"image\/jpeg"}],"author":"afogadosfm","twitter_card":"summary_large_image","twitter_misc":{"Escrito por":"afogadosfm","Est. tempo de leitura":"3 minutos"},"schema":{"@context":"https:\/\/schema.org","@graph":[{"@type":"Article","@id":"https:\/\/afogadosfm.com.br\/afogadosfm\/2026\/01\/26\/covid-19-ainda-preocupa-especialistas-no-brasil\/#article","isPartOf":{"@id":"https:\/\/afogadosfm.com.br\/afogadosfm\/2026\/01\/26\/covid-19-ainda-preocupa-especialistas-no-brasil\/"},"author":{"name":"afogadosfm","@id":"https:\/\/afogadosfm.com.br\/afogadosfm\/#\/schema\/person\/60e56f2cf5dc960fc093fe093d9e9057"},"headline":"Covid-19 ainda preocupa especialistas no Brasil","datePublished":"2026-01-26T09:03:03+00:00","dateModified":"2026-01-26T09:03:04+00:00","mainEntityOfPage":{"@id":"https:\/\/afogadosfm.com.br\/afogadosfm\/2026\/01\/26\/covid-19-ainda-preocupa-especialistas-no-brasil\/"},"wordCount":502,"commentCount":0,"publisher":{"@id":"https:\/\/afogadosfm.com.br\/afogadosfm\/#organization"},"image":{"@id":"https:\/\/afogadosfm.com.br\/afogadosfm\/2026\/01\/26\/covid-19-ainda-preocupa-especialistas-no-brasil\/#primaryimage"},"thumbnailUrl":"https:\/\/i0.wp.com\/afogadosfm.com.br\/afogadosfm\/wp-content\/uploads\/2020\/12\/vacinaCovid-1.jpg?fit=500%2C299&ssl=1","articleSection":["Sa\u00fade"],"inLanguage":"pt-BR","potentialAction":[{"@type":"CommentAction","name":"Comment","target":["https:\/\/afogadosfm.com.br\/afogadosfm\/2026\/01\/26\/covid-19-ainda-preocupa-especialistas-no-brasil\/#respond"]}]},{"@type":"WebPage","@id":"https:\/\/afogadosfm.com.br\/afogadosfm\/2026\/01\/26\/covid-19-ainda-preocupa-especialistas-no-brasil\/","url":"https:\/\/afogadosfm.com.br\/afogadosfm\/2026\/01\/26\/covid-19-ainda-preocupa-especialistas-no-brasil\/","name":"Covid-19 ainda preocupa especialistas no Brasil - Afogados FM","isPartOf":{"@id":"https:\/\/afogadosfm.com.br\/afogadosfm\/#website"},"primaryImageOfPage":{"@id":"https:\/\/afogadosfm.com.br\/afogadosfm\/2026\/01\/26\/covid-19-ainda-preocupa-especialistas-no-brasil\/#primaryimage"},"image":{"@id":"https:\/\/afogadosfm.com.br\/afogadosfm\/2026\/01\/26\/covid-19-ainda-preocupa-especialistas-no-brasil\/#primaryimage"},"thumbnailUrl":"https:\/\/i0.wp.com\/afogadosfm.com.br\/afogadosfm\/wp-content\/uploads\/2020\/12\/vacinaCovid-1.jpg?fit=500%2C299&ssl=1","datePublished":"2026-01-26T09:03:03+00:00","dateModified":"2026-01-26T09:03:04+00:00","breadcrumb":{"@id":"https:\/\/afogadosfm.com.br\/afogadosfm\/2026\/01\/26\/covid-19-ainda-preocupa-especialistas-no-brasil\/#breadcrumb"},"inLanguage":"pt-BR","potentialAction":[{"@type":"ReadAction","target":["https:\/\/afogadosfm.com.br\/afogadosfm\/2026\/01\/26\/covid-19-ainda-preocupa-especialistas-no-brasil\/"]}]},{"@type":"ImageObject","inLanguage":"pt-BR","@id":"https:\/\/afogadosfm.com.br\/afogadosfm\/2026\/01\/26\/covid-19-ainda-preocupa-especialistas-no-brasil\/#primaryimage","url":"https:\/\/i0.wp.com\/afogadosfm.com.br\/afogadosfm\/wp-content\/uploads\/2020\/12\/vacinaCovid-1.jpg?fit=500%2C299&ssl=1","contentUrl":"https:\/\/i0.wp.com\/afogadosfm.com.br\/afogadosfm\/wp-content\/uploads\/2020\/12\/vacinaCovid-1.jpg?fit=500%2C299&ssl=1","width":500,"height":299},{"@type":"BreadcrumbList","@id":"https:\/\/afogadosfm.com.br\/afogadosfm\/2026\/01\/26\/covid-19-ainda-preocupa-especialistas-no-brasil\/#breadcrumb","itemListElement":[{"@type":"ListItem","position":1,"name":"In\u00edcio","item":"https:\/\/afogadosfm.com.br\/afogadosfm\/"},{"@type":"ListItem","position":2,"name":"Covid-19 ainda preocupa especialistas no Brasil"}]},{"@type":"WebSite","@id":"https:\/\/afogadosfm.com.br\/afogadosfm\/#website","url":"https:\/\/afogadosfm.com.br\/afogadosfm\/","name":"Afogados FM","description":"Um site completo!","publisher":{"@id":"https:\/\/afogadosfm.com.br\/afogadosfm\/#organization"},"potentialAction":[{"@type":"SearchAction","target":{"@type":"EntryPoint","urlTemplate":"https:\/\/afogadosfm.com.br\/afogadosfm\/?s={search_term_string}"},"query-input":{"@type":"PropertyValueSpecification","valueRequired":true,"valueName":"search_term_string"}}],"inLanguage":"pt-BR"},{"@type":"Organization","@id":"https:\/\/afogadosfm.com.br\/afogadosfm\/#organization","name":"Afogados FM","url":"https:\/\/afogadosfm.com.br\/afogadosfm\/","logo":{"@type":"ImageObject","inLanguage":"pt-BR","@id":"https:\/\/afogadosfm.com.br\/afogadosfm\/#\/schema\/logo\/image\/","url":"https:\/\/i0.wp.com\/afogadosfm.com.br\/afogadosfm\/wp-content\/uploads\/2020\/06\/cropped-banner-afogados-4.jpg?fit=369%2C137&ssl=1","contentUrl":"https:\/\/i0.wp.com\/afogadosfm.com.br\/afogadosfm\/wp-content\/uploads\/2020\/06\/cropped-banner-afogados-4.jpg?fit=369%2C137&ssl=1","width":369,"height":137,"caption":"Afogados FM"},"image":{"@id":"https:\/\/afogadosfm.com.br\/afogadosfm\/#\/schema\/logo\/image\/"}},{"@type":"Person","@id":"https:\/\/afogadosfm.com.br\/afogadosfm\/#\/schema\/person\/60e56f2cf5dc960fc093fe093d9e9057","name":"afogadosfm","image":{"@type":"ImageObject","inLanguage":"pt-BR","@id":"https:\/\/secure.gravatar.com\/avatar\/e0359add7ed5dc3560906d861b52c6a8cf5c1e199d3a7dd85070998f49bd4701?s=96&d=mm&r=g","url":"https:\/\/secure.gravatar.com\/avatar\/e0359add7ed5dc3560906d861b52c6a8cf5c1e199d3a7dd85070998f49bd4701?s=96&d=mm&r=g","contentUrl":"https:\/\/secure.gravatar.com\/avatar\/e0359add7ed5dc3560906d861b52c6a8cf5c1e199d3a7dd85070998f49bd4701?s=96&d=mm&r=g","caption":"afogadosfm"},"url":"https:\/\/afogadosfm.com.br\/afogadosfm\/author\/afogadosfm\/"}]}},"jetpack_publicize_connections":[],"jetpack_featured_media_url":"https:\/\/i0.wp.com\/afogadosfm.com.br\/afogadosfm\/wp-content\/uploads\/2020\/12\/vacinaCovid-1.jpg?fit=500%2C299&ssl=1","jetpack-related-posts":[],"jetpack_sharing_enabled":true,"jetpack_likes_enabled":true,"_links":{"self":[{"href":"https:\/\/afogadosfm.com.br\/afogadosfm\/wp-json\/wp\/v2\/posts\/72287","targetHints":{"allow":["GET"]}}],"collection":[{"href":"https:\/\/afogadosfm.com.br\/afogadosfm\/wp-json\/wp\/v2\/posts"}],"about":[{"href":"https:\/\/afogadosfm.com.br\/afogadosfm\/wp-json\/wp\/v2\/types\/post"}],"author":[{"embeddable":true,"href":"https:\/\/afogadosfm.com.br\/afogadosfm\/wp-json\/wp\/v2\/users\/2"}],"replies":[{"embeddable":true,"href":"https:\/\/afogadosfm.com.br\/afogadosfm\/wp-json\/wp\/v2\/comments?post=72287"}],"version-history":[{"count":1,"href":"https:\/\/afogadosfm.com.br\/afogadosfm\/wp-json\/wp\/v2\/posts\/72287\/revisions"}],"predecessor-version":[{"id":72288,"href":"https:\/\/afogadosfm.com.br\/afogadosfm\/wp-json\/wp\/v2\/posts\/72287\/revisions\/72288"}],"wp:featuredmedia":[{"embeddable":true,"href":"https:\/\/afogadosfm.com.br\/afogadosfm\/wp-json\/wp\/v2\/media\/22170"}],"wp:attachment":[{"href":"https:\/\/afogadosfm.com.br\/afogadosfm\/wp-json\/wp\/v2\/media?parent=72287"}],"wp:term":[{"taxonomy":"category","embeddable":true,"href":"https:\/\/afogadosfm.com.br\/afogadosfm\/wp-json\/wp\/v2\/categories?post=72287"},{"taxonomy":"post_tag","embeddable":true,"href":"https:\/\/afogadosfm.com.br\/afogadosfm\/wp-json\/wp\/v2\/tags?post=72287"}],"curies":[{"name":"wp","href":"https:\/\/api.w.org\/{rel}","templated":true}]}}