{"id":72296,"date":"2026-01-26T06:52:46","date_gmt":"2026-01-26T09:52:46","guid":{"rendered":"https:\/\/afogadosfm.com.br\/afogadosfm\/?p=72296"},"modified":"2026-01-26T06:52:47","modified_gmt":"2026-01-26T09:52:47","slug":"disputa-pelo-governo-ira-gerar-impacto-nas-bancadas-da-alepe","status":"publish","type":"post","link":"https:\/\/afogadosfm.com.br\/afogadosfm\/2026\/01\/26\/disputa-pelo-governo-ira-gerar-impacto-nas-bancadas-da-alepe\/","title":{"rendered":"Disputa pelo governo ir\u00e1 gerar impacto nas bancadas da Alepe"},"content":{"rendered":"\n<p>A poss\u00edvel disputa entre Raquel Lyra e Jo\u00e3o Campos pelo Governo de Pernambuco em 2026 tende a reorganizar o comportamento dos partidos e das bancadas na Assembleia, segundo Bhreno Vieira, \u201cem torno de dois grandes projetos pol\u00edticos\u201d. Para ele, a polariza\u00e7\u00e3o faz com que o Legislativo tamb\u00e9m se torne uma arena eleitoral.<\/p>\n\n\n\n<p>\u201cA elei\u00e7\u00e3o para deputado estadual passa a estar fortemente vinculada \u00e0 elei\u00e7\u00e3o para governador\u201d, destaca. \u201cPartidos e candidatos proporcionais tendem a se alinhar ao projeto que consideram mais competitivo, buscando palanque, apoio pol\u00edtico e transfer\u00eancia de votos\u201d, completa.<\/p>\n\n\n\n<p>Hoje, de acordo com Bhreno, a correla\u00e7\u00e3o de for\u00e7as na Alepe \u00e9 relativamente equilibrada. \u201cSe dividimos em 3 blocos: a esquerda tem 17 parlamentares, o centro possui 6 e a direita possui 26 deputados\u201d, detalha. Apesar disso, ele ressalta que a base governista n\u00e3o \u00e9 coesa. \u201cMuitos parlamentares votam de modo contr\u00e1rio ao governo a depender do assunto, enquanto a oposi\u00e7\u00e3o tem mostrado capacidade de articula\u00e7\u00e3o e vocaliza\u00e7\u00e3o\u201d.<\/p>\n\n\n\n<p>O especialista Alex Ribeiro analisa que essa polariza\u00e7\u00e3o pode redesenhar o equil\u00edbrio interno da Casa ap\u00f3s o pleito. \u201cA poss\u00edvel polariza\u00e7\u00e3o entre Raquel Lyra e Jo\u00e3o Campos reorganiza o campo pol\u00edtico. As candidaturas proporcionais passam a acompanhar essa divis\u00e3o\u201d, afirma.<\/p>\n\n\n\n<p>Para os especialistas, a for\u00e7a parlamentar ser\u00e1 decisiva para a governabilidade no pr\u00f3ximo mandato. \u201cA composi\u00e7\u00e3o da Casa ser\u00e1 decisiva para a governabilidade em 2027\u201d, afirma Alex Ribeiro. Priscila Lapa refor\u00e7a que n\u00e3o se pode olhar apenas para a elei\u00e7\u00e3o majorit\u00e1ria. \u201cA gente n\u00e3o pode desconsiderar o peso das elei\u00e7\u00f5es proporcionais na composi\u00e7\u00e3o dessas alian\u00e7as, na forma\u00e7\u00e3o das chapas e na decis\u00e3o pol\u00edtica que os partidos tomam sobre os seus rumos\u201d.<\/p>\n\n\n\n<p>Ela lembra ainda que o cen\u00e1rio atual reflete uma mudan\u00e7a estrutural na rela\u00e7\u00e3o entre Executivo e Legislativo no Brasil. \u201cHoje o legislativo ocupa um protagonismo muito maior do que d\u00e9cadas atr\u00e1s\u201d, afirma, destacando o avan\u00e7o do Parlamento sobre o or\u00e7amento e a agenda pol\u00edtica.<\/p>\n\n\n\n<p>Do DP<\/p>\n","protected":false},"excerpt":{"rendered":"<p>A poss\u00edvel disputa entre Raquel Lyra e Jo\u00e3o Campos pelo Governo de Pernambuco em 2026 tende a reorganizar o comportamento<\/p>\n","protected":false},"author":2,"featured_media":8082,"comment_status":"open","ping_status":"open","sticky":false,"template":"","format":"standard","meta":{"jetpack_post_was_ever_published":false,"_jetpack_newsletter_access":"","_jetpack_dont_email_post_to_subs":false,"_jetpack_newsletter_tier_id":0,"_jetpack_memberships_contains_paywalled_content":false,"_jetpack_memberships_contains_paid_content":false,"footnotes":"","jetpack_publicize_message":"","jetpack_publicize_feature_enabled":true,"jetpack_social_post_already_shared":true,"jetpack_social_options":{"image_generator_settings":{"template":"highway","default_image_id":0,"font":"","enabled":false},"version":2}},"categories":[35],"tags":[],"class_list":["post-72296","post","type-post","status-publish","format-standard","has-post-thumbnail","hentry","category-politica"],"yoast_head":"<!-- This site is optimized with the Yoast SEO plugin v27.4 - https:\/\/yoast.com\/product\/yoast-seo-wordpress\/ -->\n<title>Disputa pelo governo ir\u00e1 gerar impacto nas bancadas da Alepe - Afogados FM<\/title>\n<meta name=\"robots\" content=\"index, follow, max-snippet:-1, max-image-preview:large, max-video-preview:-1\" \/>\n<link rel=\"canonical\" href=\"https:\/\/afogadosfm.com.br\/afogadosfm\/2026\/01\/26\/disputa-pelo-governo-ira-gerar-impacto-nas-bancadas-da-alepe\/\" \/>\n<meta property=\"og:locale\" content=\"pt_BR\" \/>\n<meta property=\"og:type\" content=\"article\" \/>\n<meta property=\"og:title\" content=\"Disputa pelo governo ir\u00e1 gerar impacto nas bancadas da Alepe - Afogados FM\" \/>\n<meta property=\"og:description\" content=\"A poss\u00edvel disputa entre Raquel Lyra e Jo\u00e3o Campos pelo Governo de Pernambuco em 2026 tende a reorganizar o comportamento\" \/>\n<meta property=\"og:url\" content=\"https:\/\/afogadosfm.com.br\/afogadosfm\/2026\/01\/26\/disputa-pelo-governo-ira-gerar-impacto-nas-bancadas-da-alepe\/\" \/>\n<meta property=\"og:site_name\" content=\"Afogados FM\" \/>\n<meta property=\"article:published_time\" content=\"2026-01-26T09:52:46+00:00\" \/>\n<meta property=\"article:modified_time\" content=\"2026-01-26T09:52:47+00:00\" \/>\n<meta property=\"og:image\" content=\"https:\/\/afogadosfm.com.br\/afogadosfm\/wp-content\/uploads\/2018\/12\/alepe.jpeg\" \/>\n\t<meta property=\"og:image:width\" content=\"1000\" \/>\n\t<meta property=\"og:image:height\" content=\"666\" \/>\n\t<meta property=\"og:image:type\" content=\"image\/jpeg\" \/>\n<meta name=\"author\" content=\"afogadosfm\" \/>\n<meta name=\"twitter:card\" content=\"summary_large_image\" \/>\n<meta name=\"twitter:label1\" content=\"Escrito por\" \/>\n\t<meta name=\"twitter:data1\" content=\"afogadosfm\" \/>\n\t<meta name=\"twitter:label2\" content=\"Est. tempo de leitura\" \/>\n\t<meta name=\"twitter:data2\" content=\"2 minutos\" \/>\n<script type=\"application\/ld+json\" class=\"yoast-schema-graph\">{\"@context\":\"https:\\\/\\\/schema.org\",\"@graph\":[{\"@type\":\"Article\",\"@id\":\"https:\\\/\\\/afogadosfm.com.br\\\/afogadosfm\\\/2026\\\/01\\\/26\\\/disputa-pelo-governo-ira-gerar-impacto-nas-bancadas-da-alepe\\\/#article\",\"isPartOf\":{\"@id\":\"https:\\\/\\\/afogadosfm.com.br\\\/afogadosfm\\\/2026\\\/01\\\/26\\\/disputa-pelo-governo-ira-gerar-impacto-nas-bancadas-da-alepe\\\/\"},\"author\":{\"name\":\"afogadosfm\",\"@id\":\"https:\\\/\\\/afogadosfm.com.br\\\/afogadosfm\\\/#\\\/schema\\\/person\\\/60e56f2cf5dc960fc093fe093d9e9057\"},\"headline\":\"Disputa pelo governo ir\u00e1 gerar impacto nas bancadas da Alepe\",\"datePublished\":\"2026-01-26T09:52:46+00:00\",\"dateModified\":\"2026-01-26T09:52:47+00:00\",\"mainEntityOfPage\":{\"@id\":\"https:\\\/\\\/afogadosfm.com.br\\\/afogadosfm\\\/2026\\\/01\\\/26\\\/disputa-pelo-governo-ira-gerar-impacto-nas-bancadas-da-alepe\\\/\"},\"wordCount\":362,\"commentCount\":0,\"publisher\":{\"@id\":\"https:\\\/\\\/afogadosfm.com.br\\\/afogadosfm\\\/#organization\"},\"image\":{\"@id\":\"https:\\\/\\\/afogadosfm.com.br\\\/afogadosfm\\\/2026\\\/01\\\/26\\\/disputa-pelo-governo-ira-gerar-impacto-nas-bancadas-da-alepe\\\/#primaryimage\"},\"thumbnailUrl\":\"https:\\\/\\\/i0.wp.com\\\/afogadosfm.com.br\\\/afogadosfm\\\/wp-content\\\/uploads\\\/2018\\\/12\\\/alepe.jpeg?fit=1000%2C666&ssl=1\",\"articleSection\":[\"Pol\u00edtica\"],\"inLanguage\":\"pt-BR\",\"potentialAction\":[{\"@type\":\"CommentAction\",\"name\":\"Comment\",\"target\":[\"https:\\\/\\\/afogadosfm.com.br\\\/afogadosfm\\\/2026\\\/01\\\/26\\\/disputa-pelo-governo-ira-gerar-impacto-nas-bancadas-da-alepe\\\/#respond\"]}]},{\"@type\":\"WebPage\",\"@id\":\"https:\\\/\\\/afogadosfm.com.br\\\/afogadosfm\\\/2026\\\/01\\\/26\\\/disputa-pelo-governo-ira-gerar-impacto-nas-bancadas-da-alepe\\\/\",\"url\":\"https:\\\/\\\/afogadosfm.com.br\\\/afogadosfm\\\/2026\\\/01\\\/26\\\/disputa-pelo-governo-ira-gerar-impacto-nas-bancadas-da-alepe\\\/\",\"name\":\"Disputa pelo governo ir\u00e1 gerar impacto nas bancadas da Alepe - Afogados FM\",\"isPartOf\":{\"@id\":\"https:\\\/\\\/afogadosfm.com.br\\\/afogadosfm\\\/#website\"},\"primaryImageOfPage\":{\"@id\":\"https:\\\/\\\/afogadosfm.com.br\\\/afogadosfm\\\/2026\\\/01\\\/26\\\/disputa-pelo-governo-ira-gerar-impacto-nas-bancadas-da-alepe\\\/#primaryimage\"},\"image\":{\"@id\":\"https:\\\/\\\/afogadosfm.com.br\\\/afogadosfm\\\/2026\\\/01\\\/26\\\/disputa-pelo-governo-ira-gerar-impacto-nas-bancadas-da-alepe\\\/#primaryimage\"},\"thumbnailUrl\":\"https:\\\/\\\/i0.wp.com\\\/afogadosfm.com.br\\\/afogadosfm\\\/wp-content\\\/uploads\\\/2018\\\/12\\\/alepe.jpeg?fit=1000%2C666&ssl=1\",\"datePublished\":\"2026-01-26T09:52:46+00:00\",\"dateModified\":\"2026-01-26T09:52:47+00:00\",\"breadcrumb\":{\"@id\":\"https:\\\/\\\/afogadosfm.com.br\\\/afogadosfm\\\/2026\\\/01\\\/26\\\/disputa-pelo-governo-ira-gerar-impacto-nas-bancadas-da-alepe\\\/#breadcrumb\"},\"inLanguage\":\"pt-BR\",\"potentialAction\":[{\"@type\":\"ReadAction\",\"target\":[\"https:\\\/\\\/afogadosfm.com.br\\\/afogadosfm\\\/2026\\\/01\\\/26\\\/disputa-pelo-governo-ira-gerar-impacto-nas-bancadas-da-alepe\\\/\"]}]},{\"@type\":\"ImageObject\",\"inLanguage\":\"pt-BR\",\"@id\":\"https:\\\/\\\/afogadosfm.com.br\\\/afogadosfm\\\/2026\\\/01\\\/26\\\/disputa-pelo-governo-ira-gerar-impacto-nas-bancadas-da-alepe\\\/#primaryimage\",\"url\":\"https:\\\/\\\/i0.wp.com\\\/afogadosfm.com.br\\\/afogadosfm\\\/wp-content\\\/uploads\\\/2018\\\/12\\\/alepe.jpeg?fit=1000%2C666&ssl=1\",\"contentUrl\":\"https:\\\/\\\/i0.wp.com\\\/afogadosfm.com.br\\\/afogadosfm\\\/wp-content\\\/uploads\\\/2018\\\/12\\\/alepe.jpeg?fit=1000%2C666&ssl=1\",\"width\":1000,\"height\":666},{\"@type\":\"BreadcrumbList\",\"@id\":\"https:\\\/\\\/afogadosfm.com.br\\\/afogadosfm\\\/2026\\\/01\\\/26\\\/disputa-pelo-governo-ira-gerar-impacto-nas-bancadas-da-alepe\\\/#breadcrumb\",\"itemListElement\":[{\"@type\":\"ListItem\",\"position\":1,\"name\":\"In\u00edcio\",\"item\":\"https:\\\/\\\/afogadosfm.com.br\\\/afogadosfm\\\/\"},{\"@type\":\"ListItem\",\"position\":2,\"name\":\"Disputa pelo governo ir\u00e1 gerar impacto nas bancadas da Alepe\"}]},{\"@type\":\"WebSite\",\"@id\":\"https:\\\/\\\/afogadosfm.com.br\\\/afogadosfm\\\/#website\",\"url\":\"https:\\\/\\\/afogadosfm.com.br\\\/afogadosfm\\\/\",\"name\":\"Afogados FM\",\"description\":\"Um site completo!\",\"publisher\":{\"@id\":\"https:\\\/\\\/afogadosfm.com.br\\\/afogadosfm\\\/#organization\"},\"potentialAction\":[{\"@type\":\"SearchAction\",\"target\":{\"@type\":\"EntryPoint\",\"urlTemplate\":\"https:\\\/\\\/afogadosfm.com.br\\\/afogadosfm\\\/?s={search_term_string}\"},\"query-input\":{\"@type\":\"PropertyValueSpecification\",\"valueRequired\":true,\"valueName\":\"search_term_string\"}}],\"inLanguage\":\"pt-BR\"},{\"@type\":\"Organization\",\"@id\":\"https:\\\/\\\/afogadosfm.com.br\\\/afogadosfm\\\/#organization\",\"name\":\"Afogados FM\",\"url\":\"https:\\\/\\\/afogadosfm.com.br\\\/afogadosfm\\\/\",\"logo\":{\"@type\":\"ImageObject\",\"inLanguage\":\"pt-BR\",\"@id\":\"https:\\\/\\\/afogadosfm.com.br\\\/afogadosfm\\\/#\\\/schema\\\/logo\\\/image\\\/\",\"url\":\"https:\\\/\\\/i0.wp.com\\\/afogadosfm.com.br\\\/afogadosfm\\\/wp-content\\\/uploads\\\/2020\\\/06\\\/cropped-banner-afogados-4.jpg?fit=369%2C137&ssl=1\",\"contentUrl\":\"https:\\\/\\\/i0.wp.com\\\/afogadosfm.com.br\\\/afogadosfm\\\/wp-content\\\/uploads\\\/2020\\\/06\\\/cropped-banner-afogados-4.jpg?fit=369%2C137&ssl=1\",\"width\":369,\"height\":137,\"caption\":\"Afogados FM\"},\"image\":{\"@id\":\"https:\\\/\\\/afogadosfm.com.br\\\/afogadosfm\\\/#\\\/schema\\\/logo\\\/image\\\/\"}},{\"@type\":\"Person\",\"@id\":\"https:\\\/\\\/afogadosfm.com.br\\\/afogadosfm\\\/#\\\/schema\\\/person\\\/60e56f2cf5dc960fc093fe093d9e9057\",\"name\":\"afogadosfm\",\"image\":{\"@type\":\"ImageObject\",\"inLanguage\":\"pt-BR\",\"@id\":\"https:\\\/\\\/secure.gravatar.com\\\/avatar\\\/e0359add7ed5dc3560906d861b52c6a8cf5c1e199d3a7dd85070998f49bd4701?s=96&d=mm&r=g\",\"url\":\"https:\\\/\\\/secure.gravatar.com\\\/avatar\\\/e0359add7ed5dc3560906d861b52c6a8cf5c1e199d3a7dd85070998f49bd4701?s=96&d=mm&r=g\",\"contentUrl\":\"https:\\\/\\\/secure.gravatar.com\\\/avatar\\\/e0359add7ed5dc3560906d861b52c6a8cf5c1e199d3a7dd85070998f49bd4701?s=96&d=mm&r=g\",\"caption\":\"afogadosfm\"},\"url\":\"https:\\\/\\\/afogadosfm.com.br\\\/afogadosfm\\\/author\\\/afogadosfm\\\/\"}]}<\/script>\n<!-- \/ Yoast SEO plugin. -->","yoast_head_json":{"title":"Disputa pelo governo ir\u00e1 gerar impacto nas bancadas da Alepe - Afogados FM","robots":{"index":"index","follow":"follow","max-snippet":"max-snippet:-1","max-image-preview":"max-image-preview:large","max-video-preview":"max-video-preview:-1"},"canonical":"https:\/\/afogadosfm.com.br\/afogadosfm\/2026\/01\/26\/disputa-pelo-governo-ira-gerar-impacto-nas-bancadas-da-alepe\/","og_locale":"pt_BR","og_type":"article","og_title":"Disputa pelo governo ir\u00e1 gerar impacto nas bancadas da Alepe - Afogados FM","og_description":"A poss\u00edvel disputa entre Raquel Lyra e Jo\u00e3o Campos pelo Governo de Pernambuco em 2026 tende a reorganizar o comportamento","og_url":"https:\/\/afogadosfm.com.br\/afogadosfm\/2026\/01\/26\/disputa-pelo-governo-ira-gerar-impacto-nas-bancadas-da-alepe\/","og_site_name":"Afogados FM","article_published_time":"2026-01-26T09:52:46+00:00","article_modified_time":"2026-01-26T09:52:47+00:00","og_image":[{"width":1000,"height":666,"url":"https:\/\/afogadosfm.com.br\/afogadosfm\/wp-content\/uploads\/2018\/12\/alepe.jpeg","type":"image\/jpeg"}],"author":"afogadosfm","twitter_card":"summary_large_image","twitter_misc":{"Escrito por":"afogadosfm","Est. tempo de leitura":"2 minutos"},"schema":{"@context":"https:\/\/schema.org","@graph":[{"@type":"Article","@id":"https:\/\/afogadosfm.com.br\/afogadosfm\/2026\/01\/26\/disputa-pelo-governo-ira-gerar-impacto-nas-bancadas-da-alepe\/#article","isPartOf":{"@id":"https:\/\/afogadosfm.com.br\/afogadosfm\/2026\/01\/26\/disputa-pelo-governo-ira-gerar-impacto-nas-bancadas-da-alepe\/"},"author":{"name":"afogadosfm","@id":"https:\/\/afogadosfm.com.br\/afogadosfm\/#\/schema\/person\/60e56f2cf5dc960fc093fe093d9e9057"},"headline":"Disputa pelo governo ir\u00e1 gerar impacto nas bancadas da Alepe","datePublished":"2026-01-26T09:52:46+00:00","dateModified":"2026-01-26T09:52:47+00:00","mainEntityOfPage":{"@id":"https:\/\/afogadosfm.com.br\/afogadosfm\/2026\/01\/26\/disputa-pelo-governo-ira-gerar-impacto-nas-bancadas-da-alepe\/"},"wordCount":362,"commentCount":0,"publisher":{"@id":"https:\/\/afogadosfm.com.br\/afogadosfm\/#organization"},"image":{"@id":"https:\/\/afogadosfm.com.br\/afogadosfm\/2026\/01\/26\/disputa-pelo-governo-ira-gerar-impacto-nas-bancadas-da-alepe\/#primaryimage"},"thumbnailUrl":"https:\/\/i0.wp.com\/afogadosfm.com.br\/afogadosfm\/wp-content\/uploads\/2018\/12\/alepe.jpeg?fit=1000%2C666&ssl=1","articleSection":["Pol\u00edtica"],"inLanguage":"pt-BR","potentialAction":[{"@type":"CommentAction","name":"Comment","target":["https:\/\/afogadosfm.com.br\/afogadosfm\/2026\/01\/26\/disputa-pelo-governo-ira-gerar-impacto-nas-bancadas-da-alepe\/#respond"]}]},{"@type":"WebPage","@id":"https:\/\/afogadosfm.com.br\/afogadosfm\/2026\/01\/26\/disputa-pelo-governo-ira-gerar-impacto-nas-bancadas-da-alepe\/","url":"https:\/\/afogadosfm.com.br\/afogadosfm\/2026\/01\/26\/disputa-pelo-governo-ira-gerar-impacto-nas-bancadas-da-alepe\/","name":"Disputa pelo governo ir\u00e1 gerar impacto nas bancadas da Alepe - Afogados FM","isPartOf":{"@id":"https:\/\/afogadosfm.com.br\/afogadosfm\/#website"},"primaryImageOfPage":{"@id":"https:\/\/afogadosfm.com.br\/afogadosfm\/2026\/01\/26\/disputa-pelo-governo-ira-gerar-impacto-nas-bancadas-da-alepe\/#primaryimage"},"image":{"@id":"https:\/\/afogadosfm.com.br\/afogadosfm\/2026\/01\/26\/disputa-pelo-governo-ira-gerar-impacto-nas-bancadas-da-alepe\/#primaryimage"},"thumbnailUrl":"https:\/\/i0.wp.com\/afogadosfm.com.br\/afogadosfm\/wp-content\/uploads\/2018\/12\/alepe.jpeg?fit=1000%2C666&ssl=1","datePublished":"2026-01-26T09:52:46+00:00","dateModified":"2026-01-26T09:52:47+00:00","breadcrumb":{"@id":"https:\/\/afogadosfm.com.br\/afogadosfm\/2026\/01\/26\/disputa-pelo-governo-ira-gerar-impacto-nas-bancadas-da-alepe\/#breadcrumb"},"inLanguage":"pt-BR","potentialAction":[{"@type":"ReadAction","target":["https:\/\/afogadosfm.com.br\/afogadosfm\/2026\/01\/26\/disputa-pelo-governo-ira-gerar-impacto-nas-bancadas-da-alepe\/"]}]},{"@type":"ImageObject","inLanguage":"pt-BR","@id":"https:\/\/afogadosfm.com.br\/afogadosfm\/2026\/01\/26\/disputa-pelo-governo-ira-gerar-impacto-nas-bancadas-da-alepe\/#primaryimage","url":"https:\/\/i0.wp.com\/afogadosfm.com.br\/afogadosfm\/wp-content\/uploads\/2018\/12\/alepe.jpeg?fit=1000%2C666&ssl=1","contentUrl":"https:\/\/i0.wp.com\/afogadosfm.com.br\/afogadosfm\/wp-content\/uploads\/2018\/12\/alepe.jpeg?fit=1000%2C666&ssl=1","width":1000,"height":666},{"@type":"BreadcrumbList","@id":"https:\/\/afogadosfm.com.br\/afogadosfm\/2026\/01\/26\/disputa-pelo-governo-ira-gerar-impacto-nas-bancadas-da-alepe\/#breadcrumb","itemListElement":[{"@type":"ListItem","position":1,"name":"In\u00edcio","item":"https:\/\/afogadosfm.com.br\/afogadosfm\/"},{"@type":"ListItem","position":2,"name":"Disputa pelo governo ir\u00e1 gerar impacto nas bancadas da Alepe"}]},{"@type":"WebSite","@id":"https:\/\/afogadosfm.com.br\/afogadosfm\/#website","url":"https:\/\/afogadosfm.com.br\/afogadosfm\/","name":"Afogados FM","description":"Um site completo!","publisher":{"@id":"https:\/\/afogadosfm.com.br\/afogadosfm\/#organization"},"potentialAction":[{"@type":"SearchAction","target":{"@type":"EntryPoint","urlTemplate":"https:\/\/afogadosfm.com.br\/afogadosfm\/?s={search_term_string}"},"query-input":{"@type":"PropertyValueSpecification","valueRequired":true,"valueName":"search_term_string"}}],"inLanguage":"pt-BR"},{"@type":"Organization","@id":"https:\/\/afogadosfm.com.br\/afogadosfm\/#organization","name":"Afogados FM","url":"https:\/\/afogadosfm.com.br\/afogadosfm\/","logo":{"@type":"ImageObject","inLanguage":"pt-BR","@id":"https:\/\/afogadosfm.com.br\/afogadosfm\/#\/schema\/logo\/image\/","url":"https:\/\/i0.wp.com\/afogadosfm.com.br\/afogadosfm\/wp-content\/uploads\/2020\/06\/cropped-banner-afogados-4.jpg?fit=369%2C137&ssl=1","contentUrl":"https:\/\/i0.wp.com\/afogadosfm.com.br\/afogadosfm\/wp-content\/uploads\/2020\/06\/cropped-banner-afogados-4.jpg?fit=369%2C137&ssl=1","width":369,"height":137,"caption":"Afogados FM"},"image":{"@id":"https:\/\/afogadosfm.com.br\/afogadosfm\/#\/schema\/logo\/image\/"}},{"@type":"Person","@id":"https:\/\/afogadosfm.com.br\/afogadosfm\/#\/schema\/person\/60e56f2cf5dc960fc093fe093d9e9057","name":"afogadosfm","image":{"@type":"ImageObject","inLanguage":"pt-BR","@id":"https:\/\/secure.gravatar.com\/avatar\/e0359add7ed5dc3560906d861b52c6a8cf5c1e199d3a7dd85070998f49bd4701?s=96&d=mm&r=g","url":"https:\/\/secure.gravatar.com\/avatar\/e0359add7ed5dc3560906d861b52c6a8cf5c1e199d3a7dd85070998f49bd4701?s=96&d=mm&r=g","contentUrl":"https:\/\/secure.gravatar.com\/avatar\/e0359add7ed5dc3560906d861b52c6a8cf5c1e199d3a7dd85070998f49bd4701?s=96&d=mm&r=g","caption":"afogadosfm"},"url":"https:\/\/afogadosfm.com.br\/afogadosfm\/author\/afogadosfm\/"}]}},"jetpack_publicize_connections":[],"jetpack_featured_media_url":"https:\/\/i0.wp.com\/afogadosfm.com.br\/afogadosfm\/wp-content\/uploads\/2018\/12\/alepe.jpeg?fit=1000%2C666&ssl=1","jetpack-related-posts":[],"jetpack_sharing_enabled":true,"jetpack_likes_enabled":true,"_links":{"self":[{"href":"https:\/\/afogadosfm.com.br\/afogadosfm\/wp-json\/wp\/v2\/posts\/72296","targetHints":{"allow":["GET"]}}],"collection":[{"href":"https:\/\/afogadosfm.com.br\/afogadosfm\/wp-json\/wp\/v2\/posts"}],"about":[{"href":"https:\/\/afogadosfm.com.br\/afogadosfm\/wp-json\/wp\/v2\/types\/post"}],"author":[{"embeddable":true,"href":"https:\/\/afogadosfm.com.br\/afogadosfm\/wp-json\/wp\/v2\/users\/2"}],"replies":[{"embeddable":true,"href":"https:\/\/afogadosfm.com.br\/afogadosfm\/wp-json\/wp\/v2\/comments?post=72296"}],"version-history":[{"count":1,"href":"https:\/\/afogadosfm.com.br\/afogadosfm\/wp-json\/wp\/v2\/posts\/72296\/revisions"}],"predecessor-version":[{"id":72297,"href":"https:\/\/afogadosfm.com.br\/afogadosfm\/wp-json\/wp\/v2\/posts\/72296\/revisions\/72297"}],"wp:featuredmedia":[{"embeddable":true,"href":"https:\/\/afogadosfm.com.br\/afogadosfm\/wp-json\/wp\/v2\/media\/8082"}],"wp:attachment":[{"href":"https:\/\/afogadosfm.com.br\/afogadosfm\/wp-json\/wp\/v2\/media?parent=72296"}],"wp:term":[{"taxonomy":"category","embeddable":true,"href":"https:\/\/afogadosfm.com.br\/afogadosfm\/wp-json\/wp\/v2\/categories?post=72296"},{"taxonomy":"post_tag","embeddable":true,"href":"https:\/\/afogadosfm.com.br\/afogadosfm\/wp-json\/wp\/v2\/tags?post=72296"}],"curies":[{"name":"wp","href":"https:\/\/api.w.org\/{rel}","templated":true}]}}