{"id":72312,"date":"2026-01-27T05:00:00","date_gmt":"2026-01-27T08:00:00","guid":{"rendered":"https:\/\/afogadosfm.com.br\/afogadosfm\/?p=72312"},"modified":"2026-01-26T19:15:31","modified_gmt":"2026-01-26T22:15:31","slug":"policia-e-acusada-de-espionagem-contra-secretario-de-joao-campos-sds-diz-que-narrativa-e-falsa","status":"publish","type":"post","link":"https:\/\/afogadosfm.com.br\/afogadosfm\/2026\/01\/27\/policia-e-acusada-de-espionagem-contra-secretario-de-joao-campos-sds-diz-que-narrativa-e-falsa\/","title":{"rendered":"Pol\u00edcia \u00e9 acusada de &#8216;espionagem&#8217; contra secret\u00e1rio de Jo\u00e3o Campos; SDS diz que narrativa \u00e9 &#8216;falsa&#8217;"},"content":{"rendered":"\n<p>A Pol\u00edcia Civil de Pernambuco foi alvo de uma den\u00fancia de espionagem contra o secret\u00e1rio de Articula\u00e7\u00e3o do Recife, Gustavo Monteiro, auxiliar do prefeito Jo\u00e3o Campos (PSB). Reportagem exibida pelo Domingo Espetacular, da TV Record, nesse domingo (25), diz que agentes da corpora\u00e7\u00e3o monitoraram a rotina do secret\u00e1rio e chegaram a instalar um rastreador em um ve\u00edculo da prefeitura tamb\u00e9m usado pelo irm\u00e3o dele, Eduardo Monteiro.<\/p>\n\n\n\n<p>Nesta segunda (26), em uma coletiva de imprensa para tratar do assunto, o secret\u00e1rio de Defesa Social de Pernambuco (SDS-PE), Alessandro de Carvalho, disse que \u00e9 &#8220;falsa a narrativa de espionagem&#8221;. Segundo o secret\u00e1rio, houve uma apura\u00e7\u00e3o preliminar a partir de uma den\u00fancia an\u00f4nima.<\/p>\n\n\n\n<p>Den\u00fancia<\/p>\n\n\n\n<p>Carvalho afirmou que a pol\u00edcia recebeu uma den\u00fancia de um poss\u00edvel pagamento de percentuais sobre um contrato. Haveria um encontro no estacionamento de um shopping center, envolvendo um ve\u00edculo da Prefeitura do Recife.<\/p>\n\n\n\n<p>&#8220;A Justi\u00e7a j\u00e1 determinou que n\u00e3o pode abrir inqu\u00e9rito a partir de den\u00fancia an\u00f4nima. N\u00e3o havia uma justa causa para abrir. Por isso, foi criado um grupo de trabalho para fazer esse procedimento&#8221;, relatou.<\/p>\n\n\n\n<p>Ainda conforme as informa\u00e7\u00f5es repassadas por Alessandro, as dilig\u00eancias foram feitas de agosto a outubro de 2025, e foram encerradas porque nenhum ato il\u00edcito foi constatado. O grupo envolvia 10 policiais, tr\u00eas delegados e sete agentes.<\/p>\n\n\n\n<p>&#8220;O ve\u00edculo mencionado n\u00e3o se envolveu durante o per\u00edodo de investiga\u00e7\u00e3o preliminar em algum encontro em que houvesse entrega de algum pacote, algo pudesse ser fruto daquilo que constava na den\u00fancia. E isso foi arquivado. Uma situa\u00e7\u00e3o dessa voc\u00ea tem que checar, foi checado, durante o per\u00edodo n\u00e3o foi confirmado e houve o arquivamento&#8221;, explicou.<\/p>\n\n\n\n<p>Alessandro defendeu que a a\u00e7\u00e3o foi leg\u00edtima e que o procedimento \u00e9 de rotina na corpora\u00e7\u00e3o.<\/p>\n\n\n\n<p>&#8220;Verifica\u00e7\u00f5es preliminares de proced\u00eancia de den\u00fancia an\u00f4nima, isso \u00e9 rotina. Tanto na Pol\u00edcia Civil de Pernambuco, na pol\u00edcia civil dos estados e na Pol\u00edcia Federal, que se faz isso. Havendo proced\u00eancia, se instauraria o inqu\u00e9rito. N\u00e3o houve, acabou. N\u00e3o h\u00e1 mais nenhuma investiga\u00e7\u00e3o com rela\u00e7\u00e3o a essa den\u00fancia que foi feita&#8221;.<\/p>\n\n\n\n<p>Vazamento<\/p>\n\n\n\n<p>O secret\u00e1rio disse tamb\u00e9m que as conversas do grupo de trabalho foram \u201cvazadas\u201d para um jornalista. \u201cIsso ser\u00e1 investigado. O rep\u00f3rter tem todo o direito de manter o sigilo da fonte, mas o vazamento ser\u00e1 investigado\u201d, declarou.<\/p>\n\n\n\n<p>Sobre o vazamento, a SDS vai apurar se foi por meio de um policial afastado ap\u00f3s ser flagrado em um estacionamento com o presidente da C\u00e2mara de Vereadores de Ipojuca, Fl\u00e1vio do Cart\u00f3rio (PSD), suspeito de envolvimento em irregularidades no pagamento de emendas parlamentares na cidade. Esse policial estava no grupo do trabalho, o que explicaria o acesso \u00e0s informa\u00e7\u00f5es.<\/p>\n\n\n\n<p>&#8220;Um dos integrantes desse grupo em novembro foi surpreendido, tendo uma reuni\u00e3o no estacionamento de um supermercado com o ent\u00e3o presidente da C\u00e2mara de Vereadores de Ipojuca. O presidente foi preso por uma quest\u00e3o de, uma investiga\u00e7\u00e3o de desvio de recursos p\u00fablicos e esse policial que fazia parte do grupo, ele foi desligado no dia seguinte da Intelig\u00eancia, foi ouvido pelo Gaeco, e foi colocado \u00e0 disposi\u00e7\u00e3o do setor de recursos humanos. No dia de hoje est\u00e1 sendo restaurado um inqu\u00e9rito policial para apurar o vazamento de informa\u00e7\u00f5es protegidas por sigilo&#8221;.<\/p>\n\n\n\n<p>Prefeitura do Recife fala em &#8220;persegui\u00e7\u00e3o pol\u00edtica&#8221;.<\/p>\n\n\n\n<p>Em nota, a Prefeitura do Recife afirma que &#8220;repudia qualquer tentativa de uso indevido das for\u00e7as policiais de Pernambuco para persegui\u00e7\u00e3o pol\u00edtica&#8221; e que &#8220;n\u00e3o poupar\u00e1 esfor\u00e7os para defender seus servidores desse tipo de ataque&#8221;.<\/p>\n\n\n\n<p>Leia a \u00edntegra do comunicado<\/p>\n\n\n\n<p>&#8220;A Prefeitura da Cidade do Recife repudia qualquer tentativa de uso indevido das for\u00e7as policiais de Pernambuco para persegui\u00e7\u00e3o pol\u00edtica.<br>A Pol\u00edcia Civil de Pernambuco \u00e9 uma institui\u00e7\u00e3o s\u00e9ria e respeitada, n\u00e3o existindo, at\u00e9 hoje, registro desse tipo de tentativa de uso eleitoral nos mais de dois s\u00e9culos de sua exist\u00eancia.<br>Essa atitude caracteriza uma conduta ilegal, inconstitucional e imoral, nunca vista em nosso Estado, e a Prefeitura n\u00e3o poupar\u00e1 esfor\u00e7os para defender seus servidores desse tipo de ataque, utilizando as esferas administrativas e judiciais cab\u00edveis&#8221;.<\/p>\n","protected":false},"excerpt":{"rendered":"<p>A Pol\u00edcia Civil de Pernambuco foi alvo de uma den\u00fancia de espionagem contra o secret\u00e1rio de Articula\u00e7\u00e3o do Recife, Gustavo<\/p>\n","protected":false},"author":2,"featured_media":54517,"comment_status":"open","ping_status":"open","sticky":false,"template":"","format":"standard","meta":{"jetpack_post_was_ever_published":false,"_jetpack_newsletter_access":"","_jetpack_dont_email_post_to_subs":false,"_jetpack_newsletter_tier_id":0,"_jetpack_memberships_contains_paywalled_content":false,"_jetpack_memberships_contains_paid_content":false,"footnotes":"","jetpack_publicize_message":"","jetpack_publicize_feature_enabled":true,"jetpack_social_post_already_shared":true,"jetpack_social_options":{"image_generator_settings":{"template":"highway","default_image_id":0,"font":"","enabled":false},"version":2}},"categories":[13],"tags":[],"class_list":["post-72312","post","type-post","status-publish","format-standard","has-post-thumbnail","hentry","category-pernambuco"],"yoast_head":"<!-- This site is optimized with the Yoast SEO plugin v27.5 - https:\/\/yoast.com\/product\/yoast-seo-wordpress\/ -->\n<title>Pol\u00edcia \u00e9 acusada de &#039;espionagem&#039; contra secret\u00e1rio de Jo\u00e3o Campos; SDS diz que narrativa \u00e9 &#039;falsa&#039; - Afogados FM<\/title>\n<meta name=\"robots\" content=\"index, follow, max-snippet:-1, max-image-preview:large, max-video-preview:-1\" \/>\n<link rel=\"canonical\" href=\"https:\/\/afogadosfm.com.br\/afogadosfm\/2026\/01\/27\/policia-e-acusada-de-espionagem-contra-secretario-de-joao-campos-sds-diz-que-narrativa-e-falsa\/\" \/>\n<meta property=\"og:locale\" content=\"pt_BR\" \/>\n<meta property=\"og:type\" content=\"article\" \/>\n<meta property=\"og:title\" content=\"Pol\u00edcia \u00e9 acusada de &#039;espionagem&#039; contra secret\u00e1rio de Jo\u00e3o Campos; SDS diz que narrativa \u00e9 &#039;falsa&#039; - Afogados FM\" \/>\n<meta property=\"og:description\" content=\"A Pol\u00edcia Civil de Pernambuco foi alvo de uma den\u00fancia de espionagem contra o secret\u00e1rio de Articula\u00e7\u00e3o do Recife, Gustavo\" \/>\n<meta property=\"og:url\" content=\"https:\/\/afogadosfm.com.br\/afogadosfm\/2026\/01\/27\/policia-e-acusada-de-espionagem-contra-secretario-de-joao-campos-sds-diz-que-narrativa-e-falsa\/\" \/>\n<meta property=\"og:site_name\" content=\"Afogados FM\" \/>\n<meta property=\"article:published_time\" content=\"2026-01-27T08:00:00+00:00\" \/>\n<meta property=\"og:image\" content=\"https:\/\/i0.wp.com\/afogadosfm.com.br\/afogadosfm\/wp-content\/uploads\/2024\/02\/policiacivil.jpeg?fit=474%2C244&ssl=1\" \/>\n\t<meta property=\"og:image:width\" content=\"474\" \/>\n\t<meta property=\"og:image:height\" content=\"244\" \/>\n\t<meta property=\"og:image:type\" content=\"image\/jpeg\" \/>\n<meta name=\"author\" content=\"afogadosfm\" \/>\n<meta name=\"twitter:card\" content=\"summary_large_image\" \/>\n<meta name=\"twitter:label1\" content=\"Escrito por\" \/>\n\t<meta name=\"twitter:data1\" content=\"afogadosfm\" \/>\n\t<meta name=\"twitter:label2\" content=\"Est. tempo de leitura\" \/>\n\t<meta name=\"twitter:data2\" content=\"4 minutos\" \/>\n<script type=\"application\/ld+json\" class=\"yoast-schema-graph\">{\"@context\":\"https:\\\/\\\/schema.org\",\"@graph\":[{\"@type\":\"Article\",\"@id\":\"https:\\\/\\\/afogadosfm.com.br\\\/afogadosfm\\\/2026\\\/01\\\/27\\\/policia-e-acusada-de-espionagem-contra-secretario-de-joao-campos-sds-diz-que-narrativa-e-falsa\\\/#article\",\"isPartOf\":{\"@id\":\"https:\\\/\\\/afogadosfm.com.br\\\/afogadosfm\\\/2026\\\/01\\\/27\\\/policia-e-acusada-de-espionagem-contra-secretario-de-joao-campos-sds-diz-que-narrativa-e-falsa\\\/\"},\"author\":{\"name\":\"afogadosfm\",\"@id\":\"https:\\\/\\\/afogadosfm.com.br\\\/afogadosfm\\\/#\\\/schema\\\/person\\\/60e56f2cf5dc960fc093fe093d9e9057\"},\"headline\":\"Pol\u00edcia \u00e9 acusada de &#8216;espionagem&#8217; contra secret\u00e1rio de Jo\u00e3o Campos; SDS diz que narrativa \u00e9 &#8216;falsa&#8217;\",\"datePublished\":\"2026-01-27T08:00:00+00:00\",\"mainEntityOfPage\":{\"@id\":\"https:\\\/\\\/afogadosfm.com.br\\\/afogadosfm\\\/2026\\\/01\\\/27\\\/policia-e-acusada-de-espionagem-contra-secretario-de-joao-campos-sds-diz-que-narrativa-e-falsa\\\/\"},\"wordCount\":758,\"commentCount\":0,\"publisher\":{\"@id\":\"https:\\\/\\\/afogadosfm.com.br\\\/afogadosfm\\\/#organization\"},\"image\":{\"@id\":\"https:\\\/\\\/afogadosfm.com.br\\\/afogadosfm\\\/2026\\\/01\\\/27\\\/policia-e-acusada-de-espionagem-contra-secretario-de-joao-campos-sds-diz-que-narrativa-e-falsa\\\/#primaryimage\"},\"thumbnailUrl\":\"https:\\\/\\\/i0.wp.com\\\/afogadosfm.com.br\\\/afogadosfm\\\/wp-content\\\/uploads\\\/2024\\\/02\\\/policiacivil.jpeg?fit=474%2C244&ssl=1\",\"articleSection\":[\"Pernambuco\"],\"inLanguage\":\"pt-BR\",\"potentialAction\":[{\"@type\":\"CommentAction\",\"name\":\"Comment\",\"target\":[\"https:\\\/\\\/afogadosfm.com.br\\\/afogadosfm\\\/2026\\\/01\\\/27\\\/policia-e-acusada-de-espionagem-contra-secretario-de-joao-campos-sds-diz-que-narrativa-e-falsa\\\/#respond\"]}]},{\"@type\":\"WebPage\",\"@id\":\"https:\\\/\\\/afogadosfm.com.br\\\/afogadosfm\\\/2026\\\/01\\\/27\\\/policia-e-acusada-de-espionagem-contra-secretario-de-joao-campos-sds-diz-que-narrativa-e-falsa\\\/\",\"url\":\"https:\\\/\\\/afogadosfm.com.br\\\/afogadosfm\\\/2026\\\/01\\\/27\\\/policia-e-acusada-de-espionagem-contra-secretario-de-joao-campos-sds-diz-que-narrativa-e-falsa\\\/\",\"name\":\"Pol\u00edcia \u00e9 acusada de 'espionagem' contra secret\u00e1rio de Jo\u00e3o Campos; SDS diz que narrativa \u00e9 'falsa' - Afogados FM\",\"isPartOf\":{\"@id\":\"https:\\\/\\\/afogadosfm.com.br\\\/afogadosfm\\\/#website\"},\"primaryImageOfPage\":{\"@id\":\"https:\\\/\\\/afogadosfm.com.br\\\/afogadosfm\\\/2026\\\/01\\\/27\\\/policia-e-acusada-de-espionagem-contra-secretario-de-joao-campos-sds-diz-que-narrativa-e-falsa\\\/#primaryimage\"},\"image\":{\"@id\":\"https:\\\/\\\/afogadosfm.com.br\\\/afogadosfm\\\/2026\\\/01\\\/27\\\/policia-e-acusada-de-espionagem-contra-secretario-de-joao-campos-sds-diz-que-narrativa-e-falsa\\\/#primaryimage\"},\"thumbnailUrl\":\"https:\\\/\\\/i0.wp.com\\\/afogadosfm.com.br\\\/afogadosfm\\\/wp-content\\\/uploads\\\/2024\\\/02\\\/policiacivil.jpeg?fit=474%2C244&ssl=1\",\"datePublished\":\"2026-01-27T08:00:00+00:00\",\"breadcrumb\":{\"@id\":\"https:\\\/\\\/afogadosfm.com.br\\\/afogadosfm\\\/2026\\\/01\\\/27\\\/policia-e-acusada-de-espionagem-contra-secretario-de-joao-campos-sds-diz-que-narrativa-e-falsa\\\/#breadcrumb\"},\"inLanguage\":\"pt-BR\",\"potentialAction\":[{\"@type\":\"ReadAction\",\"target\":[\"https:\\\/\\\/afogadosfm.com.br\\\/afogadosfm\\\/2026\\\/01\\\/27\\\/policia-e-acusada-de-espionagem-contra-secretario-de-joao-campos-sds-diz-que-narrativa-e-falsa\\\/\"]}]},{\"@type\":\"ImageObject\",\"inLanguage\":\"pt-BR\",\"@id\":\"https:\\\/\\\/afogadosfm.com.br\\\/afogadosfm\\\/2026\\\/01\\\/27\\\/policia-e-acusada-de-espionagem-contra-secretario-de-joao-campos-sds-diz-que-narrativa-e-falsa\\\/#primaryimage\",\"url\":\"https:\\\/\\\/i0.wp.com\\\/afogadosfm.com.br\\\/afogadosfm\\\/wp-content\\\/uploads\\\/2024\\\/02\\\/policiacivil.jpeg?fit=474%2C244&ssl=1\",\"contentUrl\":\"https:\\\/\\\/i0.wp.com\\\/afogadosfm.com.br\\\/afogadosfm\\\/wp-content\\\/uploads\\\/2024\\\/02\\\/policiacivil.jpeg?fit=474%2C244&ssl=1\",\"width\":474,\"height\":244},{\"@type\":\"BreadcrumbList\",\"@id\":\"https:\\\/\\\/afogadosfm.com.br\\\/afogadosfm\\\/2026\\\/01\\\/27\\\/policia-e-acusada-de-espionagem-contra-secretario-de-joao-campos-sds-diz-que-narrativa-e-falsa\\\/#breadcrumb\",\"itemListElement\":[{\"@type\":\"ListItem\",\"position\":1,\"name\":\"In\u00edcio\",\"item\":\"https:\\\/\\\/afogadosfm.com.br\\\/afogadosfm\\\/\"},{\"@type\":\"ListItem\",\"position\":2,\"name\":\"Pol\u00edcia \u00e9 acusada de &#8216;espionagem&#8217; contra secret\u00e1rio de Jo\u00e3o Campos; SDS diz que narrativa \u00e9 &#8216;falsa&#8217;\"}]},{\"@type\":\"WebSite\",\"@id\":\"https:\\\/\\\/afogadosfm.com.br\\\/afogadosfm\\\/#website\",\"url\":\"https:\\\/\\\/afogadosfm.com.br\\\/afogadosfm\\\/\",\"name\":\"Afogados FM\",\"description\":\"Um site completo!\",\"publisher\":{\"@id\":\"https:\\\/\\\/afogadosfm.com.br\\\/afogadosfm\\\/#organization\"},\"potentialAction\":[{\"@type\":\"SearchAction\",\"target\":{\"@type\":\"EntryPoint\",\"urlTemplate\":\"https:\\\/\\\/afogadosfm.com.br\\\/afogadosfm\\\/?s={search_term_string}\"},\"query-input\":{\"@type\":\"PropertyValueSpecification\",\"valueRequired\":true,\"valueName\":\"search_term_string\"}}],\"inLanguage\":\"pt-BR\"},{\"@type\":\"Organization\",\"@id\":\"https:\\\/\\\/afogadosfm.com.br\\\/afogadosfm\\\/#organization\",\"name\":\"Afogados FM\",\"url\":\"https:\\\/\\\/afogadosfm.com.br\\\/afogadosfm\\\/\",\"logo\":{\"@type\":\"ImageObject\",\"inLanguage\":\"pt-BR\",\"@id\":\"https:\\\/\\\/afogadosfm.com.br\\\/afogadosfm\\\/#\\\/schema\\\/logo\\\/image\\\/\",\"url\":\"https:\\\/\\\/i0.wp.com\\\/afogadosfm.com.br\\\/afogadosfm\\\/wp-content\\\/uploads\\\/2020\\\/06\\\/cropped-banner-afogados-4.jpg?fit=369%2C137&ssl=1\",\"contentUrl\":\"https:\\\/\\\/i0.wp.com\\\/afogadosfm.com.br\\\/afogadosfm\\\/wp-content\\\/uploads\\\/2020\\\/06\\\/cropped-banner-afogados-4.jpg?fit=369%2C137&ssl=1\",\"width\":369,\"height\":137,\"caption\":\"Afogados FM\"},\"image\":{\"@id\":\"https:\\\/\\\/afogadosfm.com.br\\\/afogadosfm\\\/#\\\/schema\\\/logo\\\/image\\\/\"}},{\"@type\":\"Person\",\"@id\":\"https:\\\/\\\/afogadosfm.com.br\\\/afogadosfm\\\/#\\\/schema\\\/person\\\/60e56f2cf5dc960fc093fe093d9e9057\",\"name\":\"afogadosfm\",\"image\":{\"@type\":\"ImageObject\",\"inLanguage\":\"pt-BR\",\"@id\":\"https:\\\/\\\/secure.gravatar.com\\\/avatar\\\/e0359add7ed5dc3560906d861b52c6a8cf5c1e199d3a7dd85070998f49bd4701?s=96&d=mm&r=g\",\"url\":\"https:\\\/\\\/secure.gravatar.com\\\/avatar\\\/e0359add7ed5dc3560906d861b52c6a8cf5c1e199d3a7dd85070998f49bd4701?s=96&d=mm&r=g\",\"contentUrl\":\"https:\\\/\\\/secure.gravatar.com\\\/avatar\\\/e0359add7ed5dc3560906d861b52c6a8cf5c1e199d3a7dd85070998f49bd4701?s=96&d=mm&r=g\",\"caption\":\"afogadosfm\"},\"url\":\"https:\\\/\\\/afogadosfm.com.br\\\/afogadosfm\\\/author\\\/afogadosfm\\\/\"}]}<\/script>\n<!-- \/ Yoast SEO plugin. -->","yoast_head_json":{"title":"Pol\u00edcia \u00e9 acusada de 'espionagem' contra secret\u00e1rio de Jo\u00e3o Campos; SDS diz que narrativa \u00e9 'falsa' - Afogados FM","robots":{"index":"index","follow":"follow","max-snippet":"max-snippet:-1","max-image-preview":"max-image-preview:large","max-video-preview":"max-video-preview:-1"},"canonical":"https:\/\/afogadosfm.com.br\/afogadosfm\/2026\/01\/27\/policia-e-acusada-de-espionagem-contra-secretario-de-joao-campos-sds-diz-que-narrativa-e-falsa\/","og_locale":"pt_BR","og_type":"article","og_title":"Pol\u00edcia \u00e9 acusada de 'espionagem' contra secret\u00e1rio de Jo\u00e3o Campos; SDS diz que narrativa \u00e9 'falsa' - Afogados FM","og_description":"A Pol\u00edcia Civil de Pernambuco foi alvo de uma den\u00fancia de espionagem contra o secret\u00e1rio de Articula\u00e7\u00e3o do Recife, Gustavo","og_url":"https:\/\/afogadosfm.com.br\/afogadosfm\/2026\/01\/27\/policia-e-acusada-de-espionagem-contra-secretario-de-joao-campos-sds-diz-que-narrativa-e-falsa\/","og_site_name":"Afogados FM","article_published_time":"2026-01-27T08:00:00+00:00","og_image":[{"width":474,"height":244,"url":"https:\/\/i0.wp.com\/afogadosfm.com.br\/afogadosfm\/wp-content\/uploads\/2024\/02\/policiacivil.jpeg?fit=474%2C244&ssl=1","type":"image\/jpeg"}],"author":"afogadosfm","twitter_card":"summary_large_image","twitter_misc":{"Escrito por":"afogadosfm","Est. tempo de leitura":"4 minutos"},"schema":{"@context":"https:\/\/schema.org","@graph":[{"@type":"Article","@id":"https:\/\/afogadosfm.com.br\/afogadosfm\/2026\/01\/27\/policia-e-acusada-de-espionagem-contra-secretario-de-joao-campos-sds-diz-que-narrativa-e-falsa\/#article","isPartOf":{"@id":"https:\/\/afogadosfm.com.br\/afogadosfm\/2026\/01\/27\/policia-e-acusada-de-espionagem-contra-secretario-de-joao-campos-sds-diz-que-narrativa-e-falsa\/"},"author":{"name":"afogadosfm","@id":"https:\/\/afogadosfm.com.br\/afogadosfm\/#\/schema\/person\/60e56f2cf5dc960fc093fe093d9e9057"},"headline":"Pol\u00edcia \u00e9 acusada de &#8216;espionagem&#8217; contra secret\u00e1rio de Jo\u00e3o Campos; SDS diz que narrativa \u00e9 &#8216;falsa&#8217;","datePublished":"2026-01-27T08:00:00+00:00","mainEntityOfPage":{"@id":"https:\/\/afogadosfm.com.br\/afogadosfm\/2026\/01\/27\/policia-e-acusada-de-espionagem-contra-secretario-de-joao-campos-sds-diz-que-narrativa-e-falsa\/"},"wordCount":758,"commentCount":0,"publisher":{"@id":"https:\/\/afogadosfm.com.br\/afogadosfm\/#organization"},"image":{"@id":"https:\/\/afogadosfm.com.br\/afogadosfm\/2026\/01\/27\/policia-e-acusada-de-espionagem-contra-secretario-de-joao-campos-sds-diz-que-narrativa-e-falsa\/#primaryimage"},"thumbnailUrl":"https:\/\/i0.wp.com\/afogadosfm.com.br\/afogadosfm\/wp-content\/uploads\/2024\/02\/policiacivil.jpeg?fit=474%2C244&ssl=1","articleSection":["Pernambuco"],"inLanguage":"pt-BR","potentialAction":[{"@type":"CommentAction","name":"Comment","target":["https:\/\/afogadosfm.com.br\/afogadosfm\/2026\/01\/27\/policia-e-acusada-de-espionagem-contra-secretario-de-joao-campos-sds-diz-que-narrativa-e-falsa\/#respond"]}]},{"@type":"WebPage","@id":"https:\/\/afogadosfm.com.br\/afogadosfm\/2026\/01\/27\/policia-e-acusada-de-espionagem-contra-secretario-de-joao-campos-sds-diz-que-narrativa-e-falsa\/","url":"https:\/\/afogadosfm.com.br\/afogadosfm\/2026\/01\/27\/policia-e-acusada-de-espionagem-contra-secretario-de-joao-campos-sds-diz-que-narrativa-e-falsa\/","name":"Pol\u00edcia \u00e9 acusada de 'espionagem' contra secret\u00e1rio de Jo\u00e3o Campos; SDS diz que narrativa \u00e9 'falsa' - Afogados FM","isPartOf":{"@id":"https:\/\/afogadosfm.com.br\/afogadosfm\/#website"},"primaryImageOfPage":{"@id":"https:\/\/afogadosfm.com.br\/afogadosfm\/2026\/01\/27\/policia-e-acusada-de-espionagem-contra-secretario-de-joao-campos-sds-diz-que-narrativa-e-falsa\/#primaryimage"},"image":{"@id":"https:\/\/afogadosfm.com.br\/afogadosfm\/2026\/01\/27\/policia-e-acusada-de-espionagem-contra-secretario-de-joao-campos-sds-diz-que-narrativa-e-falsa\/#primaryimage"},"thumbnailUrl":"https:\/\/i0.wp.com\/afogadosfm.com.br\/afogadosfm\/wp-content\/uploads\/2024\/02\/policiacivil.jpeg?fit=474%2C244&ssl=1","datePublished":"2026-01-27T08:00:00+00:00","breadcrumb":{"@id":"https:\/\/afogadosfm.com.br\/afogadosfm\/2026\/01\/27\/policia-e-acusada-de-espionagem-contra-secretario-de-joao-campos-sds-diz-que-narrativa-e-falsa\/#breadcrumb"},"inLanguage":"pt-BR","potentialAction":[{"@type":"ReadAction","target":["https:\/\/afogadosfm.com.br\/afogadosfm\/2026\/01\/27\/policia-e-acusada-de-espionagem-contra-secretario-de-joao-campos-sds-diz-que-narrativa-e-falsa\/"]}]},{"@type":"ImageObject","inLanguage":"pt-BR","@id":"https:\/\/afogadosfm.com.br\/afogadosfm\/2026\/01\/27\/policia-e-acusada-de-espionagem-contra-secretario-de-joao-campos-sds-diz-que-narrativa-e-falsa\/#primaryimage","url":"https:\/\/i0.wp.com\/afogadosfm.com.br\/afogadosfm\/wp-content\/uploads\/2024\/02\/policiacivil.jpeg?fit=474%2C244&ssl=1","contentUrl":"https:\/\/i0.wp.com\/afogadosfm.com.br\/afogadosfm\/wp-content\/uploads\/2024\/02\/policiacivil.jpeg?fit=474%2C244&ssl=1","width":474,"height":244},{"@type":"BreadcrumbList","@id":"https:\/\/afogadosfm.com.br\/afogadosfm\/2026\/01\/27\/policia-e-acusada-de-espionagem-contra-secretario-de-joao-campos-sds-diz-que-narrativa-e-falsa\/#breadcrumb","itemListElement":[{"@type":"ListItem","position":1,"name":"In\u00edcio","item":"https:\/\/afogadosfm.com.br\/afogadosfm\/"},{"@type":"ListItem","position":2,"name":"Pol\u00edcia \u00e9 acusada de &#8216;espionagem&#8217; contra secret\u00e1rio de Jo\u00e3o Campos; SDS diz que narrativa \u00e9 &#8216;falsa&#8217;"}]},{"@type":"WebSite","@id":"https:\/\/afogadosfm.com.br\/afogadosfm\/#website","url":"https:\/\/afogadosfm.com.br\/afogadosfm\/","name":"Afogados FM","description":"Um site completo!","publisher":{"@id":"https:\/\/afogadosfm.com.br\/afogadosfm\/#organization"},"potentialAction":[{"@type":"SearchAction","target":{"@type":"EntryPoint","urlTemplate":"https:\/\/afogadosfm.com.br\/afogadosfm\/?s={search_term_string}"},"query-input":{"@type":"PropertyValueSpecification","valueRequired":true,"valueName":"search_term_string"}}],"inLanguage":"pt-BR"},{"@type":"Organization","@id":"https:\/\/afogadosfm.com.br\/afogadosfm\/#organization","name":"Afogados FM","url":"https:\/\/afogadosfm.com.br\/afogadosfm\/","logo":{"@type":"ImageObject","inLanguage":"pt-BR","@id":"https:\/\/afogadosfm.com.br\/afogadosfm\/#\/schema\/logo\/image\/","url":"https:\/\/i0.wp.com\/afogadosfm.com.br\/afogadosfm\/wp-content\/uploads\/2020\/06\/cropped-banner-afogados-4.jpg?fit=369%2C137&ssl=1","contentUrl":"https:\/\/i0.wp.com\/afogadosfm.com.br\/afogadosfm\/wp-content\/uploads\/2020\/06\/cropped-banner-afogados-4.jpg?fit=369%2C137&ssl=1","width":369,"height":137,"caption":"Afogados FM"},"image":{"@id":"https:\/\/afogadosfm.com.br\/afogadosfm\/#\/schema\/logo\/image\/"}},{"@type":"Person","@id":"https:\/\/afogadosfm.com.br\/afogadosfm\/#\/schema\/person\/60e56f2cf5dc960fc093fe093d9e9057","name":"afogadosfm","image":{"@type":"ImageObject","inLanguage":"pt-BR","@id":"https:\/\/secure.gravatar.com\/avatar\/e0359add7ed5dc3560906d861b52c6a8cf5c1e199d3a7dd85070998f49bd4701?s=96&d=mm&r=g","url":"https:\/\/secure.gravatar.com\/avatar\/e0359add7ed5dc3560906d861b52c6a8cf5c1e199d3a7dd85070998f49bd4701?s=96&d=mm&r=g","contentUrl":"https:\/\/secure.gravatar.com\/avatar\/e0359add7ed5dc3560906d861b52c6a8cf5c1e199d3a7dd85070998f49bd4701?s=96&d=mm&r=g","caption":"afogadosfm"},"url":"https:\/\/afogadosfm.com.br\/afogadosfm\/author\/afogadosfm\/"}]}},"jetpack_publicize_connections":[],"jetpack_featured_media_url":"https:\/\/i0.wp.com\/afogadosfm.com.br\/afogadosfm\/wp-content\/uploads\/2024\/02\/policiacivil.jpeg?fit=474%2C244&ssl=1","jetpack-related-posts":[],"jetpack_sharing_enabled":true,"jetpack_likes_enabled":true,"_links":{"self":[{"href":"https:\/\/afogadosfm.com.br\/afogadosfm\/wp-json\/wp\/v2\/posts\/72312","targetHints":{"allow":["GET"]}}],"collection":[{"href":"https:\/\/afogadosfm.com.br\/afogadosfm\/wp-json\/wp\/v2\/posts"}],"about":[{"href":"https:\/\/afogadosfm.com.br\/afogadosfm\/wp-json\/wp\/v2\/types\/post"}],"author":[{"embeddable":true,"href":"https:\/\/afogadosfm.com.br\/afogadosfm\/wp-json\/wp\/v2\/users\/2"}],"replies":[{"embeddable":true,"href":"https:\/\/afogadosfm.com.br\/afogadosfm\/wp-json\/wp\/v2\/comments?post=72312"}],"version-history":[{"count":1,"href":"https:\/\/afogadosfm.com.br\/afogadosfm\/wp-json\/wp\/v2\/posts\/72312\/revisions"}],"predecessor-version":[{"id":72313,"href":"https:\/\/afogadosfm.com.br\/afogadosfm\/wp-json\/wp\/v2\/posts\/72312\/revisions\/72313"}],"wp:featuredmedia":[{"embeddable":true,"href":"https:\/\/afogadosfm.com.br\/afogadosfm\/wp-json\/wp\/v2\/media\/54517"}],"wp:attachment":[{"href":"https:\/\/afogadosfm.com.br\/afogadosfm\/wp-json\/wp\/v2\/media?parent=72312"}],"wp:term":[{"taxonomy":"category","embeddable":true,"href":"https:\/\/afogadosfm.com.br\/afogadosfm\/wp-json\/wp\/v2\/categories?post=72312"},{"taxonomy":"post_tag","embeddable":true,"href":"https:\/\/afogadosfm.com.br\/afogadosfm\/wp-json\/wp\/v2\/tags?post=72312"}],"curies":[{"name":"wp","href":"https:\/\/api.w.org\/{rel}","templated":true}]}}