{"id":72314,"date":"2026-01-27T05:02:00","date_gmt":"2026-01-27T08:02:00","guid":{"rendered":"https:\/\/afogadosfm.com.br\/afogadosfm\/?p=72314"},"modified":"2026-01-26T19:19:52","modified_gmt":"2026-01-26T22:19:52","slug":"defensoria-publica-de-pernambuco-aciona-a-justica-contra-influenciador-acusado-de-exaltar-hitler-e-convocar-caca-a-pessoas-negras","status":"publish","type":"post","link":"https:\/\/afogadosfm.com.br\/afogadosfm\/2026\/01\/27\/defensoria-publica-de-pernambuco-aciona-a-justica-contra-influenciador-acusado-de-exaltar-hitler-e-convocar-caca-a-pessoas-negras\/","title":{"rendered":"Defensoria P\u00fablica de Pernambuco aciona a Justi\u00e7a contra influenciador acusado de exaltar Hitler e convocar &#8220;ca\u00e7a&#8221; a pessoas negras"},"content":{"rendered":"\n<p>A Defensoria P\u00fablica de Pernambuco (DPPE) prop\u00f4s a\u00e7\u00e3o civil p\u00fablica contra o influenciador de S\u00e3o Paulo Victor Stavale, conhecido como Vicky Vanilla, por apologia ao nazismo e incita\u00e7\u00e3o \u00e0 discrimina\u00e7\u00e3o racial, religiosa e pol\u00edtica. O \u00f3rg\u00e3o pede o bloqueio integral dos perfis do influenciador e remo\u00e7\u00e3o de conte\u00fados de cunho nazista e racista.<\/p>\n\n\n\n<p>No \u00faltimo dia 13 de janeiro, a 6\u00aa Vara C\u00edvel da Capital rejeitou o pedido de liminar requisitado pela defensoria. A ju\u00edza, entretanto, citou o influenciador para que apresente contesta\u00e7\u00e3o no prazo legal de 15 dias.<\/p>\n\n\n\n<p>Segundo o defensor Kleyner Arley Pontes Nogueira Abreu, autor da a\u00e7\u00e3o, Victor Stavale utiliza suas plataformas digitais para espalhar ideologias neonazistas e fascistas, &#8220;exaltando figuras genocidas da hist\u00f3ria da humanidade, como Adolf Hitler, Henrich Himmler, Julius Evola e Miguel Serrano&#8221;.<\/p>\n\n\n\n<p>&#8220;Em publica\u00e7\u00f5es, chegou a afirmar que &#8216;o nazismo foi o maior projeto de pureza e ordem que o mundo j\u00e1 conheceu&#8217;, exaltando um regime respons\u00e1vel pelo genoc\u00eddio de milh\u00f5es de pessoas&#8221;, escreve o defensor.<br>Abreu cita tamb\u00e9m que o influenciador anunciou em suas redes aulas gratuitas de nazismo.<\/p>\n\n\n\n<p>Em outra oportunidade, tamb\u00e9m citada por Abreu, Stavale declarou que &#8220;negros s\u00e3o degenerados por natureza, incapazes de criar civiliza\u00e7\u00e3o&#8221;.<\/p>\n\n\n\n<p>&#8220;Contra migrantes e estrangeiros, afirmou que &#8216;o Brasil precisa de pureza, n\u00e3o de invasores estrangeiros&#8217;, discurso xen\u00f3fobo que atenta contra o pluralismo e a dignidade da pessoa humana&#8221;, acrescenta a a\u00e7\u00e3o.<\/p>\n\n\n\n<p>Ele tamb\u00e9m \u00e9 acusado de convocar seguidores \u00e0 viol\u00eancia direta ao afirmar que as pessoas deveriam ca\u00e7ar comunistas, negros e judeus.<\/p>\n\n\n\n<p>&#8220;Todas essas manifesta\u00e7\u00f5es n\u00e3o configuram simples discursos: elas constituem um verdadeiro programa de radicaliza\u00e7\u00e3o, que coloca em risco a integridade da juventude brasileira, especialmente adolescentes vulner\u00e1veis, e atenta contra o regime democr\u00e1tico&#8221;, afirma o defensor.<\/p>\n\n\n\n<p>Segundo o defensor, o influenciador incorre nos crimes de incitar \u00f3dio racial, apologia ao racismo, apologia de crime e associa\u00e7\u00e3o criminosa.<\/p>\n\n\n\n<p>Abreu tamb\u00e9m cita a responsabilidade das plataformas digitais no caso, destacando que o perfil utilizado pelo investigado no Instagram \u00e9 &#8220;verificado&#8221;.<\/p>\n\n\n\n<p>Para o defensor, a situa\u00e7\u00e3o demonstra &#8220;ci\u00eancia da plataforma quanto \u00e0 identidade do usu\u00e1rio e falha em agir para remover conte\u00fados il\u00edcitos&#8221;. Assim, ele pede a expedi\u00e7\u00e3o de of\u00edcios judiciais para que Meta, Google e Telegram tornem indispon\u00edveis os perfis e canais utilizados pelo acusado.<\/p>\n\n\n\n<p>No Instagram, Victor Stavale conta com mais de 94 mil seguidores. Ele se apresenta como n\u00f4made digital, ex-ocultista, cat\u00f3lico tradicionalista, professor de simbologia e mitologia comparada e psicanalista. Ele tamb\u00e9m diz ser ex-satanista.<br>Na a\u00e7\u00e3o, a defensoria requer: condenar o influenciador a se abster de veicular conte\u00fados de natureza nazista, racista, xenof\u00f3bica e discriminat\u00f3ria; pagamento de indeniza\u00e7\u00e3o por danos morais coletivos de R$ 8,8 milh\u00f5es; remo\u00e7\u00e3o definitiva dos conte\u00fados nazistas nas redes sociais sob pena de multa di\u00e1ria; e publica\u00e7\u00e3o da decis\u00e3o em meios digitais e m\u00eddias sociais como forma de repara\u00e7\u00e3o simb\u00f3lica.<\/p>\n\n\n\n<p>Hist\u00f3rico<\/p>\n\n\n\n<p>A coluna de M\u00f4nica Bergamo, na Folha de S. Paulo, divulgou, no \u00faltimo dia 22 de janeiro, que um grupo de quatro pessoas pediu \u00e0 Pol\u00edcia Federal, em Bras\u00edlia, a abertura de inqu\u00e9rito contra Stavale.<\/p>\n\n\n\n<p>O grupo acusa o influenciador de difama\u00e7\u00e3o, amea\u00e7a, persegui\u00e7\u00e3o, viol\u00eancia psicol\u00f3gica, divulga\u00e7\u00e3o de imagens \u00edntimas sem consentimento e incita\u00e7\u00e3o \u00e0 viol\u00eancia.<\/p>\n\n\n\n<p>Em setembro de 2025, o presidente da Comiss\u00e3o de Direitos Humanos da C\u00e2mara dos Deputados, Reimont Otoni (PT-RJ), acionou o Minist\u00e9rio P\u00fablico Federal (MPF) para que investigue Stavale por apologia ao nazismo e incita\u00e7\u00e3o ao racismo e \u00e0 viol\u00eancia.<\/p>\n\n\n\n<p>Em 2024, o Tribunal Superior Eleitoral (TSE) multou os pol\u00edticos Gustavo Gayer, Carla Zambelli, Fl\u00e1vio Bolsonaro e Cleitinho Azevedo por associar o presidente Lula ao satanismo. Eles compartilharam um v\u00eddeo de Stavale, que se apresentava como satanista e dizia apoiar o petista nas elei\u00e7\u00f5es de 2022.<\/p>\n\n\n\n<p>O Diario de Pernambuco procurou o influenciador e n\u00e3o obteve resposta at\u00e9 a publica\u00e7\u00e3o.<\/p>\n\n\n\n<p>Esta ter\u00e7a-feira, dia 27 de janeiro, foi estabelecida pela Organiza\u00e7\u00e3o das Na\u00e7\u00f5es Unidas como Dia Mundial em Mem\u00f3ria \u00e0s V\u00edtimas do Holocausto. A data marca a liberta\u00e7\u00e3o do campo de concentra\u00e7\u00e3o de Auschwitz, na Pol\u00f4nia, em 1945.<\/p>\n","protected":false},"excerpt":{"rendered":"<p>A Defensoria P\u00fablica de Pernambuco (DPPE) prop\u00f4s a\u00e7\u00e3o civil p\u00fablica contra o influenciador de S\u00e3o Paulo Victor Stavale, conhecido como<\/p>\n","protected":false},"author":2,"featured_media":72315,"comment_status":"open","ping_status":"open","sticky":false,"template":"","format":"standard","meta":{"jetpack_post_was_ever_published":false,"_jetpack_newsletter_access":"","_jetpack_dont_email_post_to_subs":false,"_jetpack_newsletter_tier_id":0,"_jetpack_memberships_contains_paywalled_content":false,"_jetpack_memberships_contains_paid_content":false,"footnotes":"","jetpack_publicize_message":"","jetpack_publicize_feature_enabled":true,"jetpack_social_post_already_shared":true,"jetpack_social_options":{"image_generator_settings":{"template":"highway","default_image_id":0,"font":"","enabled":false},"version":2}},"categories":[13],"tags":[],"class_list":["post-72314","post","type-post","status-publish","format-standard","has-post-thumbnail","hentry","category-pernambuco"],"yoast_head":"<!-- This site is optimized with the Yoast SEO plugin v27.5 - https:\/\/yoast.com\/product\/yoast-seo-wordpress\/ -->\n<title>Defensoria P\u00fablica de Pernambuco aciona a Justi\u00e7a contra influenciador acusado de exaltar Hitler e convocar &quot;ca\u00e7a&quot; a pessoas negras - Afogados FM<\/title>\n<meta name=\"robots\" content=\"index, follow, max-snippet:-1, max-image-preview:large, max-video-preview:-1\" \/>\n<link rel=\"canonical\" href=\"https:\/\/afogadosfm.com.br\/afogadosfm\/2026\/01\/27\/defensoria-publica-de-pernambuco-aciona-a-justica-contra-influenciador-acusado-de-exaltar-hitler-e-convocar-caca-a-pessoas-negras\/\" \/>\n<meta property=\"og:locale\" content=\"pt_BR\" \/>\n<meta property=\"og:type\" content=\"article\" \/>\n<meta property=\"og:title\" content=\"Defensoria P\u00fablica de Pernambuco aciona a Justi\u00e7a contra influenciador acusado de exaltar Hitler e convocar &quot;ca\u00e7a&quot; a pessoas negras - Afogados FM\" \/>\n<meta property=\"og:description\" content=\"A Defensoria P\u00fablica de Pernambuco (DPPE) prop\u00f4s a\u00e7\u00e3o civil p\u00fablica contra o influenciador de S\u00e3o Paulo Victor Stavale, conhecido como\" \/>\n<meta property=\"og:url\" content=\"https:\/\/afogadosfm.com.br\/afogadosfm\/2026\/01\/27\/defensoria-publica-de-pernambuco-aciona-a-justica-contra-influenciador-acusado-de-exaltar-hitler-e-convocar-caca-a-pessoas-negras\/\" \/>\n<meta property=\"og:site_name\" content=\"Afogados FM\" \/>\n<meta property=\"article:published_time\" content=\"2026-01-27T08:02:00+00:00\" \/>\n<meta property=\"og:image\" content=\"https:\/\/i0.wp.com\/afogadosfm.com.br\/afogadosfm\/wp-content\/uploads\/2026\/01\/victor.jpg?fit=1080%2C720&ssl=1\" \/>\n\t<meta property=\"og:image:width\" content=\"1080\" \/>\n\t<meta property=\"og:image:height\" content=\"720\" \/>\n\t<meta property=\"og:image:type\" content=\"image\/jpeg\" \/>\n<meta name=\"author\" content=\"afogadosfm\" \/>\n<meta name=\"twitter:card\" content=\"summary_large_image\" \/>\n<meta name=\"twitter:label1\" content=\"Escrito por\" \/>\n\t<meta name=\"twitter:data1\" content=\"afogadosfm\" \/>\n\t<meta name=\"twitter:label2\" content=\"Est. tempo de leitura\" \/>\n\t<meta name=\"twitter:data2\" content=\"4 minutos\" \/>\n<script type=\"application\/ld+json\" class=\"yoast-schema-graph\">{\"@context\":\"https:\\\/\\\/schema.org\",\"@graph\":[{\"@type\":\"Article\",\"@id\":\"https:\\\/\\\/afogadosfm.com.br\\\/afogadosfm\\\/2026\\\/01\\\/27\\\/defensoria-publica-de-pernambuco-aciona-a-justica-contra-influenciador-acusado-de-exaltar-hitler-e-convocar-caca-a-pessoas-negras\\\/#article\",\"isPartOf\":{\"@id\":\"https:\\\/\\\/afogadosfm.com.br\\\/afogadosfm\\\/2026\\\/01\\\/27\\\/defensoria-publica-de-pernambuco-aciona-a-justica-contra-influenciador-acusado-de-exaltar-hitler-e-convocar-caca-a-pessoas-negras\\\/\"},\"author\":{\"name\":\"afogadosfm\",\"@id\":\"https:\\\/\\\/afogadosfm.com.br\\\/afogadosfm\\\/#\\\/schema\\\/person\\\/60e56f2cf5dc960fc093fe093d9e9057\"},\"headline\":\"Defensoria P\u00fablica de Pernambuco aciona a Justi\u00e7a contra influenciador acusado de exaltar Hitler e convocar &#8220;ca\u00e7a&#8221; a pessoas negras\",\"datePublished\":\"2026-01-27T08:02:00+00:00\",\"mainEntityOfPage\":{\"@id\":\"https:\\\/\\\/afogadosfm.com.br\\\/afogadosfm\\\/2026\\\/01\\\/27\\\/defensoria-publica-de-pernambuco-aciona-a-justica-contra-influenciador-acusado-de-exaltar-hitler-e-convocar-caca-a-pessoas-negras\\\/\"},\"wordCount\":754,\"commentCount\":0,\"publisher\":{\"@id\":\"https:\\\/\\\/afogadosfm.com.br\\\/afogadosfm\\\/#organization\"},\"image\":{\"@id\":\"https:\\\/\\\/afogadosfm.com.br\\\/afogadosfm\\\/2026\\\/01\\\/27\\\/defensoria-publica-de-pernambuco-aciona-a-justica-contra-influenciador-acusado-de-exaltar-hitler-e-convocar-caca-a-pessoas-negras\\\/#primaryimage\"},\"thumbnailUrl\":\"https:\\\/\\\/i0.wp.com\\\/afogadosfm.com.br\\\/afogadosfm\\\/wp-content\\\/uploads\\\/2026\\\/01\\\/victor.jpg?fit=1080%2C720&ssl=1\",\"articleSection\":[\"Pernambuco\"],\"inLanguage\":\"pt-BR\",\"potentialAction\":[{\"@type\":\"CommentAction\",\"name\":\"Comment\",\"target\":[\"https:\\\/\\\/afogadosfm.com.br\\\/afogadosfm\\\/2026\\\/01\\\/27\\\/defensoria-publica-de-pernambuco-aciona-a-justica-contra-influenciador-acusado-de-exaltar-hitler-e-convocar-caca-a-pessoas-negras\\\/#respond\"]}]},{\"@type\":\"WebPage\",\"@id\":\"https:\\\/\\\/afogadosfm.com.br\\\/afogadosfm\\\/2026\\\/01\\\/27\\\/defensoria-publica-de-pernambuco-aciona-a-justica-contra-influenciador-acusado-de-exaltar-hitler-e-convocar-caca-a-pessoas-negras\\\/\",\"url\":\"https:\\\/\\\/afogadosfm.com.br\\\/afogadosfm\\\/2026\\\/01\\\/27\\\/defensoria-publica-de-pernambuco-aciona-a-justica-contra-influenciador-acusado-de-exaltar-hitler-e-convocar-caca-a-pessoas-negras\\\/\",\"name\":\"Defensoria P\u00fablica de Pernambuco aciona a Justi\u00e7a contra influenciador acusado de exaltar Hitler e convocar \\\"ca\u00e7a\\\" a pessoas negras - Afogados FM\",\"isPartOf\":{\"@id\":\"https:\\\/\\\/afogadosfm.com.br\\\/afogadosfm\\\/#website\"},\"primaryImageOfPage\":{\"@id\":\"https:\\\/\\\/afogadosfm.com.br\\\/afogadosfm\\\/2026\\\/01\\\/27\\\/defensoria-publica-de-pernambuco-aciona-a-justica-contra-influenciador-acusado-de-exaltar-hitler-e-convocar-caca-a-pessoas-negras\\\/#primaryimage\"},\"image\":{\"@id\":\"https:\\\/\\\/afogadosfm.com.br\\\/afogadosfm\\\/2026\\\/01\\\/27\\\/defensoria-publica-de-pernambuco-aciona-a-justica-contra-influenciador-acusado-de-exaltar-hitler-e-convocar-caca-a-pessoas-negras\\\/#primaryimage\"},\"thumbnailUrl\":\"https:\\\/\\\/i0.wp.com\\\/afogadosfm.com.br\\\/afogadosfm\\\/wp-content\\\/uploads\\\/2026\\\/01\\\/victor.jpg?fit=1080%2C720&ssl=1\",\"datePublished\":\"2026-01-27T08:02:00+00:00\",\"breadcrumb\":{\"@id\":\"https:\\\/\\\/afogadosfm.com.br\\\/afogadosfm\\\/2026\\\/01\\\/27\\\/defensoria-publica-de-pernambuco-aciona-a-justica-contra-influenciador-acusado-de-exaltar-hitler-e-convocar-caca-a-pessoas-negras\\\/#breadcrumb\"},\"inLanguage\":\"pt-BR\",\"potentialAction\":[{\"@type\":\"ReadAction\",\"target\":[\"https:\\\/\\\/afogadosfm.com.br\\\/afogadosfm\\\/2026\\\/01\\\/27\\\/defensoria-publica-de-pernambuco-aciona-a-justica-contra-influenciador-acusado-de-exaltar-hitler-e-convocar-caca-a-pessoas-negras\\\/\"]}]},{\"@type\":\"ImageObject\",\"inLanguage\":\"pt-BR\",\"@id\":\"https:\\\/\\\/afogadosfm.com.br\\\/afogadosfm\\\/2026\\\/01\\\/27\\\/defensoria-publica-de-pernambuco-aciona-a-justica-contra-influenciador-acusado-de-exaltar-hitler-e-convocar-caca-a-pessoas-negras\\\/#primaryimage\",\"url\":\"https:\\\/\\\/i0.wp.com\\\/afogadosfm.com.br\\\/afogadosfm\\\/wp-content\\\/uploads\\\/2026\\\/01\\\/victor.jpg?fit=1080%2C720&ssl=1\",\"contentUrl\":\"https:\\\/\\\/i0.wp.com\\\/afogadosfm.com.br\\\/afogadosfm\\\/wp-content\\\/uploads\\\/2026\\\/01\\\/victor.jpg?fit=1080%2C720&ssl=1\",\"width\":1080,\"height\":720},{\"@type\":\"BreadcrumbList\",\"@id\":\"https:\\\/\\\/afogadosfm.com.br\\\/afogadosfm\\\/2026\\\/01\\\/27\\\/defensoria-publica-de-pernambuco-aciona-a-justica-contra-influenciador-acusado-de-exaltar-hitler-e-convocar-caca-a-pessoas-negras\\\/#breadcrumb\",\"itemListElement\":[{\"@type\":\"ListItem\",\"position\":1,\"name\":\"In\u00edcio\",\"item\":\"https:\\\/\\\/afogadosfm.com.br\\\/afogadosfm\\\/\"},{\"@type\":\"ListItem\",\"position\":2,\"name\":\"Defensoria P\u00fablica de Pernambuco aciona a Justi\u00e7a contra influenciador acusado de exaltar Hitler e convocar &#8220;ca\u00e7a&#8221; a pessoas negras\"}]},{\"@type\":\"WebSite\",\"@id\":\"https:\\\/\\\/afogadosfm.com.br\\\/afogadosfm\\\/#website\",\"url\":\"https:\\\/\\\/afogadosfm.com.br\\\/afogadosfm\\\/\",\"name\":\"Afogados FM\",\"description\":\"Um site completo!\",\"publisher\":{\"@id\":\"https:\\\/\\\/afogadosfm.com.br\\\/afogadosfm\\\/#organization\"},\"potentialAction\":[{\"@type\":\"SearchAction\",\"target\":{\"@type\":\"EntryPoint\",\"urlTemplate\":\"https:\\\/\\\/afogadosfm.com.br\\\/afogadosfm\\\/?s={search_term_string}\"},\"query-input\":{\"@type\":\"PropertyValueSpecification\",\"valueRequired\":true,\"valueName\":\"search_term_string\"}}],\"inLanguage\":\"pt-BR\"},{\"@type\":\"Organization\",\"@id\":\"https:\\\/\\\/afogadosfm.com.br\\\/afogadosfm\\\/#organization\",\"name\":\"Afogados FM\",\"url\":\"https:\\\/\\\/afogadosfm.com.br\\\/afogadosfm\\\/\",\"logo\":{\"@type\":\"ImageObject\",\"inLanguage\":\"pt-BR\",\"@id\":\"https:\\\/\\\/afogadosfm.com.br\\\/afogadosfm\\\/#\\\/schema\\\/logo\\\/image\\\/\",\"url\":\"https:\\\/\\\/i0.wp.com\\\/afogadosfm.com.br\\\/afogadosfm\\\/wp-content\\\/uploads\\\/2020\\\/06\\\/cropped-banner-afogados-4.jpg?fit=369%2C137&ssl=1\",\"contentUrl\":\"https:\\\/\\\/i0.wp.com\\\/afogadosfm.com.br\\\/afogadosfm\\\/wp-content\\\/uploads\\\/2020\\\/06\\\/cropped-banner-afogados-4.jpg?fit=369%2C137&ssl=1\",\"width\":369,\"height\":137,\"caption\":\"Afogados FM\"},\"image\":{\"@id\":\"https:\\\/\\\/afogadosfm.com.br\\\/afogadosfm\\\/#\\\/schema\\\/logo\\\/image\\\/\"}},{\"@type\":\"Person\",\"@id\":\"https:\\\/\\\/afogadosfm.com.br\\\/afogadosfm\\\/#\\\/schema\\\/person\\\/60e56f2cf5dc960fc093fe093d9e9057\",\"name\":\"afogadosfm\",\"image\":{\"@type\":\"ImageObject\",\"inLanguage\":\"pt-BR\",\"@id\":\"https:\\\/\\\/secure.gravatar.com\\\/avatar\\\/e0359add7ed5dc3560906d861b52c6a8cf5c1e199d3a7dd85070998f49bd4701?s=96&d=mm&r=g\",\"url\":\"https:\\\/\\\/secure.gravatar.com\\\/avatar\\\/e0359add7ed5dc3560906d861b52c6a8cf5c1e199d3a7dd85070998f49bd4701?s=96&d=mm&r=g\",\"contentUrl\":\"https:\\\/\\\/secure.gravatar.com\\\/avatar\\\/e0359add7ed5dc3560906d861b52c6a8cf5c1e199d3a7dd85070998f49bd4701?s=96&d=mm&r=g\",\"caption\":\"afogadosfm\"},\"url\":\"https:\\\/\\\/afogadosfm.com.br\\\/afogadosfm\\\/author\\\/afogadosfm\\\/\"}]}<\/script>\n<!-- \/ Yoast SEO plugin. -->","yoast_head_json":{"title":"Defensoria P\u00fablica de Pernambuco aciona a Justi\u00e7a contra influenciador acusado de exaltar Hitler e convocar \"ca\u00e7a\" a pessoas negras - Afogados FM","robots":{"index":"index","follow":"follow","max-snippet":"max-snippet:-1","max-image-preview":"max-image-preview:large","max-video-preview":"max-video-preview:-1"},"canonical":"https:\/\/afogadosfm.com.br\/afogadosfm\/2026\/01\/27\/defensoria-publica-de-pernambuco-aciona-a-justica-contra-influenciador-acusado-de-exaltar-hitler-e-convocar-caca-a-pessoas-negras\/","og_locale":"pt_BR","og_type":"article","og_title":"Defensoria P\u00fablica de Pernambuco aciona a Justi\u00e7a contra influenciador acusado de exaltar Hitler e convocar \"ca\u00e7a\" a pessoas negras - Afogados FM","og_description":"A Defensoria P\u00fablica de Pernambuco (DPPE) prop\u00f4s a\u00e7\u00e3o civil p\u00fablica contra o influenciador de S\u00e3o Paulo Victor Stavale, conhecido como","og_url":"https:\/\/afogadosfm.com.br\/afogadosfm\/2026\/01\/27\/defensoria-publica-de-pernambuco-aciona-a-justica-contra-influenciador-acusado-de-exaltar-hitler-e-convocar-caca-a-pessoas-negras\/","og_site_name":"Afogados FM","article_published_time":"2026-01-27T08:02:00+00:00","og_image":[{"width":1080,"height":720,"url":"https:\/\/i0.wp.com\/afogadosfm.com.br\/afogadosfm\/wp-content\/uploads\/2026\/01\/victor.jpg?fit=1080%2C720&ssl=1","type":"image\/jpeg"}],"author":"afogadosfm","twitter_card":"summary_large_image","twitter_misc":{"Escrito por":"afogadosfm","Est. tempo de leitura":"4 minutos"},"schema":{"@context":"https:\/\/schema.org","@graph":[{"@type":"Article","@id":"https:\/\/afogadosfm.com.br\/afogadosfm\/2026\/01\/27\/defensoria-publica-de-pernambuco-aciona-a-justica-contra-influenciador-acusado-de-exaltar-hitler-e-convocar-caca-a-pessoas-negras\/#article","isPartOf":{"@id":"https:\/\/afogadosfm.com.br\/afogadosfm\/2026\/01\/27\/defensoria-publica-de-pernambuco-aciona-a-justica-contra-influenciador-acusado-de-exaltar-hitler-e-convocar-caca-a-pessoas-negras\/"},"author":{"name":"afogadosfm","@id":"https:\/\/afogadosfm.com.br\/afogadosfm\/#\/schema\/person\/60e56f2cf5dc960fc093fe093d9e9057"},"headline":"Defensoria P\u00fablica de Pernambuco aciona a Justi\u00e7a contra influenciador acusado de exaltar Hitler e convocar &#8220;ca\u00e7a&#8221; a pessoas negras","datePublished":"2026-01-27T08:02:00+00:00","mainEntityOfPage":{"@id":"https:\/\/afogadosfm.com.br\/afogadosfm\/2026\/01\/27\/defensoria-publica-de-pernambuco-aciona-a-justica-contra-influenciador-acusado-de-exaltar-hitler-e-convocar-caca-a-pessoas-negras\/"},"wordCount":754,"commentCount":0,"publisher":{"@id":"https:\/\/afogadosfm.com.br\/afogadosfm\/#organization"},"image":{"@id":"https:\/\/afogadosfm.com.br\/afogadosfm\/2026\/01\/27\/defensoria-publica-de-pernambuco-aciona-a-justica-contra-influenciador-acusado-de-exaltar-hitler-e-convocar-caca-a-pessoas-negras\/#primaryimage"},"thumbnailUrl":"https:\/\/i0.wp.com\/afogadosfm.com.br\/afogadosfm\/wp-content\/uploads\/2026\/01\/victor.jpg?fit=1080%2C720&ssl=1","articleSection":["Pernambuco"],"inLanguage":"pt-BR","potentialAction":[{"@type":"CommentAction","name":"Comment","target":["https:\/\/afogadosfm.com.br\/afogadosfm\/2026\/01\/27\/defensoria-publica-de-pernambuco-aciona-a-justica-contra-influenciador-acusado-de-exaltar-hitler-e-convocar-caca-a-pessoas-negras\/#respond"]}]},{"@type":"WebPage","@id":"https:\/\/afogadosfm.com.br\/afogadosfm\/2026\/01\/27\/defensoria-publica-de-pernambuco-aciona-a-justica-contra-influenciador-acusado-de-exaltar-hitler-e-convocar-caca-a-pessoas-negras\/","url":"https:\/\/afogadosfm.com.br\/afogadosfm\/2026\/01\/27\/defensoria-publica-de-pernambuco-aciona-a-justica-contra-influenciador-acusado-de-exaltar-hitler-e-convocar-caca-a-pessoas-negras\/","name":"Defensoria P\u00fablica de Pernambuco aciona a Justi\u00e7a contra influenciador acusado de exaltar Hitler e convocar \"ca\u00e7a\" a pessoas negras - Afogados FM","isPartOf":{"@id":"https:\/\/afogadosfm.com.br\/afogadosfm\/#website"},"primaryImageOfPage":{"@id":"https:\/\/afogadosfm.com.br\/afogadosfm\/2026\/01\/27\/defensoria-publica-de-pernambuco-aciona-a-justica-contra-influenciador-acusado-de-exaltar-hitler-e-convocar-caca-a-pessoas-negras\/#primaryimage"},"image":{"@id":"https:\/\/afogadosfm.com.br\/afogadosfm\/2026\/01\/27\/defensoria-publica-de-pernambuco-aciona-a-justica-contra-influenciador-acusado-de-exaltar-hitler-e-convocar-caca-a-pessoas-negras\/#primaryimage"},"thumbnailUrl":"https:\/\/i0.wp.com\/afogadosfm.com.br\/afogadosfm\/wp-content\/uploads\/2026\/01\/victor.jpg?fit=1080%2C720&ssl=1","datePublished":"2026-01-27T08:02:00+00:00","breadcrumb":{"@id":"https:\/\/afogadosfm.com.br\/afogadosfm\/2026\/01\/27\/defensoria-publica-de-pernambuco-aciona-a-justica-contra-influenciador-acusado-de-exaltar-hitler-e-convocar-caca-a-pessoas-negras\/#breadcrumb"},"inLanguage":"pt-BR","potentialAction":[{"@type":"ReadAction","target":["https:\/\/afogadosfm.com.br\/afogadosfm\/2026\/01\/27\/defensoria-publica-de-pernambuco-aciona-a-justica-contra-influenciador-acusado-de-exaltar-hitler-e-convocar-caca-a-pessoas-negras\/"]}]},{"@type":"ImageObject","inLanguage":"pt-BR","@id":"https:\/\/afogadosfm.com.br\/afogadosfm\/2026\/01\/27\/defensoria-publica-de-pernambuco-aciona-a-justica-contra-influenciador-acusado-de-exaltar-hitler-e-convocar-caca-a-pessoas-negras\/#primaryimage","url":"https:\/\/i0.wp.com\/afogadosfm.com.br\/afogadosfm\/wp-content\/uploads\/2026\/01\/victor.jpg?fit=1080%2C720&ssl=1","contentUrl":"https:\/\/i0.wp.com\/afogadosfm.com.br\/afogadosfm\/wp-content\/uploads\/2026\/01\/victor.jpg?fit=1080%2C720&ssl=1","width":1080,"height":720},{"@type":"BreadcrumbList","@id":"https:\/\/afogadosfm.com.br\/afogadosfm\/2026\/01\/27\/defensoria-publica-de-pernambuco-aciona-a-justica-contra-influenciador-acusado-de-exaltar-hitler-e-convocar-caca-a-pessoas-negras\/#breadcrumb","itemListElement":[{"@type":"ListItem","position":1,"name":"In\u00edcio","item":"https:\/\/afogadosfm.com.br\/afogadosfm\/"},{"@type":"ListItem","position":2,"name":"Defensoria P\u00fablica de Pernambuco aciona a Justi\u00e7a contra influenciador acusado de exaltar Hitler e convocar &#8220;ca\u00e7a&#8221; a pessoas negras"}]},{"@type":"WebSite","@id":"https:\/\/afogadosfm.com.br\/afogadosfm\/#website","url":"https:\/\/afogadosfm.com.br\/afogadosfm\/","name":"Afogados FM","description":"Um site completo!","publisher":{"@id":"https:\/\/afogadosfm.com.br\/afogadosfm\/#organization"},"potentialAction":[{"@type":"SearchAction","target":{"@type":"EntryPoint","urlTemplate":"https:\/\/afogadosfm.com.br\/afogadosfm\/?s={search_term_string}"},"query-input":{"@type":"PropertyValueSpecification","valueRequired":true,"valueName":"search_term_string"}}],"inLanguage":"pt-BR"},{"@type":"Organization","@id":"https:\/\/afogadosfm.com.br\/afogadosfm\/#organization","name":"Afogados FM","url":"https:\/\/afogadosfm.com.br\/afogadosfm\/","logo":{"@type":"ImageObject","inLanguage":"pt-BR","@id":"https:\/\/afogadosfm.com.br\/afogadosfm\/#\/schema\/logo\/image\/","url":"https:\/\/i0.wp.com\/afogadosfm.com.br\/afogadosfm\/wp-content\/uploads\/2020\/06\/cropped-banner-afogados-4.jpg?fit=369%2C137&ssl=1","contentUrl":"https:\/\/i0.wp.com\/afogadosfm.com.br\/afogadosfm\/wp-content\/uploads\/2020\/06\/cropped-banner-afogados-4.jpg?fit=369%2C137&ssl=1","width":369,"height":137,"caption":"Afogados FM"},"image":{"@id":"https:\/\/afogadosfm.com.br\/afogadosfm\/#\/schema\/logo\/image\/"}},{"@type":"Person","@id":"https:\/\/afogadosfm.com.br\/afogadosfm\/#\/schema\/person\/60e56f2cf5dc960fc093fe093d9e9057","name":"afogadosfm","image":{"@type":"ImageObject","inLanguage":"pt-BR","@id":"https:\/\/secure.gravatar.com\/avatar\/e0359add7ed5dc3560906d861b52c6a8cf5c1e199d3a7dd85070998f49bd4701?s=96&d=mm&r=g","url":"https:\/\/secure.gravatar.com\/avatar\/e0359add7ed5dc3560906d861b52c6a8cf5c1e199d3a7dd85070998f49bd4701?s=96&d=mm&r=g","contentUrl":"https:\/\/secure.gravatar.com\/avatar\/e0359add7ed5dc3560906d861b52c6a8cf5c1e199d3a7dd85070998f49bd4701?s=96&d=mm&r=g","caption":"afogadosfm"},"url":"https:\/\/afogadosfm.com.br\/afogadosfm\/author\/afogadosfm\/"}]}},"jetpack_publicize_connections":[],"jetpack_featured_media_url":"https:\/\/i0.wp.com\/afogadosfm.com.br\/afogadosfm\/wp-content\/uploads\/2026\/01\/victor.jpg?fit=1080%2C720&ssl=1","jetpack-related-posts":[],"jetpack_sharing_enabled":true,"jetpack_likes_enabled":true,"_links":{"self":[{"href":"https:\/\/afogadosfm.com.br\/afogadosfm\/wp-json\/wp\/v2\/posts\/72314","targetHints":{"allow":["GET"]}}],"collection":[{"href":"https:\/\/afogadosfm.com.br\/afogadosfm\/wp-json\/wp\/v2\/posts"}],"about":[{"href":"https:\/\/afogadosfm.com.br\/afogadosfm\/wp-json\/wp\/v2\/types\/post"}],"author":[{"embeddable":true,"href":"https:\/\/afogadosfm.com.br\/afogadosfm\/wp-json\/wp\/v2\/users\/2"}],"replies":[{"embeddable":true,"href":"https:\/\/afogadosfm.com.br\/afogadosfm\/wp-json\/wp\/v2\/comments?post=72314"}],"version-history":[{"count":1,"href":"https:\/\/afogadosfm.com.br\/afogadosfm\/wp-json\/wp\/v2\/posts\/72314\/revisions"}],"predecessor-version":[{"id":72316,"href":"https:\/\/afogadosfm.com.br\/afogadosfm\/wp-json\/wp\/v2\/posts\/72314\/revisions\/72316"}],"wp:featuredmedia":[{"embeddable":true,"href":"https:\/\/afogadosfm.com.br\/afogadosfm\/wp-json\/wp\/v2\/media\/72315"}],"wp:attachment":[{"href":"https:\/\/afogadosfm.com.br\/afogadosfm\/wp-json\/wp\/v2\/media?parent=72314"}],"wp:term":[{"taxonomy":"category","embeddable":true,"href":"https:\/\/afogadosfm.com.br\/afogadosfm\/wp-json\/wp\/v2\/categories?post=72314"},{"taxonomy":"post_tag","embeddable":true,"href":"https:\/\/afogadosfm.com.br\/afogadosfm\/wp-json\/wp\/v2\/tags?post=72314"}],"curies":[{"name":"wp","href":"https:\/\/api.w.org\/{rel}","templated":true}]}}