{"id":72320,"date":"2026-01-27T06:00:58","date_gmt":"2026-01-27T09:00:58","guid":{"rendered":"https:\/\/afogadosfm.com.br\/afogadosfm\/?p=72320"},"modified":"2026-01-27T06:00:59","modified_gmt":"2026-01-27T09:00:59","slug":"petrobras-reduz-preco-da-gasolina-a-em-52-para-distribuidoras-a-partir-desta-terca-27","status":"publish","type":"post","link":"https:\/\/afogadosfm.com.br\/afogadosfm\/2026\/01\/27\/petrobras-reduz-preco-da-gasolina-a-em-52-para-distribuidoras-a-partir-desta-terca-27\/","title":{"rendered":"Petrobras reduz pre\u00e7o da gasolina A em 5,2% para distribuidoras a partir desta ter\u00e7a (27)"},"content":{"rendered":"\n<p>A Petrobras anunciou na segunda-feira (26) que vai reduzir em 5,2% o pre\u00e7o da gasolina A vendida \u00e0s distribuidoras. O novo valor passa a valer a partir desta ter\u00e7a-feira (27), com o litro do combust\u00edvel saindo das refinarias, em m\u00e9dia, por R$ 2,57 \u2014 uma queda de R$ 0,14.<\/p>\n\n\n\n<p>A gasolina A \u00e9 o combust\u00edvel puro produzido nas refinarias e que, depois, \u00e9 misturado ao etanol pelas distribuidoras para ser vendido nos postos. Segundo a Petrobras, desde dezembro de 2022, a redu\u00e7\u00e3o acumulada no pre\u00e7o da gasolina chega a R$ 0,50 por litro, um recuo de 26,9% j\u00e1 considerando a infla\u00e7\u00e3o. A \u00faltima redu\u00e7\u00e3o havia ocorrido em 21 de outubro de 2025, quando o combust\u00edvel ficou 4,9% mais barato.<\/p>\n\n\n\n<p>Impacto nos pre\u00e7os ao consumidor<\/p>\n\n\n\n<p>A baixa no pre\u00e7o da gasolina pode trazer algum al\u00edvio para a infla\u00e7\u00e3o, j\u00e1 que o combust\u00edvel tem o maior peso no \u00cdndice Nacional de Pre\u00e7os ao Consumidor Amplo (IPCA), indicador oficial da infla\u00e7\u00e3o. Por\u00e9m, o pre\u00e7o final nas bombas depende tamb\u00e9m de outros fatores, como transporte, mistura com etanol, impostos e margem de lucro dos postos.<\/p>\n\n\n\n<p>Diesel permanece est\u00e1vel<\/p>\n\n\n\n<p>A Petrobras informou que o pre\u00e7o do diesel vendido \u00e0s distribuidoras n\u00e3o ser\u00e1 alterado. Desde dezembro de 2022, o combust\u00edvel acumula uma redu\u00e7\u00e3o de 36,3%, considerando a infla\u00e7\u00e3o do per\u00edodo.<\/p>\n\n\n\n<p>A medida refor\u00e7a a tend\u00eancia de acomoda\u00e7\u00e3o dos pre\u00e7os da gasolina no mercado interno, embora os valores finais possam variar conforme a regi\u00e3o e a pol\u00edtica de cada distribuidora.<\/p>\n","protected":false},"excerpt":{"rendered":"<p>A Petrobras anunciou na segunda-feira (26) que vai reduzir em 5,2% o pre\u00e7o da gasolina A vendida \u00e0s distribuidoras. O<\/p>\n","protected":false},"author":2,"featured_media":49960,"comment_status":"open","ping_status":"open","sticky":false,"template":"","format":"standard","meta":{"jetpack_post_was_ever_published":false,"_jetpack_newsletter_access":"","_jetpack_dont_email_post_to_subs":false,"_jetpack_newsletter_tier_id":0,"_jetpack_memberships_contains_paywalled_content":false,"_jetpack_memberships_contains_paid_content":false,"footnotes":"","jetpack_publicize_message":"","jetpack_publicize_feature_enabled":true,"jetpack_social_post_already_shared":true,"jetpack_social_options":{"image_generator_settings":{"template":"highway","default_image_id":0,"font":"","enabled":false},"version":2}},"categories":[12],"tags":[],"class_list":["post-72320","post","type-post","status-publish","format-standard","has-post-thumbnail","hentry","category-brasil"],"yoast_head":"<!-- This site is optimized with the Yoast SEO plugin v27.5 - https:\/\/yoast.com\/product\/yoast-seo-wordpress\/ -->\n<title>Petrobras reduz pre\u00e7o da gasolina A em 5,2% para distribuidoras a partir desta ter\u00e7a (27) - Afogados FM<\/title>\n<meta name=\"robots\" content=\"index, follow, max-snippet:-1, max-image-preview:large, max-video-preview:-1\" \/>\n<link rel=\"canonical\" href=\"https:\/\/afogadosfm.com.br\/afogadosfm\/2026\/01\/27\/petrobras-reduz-preco-da-gasolina-a-em-52-para-distribuidoras-a-partir-desta-terca-27\/\" \/>\n<meta property=\"og:locale\" content=\"pt_BR\" \/>\n<meta property=\"og:type\" content=\"article\" \/>\n<meta property=\"og:title\" content=\"Petrobras reduz pre\u00e7o da gasolina A em 5,2% para distribuidoras a partir desta ter\u00e7a (27) - Afogados FM\" \/>\n<meta property=\"og:description\" content=\"A Petrobras anunciou na segunda-feira (26) que vai reduzir em 5,2% o pre\u00e7o da gasolina A vendida \u00e0s distribuidoras. O\" \/>\n<meta property=\"og:url\" content=\"https:\/\/afogadosfm.com.br\/afogadosfm\/2026\/01\/27\/petrobras-reduz-preco-da-gasolina-a-em-52-para-distribuidoras-a-partir-desta-terca-27\/\" \/>\n<meta property=\"og:site_name\" content=\"Afogados FM\" \/>\n<meta property=\"article:published_time\" content=\"2026-01-27T09:00:58+00:00\" \/>\n<meta property=\"article:modified_time\" content=\"2026-01-27T09:00:59+00:00\" \/>\n<meta property=\"og:image\" content=\"https:\/\/afogadosfm.com.br\/afogadosfm\/wp-content\/uploads\/2023\/08\/gasolinafree.webp\" \/>\n\t<meta property=\"og:image:width\" content=\"612\" \/>\n\t<meta property=\"og:image:height\" content=\"403\" \/>\n\t<meta property=\"og:image:type\" content=\"image\/webp\" \/>\n<meta name=\"author\" content=\"afogadosfm\" \/>\n<meta name=\"twitter:card\" content=\"summary_large_image\" \/>\n<meta name=\"twitter:label1\" content=\"Escrito por\" \/>\n\t<meta name=\"twitter:data1\" content=\"afogadosfm\" \/>\n\t<meta name=\"twitter:label2\" content=\"Est. tempo de leitura\" \/>\n\t<meta name=\"twitter:data2\" content=\"2 minutos\" \/>\n<script type=\"application\/ld+json\" class=\"yoast-schema-graph\">{\"@context\":\"https:\\\/\\\/schema.org\",\"@graph\":[{\"@type\":\"Article\",\"@id\":\"https:\\\/\\\/afogadosfm.com.br\\\/afogadosfm\\\/2026\\\/01\\\/27\\\/petrobras-reduz-preco-da-gasolina-a-em-52-para-distribuidoras-a-partir-desta-terca-27\\\/#article\",\"isPartOf\":{\"@id\":\"https:\\\/\\\/afogadosfm.com.br\\\/afogadosfm\\\/2026\\\/01\\\/27\\\/petrobras-reduz-preco-da-gasolina-a-em-52-para-distribuidoras-a-partir-desta-terca-27\\\/\"},\"author\":{\"name\":\"afogadosfm\",\"@id\":\"https:\\\/\\\/afogadosfm.com.br\\\/afogadosfm\\\/#\\\/schema\\\/person\\\/60e56f2cf5dc960fc093fe093d9e9057\"},\"headline\":\"Petrobras reduz pre\u00e7o da gasolina A em 5,2% para distribuidoras a partir desta ter\u00e7a (27)\",\"datePublished\":\"2026-01-27T09:00:58+00:00\",\"dateModified\":\"2026-01-27T09:00:59+00:00\",\"mainEntityOfPage\":{\"@id\":\"https:\\\/\\\/afogadosfm.com.br\\\/afogadosfm\\\/2026\\\/01\\\/27\\\/petrobras-reduz-preco-da-gasolina-a-em-52-para-distribuidoras-a-partir-desta-terca-27\\\/\"},\"wordCount\":275,\"commentCount\":0,\"publisher\":{\"@id\":\"https:\\\/\\\/afogadosfm.com.br\\\/afogadosfm\\\/#organization\"},\"image\":{\"@id\":\"https:\\\/\\\/afogadosfm.com.br\\\/afogadosfm\\\/2026\\\/01\\\/27\\\/petrobras-reduz-preco-da-gasolina-a-em-52-para-distribuidoras-a-partir-desta-terca-27\\\/#primaryimage\"},\"thumbnailUrl\":\"https:\\\/\\\/i0.wp.com\\\/afogadosfm.com.br\\\/afogadosfm\\\/wp-content\\\/uploads\\\/2023\\\/08\\\/gasolinafree.webp?fit=612%2C403&ssl=1\",\"articleSection\":[\"Brasil\"],\"inLanguage\":\"pt-BR\",\"potentialAction\":[{\"@type\":\"CommentAction\",\"name\":\"Comment\",\"target\":[\"https:\\\/\\\/afogadosfm.com.br\\\/afogadosfm\\\/2026\\\/01\\\/27\\\/petrobras-reduz-preco-da-gasolina-a-em-52-para-distribuidoras-a-partir-desta-terca-27\\\/#respond\"]}]},{\"@type\":\"WebPage\",\"@id\":\"https:\\\/\\\/afogadosfm.com.br\\\/afogadosfm\\\/2026\\\/01\\\/27\\\/petrobras-reduz-preco-da-gasolina-a-em-52-para-distribuidoras-a-partir-desta-terca-27\\\/\",\"url\":\"https:\\\/\\\/afogadosfm.com.br\\\/afogadosfm\\\/2026\\\/01\\\/27\\\/petrobras-reduz-preco-da-gasolina-a-em-52-para-distribuidoras-a-partir-desta-terca-27\\\/\",\"name\":\"Petrobras reduz pre\u00e7o da gasolina A em 5,2% para distribuidoras a partir desta ter\u00e7a (27) - Afogados FM\",\"isPartOf\":{\"@id\":\"https:\\\/\\\/afogadosfm.com.br\\\/afogadosfm\\\/#website\"},\"primaryImageOfPage\":{\"@id\":\"https:\\\/\\\/afogadosfm.com.br\\\/afogadosfm\\\/2026\\\/01\\\/27\\\/petrobras-reduz-preco-da-gasolina-a-em-52-para-distribuidoras-a-partir-desta-terca-27\\\/#primaryimage\"},\"image\":{\"@id\":\"https:\\\/\\\/afogadosfm.com.br\\\/afogadosfm\\\/2026\\\/01\\\/27\\\/petrobras-reduz-preco-da-gasolina-a-em-52-para-distribuidoras-a-partir-desta-terca-27\\\/#primaryimage\"},\"thumbnailUrl\":\"https:\\\/\\\/i0.wp.com\\\/afogadosfm.com.br\\\/afogadosfm\\\/wp-content\\\/uploads\\\/2023\\\/08\\\/gasolinafree.webp?fit=612%2C403&ssl=1\",\"datePublished\":\"2026-01-27T09:00:58+00:00\",\"dateModified\":\"2026-01-27T09:00:59+00:00\",\"breadcrumb\":{\"@id\":\"https:\\\/\\\/afogadosfm.com.br\\\/afogadosfm\\\/2026\\\/01\\\/27\\\/petrobras-reduz-preco-da-gasolina-a-em-52-para-distribuidoras-a-partir-desta-terca-27\\\/#breadcrumb\"},\"inLanguage\":\"pt-BR\",\"potentialAction\":[{\"@type\":\"ReadAction\",\"target\":[\"https:\\\/\\\/afogadosfm.com.br\\\/afogadosfm\\\/2026\\\/01\\\/27\\\/petrobras-reduz-preco-da-gasolina-a-em-52-para-distribuidoras-a-partir-desta-terca-27\\\/\"]}]},{\"@type\":\"ImageObject\",\"inLanguage\":\"pt-BR\",\"@id\":\"https:\\\/\\\/afogadosfm.com.br\\\/afogadosfm\\\/2026\\\/01\\\/27\\\/petrobras-reduz-preco-da-gasolina-a-em-52-para-distribuidoras-a-partir-desta-terca-27\\\/#primaryimage\",\"url\":\"https:\\\/\\\/i0.wp.com\\\/afogadosfm.com.br\\\/afogadosfm\\\/wp-content\\\/uploads\\\/2023\\\/08\\\/gasolinafree.webp?fit=612%2C403&ssl=1\",\"contentUrl\":\"https:\\\/\\\/i0.wp.com\\\/afogadosfm.com.br\\\/afogadosfm\\\/wp-content\\\/uploads\\\/2023\\\/08\\\/gasolinafree.webp?fit=612%2C403&ssl=1\",\"width\":612,\"height\":403},{\"@type\":\"BreadcrumbList\",\"@id\":\"https:\\\/\\\/afogadosfm.com.br\\\/afogadosfm\\\/2026\\\/01\\\/27\\\/petrobras-reduz-preco-da-gasolina-a-em-52-para-distribuidoras-a-partir-desta-terca-27\\\/#breadcrumb\",\"itemListElement\":[{\"@type\":\"ListItem\",\"position\":1,\"name\":\"In\u00edcio\",\"item\":\"https:\\\/\\\/afogadosfm.com.br\\\/afogadosfm\\\/\"},{\"@type\":\"ListItem\",\"position\":2,\"name\":\"Petrobras reduz pre\u00e7o da gasolina A em 5,2% para distribuidoras a partir desta ter\u00e7a (27)\"}]},{\"@type\":\"WebSite\",\"@id\":\"https:\\\/\\\/afogadosfm.com.br\\\/afogadosfm\\\/#website\",\"url\":\"https:\\\/\\\/afogadosfm.com.br\\\/afogadosfm\\\/\",\"name\":\"Afogados FM\",\"description\":\"Um site completo!\",\"publisher\":{\"@id\":\"https:\\\/\\\/afogadosfm.com.br\\\/afogadosfm\\\/#organization\"},\"potentialAction\":[{\"@type\":\"SearchAction\",\"target\":{\"@type\":\"EntryPoint\",\"urlTemplate\":\"https:\\\/\\\/afogadosfm.com.br\\\/afogadosfm\\\/?s={search_term_string}\"},\"query-input\":{\"@type\":\"PropertyValueSpecification\",\"valueRequired\":true,\"valueName\":\"search_term_string\"}}],\"inLanguage\":\"pt-BR\"},{\"@type\":\"Organization\",\"@id\":\"https:\\\/\\\/afogadosfm.com.br\\\/afogadosfm\\\/#organization\",\"name\":\"Afogados FM\",\"url\":\"https:\\\/\\\/afogadosfm.com.br\\\/afogadosfm\\\/\",\"logo\":{\"@type\":\"ImageObject\",\"inLanguage\":\"pt-BR\",\"@id\":\"https:\\\/\\\/afogadosfm.com.br\\\/afogadosfm\\\/#\\\/schema\\\/logo\\\/image\\\/\",\"url\":\"https:\\\/\\\/i0.wp.com\\\/afogadosfm.com.br\\\/afogadosfm\\\/wp-content\\\/uploads\\\/2020\\\/06\\\/cropped-banner-afogados-4.jpg?fit=369%2C137&ssl=1\",\"contentUrl\":\"https:\\\/\\\/i0.wp.com\\\/afogadosfm.com.br\\\/afogadosfm\\\/wp-content\\\/uploads\\\/2020\\\/06\\\/cropped-banner-afogados-4.jpg?fit=369%2C137&ssl=1\",\"width\":369,\"height\":137,\"caption\":\"Afogados FM\"},\"image\":{\"@id\":\"https:\\\/\\\/afogadosfm.com.br\\\/afogadosfm\\\/#\\\/schema\\\/logo\\\/image\\\/\"}},{\"@type\":\"Person\",\"@id\":\"https:\\\/\\\/afogadosfm.com.br\\\/afogadosfm\\\/#\\\/schema\\\/person\\\/60e56f2cf5dc960fc093fe093d9e9057\",\"name\":\"afogadosfm\",\"image\":{\"@type\":\"ImageObject\",\"inLanguage\":\"pt-BR\",\"@id\":\"https:\\\/\\\/secure.gravatar.com\\\/avatar\\\/e0359add7ed5dc3560906d861b52c6a8cf5c1e199d3a7dd85070998f49bd4701?s=96&d=mm&r=g\",\"url\":\"https:\\\/\\\/secure.gravatar.com\\\/avatar\\\/e0359add7ed5dc3560906d861b52c6a8cf5c1e199d3a7dd85070998f49bd4701?s=96&d=mm&r=g\",\"contentUrl\":\"https:\\\/\\\/secure.gravatar.com\\\/avatar\\\/e0359add7ed5dc3560906d861b52c6a8cf5c1e199d3a7dd85070998f49bd4701?s=96&d=mm&r=g\",\"caption\":\"afogadosfm\"},\"url\":\"https:\\\/\\\/afogadosfm.com.br\\\/afogadosfm\\\/author\\\/afogadosfm\\\/\"}]}<\/script>\n<!-- \/ Yoast SEO plugin. -->","yoast_head_json":{"title":"Petrobras reduz pre\u00e7o da gasolina A em 5,2% para distribuidoras a partir desta ter\u00e7a (27) - Afogados FM","robots":{"index":"index","follow":"follow","max-snippet":"max-snippet:-1","max-image-preview":"max-image-preview:large","max-video-preview":"max-video-preview:-1"},"canonical":"https:\/\/afogadosfm.com.br\/afogadosfm\/2026\/01\/27\/petrobras-reduz-preco-da-gasolina-a-em-52-para-distribuidoras-a-partir-desta-terca-27\/","og_locale":"pt_BR","og_type":"article","og_title":"Petrobras reduz pre\u00e7o da gasolina A em 5,2% para distribuidoras a partir desta ter\u00e7a (27) - Afogados FM","og_description":"A Petrobras anunciou na segunda-feira (26) que vai reduzir em 5,2% o pre\u00e7o da gasolina A vendida \u00e0s distribuidoras. O","og_url":"https:\/\/afogadosfm.com.br\/afogadosfm\/2026\/01\/27\/petrobras-reduz-preco-da-gasolina-a-em-52-para-distribuidoras-a-partir-desta-terca-27\/","og_site_name":"Afogados FM","article_published_time":"2026-01-27T09:00:58+00:00","article_modified_time":"2026-01-27T09:00:59+00:00","og_image":[{"width":612,"height":403,"url":"https:\/\/afogadosfm.com.br\/afogadosfm\/wp-content\/uploads\/2023\/08\/gasolinafree.webp","type":"image\/webp"}],"author":"afogadosfm","twitter_card":"summary_large_image","twitter_misc":{"Escrito por":"afogadosfm","Est. tempo de leitura":"2 minutos"},"schema":{"@context":"https:\/\/schema.org","@graph":[{"@type":"Article","@id":"https:\/\/afogadosfm.com.br\/afogadosfm\/2026\/01\/27\/petrobras-reduz-preco-da-gasolina-a-em-52-para-distribuidoras-a-partir-desta-terca-27\/#article","isPartOf":{"@id":"https:\/\/afogadosfm.com.br\/afogadosfm\/2026\/01\/27\/petrobras-reduz-preco-da-gasolina-a-em-52-para-distribuidoras-a-partir-desta-terca-27\/"},"author":{"name":"afogadosfm","@id":"https:\/\/afogadosfm.com.br\/afogadosfm\/#\/schema\/person\/60e56f2cf5dc960fc093fe093d9e9057"},"headline":"Petrobras reduz pre\u00e7o da gasolina A em 5,2% para distribuidoras a partir desta ter\u00e7a (27)","datePublished":"2026-01-27T09:00:58+00:00","dateModified":"2026-01-27T09:00:59+00:00","mainEntityOfPage":{"@id":"https:\/\/afogadosfm.com.br\/afogadosfm\/2026\/01\/27\/petrobras-reduz-preco-da-gasolina-a-em-52-para-distribuidoras-a-partir-desta-terca-27\/"},"wordCount":275,"commentCount":0,"publisher":{"@id":"https:\/\/afogadosfm.com.br\/afogadosfm\/#organization"},"image":{"@id":"https:\/\/afogadosfm.com.br\/afogadosfm\/2026\/01\/27\/petrobras-reduz-preco-da-gasolina-a-em-52-para-distribuidoras-a-partir-desta-terca-27\/#primaryimage"},"thumbnailUrl":"https:\/\/i0.wp.com\/afogadosfm.com.br\/afogadosfm\/wp-content\/uploads\/2023\/08\/gasolinafree.webp?fit=612%2C403&ssl=1","articleSection":["Brasil"],"inLanguage":"pt-BR","potentialAction":[{"@type":"CommentAction","name":"Comment","target":["https:\/\/afogadosfm.com.br\/afogadosfm\/2026\/01\/27\/petrobras-reduz-preco-da-gasolina-a-em-52-para-distribuidoras-a-partir-desta-terca-27\/#respond"]}]},{"@type":"WebPage","@id":"https:\/\/afogadosfm.com.br\/afogadosfm\/2026\/01\/27\/petrobras-reduz-preco-da-gasolina-a-em-52-para-distribuidoras-a-partir-desta-terca-27\/","url":"https:\/\/afogadosfm.com.br\/afogadosfm\/2026\/01\/27\/petrobras-reduz-preco-da-gasolina-a-em-52-para-distribuidoras-a-partir-desta-terca-27\/","name":"Petrobras reduz pre\u00e7o da gasolina A em 5,2% para distribuidoras a partir desta ter\u00e7a (27) - Afogados FM","isPartOf":{"@id":"https:\/\/afogadosfm.com.br\/afogadosfm\/#website"},"primaryImageOfPage":{"@id":"https:\/\/afogadosfm.com.br\/afogadosfm\/2026\/01\/27\/petrobras-reduz-preco-da-gasolina-a-em-52-para-distribuidoras-a-partir-desta-terca-27\/#primaryimage"},"image":{"@id":"https:\/\/afogadosfm.com.br\/afogadosfm\/2026\/01\/27\/petrobras-reduz-preco-da-gasolina-a-em-52-para-distribuidoras-a-partir-desta-terca-27\/#primaryimage"},"thumbnailUrl":"https:\/\/i0.wp.com\/afogadosfm.com.br\/afogadosfm\/wp-content\/uploads\/2023\/08\/gasolinafree.webp?fit=612%2C403&ssl=1","datePublished":"2026-01-27T09:00:58+00:00","dateModified":"2026-01-27T09:00:59+00:00","breadcrumb":{"@id":"https:\/\/afogadosfm.com.br\/afogadosfm\/2026\/01\/27\/petrobras-reduz-preco-da-gasolina-a-em-52-para-distribuidoras-a-partir-desta-terca-27\/#breadcrumb"},"inLanguage":"pt-BR","potentialAction":[{"@type":"ReadAction","target":["https:\/\/afogadosfm.com.br\/afogadosfm\/2026\/01\/27\/petrobras-reduz-preco-da-gasolina-a-em-52-para-distribuidoras-a-partir-desta-terca-27\/"]}]},{"@type":"ImageObject","inLanguage":"pt-BR","@id":"https:\/\/afogadosfm.com.br\/afogadosfm\/2026\/01\/27\/petrobras-reduz-preco-da-gasolina-a-em-52-para-distribuidoras-a-partir-desta-terca-27\/#primaryimage","url":"https:\/\/i0.wp.com\/afogadosfm.com.br\/afogadosfm\/wp-content\/uploads\/2023\/08\/gasolinafree.webp?fit=612%2C403&ssl=1","contentUrl":"https:\/\/i0.wp.com\/afogadosfm.com.br\/afogadosfm\/wp-content\/uploads\/2023\/08\/gasolinafree.webp?fit=612%2C403&ssl=1","width":612,"height":403},{"@type":"BreadcrumbList","@id":"https:\/\/afogadosfm.com.br\/afogadosfm\/2026\/01\/27\/petrobras-reduz-preco-da-gasolina-a-em-52-para-distribuidoras-a-partir-desta-terca-27\/#breadcrumb","itemListElement":[{"@type":"ListItem","position":1,"name":"In\u00edcio","item":"https:\/\/afogadosfm.com.br\/afogadosfm\/"},{"@type":"ListItem","position":2,"name":"Petrobras reduz pre\u00e7o da gasolina A em 5,2% para distribuidoras a partir desta ter\u00e7a (27)"}]},{"@type":"WebSite","@id":"https:\/\/afogadosfm.com.br\/afogadosfm\/#website","url":"https:\/\/afogadosfm.com.br\/afogadosfm\/","name":"Afogados FM","description":"Um site completo!","publisher":{"@id":"https:\/\/afogadosfm.com.br\/afogadosfm\/#organization"},"potentialAction":[{"@type":"SearchAction","target":{"@type":"EntryPoint","urlTemplate":"https:\/\/afogadosfm.com.br\/afogadosfm\/?s={search_term_string}"},"query-input":{"@type":"PropertyValueSpecification","valueRequired":true,"valueName":"search_term_string"}}],"inLanguage":"pt-BR"},{"@type":"Organization","@id":"https:\/\/afogadosfm.com.br\/afogadosfm\/#organization","name":"Afogados FM","url":"https:\/\/afogadosfm.com.br\/afogadosfm\/","logo":{"@type":"ImageObject","inLanguage":"pt-BR","@id":"https:\/\/afogadosfm.com.br\/afogadosfm\/#\/schema\/logo\/image\/","url":"https:\/\/i0.wp.com\/afogadosfm.com.br\/afogadosfm\/wp-content\/uploads\/2020\/06\/cropped-banner-afogados-4.jpg?fit=369%2C137&ssl=1","contentUrl":"https:\/\/i0.wp.com\/afogadosfm.com.br\/afogadosfm\/wp-content\/uploads\/2020\/06\/cropped-banner-afogados-4.jpg?fit=369%2C137&ssl=1","width":369,"height":137,"caption":"Afogados FM"},"image":{"@id":"https:\/\/afogadosfm.com.br\/afogadosfm\/#\/schema\/logo\/image\/"}},{"@type":"Person","@id":"https:\/\/afogadosfm.com.br\/afogadosfm\/#\/schema\/person\/60e56f2cf5dc960fc093fe093d9e9057","name":"afogadosfm","image":{"@type":"ImageObject","inLanguage":"pt-BR","@id":"https:\/\/secure.gravatar.com\/avatar\/e0359add7ed5dc3560906d861b52c6a8cf5c1e199d3a7dd85070998f49bd4701?s=96&d=mm&r=g","url":"https:\/\/secure.gravatar.com\/avatar\/e0359add7ed5dc3560906d861b52c6a8cf5c1e199d3a7dd85070998f49bd4701?s=96&d=mm&r=g","contentUrl":"https:\/\/secure.gravatar.com\/avatar\/e0359add7ed5dc3560906d861b52c6a8cf5c1e199d3a7dd85070998f49bd4701?s=96&d=mm&r=g","caption":"afogadosfm"},"url":"https:\/\/afogadosfm.com.br\/afogadosfm\/author\/afogadosfm\/"}]}},"jetpack_publicize_connections":[],"jetpack_featured_media_url":"https:\/\/i0.wp.com\/afogadosfm.com.br\/afogadosfm\/wp-content\/uploads\/2023\/08\/gasolinafree.webp?fit=612%2C403&ssl=1","jetpack-related-posts":[],"jetpack_sharing_enabled":true,"jetpack_likes_enabled":true,"_links":{"self":[{"href":"https:\/\/afogadosfm.com.br\/afogadosfm\/wp-json\/wp\/v2\/posts\/72320","targetHints":{"allow":["GET"]}}],"collection":[{"href":"https:\/\/afogadosfm.com.br\/afogadosfm\/wp-json\/wp\/v2\/posts"}],"about":[{"href":"https:\/\/afogadosfm.com.br\/afogadosfm\/wp-json\/wp\/v2\/types\/post"}],"author":[{"embeddable":true,"href":"https:\/\/afogadosfm.com.br\/afogadosfm\/wp-json\/wp\/v2\/users\/2"}],"replies":[{"embeddable":true,"href":"https:\/\/afogadosfm.com.br\/afogadosfm\/wp-json\/wp\/v2\/comments?post=72320"}],"version-history":[{"count":1,"href":"https:\/\/afogadosfm.com.br\/afogadosfm\/wp-json\/wp\/v2\/posts\/72320\/revisions"}],"predecessor-version":[{"id":72321,"href":"https:\/\/afogadosfm.com.br\/afogadosfm\/wp-json\/wp\/v2\/posts\/72320\/revisions\/72321"}],"wp:featuredmedia":[{"embeddable":true,"href":"https:\/\/afogadosfm.com.br\/afogadosfm\/wp-json\/wp\/v2\/media\/49960"}],"wp:attachment":[{"href":"https:\/\/afogadosfm.com.br\/afogadosfm\/wp-json\/wp\/v2\/media?parent=72320"}],"wp:term":[{"taxonomy":"category","embeddable":true,"href":"https:\/\/afogadosfm.com.br\/afogadosfm\/wp-json\/wp\/v2\/categories?post=72320"},{"taxonomy":"post_tag","embeddable":true,"href":"https:\/\/afogadosfm.com.br\/afogadosfm\/wp-json\/wp\/v2\/tags?post=72320"}],"curies":[{"name":"wp","href":"https:\/\/api.w.org\/{rel}","templated":true}]}}