{"id":73083,"date":"2026-03-05T06:40:53","date_gmt":"2026-03-05T09:40:53","guid":{"rendered":"https:\/\/afogadosfm.com.br\/afogadosfm\/?p=73083"},"modified":"2026-03-05T06:40:53","modified_gmt":"2026-03-05T09:40:53","slug":"sao-jose-do-egito-celebrara-117-anos-com-vasta-programacao-cultural","status":"publish","type":"post","link":"https:\/\/afogadosfm.com.br\/afogadosfm\/2026\/03\/05\/sao-jose-do-egito-celebrara-117-anos-com-vasta-programacao-cultural\/","title":{"rendered":"S\u00e3o Jos\u00e9 do Egito celebrar\u00e1 117 anos com vasta programa\u00e7\u00e3o cultural"},"content":{"rendered":"<p>A terceira maior cidade do Paje\u00fa vai comemorar seus 117 anos com uma vasta programa\u00e7\u00e3o cultural, entre os dias 07 e 09 de mar\u00e7o.<\/p>\n<p>Haver\u00e1 forr\u00f3 na Feira, desfile para escolher a miss S\u00e3o Jos\u00e9 do Egito, shows musicais e um grande Festival de Violeiros Repentistas<\/p>\n<p>O evento ser\u00e1 realizado a partir das 19h, no Centro Hist\u00f3rico \u2014 Pavilh\u00e3o Cultural, em frente \u00e0 Casa Lyra, na noite do dia 09. O local, s\u00edmbolo da mem\u00f3ria cultural da cidade, deve receber p\u00fablico de diferentes idades para celebrar a data.<\/p>\n<p>Al\u00e9m de marcar o anivers\u00e1rio do munic\u00edpio, o congresso refor\u00e7a o compromisso com a preserva\u00e7\u00e3o das tradi\u00e7\u00f5es nordestinas, destacando a cantoria como express\u00e3o art\u00edstica e instrumento de identidade coletiva.<\/p>\n<p>6 duplas v\u00e3o participar do festival: Evaldo Filho e Erasmo Ferreira; Adelmo Aguiar e Andr\u00e9 Santos; Jairo Silva e Jeferson Silva; Diomedes Mariano e Z\u00e9 Carlos do Paje\u00fa; Geraldo Zacarias e Erivaldo Ferreira; Den\u00edlson Nunes e Francisco de Assis. O evento ter\u00e1 apresenta\u00e7\u00e3o da dupla Afonso Pequeno e Arnaldo Pessoa.<\/p>\n","protected":false},"excerpt":{"rendered":"<p>A terceira maior cidade do Paje\u00fa vai comemorar seus 117 anos com uma vasta programa\u00e7\u00e3o cultural, entre os dias 07<\/p>\n","protected":false},"author":2,"featured_media":73084,"comment_status":"open","ping_status":"open","sticky":false,"template":"","format":"standard","meta":{"jetpack_post_was_ever_published":false,"_jetpack_newsletter_access":"","_jetpack_dont_email_post_to_subs":false,"_jetpack_newsletter_tier_id":0,"_jetpack_memberships_contains_paywalled_content":false,"_jetpack_memberships_contains_paid_content":false,"footnotes":"","jetpack_publicize_message":"","jetpack_publicize_feature_enabled":true,"jetpack_social_post_already_shared":true,"jetpack_social_options":{"image_generator_settings":{"template":"highway","default_image_id":0,"font":"","enabled":false},"version":2}},"categories":[33],"tags":[],"class_list":["post-73083","post","type-post","status-publish","format-standard","has-post-thumbnail","hentry","category-cultura"],"yoast_head":"<!-- This site is optimized with the Yoast SEO plugin v27.4 - https:\/\/yoast.com\/product\/yoast-seo-wordpress\/ -->\n<title>S\u00e3o Jos\u00e9 do Egito celebrar\u00e1 117 anos com vasta programa\u00e7\u00e3o cultural - Afogados FM<\/title>\n<meta name=\"robots\" content=\"index, follow, max-snippet:-1, max-image-preview:large, max-video-preview:-1\" \/>\n<link rel=\"canonical\" href=\"https:\/\/afogadosfm.com.br\/afogadosfm\/2026\/03\/05\/sao-jose-do-egito-celebrara-117-anos-com-vasta-programacao-cultural\/\" \/>\n<meta property=\"og:locale\" content=\"pt_BR\" \/>\n<meta property=\"og:type\" content=\"article\" \/>\n<meta property=\"og:title\" content=\"S\u00e3o Jos\u00e9 do Egito celebrar\u00e1 117 anos com vasta programa\u00e7\u00e3o cultural - Afogados FM\" \/>\n<meta property=\"og:description\" content=\"A terceira maior cidade do Paje\u00fa vai comemorar seus 117 anos com uma vasta programa\u00e7\u00e3o cultural, entre os dias 07\" \/>\n<meta property=\"og:url\" content=\"https:\/\/afogadosfm.com.br\/afogadosfm\/2026\/03\/05\/sao-jose-do-egito-celebrara-117-anos-com-vasta-programacao-cultural\/\" \/>\n<meta property=\"og:site_name\" content=\"Afogados FM\" \/>\n<meta property=\"article:published_time\" content=\"2026-03-05T09:40:53+00:00\" \/>\n<meta property=\"og:image\" content=\"https:\/\/afogadosfm.com.br\/afogadosfm\/wp-content\/uploads\/2026\/03\/Abrir-uma-Empresa-em-Sao-Jose-do-Egito-PE.jpg\" \/>\n\t<meta property=\"og:image:width\" content=\"740\" \/>\n\t<meta property=\"og:image:height\" content=\"494\" \/>\n\t<meta property=\"og:image:type\" content=\"image\/jpeg\" \/>\n<meta name=\"author\" content=\"afogadosfm\" \/>\n<meta name=\"twitter:card\" content=\"summary_large_image\" \/>\n<meta name=\"twitter:label1\" content=\"Escrito por\" \/>\n\t<meta name=\"twitter:data1\" content=\"afogadosfm\" \/>\n\t<meta name=\"twitter:label2\" content=\"Est. tempo de leitura\" \/>\n\t<meta name=\"twitter:data2\" content=\"1 minuto\" \/>\n<script type=\"application\/ld+json\" class=\"yoast-schema-graph\">{\"@context\":\"https:\\\/\\\/schema.org\",\"@graph\":[{\"@type\":\"Article\",\"@id\":\"https:\\\/\\\/afogadosfm.com.br\\\/afogadosfm\\\/2026\\\/03\\\/05\\\/sao-jose-do-egito-celebrara-117-anos-com-vasta-programacao-cultural\\\/#article\",\"isPartOf\":{\"@id\":\"https:\\\/\\\/afogadosfm.com.br\\\/afogadosfm\\\/2026\\\/03\\\/05\\\/sao-jose-do-egito-celebrara-117-anos-com-vasta-programacao-cultural\\\/\"},\"author\":{\"name\":\"afogadosfm\",\"@id\":\"https:\\\/\\\/afogadosfm.com.br\\\/afogadosfm\\\/#\\\/schema\\\/person\\\/60e56f2cf5dc960fc093fe093d9e9057\"},\"headline\":\"S\u00e3o Jos\u00e9 do Egito celebrar\u00e1 117 anos com vasta programa\u00e7\u00e3o cultural\",\"datePublished\":\"2026-03-05T09:40:53+00:00\",\"mainEntityOfPage\":{\"@id\":\"https:\\\/\\\/afogadosfm.com.br\\\/afogadosfm\\\/2026\\\/03\\\/05\\\/sao-jose-do-egito-celebrara-117-anos-com-vasta-programacao-cultural\\\/\"},\"wordCount\":191,\"commentCount\":0,\"publisher\":{\"@id\":\"https:\\\/\\\/afogadosfm.com.br\\\/afogadosfm\\\/#organization\"},\"image\":{\"@id\":\"https:\\\/\\\/afogadosfm.com.br\\\/afogadosfm\\\/2026\\\/03\\\/05\\\/sao-jose-do-egito-celebrara-117-anos-com-vasta-programacao-cultural\\\/#primaryimage\"},\"thumbnailUrl\":\"https:\\\/\\\/i0.wp.com\\\/afogadosfm.com.br\\\/afogadosfm\\\/wp-content\\\/uploads\\\/2026\\\/03\\\/Abrir-uma-Empresa-em-Sao-Jose-do-Egito-PE.jpg?fit=740%2C494&ssl=1\",\"articleSection\":[\"Cultura\"],\"inLanguage\":\"pt-BR\",\"potentialAction\":[{\"@type\":\"CommentAction\",\"name\":\"Comment\",\"target\":[\"https:\\\/\\\/afogadosfm.com.br\\\/afogadosfm\\\/2026\\\/03\\\/05\\\/sao-jose-do-egito-celebrara-117-anos-com-vasta-programacao-cultural\\\/#respond\"]}]},{\"@type\":\"WebPage\",\"@id\":\"https:\\\/\\\/afogadosfm.com.br\\\/afogadosfm\\\/2026\\\/03\\\/05\\\/sao-jose-do-egito-celebrara-117-anos-com-vasta-programacao-cultural\\\/\",\"url\":\"https:\\\/\\\/afogadosfm.com.br\\\/afogadosfm\\\/2026\\\/03\\\/05\\\/sao-jose-do-egito-celebrara-117-anos-com-vasta-programacao-cultural\\\/\",\"name\":\"S\u00e3o Jos\u00e9 do Egito celebrar\u00e1 117 anos com vasta programa\u00e7\u00e3o cultural - Afogados FM\",\"isPartOf\":{\"@id\":\"https:\\\/\\\/afogadosfm.com.br\\\/afogadosfm\\\/#website\"},\"primaryImageOfPage\":{\"@id\":\"https:\\\/\\\/afogadosfm.com.br\\\/afogadosfm\\\/2026\\\/03\\\/05\\\/sao-jose-do-egito-celebrara-117-anos-com-vasta-programacao-cultural\\\/#primaryimage\"},\"image\":{\"@id\":\"https:\\\/\\\/afogadosfm.com.br\\\/afogadosfm\\\/2026\\\/03\\\/05\\\/sao-jose-do-egito-celebrara-117-anos-com-vasta-programacao-cultural\\\/#primaryimage\"},\"thumbnailUrl\":\"https:\\\/\\\/i0.wp.com\\\/afogadosfm.com.br\\\/afogadosfm\\\/wp-content\\\/uploads\\\/2026\\\/03\\\/Abrir-uma-Empresa-em-Sao-Jose-do-Egito-PE.jpg?fit=740%2C494&ssl=1\",\"datePublished\":\"2026-03-05T09:40:53+00:00\",\"breadcrumb\":{\"@id\":\"https:\\\/\\\/afogadosfm.com.br\\\/afogadosfm\\\/2026\\\/03\\\/05\\\/sao-jose-do-egito-celebrara-117-anos-com-vasta-programacao-cultural\\\/#breadcrumb\"},\"inLanguage\":\"pt-BR\",\"potentialAction\":[{\"@type\":\"ReadAction\",\"target\":[\"https:\\\/\\\/afogadosfm.com.br\\\/afogadosfm\\\/2026\\\/03\\\/05\\\/sao-jose-do-egito-celebrara-117-anos-com-vasta-programacao-cultural\\\/\"]}]},{\"@type\":\"ImageObject\",\"inLanguage\":\"pt-BR\",\"@id\":\"https:\\\/\\\/afogadosfm.com.br\\\/afogadosfm\\\/2026\\\/03\\\/05\\\/sao-jose-do-egito-celebrara-117-anos-com-vasta-programacao-cultural\\\/#primaryimage\",\"url\":\"https:\\\/\\\/i0.wp.com\\\/afogadosfm.com.br\\\/afogadosfm\\\/wp-content\\\/uploads\\\/2026\\\/03\\\/Abrir-uma-Empresa-em-Sao-Jose-do-Egito-PE.jpg?fit=740%2C494&ssl=1\",\"contentUrl\":\"https:\\\/\\\/i0.wp.com\\\/afogadosfm.com.br\\\/afogadosfm\\\/wp-content\\\/uploads\\\/2026\\\/03\\\/Abrir-uma-Empresa-em-Sao-Jose-do-Egito-PE.jpg?fit=740%2C494&ssl=1\",\"width\":740,\"height\":494,\"caption\":\"xr:d:DAFPCWQnKLM:873,j:40677060586,t:22111117\"},{\"@type\":\"BreadcrumbList\",\"@id\":\"https:\\\/\\\/afogadosfm.com.br\\\/afogadosfm\\\/2026\\\/03\\\/05\\\/sao-jose-do-egito-celebrara-117-anos-com-vasta-programacao-cultural\\\/#breadcrumb\",\"itemListElement\":[{\"@type\":\"ListItem\",\"position\":1,\"name\":\"In\u00edcio\",\"item\":\"https:\\\/\\\/afogadosfm.com.br\\\/afogadosfm\\\/\"},{\"@type\":\"ListItem\",\"position\":2,\"name\":\"S\u00e3o Jos\u00e9 do Egito celebrar\u00e1 117 anos com vasta programa\u00e7\u00e3o cultural\"}]},{\"@type\":\"WebSite\",\"@id\":\"https:\\\/\\\/afogadosfm.com.br\\\/afogadosfm\\\/#website\",\"url\":\"https:\\\/\\\/afogadosfm.com.br\\\/afogadosfm\\\/\",\"name\":\"Afogados FM\",\"description\":\"Um site completo!\",\"publisher\":{\"@id\":\"https:\\\/\\\/afogadosfm.com.br\\\/afogadosfm\\\/#organization\"},\"potentialAction\":[{\"@type\":\"SearchAction\",\"target\":{\"@type\":\"EntryPoint\",\"urlTemplate\":\"https:\\\/\\\/afogadosfm.com.br\\\/afogadosfm\\\/?s={search_term_string}\"},\"query-input\":{\"@type\":\"PropertyValueSpecification\",\"valueRequired\":true,\"valueName\":\"search_term_string\"}}],\"inLanguage\":\"pt-BR\"},{\"@type\":\"Organization\",\"@id\":\"https:\\\/\\\/afogadosfm.com.br\\\/afogadosfm\\\/#organization\",\"name\":\"Afogados FM\",\"url\":\"https:\\\/\\\/afogadosfm.com.br\\\/afogadosfm\\\/\",\"logo\":{\"@type\":\"ImageObject\",\"inLanguage\":\"pt-BR\",\"@id\":\"https:\\\/\\\/afogadosfm.com.br\\\/afogadosfm\\\/#\\\/schema\\\/logo\\\/image\\\/\",\"url\":\"https:\\\/\\\/i0.wp.com\\\/afogadosfm.com.br\\\/afogadosfm\\\/wp-content\\\/uploads\\\/2020\\\/06\\\/cropped-banner-afogados-4.jpg?fit=369%2C137&ssl=1\",\"contentUrl\":\"https:\\\/\\\/i0.wp.com\\\/afogadosfm.com.br\\\/afogadosfm\\\/wp-content\\\/uploads\\\/2020\\\/06\\\/cropped-banner-afogados-4.jpg?fit=369%2C137&ssl=1\",\"width\":369,\"height\":137,\"caption\":\"Afogados FM\"},\"image\":{\"@id\":\"https:\\\/\\\/afogadosfm.com.br\\\/afogadosfm\\\/#\\\/schema\\\/logo\\\/image\\\/\"}},{\"@type\":\"Person\",\"@id\":\"https:\\\/\\\/afogadosfm.com.br\\\/afogadosfm\\\/#\\\/schema\\\/person\\\/60e56f2cf5dc960fc093fe093d9e9057\",\"name\":\"afogadosfm\",\"image\":{\"@type\":\"ImageObject\",\"inLanguage\":\"pt-BR\",\"@id\":\"https:\\\/\\\/secure.gravatar.com\\\/avatar\\\/e0359add7ed5dc3560906d861b52c6a8cf5c1e199d3a7dd85070998f49bd4701?s=96&d=mm&r=g\",\"url\":\"https:\\\/\\\/secure.gravatar.com\\\/avatar\\\/e0359add7ed5dc3560906d861b52c6a8cf5c1e199d3a7dd85070998f49bd4701?s=96&d=mm&r=g\",\"contentUrl\":\"https:\\\/\\\/secure.gravatar.com\\\/avatar\\\/e0359add7ed5dc3560906d861b52c6a8cf5c1e199d3a7dd85070998f49bd4701?s=96&d=mm&r=g\",\"caption\":\"afogadosfm\"},\"url\":\"https:\\\/\\\/afogadosfm.com.br\\\/afogadosfm\\\/author\\\/afogadosfm\\\/\"}]}<\/script>\n<!-- \/ Yoast SEO plugin. -->","yoast_head_json":{"title":"S\u00e3o Jos\u00e9 do Egito celebrar\u00e1 117 anos com vasta programa\u00e7\u00e3o cultural - Afogados FM","robots":{"index":"index","follow":"follow","max-snippet":"max-snippet:-1","max-image-preview":"max-image-preview:large","max-video-preview":"max-video-preview:-1"},"canonical":"https:\/\/afogadosfm.com.br\/afogadosfm\/2026\/03\/05\/sao-jose-do-egito-celebrara-117-anos-com-vasta-programacao-cultural\/","og_locale":"pt_BR","og_type":"article","og_title":"S\u00e3o Jos\u00e9 do Egito celebrar\u00e1 117 anos com vasta programa\u00e7\u00e3o cultural - Afogados FM","og_description":"A terceira maior cidade do Paje\u00fa vai comemorar seus 117 anos com uma vasta programa\u00e7\u00e3o cultural, entre os dias 07","og_url":"https:\/\/afogadosfm.com.br\/afogadosfm\/2026\/03\/05\/sao-jose-do-egito-celebrara-117-anos-com-vasta-programacao-cultural\/","og_site_name":"Afogados FM","article_published_time":"2026-03-05T09:40:53+00:00","og_image":[{"width":740,"height":494,"url":"https:\/\/afogadosfm.com.br\/afogadosfm\/wp-content\/uploads\/2026\/03\/Abrir-uma-Empresa-em-Sao-Jose-do-Egito-PE.jpg","type":"image\/jpeg"}],"author":"afogadosfm","twitter_card":"summary_large_image","twitter_misc":{"Escrito por":"afogadosfm","Est. tempo de leitura":"1 minuto"},"schema":{"@context":"https:\/\/schema.org","@graph":[{"@type":"Article","@id":"https:\/\/afogadosfm.com.br\/afogadosfm\/2026\/03\/05\/sao-jose-do-egito-celebrara-117-anos-com-vasta-programacao-cultural\/#article","isPartOf":{"@id":"https:\/\/afogadosfm.com.br\/afogadosfm\/2026\/03\/05\/sao-jose-do-egito-celebrara-117-anos-com-vasta-programacao-cultural\/"},"author":{"name":"afogadosfm","@id":"https:\/\/afogadosfm.com.br\/afogadosfm\/#\/schema\/person\/60e56f2cf5dc960fc093fe093d9e9057"},"headline":"S\u00e3o Jos\u00e9 do Egito celebrar\u00e1 117 anos com vasta programa\u00e7\u00e3o cultural","datePublished":"2026-03-05T09:40:53+00:00","mainEntityOfPage":{"@id":"https:\/\/afogadosfm.com.br\/afogadosfm\/2026\/03\/05\/sao-jose-do-egito-celebrara-117-anos-com-vasta-programacao-cultural\/"},"wordCount":191,"commentCount":0,"publisher":{"@id":"https:\/\/afogadosfm.com.br\/afogadosfm\/#organization"},"image":{"@id":"https:\/\/afogadosfm.com.br\/afogadosfm\/2026\/03\/05\/sao-jose-do-egito-celebrara-117-anos-com-vasta-programacao-cultural\/#primaryimage"},"thumbnailUrl":"https:\/\/i0.wp.com\/afogadosfm.com.br\/afogadosfm\/wp-content\/uploads\/2026\/03\/Abrir-uma-Empresa-em-Sao-Jose-do-Egito-PE.jpg?fit=740%2C494&ssl=1","articleSection":["Cultura"],"inLanguage":"pt-BR","potentialAction":[{"@type":"CommentAction","name":"Comment","target":["https:\/\/afogadosfm.com.br\/afogadosfm\/2026\/03\/05\/sao-jose-do-egito-celebrara-117-anos-com-vasta-programacao-cultural\/#respond"]}]},{"@type":"WebPage","@id":"https:\/\/afogadosfm.com.br\/afogadosfm\/2026\/03\/05\/sao-jose-do-egito-celebrara-117-anos-com-vasta-programacao-cultural\/","url":"https:\/\/afogadosfm.com.br\/afogadosfm\/2026\/03\/05\/sao-jose-do-egito-celebrara-117-anos-com-vasta-programacao-cultural\/","name":"S\u00e3o Jos\u00e9 do Egito celebrar\u00e1 117 anos com vasta programa\u00e7\u00e3o cultural - Afogados FM","isPartOf":{"@id":"https:\/\/afogadosfm.com.br\/afogadosfm\/#website"},"primaryImageOfPage":{"@id":"https:\/\/afogadosfm.com.br\/afogadosfm\/2026\/03\/05\/sao-jose-do-egito-celebrara-117-anos-com-vasta-programacao-cultural\/#primaryimage"},"image":{"@id":"https:\/\/afogadosfm.com.br\/afogadosfm\/2026\/03\/05\/sao-jose-do-egito-celebrara-117-anos-com-vasta-programacao-cultural\/#primaryimage"},"thumbnailUrl":"https:\/\/i0.wp.com\/afogadosfm.com.br\/afogadosfm\/wp-content\/uploads\/2026\/03\/Abrir-uma-Empresa-em-Sao-Jose-do-Egito-PE.jpg?fit=740%2C494&ssl=1","datePublished":"2026-03-05T09:40:53+00:00","breadcrumb":{"@id":"https:\/\/afogadosfm.com.br\/afogadosfm\/2026\/03\/05\/sao-jose-do-egito-celebrara-117-anos-com-vasta-programacao-cultural\/#breadcrumb"},"inLanguage":"pt-BR","potentialAction":[{"@type":"ReadAction","target":["https:\/\/afogadosfm.com.br\/afogadosfm\/2026\/03\/05\/sao-jose-do-egito-celebrara-117-anos-com-vasta-programacao-cultural\/"]}]},{"@type":"ImageObject","inLanguage":"pt-BR","@id":"https:\/\/afogadosfm.com.br\/afogadosfm\/2026\/03\/05\/sao-jose-do-egito-celebrara-117-anos-com-vasta-programacao-cultural\/#primaryimage","url":"https:\/\/i0.wp.com\/afogadosfm.com.br\/afogadosfm\/wp-content\/uploads\/2026\/03\/Abrir-uma-Empresa-em-Sao-Jose-do-Egito-PE.jpg?fit=740%2C494&ssl=1","contentUrl":"https:\/\/i0.wp.com\/afogadosfm.com.br\/afogadosfm\/wp-content\/uploads\/2026\/03\/Abrir-uma-Empresa-em-Sao-Jose-do-Egito-PE.jpg?fit=740%2C494&ssl=1","width":740,"height":494,"caption":"xr:d:DAFPCWQnKLM:873,j:40677060586,t:22111117"},{"@type":"BreadcrumbList","@id":"https:\/\/afogadosfm.com.br\/afogadosfm\/2026\/03\/05\/sao-jose-do-egito-celebrara-117-anos-com-vasta-programacao-cultural\/#breadcrumb","itemListElement":[{"@type":"ListItem","position":1,"name":"In\u00edcio","item":"https:\/\/afogadosfm.com.br\/afogadosfm\/"},{"@type":"ListItem","position":2,"name":"S\u00e3o Jos\u00e9 do Egito celebrar\u00e1 117 anos com vasta programa\u00e7\u00e3o cultural"}]},{"@type":"WebSite","@id":"https:\/\/afogadosfm.com.br\/afogadosfm\/#website","url":"https:\/\/afogadosfm.com.br\/afogadosfm\/","name":"Afogados FM","description":"Um site completo!","publisher":{"@id":"https:\/\/afogadosfm.com.br\/afogadosfm\/#organization"},"potentialAction":[{"@type":"SearchAction","target":{"@type":"EntryPoint","urlTemplate":"https:\/\/afogadosfm.com.br\/afogadosfm\/?s={search_term_string}"},"query-input":{"@type":"PropertyValueSpecification","valueRequired":true,"valueName":"search_term_string"}}],"inLanguage":"pt-BR"},{"@type":"Organization","@id":"https:\/\/afogadosfm.com.br\/afogadosfm\/#organization","name":"Afogados FM","url":"https:\/\/afogadosfm.com.br\/afogadosfm\/","logo":{"@type":"ImageObject","inLanguage":"pt-BR","@id":"https:\/\/afogadosfm.com.br\/afogadosfm\/#\/schema\/logo\/image\/","url":"https:\/\/i0.wp.com\/afogadosfm.com.br\/afogadosfm\/wp-content\/uploads\/2020\/06\/cropped-banner-afogados-4.jpg?fit=369%2C137&ssl=1","contentUrl":"https:\/\/i0.wp.com\/afogadosfm.com.br\/afogadosfm\/wp-content\/uploads\/2020\/06\/cropped-banner-afogados-4.jpg?fit=369%2C137&ssl=1","width":369,"height":137,"caption":"Afogados FM"},"image":{"@id":"https:\/\/afogadosfm.com.br\/afogadosfm\/#\/schema\/logo\/image\/"}},{"@type":"Person","@id":"https:\/\/afogadosfm.com.br\/afogadosfm\/#\/schema\/person\/60e56f2cf5dc960fc093fe093d9e9057","name":"afogadosfm","image":{"@type":"ImageObject","inLanguage":"pt-BR","@id":"https:\/\/secure.gravatar.com\/avatar\/e0359add7ed5dc3560906d861b52c6a8cf5c1e199d3a7dd85070998f49bd4701?s=96&d=mm&r=g","url":"https:\/\/secure.gravatar.com\/avatar\/e0359add7ed5dc3560906d861b52c6a8cf5c1e199d3a7dd85070998f49bd4701?s=96&d=mm&r=g","contentUrl":"https:\/\/secure.gravatar.com\/avatar\/e0359add7ed5dc3560906d861b52c6a8cf5c1e199d3a7dd85070998f49bd4701?s=96&d=mm&r=g","caption":"afogadosfm"},"url":"https:\/\/afogadosfm.com.br\/afogadosfm\/author\/afogadosfm\/"}]}},"jetpack_publicize_connections":[],"jetpack_featured_media_url":"https:\/\/i0.wp.com\/afogadosfm.com.br\/afogadosfm\/wp-content\/uploads\/2026\/03\/Abrir-uma-Empresa-em-Sao-Jose-do-Egito-PE.jpg?fit=740%2C494&ssl=1","jetpack-related-posts":[],"jetpack_sharing_enabled":true,"jetpack_likes_enabled":true,"_links":{"self":[{"href":"https:\/\/afogadosfm.com.br\/afogadosfm\/wp-json\/wp\/v2\/posts\/73083","targetHints":{"allow":["GET"]}}],"collection":[{"href":"https:\/\/afogadosfm.com.br\/afogadosfm\/wp-json\/wp\/v2\/posts"}],"about":[{"href":"https:\/\/afogadosfm.com.br\/afogadosfm\/wp-json\/wp\/v2\/types\/post"}],"author":[{"embeddable":true,"href":"https:\/\/afogadosfm.com.br\/afogadosfm\/wp-json\/wp\/v2\/users\/2"}],"replies":[{"embeddable":true,"href":"https:\/\/afogadosfm.com.br\/afogadosfm\/wp-json\/wp\/v2\/comments?post=73083"}],"version-history":[{"count":1,"href":"https:\/\/afogadosfm.com.br\/afogadosfm\/wp-json\/wp\/v2\/posts\/73083\/revisions"}],"predecessor-version":[{"id":73085,"href":"https:\/\/afogadosfm.com.br\/afogadosfm\/wp-json\/wp\/v2\/posts\/73083\/revisions\/73085"}],"wp:featuredmedia":[{"embeddable":true,"href":"https:\/\/afogadosfm.com.br\/afogadosfm\/wp-json\/wp\/v2\/media\/73084"}],"wp:attachment":[{"href":"https:\/\/afogadosfm.com.br\/afogadosfm\/wp-json\/wp\/v2\/media?parent=73083"}],"wp:term":[{"taxonomy":"category","embeddable":true,"href":"https:\/\/afogadosfm.com.br\/afogadosfm\/wp-json\/wp\/v2\/categories?post=73083"},{"taxonomy":"post_tag","embeddable":true,"href":"https:\/\/afogadosfm.com.br\/afogadosfm\/wp-json\/wp\/v2\/tags?post=73083"}],"curies":[{"name":"wp","href":"https:\/\/api.w.org\/{rel}","templated":true}]}}