{"id":73089,"date":"2026-03-06T07:00:07","date_gmt":"2026-03-06T10:00:07","guid":{"rendered":"https:\/\/afogadosfm.com.br\/afogadosfm\/?p=73089"},"modified":"2026-03-06T07:00:07","modified_gmt":"2026-03-06T10:00:07","slug":"brasil-pede-para-oms-incluir-feminicidio-na-cid","status":"publish","type":"post","link":"https:\/\/afogadosfm.com.br\/afogadosfm\/2026\/03\/06\/brasil-pede-para-oms-incluir-feminicidio-na-cid\/","title":{"rendered":"Brasil pede para OMS incluir feminic\u00eddio na CID"},"content":{"rendered":"<p>A viol\u00eancia contra as mulheres j\u00e1 \u00e9 reconhecida pela OMS (Organiza\u00e7\u00e3o Mundial da Sa\u00fade) como um problema de sa\u00fade p\u00fablica. Agora, o Brasil pediu \u00e0 entidade a inclus\u00e3o da categoria feminic\u00eddio como causa da morte, na CID-11, Classifica\u00e7\u00e3o Internacional de Doen\u00e7as. \u00c9 o que anunciou nesta quinta-feira (5), o ministro da Sa\u00fade, Alexandre Padilha, ao anunciar uma s\u00e9rie de medidas no contexto do m\u00eas das mulheres.<\/p>\n<p>&#8220;Isso d\u00e1 um refor\u00e7o muito grande na capacidade da notifica\u00e7\u00e3o. Quando passa a compor um CID, os profissionais encaram isso com a responsabilidade maior e a capacidade de reunir os dados tamb\u00e9m fica muito mais \u00e1gil e melhor. Foi muito bem recebido. A gente j\u00e1 protocolou isso na Organiza\u00e7\u00e3o Mundial de Sa\u00fade, foi uma contribui\u00e7\u00e3o muito importante para gente melhorar, qualificar a notifica\u00e7\u00e3o dessa situa\u00e7\u00e3o, n\u00e3o s\u00f3 no Brasil, como no mundo como um todo.&#8221;<\/p>\n<p>O CID \u00e9 utilizado categorizar doen\u00e7as, les\u00f5es e causas de morte no mundo. Com a proposta, o Brasil quer \u201cdar maior visibilidade\u201d \u00e0 morte de mulheres motivadas por desigualdade de g\u00eanero, crime j\u00e1 tipificado como feminic\u00eddio. \u00c9 o que explica a secret\u00e1ria de aten\u00e7\u00e3o prim\u00e1ria \u00e0 sa\u00fade do minist\u00e9rio da Sa\u00fade, Ana Lu\u00edsa Caldas.<\/p>\n<p>&#8220;A gente solicita o reconhecimento da causa &#8216;feminic\u00eddio&#8217;, o \u00f3bito apenas por ser mulher. Para que a gente, de fato, tenha mais dados, que a gente consiga realmente fazer estudos compar\u00e1veis com recorte de ra\u00e7a-cor, de etnia, de territ\u00f3rio, para a potencializar as nossas a\u00e7\u00f5es, n\u00e3o somente no Brasil&#8221;.<\/p>\n<p>Outra medida anunciada nesta quinta \u00e9 o teleatendimento em sa\u00fade mental para mulheres expostas \u00e0 viol\u00eancia ou em vulnerabilidade psicossocial, pelo SUS. Agora em mar\u00e7o, essa medida vai come\u00e7ar em duas capitais: Rio de Janeiro e Recife.<\/p>\n<p>De acordo com a secret\u00e1ria de aten\u00e7\u00e3o prim\u00e1ria \u00e0 sa\u00fade, Ana Lu\u00edsa Caldas, a ideia \u00e9 ampliar o servi\u00e7o dos Centros de Aten\u00e7\u00e3o Psicossocial (CAPS) do pa\u00eds.<\/p>\n<p>&#8220;A gente sai de 9 milh\u00f5es de atendimentos e passa dos 16 milh\u00f5es de atendimentos no ano de 2024 no Centro de Aten\u00e7\u00e3o Psicossocial para as mulheres. Quando a gente est\u00e1 falando de mulheres no Centro de Aten\u00e7\u00e3o Psicossocial \u00e9 um acr\u00e9scimo muito grande, isso traz, obviamente, uma sobrecarga muito grande tamb\u00e9m nos Centros de Aten\u00e7\u00e3o Psicossocial. Por isso, h\u00e1 oferta de telesa\u00fade tamb\u00e9m para alcan\u00e7ar cada vez mais, com a capilaridade que essa demanda requer, nos nossos territ\u00f3rios&#8221;.<\/p>\n<p>A expectativa do minist\u00e9rio da sa\u00fade \u00e9 levar esse atendimento \u00e0 dist\u00e2ncia para 4,7 milh\u00f5es mulheres, este ano. Durante os an\u00fancios, o Ministro Alexandre Padilha assinou a portaria para dar in\u00edcio \u00e0 reconstru\u00e7\u00e3o dent\u00e1ria no SUS para mulheres v\u00edtimas de viol\u00eancia, por meio do programa Brasil Sorridente. O programa vai fornecer pr\u00f3teses, implantes, restaura\u00e7\u00f5es e outros procedimentos.<\/p>\n<p>Nos dias 20 e 21 de mar\u00e7o, um mutir\u00e3o de Sa\u00fade da Mulher, pelo SUS: A a\u00e7\u00e3o faz parte do programa Agora Tem Especialistas e vai chamar as mulheres pacientes do SUS que esperam atendimento especializado para procedimentos ginecol\u00f3gicos, cirurgias oftalmol\u00f3gicas, card\u00edacas, gerais e oncol\u00f3gicas.<\/p>\n","protected":false},"excerpt":{"rendered":"<p>A viol\u00eancia contra as mulheres j\u00e1 \u00e9 reconhecida pela OMS (Organiza\u00e7\u00e3o Mundial da Sa\u00fade) como um problema de sa\u00fade p\u00fablica.<\/p>\n","protected":false},"author":2,"featured_media":73090,"comment_status":"open","ping_status":"open","sticky":false,"template":"","format":"standard","meta":{"jetpack_post_was_ever_published":false,"_jetpack_newsletter_access":"","_jetpack_dont_email_post_to_subs":false,"_jetpack_newsletter_tier_id":0,"_jetpack_memberships_contains_paywalled_content":false,"_jetpack_memberships_contains_paid_content":false,"footnotes":"","jetpack_publicize_message":"","jetpack_publicize_feature_enabled":true,"jetpack_social_post_already_shared":true,"jetpack_social_options":{"image_generator_settings":{"template":"highway","default_image_id":0,"font":"","enabled":false},"version":2}},"categories":[12],"tags":[],"class_list":["post-73089","post","type-post","status-publish","format-standard","has-post-thumbnail","hentry","category-brasil"],"yoast_head":"<!-- This site is optimized with the Yoast SEO plugin v27.4 - https:\/\/yoast.com\/product\/yoast-seo-wordpress\/ -->\n<title>Brasil pede para OMS incluir feminic\u00eddio na CID - Afogados FM<\/title>\n<meta name=\"robots\" content=\"index, follow, max-snippet:-1, max-image-preview:large, max-video-preview:-1\" \/>\n<link rel=\"canonical\" href=\"https:\/\/afogadosfm.com.br\/afogadosfm\/2026\/03\/06\/brasil-pede-para-oms-incluir-feminicidio-na-cid\/\" \/>\n<meta property=\"og:locale\" content=\"pt_BR\" \/>\n<meta property=\"og:type\" content=\"article\" \/>\n<meta property=\"og:title\" content=\"Brasil pede para OMS incluir feminic\u00eddio na CID - Afogados FM\" \/>\n<meta property=\"og:description\" content=\"A viol\u00eancia contra as mulheres j\u00e1 \u00e9 reconhecida pela OMS (Organiza\u00e7\u00e3o Mundial da Sa\u00fade) como um problema de sa\u00fade p\u00fablica.\" \/>\n<meta property=\"og:url\" content=\"https:\/\/afogadosfm.com.br\/afogadosfm\/2026\/03\/06\/brasil-pede-para-oms-incluir-feminicidio-na-cid\/\" \/>\n<meta property=\"og:site_name\" content=\"Afogados FM\" \/>\n<meta property=\"article:published_time\" content=\"2026-03-06T10:00:07+00:00\" \/>\n<meta property=\"og:image\" content=\"https:\/\/afogadosfm.com.br\/afogadosfm\/wp-content\/uploads\/2026\/03\/MULHER.webp\" \/>\n\t<meta property=\"og:image:width\" content=\"1170\" \/>\n\t<meta property=\"og:image:height\" content=\"700\" \/>\n\t<meta property=\"og:image:type\" content=\"image\/webp\" \/>\n<meta name=\"author\" content=\"afogadosfm\" \/>\n<meta name=\"twitter:card\" content=\"summary_large_image\" \/>\n<meta name=\"twitter:label1\" content=\"Escrito por\" \/>\n\t<meta name=\"twitter:data1\" content=\"afogadosfm\" \/>\n\t<meta name=\"twitter:label2\" content=\"Est. tempo de leitura\" \/>\n\t<meta name=\"twitter:data2\" content=\"3 minutos\" \/>\n<script type=\"application\/ld+json\" class=\"yoast-schema-graph\">{\"@context\":\"https:\\\/\\\/schema.org\",\"@graph\":[{\"@type\":\"Article\",\"@id\":\"https:\\\/\\\/afogadosfm.com.br\\\/afogadosfm\\\/2026\\\/03\\\/06\\\/brasil-pede-para-oms-incluir-feminicidio-na-cid\\\/#article\",\"isPartOf\":{\"@id\":\"https:\\\/\\\/afogadosfm.com.br\\\/afogadosfm\\\/2026\\\/03\\\/06\\\/brasil-pede-para-oms-incluir-feminicidio-na-cid\\\/\"},\"author\":{\"name\":\"afogadosfm\",\"@id\":\"https:\\\/\\\/afogadosfm.com.br\\\/afogadosfm\\\/#\\\/schema\\\/person\\\/60e56f2cf5dc960fc093fe093d9e9057\"},\"headline\":\"Brasil pede para OMS incluir feminic\u00eddio na CID\",\"datePublished\":\"2026-03-06T10:00:07+00:00\",\"mainEntityOfPage\":{\"@id\":\"https:\\\/\\\/afogadosfm.com.br\\\/afogadosfm\\\/2026\\\/03\\\/06\\\/brasil-pede-para-oms-incluir-feminicidio-na-cid\\\/\"},\"wordCount\":557,\"commentCount\":0,\"publisher\":{\"@id\":\"https:\\\/\\\/afogadosfm.com.br\\\/afogadosfm\\\/#organization\"},\"image\":{\"@id\":\"https:\\\/\\\/afogadosfm.com.br\\\/afogadosfm\\\/2026\\\/03\\\/06\\\/brasil-pede-para-oms-incluir-feminicidio-na-cid\\\/#primaryimage\"},\"thumbnailUrl\":\"https:\\\/\\\/i0.wp.com\\\/afogadosfm.com.br\\\/afogadosfm\\\/wp-content\\\/uploads\\\/2026\\\/03\\\/MULHER.webp?fit=1170%2C700&ssl=1\",\"articleSection\":[\"Brasil\"],\"inLanguage\":\"pt-BR\",\"potentialAction\":[{\"@type\":\"CommentAction\",\"name\":\"Comment\",\"target\":[\"https:\\\/\\\/afogadosfm.com.br\\\/afogadosfm\\\/2026\\\/03\\\/06\\\/brasil-pede-para-oms-incluir-feminicidio-na-cid\\\/#respond\"]}]},{\"@type\":\"WebPage\",\"@id\":\"https:\\\/\\\/afogadosfm.com.br\\\/afogadosfm\\\/2026\\\/03\\\/06\\\/brasil-pede-para-oms-incluir-feminicidio-na-cid\\\/\",\"url\":\"https:\\\/\\\/afogadosfm.com.br\\\/afogadosfm\\\/2026\\\/03\\\/06\\\/brasil-pede-para-oms-incluir-feminicidio-na-cid\\\/\",\"name\":\"Brasil pede para OMS incluir feminic\u00eddio na CID - Afogados FM\",\"isPartOf\":{\"@id\":\"https:\\\/\\\/afogadosfm.com.br\\\/afogadosfm\\\/#website\"},\"primaryImageOfPage\":{\"@id\":\"https:\\\/\\\/afogadosfm.com.br\\\/afogadosfm\\\/2026\\\/03\\\/06\\\/brasil-pede-para-oms-incluir-feminicidio-na-cid\\\/#primaryimage\"},\"image\":{\"@id\":\"https:\\\/\\\/afogadosfm.com.br\\\/afogadosfm\\\/2026\\\/03\\\/06\\\/brasil-pede-para-oms-incluir-feminicidio-na-cid\\\/#primaryimage\"},\"thumbnailUrl\":\"https:\\\/\\\/i0.wp.com\\\/afogadosfm.com.br\\\/afogadosfm\\\/wp-content\\\/uploads\\\/2026\\\/03\\\/MULHER.webp?fit=1170%2C700&ssl=1\",\"datePublished\":\"2026-03-06T10:00:07+00:00\",\"breadcrumb\":{\"@id\":\"https:\\\/\\\/afogadosfm.com.br\\\/afogadosfm\\\/2026\\\/03\\\/06\\\/brasil-pede-para-oms-incluir-feminicidio-na-cid\\\/#breadcrumb\"},\"inLanguage\":\"pt-BR\",\"potentialAction\":[{\"@type\":\"ReadAction\",\"target\":[\"https:\\\/\\\/afogadosfm.com.br\\\/afogadosfm\\\/2026\\\/03\\\/06\\\/brasil-pede-para-oms-incluir-feminicidio-na-cid\\\/\"]}]},{\"@type\":\"ImageObject\",\"inLanguage\":\"pt-BR\",\"@id\":\"https:\\\/\\\/afogadosfm.com.br\\\/afogadosfm\\\/2026\\\/03\\\/06\\\/brasil-pede-para-oms-incluir-feminicidio-na-cid\\\/#primaryimage\",\"url\":\"https:\\\/\\\/i0.wp.com\\\/afogadosfm.com.br\\\/afogadosfm\\\/wp-content\\\/uploads\\\/2026\\\/03\\\/MULHER.webp?fit=1170%2C700&ssl=1\",\"contentUrl\":\"https:\\\/\\\/i0.wp.com\\\/afogadosfm.com.br\\\/afogadosfm\\\/wp-content\\\/uploads\\\/2026\\\/03\\\/MULHER.webp?fit=1170%2C700&ssl=1\",\"width\":1170,\"height\":700},{\"@type\":\"BreadcrumbList\",\"@id\":\"https:\\\/\\\/afogadosfm.com.br\\\/afogadosfm\\\/2026\\\/03\\\/06\\\/brasil-pede-para-oms-incluir-feminicidio-na-cid\\\/#breadcrumb\",\"itemListElement\":[{\"@type\":\"ListItem\",\"position\":1,\"name\":\"In\u00edcio\",\"item\":\"https:\\\/\\\/afogadosfm.com.br\\\/afogadosfm\\\/\"},{\"@type\":\"ListItem\",\"position\":2,\"name\":\"Brasil pede para OMS incluir feminic\u00eddio na CID\"}]},{\"@type\":\"WebSite\",\"@id\":\"https:\\\/\\\/afogadosfm.com.br\\\/afogadosfm\\\/#website\",\"url\":\"https:\\\/\\\/afogadosfm.com.br\\\/afogadosfm\\\/\",\"name\":\"Afogados FM\",\"description\":\"Um site completo!\",\"publisher\":{\"@id\":\"https:\\\/\\\/afogadosfm.com.br\\\/afogadosfm\\\/#organization\"},\"potentialAction\":[{\"@type\":\"SearchAction\",\"target\":{\"@type\":\"EntryPoint\",\"urlTemplate\":\"https:\\\/\\\/afogadosfm.com.br\\\/afogadosfm\\\/?s={search_term_string}\"},\"query-input\":{\"@type\":\"PropertyValueSpecification\",\"valueRequired\":true,\"valueName\":\"search_term_string\"}}],\"inLanguage\":\"pt-BR\"},{\"@type\":\"Organization\",\"@id\":\"https:\\\/\\\/afogadosfm.com.br\\\/afogadosfm\\\/#organization\",\"name\":\"Afogados FM\",\"url\":\"https:\\\/\\\/afogadosfm.com.br\\\/afogadosfm\\\/\",\"logo\":{\"@type\":\"ImageObject\",\"inLanguage\":\"pt-BR\",\"@id\":\"https:\\\/\\\/afogadosfm.com.br\\\/afogadosfm\\\/#\\\/schema\\\/logo\\\/image\\\/\",\"url\":\"https:\\\/\\\/i0.wp.com\\\/afogadosfm.com.br\\\/afogadosfm\\\/wp-content\\\/uploads\\\/2020\\\/06\\\/cropped-banner-afogados-4.jpg?fit=369%2C137&ssl=1\",\"contentUrl\":\"https:\\\/\\\/i0.wp.com\\\/afogadosfm.com.br\\\/afogadosfm\\\/wp-content\\\/uploads\\\/2020\\\/06\\\/cropped-banner-afogados-4.jpg?fit=369%2C137&ssl=1\",\"width\":369,\"height\":137,\"caption\":\"Afogados FM\"},\"image\":{\"@id\":\"https:\\\/\\\/afogadosfm.com.br\\\/afogadosfm\\\/#\\\/schema\\\/logo\\\/image\\\/\"}},{\"@type\":\"Person\",\"@id\":\"https:\\\/\\\/afogadosfm.com.br\\\/afogadosfm\\\/#\\\/schema\\\/person\\\/60e56f2cf5dc960fc093fe093d9e9057\",\"name\":\"afogadosfm\",\"image\":{\"@type\":\"ImageObject\",\"inLanguage\":\"pt-BR\",\"@id\":\"https:\\\/\\\/secure.gravatar.com\\\/avatar\\\/e0359add7ed5dc3560906d861b52c6a8cf5c1e199d3a7dd85070998f49bd4701?s=96&d=mm&r=g\",\"url\":\"https:\\\/\\\/secure.gravatar.com\\\/avatar\\\/e0359add7ed5dc3560906d861b52c6a8cf5c1e199d3a7dd85070998f49bd4701?s=96&d=mm&r=g\",\"contentUrl\":\"https:\\\/\\\/secure.gravatar.com\\\/avatar\\\/e0359add7ed5dc3560906d861b52c6a8cf5c1e199d3a7dd85070998f49bd4701?s=96&d=mm&r=g\",\"caption\":\"afogadosfm\"},\"url\":\"https:\\\/\\\/afogadosfm.com.br\\\/afogadosfm\\\/author\\\/afogadosfm\\\/\"}]}<\/script>\n<!-- \/ Yoast SEO plugin. -->","yoast_head_json":{"title":"Brasil pede para OMS incluir feminic\u00eddio na CID - Afogados FM","robots":{"index":"index","follow":"follow","max-snippet":"max-snippet:-1","max-image-preview":"max-image-preview:large","max-video-preview":"max-video-preview:-1"},"canonical":"https:\/\/afogadosfm.com.br\/afogadosfm\/2026\/03\/06\/brasil-pede-para-oms-incluir-feminicidio-na-cid\/","og_locale":"pt_BR","og_type":"article","og_title":"Brasil pede para OMS incluir feminic\u00eddio na CID - Afogados FM","og_description":"A viol\u00eancia contra as mulheres j\u00e1 \u00e9 reconhecida pela OMS (Organiza\u00e7\u00e3o Mundial da Sa\u00fade) como um problema de sa\u00fade p\u00fablica.","og_url":"https:\/\/afogadosfm.com.br\/afogadosfm\/2026\/03\/06\/brasil-pede-para-oms-incluir-feminicidio-na-cid\/","og_site_name":"Afogados FM","article_published_time":"2026-03-06T10:00:07+00:00","og_image":[{"width":1170,"height":700,"url":"https:\/\/afogadosfm.com.br\/afogadosfm\/wp-content\/uploads\/2026\/03\/MULHER.webp","type":"image\/webp"}],"author":"afogadosfm","twitter_card":"summary_large_image","twitter_misc":{"Escrito por":"afogadosfm","Est. tempo de leitura":"3 minutos"},"schema":{"@context":"https:\/\/schema.org","@graph":[{"@type":"Article","@id":"https:\/\/afogadosfm.com.br\/afogadosfm\/2026\/03\/06\/brasil-pede-para-oms-incluir-feminicidio-na-cid\/#article","isPartOf":{"@id":"https:\/\/afogadosfm.com.br\/afogadosfm\/2026\/03\/06\/brasil-pede-para-oms-incluir-feminicidio-na-cid\/"},"author":{"name":"afogadosfm","@id":"https:\/\/afogadosfm.com.br\/afogadosfm\/#\/schema\/person\/60e56f2cf5dc960fc093fe093d9e9057"},"headline":"Brasil pede para OMS incluir feminic\u00eddio na CID","datePublished":"2026-03-06T10:00:07+00:00","mainEntityOfPage":{"@id":"https:\/\/afogadosfm.com.br\/afogadosfm\/2026\/03\/06\/brasil-pede-para-oms-incluir-feminicidio-na-cid\/"},"wordCount":557,"commentCount":0,"publisher":{"@id":"https:\/\/afogadosfm.com.br\/afogadosfm\/#organization"},"image":{"@id":"https:\/\/afogadosfm.com.br\/afogadosfm\/2026\/03\/06\/brasil-pede-para-oms-incluir-feminicidio-na-cid\/#primaryimage"},"thumbnailUrl":"https:\/\/i0.wp.com\/afogadosfm.com.br\/afogadosfm\/wp-content\/uploads\/2026\/03\/MULHER.webp?fit=1170%2C700&ssl=1","articleSection":["Brasil"],"inLanguage":"pt-BR","potentialAction":[{"@type":"CommentAction","name":"Comment","target":["https:\/\/afogadosfm.com.br\/afogadosfm\/2026\/03\/06\/brasil-pede-para-oms-incluir-feminicidio-na-cid\/#respond"]}]},{"@type":"WebPage","@id":"https:\/\/afogadosfm.com.br\/afogadosfm\/2026\/03\/06\/brasil-pede-para-oms-incluir-feminicidio-na-cid\/","url":"https:\/\/afogadosfm.com.br\/afogadosfm\/2026\/03\/06\/brasil-pede-para-oms-incluir-feminicidio-na-cid\/","name":"Brasil pede para OMS incluir feminic\u00eddio na CID - Afogados FM","isPartOf":{"@id":"https:\/\/afogadosfm.com.br\/afogadosfm\/#website"},"primaryImageOfPage":{"@id":"https:\/\/afogadosfm.com.br\/afogadosfm\/2026\/03\/06\/brasil-pede-para-oms-incluir-feminicidio-na-cid\/#primaryimage"},"image":{"@id":"https:\/\/afogadosfm.com.br\/afogadosfm\/2026\/03\/06\/brasil-pede-para-oms-incluir-feminicidio-na-cid\/#primaryimage"},"thumbnailUrl":"https:\/\/i0.wp.com\/afogadosfm.com.br\/afogadosfm\/wp-content\/uploads\/2026\/03\/MULHER.webp?fit=1170%2C700&ssl=1","datePublished":"2026-03-06T10:00:07+00:00","breadcrumb":{"@id":"https:\/\/afogadosfm.com.br\/afogadosfm\/2026\/03\/06\/brasil-pede-para-oms-incluir-feminicidio-na-cid\/#breadcrumb"},"inLanguage":"pt-BR","potentialAction":[{"@type":"ReadAction","target":["https:\/\/afogadosfm.com.br\/afogadosfm\/2026\/03\/06\/brasil-pede-para-oms-incluir-feminicidio-na-cid\/"]}]},{"@type":"ImageObject","inLanguage":"pt-BR","@id":"https:\/\/afogadosfm.com.br\/afogadosfm\/2026\/03\/06\/brasil-pede-para-oms-incluir-feminicidio-na-cid\/#primaryimage","url":"https:\/\/i0.wp.com\/afogadosfm.com.br\/afogadosfm\/wp-content\/uploads\/2026\/03\/MULHER.webp?fit=1170%2C700&ssl=1","contentUrl":"https:\/\/i0.wp.com\/afogadosfm.com.br\/afogadosfm\/wp-content\/uploads\/2026\/03\/MULHER.webp?fit=1170%2C700&ssl=1","width":1170,"height":700},{"@type":"BreadcrumbList","@id":"https:\/\/afogadosfm.com.br\/afogadosfm\/2026\/03\/06\/brasil-pede-para-oms-incluir-feminicidio-na-cid\/#breadcrumb","itemListElement":[{"@type":"ListItem","position":1,"name":"In\u00edcio","item":"https:\/\/afogadosfm.com.br\/afogadosfm\/"},{"@type":"ListItem","position":2,"name":"Brasil pede para OMS incluir feminic\u00eddio na CID"}]},{"@type":"WebSite","@id":"https:\/\/afogadosfm.com.br\/afogadosfm\/#website","url":"https:\/\/afogadosfm.com.br\/afogadosfm\/","name":"Afogados FM","description":"Um site completo!","publisher":{"@id":"https:\/\/afogadosfm.com.br\/afogadosfm\/#organization"},"potentialAction":[{"@type":"SearchAction","target":{"@type":"EntryPoint","urlTemplate":"https:\/\/afogadosfm.com.br\/afogadosfm\/?s={search_term_string}"},"query-input":{"@type":"PropertyValueSpecification","valueRequired":true,"valueName":"search_term_string"}}],"inLanguage":"pt-BR"},{"@type":"Organization","@id":"https:\/\/afogadosfm.com.br\/afogadosfm\/#organization","name":"Afogados FM","url":"https:\/\/afogadosfm.com.br\/afogadosfm\/","logo":{"@type":"ImageObject","inLanguage":"pt-BR","@id":"https:\/\/afogadosfm.com.br\/afogadosfm\/#\/schema\/logo\/image\/","url":"https:\/\/i0.wp.com\/afogadosfm.com.br\/afogadosfm\/wp-content\/uploads\/2020\/06\/cropped-banner-afogados-4.jpg?fit=369%2C137&ssl=1","contentUrl":"https:\/\/i0.wp.com\/afogadosfm.com.br\/afogadosfm\/wp-content\/uploads\/2020\/06\/cropped-banner-afogados-4.jpg?fit=369%2C137&ssl=1","width":369,"height":137,"caption":"Afogados FM"},"image":{"@id":"https:\/\/afogadosfm.com.br\/afogadosfm\/#\/schema\/logo\/image\/"}},{"@type":"Person","@id":"https:\/\/afogadosfm.com.br\/afogadosfm\/#\/schema\/person\/60e56f2cf5dc960fc093fe093d9e9057","name":"afogadosfm","image":{"@type":"ImageObject","inLanguage":"pt-BR","@id":"https:\/\/secure.gravatar.com\/avatar\/e0359add7ed5dc3560906d861b52c6a8cf5c1e199d3a7dd85070998f49bd4701?s=96&d=mm&r=g","url":"https:\/\/secure.gravatar.com\/avatar\/e0359add7ed5dc3560906d861b52c6a8cf5c1e199d3a7dd85070998f49bd4701?s=96&d=mm&r=g","contentUrl":"https:\/\/secure.gravatar.com\/avatar\/e0359add7ed5dc3560906d861b52c6a8cf5c1e199d3a7dd85070998f49bd4701?s=96&d=mm&r=g","caption":"afogadosfm"},"url":"https:\/\/afogadosfm.com.br\/afogadosfm\/author\/afogadosfm\/"}]}},"jetpack_publicize_connections":[],"jetpack_featured_media_url":"https:\/\/i0.wp.com\/afogadosfm.com.br\/afogadosfm\/wp-content\/uploads\/2026\/03\/MULHER.webp?fit=1170%2C700&ssl=1","jetpack-related-posts":[],"jetpack_sharing_enabled":true,"jetpack_likes_enabled":true,"_links":{"self":[{"href":"https:\/\/afogadosfm.com.br\/afogadosfm\/wp-json\/wp\/v2\/posts\/73089","targetHints":{"allow":["GET"]}}],"collection":[{"href":"https:\/\/afogadosfm.com.br\/afogadosfm\/wp-json\/wp\/v2\/posts"}],"about":[{"href":"https:\/\/afogadosfm.com.br\/afogadosfm\/wp-json\/wp\/v2\/types\/post"}],"author":[{"embeddable":true,"href":"https:\/\/afogadosfm.com.br\/afogadosfm\/wp-json\/wp\/v2\/users\/2"}],"replies":[{"embeddable":true,"href":"https:\/\/afogadosfm.com.br\/afogadosfm\/wp-json\/wp\/v2\/comments?post=73089"}],"version-history":[{"count":1,"href":"https:\/\/afogadosfm.com.br\/afogadosfm\/wp-json\/wp\/v2\/posts\/73089\/revisions"}],"predecessor-version":[{"id":73091,"href":"https:\/\/afogadosfm.com.br\/afogadosfm\/wp-json\/wp\/v2\/posts\/73089\/revisions\/73091"}],"wp:featuredmedia":[{"embeddable":true,"href":"https:\/\/afogadosfm.com.br\/afogadosfm\/wp-json\/wp\/v2\/media\/73090"}],"wp:attachment":[{"href":"https:\/\/afogadosfm.com.br\/afogadosfm\/wp-json\/wp\/v2\/media?parent=73089"}],"wp:term":[{"taxonomy":"category","embeddable":true,"href":"https:\/\/afogadosfm.com.br\/afogadosfm\/wp-json\/wp\/v2\/categories?post=73089"},{"taxonomy":"post_tag","embeddable":true,"href":"https:\/\/afogadosfm.com.br\/afogadosfm\/wp-json\/wp\/v2\/tags?post=73089"}],"curies":[{"name":"wp","href":"https:\/\/api.w.org\/{rel}","templated":true}]}}