{"id":73095,"date":"2026-03-06T07:03:11","date_gmt":"2026-03-06T10:03:11","guid":{"rendered":"https:\/\/afogadosfm.com.br\/afogadosfm\/?p=73095"},"modified":"2026-03-06T07:03:11","modified_gmt":"2026-03-06T10:03:11","slug":"roberto-carlos-confirmado-no-sao-joao-de-caruaru","status":"publish","type":"post","link":"https:\/\/afogadosfm.com.br\/afogadosfm\/2026\/03\/06\/roberto-carlos-confirmado-no-sao-joao-de-caruaru\/","title":{"rendered":"Roberto Carlos confirmado no S\u00e3o Jo\u00e3o de Caruaru"},"content":{"rendered":"<p>O prefeito de Caruaru, Rodrigo Pinheiro, anunciou na quinta-feira (5) que o cantor Roberto Carlos ser\u00e1 uma das atra\u00e7\u00f5es do S\u00e3o Jo\u00e3o de Caruaru 2026. A apresenta\u00e7\u00e3o est\u00e1 marcada para o dia 12 de junho, Dia dos Namorados, no P\u00e1tio de Eventos Luiz Gonzaga, principal palco da festa. Esta ser\u00e1 a primeira vez que o cantor participar\u00e1 da programa\u00e7\u00e3o do S\u00e3o Jo\u00e3o.<\/p>\n<p>Em v\u00eddeo publicado nas redes, Rodrigo Pinheiro afirmou que a apresenta\u00e7\u00e3o ser\u00e1 realizada na \u201cnoite mais rom\u00e2ntica do Brasil\u201d. Segundo ele, o p\u00fablico ter\u00e1 a oportunidade de assistir ao show do artista ao vivo durante as festividades juninas da cidade.<\/p>\n<p>\u201cEsse ano teremos, no dia 12 de junho, Dia dos Namorados, a noite mais rom\u00e2ntica do Brasil. O maior artista do Brasil se apresentando no P\u00e1tio de Eventos aqui em Caruaru, no nosso S\u00e3o Jo\u00e3o: Roberto Carlos\u201d, disse o prefeito.<br \/>\nA Prefeitura de Caruaru informou que a programa\u00e7\u00e3o completa do S\u00e3o Jo\u00e3o 2026 ser\u00e1 divulgada no dia 19 de mar\u00e7o. O evento \u00e9 considerado um dos maiores festejos juninos do pa\u00eds e re\u00fane artistas de diversos g\u00eaneros musicais.<\/p>\n<p>De acordo com a gest\u00e3o municipal, a edi\u00e7\u00e3o deste ano contar\u00e1 com 27 polos de anima\u00e7\u00e3o distribu\u00eddos entre a zona urbana e a zona rural da cidade. A abertura da programa\u00e7\u00e3o ser\u00e1 realizada com o projeto S\u00e3o Jo\u00e3o na Ro\u00e7a, que leva atra\u00e7\u00f5es culturais \u00e0s comunidades rurais antes do in\u00edcio das apresenta\u00e7\u00f5es no per\u00edmetro urbano.<\/p>\n<p>Do G1<\/p>\n","protected":false},"excerpt":{"rendered":"<p>O prefeito de Caruaru, Rodrigo Pinheiro, anunciou na quinta-feira (5) que o cantor Roberto Carlos ser\u00e1 uma das atra\u00e7\u00f5es do<\/p>\n","protected":false},"author":2,"featured_media":61908,"comment_status":"open","ping_status":"open","sticky":false,"template":"","format":"standard","meta":{"jetpack_post_was_ever_published":false,"_jetpack_newsletter_access":"","_jetpack_dont_email_post_to_subs":false,"_jetpack_newsletter_tier_id":0,"_jetpack_memberships_contains_paywalled_content":false,"_jetpack_memberships_contains_paid_content":false,"footnotes":"","jetpack_publicize_message":"","jetpack_publicize_feature_enabled":true,"jetpack_social_post_already_shared":true,"jetpack_social_options":{"image_generator_settings":{"template":"highway","default_image_id":0,"font":"","enabled":false},"version":2}},"categories":[13],"tags":[],"class_list":["post-73095","post","type-post","status-publish","format-standard","has-post-thumbnail","hentry","category-pernambuco"],"yoast_head":"<!-- This site is optimized with the Yoast SEO plugin v27.4 - https:\/\/yoast.com\/product\/yoast-seo-wordpress\/ -->\n<title>Roberto Carlos confirmado no S\u00e3o Jo\u00e3o de Caruaru - Afogados FM<\/title>\n<meta name=\"robots\" content=\"index, follow, max-snippet:-1, max-image-preview:large, max-video-preview:-1\" \/>\n<link rel=\"canonical\" href=\"https:\/\/afogadosfm.com.br\/afogadosfm\/2026\/03\/06\/roberto-carlos-confirmado-no-sao-joao-de-caruaru\/\" \/>\n<meta property=\"og:locale\" content=\"pt_BR\" \/>\n<meta property=\"og:type\" content=\"article\" \/>\n<meta property=\"og:title\" content=\"Roberto Carlos confirmado no S\u00e3o Jo\u00e3o de Caruaru - Afogados FM\" \/>\n<meta property=\"og:description\" content=\"O prefeito de Caruaru, Rodrigo Pinheiro, anunciou na quinta-feira (5) que o cantor Roberto Carlos ser\u00e1 uma das atra\u00e7\u00f5es do\" \/>\n<meta property=\"og:url\" content=\"https:\/\/afogadosfm.com.br\/afogadosfm\/2026\/03\/06\/roberto-carlos-confirmado-no-sao-joao-de-caruaru\/\" \/>\n<meta property=\"og:site_name\" content=\"Afogados FM\" \/>\n<meta property=\"article:published_time\" content=\"2026-03-06T10:03:11+00:00\" \/>\n<meta name=\"author\" content=\"afogadosfm\" \/>\n<meta name=\"twitter:card\" content=\"summary_large_image\" \/>\n<meta name=\"twitter:label1\" content=\"Escrito por\" \/>\n\t<meta name=\"twitter:data1\" content=\"afogadosfm\" \/>\n\t<meta name=\"twitter:label2\" content=\"Est. tempo de leitura\" \/>\n\t<meta name=\"twitter:data2\" content=\"2 minutos\" \/>\n<script type=\"application\/ld+json\" class=\"yoast-schema-graph\">{\"@context\":\"https:\\\/\\\/schema.org\",\"@graph\":[{\"@type\":\"Article\",\"@id\":\"https:\\\/\\\/afogadosfm.com.br\\\/afogadosfm\\\/2026\\\/03\\\/06\\\/roberto-carlos-confirmado-no-sao-joao-de-caruaru\\\/#article\",\"isPartOf\":{\"@id\":\"https:\\\/\\\/afogadosfm.com.br\\\/afogadosfm\\\/2026\\\/03\\\/06\\\/roberto-carlos-confirmado-no-sao-joao-de-caruaru\\\/\"},\"author\":{\"name\":\"afogadosfm\",\"@id\":\"https:\\\/\\\/afogadosfm.com.br\\\/afogadosfm\\\/#\\\/schema\\\/person\\\/60e56f2cf5dc960fc093fe093d9e9057\"},\"headline\":\"Roberto Carlos confirmado no S\u00e3o Jo\u00e3o de Caruaru\",\"datePublished\":\"2026-03-06T10:03:11+00:00\",\"mainEntityOfPage\":{\"@id\":\"https:\\\/\\\/afogadosfm.com.br\\\/afogadosfm\\\/2026\\\/03\\\/06\\\/roberto-carlos-confirmado-no-sao-joao-de-caruaru\\\/\"},\"wordCount\":274,\"commentCount\":0,\"publisher\":{\"@id\":\"https:\\\/\\\/afogadosfm.com.br\\\/afogadosfm\\\/#organization\"},\"image\":{\"@id\":\"https:\\\/\\\/afogadosfm.com.br\\\/afogadosfm\\\/2026\\\/03\\\/06\\\/roberto-carlos-confirmado-no-sao-joao-de-caruaru\\\/#primaryimage\"},\"thumbnailUrl\":\"https:\\\/\\\/afogadosfm.com.br\\\/afogadosfm\\\/wp-content\\\/uploads\\\/2024\\\/12\\\/robertocarlos.avif\",\"articleSection\":[\"Pernambuco\"],\"inLanguage\":\"pt-BR\",\"potentialAction\":[{\"@type\":\"CommentAction\",\"name\":\"Comment\",\"target\":[\"https:\\\/\\\/afogadosfm.com.br\\\/afogadosfm\\\/2026\\\/03\\\/06\\\/roberto-carlos-confirmado-no-sao-joao-de-caruaru\\\/#respond\"]}]},{\"@type\":\"WebPage\",\"@id\":\"https:\\\/\\\/afogadosfm.com.br\\\/afogadosfm\\\/2026\\\/03\\\/06\\\/roberto-carlos-confirmado-no-sao-joao-de-caruaru\\\/\",\"url\":\"https:\\\/\\\/afogadosfm.com.br\\\/afogadosfm\\\/2026\\\/03\\\/06\\\/roberto-carlos-confirmado-no-sao-joao-de-caruaru\\\/\",\"name\":\"Roberto Carlos confirmado no S\u00e3o Jo\u00e3o de Caruaru - Afogados FM\",\"isPartOf\":{\"@id\":\"https:\\\/\\\/afogadosfm.com.br\\\/afogadosfm\\\/#website\"},\"primaryImageOfPage\":{\"@id\":\"https:\\\/\\\/afogadosfm.com.br\\\/afogadosfm\\\/2026\\\/03\\\/06\\\/roberto-carlos-confirmado-no-sao-joao-de-caruaru\\\/#primaryimage\"},\"image\":{\"@id\":\"https:\\\/\\\/afogadosfm.com.br\\\/afogadosfm\\\/2026\\\/03\\\/06\\\/roberto-carlos-confirmado-no-sao-joao-de-caruaru\\\/#primaryimage\"},\"thumbnailUrl\":\"https:\\\/\\\/afogadosfm.com.br\\\/afogadosfm\\\/wp-content\\\/uploads\\\/2024\\\/12\\\/robertocarlos.avif\",\"datePublished\":\"2026-03-06T10:03:11+00:00\",\"breadcrumb\":{\"@id\":\"https:\\\/\\\/afogadosfm.com.br\\\/afogadosfm\\\/2026\\\/03\\\/06\\\/roberto-carlos-confirmado-no-sao-joao-de-caruaru\\\/#breadcrumb\"},\"inLanguage\":\"pt-BR\",\"potentialAction\":[{\"@type\":\"ReadAction\",\"target\":[\"https:\\\/\\\/afogadosfm.com.br\\\/afogadosfm\\\/2026\\\/03\\\/06\\\/roberto-carlos-confirmado-no-sao-joao-de-caruaru\\\/\"]}]},{\"@type\":\"ImageObject\",\"inLanguage\":\"pt-BR\",\"@id\":\"https:\\\/\\\/afogadosfm.com.br\\\/afogadosfm\\\/2026\\\/03\\\/06\\\/roberto-carlos-confirmado-no-sao-joao-de-caruaru\\\/#primaryimage\",\"url\":\"https:\\\/\\\/afogadosfm.com.br\\\/afogadosfm\\\/wp-content\\\/uploads\\\/2024\\\/12\\\/robertocarlos.avif\",\"contentUrl\":\"https:\\\/\\\/afogadosfm.com.br\\\/afogadosfm\\\/wp-content\\\/uploads\\\/2024\\\/12\\\/robertocarlos.avif\",\"width\":347,\"height\":195},{\"@type\":\"BreadcrumbList\",\"@id\":\"https:\\\/\\\/afogadosfm.com.br\\\/afogadosfm\\\/2026\\\/03\\\/06\\\/roberto-carlos-confirmado-no-sao-joao-de-caruaru\\\/#breadcrumb\",\"itemListElement\":[{\"@type\":\"ListItem\",\"position\":1,\"name\":\"In\u00edcio\",\"item\":\"https:\\\/\\\/afogadosfm.com.br\\\/afogadosfm\\\/\"},{\"@type\":\"ListItem\",\"position\":2,\"name\":\"Roberto Carlos confirmado no S\u00e3o Jo\u00e3o de Caruaru\"}]},{\"@type\":\"WebSite\",\"@id\":\"https:\\\/\\\/afogadosfm.com.br\\\/afogadosfm\\\/#website\",\"url\":\"https:\\\/\\\/afogadosfm.com.br\\\/afogadosfm\\\/\",\"name\":\"Afogados FM\",\"description\":\"Um site completo!\",\"publisher\":{\"@id\":\"https:\\\/\\\/afogadosfm.com.br\\\/afogadosfm\\\/#organization\"},\"potentialAction\":[{\"@type\":\"SearchAction\",\"target\":{\"@type\":\"EntryPoint\",\"urlTemplate\":\"https:\\\/\\\/afogadosfm.com.br\\\/afogadosfm\\\/?s={search_term_string}\"},\"query-input\":{\"@type\":\"PropertyValueSpecification\",\"valueRequired\":true,\"valueName\":\"search_term_string\"}}],\"inLanguage\":\"pt-BR\"},{\"@type\":\"Organization\",\"@id\":\"https:\\\/\\\/afogadosfm.com.br\\\/afogadosfm\\\/#organization\",\"name\":\"Afogados FM\",\"url\":\"https:\\\/\\\/afogadosfm.com.br\\\/afogadosfm\\\/\",\"logo\":{\"@type\":\"ImageObject\",\"inLanguage\":\"pt-BR\",\"@id\":\"https:\\\/\\\/afogadosfm.com.br\\\/afogadosfm\\\/#\\\/schema\\\/logo\\\/image\\\/\",\"url\":\"https:\\\/\\\/i0.wp.com\\\/afogadosfm.com.br\\\/afogadosfm\\\/wp-content\\\/uploads\\\/2020\\\/06\\\/cropped-banner-afogados-4.jpg?fit=369%2C137&ssl=1\",\"contentUrl\":\"https:\\\/\\\/i0.wp.com\\\/afogadosfm.com.br\\\/afogadosfm\\\/wp-content\\\/uploads\\\/2020\\\/06\\\/cropped-banner-afogados-4.jpg?fit=369%2C137&ssl=1\",\"width\":369,\"height\":137,\"caption\":\"Afogados FM\"},\"image\":{\"@id\":\"https:\\\/\\\/afogadosfm.com.br\\\/afogadosfm\\\/#\\\/schema\\\/logo\\\/image\\\/\"}},{\"@type\":\"Person\",\"@id\":\"https:\\\/\\\/afogadosfm.com.br\\\/afogadosfm\\\/#\\\/schema\\\/person\\\/60e56f2cf5dc960fc093fe093d9e9057\",\"name\":\"afogadosfm\",\"image\":{\"@type\":\"ImageObject\",\"inLanguage\":\"pt-BR\",\"@id\":\"https:\\\/\\\/secure.gravatar.com\\\/avatar\\\/e0359add7ed5dc3560906d861b52c6a8cf5c1e199d3a7dd85070998f49bd4701?s=96&d=mm&r=g\",\"url\":\"https:\\\/\\\/secure.gravatar.com\\\/avatar\\\/e0359add7ed5dc3560906d861b52c6a8cf5c1e199d3a7dd85070998f49bd4701?s=96&d=mm&r=g\",\"contentUrl\":\"https:\\\/\\\/secure.gravatar.com\\\/avatar\\\/e0359add7ed5dc3560906d861b52c6a8cf5c1e199d3a7dd85070998f49bd4701?s=96&d=mm&r=g\",\"caption\":\"afogadosfm\"},\"url\":\"https:\\\/\\\/afogadosfm.com.br\\\/afogadosfm\\\/author\\\/afogadosfm\\\/\"}]}<\/script>\n<!-- \/ Yoast SEO plugin. -->","yoast_head_json":{"title":"Roberto Carlos confirmado no S\u00e3o Jo\u00e3o de Caruaru - Afogados FM","robots":{"index":"index","follow":"follow","max-snippet":"max-snippet:-1","max-image-preview":"max-image-preview:large","max-video-preview":"max-video-preview:-1"},"canonical":"https:\/\/afogadosfm.com.br\/afogadosfm\/2026\/03\/06\/roberto-carlos-confirmado-no-sao-joao-de-caruaru\/","og_locale":"pt_BR","og_type":"article","og_title":"Roberto Carlos confirmado no S\u00e3o Jo\u00e3o de Caruaru - Afogados FM","og_description":"O prefeito de Caruaru, Rodrigo Pinheiro, anunciou na quinta-feira (5) que o cantor Roberto Carlos ser\u00e1 uma das atra\u00e7\u00f5es do","og_url":"https:\/\/afogadosfm.com.br\/afogadosfm\/2026\/03\/06\/roberto-carlos-confirmado-no-sao-joao-de-caruaru\/","og_site_name":"Afogados FM","article_published_time":"2026-03-06T10:03:11+00:00","author":"afogadosfm","twitter_card":"summary_large_image","twitter_misc":{"Escrito por":"afogadosfm","Est. tempo de leitura":"2 minutos"},"schema":{"@context":"https:\/\/schema.org","@graph":[{"@type":"Article","@id":"https:\/\/afogadosfm.com.br\/afogadosfm\/2026\/03\/06\/roberto-carlos-confirmado-no-sao-joao-de-caruaru\/#article","isPartOf":{"@id":"https:\/\/afogadosfm.com.br\/afogadosfm\/2026\/03\/06\/roberto-carlos-confirmado-no-sao-joao-de-caruaru\/"},"author":{"name":"afogadosfm","@id":"https:\/\/afogadosfm.com.br\/afogadosfm\/#\/schema\/person\/60e56f2cf5dc960fc093fe093d9e9057"},"headline":"Roberto Carlos confirmado no S\u00e3o Jo\u00e3o de Caruaru","datePublished":"2026-03-06T10:03:11+00:00","mainEntityOfPage":{"@id":"https:\/\/afogadosfm.com.br\/afogadosfm\/2026\/03\/06\/roberto-carlos-confirmado-no-sao-joao-de-caruaru\/"},"wordCount":274,"commentCount":0,"publisher":{"@id":"https:\/\/afogadosfm.com.br\/afogadosfm\/#organization"},"image":{"@id":"https:\/\/afogadosfm.com.br\/afogadosfm\/2026\/03\/06\/roberto-carlos-confirmado-no-sao-joao-de-caruaru\/#primaryimage"},"thumbnailUrl":"https:\/\/afogadosfm.com.br\/afogadosfm\/wp-content\/uploads\/2024\/12\/robertocarlos.avif","articleSection":["Pernambuco"],"inLanguage":"pt-BR","potentialAction":[{"@type":"CommentAction","name":"Comment","target":["https:\/\/afogadosfm.com.br\/afogadosfm\/2026\/03\/06\/roberto-carlos-confirmado-no-sao-joao-de-caruaru\/#respond"]}]},{"@type":"WebPage","@id":"https:\/\/afogadosfm.com.br\/afogadosfm\/2026\/03\/06\/roberto-carlos-confirmado-no-sao-joao-de-caruaru\/","url":"https:\/\/afogadosfm.com.br\/afogadosfm\/2026\/03\/06\/roberto-carlos-confirmado-no-sao-joao-de-caruaru\/","name":"Roberto Carlos confirmado no S\u00e3o Jo\u00e3o de Caruaru - Afogados FM","isPartOf":{"@id":"https:\/\/afogadosfm.com.br\/afogadosfm\/#website"},"primaryImageOfPage":{"@id":"https:\/\/afogadosfm.com.br\/afogadosfm\/2026\/03\/06\/roberto-carlos-confirmado-no-sao-joao-de-caruaru\/#primaryimage"},"image":{"@id":"https:\/\/afogadosfm.com.br\/afogadosfm\/2026\/03\/06\/roberto-carlos-confirmado-no-sao-joao-de-caruaru\/#primaryimage"},"thumbnailUrl":"https:\/\/afogadosfm.com.br\/afogadosfm\/wp-content\/uploads\/2024\/12\/robertocarlos.avif","datePublished":"2026-03-06T10:03:11+00:00","breadcrumb":{"@id":"https:\/\/afogadosfm.com.br\/afogadosfm\/2026\/03\/06\/roberto-carlos-confirmado-no-sao-joao-de-caruaru\/#breadcrumb"},"inLanguage":"pt-BR","potentialAction":[{"@type":"ReadAction","target":["https:\/\/afogadosfm.com.br\/afogadosfm\/2026\/03\/06\/roberto-carlos-confirmado-no-sao-joao-de-caruaru\/"]}]},{"@type":"ImageObject","inLanguage":"pt-BR","@id":"https:\/\/afogadosfm.com.br\/afogadosfm\/2026\/03\/06\/roberto-carlos-confirmado-no-sao-joao-de-caruaru\/#primaryimage","url":"https:\/\/afogadosfm.com.br\/afogadosfm\/wp-content\/uploads\/2024\/12\/robertocarlos.avif","contentUrl":"https:\/\/afogadosfm.com.br\/afogadosfm\/wp-content\/uploads\/2024\/12\/robertocarlos.avif","width":347,"height":195},{"@type":"BreadcrumbList","@id":"https:\/\/afogadosfm.com.br\/afogadosfm\/2026\/03\/06\/roberto-carlos-confirmado-no-sao-joao-de-caruaru\/#breadcrumb","itemListElement":[{"@type":"ListItem","position":1,"name":"In\u00edcio","item":"https:\/\/afogadosfm.com.br\/afogadosfm\/"},{"@type":"ListItem","position":2,"name":"Roberto Carlos confirmado no S\u00e3o Jo\u00e3o de Caruaru"}]},{"@type":"WebSite","@id":"https:\/\/afogadosfm.com.br\/afogadosfm\/#website","url":"https:\/\/afogadosfm.com.br\/afogadosfm\/","name":"Afogados FM","description":"Um site completo!","publisher":{"@id":"https:\/\/afogadosfm.com.br\/afogadosfm\/#organization"},"potentialAction":[{"@type":"SearchAction","target":{"@type":"EntryPoint","urlTemplate":"https:\/\/afogadosfm.com.br\/afogadosfm\/?s={search_term_string}"},"query-input":{"@type":"PropertyValueSpecification","valueRequired":true,"valueName":"search_term_string"}}],"inLanguage":"pt-BR"},{"@type":"Organization","@id":"https:\/\/afogadosfm.com.br\/afogadosfm\/#organization","name":"Afogados FM","url":"https:\/\/afogadosfm.com.br\/afogadosfm\/","logo":{"@type":"ImageObject","inLanguage":"pt-BR","@id":"https:\/\/afogadosfm.com.br\/afogadosfm\/#\/schema\/logo\/image\/","url":"https:\/\/i0.wp.com\/afogadosfm.com.br\/afogadosfm\/wp-content\/uploads\/2020\/06\/cropped-banner-afogados-4.jpg?fit=369%2C137&ssl=1","contentUrl":"https:\/\/i0.wp.com\/afogadosfm.com.br\/afogadosfm\/wp-content\/uploads\/2020\/06\/cropped-banner-afogados-4.jpg?fit=369%2C137&ssl=1","width":369,"height":137,"caption":"Afogados FM"},"image":{"@id":"https:\/\/afogadosfm.com.br\/afogadosfm\/#\/schema\/logo\/image\/"}},{"@type":"Person","@id":"https:\/\/afogadosfm.com.br\/afogadosfm\/#\/schema\/person\/60e56f2cf5dc960fc093fe093d9e9057","name":"afogadosfm","image":{"@type":"ImageObject","inLanguage":"pt-BR","@id":"https:\/\/secure.gravatar.com\/avatar\/e0359add7ed5dc3560906d861b52c6a8cf5c1e199d3a7dd85070998f49bd4701?s=96&d=mm&r=g","url":"https:\/\/secure.gravatar.com\/avatar\/e0359add7ed5dc3560906d861b52c6a8cf5c1e199d3a7dd85070998f49bd4701?s=96&d=mm&r=g","contentUrl":"https:\/\/secure.gravatar.com\/avatar\/e0359add7ed5dc3560906d861b52c6a8cf5c1e199d3a7dd85070998f49bd4701?s=96&d=mm&r=g","caption":"afogadosfm"},"url":"https:\/\/afogadosfm.com.br\/afogadosfm\/author\/afogadosfm\/"}]}},"jetpack_publicize_connections":[],"jetpack_featured_media_url":"https:\/\/afogadosfm.com.br\/afogadosfm\/wp-content\/uploads\/2024\/12\/robertocarlos.avif","jetpack-related-posts":[],"jetpack_sharing_enabled":true,"jetpack_likes_enabled":true,"_links":{"self":[{"href":"https:\/\/afogadosfm.com.br\/afogadosfm\/wp-json\/wp\/v2\/posts\/73095","targetHints":{"allow":["GET"]}}],"collection":[{"href":"https:\/\/afogadosfm.com.br\/afogadosfm\/wp-json\/wp\/v2\/posts"}],"about":[{"href":"https:\/\/afogadosfm.com.br\/afogadosfm\/wp-json\/wp\/v2\/types\/post"}],"author":[{"embeddable":true,"href":"https:\/\/afogadosfm.com.br\/afogadosfm\/wp-json\/wp\/v2\/users\/2"}],"replies":[{"embeddable":true,"href":"https:\/\/afogadosfm.com.br\/afogadosfm\/wp-json\/wp\/v2\/comments?post=73095"}],"version-history":[{"count":1,"href":"https:\/\/afogadosfm.com.br\/afogadosfm\/wp-json\/wp\/v2\/posts\/73095\/revisions"}],"predecessor-version":[{"id":73096,"href":"https:\/\/afogadosfm.com.br\/afogadosfm\/wp-json\/wp\/v2\/posts\/73095\/revisions\/73096"}],"wp:featuredmedia":[{"embeddable":true,"href":"https:\/\/afogadosfm.com.br\/afogadosfm\/wp-json\/wp\/v2\/media\/61908"}],"wp:attachment":[{"href":"https:\/\/afogadosfm.com.br\/afogadosfm\/wp-json\/wp\/v2\/media?parent=73095"}],"wp:term":[{"taxonomy":"category","embeddable":true,"href":"https:\/\/afogadosfm.com.br\/afogadosfm\/wp-json\/wp\/v2\/categories?post=73095"},{"taxonomy":"post_tag","embeddable":true,"href":"https:\/\/afogadosfm.com.br\/afogadosfm\/wp-json\/wp\/v2\/tags?post=73095"}],"curies":[{"name":"wp","href":"https:\/\/api.w.org\/{rel}","templated":true}]}}