{"id":73097,"date":"2026-03-06T07:03:59","date_gmt":"2026-03-06T10:03:59","guid":{"rendered":"https:\/\/afogadosfm.com.br\/afogadosfm\/?p=73097"},"modified":"2026-03-06T07:03:59","modified_gmt":"2026-03-06T10:03:59","slug":"ifpe-campus-afogados-divulga-programacao-alusiva-ao-dia-internacional-da-mulher","status":"publish","type":"post","link":"https:\/\/afogadosfm.com.br\/afogadosfm\/2026\/03\/06\/ifpe-campus-afogados-divulga-programacao-alusiva-ao-dia-internacional-da-mulher\/","title":{"rendered":"IFPE Campus Afogados divulga programa\u00e7\u00e3o alusiva ao Dia Internacional da Mulher"},"content":{"rendered":"<div>O IFPE Afogados da Ingazeira promover\u00e1 uma programa\u00e7\u00e3o alusiva ao Dia Internacional da Mulher, 08 de mar\u00e7o. Com in\u00edcio no dia 10\/03, o evento inclui palestras, debate, exibi\u00e7\u00e3o de filme e apresenta\u00e7\u00e3o de espet\u00e1culo teatral.<\/div>\n<p>&nbsp;<\/p>\n<p>A participa\u00e7\u00e3o \u00e9 aberta a qualquer pessoa interessada, seja do p\u00fablico interno ou externo ao IFPE, sem necessidade de inscri\u00e7\u00e3o. O objetivo \u00e9 incentivar a reflex\u00e3o sobre o enfrentamento \u00e0 viol\u00eancia contra a mulher, bem como discutir outros temas importantes relacionados ao Dia Internacional da Mulher.<\/p>\n<p>O 8 de mar\u00e7o<\/p>\n<p>O Dia Internacional da Mulher, celebrado em 8 de mar\u00e7o, tem origem nas mobiliza\u00e7\u00f5es de mulheres trabalhadoras no in\u00edcio do s\u00e9culo XX, especialmente nos Estados Unidos e na Europa, que reivindicavam melhores condi\u00e7\u00f5es de trabalho, igualdade salarial, redu\u00e7\u00e3o da jornada e direito ao voto. O marco principal foi a greve de oper\u00e1rias russas em 8 de mar\u00e7o de 1917, que exigiam \u201cP\u00e3o e Paz\u201d. Em 1975, o 8 de mar\u00e7o foi oficialmente reconhecido pela Organiza\u00e7\u00e3o das Na\u00e7\u00f5es Unidas como um dia de reflex\u00e3o sobre igualdade de g\u00eanero, direitos e participa\u00e7\u00e3o das mulheres na sociedade.<\/p>\n<p>Programa\u00e7\u00e3o M\u00eas da Mulher | IFPE Afogados<\/p>\n<p>10\/03 |Ter\u00e7a, 9h | Audit\u00f3rio, Bloco A<\/p>\n<p>Palestra Viol\u00eancia Contra a Mulher<\/p>\n<p>N\u00facleo Maria da Penha \u2013 PM de Afogados da Ingazeira<\/p>\n<p>18\/03 | Quarta, 9h | Audit\u00f3rio, Bloco A<\/p>\n<p>Palestra Sa\u00fade \u00cdntima<\/p>\n<p>Lucymara Rafaella \u2013 Enfermeira X GERES<\/p>\n<p>24\/03 | Ter\u00e7a, 14h45 | Sala de Atividades f\u00edsicas, esporte e lazer, Boco D<\/p>\n<p>Pe\u00e7a de Teatro \u2018Alice no pa\u00eds da obedi\u00eancia\u2019<\/p>\n<p>Estudantes t\u00e9cnico integrado<\/p>\n<p>26\/03 | Quinta, 9h | Audit\u00f3rio, Bloco A<\/p>\n<p>Filme Estrelas Al\u00e9m do Tempo<\/p>\n<p>31\/03 | Ter\u00e7a, 19h | Audit\u00f3rio, Bloco A<\/p>\n<p>Debate \u2018O impacto da viol\u00eancia na vida de mulheres com defici\u00eancia: seus desafios, seus direitos\u2019<\/p>\n<p>Rebeca martins, Denise Duarte e Michelle Bezerra | N\u00facleo de Apoio \u00e0s Pessoas com Defici\u00eancia IFPE Afogados<\/p>\n","protected":false},"excerpt":{"rendered":"<p>O IFPE Afogados da Ingazeira promover\u00e1 uma programa\u00e7\u00e3o alusiva ao Dia Internacional da Mulher, 08 de mar\u00e7o. Com in\u00edcio no<\/p>\n","protected":false},"author":2,"featured_media":49224,"comment_status":"open","ping_status":"open","sticky":false,"template":"","format":"standard","meta":{"jetpack_post_was_ever_published":false,"_jetpack_newsletter_access":"","_jetpack_dont_email_post_to_subs":false,"_jetpack_newsletter_tier_id":0,"_jetpack_memberships_contains_paywalled_content":false,"_jetpack_memberships_contains_paid_content":false,"footnotes":"","jetpack_publicize_message":"","jetpack_publicize_feature_enabled":true,"jetpack_social_post_already_shared":true,"jetpack_social_options":{"image_generator_settings":{"template":"highway","default_image_id":0,"font":"","enabled":false},"version":2}},"categories":[23],"tags":[],"class_list":["post-73097","post","type-post","status-publish","format-standard","has-post-thumbnail","hentry","category-educacao"],"yoast_head":"<!-- This site is optimized with the Yoast SEO plugin v27.4 - https:\/\/yoast.com\/product\/yoast-seo-wordpress\/ -->\n<title>IFPE Campus Afogados divulga programa\u00e7\u00e3o alusiva ao Dia Internacional da Mulher - Afogados FM<\/title>\n<meta name=\"robots\" content=\"index, follow, max-snippet:-1, max-image-preview:large, max-video-preview:-1\" \/>\n<link rel=\"canonical\" href=\"https:\/\/afogadosfm.com.br\/afogadosfm\/2026\/03\/06\/ifpe-campus-afogados-divulga-programacao-alusiva-ao-dia-internacional-da-mulher\/\" \/>\n<meta property=\"og:locale\" content=\"pt_BR\" \/>\n<meta property=\"og:type\" content=\"article\" \/>\n<meta property=\"og:title\" content=\"IFPE Campus Afogados divulga programa\u00e7\u00e3o alusiva ao Dia Internacional da Mulher - Afogados FM\" \/>\n<meta property=\"og:description\" content=\"O IFPE Afogados da Ingazeira promover\u00e1 uma programa\u00e7\u00e3o alusiva ao Dia Internacional da Mulher, 08 de mar\u00e7o. Com in\u00edcio no\" \/>\n<meta property=\"og:url\" content=\"https:\/\/afogadosfm.com.br\/afogadosfm\/2026\/03\/06\/ifpe-campus-afogados-divulga-programacao-alusiva-ao-dia-internacional-da-mulher\/\" \/>\n<meta property=\"og:site_name\" content=\"Afogados FM\" \/>\n<meta property=\"article:published_time\" content=\"2026-03-06T10:03:59+00:00\" \/>\n<meta property=\"og:image\" content=\"https:\/\/afogadosfm.com.br\/afogadosfm\/wp-content\/uploads\/2023\/07\/ifpeaf.jpg\" \/>\n\t<meta property=\"og:image:width\" content=\"1024\" \/>\n\t<meta property=\"og:image:height\" content=\"574\" \/>\n\t<meta property=\"og:image:type\" content=\"image\/jpeg\" \/>\n<meta name=\"author\" content=\"afogadosfm\" \/>\n<meta name=\"twitter:card\" content=\"summary_large_image\" \/>\n<meta name=\"twitter:label1\" content=\"Escrito por\" \/>\n\t<meta name=\"twitter:data1\" content=\"afogadosfm\" \/>\n\t<meta name=\"twitter:label2\" content=\"Est. tempo de leitura\" \/>\n\t<meta name=\"twitter:data2\" content=\"2 minutos\" \/>\n<script type=\"application\/ld+json\" class=\"yoast-schema-graph\">{\"@context\":\"https:\\\/\\\/schema.org\",\"@graph\":[{\"@type\":\"Article\",\"@id\":\"https:\\\/\\\/afogadosfm.com.br\\\/afogadosfm\\\/2026\\\/03\\\/06\\\/ifpe-campus-afogados-divulga-programacao-alusiva-ao-dia-internacional-da-mulher\\\/#article\",\"isPartOf\":{\"@id\":\"https:\\\/\\\/afogadosfm.com.br\\\/afogadosfm\\\/2026\\\/03\\\/06\\\/ifpe-campus-afogados-divulga-programacao-alusiva-ao-dia-internacional-da-mulher\\\/\"},\"author\":{\"name\":\"afogadosfm\",\"@id\":\"https:\\\/\\\/afogadosfm.com.br\\\/afogadosfm\\\/#\\\/schema\\\/person\\\/60e56f2cf5dc960fc093fe093d9e9057\"},\"headline\":\"IFPE Campus Afogados divulga programa\u00e7\u00e3o alusiva ao Dia Internacional da Mulher\",\"datePublished\":\"2026-03-06T10:03:59+00:00\",\"mainEntityOfPage\":{\"@id\":\"https:\\\/\\\/afogadosfm.com.br\\\/afogadosfm\\\/2026\\\/03\\\/06\\\/ifpe-campus-afogados-divulga-programacao-alusiva-ao-dia-internacional-da-mulher\\\/\"},\"wordCount\":336,\"commentCount\":0,\"publisher\":{\"@id\":\"https:\\\/\\\/afogadosfm.com.br\\\/afogadosfm\\\/#organization\"},\"image\":{\"@id\":\"https:\\\/\\\/afogadosfm.com.br\\\/afogadosfm\\\/2026\\\/03\\\/06\\\/ifpe-campus-afogados-divulga-programacao-alusiva-ao-dia-internacional-da-mulher\\\/#primaryimage\"},\"thumbnailUrl\":\"https:\\\/\\\/i0.wp.com\\\/afogadosfm.com.br\\\/afogadosfm\\\/wp-content\\\/uploads\\\/2023\\\/07\\\/ifpeaf.jpg?fit=1024%2C574&ssl=1\",\"articleSection\":[\"Educa\u00e7\u00e3o\"],\"inLanguage\":\"pt-BR\",\"potentialAction\":[{\"@type\":\"CommentAction\",\"name\":\"Comment\",\"target\":[\"https:\\\/\\\/afogadosfm.com.br\\\/afogadosfm\\\/2026\\\/03\\\/06\\\/ifpe-campus-afogados-divulga-programacao-alusiva-ao-dia-internacional-da-mulher\\\/#respond\"]}]},{\"@type\":\"WebPage\",\"@id\":\"https:\\\/\\\/afogadosfm.com.br\\\/afogadosfm\\\/2026\\\/03\\\/06\\\/ifpe-campus-afogados-divulga-programacao-alusiva-ao-dia-internacional-da-mulher\\\/\",\"url\":\"https:\\\/\\\/afogadosfm.com.br\\\/afogadosfm\\\/2026\\\/03\\\/06\\\/ifpe-campus-afogados-divulga-programacao-alusiva-ao-dia-internacional-da-mulher\\\/\",\"name\":\"IFPE Campus Afogados divulga programa\u00e7\u00e3o alusiva ao Dia Internacional da Mulher - Afogados FM\",\"isPartOf\":{\"@id\":\"https:\\\/\\\/afogadosfm.com.br\\\/afogadosfm\\\/#website\"},\"primaryImageOfPage\":{\"@id\":\"https:\\\/\\\/afogadosfm.com.br\\\/afogadosfm\\\/2026\\\/03\\\/06\\\/ifpe-campus-afogados-divulga-programacao-alusiva-ao-dia-internacional-da-mulher\\\/#primaryimage\"},\"image\":{\"@id\":\"https:\\\/\\\/afogadosfm.com.br\\\/afogadosfm\\\/2026\\\/03\\\/06\\\/ifpe-campus-afogados-divulga-programacao-alusiva-ao-dia-internacional-da-mulher\\\/#primaryimage\"},\"thumbnailUrl\":\"https:\\\/\\\/i0.wp.com\\\/afogadosfm.com.br\\\/afogadosfm\\\/wp-content\\\/uploads\\\/2023\\\/07\\\/ifpeaf.jpg?fit=1024%2C574&ssl=1\",\"datePublished\":\"2026-03-06T10:03:59+00:00\",\"breadcrumb\":{\"@id\":\"https:\\\/\\\/afogadosfm.com.br\\\/afogadosfm\\\/2026\\\/03\\\/06\\\/ifpe-campus-afogados-divulga-programacao-alusiva-ao-dia-internacional-da-mulher\\\/#breadcrumb\"},\"inLanguage\":\"pt-BR\",\"potentialAction\":[{\"@type\":\"ReadAction\",\"target\":[\"https:\\\/\\\/afogadosfm.com.br\\\/afogadosfm\\\/2026\\\/03\\\/06\\\/ifpe-campus-afogados-divulga-programacao-alusiva-ao-dia-internacional-da-mulher\\\/\"]}]},{\"@type\":\"ImageObject\",\"inLanguage\":\"pt-BR\",\"@id\":\"https:\\\/\\\/afogadosfm.com.br\\\/afogadosfm\\\/2026\\\/03\\\/06\\\/ifpe-campus-afogados-divulga-programacao-alusiva-ao-dia-internacional-da-mulher\\\/#primaryimage\",\"url\":\"https:\\\/\\\/i0.wp.com\\\/afogadosfm.com.br\\\/afogadosfm\\\/wp-content\\\/uploads\\\/2023\\\/07\\\/ifpeaf.jpg?fit=1024%2C574&ssl=1\",\"contentUrl\":\"https:\\\/\\\/i0.wp.com\\\/afogadosfm.com.br\\\/afogadosfm\\\/wp-content\\\/uploads\\\/2023\\\/07\\\/ifpeaf.jpg?fit=1024%2C574&ssl=1\",\"width\":1024,\"height\":574},{\"@type\":\"BreadcrumbList\",\"@id\":\"https:\\\/\\\/afogadosfm.com.br\\\/afogadosfm\\\/2026\\\/03\\\/06\\\/ifpe-campus-afogados-divulga-programacao-alusiva-ao-dia-internacional-da-mulher\\\/#breadcrumb\",\"itemListElement\":[{\"@type\":\"ListItem\",\"position\":1,\"name\":\"In\u00edcio\",\"item\":\"https:\\\/\\\/afogadosfm.com.br\\\/afogadosfm\\\/\"},{\"@type\":\"ListItem\",\"position\":2,\"name\":\"IFPE Campus Afogados divulga programa\u00e7\u00e3o alusiva ao Dia Internacional da Mulher\"}]},{\"@type\":\"WebSite\",\"@id\":\"https:\\\/\\\/afogadosfm.com.br\\\/afogadosfm\\\/#website\",\"url\":\"https:\\\/\\\/afogadosfm.com.br\\\/afogadosfm\\\/\",\"name\":\"Afogados FM\",\"description\":\"Um site completo!\",\"publisher\":{\"@id\":\"https:\\\/\\\/afogadosfm.com.br\\\/afogadosfm\\\/#organization\"},\"potentialAction\":[{\"@type\":\"SearchAction\",\"target\":{\"@type\":\"EntryPoint\",\"urlTemplate\":\"https:\\\/\\\/afogadosfm.com.br\\\/afogadosfm\\\/?s={search_term_string}\"},\"query-input\":{\"@type\":\"PropertyValueSpecification\",\"valueRequired\":true,\"valueName\":\"search_term_string\"}}],\"inLanguage\":\"pt-BR\"},{\"@type\":\"Organization\",\"@id\":\"https:\\\/\\\/afogadosfm.com.br\\\/afogadosfm\\\/#organization\",\"name\":\"Afogados FM\",\"url\":\"https:\\\/\\\/afogadosfm.com.br\\\/afogadosfm\\\/\",\"logo\":{\"@type\":\"ImageObject\",\"inLanguage\":\"pt-BR\",\"@id\":\"https:\\\/\\\/afogadosfm.com.br\\\/afogadosfm\\\/#\\\/schema\\\/logo\\\/image\\\/\",\"url\":\"https:\\\/\\\/i0.wp.com\\\/afogadosfm.com.br\\\/afogadosfm\\\/wp-content\\\/uploads\\\/2020\\\/06\\\/cropped-banner-afogados-4.jpg?fit=369%2C137&ssl=1\",\"contentUrl\":\"https:\\\/\\\/i0.wp.com\\\/afogadosfm.com.br\\\/afogadosfm\\\/wp-content\\\/uploads\\\/2020\\\/06\\\/cropped-banner-afogados-4.jpg?fit=369%2C137&ssl=1\",\"width\":369,\"height\":137,\"caption\":\"Afogados FM\"},\"image\":{\"@id\":\"https:\\\/\\\/afogadosfm.com.br\\\/afogadosfm\\\/#\\\/schema\\\/logo\\\/image\\\/\"}},{\"@type\":\"Person\",\"@id\":\"https:\\\/\\\/afogadosfm.com.br\\\/afogadosfm\\\/#\\\/schema\\\/person\\\/60e56f2cf5dc960fc093fe093d9e9057\",\"name\":\"afogadosfm\",\"image\":{\"@type\":\"ImageObject\",\"inLanguage\":\"pt-BR\",\"@id\":\"https:\\\/\\\/secure.gravatar.com\\\/avatar\\\/e0359add7ed5dc3560906d861b52c6a8cf5c1e199d3a7dd85070998f49bd4701?s=96&d=mm&r=g\",\"url\":\"https:\\\/\\\/secure.gravatar.com\\\/avatar\\\/e0359add7ed5dc3560906d861b52c6a8cf5c1e199d3a7dd85070998f49bd4701?s=96&d=mm&r=g\",\"contentUrl\":\"https:\\\/\\\/secure.gravatar.com\\\/avatar\\\/e0359add7ed5dc3560906d861b52c6a8cf5c1e199d3a7dd85070998f49bd4701?s=96&d=mm&r=g\",\"caption\":\"afogadosfm\"},\"url\":\"https:\\\/\\\/afogadosfm.com.br\\\/afogadosfm\\\/author\\\/afogadosfm\\\/\"}]}<\/script>\n<!-- \/ Yoast SEO plugin. -->","yoast_head_json":{"title":"IFPE Campus Afogados divulga programa\u00e7\u00e3o alusiva ao Dia Internacional da Mulher - Afogados FM","robots":{"index":"index","follow":"follow","max-snippet":"max-snippet:-1","max-image-preview":"max-image-preview:large","max-video-preview":"max-video-preview:-1"},"canonical":"https:\/\/afogadosfm.com.br\/afogadosfm\/2026\/03\/06\/ifpe-campus-afogados-divulga-programacao-alusiva-ao-dia-internacional-da-mulher\/","og_locale":"pt_BR","og_type":"article","og_title":"IFPE Campus Afogados divulga programa\u00e7\u00e3o alusiva ao Dia Internacional da Mulher - Afogados FM","og_description":"O IFPE Afogados da Ingazeira promover\u00e1 uma programa\u00e7\u00e3o alusiva ao Dia Internacional da Mulher, 08 de mar\u00e7o. Com in\u00edcio no","og_url":"https:\/\/afogadosfm.com.br\/afogadosfm\/2026\/03\/06\/ifpe-campus-afogados-divulga-programacao-alusiva-ao-dia-internacional-da-mulher\/","og_site_name":"Afogados FM","article_published_time":"2026-03-06T10:03:59+00:00","og_image":[{"width":1024,"height":574,"url":"https:\/\/afogadosfm.com.br\/afogadosfm\/wp-content\/uploads\/2023\/07\/ifpeaf.jpg","type":"image\/jpeg"}],"author":"afogadosfm","twitter_card":"summary_large_image","twitter_misc":{"Escrito por":"afogadosfm","Est. tempo de leitura":"2 minutos"},"schema":{"@context":"https:\/\/schema.org","@graph":[{"@type":"Article","@id":"https:\/\/afogadosfm.com.br\/afogadosfm\/2026\/03\/06\/ifpe-campus-afogados-divulga-programacao-alusiva-ao-dia-internacional-da-mulher\/#article","isPartOf":{"@id":"https:\/\/afogadosfm.com.br\/afogadosfm\/2026\/03\/06\/ifpe-campus-afogados-divulga-programacao-alusiva-ao-dia-internacional-da-mulher\/"},"author":{"name":"afogadosfm","@id":"https:\/\/afogadosfm.com.br\/afogadosfm\/#\/schema\/person\/60e56f2cf5dc960fc093fe093d9e9057"},"headline":"IFPE Campus Afogados divulga programa\u00e7\u00e3o alusiva ao Dia Internacional da Mulher","datePublished":"2026-03-06T10:03:59+00:00","mainEntityOfPage":{"@id":"https:\/\/afogadosfm.com.br\/afogadosfm\/2026\/03\/06\/ifpe-campus-afogados-divulga-programacao-alusiva-ao-dia-internacional-da-mulher\/"},"wordCount":336,"commentCount":0,"publisher":{"@id":"https:\/\/afogadosfm.com.br\/afogadosfm\/#organization"},"image":{"@id":"https:\/\/afogadosfm.com.br\/afogadosfm\/2026\/03\/06\/ifpe-campus-afogados-divulga-programacao-alusiva-ao-dia-internacional-da-mulher\/#primaryimage"},"thumbnailUrl":"https:\/\/i0.wp.com\/afogadosfm.com.br\/afogadosfm\/wp-content\/uploads\/2023\/07\/ifpeaf.jpg?fit=1024%2C574&ssl=1","articleSection":["Educa\u00e7\u00e3o"],"inLanguage":"pt-BR","potentialAction":[{"@type":"CommentAction","name":"Comment","target":["https:\/\/afogadosfm.com.br\/afogadosfm\/2026\/03\/06\/ifpe-campus-afogados-divulga-programacao-alusiva-ao-dia-internacional-da-mulher\/#respond"]}]},{"@type":"WebPage","@id":"https:\/\/afogadosfm.com.br\/afogadosfm\/2026\/03\/06\/ifpe-campus-afogados-divulga-programacao-alusiva-ao-dia-internacional-da-mulher\/","url":"https:\/\/afogadosfm.com.br\/afogadosfm\/2026\/03\/06\/ifpe-campus-afogados-divulga-programacao-alusiva-ao-dia-internacional-da-mulher\/","name":"IFPE Campus Afogados divulga programa\u00e7\u00e3o alusiva ao Dia Internacional da Mulher - Afogados FM","isPartOf":{"@id":"https:\/\/afogadosfm.com.br\/afogadosfm\/#website"},"primaryImageOfPage":{"@id":"https:\/\/afogadosfm.com.br\/afogadosfm\/2026\/03\/06\/ifpe-campus-afogados-divulga-programacao-alusiva-ao-dia-internacional-da-mulher\/#primaryimage"},"image":{"@id":"https:\/\/afogadosfm.com.br\/afogadosfm\/2026\/03\/06\/ifpe-campus-afogados-divulga-programacao-alusiva-ao-dia-internacional-da-mulher\/#primaryimage"},"thumbnailUrl":"https:\/\/i0.wp.com\/afogadosfm.com.br\/afogadosfm\/wp-content\/uploads\/2023\/07\/ifpeaf.jpg?fit=1024%2C574&ssl=1","datePublished":"2026-03-06T10:03:59+00:00","breadcrumb":{"@id":"https:\/\/afogadosfm.com.br\/afogadosfm\/2026\/03\/06\/ifpe-campus-afogados-divulga-programacao-alusiva-ao-dia-internacional-da-mulher\/#breadcrumb"},"inLanguage":"pt-BR","potentialAction":[{"@type":"ReadAction","target":["https:\/\/afogadosfm.com.br\/afogadosfm\/2026\/03\/06\/ifpe-campus-afogados-divulga-programacao-alusiva-ao-dia-internacional-da-mulher\/"]}]},{"@type":"ImageObject","inLanguage":"pt-BR","@id":"https:\/\/afogadosfm.com.br\/afogadosfm\/2026\/03\/06\/ifpe-campus-afogados-divulga-programacao-alusiva-ao-dia-internacional-da-mulher\/#primaryimage","url":"https:\/\/i0.wp.com\/afogadosfm.com.br\/afogadosfm\/wp-content\/uploads\/2023\/07\/ifpeaf.jpg?fit=1024%2C574&ssl=1","contentUrl":"https:\/\/i0.wp.com\/afogadosfm.com.br\/afogadosfm\/wp-content\/uploads\/2023\/07\/ifpeaf.jpg?fit=1024%2C574&ssl=1","width":1024,"height":574},{"@type":"BreadcrumbList","@id":"https:\/\/afogadosfm.com.br\/afogadosfm\/2026\/03\/06\/ifpe-campus-afogados-divulga-programacao-alusiva-ao-dia-internacional-da-mulher\/#breadcrumb","itemListElement":[{"@type":"ListItem","position":1,"name":"In\u00edcio","item":"https:\/\/afogadosfm.com.br\/afogadosfm\/"},{"@type":"ListItem","position":2,"name":"IFPE Campus Afogados divulga programa\u00e7\u00e3o alusiva ao Dia Internacional da Mulher"}]},{"@type":"WebSite","@id":"https:\/\/afogadosfm.com.br\/afogadosfm\/#website","url":"https:\/\/afogadosfm.com.br\/afogadosfm\/","name":"Afogados FM","description":"Um site completo!","publisher":{"@id":"https:\/\/afogadosfm.com.br\/afogadosfm\/#organization"},"potentialAction":[{"@type":"SearchAction","target":{"@type":"EntryPoint","urlTemplate":"https:\/\/afogadosfm.com.br\/afogadosfm\/?s={search_term_string}"},"query-input":{"@type":"PropertyValueSpecification","valueRequired":true,"valueName":"search_term_string"}}],"inLanguage":"pt-BR"},{"@type":"Organization","@id":"https:\/\/afogadosfm.com.br\/afogadosfm\/#organization","name":"Afogados FM","url":"https:\/\/afogadosfm.com.br\/afogadosfm\/","logo":{"@type":"ImageObject","inLanguage":"pt-BR","@id":"https:\/\/afogadosfm.com.br\/afogadosfm\/#\/schema\/logo\/image\/","url":"https:\/\/i0.wp.com\/afogadosfm.com.br\/afogadosfm\/wp-content\/uploads\/2020\/06\/cropped-banner-afogados-4.jpg?fit=369%2C137&ssl=1","contentUrl":"https:\/\/i0.wp.com\/afogadosfm.com.br\/afogadosfm\/wp-content\/uploads\/2020\/06\/cropped-banner-afogados-4.jpg?fit=369%2C137&ssl=1","width":369,"height":137,"caption":"Afogados FM"},"image":{"@id":"https:\/\/afogadosfm.com.br\/afogadosfm\/#\/schema\/logo\/image\/"}},{"@type":"Person","@id":"https:\/\/afogadosfm.com.br\/afogadosfm\/#\/schema\/person\/60e56f2cf5dc960fc093fe093d9e9057","name":"afogadosfm","image":{"@type":"ImageObject","inLanguage":"pt-BR","@id":"https:\/\/secure.gravatar.com\/avatar\/e0359add7ed5dc3560906d861b52c6a8cf5c1e199d3a7dd85070998f49bd4701?s=96&d=mm&r=g","url":"https:\/\/secure.gravatar.com\/avatar\/e0359add7ed5dc3560906d861b52c6a8cf5c1e199d3a7dd85070998f49bd4701?s=96&d=mm&r=g","contentUrl":"https:\/\/secure.gravatar.com\/avatar\/e0359add7ed5dc3560906d861b52c6a8cf5c1e199d3a7dd85070998f49bd4701?s=96&d=mm&r=g","caption":"afogadosfm"},"url":"https:\/\/afogadosfm.com.br\/afogadosfm\/author\/afogadosfm\/"}]}},"jetpack_publicize_connections":[],"jetpack_featured_media_url":"https:\/\/i0.wp.com\/afogadosfm.com.br\/afogadosfm\/wp-content\/uploads\/2023\/07\/ifpeaf.jpg?fit=1024%2C574&ssl=1","jetpack-related-posts":[],"jetpack_sharing_enabled":true,"jetpack_likes_enabled":true,"_links":{"self":[{"href":"https:\/\/afogadosfm.com.br\/afogadosfm\/wp-json\/wp\/v2\/posts\/73097","targetHints":{"allow":["GET"]}}],"collection":[{"href":"https:\/\/afogadosfm.com.br\/afogadosfm\/wp-json\/wp\/v2\/posts"}],"about":[{"href":"https:\/\/afogadosfm.com.br\/afogadosfm\/wp-json\/wp\/v2\/types\/post"}],"author":[{"embeddable":true,"href":"https:\/\/afogadosfm.com.br\/afogadosfm\/wp-json\/wp\/v2\/users\/2"}],"replies":[{"embeddable":true,"href":"https:\/\/afogadosfm.com.br\/afogadosfm\/wp-json\/wp\/v2\/comments?post=73097"}],"version-history":[{"count":1,"href":"https:\/\/afogadosfm.com.br\/afogadosfm\/wp-json\/wp\/v2\/posts\/73097\/revisions"}],"predecessor-version":[{"id":73098,"href":"https:\/\/afogadosfm.com.br\/afogadosfm\/wp-json\/wp\/v2\/posts\/73097\/revisions\/73098"}],"wp:featuredmedia":[{"embeddable":true,"href":"https:\/\/afogadosfm.com.br\/afogadosfm\/wp-json\/wp\/v2\/media\/49224"}],"wp:attachment":[{"href":"https:\/\/afogadosfm.com.br\/afogadosfm\/wp-json\/wp\/v2\/media?parent=73097"}],"wp:term":[{"taxonomy":"category","embeddable":true,"href":"https:\/\/afogadosfm.com.br\/afogadosfm\/wp-json\/wp\/v2\/categories?post=73097"},{"taxonomy":"post_tag","embeddable":true,"href":"https:\/\/afogadosfm.com.br\/afogadosfm\/wp-json\/wp\/v2\/tags?post=73097"}],"curies":[{"name":"wp","href":"https:\/\/api.w.org\/{rel}","templated":true}]}}