{"id":73099,"date":"2026-03-06T07:05:16","date_gmt":"2026-03-06T10:05:16","guid":{"rendered":"https:\/\/afogadosfm.com.br\/afogadosfm\/?p=73099"},"modified":"2026-03-06T07:05:16","modified_gmt":"2026-03-06T10:05:16","slug":"pm-deu-detalhes-da-prisao-de-bando-acusado-de-sequestrar-empresario-em-tabira","status":"publish","type":"post","link":"https:\/\/afogadosfm.com.br\/afogadosfm\/2026\/03\/06\/pm-deu-detalhes-da-prisao-de-bando-acusado-de-sequestrar-empresario-em-tabira\/","title":{"rendered":"PM deu detalhes da pris\u00e3o de bando acusado de sequestrar empres\u00e1rio em Tabira"},"content":{"rendered":"<p>Policiais militares do 23\u00b0 BPM receberam informa\u00e7\u00f5es do servi\u00e7o de intelig\u00eancia de que, num hotel, em Afogados da Ingazeira, estariam dois indiv\u00edduos que extorquiam duas v\u00edtimas desde a \u00faltima quinta-feira.<\/p>\n<p>Uma das v\u00edtimas, um empres\u00e1rio da \u00e1rea de produtos de limpeza, fez dep\u00f3sitos que chegaram a R$ 250 mil, diante das amea\u00e7as contra ele e familiares.<\/p>\n<p>As equipes permaneceram nas proximidades aguardando a sa\u00edda dos criminosos do hotel. Ao sa\u00edrem e se dirigirem ao ve\u00edculo, um Onix de cor prata, foram abordados e detidos. Em seguida, foram conduzidos \u00e0 Delegacia de Tabira.<\/p>\n<p>A v\u00edtima (JSB) informou que, na quinta-feira da semana passada, conheceu os dois e os levou \u00e0 sua resid\u00eancia. J\u00e1 na manh\u00e3 da sexta-feira, os suspeitos a colocaram no ve\u00edculo e iniciaram as amea\u00e7as e a extors\u00e3o, criando contas em nome da v\u00edtima e realizando golpes; ela n\u00e3o soube precisar o valor total do preju\u00edzo.<\/p>\n<p>A segunda v\u00edtima (PHSG) informou que, na \u00faltima sexta-feira, os criminosos alegando interesse em realizar neg\u00f3cios, sa\u00edram para almo\u00e7ar com ela. Na mesma data, durante a noite, dirigiram-se \u00e0 empresa da v\u00edtima, tomaram seu aparelho celular e a amea\u00e7aram, juntamente com seus familiares, de morte.<\/p>\n<p>Desde ent\u00e3o, os criminosos vinham criando contas banc\u00e1rias e praticando in\u00fameros golpes em nome da v\u00edtima, inclusive utilizando as contas pessoais dela, que tamb\u00e9m n\u00e3o soube informar o montante do preju\u00edzo.<\/p>\n<p>Durante a abordagem, foram apreendidos um ve\u00edculo Onix, quatro iPhones, onze cart\u00f5es de cr\u00e9dito, uma m\u00e1quina de cart\u00e3o de cr\u00e9dito e R$ 5.496,05 em esp\u00e9cie.<\/p>\n<p>Os imputados e os materiais apreendidos foram apresentados na Delegacia de Tabira, onde est\u00e1 sendo lavrado o Auto de Pris\u00e3o em Flagrante Delito por Extors\u00e3o Qualificada.<\/p>\n","protected":false},"excerpt":{"rendered":"<p>Policiais militares do 23\u00b0 BPM receberam informa\u00e7\u00f5es do servi\u00e7o de intelig\u00eancia de que, num hotel, em Afogados da Ingazeira, estariam<\/p>\n","protected":false},"author":2,"featured_media":33834,"comment_status":"open","ping_status":"open","sticky":false,"template":"","format":"standard","meta":{"jetpack_post_was_ever_published":false,"_jetpack_newsletter_access":"","_jetpack_dont_email_post_to_subs":false,"_jetpack_newsletter_tier_id":0,"_jetpack_memberships_contains_paywalled_content":false,"_jetpack_memberships_contains_paid_content":false,"footnotes":"","jetpack_publicize_message":"","jetpack_publicize_feature_enabled":true,"jetpack_social_post_already_shared":true,"jetpack_social_options":{"image_generator_settings":{"template":"highway","default_image_id":0,"font":"","enabled":false},"version":2}},"categories":[34],"tags":[],"class_list":["post-73099","post","type-post","status-publish","format-standard","has-post-thumbnail","hentry","category-policia"],"yoast_head":"<!-- This site is optimized with the Yoast SEO plugin v27.4 - https:\/\/yoast.com\/product\/yoast-seo-wordpress\/ -->\n<title>PM deu detalhes da pris\u00e3o de bando acusado de sequestrar empres\u00e1rio em Tabira - Afogados FM<\/title>\n<meta name=\"robots\" content=\"index, follow, max-snippet:-1, max-image-preview:large, max-video-preview:-1\" \/>\n<link rel=\"canonical\" href=\"https:\/\/afogadosfm.com.br\/afogadosfm\/2026\/03\/06\/pm-deu-detalhes-da-prisao-de-bando-acusado-de-sequestrar-empresario-em-tabira\/\" \/>\n<meta property=\"og:locale\" content=\"pt_BR\" \/>\n<meta property=\"og:type\" content=\"article\" \/>\n<meta property=\"og:title\" content=\"PM deu detalhes da pris\u00e3o de bando acusado de sequestrar empres\u00e1rio em Tabira - Afogados FM\" \/>\n<meta property=\"og:description\" content=\"Policiais militares do 23\u00b0 BPM receberam informa\u00e7\u00f5es do servi\u00e7o de intelig\u00eancia de que, num hotel, em Afogados da Ingazeira, estariam\" \/>\n<meta property=\"og:url\" content=\"https:\/\/afogadosfm.com.br\/afogadosfm\/2026\/03\/06\/pm-deu-detalhes-da-prisao-de-bando-acusado-de-sequestrar-empresario-em-tabira\/\" \/>\n<meta property=\"og:site_name\" content=\"Afogados FM\" \/>\n<meta property=\"article:published_time\" content=\"2026-03-06T10:05:16+00:00\" \/>\n<meta property=\"og:image\" content=\"https:\/\/afogadosfm.com.br\/afogadosfm\/wp-content\/uploads\/2022\/01\/23bpm.jpg\" \/>\n\t<meta property=\"og:image:width\" content=\"198\" \/>\n\t<meta property=\"og:image:height\" content=\"220\" \/>\n\t<meta property=\"og:image:type\" content=\"image\/jpeg\" \/>\n<meta name=\"author\" content=\"afogadosfm\" \/>\n<meta name=\"twitter:card\" content=\"summary_large_image\" \/>\n<meta name=\"twitter:label1\" content=\"Escrito por\" \/>\n\t<meta name=\"twitter:data1\" content=\"afogadosfm\" \/>\n\t<meta name=\"twitter:label2\" content=\"Est. tempo de leitura\" \/>\n\t<meta name=\"twitter:data2\" content=\"2 minutos\" \/>\n<script type=\"application\/ld+json\" class=\"yoast-schema-graph\">{\"@context\":\"https:\\\/\\\/schema.org\",\"@graph\":[{\"@type\":\"Article\",\"@id\":\"https:\\\/\\\/afogadosfm.com.br\\\/afogadosfm\\\/2026\\\/03\\\/06\\\/pm-deu-detalhes-da-prisao-de-bando-acusado-de-sequestrar-empresario-em-tabira\\\/#article\",\"isPartOf\":{\"@id\":\"https:\\\/\\\/afogadosfm.com.br\\\/afogadosfm\\\/2026\\\/03\\\/06\\\/pm-deu-detalhes-da-prisao-de-bando-acusado-de-sequestrar-empresario-em-tabira\\\/\"},\"author\":{\"name\":\"afogadosfm\",\"@id\":\"https:\\\/\\\/afogadosfm.com.br\\\/afogadosfm\\\/#\\\/schema\\\/person\\\/60e56f2cf5dc960fc093fe093d9e9057\"},\"headline\":\"PM deu detalhes da pris\u00e3o de bando acusado de sequestrar empres\u00e1rio em Tabira\",\"datePublished\":\"2026-03-06T10:05:16+00:00\",\"mainEntityOfPage\":{\"@id\":\"https:\\\/\\\/afogadosfm.com.br\\\/afogadosfm\\\/2026\\\/03\\\/06\\\/pm-deu-detalhes-da-prisao-de-bando-acusado-de-sequestrar-empresario-em-tabira\\\/\"},\"wordCount\":325,\"commentCount\":0,\"publisher\":{\"@id\":\"https:\\\/\\\/afogadosfm.com.br\\\/afogadosfm\\\/#organization\"},\"image\":{\"@id\":\"https:\\\/\\\/afogadosfm.com.br\\\/afogadosfm\\\/2026\\\/03\\\/06\\\/pm-deu-detalhes-da-prisao-de-bando-acusado-de-sequestrar-empresario-em-tabira\\\/#primaryimage\"},\"thumbnailUrl\":\"https:\\\/\\\/i0.wp.com\\\/afogadosfm.com.br\\\/afogadosfm\\\/wp-content\\\/uploads\\\/2022\\\/01\\\/23bpm.jpg?fit=198%2C220&ssl=1\",\"articleSection\":[\"Pol\u00edcia\"],\"inLanguage\":\"pt-BR\",\"potentialAction\":[{\"@type\":\"CommentAction\",\"name\":\"Comment\",\"target\":[\"https:\\\/\\\/afogadosfm.com.br\\\/afogadosfm\\\/2026\\\/03\\\/06\\\/pm-deu-detalhes-da-prisao-de-bando-acusado-de-sequestrar-empresario-em-tabira\\\/#respond\"]}]},{\"@type\":\"WebPage\",\"@id\":\"https:\\\/\\\/afogadosfm.com.br\\\/afogadosfm\\\/2026\\\/03\\\/06\\\/pm-deu-detalhes-da-prisao-de-bando-acusado-de-sequestrar-empresario-em-tabira\\\/\",\"url\":\"https:\\\/\\\/afogadosfm.com.br\\\/afogadosfm\\\/2026\\\/03\\\/06\\\/pm-deu-detalhes-da-prisao-de-bando-acusado-de-sequestrar-empresario-em-tabira\\\/\",\"name\":\"PM deu detalhes da pris\u00e3o de bando acusado de sequestrar empres\u00e1rio em Tabira - Afogados FM\",\"isPartOf\":{\"@id\":\"https:\\\/\\\/afogadosfm.com.br\\\/afogadosfm\\\/#website\"},\"primaryImageOfPage\":{\"@id\":\"https:\\\/\\\/afogadosfm.com.br\\\/afogadosfm\\\/2026\\\/03\\\/06\\\/pm-deu-detalhes-da-prisao-de-bando-acusado-de-sequestrar-empresario-em-tabira\\\/#primaryimage\"},\"image\":{\"@id\":\"https:\\\/\\\/afogadosfm.com.br\\\/afogadosfm\\\/2026\\\/03\\\/06\\\/pm-deu-detalhes-da-prisao-de-bando-acusado-de-sequestrar-empresario-em-tabira\\\/#primaryimage\"},\"thumbnailUrl\":\"https:\\\/\\\/i0.wp.com\\\/afogadosfm.com.br\\\/afogadosfm\\\/wp-content\\\/uploads\\\/2022\\\/01\\\/23bpm.jpg?fit=198%2C220&ssl=1\",\"datePublished\":\"2026-03-06T10:05:16+00:00\",\"breadcrumb\":{\"@id\":\"https:\\\/\\\/afogadosfm.com.br\\\/afogadosfm\\\/2026\\\/03\\\/06\\\/pm-deu-detalhes-da-prisao-de-bando-acusado-de-sequestrar-empresario-em-tabira\\\/#breadcrumb\"},\"inLanguage\":\"pt-BR\",\"potentialAction\":[{\"@type\":\"ReadAction\",\"target\":[\"https:\\\/\\\/afogadosfm.com.br\\\/afogadosfm\\\/2026\\\/03\\\/06\\\/pm-deu-detalhes-da-prisao-de-bando-acusado-de-sequestrar-empresario-em-tabira\\\/\"]}]},{\"@type\":\"ImageObject\",\"inLanguage\":\"pt-BR\",\"@id\":\"https:\\\/\\\/afogadosfm.com.br\\\/afogadosfm\\\/2026\\\/03\\\/06\\\/pm-deu-detalhes-da-prisao-de-bando-acusado-de-sequestrar-empresario-em-tabira\\\/#primaryimage\",\"url\":\"https:\\\/\\\/i0.wp.com\\\/afogadosfm.com.br\\\/afogadosfm\\\/wp-content\\\/uploads\\\/2022\\\/01\\\/23bpm.jpg?fit=198%2C220&ssl=1\",\"contentUrl\":\"https:\\\/\\\/i0.wp.com\\\/afogadosfm.com.br\\\/afogadosfm\\\/wp-content\\\/uploads\\\/2022\\\/01\\\/23bpm.jpg?fit=198%2C220&ssl=1\",\"width\":198,\"height\":220},{\"@type\":\"BreadcrumbList\",\"@id\":\"https:\\\/\\\/afogadosfm.com.br\\\/afogadosfm\\\/2026\\\/03\\\/06\\\/pm-deu-detalhes-da-prisao-de-bando-acusado-de-sequestrar-empresario-em-tabira\\\/#breadcrumb\",\"itemListElement\":[{\"@type\":\"ListItem\",\"position\":1,\"name\":\"In\u00edcio\",\"item\":\"https:\\\/\\\/afogadosfm.com.br\\\/afogadosfm\\\/\"},{\"@type\":\"ListItem\",\"position\":2,\"name\":\"PM deu detalhes da pris\u00e3o de bando acusado de sequestrar empres\u00e1rio em Tabira\"}]},{\"@type\":\"WebSite\",\"@id\":\"https:\\\/\\\/afogadosfm.com.br\\\/afogadosfm\\\/#website\",\"url\":\"https:\\\/\\\/afogadosfm.com.br\\\/afogadosfm\\\/\",\"name\":\"Afogados FM\",\"description\":\"Um site completo!\",\"publisher\":{\"@id\":\"https:\\\/\\\/afogadosfm.com.br\\\/afogadosfm\\\/#organization\"},\"potentialAction\":[{\"@type\":\"SearchAction\",\"target\":{\"@type\":\"EntryPoint\",\"urlTemplate\":\"https:\\\/\\\/afogadosfm.com.br\\\/afogadosfm\\\/?s={search_term_string}\"},\"query-input\":{\"@type\":\"PropertyValueSpecification\",\"valueRequired\":true,\"valueName\":\"search_term_string\"}}],\"inLanguage\":\"pt-BR\"},{\"@type\":\"Organization\",\"@id\":\"https:\\\/\\\/afogadosfm.com.br\\\/afogadosfm\\\/#organization\",\"name\":\"Afogados FM\",\"url\":\"https:\\\/\\\/afogadosfm.com.br\\\/afogadosfm\\\/\",\"logo\":{\"@type\":\"ImageObject\",\"inLanguage\":\"pt-BR\",\"@id\":\"https:\\\/\\\/afogadosfm.com.br\\\/afogadosfm\\\/#\\\/schema\\\/logo\\\/image\\\/\",\"url\":\"https:\\\/\\\/i0.wp.com\\\/afogadosfm.com.br\\\/afogadosfm\\\/wp-content\\\/uploads\\\/2020\\\/06\\\/cropped-banner-afogados-4.jpg?fit=369%2C137&ssl=1\",\"contentUrl\":\"https:\\\/\\\/i0.wp.com\\\/afogadosfm.com.br\\\/afogadosfm\\\/wp-content\\\/uploads\\\/2020\\\/06\\\/cropped-banner-afogados-4.jpg?fit=369%2C137&ssl=1\",\"width\":369,\"height\":137,\"caption\":\"Afogados FM\"},\"image\":{\"@id\":\"https:\\\/\\\/afogadosfm.com.br\\\/afogadosfm\\\/#\\\/schema\\\/logo\\\/image\\\/\"}},{\"@type\":\"Person\",\"@id\":\"https:\\\/\\\/afogadosfm.com.br\\\/afogadosfm\\\/#\\\/schema\\\/person\\\/60e56f2cf5dc960fc093fe093d9e9057\",\"name\":\"afogadosfm\",\"image\":{\"@type\":\"ImageObject\",\"inLanguage\":\"pt-BR\",\"@id\":\"https:\\\/\\\/secure.gravatar.com\\\/avatar\\\/e0359add7ed5dc3560906d861b52c6a8cf5c1e199d3a7dd85070998f49bd4701?s=96&d=mm&r=g\",\"url\":\"https:\\\/\\\/secure.gravatar.com\\\/avatar\\\/e0359add7ed5dc3560906d861b52c6a8cf5c1e199d3a7dd85070998f49bd4701?s=96&d=mm&r=g\",\"contentUrl\":\"https:\\\/\\\/secure.gravatar.com\\\/avatar\\\/e0359add7ed5dc3560906d861b52c6a8cf5c1e199d3a7dd85070998f49bd4701?s=96&d=mm&r=g\",\"caption\":\"afogadosfm\"},\"url\":\"https:\\\/\\\/afogadosfm.com.br\\\/afogadosfm\\\/author\\\/afogadosfm\\\/\"}]}<\/script>\n<!-- \/ Yoast SEO plugin. -->","yoast_head_json":{"title":"PM deu detalhes da pris\u00e3o de bando acusado de sequestrar empres\u00e1rio em Tabira - Afogados FM","robots":{"index":"index","follow":"follow","max-snippet":"max-snippet:-1","max-image-preview":"max-image-preview:large","max-video-preview":"max-video-preview:-1"},"canonical":"https:\/\/afogadosfm.com.br\/afogadosfm\/2026\/03\/06\/pm-deu-detalhes-da-prisao-de-bando-acusado-de-sequestrar-empresario-em-tabira\/","og_locale":"pt_BR","og_type":"article","og_title":"PM deu detalhes da pris\u00e3o de bando acusado de sequestrar empres\u00e1rio em Tabira - Afogados FM","og_description":"Policiais militares do 23\u00b0 BPM receberam informa\u00e7\u00f5es do servi\u00e7o de intelig\u00eancia de que, num hotel, em Afogados da Ingazeira, estariam","og_url":"https:\/\/afogadosfm.com.br\/afogadosfm\/2026\/03\/06\/pm-deu-detalhes-da-prisao-de-bando-acusado-de-sequestrar-empresario-em-tabira\/","og_site_name":"Afogados FM","article_published_time":"2026-03-06T10:05:16+00:00","og_image":[{"width":198,"height":220,"url":"https:\/\/afogadosfm.com.br\/afogadosfm\/wp-content\/uploads\/2022\/01\/23bpm.jpg","type":"image\/jpeg"}],"author":"afogadosfm","twitter_card":"summary_large_image","twitter_misc":{"Escrito por":"afogadosfm","Est. tempo de leitura":"2 minutos"},"schema":{"@context":"https:\/\/schema.org","@graph":[{"@type":"Article","@id":"https:\/\/afogadosfm.com.br\/afogadosfm\/2026\/03\/06\/pm-deu-detalhes-da-prisao-de-bando-acusado-de-sequestrar-empresario-em-tabira\/#article","isPartOf":{"@id":"https:\/\/afogadosfm.com.br\/afogadosfm\/2026\/03\/06\/pm-deu-detalhes-da-prisao-de-bando-acusado-de-sequestrar-empresario-em-tabira\/"},"author":{"name":"afogadosfm","@id":"https:\/\/afogadosfm.com.br\/afogadosfm\/#\/schema\/person\/60e56f2cf5dc960fc093fe093d9e9057"},"headline":"PM deu detalhes da pris\u00e3o de bando acusado de sequestrar empres\u00e1rio em Tabira","datePublished":"2026-03-06T10:05:16+00:00","mainEntityOfPage":{"@id":"https:\/\/afogadosfm.com.br\/afogadosfm\/2026\/03\/06\/pm-deu-detalhes-da-prisao-de-bando-acusado-de-sequestrar-empresario-em-tabira\/"},"wordCount":325,"commentCount":0,"publisher":{"@id":"https:\/\/afogadosfm.com.br\/afogadosfm\/#organization"},"image":{"@id":"https:\/\/afogadosfm.com.br\/afogadosfm\/2026\/03\/06\/pm-deu-detalhes-da-prisao-de-bando-acusado-de-sequestrar-empresario-em-tabira\/#primaryimage"},"thumbnailUrl":"https:\/\/i0.wp.com\/afogadosfm.com.br\/afogadosfm\/wp-content\/uploads\/2022\/01\/23bpm.jpg?fit=198%2C220&ssl=1","articleSection":["Pol\u00edcia"],"inLanguage":"pt-BR","potentialAction":[{"@type":"CommentAction","name":"Comment","target":["https:\/\/afogadosfm.com.br\/afogadosfm\/2026\/03\/06\/pm-deu-detalhes-da-prisao-de-bando-acusado-de-sequestrar-empresario-em-tabira\/#respond"]}]},{"@type":"WebPage","@id":"https:\/\/afogadosfm.com.br\/afogadosfm\/2026\/03\/06\/pm-deu-detalhes-da-prisao-de-bando-acusado-de-sequestrar-empresario-em-tabira\/","url":"https:\/\/afogadosfm.com.br\/afogadosfm\/2026\/03\/06\/pm-deu-detalhes-da-prisao-de-bando-acusado-de-sequestrar-empresario-em-tabira\/","name":"PM deu detalhes da pris\u00e3o de bando acusado de sequestrar empres\u00e1rio em Tabira - Afogados FM","isPartOf":{"@id":"https:\/\/afogadosfm.com.br\/afogadosfm\/#website"},"primaryImageOfPage":{"@id":"https:\/\/afogadosfm.com.br\/afogadosfm\/2026\/03\/06\/pm-deu-detalhes-da-prisao-de-bando-acusado-de-sequestrar-empresario-em-tabira\/#primaryimage"},"image":{"@id":"https:\/\/afogadosfm.com.br\/afogadosfm\/2026\/03\/06\/pm-deu-detalhes-da-prisao-de-bando-acusado-de-sequestrar-empresario-em-tabira\/#primaryimage"},"thumbnailUrl":"https:\/\/i0.wp.com\/afogadosfm.com.br\/afogadosfm\/wp-content\/uploads\/2022\/01\/23bpm.jpg?fit=198%2C220&ssl=1","datePublished":"2026-03-06T10:05:16+00:00","breadcrumb":{"@id":"https:\/\/afogadosfm.com.br\/afogadosfm\/2026\/03\/06\/pm-deu-detalhes-da-prisao-de-bando-acusado-de-sequestrar-empresario-em-tabira\/#breadcrumb"},"inLanguage":"pt-BR","potentialAction":[{"@type":"ReadAction","target":["https:\/\/afogadosfm.com.br\/afogadosfm\/2026\/03\/06\/pm-deu-detalhes-da-prisao-de-bando-acusado-de-sequestrar-empresario-em-tabira\/"]}]},{"@type":"ImageObject","inLanguage":"pt-BR","@id":"https:\/\/afogadosfm.com.br\/afogadosfm\/2026\/03\/06\/pm-deu-detalhes-da-prisao-de-bando-acusado-de-sequestrar-empresario-em-tabira\/#primaryimage","url":"https:\/\/i0.wp.com\/afogadosfm.com.br\/afogadosfm\/wp-content\/uploads\/2022\/01\/23bpm.jpg?fit=198%2C220&ssl=1","contentUrl":"https:\/\/i0.wp.com\/afogadosfm.com.br\/afogadosfm\/wp-content\/uploads\/2022\/01\/23bpm.jpg?fit=198%2C220&ssl=1","width":198,"height":220},{"@type":"BreadcrumbList","@id":"https:\/\/afogadosfm.com.br\/afogadosfm\/2026\/03\/06\/pm-deu-detalhes-da-prisao-de-bando-acusado-de-sequestrar-empresario-em-tabira\/#breadcrumb","itemListElement":[{"@type":"ListItem","position":1,"name":"In\u00edcio","item":"https:\/\/afogadosfm.com.br\/afogadosfm\/"},{"@type":"ListItem","position":2,"name":"PM deu detalhes da pris\u00e3o de bando acusado de sequestrar empres\u00e1rio em Tabira"}]},{"@type":"WebSite","@id":"https:\/\/afogadosfm.com.br\/afogadosfm\/#website","url":"https:\/\/afogadosfm.com.br\/afogadosfm\/","name":"Afogados FM","description":"Um site completo!","publisher":{"@id":"https:\/\/afogadosfm.com.br\/afogadosfm\/#organization"},"potentialAction":[{"@type":"SearchAction","target":{"@type":"EntryPoint","urlTemplate":"https:\/\/afogadosfm.com.br\/afogadosfm\/?s={search_term_string}"},"query-input":{"@type":"PropertyValueSpecification","valueRequired":true,"valueName":"search_term_string"}}],"inLanguage":"pt-BR"},{"@type":"Organization","@id":"https:\/\/afogadosfm.com.br\/afogadosfm\/#organization","name":"Afogados FM","url":"https:\/\/afogadosfm.com.br\/afogadosfm\/","logo":{"@type":"ImageObject","inLanguage":"pt-BR","@id":"https:\/\/afogadosfm.com.br\/afogadosfm\/#\/schema\/logo\/image\/","url":"https:\/\/i0.wp.com\/afogadosfm.com.br\/afogadosfm\/wp-content\/uploads\/2020\/06\/cropped-banner-afogados-4.jpg?fit=369%2C137&ssl=1","contentUrl":"https:\/\/i0.wp.com\/afogadosfm.com.br\/afogadosfm\/wp-content\/uploads\/2020\/06\/cropped-banner-afogados-4.jpg?fit=369%2C137&ssl=1","width":369,"height":137,"caption":"Afogados FM"},"image":{"@id":"https:\/\/afogadosfm.com.br\/afogadosfm\/#\/schema\/logo\/image\/"}},{"@type":"Person","@id":"https:\/\/afogadosfm.com.br\/afogadosfm\/#\/schema\/person\/60e56f2cf5dc960fc093fe093d9e9057","name":"afogadosfm","image":{"@type":"ImageObject","inLanguage":"pt-BR","@id":"https:\/\/secure.gravatar.com\/avatar\/e0359add7ed5dc3560906d861b52c6a8cf5c1e199d3a7dd85070998f49bd4701?s=96&d=mm&r=g","url":"https:\/\/secure.gravatar.com\/avatar\/e0359add7ed5dc3560906d861b52c6a8cf5c1e199d3a7dd85070998f49bd4701?s=96&d=mm&r=g","contentUrl":"https:\/\/secure.gravatar.com\/avatar\/e0359add7ed5dc3560906d861b52c6a8cf5c1e199d3a7dd85070998f49bd4701?s=96&d=mm&r=g","caption":"afogadosfm"},"url":"https:\/\/afogadosfm.com.br\/afogadosfm\/author\/afogadosfm\/"}]}},"jetpack_publicize_connections":[],"jetpack_featured_media_url":"https:\/\/i0.wp.com\/afogadosfm.com.br\/afogadosfm\/wp-content\/uploads\/2022\/01\/23bpm.jpg?fit=198%2C220&ssl=1","jetpack-related-posts":[],"jetpack_sharing_enabled":true,"jetpack_likes_enabled":true,"_links":{"self":[{"href":"https:\/\/afogadosfm.com.br\/afogadosfm\/wp-json\/wp\/v2\/posts\/73099","targetHints":{"allow":["GET"]}}],"collection":[{"href":"https:\/\/afogadosfm.com.br\/afogadosfm\/wp-json\/wp\/v2\/posts"}],"about":[{"href":"https:\/\/afogadosfm.com.br\/afogadosfm\/wp-json\/wp\/v2\/types\/post"}],"author":[{"embeddable":true,"href":"https:\/\/afogadosfm.com.br\/afogadosfm\/wp-json\/wp\/v2\/users\/2"}],"replies":[{"embeddable":true,"href":"https:\/\/afogadosfm.com.br\/afogadosfm\/wp-json\/wp\/v2\/comments?post=73099"}],"version-history":[{"count":1,"href":"https:\/\/afogadosfm.com.br\/afogadosfm\/wp-json\/wp\/v2\/posts\/73099\/revisions"}],"predecessor-version":[{"id":73100,"href":"https:\/\/afogadosfm.com.br\/afogadosfm\/wp-json\/wp\/v2\/posts\/73099\/revisions\/73100"}],"wp:featuredmedia":[{"embeddable":true,"href":"https:\/\/afogadosfm.com.br\/afogadosfm\/wp-json\/wp\/v2\/media\/33834"}],"wp:attachment":[{"href":"https:\/\/afogadosfm.com.br\/afogadosfm\/wp-json\/wp\/v2\/media?parent=73099"}],"wp:term":[{"taxonomy":"category","embeddable":true,"href":"https:\/\/afogadosfm.com.br\/afogadosfm\/wp-json\/wp\/v2\/categories?post=73099"},{"taxonomy":"post_tag","embeddable":true,"href":"https:\/\/afogadosfm.com.br\/afogadosfm\/wp-json\/wp\/v2\/tags?post=73099"}],"curies":[{"name":"wp","href":"https:\/\/api.w.org\/{rel}","templated":true}]}}