{"id":73114,"date":"2026-03-07T07:47:36","date_gmt":"2026-03-07T10:47:36","guid":{"rendered":"https:\/\/afogadosfm.com.br\/afogadosfm\/?p=73114"},"modified":"2026-03-07T07:47:36","modified_gmt":"2026-03-07T10:47:36","slug":"projeto-de-lei-do-dep-luciano-duque-propoe-piso-salarial-de-r-5-mil-para-conselheiros-tutelares-em-pe","status":"publish","type":"post","link":"https:\/\/afogadosfm.com.br\/afogadosfm\/2026\/03\/07\/projeto-de-lei-do-dep-luciano-duque-propoe-piso-salarial-de-r-5-mil-para-conselheiros-tutelares-em-pe\/","title":{"rendered":"Projeto de Lei do Dep.Luciano Duque prop\u00f5e piso salarial de R$ 5 mil para conselheiros tutelares em PE"},"content":{"rendered":"<p>O deputado estadual Luciano Duque apresentou na Assembleia Legislativa de Pernambuco (Alepe) um Projeto de Lei que institui o piso salarial para os conselheiros tutelares no Estado. A proposta estabelece remunera\u00e7\u00e3o m\u00ednima de R$ 5 mil mensais, para jornada de 40 horas semanais, como forma de valorizar os profissionais respons\u00e1veis pela prote\u00e7\u00e3o e garantia dos direitos de crian\u00e7as e adolescentes.<\/p>\n<p>Pelo texto, o valor passa a ser o m\u00ednimo obrigat\u00f3rio, permitindo que os munic\u00edpios paguem remunera\u00e7\u00f5es superiores conforme sua capacidade or\u00e7ament\u00e1ria. O projeto tamb\u00e9m prev\u00ea reajuste anual pelo INPC e estabelece que os munic\u00edpios pernambucanos dever\u00e3o adequar a remunera\u00e7\u00e3o dos conselheiros tutelares ao piso definido.<\/p>\n<p>Autor da proposta, Duque destacou que os conselheiros tutelares exercem um papel fundamental na defesa da inf\u00e2ncia e da adolesc\u00eancia, muitas vezes em condi\u00e7\u00f5es de trabalho prec\u00e1rias e com remunera\u00e7\u00e3o desigual entre os munic\u00edpios. \u201cOs conselheiros tutelares est\u00e3o na linha de frente da prote\u00e7\u00e3o das nossas crian\u00e7as e adolescentes. S\u00e3o profissionais que lidam diariamente com situa\u00e7\u00f5es de viol\u00eancia, abandono e vulnerabilidade. \u00c9 preciso reconhecer a import\u00e2ncia desse trabalho e garantir uma remunera\u00e7\u00e3o digna e mais justa em todo o estado\u201d, afirmou o parlamentar.<\/p>\n<p>O deputado tamb\u00e9m ressaltou que a proposta busca uniformizar a remunera\u00e7\u00e3o b\u00e1sica da categoria e fortalecer o Sistema de Garantia de Direitos da Crian\u00e7a e do Adolescente em Pernambuco. \u201cHoje existe uma grande desigualdade entre munic\u00edpios. H\u00e1 conselheiros tutelares que recebem sal\u00e1rios muito baixos para exercer uma fun\u00e7\u00e3o t\u00e3o essencial. Nosso objetivo \u00e9 estabelecer um piso que assegure dignidade a esses profissionais e fortale\u00e7a a rede de prote\u00e7\u00e3o \u00e0s crian\u00e7as e adolescentes\u201d, completou.<\/p>\n<p>O projeto prev\u00ea ainda que o Governo do Estado condicione conv\u00eanios e repasses volunt\u00e1rios aos munic\u00edpios ao cumprimento da implementa\u00e7\u00e3o do piso salarial, incentivando a ades\u00e3o das gest\u00f5es municipais \u00e0 medida. A proposta agora seguir\u00e1 tramita\u00e7\u00e3o nas comiss\u00f5es da Assembleia Legislativa antes de ser apreciada em plen\u00e1rio.<\/p>\n","protected":false},"excerpt":{"rendered":"<p>O deputado estadual Luciano Duque apresentou na Assembleia Legislativa de Pernambuco (Alepe) um Projeto de Lei que institui o piso<\/p>\n","protected":false},"author":2,"featured_media":60733,"comment_status":"open","ping_status":"open","sticky":false,"template":"","format":"standard","meta":{"jetpack_post_was_ever_published":false,"_jetpack_newsletter_access":"","_jetpack_dont_email_post_to_subs":false,"_jetpack_newsletter_tier_id":0,"_jetpack_memberships_contains_paywalled_content":false,"_jetpack_memberships_contains_paid_content":false,"footnotes":"","jetpack_publicize_message":"","jetpack_publicize_feature_enabled":true,"jetpack_social_post_already_shared":true,"jetpack_social_options":{"image_generator_settings":{"template":"highway","default_image_id":0,"font":"","enabled":false},"version":2}},"categories":[13],"tags":[],"class_list":["post-73114","post","type-post","status-publish","format-standard","has-post-thumbnail","hentry","category-pernambuco"],"yoast_head":"<!-- This site is optimized with the Yoast SEO plugin v27.4 - https:\/\/yoast.com\/product\/yoast-seo-wordpress\/ -->\n<title>Projeto de Lei do Dep.Luciano Duque prop\u00f5e piso salarial de R$ 5 mil para conselheiros tutelares em PE - Afogados FM<\/title>\n<meta name=\"robots\" content=\"index, follow, max-snippet:-1, max-image-preview:large, max-video-preview:-1\" \/>\n<link rel=\"canonical\" href=\"https:\/\/afogadosfm.com.br\/afogadosfm\/2026\/03\/07\/projeto-de-lei-do-dep-luciano-duque-propoe-piso-salarial-de-r-5-mil-para-conselheiros-tutelares-em-pe\/\" \/>\n<meta property=\"og:locale\" content=\"pt_BR\" \/>\n<meta property=\"og:type\" content=\"article\" \/>\n<meta property=\"og:title\" content=\"Projeto de Lei do Dep.Luciano Duque prop\u00f5e piso salarial de R$ 5 mil para conselheiros tutelares em PE - Afogados FM\" \/>\n<meta property=\"og:description\" content=\"O deputado estadual Luciano Duque apresentou na Assembleia Legislativa de Pernambuco (Alepe) um Projeto de Lei que institui o piso\" \/>\n<meta property=\"og:url\" content=\"https:\/\/afogadosfm.com.br\/afogadosfm\/2026\/03\/07\/projeto-de-lei-do-dep-luciano-duque-propoe-piso-salarial-de-r-5-mil-para-conselheiros-tutelares-em-pe\/\" \/>\n<meta property=\"og:site_name\" content=\"Afogados FM\" \/>\n<meta property=\"article:published_time\" content=\"2026-03-07T10:47:36+00:00\" \/>\n<meta property=\"og:image\" content=\"https:\/\/afogadosfm.com.br\/afogadosfm\/wp-content\/uploads\/2024\/11\/duque-2.jpg\" \/>\n\t<meta property=\"og:image:width\" content=\"400\" \/>\n\t<meta property=\"og:image:height\" content=\"266\" \/>\n\t<meta property=\"og:image:type\" content=\"image\/jpeg\" \/>\n<meta name=\"author\" content=\"afogadosfm\" \/>\n<meta name=\"twitter:card\" content=\"summary_large_image\" \/>\n<meta name=\"twitter:label1\" content=\"Escrito por\" \/>\n\t<meta name=\"twitter:data1\" content=\"afogadosfm\" \/>\n\t<meta name=\"twitter:label2\" content=\"Est. tempo de leitura\" \/>\n\t<meta name=\"twitter:data2\" content=\"2 minutos\" \/>\n<script type=\"application\/ld+json\" class=\"yoast-schema-graph\">{\"@context\":\"https:\\\/\\\/schema.org\",\"@graph\":[{\"@type\":\"Article\",\"@id\":\"https:\\\/\\\/afogadosfm.com.br\\\/afogadosfm\\\/2026\\\/03\\\/07\\\/projeto-de-lei-do-dep-luciano-duque-propoe-piso-salarial-de-r-5-mil-para-conselheiros-tutelares-em-pe\\\/#article\",\"isPartOf\":{\"@id\":\"https:\\\/\\\/afogadosfm.com.br\\\/afogadosfm\\\/2026\\\/03\\\/07\\\/projeto-de-lei-do-dep-luciano-duque-propoe-piso-salarial-de-r-5-mil-para-conselheiros-tutelares-em-pe\\\/\"},\"author\":{\"name\":\"afogadosfm\",\"@id\":\"https:\\\/\\\/afogadosfm.com.br\\\/afogadosfm\\\/#\\\/schema\\\/person\\\/60e56f2cf5dc960fc093fe093d9e9057\"},\"headline\":\"Projeto de Lei do Dep.Luciano Duque prop\u00f5e piso salarial de R$ 5 mil para conselheiros tutelares em PE\",\"datePublished\":\"2026-03-07T10:47:36+00:00\",\"mainEntityOfPage\":{\"@id\":\"https:\\\/\\\/afogadosfm.com.br\\\/afogadosfm\\\/2026\\\/03\\\/07\\\/projeto-de-lei-do-dep-luciano-duque-propoe-piso-salarial-de-r-5-mil-para-conselheiros-tutelares-em-pe\\\/\"},\"wordCount\":371,\"commentCount\":0,\"publisher\":{\"@id\":\"https:\\\/\\\/afogadosfm.com.br\\\/afogadosfm\\\/#organization\"},\"image\":{\"@id\":\"https:\\\/\\\/afogadosfm.com.br\\\/afogadosfm\\\/2026\\\/03\\\/07\\\/projeto-de-lei-do-dep-luciano-duque-propoe-piso-salarial-de-r-5-mil-para-conselheiros-tutelares-em-pe\\\/#primaryimage\"},\"thumbnailUrl\":\"https:\\\/\\\/i0.wp.com\\\/afogadosfm.com.br\\\/afogadosfm\\\/wp-content\\\/uploads\\\/2024\\\/11\\\/duque-2.jpg?fit=400%2C266&ssl=1\",\"articleSection\":[\"Pernambuco\"],\"inLanguage\":\"pt-BR\",\"potentialAction\":[{\"@type\":\"CommentAction\",\"name\":\"Comment\",\"target\":[\"https:\\\/\\\/afogadosfm.com.br\\\/afogadosfm\\\/2026\\\/03\\\/07\\\/projeto-de-lei-do-dep-luciano-duque-propoe-piso-salarial-de-r-5-mil-para-conselheiros-tutelares-em-pe\\\/#respond\"]}]},{\"@type\":\"WebPage\",\"@id\":\"https:\\\/\\\/afogadosfm.com.br\\\/afogadosfm\\\/2026\\\/03\\\/07\\\/projeto-de-lei-do-dep-luciano-duque-propoe-piso-salarial-de-r-5-mil-para-conselheiros-tutelares-em-pe\\\/\",\"url\":\"https:\\\/\\\/afogadosfm.com.br\\\/afogadosfm\\\/2026\\\/03\\\/07\\\/projeto-de-lei-do-dep-luciano-duque-propoe-piso-salarial-de-r-5-mil-para-conselheiros-tutelares-em-pe\\\/\",\"name\":\"Projeto de Lei do Dep.Luciano Duque prop\u00f5e piso salarial de R$ 5 mil para conselheiros tutelares em PE - Afogados FM\",\"isPartOf\":{\"@id\":\"https:\\\/\\\/afogadosfm.com.br\\\/afogadosfm\\\/#website\"},\"primaryImageOfPage\":{\"@id\":\"https:\\\/\\\/afogadosfm.com.br\\\/afogadosfm\\\/2026\\\/03\\\/07\\\/projeto-de-lei-do-dep-luciano-duque-propoe-piso-salarial-de-r-5-mil-para-conselheiros-tutelares-em-pe\\\/#primaryimage\"},\"image\":{\"@id\":\"https:\\\/\\\/afogadosfm.com.br\\\/afogadosfm\\\/2026\\\/03\\\/07\\\/projeto-de-lei-do-dep-luciano-duque-propoe-piso-salarial-de-r-5-mil-para-conselheiros-tutelares-em-pe\\\/#primaryimage\"},\"thumbnailUrl\":\"https:\\\/\\\/i0.wp.com\\\/afogadosfm.com.br\\\/afogadosfm\\\/wp-content\\\/uploads\\\/2024\\\/11\\\/duque-2.jpg?fit=400%2C266&ssl=1\",\"datePublished\":\"2026-03-07T10:47:36+00:00\",\"breadcrumb\":{\"@id\":\"https:\\\/\\\/afogadosfm.com.br\\\/afogadosfm\\\/2026\\\/03\\\/07\\\/projeto-de-lei-do-dep-luciano-duque-propoe-piso-salarial-de-r-5-mil-para-conselheiros-tutelares-em-pe\\\/#breadcrumb\"},\"inLanguage\":\"pt-BR\",\"potentialAction\":[{\"@type\":\"ReadAction\",\"target\":[\"https:\\\/\\\/afogadosfm.com.br\\\/afogadosfm\\\/2026\\\/03\\\/07\\\/projeto-de-lei-do-dep-luciano-duque-propoe-piso-salarial-de-r-5-mil-para-conselheiros-tutelares-em-pe\\\/\"]}]},{\"@type\":\"ImageObject\",\"inLanguage\":\"pt-BR\",\"@id\":\"https:\\\/\\\/afogadosfm.com.br\\\/afogadosfm\\\/2026\\\/03\\\/07\\\/projeto-de-lei-do-dep-luciano-duque-propoe-piso-salarial-de-r-5-mil-para-conselheiros-tutelares-em-pe\\\/#primaryimage\",\"url\":\"https:\\\/\\\/i0.wp.com\\\/afogadosfm.com.br\\\/afogadosfm\\\/wp-content\\\/uploads\\\/2024\\\/11\\\/duque-2.jpg?fit=400%2C266&ssl=1\",\"contentUrl\":\"https:\\\/\\\/i0.wp.com\\\/afogadosfm.com.br\\\/afogadosfm\\\/wp-content\\\/uploads\\\/2024\\\/11\\\/duque-2.jpg?fit=400%2C266&ssl=1\",\"width\":400,\"height\":266},{\"@type\":\"BreadcrumbList\",\"@id\":\"https:\\\/\\\/afogadosfm.com.br\\\/afogadosfm\\\/2026\\\/03\\\/07\\\/projeto-de-lei-do-dep-luciano-duque-propoe-piso-salarial-de-r-5-mil-para-conselheiros-tutelares-em-pe\\\/#breadcrumb\",\"itemListElement\":[{\"@type\":\"ListItem\",\"position\":1,\"name\":\"In\u00edcio\",\"item\":\"https:\\\/\\\/afogadosfm.com.br\\\/afogadosfm\\\/\"},{\"@type\":\"ListItem\",\"position\":2,\"name\":\"Projeto de Lei do Dep.Luciano Duque prop\u00f5e piso salarial de R$ 5 mil para conselheiros tutelares em PE\"}]},{\"@type\":\"WebSite\",\"@id\":\"https:\\\/\\\/afogadosfm.com.br\\\/afogadosfm\\\/#website\",\"url\":\"https:\\\/\\\/afogadosfm.com.br\\\/afogadosfm\\\/\",\"name\":\"Afogados FM\",\"description\":\"Um site completo!\",\"publisher\":{\"@id\":\"https:\\\/\\\/afogadosfm.com.br\\\/afogadosfm\\\/#organization\"},\"potentialAction\":[{\"@type\":\"SearchAction\",\"target\":{\"@type\":\"EntryPoint\",\"urlTemplate\":\"https:\\\/\\\/afogadosfm.com.br\\\/afogadosfm\\\/?s={search_term_string}\"},\"query-input\":{\"@type\":\"PropertyValueSpecification\",\"valueRequired\":true,\"valueName\":\"search_term_string\"}}],\"inLanguage\":\"pt-BR\"},{\"@type\":\"Organization\",\"@id\":\"https:\\\/\\\/afogadosfm.com.br\\\/afogadosfm\\\/#organization\",\"name\":\"Afogados FM\",\"url\":\"https:\\\/\\\/afogadosfm.com.br\\\/afogadosfm\\\/\",\"logo\":{\"@type\":\"ImageObject\",\"inLanguage\":\"pt-BR\",\"@id\":\"https:\\\/\\\/afogadosfm.com.br\\\/afogadosfm\\\/#\\\/schema\\\/logo\\\/image\\\/\",\"url\":\"https:\\\/\\\/i0.wp.com\\\/afogadosfm.com.br\\\/afogadosfm\\\/wp-content\\\/uploads\\\/2020\\\/06\\\/cropped-banner-afogados-4.jpg?fit=369%2C137&ssl=1\",\"contentUrl\":\"https:\\\/\\\/i0.wp.com\\\/afogadosfm.com.br\\\/afogadosfm\\\/wp-content\\\/uploads\\\/2020\\\/06\\\/cropped-banner-afogados-4.jpg?fit=369%2C137&ssl=1\",\"width\":369,\"height\":137,\"caption\":\"Afogados FM\"},\"image\":{\"@id\":\"https:\\\/\\\/afogadosfm.com.br\\\/afogadosfm\\\/#\\\/schema\\\/logo\\\/image\\\/\"}},{\"@type\":\"Person\",\"@id\":\"https:\\\/\\\/afogadosfm.com.br\\\/afogadosfm\\\/#\\\/schema\\\/person\\\/60e56f2cf5dc960fc093fe093d9e9057\",\"name\":\"afogadosfm\",\"image\":{\"@type\":\"ImageObject\",\"inLanguage\":\"pt-BR\",\"@id\":\"https:\\\/\\\/secure.gravatar.com\\\/avatar\\\/e0359add7ed5dc3560906d861b52c6a8cf5c1e199d3a7dd85070998f49bd4701?s=96&d=mm&r=g\",\"url\":\"https:\\\/\\\/secure.gravatar.com\\\/avatar\\\/e0359add7ed5dc3560906d861b52c6a8cf5c1e199d3a7dd85070998f49bd4701?s=96&d=mm&r=g\",\"contentUrl\":\"https:\\\/\\\/secure.gravatar.com\\\/avatar\\\/e0359add7ed5dc3560906d861b52c6a8cf5c1e199d3a7dd85070998f49bd4701?s=96&d=mm&r=g\",\"caption\":\"afogadosfm\"},\"url\":\"https:\\\/\\\/afogadosfm.com.br\\\/afogadosfm\\\/author\\\/afogadosfm\\\/\"}]}<\/script>\n<!-- \/ Yoast SEO plugin. -->","yoast_head_json":{"title":"Projeto de Lei do Dep.Luciano Duque prop\u00f5e piso salarial de R$ 5 mil para conselheiros tutelares em PE - Afogados FM","robots":{"index":"index","follow":"follow","max-snippet":"max-snippet:-1","max-image-preview":"max-image-preview:large","max-video-preview":"max-video-preview:-1"},"canonical":"https:\/\/afogadosfm.com.br\/afogadosfm\/2026\/03\/07\/projeto-de-lei-do-dep-luciano-duque-propoe-piso-salarial-de-r-5-mil-para-conselheiros-tutelares-em-pe\/","og_locale":"pt_BR","og_type":"article","og_title":"Projeto de Lei do Dep.Luciano Duque prop\u00f5e piso salarial de R$ 5 mil para conselheiros tutelares em PE - Afogados FM","og_description":"O deputado estadual Luciano Duque apresentou na Assembleia Legislativa de Pernambuco (Alepe) um Projeto de Lei que institui o piso","og_url":"https:\/\/afogadosfm.com.br\/afogadosfm\/2026\/03\/07\/projeto-de-lei-do-dep-luciano-duque-propoe-piso-salarial-de-r-5-mil-para-conselheiros-tutelares-em-pe\/","og_site_name":"Afogados FM","article_published_time":"2026-03-07T10:47:36+00:00","og_image":[{"width":400,"height":266,"url":"https:\/\/afogadosfm.com.br\/afogadosfm\/wp-content\/uploads\/2024\/11\/duque-2.jpg","type":"image\/jpeg"}],"author":"afogadosfm","twitter_card":"summary_large_image","twitter_misc":{"Escrito por":"afogadosfm","Est. tempo de leitura":"2 minutos"},"schema":{"@context":"https:\/\/schema.org","@graph":[{"@type":"Article","@id":"https:\/\/afogadosfm.com.br\/afogadosfm\/2026\/03\/07\/projeto-de-lei-do-dep-luciano-duque-propoe-piso-salarial-de-r-5-mil-para-conselheiros-tutelares-em-pe\/#article","isPartOf":{"@id":"https:\/\/afogadosfm.com.br\/afogadosfm\/2026\/03\/07\/projeto-de-lei-do-dep-luciano-duque-propoe-piso-salarial-de-r-5-mil-para-conselheiros-tutelares-em-pe\/"},"author":{"name":"afogadosfm","@id":"https:\/\/afogadosfm.com.br\/afogadosfm\/#\/schema\/person\/60e56f2cf5dc960fc093fe093d9e9057"},"headline":"Projeto de Lei do Dep.Luciano Duque prop\u00f5e piso salarial de R$ 5 mil para conselheiros tutelares em PE","datePublished":"2026-03-07T10:47:36+00:00","mainEntityOfPage":{"@id":"https:\/\/afogadosfm.com.br\/afogadosfm\/2026\/03\/07\/projeto-de-lei-do-dep-luciano-duque-propoe-piso-salarial-de-r-5-mil-para-conselheiros-tutelares-em-pe\/"},"wordCount":371,"commentCount":0,"publisher":{"@id":"https:\/\/afogadosfm.com.br\/afogadosfm\/#organization"},"image":{"@id":"https:\/\/afogadosfm.com.br\/afogadosfm\/2026\/03\/07\/projeto-de-lei-do-dep-luciano-duque-propoe-piso-salarial-de-r-5-mil-para-conselheiros-tutelares-em-pe\/#primaryimage"},"thumbnailUrl":"https:\/\/i0.wp.com\/afogadosfm.com.br\/afogadosfm\/wp-content\/uploads\/2024\/11\/duque-2.jpg?fit=400%2C266&ssl=1","articleSection":["Pernambuco"],"inLanguage":"pt-BR","potentialAction":[{"@type":"CommentAction","name":"Comment","target":["https:\/\/afogadosfm.com.br\/afogadosfm\/2026\/03\/07\/projeto-de-lei-do-dep-luciano-duque-propoe-piso-salarial-de-r-5-mil-para-conselheiros-tutelares-em-pe\/#respond"]}]},{"@type":"WebPage","@id":"https:\/\/afogadosfm.com.br\/afogadosfm\/2026\/03\/07\/projeto-de-lei-do-dep-luciano-duque-propoe-piso-salarial-de-r-5-mil-para-conselheiros-tutelares-em-pe\/","url":"https:\/\/afogadosfm.com.br\/afogadosfm\/2026\/03\/07\/projeto-de-lei-do-dep-luciano-duque-propoe-piso-salarial-de-r-5-mil-para-conselheiros-tutelares-em-pe\/","name":"Projeto de Lei do Dep.Luciano Duque prop\u00f5e piso salarial de R$ 5 mil para conselheiros tutelares em PE - Afogados FM","isPartOf":{"@id":"https:\/\/afogadosfm.com.br\/afogadosfm\/#website"},"primaryImageOfPage":{"@id":"https:\/\/afogadosfm.com.br\/afogadosfm\/2026\/03\/07\/projeto-de-lei-do-dep-luciano-duque-propoe-piso-salarial-de-r-5-mil-para-conselheiros-tutelares-em-pe\/#primaryimage"},"image":{"@id":"https:\/\/afogadosfm.com.br\/afogadosfm\/2026\/03\/07\/projeto-de-lei-do-dep-luciano-duque-propoe-piso-salarial-de-r-5-mil-para-conselheiros-tutelares-em-pe\/#primaryimage"},"thumbnailUrl":"https:\/\/i0.wp.com\/afogadosfm.com.br\/afogadosfm\/wp-content\/uploads\/2024\/11\/duque-2.jpg?fit=400%2C266&ssl=1","datePublished":"2026-03-07T10:47:36+00:00","breadcrumb":{"@id":"https:\/\/afogadosfm.com.br\/afogadosfm\/2026\/03\/07\/projeto-de-lei-do-dep-luciano-duque-propoe-piso-salarial-de-r-5-mil-para-conselheiros-tutelares-em-pe\/#breadcrumb"},"inLanguage":"pt-BR","potentialAction":[{"@type":"ReadAction","target":["https:\/\/afogadosfm.com.br\/afogadosfm\/2026\/03\/07\/projeto-de-lei-do-dep-luciano-duque-propoe-piso-salarial-de-r-5-mil-para-conselheiros-tutelares-em-pe\/"]}]},{"@type":"ImageObject","inLanguage":"pt-BR","@id":"https:\/\/afogadosfm.com.br\/afogadosfm\/2026\/03\/07\/projeto-de-lei-do-dep-luciano-duque-propoe-piso-salarial-de-r-5-mil-para-conselheiros-tutelares-em-pe\/#primaryimage","url":"https:\/\/i0.wp.com\/afogadosfm.com.br\/afogadosfm\/wp-content\/uploads\/2024\/11\/duque-2.jpg?fit=400%2C266&ssl=1","contentUrl":"https:\/\/i0.wp.com\/afogadosfm.com.br\/afogadosfm\/wp-content\/uploads\/2024\/11\/duque-2.jpg?fit=400%2C266&ssl=1","width":400,"height":266},{"@type":"BreadcrumbList","@id":"https:\/\/afogadosfm.com.br\/afogadosfm\/2026\/03\/07\/projeto-de-lei-do-dep-luciano-duque-propoe-piso-salarial-de-r-5-mil-para-conselheiros-tutelares-em-pe\/#breadcrumb","itemListElement":[{"@type":"ListItem","position":1,"name":"In\u00edcio","item":"https:\/\/afogadosfm.com.br\/afogadosfm\/"},{"@type":"ListItem","position":2,"name":"Projeto de Lei do Dep.Luciano Duque prop\u00f5e piso salarial de R$ 5 mil para conselheiros tutelares em PE"}]},{"@type":"WebSite","@id":"https:\/\/afogadosfm.com.br\/afogadosfm\/#website","url":"https:\/\/afogadosfm.com.br\/afogadosfm\/","name":"Afogados FM","description":"Um site completo!","publisher":{"@id":"https:\/\/afogadosfm.com.br\/afogadosfm\/#organization"},"potentialAction":[{"@type":"SearchAction","target":{"@type":"EntryPoint","urlTemplate":"https:\/\/afogadosfm.com.br\/afogadosfm\/?s={search_term_string}"},"query-input":{"@type":"PropertyValueSpecification","valueRequired":true,"valueName":"search_term_string"}}],"inLanguage":"pt-BR"},{"@type":"Organization","@id":"https:\/\/afogadosfm.com.br\/afogadosfm\/#organization","name":"Afogados FM","url":"https:\/\/afogadosfm.com.br\/afogadosfm\/","logo":{"@type":"ImageObject","inLanguage":"pt-BR","@id":"https:\/\/afogadosfm.com.br\/afogadosfm\/#\/schema\/logo\/image\/","url":"https:\/\/i0.wp.com\/afogadosfm.com.br\/afogadosfm\/wp-content\/uploads\/2020\/06\/cropped-banner-afogados-4.jpg?fit=369%2C137&ssl=1","contentUrl":"https:\/\/i0.wp.com\/afogadosfm.com.br\/afogadosfm\/wp-content\/uploads\/2020\/06\/cropped-banner-afogados-4.jpg?fit=369%2C137&ssl=1","width":369,"height":137,"caption":"Afogados FM"},"image":{"@id":"https:\/\/afogadosfm.com.br\/afogadosfm\/#\/schema\/logo\/image\/"}},{"@type":"Person","@id":"https:\/\/afogadosfm.com.br\/afogadosfm\/#\/schema\/person\/60e56f2cf5dc960fc093fe093d9e9057","name":"afogadosfm","image":{"@type":"ImageObject","inLanguage":"pt-BR","@id":"https:\/\/secure.gravatar.com\/avatar\/e0359add7ed5dc3560906d861b52c6a8cf5c1e199d3a7dd85070998f49bd4701?s=96&d=mm&r=g","url":"https:\/\/secure.gravatar.com\/avatar\/e0359add7ed5dc3560906d861b52c6a8cf5c1e199d3a7dd85070998f49bd4701?s=96&d=mm&r=g","contentUrl":"https:\/\/secure.gravatar.com\/avatar\/e0359add7ed5dc3560906d861b52c6a8cf5c1e199d3a7dd85070998f49bd4701?s=96&d=mm&r=g","caption":"afogadosfm"},"url":"https:\/\/afogadosfm.com.br\/afogadosfm\/author\/afogadosfm\/"}]}},"jetpack_publicize_connections":[],"jetpack_featured_media_url":"https:\/\/i0.wp.com\/afogadosfm.com.br\/afogadosfm\/wp-content\/uploads\/2024\/11\/duque-2.jpg?fit=400%2C266&ssl=1","jetpack-related-posts":[],"jetpack_sharing_enabled":true,"jetpack_likes_enabled":true,"_links":{"self":[{"href":"https:\/\/afogadosfm.com.br\/afogadosfm\/wp-json\/wp\/v2\/posts\/73114","targetHints":{"allow":["GET"]}}],"collection":[{"href":"https:\/\/afogadosfm.com.br\/afogadosfm\/wp-json\/wp\/v2\/posts"}],"about":[{"href":"https:\/\/afogadosfm.com.br\/afogadosfm\/wp-json\/wp\/v2\/types\/post"}],"author":[{"embeddable":true,"href":"https:\/\/afogadosfm.com.br\/afogadosfm\/wp-json\/wp\/v2\/users\/2"}],"replies":[{"embeddable":true,"href":"https:\/\/afogadosfm.com.br\/afogadosfm\/wp-json\/wp\/v2\/comments?post=73114"}],"version-history":[{"count":1,"href":"https:\/\/afogadosfm.com.br\/afogadosfm\/wp-json\/wp\/v2\/posts\/73114\/revisions"}],"predecessor-version":[{"id":73115,"href":"https:\/\/afogadosfm.com.br\/afogadosfm\/wp-json\/wp\/v2\/posts\/73114\/revisions\/73115"}],"wp:featuredmedia":[{"embeddable":true,"href":"https:\/\/afogadosfm.com.br\/afogadosfm\/wp-json\/wp\/v2\/media\/60733"}],"wp:attachment":[{"href":"https:\/\/afogadosfm.com.br\/afogadosfm\/wp-json\/wp\/v2\/media?parent=73114"}],"wp:term":[{"taxonomy":"category","embeddable":true,"href":"https:\/\/afogadosfm.com.br\/afogadosfm\/wp-json\/wp\/v2\/categories?post=73114"},{"taxonomy":"post_tag","embeddable":true,"href":"https:\/\/afogadosfm.com.br\/afogadosfm\/wp-json\/wp\/v2\/tags?post=73114"}],"curies":[{"name":"wp","href":"https:\/\/api.w.org\/{rel}","templated":true}]}}