{"id":73126,"date":"2026-03-08T03:33:46","date_gmt":"2026-03-08T06:33:46","guid":{"rendered":"https:\/\/afogadosfm.com.br\/afogadosfm\/?p=73126"},"modified":"2026-03-09T03:34:54","modified_gmt":"2026-03-09T06:34:54","slug":"manifestacoes-pelo-brasil-pediram-o-fim-da-violencia-contra-a-mulher","status":"publish","type":"post","link":"https:\/\/afogadosfm.com.br\/afogadosfm\/2026\/03\/08\/manifestacoes-pelo-brasil-pediram-o-fim-da-violencia-contra-a-mulher\/","title":{"rendered":"Manifesta\u00e7\u00f5es pelo Brasil pediram o fim da viol\u00eancia contra a mulher"},"content":{"rendered":"<p>O Dia Internacional da Mulher foi lembrado com atos em todos os Estados e no Distrito Federal com milhares de pessoas pedindo o fim da viol\u00eancia contra as mulheres. Segundo o F\u00f3rum de Seguran\u00e7a P\u00fablica, o Brasil contabilizou 1.568 v\u00edtimas em 2025, um aumento de 4,7% em rela\u00e7\u00e3o ao ano anterior.<\/p>\n<p>As mobiliza\u00e7\u00f5es deste domingo (8) tamb\u00e9m registraram outras demandas como o fim da escala 6&#215;1 da jornada de trabalho, proposta atualmente em debate no Congresso, e o aumento da participa\u00e7\u00e3o feminina na pol\u00edtica nacional.<\/p>\n<p>Os atos reuniram entidades, organiza\u00e7\u00f5es da sociedade civil, grupos pol\u00edticos, principalmente da esquerda, e movimentos feministas.<\/p>\n<p>S\u00e3o Paulo<\/p>\n<p>Na capital paulista, dois atos foram realizados na Avenida Paulista. Pela manh\u00e3, a manifesta\u00e7\u00e3o contou com a presen\u00e7a de pol\u00edticas como a vereadora Ana Carolina Oliveira (Podemos), m\u00e3e de Isabela Nardoni, morta pelo pai e pela madrasta em 2008.<\/p>\n<p>Na parte da tarde, \u00e0s 14 horas, outro grupo se juntou na Avenida Paulista para pedir o fim dos feminic\u00eddios.<\/p>\n<p>Outras pautas tamb\u00e9m dominaram o ato como: melhores condi\u00e7\u00f5es de trabalho e a retomada de aborto legal no Hospital Vila Nova Cachoeirinha, na zona norte de S\u00e3o Paulo. O hospital de refer\u00eancia teve o seu servi\u00e7o de aborto legal encerrado em dezembro de 2023 pela Prefeitura.<\/p>\n<p>Cartazes e faixas tamb\u00e9m chamaram aten\u00e7\u00e3o tamb\u00e9m para a necessidade de pol\u00edticas p\u00fablicas mais eficazes.<\/p>\n<p>Durante o ato na Paulista, um grupo de homens chegou a provocar as manifestantes.<\/p>\n<p>A Guarda Civil Metropolitana foi acionada para conter a confus\u00e3o e usou spray de pimenta para dispersar o grupo. O ato seguiu normalmente ap\u00f3s o incidente.<\/p>\n<p>Rio de Janeiro<\/p>\n<p>Na capital fluminense, o ato aconteceu em Copacabana, no mesmo bairro em que h\u00e1 poucas semanas uma adolescente de 17 anos foi v\u00edtima de um estupro coletivo.<\/p>\n<p>Na semana passada, a Pol\u00edcia Civil prendeu quatro acusados e apreendeu um adolescente, considerado pela investiga\u00e7\u00e3o como mentor dos crimes.<\/p>\n<p>Durante o ato, na altura do Posto 3, representantes de gr\u00eamios estudantis do Col\u00e9gio Pedro II, onde dois suspeitos estudavam, estavam presentes. Um cartaz mostrou o rosto dos jovens sob a inscri\u00e7\u00e3o &#8220;estupradores&#8221;.<\/p>\n<p>J\u00e1 na areia de Copacabana, mulheres da Central dos Trabalhadores e Trabalhadoras do Brasil fincaram cruzes com o lema &#8220;Parem de nos matar&#8221;.<\/p>\n<p>Belo Horizonte<\/p>\n<p>A capital mineira tamb\u00e9m contou com um ato. Centenas de manifestantes se reuniram na Pra\u00e7a Raul Soares, no centro. O protesto come\u00e7ou por volta das 9h e ocorreu por toda manh\u00e3.<\/p>\n<p>Salvador<\/p>\n<p>Na capital baiana, a marcha seguiu a mesma demanda dos outros atos: &#8220;Mulheres vivas, em luta e sem medo: por democracia com soberania, pelo Bem Viver, fim do feminic\u00eddio e da escala 6\u00d71&#8221;.<\/p>\n<p>Distrito Federal<\/p>\n<p>Na capital federal, manifestantes marcharam da Funarte at\u00e9 o Pal\u00e1cio do Buriti contra o feminic\u00eddio.<\/p>\n<p>Outras capitais<\/p>\n<p>Diversas cidades tamb\u00e9m registraram manifesta\u00e7\u00f5es com o mesmo lema como: Bel\u00e9m, Cuiab\u00e1, Goi\u00e2nia, Aracaju, Macei\u00f3, Natal, Palmas, Curitiba, Florian\u00f3polis, Porto Alegre, Fortaleza, Manaus e Boa Vista.<\/p>\n","protected":false},"excerpt":{"rendered":"<p>O Dia Internacional da Mulher foi lembrado com atos em todos os Estados e no Distrito Federal com milhares de<\/p>\n","protected":false},"author":2,"featured_media":66370,"comment_status":"open","ping_status":"open","sticky":false,"template":"","format":"standard","meta":{"jetpack_post_was_ever_published":false,"_jetpack_newsletter_access":"","_jetpack_dont_email_post_to_subs":false,"_jetpack_newsletter_tier_id":0,"_jetpack_memberships_contains_paywalled_content":false,"_jetpack_memberships_contains_paid_content":false,"footnotes":"","jetpack_publicize_message":"","jetpack_publicize_feature_enabled":true,"jetpack_social_post_already_shared":true,"jetpack_social_options":{"image_generator_settings":{"template":"highway","default_image_id":0,"font":"","enabled":false},"version":2}},"categories":[12],"tags":[],"class_list":["post-73126","post","type-post","status-publish","format-standard","has-post-thumbnail","hentry","category-brasil"],"yoast_head":"<!-- This site is optimized with the Yoast SEO plugin v27.4 - https:\/\/yoast.com\/product\/yoast-seo-wordpress\/ -->\n<title>Manifesta\u00e7\u00f5es pelo Brasil pediram o fim da viol\u00eancia contra a mulher - Afogados FM<\/title>\n<meta name=\"robots\" content=\"index, follow, max-snippet:-1, max-image-preview:large, max-video-preview:-1\" \/>\n<link rel=\"canonical\" href=\"https:\/\/afogadosfm.com.br\/afogadosfm\/2026\/03\/08\/manifestacoes-pelo-brasil-pediram-o-fim-da-violencia-contra-a-mulher\/\" \/>\n<meta property=\"og:locale\" content=\"pt_BR\" \/>\n<meta property=\"og:type\" content=\"article\" \/>\n<meta property=\"og:title\" content=\"Manifesta\u00e7\u00f5es pelo Brasil pediram o fim da viol\u00eancia contra a mulher - Afogados FM\" \/>\n<meta property=\"og:description\" content=\"O Dia Internacional da Mulher foi lembrado com atos em todos os Estados e no Distrito Federal com milhares de\" \/>\n<meta property=\"og:url\" content=\"https:\/\/afogadosfm.com.br\/afogadosfm\/2026\/03\/08\/manifestacoes-pelo-brasil-pediram-o-fim-da-violencia-contra-a-mulher\/\" \/>\n<meta property=\"og:site_name\" content=\"Afogados FM\" \/>\n<meta property=\"article:published_time\" content=\"2026-03-08T06:33:46+00:00\" \/>\n<meta property=\"article:modified_time\" content=\"2026-03-09T06:34:54+00:00\" \/>\n<meta property=\"og:image\" content=\"https:\/\/afogadosfm.com.br\/afogadosfm\/wp-content\/uploads\/2025\/06\/violencia.jpg\" \/>\n\t<meta property=\"og:image:width\" content=\"180\" \/>\n\t<meta property=\"og:image:height\" content=\"149\" \/>\n\t<meta property=\"og:image:type\" content=\"image\/jpeg\" \/>\n<meta name=\"author\" content=\"afogadosfm\" \/>\n<meta name=\"twitter:card\" content=\"summary_large_image\" \/>\n<meta name=\"twitter:label1\" content=\"Escrito por\" \/>\n\t<meta name=\"twitter:data1\" content=\"afogadosfm\" \/>\n\t<meta name=\"twitter:label2\" content=\"Est. tempo de leitura\" \/>\n\t<meta name=\"twitter:data2\" content=\"3 minutos\" \/>\n<script type=\"application\/ld+json\" class=\"yoast-schema-graph\">{\"@context\":\"https:\\\/\\\/schema.org\",\"@graph\":[{\"@type\":\"Article\",\"@id\":\"https:\\\/\\\/afogadosfm.com.br\\\/afogadosfm\\\/2026\\\/03\\\/08\\\/manifestacoes-pelo-brasil-pediram-o-fim-da-violencia-contra-a-mulher\\\/#article\",\"isPartOf\":{\"@id\":\"https:\\\/\\\/afogadosfm.com.br\\\/afogadosfm\\\/2026\\\/03\\\/08\\\/manifestacoes-pelo-brasil-pediram-o-fim-da-violencia-contra-a-mulher\\\/\"},\"author\":{\"name\":\"afogadosfm\",\"@id\":\"https:\\\/\\\/afogadosfm.com.br\\\/afogadosfm\\\/#\\\/schema\\\/person\\\/60e56f2cf5dc960fc093fe093d9e9057\"},\"headline\":\"Manifesta\u00e7\u00f5es pelo Brasil pediram o fim da viol\u00eancia contra a mulher\",\"datePublished\":\"2026-03-08T06:33:46+00:00\",\"dateModified\":\"2026-03-09T06:34:54+00:00\",\"mainEntityOfPage\":{\"@id\":\"https:\\\/\\\/afogadosfm.com.br\\\/afogadosfm\\\/2026\\\/03\\\/08\\\/manifestacoes-pelo-brasil-pediram-o-fim-da-violencia-contra-a-mulher\\\/\"},\"wordCount\":531,\"commentCount\":0,\"publisher\":{\"@id\":\"https:\\\/\\\/afogadosfm.com.br\\\/afogadosfm\\\/#organization\"},\"image\":{\"@id\":\"https:\\\/\\\/afogadosfm.com.br\\\/afogadosfm\\\/2026\\\/03\\\/08\\\/manifestacoes-pelo-brasil-pediram-o-fim-da-violencia-contra-a-mulher\\\/#primaryimage\"},\"thumbnailUrl\":\"https:\\\/\\\/i0.wp.com\\\/afogadosfm.com.br\\\/afogadosfm\\\/wp-content\\\/uploads\\\/2025\\\/06\\\/violencia.jpg?fit=180%2C149&ssl=1\",\"articleSection\":[\"Brasil\"],\"inLanguage\":\"pt-BR\",\"potentialAction\":[{\"@type\":\"CommentAction\",\"name\":\"Comment\",\"target\":[\"https:\\\/\\\/afogadosfm.com.br\\\/afogadosfm\\\/2026\\\/03\\\/08\\\/manifestacoes-pelo-brasil-pediram-o-fim-da-violencia-contra-a-mulher\\\/#respond\"]}]},{\"@type\":\"WebPage\",\"@id\":\"https:\\\/\\\/afogadosfm.com.br\\\/afogadosfm\\\/2026\\\/03\\\/08\\\/manifestacoes-pelo-brasil-pediram-o-fim-da-violencia-contra-a-mulher\\\/\",\"url\":\"https:\\\/\\\/afogadosfm.com.br\\\/afogadosfm\\\/2026\\\/03\\\/08\\\/manifestacoes-pelo-brasil-pediram-o-fim-da-violencia-contra-a-mulher\\\/\",\"name\":\"Manifesta\u00e7\u00f5es pelo Brasil pediram o fim da viol\u00eancia contra a mulher - Afogados FM\",\"isPartOf\":{\"@id\":\"https:\\\/\\\/afogadosfm.com.br\\\/afogadosfm\\\/#website\"},\"primaryImageOfPage\":{\"@id\":\"https:\\\/\\\/afogadosfm.com.br\\\/afogadosfm\\\/2026\\\/03\\\/08\\\/manifestacoes-pelo-brasil-pediram-o-fim-da-violencia-contra-a-mulher\\\/#primaryimage\"},\"image\":{\"@id\":\"https:\\\/\\\/afogadosfm.com.br\\\/afogadosfm\\\/2026\\\/03\\\/08\\\/manifestacoes-pelo-brasil-pediram-o-fim-da-violencia-contra-a-mulher\\\/#primaryimage\"},\"thumbnailUrl\":\"https:\\\/\\\/i0.wp.com\\\/afogadosfm.com.br\\\/afogadosfm\\\/wp-content\\\/uploads\\\/2025\\\/06\\\/violencia.jpg?fit=180%2C149&ssl=1\",\"datePublished\":\"2026-03-08T06:33:46+00:00\",\"dateModified\":\"2026-03-09T06:34:54+00:00\",\"breadcrumb\":{\"@id\":\"https:\\\/\\\/afogadosfm.com.br\\\/afogadosfm\\\/2026\\\/03\\\/08\\\/manifestacoes-pelo-brasil-pediram-o-fim-da-violencia-contra-a-mulher\\\/#breadcrumb\"},\"inLanguage\":\"pt-BR\",\"potentialAction\":[{\"@type\":\"ReadAction\",\"target\":[\"https:\\\/\\\/afogadosfm.com.br\\\/afogadosfm\\\/2026\\\/03\\\/08\\\/manifestacoes-pelo-brasil-pediram-o-fim-da-violencia-contra-a-mulher\\\/\"]}]},{\"@type\":\"ImageObject\",\"inLanguage\":\"pt-BR\",\"@id\":\"https:\\\/\\\/afogadosfm.com.br\\\/afogadosfm\\\/2026\\\/03\\\/08\\\/manifestacoes-pelo-brasil-pediram-o-fim-da-violencia-contra-a-mulher\\\/#primaryimage\",\"url\":\"https:\\\/\\\/i0.wp.com\\\/afogadosfm.com.br\\\/afogadosfm\\\/wp-content\\\/uploads\\\/2025\\\/06\\\/violencia.jpg?fit=180%2C149&ssl=1\",\"contentUrl\":\"https:\\\/\\\/i0.wp.com\\\/afogadosfm.com.br\\\/afogadosfm\\\/wp-content\\\/uploads\\\/2025\\\/06\\\/violencia.jpg?fit=180%2C149&ssl=1\",\"width\":180,\"height\":149},{\"@type\":\"BreadcrumbList\",\"@id\":\"https:\\\/\\\/afogadosfm.com.br\\\/afogadosfm\\\/2026\\\/03\\\/08\\\/manifestacoes-pelo-brasil-pediram-o-fim-da-violencia-contra-a-mulher\\\/#breadcrumb\",\"itemListElement\":[{\"@type\":\"ListItem\",\"position\":1,\"name\":\"In\u00edcio\",\"item\":\"https:\\\/\\\/afogadosfm.com.br\\\/afogadosfm\\\/\"},{\"@type\":\"ListItem\",\"position\":2,\"name\":\"Manifesta\u00e7\u00f5es pelo Brasil pediram o fim da viol\u00eancia contra a mulher\"}]},{\"@type\":\"WebSite\",\"@id\":\"https:\\\/\\\/afogadosfm.com.br\\\/afogadosfm\\\/#website\",\"url\":\"https:\\\/\\\/afogadosfm.com.br\\\/afogadosfm\\\/\",\"name\":\"Afogados FM\",\"description\":\"Um site completo!\",\"publisher\":{\"@id\":\"https:\\\/\\\/afogadosfm.com.br\\\/afogadosfm\\\/#organization\"},\"potentialAction\":[{\"@type\":\"SearchAction\",\"target\":{\"@type\":\"EntryPoint\",\"urlTemplate\":\"https:\\\/\\\/afogadosfm.com.br\\\/afogadosfm\\\/?s={search_term_string}\"},\"query-input\":{\"@type\":\"PropertyValueSpecification\",\"valueRequired\":true,\"valueName\":\"search_term_string\"}}],\"inLanguage\":\"pt-BR\"},{\"@type\":\"Organization\",\"@id\":\"https:\\\/\\\/afogadosfm.com.br\\\/afogadosfm\\\/#organization\",\"name\":\"Afogados FM\",\"url\":\"https:\\\/\\\/afogadosfm.com.br\\\/afogadosfm\\\/\",\"logo\":{\"@type\":\"ImageObject\",\"inLanguage\":\"pt-BR\",\"@id\":\"https:\\\/\\\/afogadosfm.com.br\\\/afogadosfm\\\/#\\\/schema\\\/logo\\\/image\\\/\",\"url\":\"https:\\\/\\\/i0.wp.com\\\/afogadosfm.com.br\\\/afogadosfm\\\/wp-content\\\/uploads\\\/2020\\\/06\\\/cropped-banner-afogados-4.jpg?fit=369%2C137&ssl=1\",\"contentUrl\":\"https:\\\/\\\/i0.wp.com\\\/afogadosfm.com.br\\\/afogadosfm\\\/wp-content\\\/uploads\\\/2020\\\/06\\\/cropped-banner-afogados-4.jpg?fit=369%2C137&ssl=1\",\"width\":369,\"height\":137,\"caption\":\"Afogados FM\"},\"image\":{\"@id\":\"https:\\\/\\\/afogadosfm.com.br\\\/afogadosfm\\\/#\\\/schema\\\/logo\\\/image\\\/\"}},{\"@type\":\"Person\",\"@id\":\"https:\\\/\\\/afogadosfm.com.br\\\/afogadosfm\\\/#\\\/schema\\\/person\\\/60e56f2cf5dc960fc093fe093d9e9057\",\"name\":\"afogadosfm\",\"image\":{\"@type\":\"ImageObject\",\"inLanguage\":\"pt-BR\",\"@id\":\"https:\\\/\\\/secure.gravatar.com\\\/avatar\\\/e0359add7ed5dc3560906d861b52c6a8cf5c1e199d3a7dd85070998f49bd4701?s=96&d=mm&r=g\",\"url\":\"https:\\\/\\\/secure.gravatar.com\\\/avatar\\\/e0359add7ed5dc3560906d861b52c6a8cf5c1e199d3a7dd85070998f49bd4701?s=96&d=mm&r=g\",\"contentUrl\":\"https:\\\/\\\/secure.gravatar.com\\\/avatar\\\/e0359add7ed5dc3560906d861b52c6a8cf5c1e199d3a7dd85070998f49bd4701?s=96&d=mm&r=g\",\"caption\":\"afogadosfm\"},\"url\":\"https:\\\/\\\/afogadosfm.com.br\\\/afogadosfm\\\/author\\\/afogadosfm\\\/\"}]}<\/script>\n<!-- \/ Yoast SEO plugin. -->","yoast_head_json":{"title":"Manifesta\u00e7\u00f5es pelo Brasil pediram o fim da viol\u00eancia contra a mulher - Afogados FM","robots":{"index":"index","follow":"follow","max-snippet":"max-snippet:-1","max-image-preview":"max-image-preview:large","max-video-preview":"max-video-preview:-1"},"canonical":"https:\/\/afogadosfm.com.br\/afogadosfm\/2026\/03\/08\/manifestacoes-pelo-brasil-pediram-o-fim-da-violencia-contra-a-mulher\/","og_locale":"pt_BR","og_type":"article","og_title":"Manifesta\u00e7\u00f5es pelo Brasil pediram o fim da viol\u00eancia contra a mulher - Afogados FM","og_description":"O Dia Internacional da Mulher foi lembrado com atos em todos os Estados e no Distrito Federal com milhares de","og_url":"https:\/\/afogadosfm.com.br\/afogadosfm\/2026\/03\/08\/manifestacoes-pelo-brasil-pediram-o-fim-da-violencia-contra-a-mulher\/","og_site_name":"Afogados FM","article_published_time":"2026-03-08T06:33:46+00:00","article_modified_time":"2026-03-09T06:34:54+00:00","og_image":[{"width":180,"height":149,"url":"https:\/\/afogadosfm.com.br\/afogadosfm\/wp-content\/uploads\/2025\/06\/violencia.jpg","type":"image\/jpeg"}],"author":"afogadosfm","twitter_card":"summary_large_image","twitter_misc":{"Escrito por":"afogadosfm","Est. tempo de leitura":"3 minutos"},"schema":{"@context":"https:\/\/schema.org","@graph":[{"@type":"Article","@id":"https:\/\/afogadosfm.com.br\/afogadosfm\/2026\/03\/08\/manifestacoes-pelo-brasil-pediram-o-fim-da-violencia-contra-a-mulher\/#article","isPartOf":{"@id":"https:\/\/afogadosfm.com.br\/afogadosfm\/2026\/03\/08\/manifestacoes-pelo-brasil-pediram-o-fim-da-violencia-contra-a-mulher\/"},"author":{"name":"afogadosfm","@id":"https:\/\/afogadosfm.com.br\/afogadosfm\/#\/schema\/person\/60e56f2cf5dc960fc093fe093d9e9057"},"headline":"Manifesta\u00e7\u00f5es pelo Brasil pediram o fim da viol\u00eancia contra a mulher","datePublished":"2026-03-08T06:33:46+00:00","dateModified":"2026-03-09T06:34:54+00:00","mainEntityOfPage":{"@id":"https:\/\/afogadosfm.com.br\/afogadosfm\/2026\/03\/08\/manifestacoes-pelo-brasil-pediram-o-fim-da-violencia-contra-a-mulher\/"},"wordCount":531,"commentCount":0,"publisher":{"@id":"https:\/\/afogadosfm.com.br\/afogadosfm\/#organization"},"image":{"@id":"https:\/\/afogadosfm.com.br\/afogadosfm\/2026\/03\/08\/manifestacoes-pelo-brasil-pediram-o-fim-da-violencia-contra-a-mulher\/#primaryimage"},"thumbnailUrl":"https:\/\/i0.wp.com\/afogadosfm.com.br\/afogadosfm\/wp-content\/uploads\/2025\/06\/violencia.jpg?fit=180%2C149&ssl=1","articleSection":["Brasil"],"inLanguage":"pt-BR","potentialAction":[{"@type":"CommentAction","name":"Comment","target":["https:\/\/afogadosfm.com.br\/afogadosfm\/2026\/03\/08\/manifestacoes-pelo-brasil-pediram-o-fim-da-violencia-contra-a-mulher\/#respond"]}]},{"@type":"WebPage","@id":"https:\/\/afogadosfm.com.br\/afogadosfm\/2026\/03\/08\/manifestacoes-pelo-brasil-pediram-o-fim-da-violencia-contra-a-mulher\/","url":"https:\/\/afogadosfm.com.br\/afogadosfm\/2026\/03\/08\/manifestacoes-pelo-brasil-pediram-o-fim-da-violencia-contra-a-mulher\/","name":"Manifesta\u00e7\u00f5es pelo Brasil pediram o fim da viol\u00eancia contra a mulher - Afogados FM","isPartOf":{"@id":"https:\/\/afogadosfm.com.br\/afogadosfm\/#website"},"primaryImageOfPage":{"@id":"https:\/\/afogadosfm.com.br\/afogadosfm\/2026\/03\/08\/manifestacoes-pelo-brasil-pediram-o-fim-da-violencia-contra-a-mulher\/#primaryimage"},"image":{"@id":"https:\/\/afogadosfm.com.br\/afogadosfm\/2026\/03\/08\/manifestacoes-pelo-brasil-pediram-o-fim-da-violencia-contra-a-mulher\/#primaryimage"},"thumbnailUrl":"https:\/\/i0.wp.com\/afogadosfm.com.br\/afogadosfm\/wp-content\/uploads\/2025\/06\/violencia.jpg?fit=180%2C149&ssl=1","datePublished":"2026-03-08T06:33:46+00:00","dateModified":"2026-03-09T06:34:54+00:00","breadcrumb":{"@id":"https:\/\/afogadosfm.com.br\/afogadosfm\/2026\/03\/08\/manifestacoes-pelo-brasil-pediram-o-fim-da-violencia-contra-a-mulher\/#breadcrumb"},"inLanguage":"pt-BR","potentialAction":[{"@type":"ReadAction","target":["https:\/\/afogadosfm.com.br\/afogadosfm\/2026\/03\/08\/manifestacoes-pelo-brasil-pediram-o-fim-da-violencia-contra-a-mulher\/"]}]},{"@type":"ImageObject","inLanguage":"pt-BR","@id":"https:\/\/afogadosfm.com.br\/afogadosfm\/2026\/03\/08\/manifestacoes-pelo-brasil-pediram-o-fim-da-violencia-contra-a-mulher\/#primaryimage","url":"https:\/\/i0.wp.com\/afogadosfm.com.br\/afogadosfm\/wp-content\/uploads\/2025\/06\/violencia.jpg?fit=180%2C149&ssl=1","contentUrl":"https:\/\/i0.wp.com\/afogadosfm.com.br\/afogadosfm\/wp-content\/uploads\/2025\/06\/violencia.jpg?fit=180%2C149&ssl=1","width":180,"height":149},{"@type":"BreadcrumbList","@id":"https:\/\/afogadosfm.com.br\/afogadosfm\/2026\/03\/08\/manifestacoes-pelo-brasil-pediram-o-fim-da-violencia-contra-a-mulher\/#breadcrumb","itemListElement":[{"@type":"ListItem","position":1,"name":"In\u00edcio","item":"https:\/\/afogadosfm.com.br\/afogadosfm\/"},{"@type":"ListItem","position":2,"name":"Manifesta\u00e7\u00f5es pelo Brasil pediram o fim da viol\u00eancia contra a mulher"}]},{"@type":"WebSite","@id":"https:\/\/afogadosfm.com.br\/afogadosfm\/#website","url":"https:\/\/afogadosfm.com.br\/afogadosfm\/","name":"Afogados FM","description":"Um site completo!","publisher":{"@id":"https:\/\/afogadosfm.com.br\/afogadosfm\/#organization"},"potentialAction":[{"@type":"SearchAction","target":{"@type":"EntryPoint","urlTemplate":"https:\/\/afogadosfm.com.br\/afogadosfm\/?s={search_term_string}"},"query-input":{"@type":"PropertyValueSpecification","valueRequired":true,"valueName":"search_term_string"}}],"inLanguage":"pt-BR"},{"@type":"Organization","@id":"https:\/\/afogadosfm.com.br\/afogadosfm\/#organization","name":"Afogados FM","url":"https:\/\/afogadosfm.com.br\/afogadosfm\/","logo":{"@type":"ImageObject","inLanguage":"pt-BR","@id":"https:\/\/afogadosfm.com.br\/afogadosfm\/#\/schema\/logo\/image\/","url":"https:\/\/i0.wp.com\/afogadosfm.com.br\/afogadosfm\/wp-content\/uploads\/2020\/06\/cropped-banner-afogados-4.jpg?fit=369%2C137&ssl=1","contentUrl":"https:\/\/i0.wp.com\/afogadosfm.com.br\/afogadosfm\/wp-content\/uploads\/2020\/06\/cropped-banner-afogados-4.jpg?fit=369%2C137&ssl=1","width":369,"height":137,"caption":"Afogados FM"},"image":{"@id":"https:\/\/afogadosfm.com.br\/afogadosfm\/#\/schema\/logo\/image\/"}},{"@type":"Person","@id":"https:\/\/afogadosfm.com.br\/afogadosfm\/#\/schema\/person\/60e56f2cf5dc960fc093fe093d9e9057","name":"afogadosfm","image":{"@type":"ImageObject","inLanguage":"pt-BR","@id":"https:\/\/secure.gravatar.com\/avatar\/e0359add7ed5dc3560906d861b52c6a8cf5c1e199d3a7dd85070998f49bd4701?s=96&d=mm&r=g","url":"https:\/\/secure.gravatar.com\/avatar\/e0359add7ed5dc3560906d861b52c6a8cf5c1e199d3a7dd85070998f49bd4701?s=96&d=mm&r=g","contentUrl":"https:\/\/secure.gravatar.com\/avatar\/e0359add7ed5dc3560906d861b52c6a8cf5c1e199d3a7dd85070998f49bd4701?s=96&d=mm&r=g","caption":"afogadosfm"},"url":"https:\/\/afogadosfm.com.br\/afogadosfm\/author\/afogadosfm\/"}]}},"jetpack_publicize_connections":[],"jetpack_featured_media_url":"https:\/\/i0.wp.com\/afogadosfm.com.br\/afogadosfm\/wp-content\/uploads\/2025\/06\/violencia.jpg?fit=180%2C149&ssl=1","jetpack-related-posts":[],"jetpack_sharing_enabled":true,"jetpack_likes_enabled":true,"_links":{"self":[{"href":"https:\/\/afogadosfm.com.br\/afogadosfm\/wp-json\/wp\/v2\/posts\/73126","targetHints":{"allow":["GET"]}}],"collection":[{"href":"https:\/\/afogadosfm.com.br\/afogadosfm\/wp-json\/wp\/v2\/posts"}],"about":[{"href":"https:\/\/afogadosfm.com.br\/afogadosfm\/wp-json\/wp\/v2\/types\/post"}],"author":[{"embeddable":true,"href":"https:\/\/afogadosfm.com.br\/afogadosfm\/wp-json\/wp\/v2\/users\/2"}],"replies":[{"embeddable":true,"href":"https:\/\/afogadosfm.com.br\/afogadosfm\/wp-json\/wp\/v2\/comments?post=73126"}],"version-history":[{"count":1,"href":"https:\/\/afogadosfm.com.br\/afogadosfm\/wp-json\/wp\/v2\/posts\/73126\/revisions"}],"predecessor-version":[{"id":73127,"href":"https:\/\/afogadosfm.com.br\/afogadosfm\/wp-json\/wp\/v2\/posts\/73126\/revisions\/73127"}],"wp:featuredmedia":[{"embeddable":true,"href":"https:\/\/afogadosfm.com.br\/afogadosfm\/wp-json\/wp\/v2\/media\/66370"}],"wp:attachment":[{"href":"https:\/\/afogadosfm.com.br\/afogadosfm\/wp-json\/wp\/v2\/media?parent=73126"}],"wp:term":[{"taxonomy":"category","embeddable":true,"href":"https:\/\/afogadosfm.com.br\/afogadosfm\/wp-json\/wp\/v2\/categories?post=73126"},{"taxonomy":"post_tag","embeddable":true,"href":"https:\/\/afogadosfm.com.br\/afogadosfm\/wp-json\/wp\/v2\/tags?post=73126"}],"curies":[{"name":"wp","href":"https:\/\/api.w.org\/{rel}","templated":true}]}}