{"id":73128,"date":"2026-03-08T03:35:53","date_gmt":"2026-03-08T06:35:53","guid":{"rendered":"https:\/\/afogadosfm.com.br\/afogadosfm\/?p=73128"},"modified":"2026-03-09T03:36:56","modified_gmt":"2026-03-09T06:36:56","slug":"lula-sancionou-lei-que-reforca-protecao-a-vitimas-de-estupro-menores-de-14-anos","status":"publish","type":"post","link":"https:\/\/afogadosfm.com.br\/afogadosfm\/2026\/03\/08\/lula-sancionou-lei-que-reforca-protecao-a-vitimas-de-estupro-menores-de-14-anos\/","title":{"rendered":"Lula sancionou lei que refor\u00e7a prote\u00e7\u00e3o a v\u00edtimas de estupro menores de 14 anos"},"content":{"rendered":"<p class=\"texto\">O presidente Luiz In\u00e1cio Lula da Silva (PT) sancionou neste domingo, 8, um projeto de lei que refor\u00e7a a prote\u00e7\u00e3o de crian\u00e7as menores de 14 anos que s\u00e3o v\u00edtimas de estupro. De autoria da deputada Laura Carneiro (PSD-RJ), a norma altera o C\u00f3digo Penal para estabelecer, de forma expressa, que a presun\u00e7\u00e3o de vulnerabilidade da v\u00edtima \u00e9 absoluta. Isso significa que as circunst\u00e2ncias do caso n\u00e3o poder\u00e3o mais ser usadas para relativizar a situa\u00e7\u00e3o da v\u00edtima.<\/p>\n<p class=\"texto\">De acordo com o Planalto, o texto tamb\u00e9m estabelece que a aplica\u00e7\u00e3o de penas pelo crime de estupro de menores n\u00e3o depende do consentimento da v\u00edtima, nem do fato de ela ter mantido rela\u00e7\u00f5es sexuais anteriormente ou da ocorr\u00eancia de gravidez.<\/p>\n<p class=\"texto\">&#8220;Com essa mudan\u00e7a em nosso C\u00f3digo Penal, agora n\u00e3o h\u00e1 mais brechas para relativiza\u00e7\u00f5es, nem chances para que abusadores tentem se livrar das penas, alegando, por exemplo, que as rela\u00e7\u00f5es foram consentidas ou que n\u00e3o resultaram em gravidez&#8221;, afirmou Lula em publica\u00e7\u00e3o na rede social X.<\/p>\n","protected":false},"excerpt":{"rendered":"<p>O presidente Luiz In\u00e1cio Lula da Silva (PT) sancionou neste domingo, 8, um projeto de lei que refor\u00e7a a prote\u00e7\u00e3o<\/p>\n","protected":false},"author":2,"featured_media":44195,"comment_status":"open","ping_status":"open","sticky":false,"template":"","format":"standard","meta":{"jetpack_post_was_ever_published":false,"_jetpack_newsletter_access":"","_jetpack_dont_email_post_to_subs":false,"_jetpack_newsletter_tier_id":0,"_jetpack_memberships_contains_paywalled_content":false,"_jetpack_memberships_contains_paid_content":false,"footnotes":"","jetpack_publicize_message":"","jetpack_publicize_feature_enabled":true,"jetpack_social_post_already_shared":true,"jetpack_social_options":{"image_generator_settings":{"template":"highway","default_image_id":0,"font":"","enabled":false},"version":2}},"categories":[12],"tags":[],"class_list":["post-73128","post","type-post","status-publish","format-standard","has-post-thumbnail","hentry","category-brasil"],"yoast_head":"<!-- This site is optimized with the Yoast SEO plugin v27.4 - https:\/\/yoast.com\/product\/yoast-seo-wordpress\/ -->\n<title>Lula sancionou lei que refor\u00e7a prote\u00e7\u00e3o a v\u00edtimas de estupro menores de 14 anos - Afogados FM<\/title>\n<meta name=\"robots\" content=\"index, follow, max-snippet:-1, max-image-preview:large, max-video-preview:-1\" \/>\n<link rel=\"canonical\" href=\"https:\/\/afogadosfm.com.br\/afogadosfm\/2026\/03\/08\/lula-sancionou-lei-que-reforca-protecao-a-vitimas-de-estupro-menores-de-14-anos\/\" \/>\n<meta property=\"og:locale\" content=\"pt_BR\" \/>\n<meta property=\"og:type\" content=\"article\" \/>\n<meta property=\"og:title\" content=\"Lula sancionou lei que refor\u00e7a prote\u00e7\u00e3o a v\u00edtimas de estupro menores de 14 anos - Afogados FM\" \/>\n<meta property=\"og:description\" content=\"O presidente Luiz In\u00e1cio Lula da Silva (PT) sancionou neste domingo, 8, um projeto de lei que refor\u00e7a a prote\u00e7\u00e3o\" \/>\n<meta property=\"og:url\" content=\"https:\/\/afogadosfm.com.br\/afogadosfm\/2026\/03\/08\/lula-sancionou-lei-que-reforca-protecao-a-vitimas-de-estupro-menores-de-14-anos\/\" \/>\n<meta property=\"og:site_name\" content=\"Afogados FM\" \/>\n<meta property=\"article:published_time\" content=\"2026-03-08T06:35:53+00:00\" \/>\n<meta property=\"article:modified_time\" content=\"2026-03-09T06:36:56+00:00\" \/>\n<meta property=\"og:image\" content=\"https:\/\/afogadosfm.com.br\/afogadosfm\/wp-content\/uploads\/2023\/01\/lulair.webp\" \/>\n\t<meta property=\"og:image:width\" content=\"1024\" \/>\n\t<meta property=\"og:image:height\" content=\"768\" \/>\n\t<meta property=\"og:image:type\" content=\"image\/webp\" \/>\n<meta name=\"author\" content=\"afogadosfm\" \/>\n<meta name=\"twitter:card\" content=\"summary_large_image\" \/>\n<meta name=\"twitter:label1\" content=\"Escrito por\" \/>\n\t<meta name=\"twitter:data1\" content=\"afogadosfm\" \/>\n\t<meta name=\"twitter:label2\" content=\"Est. tempo de leitura\" \/>\n\t<meta name=\"twitter:data2\" content=\"1 minuto\" \/>\n<script type=\"application\/ld+json\" class=\"yoast-schema-graph\">{\"@context\":\"https:\\\/\\\/schema.org\",\"@graph\":[{\"@type\":\"Article\",\"@id\":\"https:\\\/\\\/afogadosfm.com.br\\\/afogadosfm\\\/2026\\\/03\\\/08\\\/lula-sancionou-lei-que-reforca-protecao-a-vitimas-de-estupro-menores-de-14-anos\\\/#article\",\"isPartOf\":{\"@id\":\"https:\\\/\\\/afogadosfm.com.br\\\/afogadosfm\\\/2026\\\/03\\\/08\\\/lula-sancionou-lei-que-reforca-protecao-a-vitimas-de-estupro-menores-de-14-anos\\\/\"},\"author\":{\"name\":\"afogadosfm\",\"@id\":\"https:\\\/\\\/afogadosfm.com.br\\\/afogadosfm\\\/#\\\/schema\\\/person\\\/60e56f2cf5dc960fc093fe093d9e9057\"},\"headline\":\"Lula sancionou lei que refor\u00e7a prote\u00e7\u00e3o a v\u00edtimas de estupro menores de 14 anos\",\"datePublished\":\"2026-03-08T06:35:53+00:00\",\"dateModified\":\"2026-03-09T06:36:56+00:00\",\"mainEntityOfPage\":{\"@id\":\"https:\\\/\\\/afogadosfm.com.br\\\/afogadosfm\\\/2026\\\/03\\\/08\\\/lula-sancionou-lei-que-reforca-protecao-a-vitimas-de-estupro-menores-de-14-anos\\\/\"},\"wordCount\":203,\"commentCount\":0,\"publisher\":{\"@id\":\"https:\\\/\\\/afogadosfm.com.br\\\/afogadosfm\\\/#organization\"},\"image\":{\"@id\":\"https:\\\/\\\/afogadosfm.com.br\\\/afogadosfm\\\/2026\\\/03\\\/08\\\/lula-sancionou-lei-que-reforca-protecao-a-vitimas-de-estupro-menores-de-14-anos\\\/#primaryimage\"},\"thumbnailUrl\":\"https:\\\/\\\/i0.wp.com\\\/afogadosfm.com.br\\\/afogadosfm\\\/wp-content\\\/uploads\\\/2023\\\/01\\\/lulair.webp?fit=1024%2C768&ssl=1\",\"articleSection\":[\"Brasil\"],\"inLanguage\":\"pt-BR\",\"potentialAction\":[{\"@type\":\"CommentAction\",\"name\":\"Comment\",\"target\":[\"https:\\\/\\\/afogadosfm.com.br\\\/afogadosfm\\\/2026\\\/03\\\/08\\\/lula-sancionou-lei-que-reforca-protecao-a-vitimas-de-estupro-menores-de-14-anos\\\/#respond\"]}]},{\"@type\":\"WebPage\",\"@id\":\"https:\\\/\\\/afogadosfm.com.br\\\/afogadosfm\\\/2026\\\/03\\\/08\\\/lula-sancionou-lei-que-reforca-protecao-a-vitimas-de-estupro-menores-de-14-anos\\\/\",\"url\":\"https:\\\/\\\/afogadosfm.com.br\\\/afogadosfm\\\/2026\\\/03\\\/08\\\/lula-sancionou-lei-que-reforca-protecao-a-vitimas-de-estupro-menores-de-14-anos\\\/\",\"name\":\"Lula sancionou lei que refor\u00e7a prote\u00e7\u00e3o a v\u00edtimas de estupro menores de 14 anos - Afogados FM\",\"isPartOf\":{\"@id\":\"https:\\\/\\\/afogadosfm.com.br\\\/afogadosfm\\\/#website\"},\"primaryImageOfPage\":{\"@id\":\"https:\\\/\\\/afogadosfm.com.br\\\/afogadosfm\\\/2026\\\/03\\\/08\\\/lula-sancionou-lei-que-reforca-protecao-a-vitimas-de-estupro-menores-de-14-anos\\\/#primaryimage\"},\"image\":{\"@id\":\"https:\\\/\\\/afogadosfm.com.br\\\/afogadosfm\\\/2026\\\/03\\\/08\\\/lula-sancionou-lei-que-reforca-protecao-a-vitimas-de-estupro-menores-de-14-anos\\\/#primaryimage\"},\"thumbnailUrl\":\"https:\\\/\\\/i0.wp.com\\\/afogadosfm.com.br\\\/afogadosfm\\\/wp-content\\\/uploads\\\/2023\\\/01\\\/lulair.webp?fit=1024%2C768&ssl=1\",\"datePublished\":\"2026-03-08T06:35:53+00:00\",\"dateModified\":\"2026-03-09T06:36:56+00:00\",\"breadcrumb\":{\"@id\":\"https:\\\/\\\/afogadosfm.com.br\\\/afogadosfm\\\/2026\\\/03\\\/08\\\/lula-sancionou-lei-que-reforca-protecao-a-vitimas-de-estupro-menores-de-14-anos\\\/#breadcrumb\"},\"inLanguage\":\"pt-BR\",\"potentialAction\":[{\"@type\":\"ReadAction\",\"target\":[\"https:\\\/\\\/afogadosfm.com.br\\\/afogadosfm\\\/2026\\\/03\\\/08\\\/lula-sancionou-lei-que-reforca-protecao-a-vitimas-de-estupro-menores-de-14-anos\\\/\"]}]},{\"@type\":\"ImageObject\",\"inLanguage\":\"pt-BR\",\"@id\":\"https:\\\/\\\/afogadosfm.com.br\\\/afogadosfm\\\/2026\\\/03\\\/08\\\/lula-sancionou-lei-que-reforca-protecao-a-vitimas-de-estupro-menores-de-14-anos\\\/#primaryimage\",\"url\":\"https:\\\/\\\/i0.wp.com\\\/afogadosfm.com.br\\\/afogadosfm\\\/wp-content\\\/uploads\\\/2023\\\/01\\\/lulair.webp?fit=1024%2C768&ssl=1\",\"contentUrl\":\"https:\\\/\\\/i0.wp.com\\\/afogadosfm.com.br\\\/afogadosfm\\\/wp-content\\\/uploads\\\/2023\\\/01\\\/lulair.webp?fit=1024%2C768&ssl=1\",\"width\":1024,\"height\":768},{\"@type\":\"BreadcrumbList\",\"@id\":\"https:\\\/\\\/afogadosfm.com.br\\\/afogadosfm\\\/2026\\\/03\\\/08\\\/lula-sancionou-lei-que-reforca-protecao-a-vitimas-de-estupro-menores-de-14-anos\\\/#breadcrumb\",\"itemListElement\":[{\"@type\":\"ListItem\",\"position\":1,\"name\":\"In\u00edcio\",\"item\":\"https:\\\/\\\/afogadosfm.com.br\\\/afogadosfm\\\/\"},{\"@type\":\"ListItem\",\"position\":2,\"name\":\"Lula sancionou lei que refor\u00e7a prote\u00e7\u00e3o a v\u00edtimas de estupro menores de 14 anos\"}]},{\"@type\":\"WebSite\",\"@id\":\"https:\\\/\\\/afogadosfm.com.br\\\/afogadosfm\\\/#website\",\"url\":\"https:\\\/\\\/afogadosfm.com.br\\\/afogadosfm\\\/\",\"name\":\"Afogados FM\",\"description\":\"Um site completo!\",\"publisher\":{\"@id\":\"https:\\\/\\\/afogadosfm.com.br\\\/afogadosfm\\\/#organization\"},\"potentialAction\":[{\"@type\":\"SearchAction\",\"target\":{\"@type\":\"EntryPoint\",\"urlTemplate\":\"https:\\\/\\\/afogadosfm.com.br\\\/afogadosfm\\\/?s={search_term_string}\"},\"query-input\":{\"@type\":\"PropertyValueSpecification\",\"valueRequired\":true,\"valueName\":\"search_term_string\"}}],\"inLanguage\":\"pt-BR\"},{\"@type\":\"Organization\",\"@id\":\"https:\\\/\\\/afogadosfm.com.br\\\/afogadosfm\\\/#organization\",\"name\":\"Afogados FM\",\"url\":\"https:\\\/\\\/afogadosfm.com.br\\\/afogadosfm\\\/\",\"logo\":{\"@type\":\"ImageObject\",\"inLanguage\":\"pt-BR\",\"@id\":\"https:\\\/\\\/afogadosfm.com.br\\\/afogadosfm\\\/#\\\/schema\\\/logo\\\/image\\\/\",\"url\":\"https:\\\/\\\/i0.wp.com\\\/afogadosfm.com.br\\\/afogadosfm\\\/wp-content\\\/uploads\\\/2020\\\/06\\\/cropped-banner-afogados-4.jpg?fit=369%2C137&ssl=1\",\"contentUrl\":\"https:\\\/\\\/i0.wp.com\\\/afogadosfm.com.br\\\/afogadosfm\\\/wp-content\\\/uploads\\\/2020\\\/06\\\/cropped-banner-afogados-4.jpg?fit=369%2C137&ssl=1\",\"width\":369,\"height\":137,\"caption\":\"Afogados FM\"},\"image\":{\"@id\":\"https:\\\/\\\/afogadosfm.com.br\\\/afogadosfm\\\/#\\\/schema\\\/logo\\\/image\\\/\"}},{\"@type\":\"Person\",\"@id\":\"https:\\\/\\\/afogadosfm.com.br\\\/afogadosfm\\\/#\\\/schema\\\/person\\\/60e56f2cf5dc960fc093fe093d9e9057\",\"name\":\"afogadosfm\",\"image\":{\"@type\":\"ImageObject\",\"inLanguage\":\"pt-BR\",\"@id\":\"https:\\\/\\\/secure.gravatar.com\\\/avatar\\\/e0359add7ed5dc3560906d861b52c6a8cf5c1e199d3a7dd85070998f49bd4701?s=96&d=mm&r=g\",\"url\":\"https:\\\/\\\/secure.gravatar.com\\\/avatar\\\/e0359add7ed5dc3560906d861b52c6a8cf5c1e199d3a7dd85070998f49bd4701?s=96&d=mm&r=g\",\"contentUrl\":\"https:\\\/\\\/secure.gravatar.com\\\/avatar\\\/e0359add7ed5dc3560906d861b52c6a8cf5c1e199d3a7dd85070998f49bd4701?s=96&d=mm&r=g\",\"caption\":\"afogadosfm\"},\"url\":\"https:\\\/\\\/afogadosfm.com.br\\\/afogadosfm\\\/author\\\/afogadosfm\\\/\"}]}<\/script>\n<!-- \/ Yoast SEO plugin. -->","yoast_head_json":{"title":"Lula sancionou lei que refor\u00e7a prote\u00e7\u00e3o a v\u00edtimas de estupro menores de 14 anos - Afogados FM","robots":{"index":"index","follow":"follow","max-snippet":"max-snippet:-1","max-image-preview":"max-image-preview:large","max-video-preview":"max-video-preview:-1"},"canonical":"https:\/\/afogadosfm.com.br\/afogadosfm\/2026\/03\/08\/lula-sancionou-lei-que-reforca-protecao-a-vitimas-de-estupro-menores-de-14-anos\/","og_locale":"pt_BR","og_type":"article","og_title":"Lula sancionou lei que refor\u00e7a prote\u00e7\u00e3o a v\u00edtimas de estupro menores de 14 anos - Afogados FM","og_description":"O presidente Luiz In\u00e1cio Lula da Silva (PT) sancionou neste domingo, 8, um projeto de lei que refor\u00e7a a prote\u00e7\u00e3o","og_url":"https:\/\/afogadosfm.com.br\/afogadosfm\/2026\/03\/08\/lula-sancionou-lei-que-reforca-protecao-a-vitimas-de-estupro-menores-de-14-anos\/","og_site_name":"Afogados FM","article_published_time":"2026-03-08T06:35:53+00:00","article_modified_time":"2026-03-09T06:36:56+00:00","og_image":[{"width":1024,"height":768,"url":"https:\/\/afogadosfm.com.br\/afogadosfm\/wp-content\/uploads\/2023\/01\/lulair.webp","type":"image\/webp"}],"author":"afogadosfm","twitter_card":"summary_large_image","twitter_misc":{"Escrito por":"afogadosfm","Est. tempo de leitura":"1 minuto"},"schema":{"@context":"https:\/\/schema.org","@graph":[{"@type":"Article","@id":"https:\/\/afogadosfm.com.br\/afogadosfm\/2026\/03\/08\/lula-sancionou-lei-que-reforca-protecao-a-vitimas-de-estupro-menores-de-14-anos\/#article","isPartOf":{"@id":"https:\/\/afogadosfm.com.br\/afogadosfm\/2026\/03\/08\/lula-sancionou-lei-que-reforca-protecao-a-vitimas-de-estupro-menores-de-14-anos\/"},"author":{"name":"afogadosfm","@id":"https:\/\/afogadosfm.com.br\/afogadosfm\/#\/schema\/person\/60e56f2cf5dc960fc093fe093d9e9057"},"headline":"Lula sancionou lei que refor\u00e7a prote\u00e7\u00e3o a v\u00edtimas de estupro menores de 14 anos","datePublished":"2026-03-08T06:35:53+00:00","dateModified":"2026-03-09T06:36:56+00:00","mainEntityOfPage":{"@id":"https:\/\/afogadosfm.com.br\/afogadosfm\/2026\/03\/08\/lula-sancionou-lei-que-reforca-protecao-a-vitimas-de-estupro-menores-de-14-anos\/"},"wordCount":203,"commentCount":0,"publisher":{"@id":"https:\/\/afogadosfm.com.br\/afogadosfm\/#organization"},"image":{"@id":"https:\/\/afogadosfm.com.br\/afogadosfm\/2026\/03\/08\/lula-sancionou-lei-que-reforca-protecao-a-vitimas-de-estupro-menores-de-14-anos\/#primaryimage"},"thumbnailUrl":"https:\/\/i0.wp.com\/afogadosfm.com.br\/afogadosfm\/wp-content\/uploads\/2023\/01\/lulair.webp?fit=1024%2C768&ssl=1","articleSection":["Brasil"],"inLanguage":"pt-BR","potentialAction":[{"@type":"CommentAction","name":"Comment","target":["https:\/\/afogadosfm.com.br\/afogadosfm\/2026\/03\/08\/lula-sancionou-lei-que-reforca-protecao-a-vitimas-de-estupro-menores-de-14-anos\/#respond"]}]},{"@type":"WebPage","@id":"https:\/\/afogadosfm.com.br\/afogadosfm\/2026\/03\/08\/lula-sancionou-lei-que-reforca-protecao-a-vitimas-de-estupro-menores-de-14-anos\/","url":"https:\/\/afogadosfm.com.br\/afogadosfm\/2026\/03\/08\/lula-sancionou-lei-que-reforca-protecao-a-vitimas-de-estupro-menores-de-14-anos\/","name":"Lula sancionou lei que refor\u00e7a prote\u00e7\u00e3o a v\u00edtimas de estupro menores de 14 anos - Afogados FM","isPartOf":{"@id":"https:\/\/afogadosfm.com.br\/afogadosfm\/#website"},"primaryImageOfPage":{"@id":"https:\/\/afogadosfm.com.br\/afogadosfm\/2026\/03\/08\/lula-sancionou-lei-que-reforca-protecao-a-vitimas-de-estupro-menores-de-14-anos\/#primaryimage"},"image":{"@id":"https:\/\/afogadosfm.com.br\/afogadosfm\/2026\/03\/08\/lula-sancionou-lei-que-reforca-protecao-a-vitimas-de-estupro-menores-de-14-anos\/#primaryimage"},"thumbnailUrl":"https:\/\/i0.wp.com\/afogadosfm.com.br\/afogadosfm\/wp-content\/uploads\/2023\/01\/lulair.webp?fit=1024%2C768&ssl=1","datePublished":"2026-03-08T06:35:53+00:00","dateModified":"2026-03-09T06:36:56+00:00","breadcrumb":{"@id":"https:\/\/afogadosfm.com.br\/afogadosfm\/2026\/03\/08\/lula-sancionou-lei-que-reforca-protecao-a-vitimas-de-estupro-menores-de-14-anos\/#breadcrumb"},"inLanguage":"pt-BR","potentialAction":[{"@type":"ReadAction","target":["https:\/\/afogadosfm.com.br\/afogadosfm\/2026\/03\/08\/lula-sancionou-lei-que-reforca-protecao-a-vitimas-de-estupro-menores-de-14-anos\/"]}]},{"@type":"ImageObject","inLanguage":"pt-BR","@id":"https:\/\/afogadosfm.com.br\/afogadosfm\/2026\/03\/08\/lula-sancionou-lei-que-reforca-protecao-a-vitimas-de-estupro-menores-de-14-anos\/#primaryimage","url":"https:\/\/i0.wp.com\/afogadosfm.com.br\/afogadosfm\/wp-content\/uploads\/2023\/01\/lulair.webp?fit=1024%2C768&ssl=1","contentUrl":"https:\/\/i0.wp.com\/afogadosfm.com.br\/afogadosfm\/wp-content\/uploads\/2023\/01\/lulair.webp?fit=1024%2C768&ssl=1","width":1024,"height":768},{"@type":"BreadcrumbList","@id":"https:\/\/afogadosfm.com.br\/afogadosfm\/2026\/03\/08\/lula-sancionou-lei-que-reforca-protecao-a-vitimas-de-estupro-menores-de-14-anos\/#breadcrumb","itemListElement":[{"@type":"ListItem","position":1,"name":"In\u00edcio","item":"https:\/\/afogadosfm.com.br\/afogadosfm\/"},{"@type":"ListItem","position":2,"name":"Lula sancionou lei que refor\u00e7a prote\u00e7\u00e3o a v\u00edtimas de estupro menores de 14 anos"}]},{"@type":"WebSite","@id":"https:\/\/afogadosfm.com.br\/afogadosfm\/#website","url":"https:\/\/afogadosfm.com.br\/afogadosfm\/","name":"Afogados FM","description":"Um site completo!","publisher":{"@id":"https:\/\/afogadosfm.com.br\/afogadosfm\/#organization"},"potentialAction":[{"@type":"SearchAction","target":{"@type":"EntryPoint","urlTemplate":"https:\/\/afogadosfm.com.br\/afogadosfm\/?s={search_term_string}"},"query-input":{"@type":"PropertyValueSpecification","valueRequired":true,"valueName":"search_term_string"}}],"inLanguage":"pt-BR"},{"@type":"Organization","@id":"https:\/\/afogadosfm.com.br\/afogadosfm\/#organization","name":"Afogados FM","url":"https:\/\/afogadosfm.com.br\/afogadosfm\/","logo":{"@type":"ImageObject","inLanguage":"pt-BR","@id":"https:\/\/afogadosfm.com.br\/afogadosfm\/#\/schema\/logo\/image\/","url":"https:\/\/i0.wp.com\/afogadosfm.com.br\/afogadosfm\/wp-content\/uploads\/2020\/06\/cropped-banner-afogados-4.jpg?fit=369%2C137&ssl=1","contentUrl":"https:\/\/i0.wp.com\/afogadosfm.com.br\/afogadosfm\/wp-content\/uploads\/2020\/06\/cropped-banner-afogados-4.jpg?fit=369%2C137&ssl=1","width":369,"height":137,"caption":"Afogados FM"},"image":{"@id":"https:\/\/afogadosfm.com.br\/afogadosfm\/#\/schema\/logo\/image\/"}},{"@type":"Person","@id":"https:\/\/afogadosfm.com.br\/afogadosfm\/#\/schema\/person\/60e56f2cf5dc960fc093fe093d9e9057","name":"afogadosfm","image":{"@type":"ImageObject","inLanguage":"pt-BR","@id":"https:\/\/secure.gravatar.com\/avatar\/e0359add7ed5dc3560906d861b52c6a8cf5c1e199d3a7dd85070998f49bd4701?s=96&d=mm&r=g","url":"https:\/\/secure.gravatar.com\/avatar\/e0359add7ed5dc3560906d861b52c6a8cf5c1e199d3a7dd85070998f49bd4701?s=96&d=mm&r=g","contentUrl":"https:\/\/secure.gravatar.com\/avatar\/e0359add7ed5dc3560906d861b52c6a8cf5c1e199d3a7dd85070998f49bd4701?s=96&d=mm&r=g","caption":"afogadosfm"},"url":"https:\/\/afogadosfm.com.br\/afogadosfm\/author\/afogadosfm\/"}]}},"jetpack_publicize_connections":[],"jetpack_featured_media_url":"https:\/\/i0.wp.com\/afogadosfm.com.br\/afogadosfm\/wp-content\/uploads\/2023\/01\/lulair.webp?fit=1024%2C768&ssl=1","jetpack-related-posts":[],"jetpack_sharing_enabled":true,"jetpack_likes_enabled":true,"_links":{"self":[{"href":"https:\/\/afogadosfm.com.br\/afogadosfm\/wp-json\/wp\/v2\/posts\/73128","targetHints":{"allow":["GET"]}}],"collection":[{"href":"https:\/\/afogadosfm.com.br\/afogadosfm\/wp-json\/wp\/v2\/posts"}],"about":[{"href":"https:\/\/afogadosfm.com.br\/afogadosfm\/wp-json\/wp\/v2\/types\/post"}],"author":[{"embeddable":true,"href":"https:\/\/afogadosfm.com.br\/afogadosfm\/wp-json\/wp\/v2\/users\/2"}],"replies":[{"embeddable":true,"href":"https:\/\/afogadosfm.com.br\/afogadosfm\/wp-json\/wp\/v2\/comments?post=73128"}],"version-history":[{"count":1,"href":"https:\/\/afogadosfm.com.br\/afogadosfm\/wp-json\/wp\/v2\/posts\/73128\/revisions"}],"predecessor-version":[{"id":73129,"href":"https:\/\/afogadosfm.com.br\/afogadosfm\/wp-json\/wp\/v2\/posts\/73128\/revisions\/73129"}],"wp:featuredmedia":[{"embeddable":true,"href":"https:\/\/afogadosfm.com.br\/afogadosfm\/wp-json\/wp\/v2\/media\/44195"}],"wp:attachment":[{"href":"https:\/\/afogadosfm.com.br\/afogadosfm\/wp-json\/wp\/v2\/media?parent=73128"}],"wp:term":[{"taxonomy":"category","embeddable":true,"href":"https:\/\/afogadosfm.com.br\/afogadosfm\/wp-json\/wp\/v2\/categories?post=73128"},{"taxonomy":"post_tag","embeddable":true,"href":"https:\/\/afogadosfm.com.br\/afogadosfm\/wp-json\/wp\/v2\/tags?post=73128"}],"curies":[{"name":"wp","href":"https:\/\/api.w.org\/{rel}","templated":true}]}}