{"id":73140,"date":"2026-03-09T04:25:35","date_gmt":"2026-03-09T07:25:35","guid":{"rendered":"https:\/\/afogadosfm.com.br\/afogadosfm\/?p=73140"},"modified":"2026-03-09T04:25:35","modified_gmt":"2026-03-09T07:25:35","slug":"ira-nomeia-mojtaba-khamenei-como-novo-lider-supremo","status":"publish","type":"post","link":"https:\/\/afogadosfm.com.br\/afogadosfm\/2026\/03\/09\/ira-nomeia-mojtaba-khamenei-como-novo-lider-supremo\/","title":{"rendered":"Ir\u00e3 nomeia Mojtaba Khamenei como novo l\u00edder supremo"},"content":{"rendered":"<p>A Assembleia de Especialistas do Ir\u00e3 nomeou Mojtaba Khamenei, de 56 anos, como novo l\u00edder supremo do pa\u00eds, segundo informou a m\u00eddia estatal neste domingo (8). Em comunicado, o \u00f3rg\u00e3o convocou o povo iraniano a manter a unidade e jurar lealdade ao novo l\u00edder.<\/p>\n<p>Mojtaba, cl\u00e9rigo de escal\u00e3o m\u00e9dio com la\u00e7os estreitos com os Guardas Revolucion\u00e1rios, j\u00e1 era visto h\u00e1 anos como poss\u00edvel sucessor de seu pai, o aiatol\u00e1 Ali Khamenei.<\/p>\n<p>Apesar de a ideologia dominante do Ir\u00e3 n\u00e3o favorecer a sucess\u00e3o heredit\u00e1ria, ele conta com apoio significativo dentro da Guarda e da estrutura pol\u00edtica que ainda mant\u00e9m a influ\u00eancia do falecido l\u00edder.<\/p>\n<p>Ali Khamenei morreu em 28 de fevereiro, durante bombardeios conduzidos por Estados Unidos e Israel contra alvos estrat\u00e9gicos em Teer\u00e3. Ele comandou o Ir\u00e3 como l\u00edder supremo desde 1989, o que representa quase quatro d\u00e9cadas no cargo.<\/p>\n<p>O ataque tamb\u00e9m matou comandantes militares e integrantes do alto escal\u00e3o do regime, desencadeando uma escalada militar na regi\u00e3o, com ataques e retalia\u00e7\u00f5es entre Ir\u00e3, Israel e for\u00e7as americanas.<\/p>\n<p>Segundo a imprensa iraniana, al\u00e9m do pai, Mojtaba perdeu a esposa e um filho pequeno. Apesar das trag\u00e9dias pessoais, mesmo ostentando o t\u00edtulo de aiatol\u00e1, Mojtaba \u00e9 um cl\u00e9rigo de n\u00edvel intermedi\u00e1rio e uma das figuras mais influentes do establishment clerical iraniano.<\/p>\n<p>Ele \u00e9 conhecido por ter uma postura linha-dura e tem la\u00e7os estreitos com a elite da Guarda Revolucion\u00e1ria do Ir\u00e3.<\/p>\n<p>O an\u00fancio da nomea\u00e7\u00e3o foi confirmado pelo membro do conselho Ahmad Alamolhoda e dependia do chefe do secretariado da Assembleia de Especialistas, Hosseini Bushehri, respons\u00e1vel por tornar p\u00fablica a decis\u00e3o, segundo a ag\u00eancia iraniana Mehr.<\/p>\n<p>De acordo com o The New York Times, a nomea\u00e7\u00e3o tamb\u00e9m reflete a tentativa do governo iraniano de manter a continuidade em meio aos ataques crescentes dos Estados Unidos e de Israel, nove dias ap\u00f3s o in\u00edcio da guerra.<\/p>\n<p>Mojtaba assume n\u00e3o apenas como a nova autoridade religiosa e pol\u00edtica do pa\u00eds, mas tamb\u00e9m como comandante-em-chefe das For\u00e7as Armadas, refor\u00e7ando sua posi\u00e7\u00e3o de influ\u00eancia no Ir\u00e3.<\/p>\n<p>Do G1<\/p>\n","protected":false},"excerpt":{"rendered":"<p>A Assembleia de Especialistas do Ir\u00e3 nomeou Mojtaba Khamenei, de 56 anos, como novo l\u00edder supremo do pa\u00eds, segundo informou<\/p>\n","protected":false},"author":2,"featured_media":73141,"comment_status":"open","ping_status":"open","sticky":false,"template":"","format":"standard","meta":{"jetpack_post_was_ever_published":false,"_jetpack_newsletter_access":"","_jetpack_dont_email_post_to_subs":false,"_jetpack_newsletter_tier_id":0,"_jetpack_memberships_contains_paywalled_content":false,"_jetpack_memberships_contains_paid_content":false,"footnotes":"","jetpack_publicize_message":"","jetpack_publicize_feature_enabled":true,"jetpack_social_post_already_shared":true,"jetpack_social_options":{"image_generator_settings":{"template":"highway","default_image_id":0,"font":"","enabled":false},"version":2}},"categories":[42],"tags":[],"class_list":["post-73140","post","type-post","status-publish","format-standard","has-post-thumbnail","hentry","category-mundo"],"yoast_head":"<!-- This site is optimized with the Yoast SEO plugin v27.4 - https:\/\/yoast.com\/product\/yoast-seo-wordpress\/ -->\n<title>Ir\u00e3 nomeia Mojtaba Khamenei como novo l\u00edder supremo - Afogados FM<\/title>\n<meta name=\"robots\" content=\"index, follow, max-snippet:-1, max-image-preview:large, max-video-preview:-1\" \/>\n<link rel=\"canonical\" href=\"https:\/\/afogadosfm.com.br\/afogadosfm\/2026\/03\/09\/ira-nomeia-mojtaba-khamenei-como-novo-lider-supremo\/\" \/>\n<meta property=\"og:locale\" content=\"pt_BR\" \/>\n<meta property=\"og:type\" content=\"article\" \/>\n<meta property=\"og:title\" content=\"Ir\u00e3 nomeia Mojtaba Khamenei como novo l\u00edder supremo - Afogados FM\" \/>\n<meta property=\"og:description\" content=\"A Assembleia de Especialistas do Ir\u00e3 nomeou Mojtaba Khamenei, de 56 anos, como novo l\u00edder supremo do pa\u00eds, segundo informou\" \/>\n<meta property=\"og:url\" content=\"https:\/\/afogadosfm.com.br\/afogadosfm\/2026\/03\/09\/ira-nomeia-mojtaba-khamenei-como-novo-lider-supremo\/\" \/>\n<meta property=\"og:site_name\" content=\"Afogados FM\" \/>\n<meta property=\"article:published_time\" content=\"2026-03-09T07:25:35+00:00\" \/>\n<meta property=\"og:image\" content=\"https:\/\/afogadosfm.com.br\/afogadosfm\/wp-content\/uploads\/2026\/03\/baixados.webp\" \/>\n\t<meta property=\"og:image:width\" content=\"384\" \/>\n\t<meta property=\"og:image:height\" content=\"270\" \/>\n\t<meta property=\"og:image:type\" content=\"image\/webp\" \/>\n<meta name=\"author\" content=\"afogadosfm\" \/>\n<meta name=\"twitter:card\" content=\"summary_large_image\" \/>\n<meta name=\"twitter:label1\" content=\"Escrito por\" \/>\n\t<meta name=\"twitter:data1\" content=\"afogadosfm\" \/>\n\t<meta name=\"twitter:label2\" content=\"Est. tempo de leitura\" \/>\n\t<meta name=\"twitter:data2\" content=\"3 minutos\" \/>\n<script type=\"application\/ld+json\" class=\"yoast-schema-graph\">{\"@context\":\"https:\\\/\\\/schema.org\",\"@graph\":[{\"@type\":\"Article\",\"@id\":\"https:\\\/\\\/afogadosfm.com.br\\\/afogadosfm\\\/2026\\\/03\\\/09\\\/ira-nomeia-mojtaba-khamenei-como-novo-lider-supremo\\\/#article\",\"isPartOf\":{\"@id\":\"https:\\\/\\\/afogadosfm.com.br\\\/afogadosfm\\\/2026\\\/03\\\/09\\\/ira-nomeia-mojtaba-khamenei-como-novo-lider-supremo\\\/\"},\"author\":{\"name\":\"afogadosfm\",\"@id\":\"https:\\\/\\\/afogadosfm.com.br\\\/afogadosfm\\\/#\\\/schema\\\/person\\\/60e56f2cf5dc960fc093fe093d9e9057\"},\"headline\":\"Ir\u00e3 nomeia Mojtaba Khamenei como novo l\u00edder supremo\",\"datePublished\":\"2026-03-09T07:25:35+00:00\",\"mainEntityOfPage\":{\"@id\":\"https:\\\/\\\/afogadosfm.com.br\\\/afogadosfm\\\/2026\\\/03\\\/09\\\/ira-nomeia-mojtaba-khamenei-como-novo-lider-supremo\\\/\"},\"wordCount\":389,\"commentCount\":0,\"publisher\":{\"@id\":\"https:\\\/\\\/afogadosfm.com.br\\\/afogadosfm\\\/#organization\"},\"image\":{\"@id\":\"https:\\\/\\\/afogadosfm.com.br\\\/afogadosfm\\\/2026\\\/03\\\/09\\\/ira-nomeia-mojtaba-khamenei-como-novo-lider-supremo\\\/#primaryimage\"},\"thumbnailUrl\":\"https:\\\/\\\/i0.wp.com\\\/afogadosfm.com.br\\\/afogadosfm\\\/wp-content\\\/uploads\\\/2026\\\/03\\\/baixados.webp?fit=384%2C270&ssl=1\",\"articleSection\":[\"Mundo\"],\"inLanguage\":\"pt-BR\",\"potentialAction\":[{\"@type\":\"CommentAction\",\"name\":\"Comment\",\"target\":[\"https:\\\/\\\/afogadosfm.com.br\\\/afogadosfm\\\/2026\\\/03\\\/09\\\/ira-nomeia-mojtaba-khamenei-como-novo-lider-supremo\\\/#respond\"]}]},{\"@type\":\"WebPage\",\"@id\":\"https:\\\/\\\/afogadosfm.com.br\\\/afogadosfm\\\/2026\\\/03\\\/09\\\/ira-nomeia-mojtaba-khamenei-como-novo-lider-supremo\\\/\",\"url\":\"https:\\\/\\\/afogadosfm.com.br\\\/afogadosfm\\\/2026\\\/03\\\/09\\\/ira-nomeia-mojtaba-khamenei-como-novo-lider-supremo\\\/\",\"name\":\"Ir\u00e3 nomeia Mojtaba Khamenei como novo l\u00edder supremo - Afogados FM\",\"isPartOf\":{\"@id\":\"https:\\\/\\\/afogadosfm.com.br\\\/afogadosfm\\\/#website\"},\"primaryImageOfPage\":{\"@id\":\"https:\\\/\\\/afogadosfm.com.br\\\/afogadosfm\\\/2026\\\/03\\\/09\\\/ira-nomeia-mojtaba-khamenei-como-novo-lider-supremo\\\/#primaryimage\"},\"image\":{\"@id\":\"https:\\\/\\\/afogadosfm.com.br\\\/afogadosfm\\\/2026\\\/03\\\/09\\\/ira-nomeia-mojtaba-khamenei-como-novo-lider-supremo\\\/#primaryimage\"},\"thumbnailUrl\":\"https:\\\/\\\/i0.wp.com\\\/afogadosfm.com.br\\\/afogadosfm\\\/wp-content\\\/uploads\\\/2026\\\/03\\\/baixados.webp?fit=384%2C270&ssl=1\",\"datePublished\":\"2026-03-09T07:25:35+00:00\",\"breadcrumb\":{\"@id\":\"https:\\\/\\\/afogadosfm.com.br\\\/afogadosfm\\\/2026\\\/03\\\/09\\\/ira-nomeia-mojtaba-khamenei-como-novo-lider-supremo\\\/#breadcrumb\"},\"inLanguage\":\"pt-BR\",\"potentialAction\":[{\"@type\":\"ReadAction\",\"target\":[\"https:\\\/\\\/afogadosfm.com.br\\\/afogadosfm\\\/2026\\\/03\\\/09\\\/ira-nomeia-mojtaba-khamenei-como-novo-lider-supremo\\\/\"]}]},{\"@type\":\"ImageObject\",\"inLanguage\":\"pt-BR\",\"@id\":\"https:\\\/\\\/afogadosfm.com.br\\\/afogadosfm\\\/2026\\\/03\\\/09\\\/ira-nomeia-mojtaba-khamenei-como-novo-lider-supremo\\\/#primaryimage\",\"url\":\"https:\\\/\\\/i0.wp.com\\\/afogadosfm.com.br\\\/afogadosfm\\\/wp-content\\\/uploads\\\/2026\\\/03\\\/baixados.webp?fit=384%2C270&ssl=1\",\"contentUrl\":\"https:\\\/\\\/i0.wp.com\\\/afogadosfm.com.br\\\/afogadosfm\\\/wp-content\\\/uploads\\\/2026\\\/03\\\/baixados.webp?fit=384%2C270&ssl=1\",\"width\":384,\"height\":270},{\"@type\":\"BreadcrumbList\",\"@id\":\"https:\\\/\\\/afogadosfm.com.br\\\/afogadosfm\\\/2026\\\/03\\\/09\\\/ira-nomeia-mojtaba-khamenei-como-novo-lider-supremo\\\/#breadcrumb\",\"itemListElement\":[{\"@type\":\"ListItem\",\"position\":1,\"name\":\"In\u00edcio\",\"item\":\"https:\\\/\\\/afogadosfm.com.br\\\/afogadosfm\\\/\"},{\"@type\":\"ListItem\",\"position\":2,\"name\":\"Ir\u00e3 nomeia Mojtaba Khamenei como novo l\u00edder supremo\"}]},{\"@type\":\"WebSite\",\"@id\":\"https:\\\/\\\/afogadosfm.com.br\\\/afogadosfm\\\/#website\",\"url\":\"https:\\\/\\\/afogadosfm.com.br\\\/afogadosfm\\\/\",\"name\":\"Afogados FM\",\"description\":\"Um site completo!\",\"publisher\":{\"@id\":\"https:\\\/\\\/afogadosfm.com.br\\\/afogadosfm\\\/#organization\"},\"potentialAction\":[{\"@type\":\"SearchAction\",\"target\":{\"@type\":\"EntryPoint\",\"urlTemplate\":\"https:\\\/\\\/afogadosfm.com.br\\\/afogadosfm\\\/?s={search_term_string}\"},\"query-input\":{\"@type\":\"PropertyValueSpecification\",\"valueRequired\":true,\"valueName\":\"search_term_string\"}}],\"inLanguage\":\"pt-BR\"},{\"@type\":\"Organization\",\"@id\":\"https:\\\/\\\/afogadosfm.com.br\\\/afogadosfm\\\/#organization\",\"name\":\"Afogados FM\",\"url\":\"https:\\\/\\\/afogadosfm.com.br\\\/afogadosfm\\\/\",\"logo\":{\"@type\":\"ImageObject\",\"inLanguage\":\"pt-BR\",\"@id\":\"https:\\\/\\\/afogadosfm.com.br\\\/afogadosfm\\\/#\\\/schema\\\/logo\\\/image\\\/\",\"url\":\"https:\\\/\\\/i0.wp.com\\\/afogadosfm.com.br\\\/afogadosfm\\\/wp-content\\\/uploads\\\/2020\\\/06\\\/cropped-banner-afogados-4.jpg?fit=369%2C137&ssl=1\",\"contentUrl\":\"https:\\\/\\\/i0.wp.com\\\/afogadosfm.com.br\\\/afogadosfm\\\/wp-content\\\/uploads\\\/2020\\\/06\\\/cropped-banner-afogados-4.jpg?fit=369%2C137&ssl=1\",\"width\":369,\"height\":137,\"caption\":\"Afogados FM\"},\"image\":{\"@id\":\"https:\\\/\\\/afogadosfm.com.br\\\/afogadosfm\\\/#\\\/schema\\\/logo\\\/image\\\/\"}},{\"@type\":\"Person\",\"@id\":\"https:\\\/\\\/afogadosfm.com.br\\\/afogadosfm\\\/#\\\/schema\\\/person\\\/60e56f2cf5dc960fc093fe093d9e9057\",\"name\":\"afogadosfm\",\"image\":{\"@type\":\"ImageObject\",\"inLanguage\":\"pt-BR\",\"@id\":\"https:\\\/\\\/secure.gravatar.com\\\/avatar\\\/e0359add7ed5dc3560906d861b52c6a8cf5c1e199d3a7dd85070998f49bd4701?s=96&d=mm&r=g\",\"url\":\"https:\\\/\\\/secure.gravatar.com\\\/avatar\\\/e0359add7ed5dc3560906d861b52c6a8cf5c1e199d3a7dd85070998f49bd4701?s=96&d=mm&r=g\",\"contentUrl\":\"https:\\\/\\\/secure.gravatar.com\\\/avatar\\\/e0359add7ed5dc3560906d861b52c6a8cf5c1e199d3a7dd85070998f49bd4701?s=96&d=mm&r=g\",\"caption\":\"afogadosfm\"},\"url\":\"https:\\\/\\\/afogadosfm.com.br\\\/afogadosfm\\\/author\\\/afogadosfm\\\/\"}]}<\/script>\n<!-- \/ Yoast SEO plugin. -->","yoast_head_json":{"title":"Ir\u00e3 nomeia Mojtaba Khamenei como novo l\u00edder supremo - Afogados FM","robots":{"index":"index","follow":"follow","max-snippet":"max-snippet:-1","max-image-preview":"max-image-preview:large","max-video-preview":"max-video-preview:-1"},"canonical":"https:\/\/afogadosfm.com.br\/afogadosfm\/2026\/03\/09\/ira-nomeia-mojtaba-khamenei-como-novo-lider-supremo\/","og_locale":"pt_BR","og_type":"article","og_title":"Ir\u00e3 nomeia Mojtaba Khamenei como novo l\u00edder supremo - Afogados FM","og_description":"A Assembleia de Especialistas do Ir\u00e3 nomeou Mojtaba Khamenei, de 56 anos, como novo l\u00edder supremo do pa\u00eds, segundo informou","og_url":"https:\/\/afogadosfm.com.br\/afogadosfm\/2026\/03\/09\/ira-nomeia-mojtaba-khamenei-como-novo-lider-supremo\/","og_site_name":"Afogados FM","article_published_time":"2026-03-09T07:25:35+00:00","og_image":[{"width":384,"height":270,"url":"https:\/\/afogadosfm.com.br\/afogadosfm\/wp-content\/uploads\/2026\/03\/baixados.webp","type":"image\/webp"}],"author":"afogadosfm","twitter_card":"summary_large_image","twitter_misc":{"Escrito por":"afogadosfm","Est. tempo de leitura":"3 minutos"},"schema":{"@context":"https:\/\/schema.org","@graph":[{"@type":"Article","@id":"https:\/\/afogadosfm.com.br\/afogadosfm\/2026\/03\/09\/ira-nomeia-mojtaba-khamenei-como-novo-lider-supremo\/#article","isPartOf":{"@id":"https:\/\/afogadosfm.com.br\/afogadosfm\/2026\/03\/09\/ira-nomeia-mojtaba-khamenei-como-novo-lider-supremo\/"},"author":{"name":"afogadosfm","@id":"https:\/\/afogadosfm.com.br\/afogadosfm\/#\/schema\/person\/60e56f2cf5dc960fc093fe093d9e9057"},"headline":"Ir\u00e3 nomeia Mojtaba Khamenei como novo l\u00edder supremo","datePublished":"2026-03-09T07:25:35+00:00","mainEntityOfPage":{"@id":"https:\/\/afogadosfm.com.br\/afogadosfm\/2026\/03\/09\/ira-nomeia-mojtaba-khamenei-como-novo-lider-supremo\/"},"wordCount":389,"commentCount":0,"publisher":{"@id":"https:\/\/afogadosfm.com.br\/afogadosfm\/#organization"},"image":{"@id":"https:\/\/afogadosfm.com.br\/afogadosfm\/2026\/03\/09\/ira-nomeia-mojtaba-khamenei-como-novo-lider-supremo\/#primaryimage"},"thumbnailUrl":"https:\/\/i0.wp.com\/afogadosfm.com.br\/afogadosfm\/wp-content\/uploads\/2026\/03\/baixados.webp?fit=384%2C270&ssl=1","articleSection":["Mundo"],"inLanguage":"pt-BR","potentialAction":[{"@type":"CommentAction","name":"Comment","target":["https:\/\/afogadosfm.com.br\/afogadosfm\/2026\/03\/09\/ira-nomeia-mojtaba-khamenei-como-novo-lider-supremo\/#respond"]}]},{"@type":"WebPage","@id":"https:\/\/afogadosfm.com.br\/afogadosfm\/2026\/03\/09\/ira-nomeia-mojtaba-khamenei-como-novo-lider-supremo\/","url":"https:\/\/afogadosfm.com.br\/afogadosfm\/2026\/03\/09\/ira-nomeia-mojtaba-khamenei-como-novo-lider-supremo\/","name":"Ir\u00e3 nomeia Mojtaba Khamenei como novo l\u00edder supremo - Afogados FM","isPartOf":{"@id":"https:\/\/afogadosfm.com.br\/afogadosfm\/#website"},"primaryImageOfPage":{"@id":"https:\/\/afogadosfm.com.br\/afogadosfm\/2026\/03\/09\/ira-nomeia-mojtaba-khamenei-como-novo-lider-supremo\/#primaryimage"},"image":{"@id":"https:\/\/afogadosfm.com.br\/afogadosfm\/2026\/03\/09\/ira-nomeia-mojtaba-khamenei-como-novo-lider-supremo\/#primaryimage"},"thumbnailUrl":"https:\/\/i0.wp.com\/afogadosfm.com.br\/afogadosfm\/wp-content\/uploads\/2026\/03\/baixados.webp?fit=384%2C270&ssl=1","datePublished":"2026-03-09T07:25:35+00:00","breadcrumb":{"@id":"https:\/\/afogadosfm.com.br\/afogadosfm\/2026\/03\/09\/ira-nomeia-mojtaba-khamenei-como-novo-lider-supremo\/#breadcrumb"},"inLanguage":"pt-BR","potentialAction":[{"@type":"ReadAction","target":["https:\/\/afogadosfm.com.br\/afogadosfm\/2026\/03\/09\/ira-nomeia-mojtaba-khamenei-como-novo-lider-supremo\/"]}]},{"@type":"ImageObject","inLanguage":"pt-BR","@id":"https:\/\/afogadosfm.com.br\/afogadosfm\/2026\/03\/09\/ira-nomeia-mojtaba-khamenei-como-novo-lider-supremo\/#primaryimage","url":"https:\/\/i0.wp.com\/afogadosfm.com.br\/afogadosfm\/wp-content\/uploads\/2026\/03\/baixados.webp?fit=384%2C270&ssl=1","contentUrl":"https:\/\/i0.wp.com\/afogadosfm.com.br\/afogadosfm\/wp-content\/uploads\/2026\/03\/baixados.webp?fit=384%2C270&ssl=1","width":384,"height":270},{"@type":"BreadcrumbList","@id":"https:\/\/afogadosfm.com.br\/afogadosfm\/2026\/03\/09\/ira-nomeia-mojtaba-khamenei-como-novo-lider-supremo\/#breadcrumb","itemListElement":[{"@type":"ListItem","position":1,"name":"In\u00edcio","item":"https:\/\/afogadosfm.com.br\/afogadosfm\/"},{"@type":"ListItem","position":2,"name":"Ir\u00e3 nomeia Mojtaba Khamenei como novo l\u00edder supremo"}]},{"@type":"WebSite","@id":"https:\/\/afogadosfm.com.br\/afogadosfm\/#website","url":"https:\/\/afogadosfm.com.br\/afogadosfm\/","name":"Afogados FM","description":"Um site completo!","publisher":{"@id":"https:\/\/afogadosfm.com.br\/afogadosfm\/#organization"},"potentialAction":[{"@type":"SearchAction","target":{"@type":"EntryPoint","urlTemplate":"https:\/\/afogadosfm.com.br\/afogadosfm\/?s={search_term_string}"},"query-input":{"@type":"PropertyValueSpecification","valueRequired":true,"valueName":"search_term_string"}}],"inLanguage":"pt-BR"},{"@type":"Organization","@id":"https:\/\/afogadosfm.com.br\/afogadosfm\/#organization","name":"Afogados FM","url":"https:\/\/afogadosfm.com.br\/afogadosfm\/","logo":{"@type":"ImageObject","inLanguage":"pt-BR","@id":"https:\/\/afogadosfm.com.br\/afogadosfm\/#\/schema\/logo\/image\/","url":"https:\/\/i0.wp.com\/afogadosfm.com.br\/afogadosfm\/wp-content\/uploads\/2020\/06\/cropped-banner-afogados-4.jpg?fit=369%2C137&ssl=1","contentUrl":"https:\/\/i0.wp.com\/afogadosfm.com.br\/afogadosfm\/wp-content\/uploads\/2020\/06\/cropped-banner-afogados-4.jpg?fit=369%2C137&ssl=1","width":369,"height":137,"caption":"Afogados FM"},"image":{"@id":"https:\/\/afogadosfm.com.br\/afogadosfm\/#\/schema\/logo\/image\/"}},{"@type":"Person","@id":"https:\/\/afogadosfm.com.br\/afogadosfm\/#\/schema\/person\/60e56f2cf5dc960fc093fe093d9e9057","name":"afogadosfm","image":{"@type":"ImageObject","inLanguage":"pt-BR","@id":"https:\/\/secure.gravatar.com\/avatar\/e0359add7ed5dc3560906d861b52c6a8cf5c1e199d3a7dd85070998f49bd4701?s=96&d=mm&r=g","url":"https:\/\/secure.gravatar.com\/avatar\/e0359add7ed5dc3560906d861b52c6a8cf5c1e199d3a7dd85070998f49bd4701?s=96&d=mm&r=g","contentUrl":"https:\/\/secure.gravatar.com\/avatar\/e0359add7ed5dc3560906d861b52c6a8cf5c1e199d3a7dd85070998f49bd4701?s=96&d=mm&r=g","caption":"afogadosfm"},"url":"https:\/\/afogadosfm.com.br\/afogadosfm\/author\/afogadosfm\/"}]}},"jetpack_publicize_connections":[],"jetpack_featured_media_url":"https:\/\/i0.wp.com\/afogadosfm.com.br\/afogadosfm\/wp-content\/uploads\/2026\/03\/baixados.webp?fit=384%2C270&ssl=1","jetpack-related-posts":[],"jetpack_sharing_enabled":true,"jetpack_likes_enabled":true,"_links":{"self":[{"href":"https:\/\/afogadosfm.com.br\/afogadosfm\/wp-json\/wp\/v2\/posts\/73140","targetHints":{"allow":["GET"]}}],"collection":[{"href":"https:\/\/afogadosfm.com.br\/afogadosfm\/wp-json\/wp\/v2\/posts"}],"about":[{"href":"https:\/\/afogadosfm.com.br\/afogadosfm\/wp-json\/wp\/v2\/types\/post"}],"author":[{"embeddable":true,"href":"https:\/\/afogadosfm.com.br\/afogadosfm\/wp-json\/wp\/v2\/users\/2"}],"replies":[{"embeddable":true,"href":"https:\/\/afogadosfm.com.br\/afogadosfm\/wp-json\/wp\/v2\/comments?post=73140"}],"version-history":[{"count":1,"href":"https:\/\/afogadosfm.com.br\/afogadosfm\/wp-json\/wp\/v2\/posts\/73140\/revisions"}],"predecessor-version":[{"id":73142,"href":"https:\/\/afogadosfm.com.br\/afogadosfm\/wp-json\/wp\/v2\/posts\/73140\/revisions\/73142"}],"wp:featuredmedia":[{"embeddable":true,"href":"https:\/\/afogadosfm.com.br\/afogadosfm\/wp-json\/wp\/v2\/media\/73141"}],"wp:attachment":[{"href":"https:\/\/afogadosfm.com.br\/afogadosfm\/wp-json\/wp\/v2\/media?parent=73140"}],"wp:term":[{"taxonomy":"category","embeddable":true,"href":"https:\/\/afogadosfm.com.br\/afogadosfm\/wp-json\/wp\/v2\/categories?post=73140"},{"taxonomy":"post_tag","embeddable":true,"href":"https:\/\/afogadosfm.com.br\/afogadosfm\/wp-json\/wp\/v2\/tags?post=73140"}],"curies":[{"name":"wp","href":"https:\/\/api.w.org\/{rel}","templated":true}]}}