{"id":73151,"date":"2026-03-10T06:09:21","date_gmt":"2026-03-10T09:09:21","guid":{"rendered":"https:\/\/afogadosfm.com.br\/afogadosfm\/?p=73151"},"modified":"2026-03-10T06:09:21","modified_gmt":"2026-03-10T09:09:21","slug":"vem-ai-a-copinha-de-garotos-e-do-campeonato-das-patroas-2026-no-sitio-vaca-morta-em-afogados","status":"publish","type":"post","link":"https:\/\/afogadosfm.com.br\/afogadosfm\/2026\/03\/10\/vem-ai-a-copinha-de-garotos-e-do-campeonato-das-patroas-2026-no-sitio-vaca-morta-em-afogados\/","title":{"rendered":"Vem a\u00ed a Copinha de Garotos e do Campeonato das Patroas 2026 no S\u00edtio Vaca Morta em Afogados"},"content":{"rendered":"<p>O futebol amador do Sert\u00e3o do Paje\u00fa j\u00e1 tem data marcada para mais um grande momento. No pr\u00f3ximo dia 29 de mar\u00e7o de 2026, a partir das 8h da manh\u00e3, a Arena NB (Nicodemos Batista), localizada no S\u00edtio Vaca Morta, em Afogados da Ingazeira (PE), ser\u00e1 palco da abertura oficial de dois importantes projetos regionais que v\u00eam ganhando cada vez mais destaque no cen\u00e1rio esportivo local.<\/p>\n<p>&nbsp;<\/p>\n<p>A programa\u00e7\u00e3o marca o in\u00edcio da 4\u00aa edi\u00e7\u00e3o da Copinha de Garotos 2026 e da 2\u00aa edi\u00e7\u00e3o do Campeonato das Patroas 2026, competi\u00e7\u00f5es que j\u00e1 se consolidaram como verdadeiras sensa\u00e7\u00f5es do futebol amador do Paje\u00fa, reunindo atletas, torcedores e incentivadores do esporte da regi\u00e3o.<\/p>\n<p>Os campeonatos s\u00e3o realizados pela AVM Pr\u00f3 Futebol, com o apoio e incentivo Dynasty Sports, trabalha pelo fortalecimento do futebol regional.<\/p>\n<div class=\"separator\"><a href=\"https:\/\/i0.wp.com\/blogger.googleusercontent.com\/img\/b\/R29vZ2xl\/AVvXsEgelACZOucs_nxCyx93zdyoh4YybOLBfyHIZa-hjO7deNVj6AKpKxxmlTRYXiSV2EB3ixfIv9LY6xETlN4O5z7w-hSqDl6Z1uCFFGfOtiqtstOHFPyaa1oc9eiQ6uxDdGlR6EXDNC23A8m3fHyeoX9WKci1Mnd7tKn0D0Qs4ZCS_KeqjXkx9Ku-Fc6VQxAy\/s1600\/124d841c-d85c-4c91-b3c4-694c829a7f5f.jpeg?ssl=1\"><img data-recalc-dims=\"1\" loading=\"lazy\" decoding=\"async\" src=\"https:\/\/i0.wp.com\/blogger.googleusercontent.com\/img\/b\/R29vZ2xl\/AVvXsEgelACZOucs_nxCyx93zdyoh4YybOLBfyHIZa-hjO7deNVj6AKpKxxmlTRYXiSV2EB3ixfIv9LY6xETlN4O5z7w-hSqDl6Z1uCFFGfOtiqtstOHFPyaa1oc9eiQ6uxDdGlR6EXDNC23A8m3fHyeoX9WKci1Mnd7tKn0D0Qs4ZCS_KeqjXkx9Ku-Fc6VQxAy\/w400-h400\/124d841c-d85c-4c91-b3c4-694c829a7f5f.jpeg?resize=400%2C400&#038;ssl=1\" width=\"400\" height=\"400\" border=\"0\" data-original-height=\"1600\" data-original-width=\"1600\" \/><\/a><\/div>\n<p>Homenagens especiais<\/p>\n<p>A edi\u00e7\u00e3o 2026 tamb\u00e9m contar\u00e1 com homenagens importantes a pessoas que contribuem com o esporte e com a comunidade.<\/p>\n<p>A Copinha de Garotos 2026 ter\u00e1 como homenageado o vereador M\u00e1rio Martins, reconhecido pelo apoio \u00e0s iniciativas esportivas e ao incentivo aos jovens atletas da regi\u00e3o.<\/p>\n<p>J\u00e1 o Campeonato das Patroas 2026 presta homenagem a Safira, da cidade de Solid\u00e3o, valorizando sua contribui\u00e7\u00e3o e incentivo ao futebol feminino no Paje\u00fa.<\/p>\n<div class=\"separator\"><a href=\"https:\/\/i0.wp.com\/blogger.googleusercontent.com\/img\/b\/R29vZ2xl\/AVvXsEgAnJytM3vrTXbIrcr0b8OsEKSKkQbblI3icgEye-k-UzuT8hyjfGgKDUaw0XXK4jGsMx-TFAPKeUNDbrE5DDB9aShuxmCteAQYKGFK9P9Yf-mHj0JQFgPQRfT8rB3ZI5Ne9IbJvHFJwK-Q7r8Ft65aA_YmE3X5tLBuSuHnrWAb_szqPzs9PhkWfT_ZjLgs\/s1536\/86140d31-7a8a-410b-9ead-019ef7cde256.jpeg?ssl=1\"><img data-recalc-dims=\"1\" loading=\"lazy\" decoding=\"async\" src=\"https:\/\/i0.wp.com\/blogger.googleusercontent.com\/img\/b\/R29vZ2xl\/AVvXsEgAnJytM3vrTXbIrcr0b8OsEKSKkQbblI3icgEye-k-UzuT8hyjfGgKDUaw0XXK4jGsMx-TFAPKeUNDbrE5DDB9aShuxmCteAQYKGFK9P9Yf-mHj0JQFgPQRfT8rB3ZI5Ne9IbJvHFJwK-Q7r8Ft65aA_YmE3X5tLBuSuHnrWAb_szqPzs9PhkWfT_ZjLgs\/w266-h400\/86140d31-7a8a-410b-9ead-019ef7cde256.jpeg?resize=266%2C400&#038;ssl=1\" width=\"266\" height=\"400\" border=\"0\" data-original-height=\"1536\" data-original-width=\"1024\" \/><\/a><\/div>\n<p>Jogos de abertura<\/p>\n<p>A rodada inaugural contar\u00e1 com duas partidas que prometem movimentar a manh\u00e3 de domingo e atrair um grande p\u00fablico.<\/p>\n<p>Jogo feminino \u2013 08h<\/p>\n<p>Afogados FC Feminino<\/p>\n<p>x<\/p>\n<p>Villa Real FC Feminino<\/p>\n<p>\u2022\u00c1rbitro: Ant\u00f4nio Neto<\/p>\n<p>\u2022Mes\u00e1rio: Leonildes Rodrigues<\/p>\n<div class=\"separator\"><a href=\"https:\/\/i0.wp.com\/blogger.googleusercontent.com\/img\/b\/R29vZ2xl\/AVvXsEhCrzLfBVv_6lFePycRORIO16Z5ES6lDz0iak3PPfzYAW6FeE1ISKSl1ZdaV-V5ddlwtWhlDgetYMzeJQVlGQM1CJi_QYZIns_p0_FFwsQ23WopbPjSJwntu9o94MzNe_XCUXh_pk08H0FLh0nwiUyNO2Oem1naLtDLmrgKU1bXzNpGhUvncPOU5A4U3jTM\/s1536\/9db8853c-09ec-426c-9b21-77b71c01cbc9.jpeg?ssl=1\"><img data-recalc-dims=\"1\" loading=\"lazy\" decoding=\"async\" src=\"https:\/\/i0.wp.com\/blogger.googleusercontent.com\/img\/b\/R29vZ2xl\/AVvXsEhCrzLfBVv_6lFePycRORIO16Z5ES6lDz0iak3PPfzYAW6FeE1ISKSl1ZdaV-V5ddlwtWhlDgetYMzeJQVlGQM1CJi_QYZIns_p0_FFwsQ23WopbPjSJwntu9o94MzNe_XCUXh_pk08H0FLh0nwiUyNO2Oem1naLtDLmrgKU1bXzNpGhUvncPOU5A4U3jTM\/w266-h400\/9db8853c-09ec-426c-9b21-77b71c01cbc9.jpeg?resize=266%2C400&#038;ssl=1\" width=\"266\" height=\"400\" border=\"0\" data-original-height=\"1536\" data-original-width=\"1024\" \/><\/a><\/div>\n<p>Abrindo oficialmente a competi\u00e7\u00e3o, o duelo feminino representa o fortalecimento do futebol praticado por mulheres na regi\u00e3o, que vem ganhando espa\u00e7o e reconhecimento nos \u00faltimos anos.<\/p>\n<p>Jogo masculino \u2013 09h<\/p>\n<p>Mais Paje\u00fa FC \/ Afogados<\/p>\n<p>x<\/p>\n<p>Rua Nova FC \/ Afogados<\/p>\n<p>\u2022\u00c1rbitro: Leonildes Rodrigues<\/p>\n<p>\u2022Mes\u00e1rio: Ant\u00f4nio Neto<\/p>\n<p>Logo em seguida, o confronto masculino d\u00e1 in\u00edcio \u00e0 disputa da tradicional Copinha de Garotos, reunindo jovens talentos do futebol local.<\/p>\n<p>Incentivo ao futebol regional<\/p>\n<p>Os eventos s\u00e3o organizados pela AVM Pr\u00f3 Futebol, entidade que desde 2004 atua no incentivo e desenvolvimento do esporte amador no Sert\u00e3o do Paje\u00fa. Ao longo dos anos, a iniciativa tem promovido competi\u00e7\u00f5es que valorizam atletas da regi\u00e3o e fortalecem a cultura esportiva local.<\/p>\n<p>A organiza\u00e7\u00e3o convida toda a popula\u00e7\u00e3o para participar deste grande momento do futebol regional.<\/p>\n<p>\u201cVenha prestigiar! Venha incentivar!\u201d<\/p>\n<p>A expectativa \u00e9 de uma manh\u00e3 de muito esporte, integra\u00e7\u00e3o e celebra\u00e7\u00e3o do futebol que move comunidades e revela talentos no interior pernambucano.<\/p>\n<p>APOIO<\/p>\n<p>Prefeitura de Afogados da Ingazeira, Secretaria de Cultura e Esportes<\/p>\n","protected":false},"excerpt":{"rendered":"<p>O futebol amador do Sert\u00e3o do Paje\u00fa j\u00e1 tem data marcada para mais um grande momento. No pr\u00f3ximo dia 29<\/p>\n","protected":false},"author":2,"featured_media":73152,"comment_status":"open","ping_status":"open","sticky":false,"template":"","format":"standard","meta":{"jetpack_post_was_ever_published":false,"_jetpack_newsletter_access":"","_jetpack_dont_email_post_to_subs":false,"_jetpack_newsletter_tier_id":0,"_jetpack_memberships_contains_paywalled_content":false,"_jetpack_memberships_contains_paid_content":false,"footnotes":"","jetpack_publicize_message":"","jetpack_publicize_feature_enabled":true,"jetpack_social_post_already_shared":true,"jetpack_social_options":{"image_generator_settings":{"template":"highway","default_image_id":0,"font":"","enabled":false},"version":2}},"categories":[8],"tags":[],"class_list":["post-73151","post","type-post","status-publish","format-standard","has-post-thumbnail","hentry","category-esporte"],"yoast_head":"<!-- This site is optimized with the Yoast SEO plugin v27.4 - https:\/\/yoast.com\/product\/yoast-seo-wordpress\/ -->\n<title>Vem a\u00ed a Copinha de Garotos e do Campeonato das Patroas 2026 no S\u00edtio Vaca Morta em Afogados - Afogados FM<\/title>\n<meta name=\"robots\" content=\"index, follow, max-snippet:-1, max-image-preview:large, max-video-preview:-1\" \/>\n<link rel=\"canonical\" href=\"https:\/\/afogadosfm.com.br\/afogadosfm\/2026\/03\/10\/vem-ai-a-copinha-de-garotos-e-do-campeonato-das-patroas-2026-no-sitio-vaca-morta-em-afogados\/\" \/>\n<meta property=\"og:locale\" content=\"pt_BR\" \/>\n<meta property=\"og:type\" content=\"article\" \/>\n<meta property=\"og:title\" content=\"Vem a\u00ed a Copinha de Garotos e do Campeonato das Patroas 2026 no S\u00edtio Vaca Morta em Afogados - Afogados FM\" \/>\n<meta property=\"og:description\" content=\"O futebol amador do Sert\u00e3o do Paje\u00fa j\u00e1 tem data marcada para mais um grande momento. No pr\u00f3ximo dia 29\" \/>\n<meta property=\"og:url\" content=\"https:\/\/afogadosfm.com.br\/afogadosfm\/2026\/03\/10\/vem-ai-a-copinha-de-garotos-e-do-campeonato-das-patroas-2026-no-sitio-vaca-morta-em-afogados\/\" \/>\n<meta property=\"og:site_name\" content=\"Afogados FM\" \/>\n<meta property=\"article:published_time\" content=\"2026-03-10T09:09:21+00:00\" \/>\n<meta property=\"og:image\" content=\"https:\/\/afogadosfm.com.br\/afogadosfm\/wp-content\/uploads\/2026\/03\/vaca.jpeg\" \/>\n\t<meta property=\"og:image:width\" content=\"400\" \/>\n\t<meta property=\"og:image:height\" content=\"300\" \/>\n\t<meta property=\"og:image:type\" content=\"image\/jpeg\" \/>\n<meta name=\"author\" content=\"afogadosfm\" \/>\n<meta name=\"twitter:card\" content=\"summary_large_image\" \/>\n<meta name=\"twitter:label1\" content=\"Escrito por\" \/>\n\t<meta name=\"twitter:data1\" content=\"afogadosfm\" \/>\n\t<meta name=\"twitter:label2\" content=\"Est. tempo de leitura\" \/>\n\t<meta name=\"twitter:data2\" content=\"4 minutos\" \/>\n<script type=\"application\/ld+json\" class=\"yoast-schema-graph\">{\"@context\":\"https:\\\/\\\/schema.org\",\"@graph\":[{\"@type\":\"Article\",\"@id\":\"https:\\\/\\\/afogadosfm.com.br\\\/afogadosfm\\\/2026\\\/03\\\/10\\\/vem-ai-a-copinha-de-garotos-e-do-campeonato-das-patroas-2026-no-sitio-vaca-morta-em-afogados\\\/#article\",\"isPartOf\":{\"@id\":\"https:\\\/\\\/afogadosfm.com.br\\\/afogadosfm\\\/2026\\\/03\\\/10\\\/vem-ai-a-copinha-de-garotos-e-do-campeonato-das-patroas-2026-no-sitio-vaca-morta-em-afogados\\\/\"},\"author\":{\"name\":\"afogadosfm\",\"@id\":\"https:\\\/\\\/afogadosfm.com.br\\\/afogadosfm\\\/#\\\/schema\\\/person\\\/60e56f2cf5dc960fc093fe093d9e9057\"},\"headline\":\"Vem a\u00ed a Copinha de Garotos e do Campeonato das Patroas 2026 no S\u00edtio Vaca Morta em Afogados\",\"datePublished\":\"2026-03-10T09:09:21+00:00\",\"mainEntityOfPage\":{\"@id\":\"https:\\\/\\\/afogadosfm.com.br\\\/afogadosfm\\\/2026\\\/03\\\/10\\\/vem-ai-a-copinha-de-garotos-e-do-campeonato-das-patroas-2026-no-sitio-vaca-morta-em-afogados\\\/\"},\"wordCount\":450,\"commentCount\":0,\"publisher\":{\"@id\":\"https:\\\/\\\/afogadosfm.com.br\\\/afogadosfm\\\/#organization\"},\"image\":{\"@id\":\"https:\\\/\\\/afogadosfm.com.br\\\/afogadosfm\\\/2026\\\/03\\\/10\\\/vem-ai-a-copinha-de-garotos-e-do-campeonato-das-patroas-2026-no-sitio-vaca-morta-em-afogados\\\/#primaryimage\"},\"thumbnailUrl\":\"https:\\\/\\\/i0.wp.com\\\/afogadosfm.com.br\\\/afogadosfm\\\/wp-content\\\/uploads\\\/2026\\\/03\\\/vaca.jpeg?fit=400%2C300&ssl=1\",\"articleSection\":[\"Esporte\"],\"inLanguage\":\"pt-BR\",\"potentialAction\":[{\"@type\":\"CommentAction\",\"name\":\"Comment\",\"target\":[\"https:\\\/\\\/afogadosfm.com.br\\\/afogadosfm\\\/2026\\\/03\\\/10\\\/vem-ai-a-copinha-de-garotos-e-do-campeonato-das-patroas-2026-no-sitio-vaca-morta-em-afogados\\\/#respond\"]}]},{\"@type\":\"WebPage\",\"@id\":\"https:\\\/\\\/afogadosfm.com.br\\\/afogadosfm\\\/2026\\\/03\\\/10\\\/vem-ai-a-copinha-de-garotos-e-do-campeonato-das-patroas-2026-no-sitio-vaca-morta-em-afogados\\\/\",\"url\":\"https:\\\/\\\/afogadosfm.com.br\\\/afogadosfm\\\/2026\\\/03\\\/10\\\/vem-ai-a-copinha-de-garotos-e-do-campeonato-das-patroas-2026-no-sitio-vaca-morta-em-afogados\\\/\",\"name\":\"Vem a\u00ed a Copinha de Garotos e do Campeonato das Patroas 2026 no S\u00edtio Vaca Morta em Afogados - Afogados FM\",\"isPartOf\":{\"@id\":\"https:\\\/\\\/afogadosfm.com.br\\\/afogadosfm\\\/#website\"},\"primaryImageOfPage\":{\"@id\":\"https:\\\/\\\/afogadosfm.com.br\\\/afogadosfm\\\/2026\\\/03\\\/10\\\/vem-ai-a-copinha-de-garotos-e-do-campeonato-das-patroas-2026-no-sitio-vaca-morta-em-afogados\\\/#primaryimage\"},\"image\":{\"@id\":\"https:\\\/\\\/afogadosfm.com.br\\\/afogadosfm\\\/2026\\\/03\\\/10\\\/vem-ai-a-copinha-de-garotos-e-do-campeonato-das-patroas-2026-no-sitio-vaca-morta-em-afogados\\\/#primaryimage\"},\"thumbnailUrl\":\"https:\\\/\\\/i0.wp.com\\\/afogadosfm.com.br\\\/afogadosfm\\\/wp-content\\\/uploads\\\/2026\\\/03\\\/vaca.jpeg?fit=400%2C300&ssl=1\",\"datePublished\":\"2026-03-10T09:09:21+00:00\",\"breadcrumb\":{\"@id\":\"https:\\\/\\\/afogadosfm.com.br\\\/afogadosfm\\\/2026\\\/03\\\/10\\\/vem-ai-a-copinha-de-garotos-e-do-campeonato-das-patroas-2026-no-sitio-vaca-morta-em-afogados\\\/#breadcrumb\"},\"inLanguage\":\"pt-BR\",\"potentialAction\":[{\"@type\":\"ReadAction\",\"target\":[\"https:\\\/\\\/afogadosfm.com.br\\\/afogadosfm\\\/2026\\\/03\\\/10\\\/vem-ai-a-copinha-de-garotos-e-do-campeonato-das-patroas-2026-no-sitio-vaca-morta-em-afogados\\\/\"]}]},{\"@type\":\"ImageObject\",\"inLanguage\":\"pt-BR\",\"@id\":\"https:\\\/\\\/afogadosfm.com.br\\\/afogadosfm\\\/2026\\\/03\\\/10\\\/vem-ai-a-copinha-de-garotos-e-do-campeonato-das-patroas-2026-no-sitio-vaca-morta-em-afogados\\\/#primaryimage\",\"url\":\"https:\\\/\\\/i0.wp.com\\\/afogadosfm.com.br\\\/afogadosfm\\\/wp-content\\\/uploads\\\/2026\\\/03\\\/vaca.jpeg?fit=400%2C300&ssl=1\",\"contentUrl\":\"https:\\\/\\\/i0.wp.com\\\/afogadosfm.com.br\\\/afogadosfm\\\/wp-content\\\/uploads\\\/2026\\\/03\\\/vaca.jpeg?fit=400%2C300&ssl=1\",\"width\":400,\"height\":300},{\"@type\":\"BreadcrumbList\",\"@id\":\"https:\\\/\\\/afogadosfm.com.br\\\/afogadosfm\\\/2026\\\/03\\\/10\\\/vem-ai-a-copinha-de-garotos-e-do-campeonato-das-patroas-2026-no-sitio-vaca-morta-em-afogados\\\/#breadcrumb\",\"itemListElement\":[{\"@type\":\"ListItem\",\"position\":1,\"name\":\"In\u00edcio\",\"item\":\"https:\\\/\\\/afogadosfm.com.br\\\/afogadosfm\\\/\"},{\"@type\":\"ListItem\",\"position\":2,\"name\":\"Vem a\u00ed a Copinha de Garotos e do Campeonato das Patroas 2026 no S\u00edtio Vaca Morta em Afogados\"}]},{\"@type\":\"WebSite\",\"@id\":\"https:\\\/\\\/afogadosfm.com.br\\\/afogadosfm\\\/#website\",\"url\":\"https:\\\/\\\/afogadosfm.com.br\\\/afogadosfm\\\/\",\"name\":\"Afogados FM\",\"description\":\"Um site completo!\",\"publisher\":{\"@id\":\"https:\\\/\\\/afogadosfm.com.br\\\/afogadosfm\\\/#organization\"},\"potentialAction\":[{\"@type\":\"SearchAction\",\"target\":{\"@type\":\"EntryPoint\",\"urlTemplate\":\"https:\\\/\\\/afogadosfm.com.br\\\/afogadosfm\\\/?s={search_term_string}\"},\"query-input\":{\"@type\":\"PropertyValueSpecification\",\"valueRequired\":true,\"valueName\":\"search_term_string\"}}],\"inLanguage\":\"pt-BR\"},{\"@type\":\"Organization\",\"@id\":\"https:\\\/\\\/afogadosfm.com.br\\\/afogadosfm\\\/#organization\",\"name\":\"Afogados FM\",\"url\":\"https:\\\/\\\/afogadosfm.com.br\\\/afogadosfm\\\/\",\"logo\":{\"@type\":\"ImageObject\",\"inLanguage\":\"pt-BR\",\"@id\":\"https:\\\/\\\/afogadosfm.com.br\\\/afogadosfm\\\/#\\\/schema\\\/logo\\\/image\\\/\",\"url\":\"https:\\\/\\\/i0.wp.com\\\/afogadosfm.com.br\\\/afogadosfm\\\/wp-content\\\/uploads\\\/2020\\\/06\\\/cropped-banner-afogados-4.jpg?fit=369%2C137&ssl=1\",\"contentUrl\":\"https:\\\/\\\/i0.wp.com\\\/afogadosfm.com.br\\\/afogadosfm\\\/wp-content\\\/uploads\\\/2020\\\/06\\\/cropped-banner-afogados-4.jpg?fit=369%2C137&ssl=1\",\"width\":369,\"height\":137,\"caption\":\"Afogados FM\"},\"image\":{\"@id\":\"https:\\\/\\\/afogadosfm.com.br\\\/afogadosfm\\\/#\\\/schema\\\/logo\\\/image\\\/\"}},{\"@type\":\"Person\",\"@id\":\"https:\\\/\\\/afogadosfm.com.br\\\/afogadosfm\\\/#\\\/schema\\\/person\\\/60e56f2cf5dc960fc093fe093d9e9057\",\"name\":\"afogadosfm\",\"image\":{\"@type\":\"ImageObject\",\"inLanguage\":\"pt-BR\",\"@id\":\"https:\\\/\\\/secure.gravatar.com\\\/avatar\\\/e0359add7ed5dc3560906d861b52c6a8cf5c1e199d3a7dd85070998f49bd4701?s=96&d=mm&r=g\",\"url\":\"https:\\\/\\\/secure.gravatar.com\\\/avatar\\\/e0359add7ed5dc3560906d861b52c6a8cf5c1e199d3a7dd85070998f49bd4701?s=96&d=mm&r=g\",\"contentUrl\":\"https:\\\/\\\/secure.gravatar.com\\\/avatar\\\/e0359add7ed5dc3560906d861b52c6a8cf5c1e199d3a7dd85070998f49bd4701?s=96&d=mm&r=g\",\"caption\":\"afogadosfm\"},\"url\":\"https:\\\/\\\/afogadosfm.com.br\\\/afogadosfm\\\/author\\\/afogadosfm\\\/\"}]}<\/script>\n<!-- \/ Yoast SEO plugin. -->","yoast_head_json":{"title":"Vem a\u00ed a Copinha de Garotos e do Campeonato das Patroas 2026 no S\u00edtio Vaca Morta em Afogados - Afogados FM","robots":{"index":"index","follow":"follow","max-snippet":"max-snippet:-1","max-image-preview":"max-image-preview:large","max-video-preview":"max-video-preview:-1"},"canonical":"https:\/\/afogadosfm.com.br\/afogadosfm\/2026\/03\/10\/vem-ai-a-copinha-de-garotos-e-do-campeonato-das-patroas-2026-no-sitio-vaca-morta-em-afogados\/","og_locale":"pt_BR","og_type":"article","og_title":"Vem a\u00ed a Copinha de Garotos e do Campeonato das Patroas 2026 no S\u00edtio Vaca Morta em Afogados - Afogados FM","og_description":"O futebol amador do Sert\u00e3o do Paje\u00fa j\u00e1 tem data marcada para mais um grande momento. No pr\u00f3ximo dia 29","og_url":"https:\/\/afogadosfm.com.br\/afogadosfm\/2026\/03\/10\/vem-ai-a-copinha-de-garotos-e-do-campeonato-das-patroas-2026-no-sitio-vaca-morta-em-afogados\/","og_site_name":"Afogados FM","article_published_time":"2026-03-10T09:09:21+00:00","og_image":[{"width":400,"height":300,"url":"https:\/\/afogadosfm.com.br\/afogadosfm\/wp-content\/uploads\/2026\/03\/vaca.jpeg","type":"image\/jpeg"}],"author":"afogadosfm","twitter_card":"summary_large_image","twitter_misc":{"Escrito por":"afogadosfm","Est. tempo de leitura":"4 minutos"},"schema":{"@context":"https:\/\/schema.org","@graph":[{"@type":"Article","@id":"https:\/\/afogadosfm.com.br\/afogadosfm\/2026\/03\/10\/vem-ai-a-copinha-de-garotos-e-do-campeonato-das-patroas-2026-no-sitio-vaca-morta-em-afogados\/#article","isPartOf":{"@id":"https:\/\/afogadosfm.com.br\/afogadosfm\/2026\/03\/10\/vem-ai-a-copinha-de-garotos-e-do-campeonato-das-patroas-2026-no-sitio-vaca-morta-em-afogados\/"},"author":{"name":"afogadosfm","@id":"https:\/\/afogadosfm.com.br\/afogadosfm\/#\/schema\/person\/60e56f2cf5dc960fc093fe093d9e9057"},"headline":"Vem a\u00ed a Copinha de Garotos e do Campeonato das Patroas 2026 no S\u00edtio Vaca Morta em Afogados","datePublished":"2026-03-10T09:09:21+00:00","mainEntityOfPage":{"@id":"https:\/\/afogadosfm.com.br\/afogadosfm\/2026\/03\/10\/vem-ai-a-copinha-de-garotos-e-do-campeonato-das-patroas-2026-no-sitio-vaca-morta-em-afogados\/"},"wordCount":450,"commentCount":0,"publisher":{"@id":"https:\/\/afogadosfm.com.br\/afogadosfm\/#organization"},"image":{"@id":"https:\/\/afogadosfm.com.br\/afogadosfm\/2026\/03\/10\/vem-ai-a-copinha-de-garotos-e-do-campeonato-das-patroas-2026-no-sitio-vaca-morta-em-afogados\/#primaryimage"},"thumbnailUrl":"https:\/\/i0.wp.com\/afogadosfm.com.br\/afogadosfm\/wp-content\/uploads\/2026\/03\/vaca.jpeg?fit=400%2C300&ssl=1","articleSection":["Esporte"],"inLanguage":"pt-BR","potentialAction":[{"@type":"CommentAction","name":"Comment","target":["https:\/\/afogadosfm.com.br\/afogadosfm\/2026\/03\/10\/vem-ai-a-copinha-de-garotos-e-do-campeonato-das-patroas-2026-no-sitio-vaca-morta-em-afogados\/#respond"]}]},{"@type":"WebPage","@id":"https:\/\/afogadosfm.com.br\/afogadosfm\/2026\/03\/10\/vem-ai-a-copinha-de-garotos-e-do-campeonato-das-patroas-2026-no-sitio-vaca-morta-em-afogados\/","url":"https:\/\/afogadosfm.com.br\/afogadosfm\/2026\/03\/10\/vem-ai-a-copinha-de-garotos-e-do-campeonato-das-patroas-2026-no-sitio-vaca-morta-em-afogados\/","name":"Vem a\u00ed a Copinha de Garotos e do Campeonato das Patroas 2026 no S\u00edtio Vaca Morta em Afogados - Afogados FM","isPartOf":{"@id":"https:\/\/afogadosfm.com.br\/afogadosfm\/#website"},"primaryImageOfPage":{"@id":"https:\/\/afogadosfm.com.br\/afogadosfm\/2026\/03\/10\/vem-ai-a-copinha-de-garotos-e-do-campeonato-das-patroas-2026-no-sitio-vaca-morta-em-afogados\/#primaryimage"},"image":{"@id":"https:\/\/afogadosfm.com.br\/afogadosfm\/2026\/03\/10\/vem-ai-a-copinha-de-garotos-e-do-campeonato-das-patroas-2026-no-sitio-vaca-morta-em-afogados\/#primaryimage"},"thumbnailUrl":"https:\/\/i0.wp.com\/afogadosfm.com.br\/afogadosfm\/wp-content\/uploads\/2026\/03\/vaca.jpeg?fit=400%2C300&ssl=1","datePublished":"2026-03-10T09:09:21+00:00","breadcrumb":{"@id":"https:\/\/afogadosfm.com.br\/afogadosfm\/2026\/03\/10\/vem-ai-a-copinha-de-garotos-e-do-campeonato-das-patroas-2026-no-sitio-vaca-morta-em-afogados\/#breadcrumb"},"inLanguage":"pt-BR","potentialAction":[{"@type":"ReadAction","target":["https:\/\/afogadosfm.com.br\/afogadosfm\/2026\/03\/10\/vem-ai-a-copinha-de-garotos-e-do-campeonato-das-patroas-2026-no-sitio-vaca-morta-em-afogados\/"]}]},{"@type":"ImageObject","inLanguage":"pt-BR","@id":"https:\/\/afogadosfm.com.br\/afogadosfm\/2026\/03\/10\/vem-ai-a-copinha-de-garotos-e-do-campeonato-das-patroas-2026-no-sitio-vaca-morta-em-afogados\/#primaryimage","url":"https:\/\/i0.wp.com\/afogadosfm.com.br\/afogadosfm\/wp-content\/uploads\/2026\/03\/vaca.jpeg?fit=400%2C300&ssl=1","contentUrl":"https:\/\/i0.wp.com\/afogadosfm.com.br\/afogadosfm\/wp-content\/uploads\/2026\/03\/vaca.jpeg?fit=400%2C300&ssl=1","width":400,"height":300},{"@type":"BreadcrumbList","@id":"https:\/\/afogadosfm.com.br\/afogadosfm\/2026\/03\/10\/vem-ai-a-copinha-de-garotos-e-do-campeonato-das-patroas-2026-no-sitio-vaca-morta-em-afogados\/#breadcrumb","itemListElement":[{"@type":"ListItem","position":1,"name":"In\u00edcio","item":"https:\/\/afogadosfm.com.br\/afogadosfm\/"},{"@type":"ListItem","position":2,"name":"Vem a\u00ed a Copinha de Garotos e do Campeonato das Patroas 2026 no S\u00edtio Vaca Morta em Afogados"}]},{"@type":"WebSite","@id":"https:\/\/afogadosfm.com.br\/afogadosfm\/#website","url":"https:\/\/afogadosfm.com.br\/afogadosfm\/","name":"Afogados FM","description":"Um site completo!","publisher":{"@id":"https:\/\/afogadosfm.com.br\/afogadosfm\/#organization"},"potentialAction":[{"@type":"SearchAction","target":{"@type":"EntryPoint","urlTemplate":"https:\/\/afogadosfm.com.br\/afogadosfm\/?s={search_term_string}"},"query-input":{"@type":"PropertyValueSpecification","valueRequired":true,"valueName":"search_term_string"}}],"inLanguage":"pt-BR"},{"@type":"Organization","@id":"https:\/\/afogadosfm.com.br\/afogadosfm\/#organization","name":"Afogados FM","url":"https:\/\/afogadosfm.com.br\/afogadosfm\/","logo":{"@type":"ImageObject","inLanguage":"pt-BR","@id":"https:\/\/afogadosfm.com.br\/afogadosfm\/#\/schema\/logo\/image\/","url":"https:\/\/i0.wp.com\/afogadosfm.com.br\/afogadosfm\/wp-content\/uploads\/2020\/06\/cropped-banner-afogados-4.jpg?fit=369%2C137&ssl=1","contentUrl":"https:\/\/i0.wp.com\/afogadosfm.com.br\/afogadosfm\/wp-content\/uploads\/2020\/06\/cropped-banner-afogados-4.jpg?fit=369%2C137&ssl=1","width":369,"height":137,"caption":"Afogados FM"},"image":{"@id":"https:\/\/afogadosfm.com.br\/afogadosfm\/#\/schema\/logo\/image\/"}},{"@type":"Person","@id":"https:\/\/afogadosfm.com.br\/afogadosfm\/#\/schema\/person\/60e56f2cf5dc960fc093fe093d9e9057","name":"afogadosfm","image":{"@type":"ImageObject","inLanguage":"pt-BR","@id":"https:\/\/secure.gravatar.com\/avatar\/e0359add7ed5dc3560906d861b52c6a8cf5c1e199d3a7dd85070998f49bd4701?s=96&d=mm&r=g","url":"https:\/\/secure.gravatar.com\/avatar\/e0359add7ed5dc3560906d861b52c6a8cf5c1e199d3a7dd85070998f49bd4701?s=96&d=mm&r=g","contentUrl":"https:\/\/secure.gravatar.com\/avatar\/e0359add7ed5dc3560906d861b52c6a8cf5c1e199d3a7dd85070998f49bd4701?s=96&d=mm&r=g","caption":"afogadosfm"},"url":"https:\/\/afogadosfm.com.br\/afogadosfm\/author\/afogadosfm\/"}]}},"jetpack_publicize_connections":[],"jetpack_featured_media_url":"https:\/\/i0.wp.com\/afogadosfm.com.br\/afogadosfm\/wp-content\/uploads\/2026\/03\/vaca.jpeg?fit=400%2C300&ssl=1","jetpack-related-posts":[],"jetpack_sharing_enabled":true,"jetpack_likes_enabled":true,"_links":{"self":[{"href":"https:\/\/afogadosfm.com.br\/afogadosfm\/wp-json\/wp\/v2\/posts\/73151","targetHints":{"allow":["GET"]}}],"collection":[{"href":"https:\/\/afogadosfm.com.br\/afogadosfm\/wp-json\/wp\/v2\/posts"}],"about":[{"href":"https:\/\/afogadosfm.com.br\/afogadosfm\/wp-json\/wp\/v2\/types\/post"}],"author":[{"embeddable":true,"href":"https:\/\/afogadosfm.com.br\/afogadosfm\/wp-json\/wp\/v2\/users\/2"}],"replies":[{"embeddable":true,"href":"https:\/\/afogadosfm.com.br\/afogadosfm\/wp-json\/wp\/v2\/comments?post=73151"}],"version-history":[{"count":1,"href":"https:\/\/afogadosfm.com.br\/afogadosfm\/wp-json\/wp\/v2\/posts\/73151\/revisions"}],"predecessor-version":[{"id":73153,"href":"https:\/\/afogadosfm.com.br\/afogadosfm\/wp-json\/wp\/v2\/posts\/73151\/revisions\/73153"}],"wp:featuredmedia":[{"embeddable":true,"href":"https:\/\/afogadosfm.com.br\/afogadosfm\/wp-json\/wp\/v2\/media\/73152"}],"wp:attachment":[{"href":"https:\/\/afogadosfm.com.br\/afogadosfm\/wp-json\/wp\/v2\/media?parent=73151"}],"wp:term":[{"taxonomy":"category","embeddable":true,"href":"https:\/\/afogadosfm.com.br\/afogadosfm\/wp-json\/wp\/v2\/categories?post=73151"},{"taxonomy":"post_tag","embeddable":true,"href":"https:\/\/afogadosfm.com.br\/afogadosfm\/wp-json\/wp\/v2\/tags?post=73151"}],"curies":[{"name":"wp","href":"https:\/\/api.w.org\/{rel}","templated":true}]}}