{"id":73162,"date":"2026-03-10T06:18:06","date_gmt":"2026-03-10T09:18:06","guid":{"rendered":"https:\/\/afogadosfm.com.br\/afogadosfm\/?p=73162"},"modified":"2026-03-10T06:18:06","modified_gmt":"2026-03-10T09:18:06","slug":"pesquisa-datafolha-9-em-cada-10-brasileiros-dizem-que-nao-se-arrependem-de-ter-votado-em-lula-ou-bolsonaro","status":"publish","type":"post","link":"https:\/\/afogadosfm.com.br\/afogadosfm\/2026\/03\/10\/pesquisa-datafolha-9-em-cada-10-brasileiros-dizem-que-nao-se-arrependem-de-ter-votado-em-lula-ou-bolsonaro\/","title":{"rendered":"Pesquisa Datafolha: 9 em cada 10 brasileiros dizem que n\u00e3o se arrependem de ter votado em Lula ou Bolsonaro"},"content":{"rendered":"<p>A menos de sete meses das elei\u00e7\u00f5es presidenciais de 2026, a maioria dos eleitores brasileiros diz n\u00e3o se arrepender do voto no \u00faltimo pleito, em 2022. A nova pesquisa do Datafolha divulgada neste s\u00e1bado, 7, mostra que nove em cada dez brasileiros dizem n\u00e3o se arrepender de terem votado no atual presidente Luiz In\u00e1cio Lula da Silva (PT) ou no ex-presidente Jair Bolsonaro (PL) naquele ano.<\/p>\n<p>Nestas elei\u00e7\u00f5es, Lula venceu Bolsonaro em uma disputa acirrada, com 50,9% dos votos no segundo turno, contra 49,1% do advers\u00e1rio.<\/p>\n<p>Os entrevistados foram questionados pela pesquisa se h\u00e1 arrependimento ou n\u00e3o no voto para presidente em 2022. Do total, 90% dizem que n\u00e3o se arrependem da escolha na urna. Outros 10% afirmam o contr\u00e1rio.<\/p>\n<p>O levantamento tamb\u00e9m questionou especificamente quem votou em cada candidato, e os resultados foram semelhantes entre Lula e Bolsonaro.<\/p>\n<p>Separando a pesquisa pelos que votaram em cada candidato, 89% dos eleitores de Lula dizem n\u00e3o se arrepender do voto, enquanto 11% afirmam que se arrependeram e 1% n\u00e3o soube responder. J\u00e1 entre os eleitores de Bolsonaro, 91% responderam que n\u00e3o se arrependem da escolha, ao passo que 8% afirmaram ter se arrependido. Outros 1% n\u00e3o souberam responder.<\/p>\n<p>O Datafolha entrevistou 2.004 brasileiros com 16 anos ou mais entre os dias 3 a 5 de mar\u00e7o. A margem de erro m\u00e1xima \u00e9 de dois pontos percentuais, e o n\u00edvel de confian\u00e7a \u00e9 de 95%. A pesquisa est\u00e1 registrada no Tribunal Superior Eleitoral (TSE) sob o c\u00f3digo BR-03715\/2026.<\/p>\n<p>No pleito deste ano, Lula pretende disputar a reelei\u00e7\u00e3o, e ir\u00e1 concorrer a um quarto mandato. Seu maior advers\u00e1rio nas urnas deve ser o filho do ex-presidente Bolsonaro, o senador Fl\u00e1vio Bolsonaro (PL), que j\u00e1 se lan\u00e7ou como pr\u00e9-candidato \u00e0 presid\u00eancia.<\/p>\n<p>Por decis\u00e3o do TSE, Bolsonaro est\u00e1 ineleg\u00edvel por oito anos ap\u00f3s a Justi\u00e7a Eleitoral entender que ele cometeu abuso de poder pol\u00edtico e uso indevido dos meios de comunica\u00e7\u00e3o ao realizar, em julho de 2022, uma reuni\u00e3o com embaixadores no Pal\u00e1cio da Alvorada para questionar o sistema eleitoral brasileiro.<\/p>\n","protected":false},"excerpt":{"rendered":"<p>A menos de sete meses das elei\u00e7\u00f5es presidenciais de 2026, a maioria dos eleitores brasileiros diz n\u00e3o se arrepender do<\/p>\n","protected":false},"author":2,"featured_media":41351,"comment_status":"open","ping_status":"open","sticky":false,"template":"","format":"standard","meta":{"jetpack_post_was_ever_published":false,"_jetpack_newsletter_access":"","_jetpack_dont_email_post_to_subs":false,"_jetpack_newsletter_tier_id":0,"_jetpack_memberships_contains_paywalled_content":false,"_jetpack_memberships_contains_paid_content":false,"footnotes":"","jetpack_publicize_message":"","jetpack_publicize_feature_enabled":true,"jetpack_social_post_already_shared":true,"jetpack_social_options":{"image_generator_settings":{"template":"highway","default_image_id":0,"font":"","enabled":false},"version":2}},"categories":[12],"tags":[],"class_list":["post-73162","post","type-post","status-publish","format-standard","has-post-thumbnail","hentry","category-brasil"],"yoast_head":"<!-- This site is optimized with the Yoast SEO plugin v27.4 - https:\/\/yoast.com\/product\/yoast-seo-wordpress\/ -->\n<title>Pesquisa Datafolha: 9 em cada 10 brasileiros dizem que n\u00e3o se arrependem de ter votado em Lula ou Bolsonaro - Afogados FM<\/title>\n<meta name=\"robots\" content=\"index, follow, max-snippet:-1, max-image-preview:large, max-video-preview:-1\" \/>\n<link rel=\"canonical\" href=\"https:\/\/afogadosfm.com.br\/afogadosfm\/2026\/03\/10\/pesquisa-datafolha-9-em-cada-10-brasileiros-dizem-que-nao-se-arrependem-de-ter-votado-em-lula-ou-bolsonaro\/\" \/>\n<meta property=\"og:locale\" content=\"pt_BR\" \/>\n<meta property=\"og:type\" content=\"article\" \/>\n<meta property=\"og:title\" content=\"Pesquisa Datafolha: 9 em cada 10 brasileiros dizem que n\u00e3o se arrependem de ter votado em Lula ou Bolsonaro - Afogados FM\" \/>\n<meta property=\"og:description\" content=\"A menos de sete meses das elei\u00e7\u00f5es presidenciais de 2026, a maioria dos eleitores brasileiros diz n\u00e3o se arrepender do\" \/>\n<meta property=\"og:url\" content=\"https:\/\/afogadosfm.com.br\/afogadosfm\/2026\/03\/10\/pesquisa-datafolha-9-em-cada-10-brasileiros-dizem-que-nao-se-arrependem-de-ter-votado-em-lula-ou-bolsonaro\/\" \/>\n<meta property=\"og:site_name\" content=\"Afogados FM\" \/>\n<meta property=\"article:published_time\" content=\"2026-03-10T09:18:06+00:00\" \/>\n<meta property=\"og:image\" content=\"https:\/\/afogadosfm.com.br\/afogadosfm\/wp-content\/uploads\/2022\/09\/lulabolsonew.webp\" \/>\n\t<meta property=\"og:image:width\" content=\"739\" \/>\n\t<meta property=\"og:image:height\" content=\"415\" \/>\n\t<meta property=\"og:image:type\" content=\"image\/webp\" \/>\n<meta name=\"author\" content=\"afogadosfm\" \/>\n<meta name=\"twitter:card\" content=\"summary_large_image\" \/>\n<meta name=\"twitter:label1\" content=\"Escrito por\" \/>\n\t<meta name=\"twitter:data1\" content=\"afogadosfm\" \/>\n\t<meta name=\"twitter:label2\" content=\"Est. tempo de leitura\" \/>\n\t<meta name=\"twitter:data2\" content=\"3 minutos\" \/>\n<script type=\"application\/ld+json\" class=\"yoast-schema-graph\">{\"@context\":\"https:\\\/\\\/schema.org\",\"@graph\":[{\"@type\":\"Article\",\"@id\":\"https:\\\/\\\/afogadosfm.com.br\\\/afogadosfm\\\/2026\\\/03\\\/10\\\/pesquisa-datafolha-9-em-cada-10-brasileiros-dizem-que-nao-se-arrependem-de-ter-votado-em-lula-ou-bolsonaro\\\/#article\",\"isPartOf\":{\"@id\":\"https:\\\/\\\/afogadosfm.com.br\\\/afogadosfm\\\/2026\\\/03\\\/10\\\/pesquisa-datafolha-9-em-cada-10-brasileiros-dizem-que-nao-se-arrependem-de-ter-votado-em-lula-ou-bolsonaro\\\/\"},\"author\":{\"name\":\"afogadosfm\",\"@id\":\"https:\\\/\\\/afogadosfm.com.br\\\/afogadosfm\\\/#\\\/schema\\\/person\\\/60e56f2cf5dc960fc093fe093d9e9057\"},\"headline\":\"Pesquisa Datafolha: 9 em cada 10 brasileiros dizem que n\u00e3o se arrependem de ter votado em Lula ou Bolsonaro\",\"datePublished\":\"2026-03-10T09:18:06+00:00\",\"mainEntityOfPage\":{\"@id\":\"https:\\\/\\\/afogadosfm.com.br\\\/afogadosfm\\\/2026\\\/03\\\/10\\\/pesquisa-datafolha-9-em-cada-10-brasileiros-dizem-que-nao-se-arrependem-de-ter-votado-em-lula-ou-bolsonaro\\\/\"},\"wordCount\":365,\"commentCount\":0,\"publisher\":{\"@id\":\"https:\\\/\\\/afogadosfm.com.br\\\/afogadosfm\\\/#organization\"},\"image\":{\"@id\":\"https:\\\/\\\/afogadosfm.com.br\\\/afogadosfm\\\/2026\\\/03\\\/10\\\/pesquisa-datafolha-9-em-cada-10-brasileiros-dizem-que-nao-se-arrependem-de-ter-votado-em-lula-ou-bolsonaro\\\/#primaryimage\"},\"thumbnailUrl\":\"https:\\\/\\\/i0.wp.com\\\/afogadosfm.com.br\\\/afogadosfm\\\/wp-content\\\/uploads\\\/2022\\\/09\\\/lulabolsonew.webp?fit=739%2C415&ssl=1\",\"articleSection\":[\"Brasil\"],\"inLanguage\":\"pt-BR\",\"potentialAction\":[{\"@type\":\"CommentAction\",\"name\":\"Comment\",\"target\":[\"https:\\\/\\\/afogadosfm.com.br\\\/afogadosfm\\\/2026\\\/03\\\/10\\\/pesquisa-datafolha-9-em-cada-10-brasileiros-dizem-que-nao-se-arrependem-de-ter-votado-em-lula-ou-bolsonaro\\\/#respond\"]}]},{\"@type\":\"WebPage\",\"@id\":\"https:\\\/\\\/afogadosfm.com.br\\\/afogadosfm\\\/2026\\\/03\\\/10\\\/pesquisa-datafolha-9-em-cada-10-brasileiros-dizem-que-nao-se-arrependem-de-ter-votado-em-lula-ou-bolsonaro\\\/\",\"url\":\"https:\\\/\\\/afogadosfm.com.br\\\/afogadosfm\\\/2026\\\/03\\\/10\\\/pesquisa-datafolha-9-em-cada-10-brasileiros-dizem-que-nao-se-arrependem-de-ter-votado-em-lula-ou-bolsonaro\\\/\",\"name\":\"Pesquisa Datafolha: 9 em cada 10 brasileiros dizem que n\u00e3o se arrependem de ter votado em Lula ou Bolsonaro - Afogados FM\",\"isPartOf\":{\"@id\":\"https:\\\/\\\/afogadosfm.com.br\\\/afogadosfm\\\/#website\"},\"primaryImageOfPage\":{\"@id\":\"https:\\\/\\\/afogadosfm.com.br\\\/afogadosfm\\\/2026\\\/03\\\/10\\\/pesquisa-datafolha-9-em-cada-10-brasileiros-dizem-que-nao-se-arrependem-de-ter-votado-em-lula-ou-bolsonaro\\\/#primaryimage\"},\"image\":{\"@id\":\"https:\\\/\\\/afogadosfm.com.br\\\/afogadosfm\\\/2026\\\/03\\\/10\\\/pesquisa-datafolha-9-em-cada-10-brasileiros-dizem-que-nao-se-arrependem-de-ter-votado-em-lula-ou-bolsonaro\\\/#primaryimage\"},\"thumbnailUrl\":\"https:\\\/\\\/i0.wp.com\\\/afogadosfm.com.br\\\/afogadosfm\\\/wp-content\\\/uploads\\\/2022\\\/09\\\/lulabolsonew.webp?fit=739%2C415&ssl=1\",\"datePublished\":\"2026-03-10T09:18:06+00:00\",\"breadcrumb\":{\"@id\":\"https:\\\/\\\/afogadosfm.com.br\\\/afogadosfm\\\/2026\\\/03\\\/10\\\/pesquisa-datafolha-9-em-cada-10-brasileiros-dizem-que-nao-se-arrependem-de-ter-votado-em-lula-ou-bolsonaro\\\/#breadcrumb\"},\"inLanguage\":\"pt-BR\",\"potentialAction\":[{\"@type\":\"ReadAction\",\"target\":[\"https:\\\/\\\/afogadosfm.com.br\\\/afogadosfm\\\/2026\\\/03\\\/10\\\/pesquisa-datafolha-9-em-cada-10-brasileiros-dizem-que-nao-se-arrependem-de-ter-votado-em-lula-ou-bolsonaro\\\/\"]}]},{\"@type\":\"ImageObject\",\"inLanguage\":\"pt-BR\",\"@id\":\"https:\\\/\\\/afogadosfm.com.br\\\/afogadosfm\\\/2026\\\/03\\\/10\\\/pesquisa-datafolha-9-em-cada-10-brasileiros-dizem-que-nao-se-arrependem-de-ter-votado-em-lula-ou-bolsonaro\\\/#primaryimage\",\"url\":\"https:\\\/\\\/i0.wp.com\\\/afogadosfm.com.br\\\/afogadosfm\\\/wp-content\\\/uploads\\\/2022\\\/09\\\/lulabolsonew.webp?fit=739%2C415&ssl=1\",\"contentUrl\":\"https:\\\/\\\/i0.wp.com\\\/afogadosfm.com.br\\\/afogadosfm\\\/wp-content\\\/uploads\\\/2022\\\/09\\\/lulabolsonew.webp?fit=739%2C415&ssl=1\",\"width\":739,\"height\":415},{\"@type\":\"BreadcrumbList\",\"@id\":\"https:\\\/\\\/afogadosfm.com.br\\\/afogadosfm\\\/2026\\\/03\\\/10\\\/pesquisa-datafolha-9-em-cada-10-brasileiros-dizem-que-nao-se-arrependem-de-ter-votado-em-lula-ou-bolsonaro\\\/#breadcrumb\",\"itemListElement\":[{\"@type\":\"ListItem\",\"position\":1,\"name\":\"In\u00edcio\",\"item\":\"https:\\\/\\\/afogadosfm.com.br\\\/afogadosfm\\\/\"},{\"@type\":\"ListItem\",\"position\":2,\"name\":\"Pesquisa Datafolha: 9 em cada 10 brasileiros dizem que n\u00e3o se arrependem de ter votado em Lula ou Bolsonaro\"}]},{\"@type\":\"WebSite\",\"@id\":\"https:\\\/\\\/afogadosfm.com.br\\\/afogadosfm\\\/#website\",\"url\":\"https:\\\/\\\/afogadosfm.com.br\\\/afogadosfm\\\/\",\"name\":\"Afogados FM\",\"description\":\"Um site completo!\",\"publisher\":{\"@id\":\"https:\\\/\\\/afogadosfm.com.br\\\/afogadosfm\\\/#organization\"},\"potentialAction\":[{\"@type\":\"SearchAction\",\"target\":{\"@type\":\"EntryPoint\",\"urlTemplate\":\"https:\\\/\\\/afogadosfm.com.br\\\/afogadosfm\\\/?s={search_term_string}\"},\"query-input\":{\"@type\":\"PropertyValueSpecification\",\"valueRequired\":true,\"valueName\":\"search_term_string\"}}],\"inLanguage\":\"pt-BR\"},{\"@type\":\"Organization\",\"@id\":\"https:\\\/\\\/afogadosfm.com.br\\\/afogadosfm\\\/#organization\",\"name\":\"Afogados FM\",\"url\":\"https:\\\/\\\/afogadosfm.com.br\\\/afogadosfm\\\/\",\"logo\":{\"@type\":\"ImageObject\",\"inLanguage\":\"pt-BR\",\"@id\":\"https:\\\/\\\/afogadosfm.com.br\\\/afogadosfm\\\/#\\\/schema\\\/logo\\\/image\\\/\",\"url\":\"https:\\\/\\\/i0.wp.com\\\/afogadosfm.com.br\\\/afogadosfm\\\/wp-content\\\/uploads\\\/2020\\\/06\\\/cropped-banner-afogados-4.jpg?fit=369%2C137&ssl=1\",\"contentUrl\":\"https:\\\/\\\/i0.wp.com\\\/afogadosfm.com.br\\\/afogadosfm\\\/wp-content\\\/uploads\\\/2020\\\/06\\\/cropped-banner-afogados-4.jpg?fit=369%2C137&ssl=1\",\"width\":369,\"height\":137,\"caption\":\"Afogados FM\"},\"image\":{\"@id\":\"https:\\\/\\\/afogadosfm.com.br\\\/afogadosfm\\\/#\\\/schema\\\/logo\\\/image\\\/\"}},{\"@type\":\"Person\",\"@id\":\"https:\\\/\\\/afogadosfm.com.br\\\/afogadosfm\\\/#\\\/schema\\\/person\\\/60e56f2cf5dc960fc093fe093d9e9057\",\"name\":\"afogadosfm\",\"image\":{\"@type\":\"ImageObject\",\"inLanguage\":\"pt-BR\",\"@id\":\"https:\\\/\\\/secure.gravatar.com\\\/avatar\\\/e0359add7ed5dc3560906d861b52c6a8cf5c1e199d3a7dd85070998f49bd4701?s=96&d=mm&r=g\",\"url\":\"https:\\\/\\\/secure.gravatar.com\\\/avatar\\\/e0359add7ed5dc3560906d861b52c6a8cf5c1e199d3a7dd85070998f49bd4701?s=96&d=mm&r=g\",\"contentUrl\":\"https:\\\/\\\/secure.gravatar.com\\\/avatar\\\/e0359add7ed5dc3560906d861b52c6a8cf5c1e199d3a7dd85070998f49bd4701?s=96&d=mm&r=g\",\"caption\":\"afogadosfm\"},\"url\":\"https:\\\/\\\/afogadosfm.com.br\\\/afogadosfm\\\/author\\\/afogadosfm\\\/\"}]}<\/script>\n<!-- \/ Yoast SEO plugin. -->","yoast_head_json":{"title":"Pesquisa Datafolha: 9 em cada 10 brasileiros dizem que n\u00e3o se arrependem de ter votado em Lula ou Bolsonaro - Afogados FM","robots":{"index":"index","follow":"follow","max-snippet":"max-snippet:-1","max-image-preview":"max-image-preview:large","max-video-preview":"max-video-preview:-1"},"canonical":"https:\/\/afogadosfm.com.br\/afogadosfm\/2026\/03\/10\/pesquisa-datafolha-9-em-cada-10-brasileiros-dizem-que-nao-se-arrependem-de-ter-votado-em-lula-ou-bolsonaro\/","og_locale":"pt_BR","og_type":"article","og_title":"Pesquisa Datafolha: 9 em cada 10 brasileiros dizem que n\u00e3o se arrependem de ter votado em Lula ou Bolsonaro - Afogados FM","og_description":"A menos de sete meses das elei\u00e7\u00f5es presidenciais de 2026, a maioria dos eleitores brasileiros diz n\u00e3o se arrepender do","og_url":"https:\/\/afogadosfm.com.br\/afogadosfm\/2026\/03\/10\/pesquisa-datafolha-9-em-cada-10-brasileiros-dizem-que-nao-se-arrependem-de-ter-votado-em-lula-ou-bolsonaro\/","og_site_name":"Afogados FM","article_published_time":"2026-03-10T09:18:06+00:00","og_image":[{"width":739,"height":415,"url":"https:\/\/afogadosfm.com.br\/afogadosfm\/wp-content\/uploads\/2022\/09\/lulabolsonew.webp","type":"image\/webp"}],"author":"afogadosfm","twitter_card":"summary_large_image","twitter_misc":{"Escrito por":"afogadosfm","Est. tempo de leitura":"3 minutos"},"schema":{"@context":"https:\/\/schema.org","@graph":[{"@type":"Article","@id":"https:\/\/afogadosfm.com.br\/afogadosfm\/2026\/03\/10\/pesquisa-datafolha-9-em-cada-10-brasileiros-dizem-que-nao-se-arrependem-de-ter-votado-em-lula-ou-bolsonaro\/#article","isPartOf":{"@id":"https:\/\/afogadosfm.com.br\/afogadosfm\/2026\/03\/10\/pesquisa-datafolha-9-em-cada-10-brasileiros-dizem-que-nao-se-arrependem-de-ter-votado-em-lula-ou-bolsonaro\/"},"author":{"name":"afogadosfm","@id":"https:\/\/afogadosfm.com.br\/afogadosfm\/#\/schema\/person\/60e56f2cf5dc960fc093fe093d9e9057"},"headline":"Pesquisa Datafolha: 9 em cada 10 brasileiros dizem que n\u00e3o se arrependem de ter votado em Lula ou Bolsonaro","datePublished":"2026-03-10T09:18:06+00:00","mainEntityOfPage":{"@id":"https:\/\/afogadosfm.com.br\/afogadosfm\/2026\/03\/10\/pesquisa-datafolha-9-em-cada-10-brasileiros-dizem-que-nao-se-arrependem-de-ter-votado-em-lula-ou-bolsonaro\/"},"wordCount":365,"commentCount":0,"publisher":{"@id":"https:\/\/afogadosfm.com.br\/afogadosfm\/#organization"},"image":{"@id":"https:\/\/afogadosfm.com.br\/afogadosfm\/2026\/03\/10\/pesquisa-datafolha-9-em-cada-10-brasileiros-dizem-que-nao-se-arrependem-de-ter-votado-em-lula-ou-bolsonaro\/#primaryimage"},"thumbnailUrl":"https:\/\/i0.wp.com\/afogadosfm.com.br\/afogadosfm\/wp-content\/uploads\/2022\/09\/lulabolsonew.webp?fit=739%2C415&ssl=1","articleSection":["Brasil"],"inLanguage":"pt-BR","potentialAction":[{"@type":"CommentAction","name":"Comment","target":["https:\/\/afogadosfm.com.br\/afogadosfm\/2026\/03\/10\/pesquisa-datafolha-9-em-cada-10-brasileiros-dizem-que-nao-se-arrependem-de-ter-votado-em-lula-ou-bolsonaro\/#respond"]}]},{"@type":"WebPage","@id":"https:\/\/afogadosfm.com.br\/afogadosfm\/2026\/03\/10\/pesquisa-datafolha-9-em-cada-10-brasileiros-dizem-que-nao-se-arrependem-de-ter-votado-em-lula-ou-bolsonaro\/","url":"https:\/\/afogadosfm.com.br\/afogadosfm\/2026\/03\/10\/pesquisa-datafolha-9-em-cada-10-brasileiros-dizem-que-nao-se-arrependem-de-ter-votado-em-lula-ou-bolsonaro\/","name":"Pesquisa Datafolha: 9 em cada 10 brasileiros dizem que n\u00e3o se arrependem de ter votado em Lula ou Bolsonaro - Afogados FM","isPartOf":{"@id":"https:\/\/afogadosfm.com.br\/afogadosfm\/#website"},"primaryImageOfPage":{"@id":"https:\/\/afogadosfm.com.br\/afogadosfm\/2026\/03\/10\/pesquisa-datafolha-9-em-cada-10-brasileiros-dizem-que-nao-se-arrependem-de-ter-votado-em-lula-ou-bolsonaro\/#primaryimage"},"image":{"@id":"https:\/\/afogadosfm.com.br\/afogadosfm\/2026\/03\/10\/pesquisa-datafolha-9-em-cada-10-brasileiros-dizem-que-nao-se-arrependem-de-ter-votado-em-lula-ou-bolsonaro\/#primaryimage"},"thumbnailUrl":"https:\/\/i0.wp.com\/afogadosfm.com.br\/afogadosfm\/wp-content\/uploads\/2022\/09\/lulabolsonew.webp?fit=739%2C415&ssl=1","datePublished":"2026-03-10T09:18:06+00:00","breadcrumb":{"@id":"https:\/\/afogadosfm.com.br\/afogadosfm\/2026\/03\/10\/pesquisa-datafolha-9-em-cada-10-brasileiros-dizem-que-nao-se-arrependem-de-ter-votado-em-lula-ou-bolsonaro\/#breadcrumb"},"inLanguage":"pt-BR","potentialAction":[{"@type":"ReadAction","target":["https:\/\/afogadosfm.com.br\/afogadosfm\/2026\/03\/10\/pesquisa-datafolha-9-em-cada-10-brasileiros-dizem-que-nao-se-arrependem-de-ter-votado-em-lula-ou-bolsonaro\/"]}]},{"@type":"ImageObject","inLanguage":"pt-BR","@id":"https:\/\/afogadosfm.com.br\/afogadosfm\/2026\/03\/10\/pesquisa-datafolha-9-em-cada-10-brasileiros-dizem-que-nao-se-arrependem-de-ter-votado-em-lula-ou-bolsonaro\/#primaryimage","url":"https:\/\/i0.wp.com\/afogadosfm.com.br\/afogadosfm\/wp-content\/uploads\/2022\/09\/lulabolsonew.webp?fit=739%2C415&ssl=1","contentUrl":"https:\/\/i0.wp.com\/afogadosfm.com.br\/afogadosfm\/wp-content\/uploads\/2022\/09\/lulabolsonew.webp?fit=739%2C415&ssl=1","width":739,"height":415},{"@type":"BreadcrumbList","@id":"https:\/\/afogadosfm.com.br\/afogadosfm\/2026\/03\/10\/pesquisa-datafolha-9-em-cada-10-brasileiros-dizem-que-nao-se-arrependem-de-ter-votado-em-lula-ou-bolsonaro\/#breadcrumb","itemListElement":[{"@type":"ListItem","position":1,"name":"In\u00edcio","item":"https:\/\/afogadosfm.com.br\/afogadosfm\/"},{"@type":"ListItem","position":2,"name":"Pesquisa Datafolha: 9 em cada 10 brasileiros dizem que n\u00e3o se arrependem de ter votado em Lula ou Bolsonaro"}]},{"@type":"WebSite","@id":"https:\/\/afogadosfm.com.br\/afogadosfm\/#website","url":"https:\/\/afogadosfm.com.br\/afogadosfm\/","name":"Afogados FM","description":"Um site completo!","publisher":{"@id":"https:\/\/afogadosfm.com.br\/afogadosfm\/#organization"},"potentialAction":[{"@type":"SearchAction","target":{"@type":"EntryPoint","urlTemplate":"https:\/\/afogadosfm.com.br\/afogadosfm\/?s={search_term_string}"},"query-input":{"@type":"PropertyValueSpecification","valueRequired":true,"valueName":"search_term_string"}}],"inLanguage":"pt-BR"},{"@type":"Organization","@id":"https:\/\/afogadosfm.com.br\/afogadosfm\/#organization","name":"Afogados FM","url":"https:\/\/afogadosfm.com.br\/afogadosfm\/","logo":{"@type":"ImageObject","inLanguage":"pt-BR","@id":"https:\/\/afogadosfm.com.br\/afogadosfm\/#\/schema\/logo\/image\/","url":"https:\/\/i0.wp.com\/afogadosfm.com.br\/afogadosfm\/wp-content\/uploads\/2020\/06\/cropped-banner-afogados-4.jpg?fit=369%2C137&ssl=1","contentUrl":"https:\/\/i0.wp.com\/afogadosfm.com.br\/afogadosfm\/wp-content\/uploads\/2020\/06\/cropped-banner-afogados-4.jpg?fit=369%2C137&ssl=1","width":369,"height":137,"caption":"Afogados FM"},"image":{"@id":"https:\/\/afogadosfm.com.br\/afogadosfm\/#\/schema\/logo\/image\/"}},{"@type":"Person","@id":"https:\/\/afogadosfm.com.br\/afogadosfm\/#\/schema\/person\/60e56f2cf5dc960fc093fe093d9e9057","name":"afogadosfm","image":{"@type":"ImageObject","inLanguage":"pt-BR","@id":"https:\/\/secure.gravatar.com\/avatar\/e0359add7ed5dc3560906d861b52c6a8cf5c1e199d3a7dd85070998f49bd4701?s=96&d=mm&r=g","url":"https:\/\/secure.gravatar.com\/avatar\/e0359add7ed5dc3560906d861b52c6a8cf5c1e199d3a7dd85070998f49bd4701?s=96&d=mm&r=g","contentUrl":"https:\/\/secure.gravatar.com\/avatar\/e0359add7ed5dc3560906d861b52c6a8cf5c1e199d3a7dd85070998f49bd4701?s=96&d=mm&r=g","caption":"afogadosfm"},"url":"https:\/\/afogadosfm.com.br\/afogadosfm\/author\/afogadosfm\/"}]}},"jetpack_publicize_connections":[],"jetpack_featured_media_url":"https:\/\/i0.wp.com\/afogadosfm.com.br\/afogadosfm\/wp-content\/uploads\/2022\/09\/lulabolsonew.webp?fit=739%2C415&ssl=1","jetpack-related-posts":[],"jetpack_sharing_enabled":true,"jetpack_likes_enabled":true,"_links":{"self":[{"href":"https:\/\/afogadosfm.com.br\/afogadosfm\/wp-json\/wp\/v2\/posts\/73162","targetHints":{"allow":["GET"]}}],"collection":[{"href":"https:\/\/afogadosfm.com.br\/afogadosfm\/wp-json\/wp\/v2\/posts"}],"about":[{"href":"https:\/\/afogadosfm.com.br\/afogadosfm\/wp-json\/wp\/v2\/types\/post"}],"author":[{"embeddable":true,"href":"https:\/\/afogadosfm.com.br\/afogadosfm\/wp-json\/wp\/v2\/users\/2"}],"replies":[{"embeddable":true,"href":"https:\/\/afogadosfm.com.br\/afogadosfm\/wp-json\/wp\/v2\/comments?post=73162"}],"version-history":[{"count":1,"href":"https:\/\/afogadosfm.com.br\/afogadosfm\/wp-json\/wp\/v2\/posts\/73162\/revisions"}],"predecessor-version":[{"id":73163,"href":"https:\/\/afogadosfm.com.br\/afogadosfm\/wp-json\/wp\/v2\/posts\/73162\/revisions\/73163"}],"wp:featuredmedia":[{"embeddable":true,"href":"https:\/\/afogadosfm.com.br\/afogadosfm\/wp-json\/wp\/v2\/media\/41351"}],"wp:attachment":[{"href":"https:\/\/afogadosfm.com.br\/afogadosfm\/wp-json\/wp\/v2\/media?parent=73162"}],"wp:term":[{"taxonomy":"category","embeddable":true,"href":"https:\/\/afogadosfm.com.br\/afogadosfm\/wp-json\/wp\/v2\/categories?post=73162"},{"taxonomy":"post_tag","embeddable":true,"href":"https:\/\/afogadosfm.com.br\/afogadosfm\/wp-json\/wp\/v2\/tags?post=73162"}],"curies":[{"name":"wp","href":"https:\/\/api.w.org\/{rel}","templated":true}]}}