{"id":73170,"date":"2026-03-10T21:14:51","date_gmt":"2026-03-11T00:14:51","guid":{"rendered":"https:\/\/afogadosfm.com.br\/afogadosfm\/?p=73170"},"modified":"2026-03-10T21:14:51","modified_gmt":"2026-03-11T00:14:51","slug":"raquel-lyra-destaca-parceria-com-o-pp-de-eduardo-da-fonte-e-defende-base-unida-em-pernambuco","status":"publish","type":"post","link":"https:\/\/afogadosfm.com.br\/afogadosfm\/2026\/03\/10\/raquel-lyra-destaca-parceria-com-o-pp-de-eduardo-da-fonte-e-defende-base-unida-em-pernambuco\/","title":{"rendered":"Raquel Lyra destaca parceria com o PP de Eduardo da Fonte e defende base unida em Pernambuco"},"content":{"rendered":"<p data-start=\"116\" data-end=\"521\">A governadora de Pernambuco,\u00a0<span class=\"hover:entity-accent entity-underline inline cursor-pointer align-baseline\"><span class=\"whitespace-normal\">Raquel Lyra<\/span><\/span>, fez um gesto p\u00fablico de aproxima\u00e7\u00e3o com o\u00a0<span class=\"hover:entity-accent entity-underline inline cursor-pointer align-baseline\"><span class=\"whitespace-normal\">Partido Progressistas<\/span><\/span>\u00a0(PP), liderado no estado pelo deputado federal\u00a0<span class=\"hover:entity-accent entity-underline inline cursor-pointer align-baseline\"><span class=\"whitespace-normal\">Eduardo da Fonte<\/span><\/span>. A declara\u00e7\u00e3o foi dada nesta segunda-feira (09\/03) durante agenda no bairro do Bode, no\u00a0<span class=\"hover:entity-accent entity-underline inline cursor-pointer align-baseline\"><span class=\"whitespace-normal\">Pina<\/span><\/span>, na Zona Sul do\u00a0<span class=\"hover:entity-accent entity-underline inline cursor-pointer align-baseline\"><span class=\"whitespace-normal\">Recife<\/span><\/span>.<\/p>\n<p data-start=\"523\" data-end=\"690\">Ao comentar a rela\u00e7\u00e3o pol\u00edtica com o partido, a governadora ressaltou a import\u00e2ncia do apoio do PP para a condu\u00e7\u00e3o do governo e para a constru\u00e7\u00e3o de a\u00e7\u00f5es em parceria.<\/p>\n<p data-start=\"692\" data-end=\"920\">\u201cO PP tem nos ajudado e os seus deputados, prefeitos, na condu\u00e7\u00e3o do nosso mandato. Temos feito parcerias muito s\u00f3lidas, n\u00e3o s\u00f3 no apoio na Assembleia Legislativa, mas sobretudo no desenvolvimento de a\u00e7\u00f5es em conjunto\u201d, afirmou.<\/p>\n<p data-start=\"922\" data-end=\"1097\">Na mesma fala, Raquel tamb\u00e9m destacou que a uni\u00e3o entre as for\u00e7as pol\u00edticas da base \u00e9 fundamental para garantir governabilidade e a continuidade das a\u00e7\u00f5es do governo estadual.<\/p>\n<p data-start=\"1099\" data-end=\"1316\">\u201cA gente n\u00e3o consegue entregar resultado sem ter uni\u00e3o. Ent\u00e3o, vamos continuar trabalhando no sentido de garantir que a base esteja unida e a gente possa continuar um servi\u00e7o com governabilidade\u201d, disse a governadora.<\/p>\n<p data-start=\"1318\" data-end=\"1690\">A declara\u00e7\u00e3o acontece em meio \u00e0s movimenta\u00e7\u00f5es pol\u00edticas que j\u00e1 come\u00e7am a desenhar o cen\u00e1rio eleitoral de 2026 em Pernambuco. Com uma bancada relevante e presen\u00e7a em diversas prefeituras, o PP passou a ocupar posi\u00e7\u00e3o estrat\u00e9gica nas articula\u00e7\u00f5es pol\u00edticas do estado, sendo considerado um aliado importante para projetos eleitorais que estar\u00e3o em disputa nos pr\u00f3ximos anos.<\/p>\n<p data-start=\"1318\" data-end=\"1690\">Nos bastidores, a rela\u00e7\u00e3o entre o governo estadual e o grupo pol\u00edtico liderado por Eduardo da Fonte \u00e9 vista como pe\u00e7a-chave na forma\u00e7\u00e3o de alian\u00e7as e na consolida\u00e7\u00e3o da base pol\u00edtica da governadora nos pr\u00f3ximos embates eleitorais.<\/p>\n<div><\/div>\n<div class=\"addtoany_share_save_container addtoany_content addtoany_content_bottom\">\n<div class=\"a2a_kit a2a_kit_size_32 addtoany_list\" data-a2a-url=\"https:\/\/novabetaniafm.com.br\/novabetania87\/2026\/03\/10\/raquel-lyra-destaca-parceria-com-o-pp-de-eduardo-da-fonte-e-defende-base-unida-em-pernambuco\/\" data-a2a-title=\"Raquel Lyra destaca parceria com o PP de Eduardo da Fonte e defende base unida em Pernambuco\"><a class=\"a2a_button_whatsapp\" title=\"WhatsApp\" href=\"https:\/\/novabetaniafm.com.br\/#whatsapp\" target=\"_blank\" rel=\"nofollow noopener\"><span class=\"a2a_label\">WhatsApp<\/span><\/a><a class=\"a2a_button_facebook\" title=\"Facebook\" href=\"https:\/\/novabetaniafm.com.br\/#facebook\" target=\"_blank\" rel=\"nofollow noopener\"><span class=\"a2a_label\">Facebook<\/span><\/a><a class=\"a2a_button_print\" title=\"Print\" href=\"https:\/\/novabetaniafm.com.br\/#print\" target=\"_blank\" rel=\"nofollow noopener\"><span class=\"a2a_label\">Print<\/span><\/a><a class=\"a2a_button_copy_link\" title=\"Copy Link\" href=\"https:\/\/novabetaniafm.com.br\/#copy_link\" target=\"_blank\" rel=\"nofollow noopener\"><span class=\"a2a_label\">Copy Link<\/span><\/a><a class=\"a2a_dd addtoany_share_save addtoany_share\" href=\"https:\/\/www.addtoany.com\/share#url=https%3A%2F%2Fnovabetaniafm.com.br%2Fnovabetania87%2F2026%2F03%2F10%2Fraquel-lyra-destaca-parceria-com-o-pp-de-eduardo-da-fonte-e-defende-base-unida-em-pernambuco%2F&amp;title=Raquel%20Lyra%20destaca%20parceria%20com%20o%20PP%20de%20Eduardo%20da%20Fonte%20e%20defende%20base%20unida%20em%20Pernambuco\"><span class=\"a2a_label a2a_localize\" data-a2a-localize=\"inner,Share\">Compartilhar<\/span><\/a><\/div>\n<\/div>\n","protected":false},"excerpt":{"rendered":"<p>A governadora de Pernambuco,\u00a0Raquel Lyra, fez um gesto p\u00fablico de aproxima\u00e7\u00e3o com o\u00a0Partido Progressistas\u00a0(PP), liderado no estado pelo deputado federal\u00a0Eduardo<\/p>\n","protected":false},"author":2,"featured_media":73171,"comment_status":"open","ping_status":"open","sticky":false,"template":"","format":"standard","meta":{"jetpack_post_was_ever_published":false,"_jetpack_newsletter_access":"","_jetpack_dont_email_post_to_subs":false,"_jetpack_newsletter_tier_id":0,"_jetpack_memberships_contains_paywalled_content":false,"_jetpack_memberships_contains_paid_content":false,"footnotes":"","jetpack_publicize_message":"","jetpack_publicize_feature_enabled":true,"jetpack_social_post_already_shared":true,"jetpack_social_options":{"image_generator_settings":{"template":"highway","default_image_id":0,"font":"","enabled":false},"version":2}},"categories":[2],"tags":[],"class_list":["post-73170","post","type-post","status-publish","format-standard","has-post-thumbnail","hentry","category-noticias"],"yoast_head":"<!-- This site is optimized with the Yoast SEO plugin v27.4 - https:\/\/yoast.com\/product\/yoast-seo-wordpress\/ -->\n<title>Raquel Lyra destaca parceria com o PP de Eduardo da Fonte e defende base unida em Pernambuco - Afogados FM<\/title>\n<meta name=\"robots\" content=\"index, follow, max-snippet:-1, max-image-preview:large, max-video-preview:-1\" \/>\n<link rel=\"canonical\" href=\"https:\/\/afogadosfm.com.br\/afogadosfm\/2026\/03\/10\/raquel-lyra-destaca-parceria-com-o-pp-de-eduardo-da-fonte-e-defende-base-unida-em-pernambuco\/\" \/>\n<meta property=\"og:locale\" content=\"pt_BR\" \/>\n<meta property=\"og:type\" content=\"article\" \/>\n<meta property=\"og:title\" content=\"Raquel Lyra destaca parceria com o PP de Eduardo da Fonte e defende base unida em Pernambuco - Afogados FM\" \/>\n<meta property=\"og:description\" content=\"A governadora de Pernambuco,\u00a0Raquel Lyra, fez um gesto p\u00fablico de aproxima\u00e7\u00e3o com o\u00a0Partido Progressistas\u00a0(PP), liderado no estado pelo deputado federal\u00a0Eduardo\" \/>\n<meta property=\"og:url\" content=\"https:\/\/afogadosfm.com.br\/afogadosfm\/2026\/03\/10\/raquel-lyra-destaca-parceria-com-o-pp-de-eduardo-da-fonte-e-defende-base-unida-em-pernambuco\/\" \/>\n<meta property=\"og:site_name\" content=\"Afogados FM\" \/>\n<meta property=\"article:published_time\" content=\"2026-03-11T00:14:51+00:00\" \/>\n<meta property=\"og:image\" content=\"https:\/\/afogadosfm.com.br\/afogadosfm\/wp-content\/uploads\/2026\/03\/raquel-e-eduardo-da-fonte-1200x675-1.jpg\" \/>\n\t<meta property=\"og:image:width\" content=\"1200\" \/>\n\t<meta property=\"og:image:height\" content=\"675\" \/>\n\t<meta property=\"og:image:type\" content=\"image\/jpeg\" \/>\n<meta name=\"author\" content=\"afogadosfm\" \/>\n<meta name=\"twitter:card\" content=\"summary_large_image\" \/>\n<meta name=\"twitter:label1\" content=\"Escrito por\" \/>\n\t<meta name=\"twitter:data1\" content=\"afogadosfm\" \/>\n\t<meta name=\"twitter:label2\" content=\"Est. tempo de leitura\" \/>\n\t<meta name=\"twitter:data2\" content=\"2 minutos\" \/>\n<script type=\"application\/ld+json\" class=\"yoast-schema-graph\">{\"@context\":\"https:\\\/\\\/schema.org\",\"@graph\":[{\"@type\":\"Article\",\"@id\":\"https:\\\/\\\/afogadosfm.com.br\\\/afogadosfm\\\/2026\\\/03\\\/10\\\/raquel-lyra-destaca-parceria-com-o-pp-de-eduardo-da-fonte-e-defende-base-unida-em-pernambuco\\\/#article\",\"isPartOf\":{\"@id\":\"https:\\\/\\\/afogadosfm.com.br\\\/afogadosfm\\\/2026\\\/03\\\/10\\\/raquel-lyra-destaca-parceria-com-o-pp-de-eduardo-da-fonte-e-defende-base-unida-em-pernambuco\\\/\"},\"author\":{\"name\":\"afogadosfm\",\"@id\":\"https:\\\/\\\/afogadosfm.com.br\\\/afogadosfm\\\/#\\\/schema\\\/person\\\/60e56f2cf5dc960fc093fe093d9e9057\"},\"headline\":\"Raquel Lyra destaca parceria com o PP de Eduardo da Fonte e defende base unida em Pernambuco\",\"datePublished\":\"2026-03-11T00:14:51+00:00\",\"mainEntityOfPage\":{\"@id\":\"https:\\\/\\\/afogadosfm.com.br\\\/afogadosfm\\\/2026\\\/03\\\/10\\\/raquel-lyra-destaca-parceria-com-o-pp-de-eduardo-da-fonte-e-defende-base-unida-em-pernambuco\\\/\"},\"wordCount\":328,\"commentCount\":0,\"publisher\":{\"@id\":\"https:\\\/\\\/afogadosfm.com.br\\\/afogadosfm\\\/#organization\"},\"image\":{\"@id\":\"https:\\\/\\\/afogadosfm.com.br\\\/afogadosfm\\\/2026\\\/03\\\/10\\\/raquel-lyra-destaca-parceria-com-o-pp-de-eduardo-da-fonte-e-defende-base-unida-em-pernambuco\\\/#primaryimage\"},\"thumbnailUrl\":\"https:\\\/\\\/i0.wp.com\\\/afogadosfm.com.br\\\/afogadosfm\\\/wp-content\\\/uploads\\\/2026\\\/03\\\/raquel-e-eduardo-da-fonte-1200x675-1.jpg?fit=1200%2C675&ssl=1\",\"articleSection\":[\"Not\u00edcias\"],\"inLanguage\":\"pt-BR\",\"potentialAction\":[{\"@type\":\"CommentAction\",\"name\":\"Comment\",\"target\":[\"https:\\\/\\\/afogadosfm.com.br\\\/afogadosfm\\\/2026\\\/03\\\/10\\\/raquel-lyra-destaca-parceria-com-o-pp-de-eduardo-da-fonte-e-defende-base-unida-em-pernambuco\\\/#respond\"]}]},{\"@type\":\"WebPage\",\"@id\":\"https:\\\/\\\/afogadosfm.com.br\\\/afogadosfm\\\/2026\\\/03\\\/10\\\/raquel-lyra-destaca-parceria-com-o-pp-de-eduardo-da-fonte-e-defende-base-unida-em-pernambuco\\\/\",\"url\":\"https:\\\/\\\/afogadosfm.com.br\\\/afogadosfm\\\/2026\\\/03\\\/10\\\/raquel-lyra-destaca-parceria-com-o-pp-de-eduardo-da-fonte-e-defende-base-unida-em-pernambuco\\\/\",\"name\":\"Raquel Lyra destaca parceria com o PP de Eduardo da Fonte e defende base unida em Pernambuco - Afogados FM\",\"isPartOf\":{\"@id\":\"https:\\\/\\\/afogadosfm.com.br\\\/afogadosfm\\\/#website\"},\"primaryImageOfPage\":{\"@id\":\"https:\\\/\\\/afogadosfm.com.br\\\/afogadosfm\\\/2026\\\/03\\\/10\\\/raquel-lyra-destaca-parceria-com-o-pp-de-eduardo-da-fonte-e-defende-base-unida-em-pernambuco\\\/#primaryimage\"},\"image\":{\"@id\":\"https:\\\/\\\/afogadosfm.com.br\\\/afogadosfm\\\/2026\\\/03\\\/10\\\/raquel-lyra-destaca-parceria-com-o-pp-de-eduardo-da-fonte-e-defende-base-unida-em-pernambuco\\\/#primaryimage\"},\"thumbnailUrl\":\"https:\\\/\\\/i0.wp.com\\\/afogadosfm.com.br\\\/afogadosfm\\\/wp-content\\\/uploads\\\/2026\\\/03\\\/raquel-e-eduardo-da-fonte-1200x675-1.jpg?fit=1200%2C675&ssl=1\",\"datePublished\":\"2026-03-11T00:14:51+00:00\",\"breadcrumb\":{\"@id\":\"https:\\\/\\\/afogadosfm.com.br\\\/afogadosfm\\\/2026\\\/03\\\/10\\\/raquel-lyra-destaca-parceria-com-o-pp-de-eduardo-da-fonte-e-defende-base-unida-em-pernambuco\\\/#breadcrumb\"},\"inLanguage\":\"pt-BR\",\"potentialAction\":[{\"@type\":\"ReadAction\",\"target\":[\"https:\\\/\\\/afogadosfm.com.br\\\/afogadosfm\\\/2026\\\/03\\\/10\\\/raquel-lyra-destaca-parceria-com-o-pp-de-eduardo-da-fonte-e-defende-base-unida-em-pernambuco\\\/\"]}]},{\"@type\":\"ImageObject\",\"inLanguage\":\"pt-BR\",\"@id\":\"https:\\\/\\\/afogadosfm.com.br\\\/afogadosfm\\\/2026\\\/03\\\/10\\\/raquel-lyra-destaca-parceria-com-o-pp-de-eduardo-da-fonte-e-defende-base-unida-em-pernambuco\\\/#primaryimage\",\"url\":\"https:\\\/\\\/i0.wp.com\\\/afogadosfm.com.br\\\/afogadosfm\\\/wp-content\\\/uploads\\\/2026\\\/03\\\/raquel-e-eduardo-da-fonte-1200x675-1.jpg?fit=1200%2C675&ssl=1\",\"contentUrl\":\"https:\\\/\\\/i0.wp.com\\\/afogadosfm.com.br\\\/afogadosfm\\\/wp-content\\\/uploads\\\/2026\\\/03\\\/raquel-e-eduardo-da-fonte-1200x675-1.jpg?fit=1200%2C675&ssl=1\",\"width\":1200,\"height\":675},{\"@type\":\"BreadcrumbList\",\"@id\":\"https:\\\/\\\/afogadosfm.com.br\\\/afogadosfm\\\/2026\\\/03\\\/10\\\/raquel-lyra-destaca-parceria-com-o-pp-de-eduardo-da-fonte-e-defende-base-unida-em-pernambuco\\\/#breadcrumb\",\"itemListElement\":[{\"@type\":\"ListItem\",\"position\":1,\"name\":\"In\u00edcio\",\"item\":\"https:\\\/\\\/afogadosfm.com.br\\\/afogadosfm\\\/\"},{\"@type\":\"ListItem\",\"position\":2,\"name\":\"Raquel Lyra destaca parceria com o PP de Eduardo da Fonte e defende base unida em Pernambuco\"}]},{\"@type\":\"WebSite\",\"@id\":\"https:\\\/\\\/afogadosfm.com.br\\\/afogadosfm\\\/#website\",\"url\":\"https:\\\/\\\/afogadosfm.com.br\\\/afogadosfm\\\/\",\"name\":\"Afogados FM\",\"description\":\"Um site completo!\",\"publisher\":{\"@id\":\"https:\\\/\\\/afogadosfm.com.br\\\/afogadosfm\\\/#organization\"},\"potentialAction\":[{\"@type\":\"SearchAction\",\"target\":{\"@type\":\"EntryPoint\",\"urlTemplate\":\"https:\\\/\\\/afogadosfm.com.br\\\/afogadosfm\\\/?s={search_term_string}\"},\"query-input\":{\"@type\":\"PropertyValueSpecification\",\"valueRequired\":true,\"valueName\":\"search_term_string\"}}],\"inLanguage\":\"pt-BR\"},{\"@type\":\"Organization\",\"@id\":\"https:\\\/\\\/afogadosfm.com.br\\\/afogadosfm\\\/#organization\",\"name\":\"Afogados FM\",\"url\":\"https:\\\/\\\/afogadosfm.com.br\\\/afogadosfm\\\/\",\"logo\":{\"@type\":\"ImageObject\",\"inLanguage\":\"pt-BR\",\"@id\":\"https:\\\/\\\/afogadosfm.com.br\\\/afogadosfm\\\/#\\\/schema\\\/logo\\\/image\\\/\",\"url\":\"https:\\\/\\\/i0.wp.com\\\/afogadosfm.com.br\\\/afogadosfm\\\/wp-content\\\/uploads\\\/2020\\\/06\\\/cropped-banner-afogados-4.jpg?fit=369%2C137&ssl=1\",\"contentUrl\":\"https:\\\/\\\/i0.wp.com\\\/afogadosfm.com.br\\\/afogadosfm\\\/wp-content\\\/uploads\\\/2020\\\/06\\\/cropped-banner-afogados-4.jpg?fit=369%2C137&ssl=1\",\"width\":369,\"height\":137,\"caption\":\"Afogados FM\"},\"image\":{\"@id\":\"https:\\\/\\\/afogadosfm.com.br\\\/afogadosfm\\\/#\\\/schema\\\/logo\\\/image\\\/\"}},{\"@type\":\"Person\",\"@id\":\"https:\\\/\\\/afogadosfm.com.br\\\/afogadosfm\\\/#\\\/schema\\\/person\\\/60e56f2cf5dc960fc093fe093d9e9057\",\"name\":\"afogadosfm\",\"image\":{\"@type\":\"ImageObject\",\"inLanguage\":\"pt-BR\",\"@id\":\"https:\\\/\\\/secure.gravatar.com\\\/avatar\\\/e0359add7ed5dc3560906d861b52c6a8cf5c1e199d3a7dd85070998f49bd4701?s=96&d=mm&r=g\",\"url\":\"https:\\\/\\\/secure.gravatar.com\\\/avatar\\\/e0359add7ed5dc3560906d861b52c6a8cf5c1e199d3a7dd85070998f49bd4701?s=96&d=mm&r=g\",\"contentUrl\":\"https:\\\/\\\/secure.gravatar.com\\\/avatar\\\/e0359add7ed5dc3560906d861b52c6a8cf5c1e199d3a7dd85070998f49bd4701?s=96&d=mm&r=g\",\"caption\":\"afogadosfm\"},\"url\":\"https:\\\/\\\/afogadosfm.com.br\\\/afogadosfm\\\/author\\\/afogadosfm\\\/\"}]}<\/script>\n<!-- \/ Yoast SEO plugin. -->","yoast_head_json":{"title":"Raquel Lyra destaca parceria com o PP de Eduardo da Fonte e defende base unida em Pernambuco - Afogados FM","robots":{"index":"index","follow":"follow","max-snippet":"max-snippet:-1","max-image-preview":"max-image-preview:large","max-video-preview":"max-video-preview:-1"},"canonical":"https:\/\/afogadosfm.com.br\/afogadosfm\/2026\/03\/10\/raquel-lyra-destaca-parceria-com-o-pp-de-eduardo-da-fonte-e-defende-base-unida-em-pernambuco\/","og_locale":"pt_BR","og_type":"article","og_title":"Raquel Lyra destaca parceria com o PP de Eduardo da Fonte e defende base unida em Pernambuco - Afogados FM","og_description":"A governadora de Pernambuco,\u00a0Raquel Lyra, fez um gesto p\u00fablico de aproxima\u00e7\u00e3o com o\u00a0Partido Progressistas\u00a0(PP), liderado no estado pelo deputado federal\u00a0Eduardo","og_url":"https:\/\/afogadosfm.com.br\/afogadosfm\/2026\/03\/10\/raquel-lyra-destaca-parceria-com-o-pp-de-eduardo-da-fonte-e-defende-base-unida-em-pernambuco\/","og_site_name":"Afogados FM","article_published_time":"2026-03-11T00:14:51+00:00","og_image":[{"width":1200,"height":675,"url":"https:\/\/afogadosfm.com.br\/afogadosfm\/wp-content\/uploads\/2026\/03\/raquel-e-eduardo-da-fonte-1200x675-1.jpg","type":"image\/jpeg"}],"author":"afogadosfm","twitter_card":"summary_large_image","twitter_misc":{"Escrito por":"afogadosfm","Est. tempo de leitura":"2 minutos"},"schema":{"@context":"https:\/\/schema.org","@graph":[{"@type":"Article","@id":"https:\/\/afogadosfm.com.br\/afogadosfm\/2026\/03\/10\/raquel-lyra-destaca-parceria-com-o-pp-de-eduardo-da-fonte-e-defende-base-unida-em-pernambuco\/#article","isPartOf":{"@id":"https:\/\/afogadosfm.com.br\/afogadosfm\/2026\/03\/10\/raquel-lyra-destaca-parceria-com-o-pp-de-eduardo-da-fonte-e-defende-base-unida-em-pernambuco\/"},"author":{"name":"afogadosfm","@id":"https:\/\/afogadosfm.com.br\/afogadosfm\/#\/schema\/person\/60e56f2cf5dc960fc093fe093d9e9057"},"headline":"Raquel Lyra destaca parceria com o PP de Eduardo da Fonte e defende base unida em Pernambuco","datePublished":"2026-03-11T00:14:51+00:00","mainEntityOfPage":{"@id":"https:\/\/afogadosfm.com.br\/afogadosfm\/2026\/03\/10\/raquel-lyra-destaca-parceria-com-o-pp-de-eduardo-da-fonte-e-defende-base-unida-em-pernambuco\/"},"wordCount":328,"commentCount":0,"publisher":{"@id":"https:\/\/afogadosfm.com.br\/afogadosfm\/#organization"},"image":{"@id":"https:\/\/afogadosfm.com.br\/afogadosfm\/2026\/03\/10\/raquel-lyra-destaca-parceria-com-o-pp-de-eduardo-da-fonte-e-defende-base-unida-em-pernambuco\/#primaryimage"},"thumbnailUrl":"https:\/\/i0.wp.com\/afogadosfm.com.br\/afogadosfm\/wp-content\/uploads\/2026\/03\/raquel-e-eduardo-da-fonte-1200x675-1.jpg?fit=1200%2C675&ssl=1","articleSection":["Not\u00edcias"],"inLanguage":"pt-BR","potentialAction":[{"@type":"CommentAction","name":"Comment","target":["https:\/\/afogadosfm.com.br\/afogadosfm\/2026\/03\/10\/raquel-lyra-destaca-parceria-com-o-pp-de-eduardo-da-fonte-e-defende-base-unida-em-pernambuco\/#respond"]}]},{"@type":"WebPage","@id":"https:\/\/afogadosfm.com.br\/afogadosfm\/2026\/03\/10\/raquel-lyra-destaca-parceria-com-o-pp-de-eduardo-da-fonte-e-defende-base-unida-em-pernambuco\/","url":"https:\/\/afogadosfm.com.br\/afogadosfm\/2026\/03\/10\/raquel-lyra-destaca-parceria-com-o-pp-de-eduardo-da-fonte-e-defende-base-unida-em-pernambuco\/","name":"Raquel Lyra destaca parceria com o PP de Eduardo da Fonte e defende base unida em Pernambuco - Afogados FM","isPartOf":{"@id":"https:\/\/afogadosfm.com.br\/afogadosfm\/#website"},"primaryImageOfPage":{"@id":"https:\/\/afogadosfm.com.br\/afogadosfm\/2026\/03\/10\/raquel-lyra-destaca-parceria-com-o-pp-de-eduardo-da-fonte-e-defende-base-unida-em-pernambuco\/#primaryimage"},"image":{"@id":"https:\/\/afogadosfm.com.br\/afogadosfm\/2026\/03\/10\/raquel-lyra-destaca-parceria-com-o-pp-de-eduardo-da-fonte-e-defende-base-unida-em-pernambuco\/#primaryimage"},"thumbnailUrl":"https:\/\/i0.wp.com\/afogadosfm.com.br\/afogadosfm\/wp-content\/uploads\/2026\/03\/raquel-e-eduardo-da-fonte-1200x675-1.jpg?fit=1200%2C675&ssl=1","datePublished":"2026-03-11T00:14:51+00:00","breadcrumb":{"@id":"https:\/\/afogadosfm.com.br\/afogadosfm\/2026\/03\/10\/raquel-lyra-destaca-parceria-com-o-pp-de-eduardo-da-fonte-e-defende-base-unida-em-pernambuco\/#breadcrumb"},"inLanguage":"pt-BR","potentialAction":[{"@type":"ReadAction","target":["https:\/\/afogadosfm.com.br\/afogadosfm\/2026\/03\/10\/raquel-lyra-destaca-parceria-com-o-pp-de-eduardo-da-fonte-e-defende-base-unida-em-pernambuco\/"]}]},{"@type":"ImageObject","inLanguage":"pt-BR","@id":"https:\/\/afogadosfm.com.br\/afogadosfm\/2026\/03\/10\/raquel-lyra-destaca-parceria-com-o-pp-de-eduardo-da-fonte-e-defende-base-unida-em-pernambuco\/#primaryimage","url":"https:\/\/i0.wp.com\/afogadosfm.com.br\/afogadosfm\/wp-content\/uploads\/2026\/03\/raquel-e-eduardo-da-fonte-1200x675-1.jpg?fit=1200%2C675&ssl=1","contentUrl":"https:\/\/i0.wp.com\/afogadosfm.com.br\/afogadosfm\/wp-content\/uploads\/2026\/03\/raquel-e-eduardo-da-fonte-1200x675-1.jpg?fit=1200%2C675&ssl=1","width":1200,"height":675},{"@type":"BreadcrumbList","@id":"https:\/\/afogadosfm.com.br\/afogadosfm\/2026\/03\/10\/raquel-lyra-destaca-parceria-com-o-pp-de-eduardo-da-fonte-e-defende-base-unida-em-pernambuco\/#breadcrumb","itemListElement":[{"@type":"ListItem","position":1,"name":"In\u00edcio","item":"https:\/\/afogadosfm.com.br\/afogadosfm\/"},{"@type":"ListItem","position":2,"name":"Raquel Lyra destaca parceria com o PP de Eduardo da Fonte e defende base unida em Pernambuco"}]},{"@type":"WebSite","@id":"https:\/\/afogadosfm.com.br\/afogadosfm\/#website","url":"https:\/\/afogadosfm.com.br\/afogadosfm\/","name":"Afogados FM","description":"Um site completo!","publisher":{"@id":"https:\/\/afogadosfm.com.br\/afogadosfm\/#organization"},"potentialAction":[{"@type":"SearchAction","target":{"@type":"EntryPoint","urlTemplate":"https:\/\/afogadosfm.com.br\/afogadosfm\/?s={search_term_string}"},"query-input":{"@type":"PropertyValueSpecification","valueRequired":true,"valueName":"search_term_string"}}],"inLanguage":"pt-BR"},{"@type":"Organization","@id":"https:\/\/afogadosfm.com.br\/afogadosfm\/#organization","name":"Afogados FM","url":"https:\/\/afogadosfm.com.br\/afogadosfm\/","logo":{"@type":"ImageObject","inLanguage":"pt-BR","@id":"https:\/\/afogadosfm.com.br\/afogadosfm\/#\/schema\/logo\/image\/","url":"https:\/\/i0.wp.com\/afogadosfm.com.br\/afogadosfm\/wp-content\/uploads\/2020\/06\/cropped-banner-afogados-4.jpg?fit=369%2C137&ssl=1","contentUrl":"https:\/\/i0.wp.com\/afogadosfm.com.br\/afogadosfm\/wp-content\/uploads\/2020\/06\/cropped-banner-afogados-4.jpg?fit=369%2C137&ssl=1","width":369,"height":137,"caption":"Afogados FM"},"image":{"@id":"https:\/\/afogadosfm.com.br\/afogadosfm\/#\/schema\/logo\/image\/"}},{"@type":"Person","@id":"https:\/\/afogadosfm.com.br\/afogadosfm\/#\/schema\/person\/60e56f2cf5dc960fc093fe093d9e9057","name":"afogadosfm","image":{"@type":"ImageObject","inLanguage":"pt-BR","@id":"https:\/\/secure.gravatar.com\/avatar\/e0359add7ed5dc3560906d861b52c6a8cf5c1e199d3a7dd85070998f49bd4701?s=96&d=mm&r=g","url":"https:\/\/secure.gravatar.com\/avatar\/e0359add7ed5dc3560906d861b52c6a8cf5c1e199d3a7dd85070998f49bd4701?s=96&d=mm&r=g","contentUrl":"https:\/\/secure.gravatar.com\/avatar\/e0359add7ed5dc3560906d861b52c6a8cf5c1e199d3a7dd85070998f49bd4701?s=96&d=mm&r=g","caption":"afogadosfm"},"url":"https:\/\/afogadosfm.com.br\/afogadosfm\/author\/afogadosfm\/"}]}},"jetpack_publicize_connections":[],"jetpack_featured_media_url":"https:\/\/i0.wp.com\/afogadosfm.com.br\/afogadosfm\/wp-content\/uploads\/2026\/03\/raquel-e-eduardo-da-fonte-1200x675-1.jpg?fit=1200%2C675&ssl=1","jetpack-related-posts":[],"jetpack_sharing_enabled":true,"jetpack_likes_enabled":true,"_links":{"self":[{"href":"https:\/\/afogadosfm.com.br\/afogadosfm\/wp-json\/wp\/v2\/posts\/73170","targetHints":{"allow":["GET"]}}],"collection":[{"href":"https:\/\/afogadosfm.com.br\/afogadosfm\/wp-json\/wp\/v2\/posts"}],"about":[{"href":"https:\/\/afogadosfm.com.br\/afogadosfm\/wp-json\/wp\/v2\/types\/post"}],"author":[{"embeddable":true,"href":"https:\/\/afogadosfm.com.br\/afogadosfm\/wp-json\/wp\/v2\/users\/2"}],"replies":[{"embeddable":true,"href":"https:\/\/afogadosfm.com.br\/afogadosfm\/wp-json\/wp\/v2\/comments?post=73170"}],"version-history":[{"count":1,"href":"https:\/\/afogadosfm.com.br\/afogadosfm\/wp-json\/wp\/v2\/posts\/73170\/revisions"}],"predecessor-version":[{"id":73172,"href":"https:\/\/afogadosfm.com.br\/afogadosfm\/wp-json\/wp\/v2\/posts\/73170\/revisions\/73172"}],"wp:featuredmedia":[{"embeddable":true,"href":"https:\/\/afogadosfm.com.br\/afogadosfm\/wp-json\/wp\/v2\/media\/73171"}],"wp:attachment":[{"href":"https:\/\/afogadosfm.com.br\/afogadosfm\/wp-json\/wp\/v2\/media?parent=73170"}],"wp:term":[{"taxonomy":"category","embeddable":true,"href":"https:\/\/afogadosfm.com.br\/afogadosfm\/wp-json\/wp\/v2\/categories?post=73170"},{"taxonomy":"post_tag","embeddable":true,"href":"https:\/\/afogadosfm.com.br\/afogadosfm\/wp-json\/wp\/v2\/tags?post=73170"}],"curies":[{"name":"wp","href":"https:\/\/api.w.org\/{rel}","templated":true}]}}