{"id":73173,"date":"2026-03-11T05:52:30","date_gmt":"2026-03-11T08:52:30","guid":{"rendered":"https:\/\/afogadosfm.com.br\/afogadosfm\/?p=73173"},"modified":"2026-03-11T05:52:30","modified_gmt":"2026-03-11T08:52:30","slug":"afogados-mppe-recomenda-cautela-a-conselheiros-tutelares-para-evitar-exposicao-de-criancas-e-adolescentes","status":"publish","type":"post","link":"https:\/\/afogadosfm.com.br\/afogadosfm\/2026\/03\/11\/afogados-mppe-recomenda-cautela-a-conselheiros-tutelares-para-evitar-exposicao-de-criancas-e-adolescentes\/","title":{"rendered":"Afogados: MPPE recomenda cautela a conselheiros tutelares para evitar exposi\u00e7\u00e3o de crian\u00e7as e adolescentes"},"content":{"rendered":"<div>O respeito \u00e0 intimidade, \u00e0 identidade e \u00e0 imagem de crian\u00e7as e adolescentes deve ser preservado, conforme determina o artigo 17 do Estatuto da Crian\u00e7a e do Adolescente (ECA). Com base nesse princ\u00edpio, o Minist\u00e9rio P\u00fablico de Pernambuco (MPPE), por meio da 2\u00aa Promotoria de Justi\u00e7a de Defesa da Cidadania de Afogados da Ingazeira, recomendou cautela e discri\u00e7\u00e3o aos conselheiros tutelares do munic\u00edpio na realiza\u00e7\u00e3o de interven\u00e7\u00f5es e dilig\u00eancias.<\/div>\n<p>&nbsp;<\/p>\n<p>A orienta\u00e7\u00e3o se volta principalmente para ocorr\u00eancias emergenciais motivadas por den\u00fancias da comunidade, que geralmente despertam forte repercuss\u00e3o social e midi\u00e1tica. Segundo o MPPE, a medida busca evitar a exposi\u00e7\u00e3o indevida, a explora\u00e7\u00e3o da imagem e a revitimiza\u00e7\u00e3o das crian\u00e7as e adolescentes atendidos, bem como de seus familiares.<\/p>\n<p>Entre as recomenda\u00e7\u00f5es, o Minist\u00e9rio P\u00fablico destaca que os conselheiros tutelares devem preservar, acima de tudo, a dignidade, a identidade, a imagem e a intimidade das crian\u00e7as e adolescentes atendidos e de seus familiares, conforme os artigos 17 e 18 da Lei n\u00ba 8.069\/1990. O \u00f3rg\u00e3o tamb\u00e9m cita o artigo 32, inciso V, da Resolu\u00e7\u00e3o n\u00ba 170 do Conselho Nacional dos Direitos da Crian\u00e7a e do Adolescente (Conanda).<\/p>\n<p>O MPPE tamb\u00e9m orienta que, na rela\u00e7\u00e3o do Conselho Tutelar com a imprensa, os profissionais mantenham postura de discri\u00e7\u00e3o e institucionalidade, preservando o sigilo dos casos. A recomenda\u00e7\u00e3o leva em conta a situa\u00e7\u00e3o de vulnerabilidade das crian\u00e7as, adolescentes e fam\u00edlias atendidas, al\u00e9m de refor\u00e7ar a necessidade de resguardar a idoneidade e a relev\u00e2ncia do servi\u00e7o prestado, conforme estabelece o artigo 135 do ECA.<\/p>\n<p>Outro ponto enfatizado \u00e9 que os conselheiros tutelares n\u00e3o permitam nem colaborem com coberturas jornal\u00edsticas em tempo real (ao vivo) durante interven\u00e7\u00f5es do Conselho Tutelar, como dilig\u00eancias, visitas domiciliares e atendimentos.<\/p>\n<p>A recomenda\u00e7\u00e3o foi motivada ap\u00f3s a 2\u00aa Promotoria de Justi\u00e7a de Afogados da Ingazeira tomar conhecimento de que conselheiros tutelares do munic\u00edpio participaram de um programa de r\u00e1dio local. Durante a participa\u00e7\u00e3o, teria ocorrido a exposi\u00e7\u00e3o indevida de um caso ainda sob apura\u00e7\u00e3o, com entrevistas e divulga\u00e7\u00e3o de informa\u00e7\u00f5es nas redes sociais sobre uma grave situa\u00e7\u00e3o de viol\u00eancia contra uma crian\u00e7a, em material considerado sensacionalista.<\/p>\n<p>De acordo com o MPPE, esse tipo de exposi\u00e7\u00e3o \u2014 quando ocorre com aval ou participa\u00e7\u00e3o do pr\u00f3prio Conselho Tutelar \u2014 pode ser caracterizado como viol\u00eancia institucional, conforme prev\u00ea o artigo 4\u00ba, inciso IV, da Lei n\u00ba 13.431\/2017. A legisla\u00e7\u00e3o considera viol\u00eancia institucional qualquer pr\u00e1tica que submeta a v\u00edtima a situa\u00e7\u00f5es potencialmente geradoras de sofrimento ou estigmatiza\u00e7\u00e3o.<\/p>\n<p>O Minist\u00e9rio P\u00fablico refor\u00e7a que a atua\u00e7\u00e3o do Conselho Tutelar \u00e9 fundamental para garantir a prote\u00e7\u00e3o dos direitos de crian\u00e7as e adolescentes, mas deve sempre ocorrer com responsabilidade, sigilo e respeito \u00e0 dignidade das v\u00edtimas.<\/p>\n","protected":false},"excerpt":{"rendered":"<p>O respeito \u00e0 intimidade, \u00e0 identidade e \u00e0 imagem de crian\u00e7as e adolescentes deve ser preservado, conforme determina o artigo<\/p>\n","protected":false},"author":2,"featured_media":7960,"comment_status":"open","ping_status":"open","sticky":false,"template":"","format":"standard","meta":{"jetpack_post_was_ever_published":false,"_jetpack_newsletter_access":"","_jetpack_dont_email_post_to_subs":false,"_jetpack_newsletter_tier_id":0,"_jetpack_memberships_contains_paywalled_content":false,"_jetpack_memberships_contains_paid_content":false,"footnotes":"","jetpack_publicize_message":"","jetpack_publicize_feature_enabled":true,"jetpack_social_post_already_shared":true,"jetpack_social_options":{"image_generator_settings":{"template":"highway","default_image_id":0,"font":"","enabled":false},"version":2}},"categories":[14],"tags":[],"class_list":["post-73173","post","type-post","status-publish","format-standard","has-post-thumbnail","hentry","category-afogados-da-ingazeira"],"yoast_head":"<!-- This site is optimized with the Yoast SEO plugin v27.4 - https:\/\/yoast.com\/product\/yoast-seo-wordpress\/ -->\n<title>Afogados: MPPE recomenda cautela a conselheiros tutelares para evitar exposi\u00e7\u00e3o de crian\u00e7as e adolescentes - Afogados FM<\/title>\n<meta name=\"robots\" content=\"index, follow, max-snippet:-1, max-image-preview:large, max-video-preview:-1\" \/>\n<link rel=\"canonical\" href=\"https:\/\/afogadosfm.com.br\/afogadosfm\/2026\/03\/11\/afogados-mppe-recomenda-cautela-a-conselheiros-tutelares-para-evitar-exposicao-de-criancas-e-adolescentes\/\" \/>\n<meta property=\"og:locale\" content=\"pt_BR\" \/>\n<meta property=\"og:type\" content=\"article\" \/>\n<meta property=\"og:title\" content=\"Afogados: MPPE recomenda cautela a conselheiros tutelares para evitar exposi\u00e7\u00e3o de crian\u00e7as e adolescentes - Afogados FM\" \/>\n<meta property=\"og:description\" content=\"O respeito \u00e0 intimidade, \u00e0 identidade e \u00e0 imagem de crian\u00e7as e adolescentes deve ser preservado, conforme determina o artigo\" \/>\n<meta property=\"og:url\" content=\"https:\/\/afogadosfm.com.br\/afogadosfm\/2026\/03\/11\/afogados-mppe-recomenda-cautela-a-conselheiros-tutelares-para-evitar-exposicao-de-criancas-e-adolescentes\/\" \/>\n<meta property=\"og:site_name\" content=\"Afogados FM\" \/>\n<meta property=\"article:published_time\" content=\"2026-03-11T08:52:30+00:00\" \/>\n<meta property=\"og:image\" content=\"https:\/\/afogadosfm.com.br\/afogadosfm\/wp-content\/uploads\/2018\/12\/MPPE.jpg\" \/>\n\t<meta property=\"og:image:width\" content=\"350\" \/>\n\t<meta property=\"og:image:height\" content=\"245\" \/>\n\t<meta property=\"og:image:type\" content=\"image\/jpeg\" \/>\n<meta name=\"author\" content=\"afogadosfm\" \/>\n<meta name=\"twitter:card\" content=\"summary_large_image\" \/>\n<meta name=\"twitter:label1\" content=\"Escrito por\" \/>\n\t<meta name=\"twitter:data1\" content=\"afogadosfm\" \/>\n\t<meta name=\"twitter:label2\" content=\"Est. tempo de leitura\" \/>\n\t<meta name=\"twitter:data2\" content=\"3 minutos\" \/>\n<script type=\"application\/ld+json\" class=\"yoast-schema-graph\">{\"@context\":\"https:\\\/\\\/schema.org\",\"@graph\":[{\"@type\":\"Article\",\"@id\":\"https:\\\/\\\/afogadosfm.com.br\\\/afogadosfm\\\/2026\\\/03\\\/11\\\/afogados-mppe-recomenda-cautela-a-conselheiros-tutelares-para-evitar-exposicao-de-criancas-e-adolescentes\\\/#article\",\"isPartOf\":{\"@id\":\"https:\\\/\\\/afogadosfm.com.br\\\/afogadosfm\\\/2026\\\/03\\\/11\\\/afogados-mppe-recomenda-cautela-a-conselheiros-tutelares-para-evitar-exposicao-de-criancas-e-adolescentes\\\/\"},\"author\":{\"name\":\"afogadosfm\",\"@id\":\"https:\\\/\\\/afogadosfm.com.br\\\/afogadosfm\\\/#\\\/schema\\\/person\\\/60e56f2cf5dc960fc093fe093d9e9057\"},\"headline\":\"Afogados: MPPE recomenda cautela a conselheiros tutelares para evitar exposi\u00e7\u00e3o de crian\u00e7as e adolescentes\",\"datePublished\":\"2026-03-11T08:52:30+00:00\",\"mainEntityOfPage\":{\"@id\":\"https:\\\/\\\/afogadosfm.com.br\\\/afogadosfm\\\/2026\\\/03\\\/11\\\/afogados-mppe-recomenda-cautela-a-conselheiros-tutelares-para-evitar-exposicao-de-criancas-e-adolescentes\\\/\"},\"wordCount\":507,\"commentCount\":0,\"publisher\":{\"@id\":\"https:\\\/\\\/afogadosfm.com.br\\\/afogadosfm\\\/#organization\"},\"image\":{\"@id\":\"https:\\\/\\\/afogadosfm.com.br\\\/afogadosfm\\\/2026\\\/03\\\/11\\\/afogados-mppe-recomenda-cautela-a-conselheiros-tutelares-para-evitar-exposicao-de-criancas-e-adolescentes\\\/#primaryimage\"},\"thumbnailUrl\":\"https:\\\/\\\/i0.wp.com\\\/afogadosfm.com.br\\\/afogadosfm\\\/wp-content\\\/uploads\\\/2018\\\/12\\\/MPPE.jpg?fit=350%2C245&ssl=1\",\"articleSection\":[\"Afogados da Ingazeira\"],\"inLanguage\":\"pt-BR\",\"potentialAction\":[{\"@type\":\"CommentAction\",\"name\":\"Comment\",\"target\":[\"https:\\\/\\\/afogadosfm.com.br\\\/afogadosfm\\\/2026\\\/03\\\/11\\\/afogados-mppe-recomenda-cautela-a-conselheiros-tutelares-para-evitar-exposicao-de-criancas-e-adolescentes\\\/#respond\"]}]},{\"@type\":\"WebPage\",\"@id\":\"https:\\\/\\\/afogadosfm.com.br\\\/afogadosfm\\\/2026\\\/03\\\/11\\\/afogados-mppe-recomenda-cautela-a-conselheiros-tutelares-para-evitar-exposicao-de-criancas-e-adolescentes\\\/\",\"url\":\"https:\\\/\\\/afogadosfm.com.br\\\/afogadosfm\\\/2026\\\/03\\\/11\\\/afogados-mppe-recomenda-cautela-a-conselheiros-tutelares-para-evitar-exposicao-de-criancas-e-adolescentes\\\/\",\"name\":\"Afogados: MPPE recomenda cautela a conselheiros tutelares para evitar exposi\u00e7\u00e3o de crian\u00e7as e adolescentes - Afogados FM\",\"isPartOf\":{\"@id\":\"https:\\\/\\\/afogadosfm.com.br\\\/afogadosfm\\\/#website\"},\"primaryImageOfPage\":{\"@id\":\"https:\\\/\\\/afogadosfm.com.br\\\/afogadosfm\\\/2026\\\/03\\\/11\\\/afogados-mppe-recomenda-cautela-a-conselheiros-tutelares-para-evitar-exposicao-de-criancas-e-adolescentes\\\/#primaryimage\"},\"image\":{\"@id\":\"https:\\\/\\\/afogadosfm.com.br\\\/afogadosfm\\\/2026\\\/03\\\/11\\\/afogados-mppe-recomenda-cautela-a-conselheiros-tutelares-para-evitar-exposicao-de-criancas-e-adolescentes\\\/#primaryimage\"},\"thumbnailUrl\":\"https:\\\/\\\/i0.wp.com\\\/afogadosfm.com.br\\\/afogadosfm\\\/wp-content\\\/uploads\\\/2018\\\/12\\\/MPPE.jpg?fit=350%2C245&ssl=1\",\"datePublished\":\"2026-03-11T08:52:30+00:00\",\"breadcrumb\":{\"@id\":\"https:\\\/\\\/afogadosfm.com.br\\\/afogadosfm\\\/2026\\\/03\\\/11\\\/afogados-mppe-recomenda-cautela-a-conselheiros-tutelares-para-evitar-exposicao-de-criancas-e-adolescentes\\\/#breadcrumb\"},\"inLanguage\":\"pt-BR\",\"potentialAction\":[{\"@type\":\"ReadAction\",\"target\":[\"https:\\\/\\\/afogadosfm.com.br\\\/afogadosfm\\\/2026\\\/03\\\/11\\\/afogados-mppe-recomenda-cautela-a-conselheiros-tutelares-para-evitar-exposicao-de-criancas-e-adolescentes\\\/\"]}]},{\"@type\":\"ImageObject\",\"inLanguage\":\"pt-BR\",\"@id\":\"https:\\\/\\\/afogadosfm.com.br\\\/afogadosfm\\\/2026\\\/03\\\/11\\\/afogados-mppe-recomenda-cautela-a-conselheiros-tutelares-para-evitar-exposicao-de-criancas-e-adolescentes\\\/#primaryimage\",\"url\":\"https:\\\/\\\/i0.wp.com\\\/afogadosfm.com.br\\\/afogadosfm\\\/wp-content\\\/uploads\\\/2018\\\/12\\\/MPPE.jpg?fit=350%2C245&ssl=1\",\"contentUrl\":\"https:\\\/\\\/i0.wp.com\\\/afogadosfm.com.br\\\/afogadosfm\\\/wp-content\\\/uploads\\\/2018\\\/12\\\/MPPE.jpg?fit=350%2C245&ssl=1\",\"width\":350,\"height\":245},{\"@type\":\"BreadcrumbList\",\"@id\":\"https:\\\/\\\/afogadosfm.com.br\\\/afogadosfm\\\/2026\\\/03\\\/11\\\/afogados-mppe-recomenda-cautela-a-conselheiros-tutelares-para-evitar-exposicao-de-criancas-e-adolescentes\\\/#breadcrumb\",\"itemListElement\":[{\"@type\":\"ListItem\",\"position\":1,\"name\":\"In\u00edcio\",\"item\":\"https:\\\/\\\/afogadosfm.com.br\\\/afogadosfm\\\/\"},{\"@type\":\"ListItem\",\"position\":2,\"name\":\"Afogados: MPPE recomenda cautela a conselheiros tutelares para evitar exposi\u00e7\u00e3o de crian\u00e7as e adolescentes\"}]},{\"@type\":\"WebSite\",\"@id\":\"https:\\\/\\\/afogadosfm.com.br\\\/afogadosfm\\\/#website\",\"url\":\"https:\\\/\\\/afogadosfm.com.br\\\/afogadosfm\\\/\",\"name\":\"Afogados FM\",\"description\":\"Um site completo!\",\"publisher\":{\"@id\":\"https:\\\/\\\/afogadosfm.com.br\\\/afogadosfm\\\/#organization\"},\"potentialAction\":[{\"@type\":\"SearchAction\",\"target\":{\"@type\":\"EntryPoint\",\"urlTemplate\":\"https:\\\/\\\/afogadosfm.com.br\\\/afogadosfm\\\/?s={search_term_string}\"},\"query-input\":{\"@type\":\"PropertyValueSpecification\",\"valueRequired\":true,\"valueName\":\"search_term_string\"}}],\"inLanguage\":\"pt-BR\"},{\"@type\":\"Organization\",\"@id\":\"https:\\\/\\\/afogadosfm.com.br\\\/afogadosfm\\\/#organization\",\"name\":\"Afogados FM\",\"url\":\"https:\\\/\\\/afogadosfm.com.br\\\/afogadosfm\\\/\",\"logo\":{\"@type\":\"ImageObject\",\"inLanguage\":\"pt-BR\",\"@id\":\"https:\\\/\\\/afogadosfm.com.br\\\/afogadosfm\\\/#\\\/schema\\\/logo\\\/image\\\/\",\"url\":\"https:\\\/\\\/i0.wp.com\\\/afogadosfm.com.br\\\/afogadosfm\\\/wp-content\\\/uploads\\\/2020\\\/06\\\/cropped-banner-afogados-4.jpg?fit=369%2C137&ssl=1\",\"contentUrl\":\"https:\\\/\\\/i0.wp.com\\\/afogadosfm.com.br\\\/afogadosfm\\\/wp-content\\\/uploads\\\/2020\\\/06\\\/cropped-banner-afogados-4.jpg?fit=369%2C137&ssl=1\",\"width\":369,\"height\":137,\"caption\":\"Afogados FM\"},\"image\":{\"@id\":\"https:\\\/\\\/afogadosfm.com.br\\\/afogadosfm\\\/#\\\/schema\\\/logo\\\/image\\\/\"}},{\"@type\":\"Person\",\"@id\":\"https:\\\/\\\/afogadosfm.com.br\\\/afogadosfm\\\/#\\\/schema\\\/person\\\/60e56f2cf5dc960fc093fe093d9e9057\",\"name\":\"afogadosfm\",\"image\":{\"@type\":\"ImageObject\",\"inLanguage\":\"pt-BR\",\"@id\":\"https:\\\/\\\/secure.gravatar.com\\\/avatar\\\/e0359add7ed5dc3560906d861b52c6a8cf5c1e199d3a7dd85070998f49bd4701?s=96&d=mm&r=g\",\"url\":\"https:\\\/\\\/secure.gravatar.com\\\/avatar\\\/e0359add7ed5dc3560906d861b52c6a8cf5c1e199d3a7dd85070998f49bd4701?s=96&d=mm&r=g\",\"contentUrl\":\"https:\\\/\\\/secure.gravatar.com\\\/avatar\\\/e0359add7ed5dc3560906d861b52c6a8cf5c1e199d3a7dd85070998f49bd4701?s=96&d=mm&r=g\",\"caption\":\"afogadosfm\"},\"url\":\"https:\\\/\\\/afogadosfm.com.br\\\/afogadosfm\\\/author\\\/afogadosfm\\\/\"}]}<\/script>\n<!-- \/ Yoast SEO plugin. -->","yoast_head_json":{"title":"Afogados: MPPE recomenda cautela a conselheiros tutelares para evitar exposi\u00e7\u00e3o de crian\u00e7as e adolescentes - Afogados FM","robots":{"index":"index","follow":"follow","max-snippet":"max-snippet:-1","max-image-preview":"max-image-preview:large","max-video-preview":"max-video-preview:-1"},"canonical":"https:\/\/afogadosfm.com.br\/afogadosfm\/2026\/03\/11\/afogados-mppe-recomenda-cautela-a-conselheiros-tutelares-para-evitar-exposicao-de-criancas-e-adolescentes\/","og_locale":"pt_BR","og_type":"article","og_title":"Afogados: MPPE recomenda cautela a conselheiros tutelares para evitar exposi\u00e7\u00e3o de crian\u00e7as e adolescentes - Afogados FM","og_description":"O respeito \u00e0 intimidade, \u00e0 identidade e \u00e0 imagem de crian\u00e7as e adolescentes deve ser preservado, conforme determina o artigo","og_url":"https:\/\/afogadosfm.com.br\/afogadosfm\/2026\/03\/11\/afogados-mppe-recomenda-cautela-a-conselheiros-tutelares-para-evitar-exposicao-de-criancas-e-adolescentes\/","og_site_name":"Afogados FM","article_published_time":"2026-03-11T08:52:30+00:00","og_image":[{"width":350,"height":245,"url":"https:\/\/afogadosfm.com.br\/afogadosfm\/wp-content\/uploads\/2018\/12\/MPPE.jpg","type":"image\/jpeg"}],"author":"afogadosfm","twitter_card":"summary_large_image","twitter_misc":{"Escrito por":"afogadosfm","Est. tempo de leitura":"3 minutos"},"schema":{"@context":"https:\/\/schema.org","@graph":[{"@type":"Article","@id":"https:\/\/afogadosfm.com.br\/afogadosfm\/2026\/03\/11\/afogados-mppe-recomenda-cautela-a-conselheiros-tutelares-para-evitar-exposicao-de-criancas-e-adolescentes\/#article","isPartOf":{"@id":"https:\/\/afogadosfm.com.br\/afogadosfm\/2026\/03\/11\/afogados-mppe-recomenda-cautela-a-conselheiros-tutelares-para-evitar-exposicao-de-criancas-e-adolescentes\/"},"author":{"name":"afogadosfm","@id":"https:\/\/afogadosfm.com.br\/afogadosfm\/#\/schema\/person\/60e56f2cf5dc960fc093fe093d9e9057"},"headline":"Afogados: MPPE recomenda cautela a conselheiros tutelares para evitar exposi\u00e7\u00e3o de crian\u00e7as e adolescentes","datePublished":"2026-03-11T08:52:30+00:00","mainEntityOfPage":{"@id":"https:\/\/afogadosfm.com.br\/afogadosfm\/2026\/03\/11\/afogados-mppe-recomenda-cautela-a-conselheiros-tutelares-para-evitar-exposicao-de-criancas-e-adolescentes\/"},"wordCount":507,"commentCount":0,"publisher":{"@id":"https:\/\/afogadosfm.com.br\/afogadosfm\/#organization"},"image":{"@id":"https:\/\/afogadosfm.com.br\/afogadosfm\/2026\/03\/11\/afogados-mppe-recomenda-cautela-a-conselheiros-tutelares-para-evitar-exposicao-de-criancas-e-adolescentes\/#primaryimage"},"thumbnailUrl":"https:\/\/i0.wp.com\/afogadosfm.com.br\/afogadosfm\/wp-content\/uploads\/2018\/12\/MPPE.jpg?fit=350%2C245&ssl=1","articleSection":["Afogados da Ingazeira"],"inLanguage":"pt-BR","potentialAction":[{"@type":"CommentAction","name":"Comment","target":["https:\/\/afogadosfm.com.br\/afogadosfm\/2026\/03\/11\/afogados-mppe-recomenda-cautela-a-conselheiros-tutelares-para-evitar-exposicao-de-criancas-e-adolescentes\/#respond"]}]},{"@type":"WebPage","@id":"https:\/\/afogadosfm.com.br\/afogadosfm\/2026\/03\/11\/afogados-mppe-recomenda-cautela-a-conselheiros-tutelares-para-evitar-exposicao-de-criancas-e-adolescentes\/","url":"https:\/\/afogadosfm.com.br\/afogadosfm\/2026\/03\/11\/afogados-mppe-recomenda-cautela-a-conselheiros-tutelares-para-evitar-exposicao-de-criancas-e-adolescentes\/","name":"Afogados: MPPE recomenda cautela a conselheiros tutelares para evitar exposi\u00e7\u00e3o de crian\u00e7as e adolescentes - Afogados FM","isPartOf":{"@id":"https:\/\/afogadosfm.com.br\/afogadosfm\/#website"},"primaryImageOfPage":{"@id":"https:\/\/afogadosfm.com.br\/afogadosfm\/2026\/03\/11\/afogados-mppe-recomenda-cautela-a-conselheiros-tutelares-para-evitar-exposicao-de-criancas-e-adolescentes\/#primaryimage"},"image":{"@id":"https:\/\/afogadosfm.com.br\/afogadosfm\/2026\/03\/11\/afogados-mppe-recomenda-cautela-a-conselheiros-tutelares-para-evitar-exposicao-de-criancas-e-adolescentes\/#primaryimage"},"thumbnailUrl":"https:\/\/i0.wp.com\/afogadosfm.com.br\/afogadosfm\/wp-content\/uploads\/2018\/12\/MPPE.jpg?fit=350%2C245&ssl=1","datePublished":"2026-03-11T08:52:30+00:00","breadcrumb":{"@id":"https:\/\/afogadosfm.com.br\/afogadosfm\/2026\/03\/11\/afogados-mppe-recomenda-cautela-a-conselheiros-tutelares-para-evitar-exposicao-de-criancas-e-adolescentes\/#breadcrumb"},"inLanguage":"pt-BR","potentialAction":[{"@type":"ReadAction","target":["https:\/\/afogadosfm.com.br\/afogadosfm\/2026\/03\/11\/afogados-mppe-recomenda-cautela-a-conselheiros-tutelares-para-evitar-exposicao-de-criancas-e-adolescentes\/"]}]},{"@type":"ImageObject","inLanguage":"pt-BR","@id":"https:\/\/afogadosfm.com.br\/afogadosfm\/2026\/03\/11\/afogados-mppe-recomenda-cautela-a-conselheiros-tutelares-para-evitar-exposicao-de-criancas-e-adolescentes\/#primaryimage","url":"https:\/\/i0.wp.com\/afogadosfm.com.br\/afogadosfm\/wp-content\/uploads\/2018\/12\/MPPE.jpg?fit=350%2C245&ssl=1","contentUrl":"https:\/\/i0.wp.com\/afogadosfm.com.br\/afogadosfm\/wp-content\/uploads\/2018\/12\/MPPE.jpg?fit=350%2C245&ssl=1","width":350,"height":245},{"@type":"BreadcrumbList","@id":"https:\/\/afogadosfm.com.br\/afogadosfm\/2026\/03\/11\/afogados-mppe-recomenda-cautela-a-conselheiros-tutelares-para-evitar-exposicao-de-criancas-e-adolescentes\/#breadcrumb","itemListElement":[{"@type":"ListItem","position":1,"name":"In\u00edcio","item":"https:\/\/afogadosfm.com.br\/afogadosfm\/"},{"@type":"ListItem","position":2,"name":"Afogados: MPPE recomenda cautela a conselheiros tutelares para evitar exposi\u00e7\u00e3o de crian\u00e7as e adolescentes"}]},{"@type":"WebSite","@id":"https:\/\/afogadosfm.com.br\/afogadosfm\/#website","url":"https:\/\/afogadosfm.com.br\/afogadosfm\/","name":"Afogados FM","description":"Um site completo!","publisher":{"@id":"https:\/\/afogadosfm.com.br\/afogadosfm\/#organization"},"potentialAction":[{"@type":"SearchAction","target":{"@type":"EntryPoint","urlTemplate":"https:\/\/afogadosfm.com.br\/afogadosfm\/?s={search_term_string}"},"query-input":{"@type":"PropertyValueSpecification","valueRequired":true,"valueName":"search_term_string"}}],"inLanguage":"pt-BR"},{"@type":"Organization","@id":"https:\/\/afogadosfm.com.br\/afogadosfm\/#organization","name":"Afogados FM","url":"https:\/\/afogadosfm.com.br\/afogadosfm\/","logo":{"@type":"ImageObject","inLanguage":"pt-BR","@id":"https:\/\/afogadosfm.com.br\/afogadosfm\/#\/schema\/logo\/image\/","url":"https:\/\/i0.wp.com\/afogadosfm.com.br\/afogadosfm\/wp-content\/uploads\/2020\/06\/cropped-banner-afogados-4.jpg?fit=369%2C137&ssl=1","contentUrl":"https:\/\/i0.wp.com\/afogadosfm.com.br\/afogadosfm\/wp-content\/uploads\/2020\/06\/cropped-banner-afogados-4.jpg?fit=369%2C137&ssl=1","width":369,"height":137,"caption":"Afogados FM"},"image":{"@id":"https:\/\/afogadosfm.com.br\/afogadosfm\/#\/schema\/logo\/image\/"}},{"@type":"Person","@id":"https:\/\/afogadosfm.com.br\/afogadosfm\/#\/schema\/person\/60e56f2cf5dc960fc093fe093d9e9057","name":"afogadosfm","image":{"@type":"ImageObject","inLanguage":"pt-BR","@id":"https:\/\/secure.gravatar.com\/avatar\/e0359add7ed5dc3560906d861b52c6a8cf5c1e199d3a7dd85070998f49bd4701?s=96&d=mm&r=g","url":"https:\/\/secure.gravatar.com\/avatar\/e0359add7ed5dc3560906d861b52c6a8cf5c1e199d3a7dd85070998f49bd4701?s=96&d=mm&r=g","contentUrl":"https:\/\/secure.gravatar.com\/avatar\/e0359add7ed5dc3560906d861b52c6a8cf5c1e199d3a7dd85070998f49bd4701?s=96&d=mm&r=g","caption":"afogadosfm"},"url":"https:\/\/afogadosfm.com.br\/afogadosfm\/author\/afogadosfm\/"}]}},"jetpack_publicize_connections":[],"jetpack_featured_media_url":"https:\/\/i0.wp.com\/afogadosfm.com.br\/afogadosfm\/wp-content\/uploads\/2018\/12\/MPPE.jpg?fit=350%2C245&ssl=1","jetpack-related-posts":[],"jetpack_sharing_enabled":true,"jetpack_likes_enabled":true,"_links":{"self":[{"href":"https:\/\/afogadosfm.com.br\/afogadosfm\/wp-json\/wp\/v2\/posts\/73173","targetHints":{"allow":["GET"]}}],"collection":[{"href":"https:\/\/afogadosfm.com.br\/afogadosfm\/wp-json\/wp\/v2\/posts"}],"about":[{"href":"https:\/\/afogadosfm.com.br\/afogadosfm\/wp-json\/wp\/v2\/types\/post"}],"author":[{"embeddable":true,"href":"https:\/\/afogadosfm.com.br\/afogadosfm\/wp-json\/wp\/v2\/users\/2"}],"replies":[{"embeddable":true,"href":"https:\/\/afogadosfm.com.br\/afogadosfm\/wp-json\/wp\/v2\/comments?post=73173"}],"version-history":[{"count":1,"href":"https:\/\/afogadosfm.com.br\/afogadosfm\/wp-json\/wp\/v2\/posts\/73173\/revisions"}],"predecessor-version":[{"id":73174,"href":"https:\/\/afogadosfm.com.br\/afogadosfm\/wp-json\/wp\/v2\/posts\/73173\/revisions\/73174"}],"wp:featuredmedia":[{"embeddable":true,"href":"https:\/\/afogadosfm.com.br\/afogadosfm\/wp-json\/wp\/v2\/media\/7960"}],"wp:attachment":[{"href":"https:\/\/afogadosfm.com.br\/afogadosfm\/wp-json\/wp\/v2\/media?parent=73173"}],"wp:term":[{"taxonomy":"category","embeddable":true,"href":"https:\/\/afogadosfm.com.br\/afogadosfm\/wp-json\/wp\/v2\/categories?post=73173"},{"taxonomy":"post_tag","embeddable":true,"href":"https:\/\/afogadosfm.com.br\/afogadosfm\/wp-json\/wp\/v2\/tags?post=73173"}],"curies":[{"name":"wp","href":"https:\/\/api.w.org\/{rel}","templated":true}]}}