{"id":73177,"date":"2026-03-11T05:56:22","date_gmt":"2026-03-11T08:56:22","guid":{"rendered":"https:\/\/afogadosfm.com.br\/afogadosfm\/?p=73177"},"modified":"2026-03-11T05:57:14","modified_gmt":"2026-03-11T08:57:14","slug":"afogados-feminino-fc-recebem-mocao-de-aplausos-na-camara-de-vereadores-de-afogados-da-ingazeira","status":"publish","type":"post","link":"https:\/\/afogadosfm.com.br\/afogadosfm\/2026\/03\/11\/afogados-feminino-fc-recebem-mocao-de-aplausos-na-camara-de-vereadores-de-afogados-da-ingazeira\/","title":{"rendered":"Afogados Feminino FC recebem Mo\u00e7\u00e3o de Aplausos na C\u00e2mara de Vereadores de Afogados da Ingazeira"},"content":{"rendered":"<div>Na manh\u00e3 da ter\u00e7a-feira, 10 de mar\u00e7o, as atletas do Afogados Feminino FC viveram um momento marcante para o esporte local. A equipe foi homenageada com uma Mo\u00e7\u00e3o de Aplausos durante sess\u00e3o na C\u00e2mara de Vereadores de Afogados da Ingazeira, em reconhecimento \u00e0 dedica\u00e7\u00e3o, ao crescimento do time e \u00e0 contribui\u00e7\u00e3o para o fortalecimento do futebol feminino no munic\u00edpio.<\/div>\n<div><img data-recalc-dims=\"1\" loading=\"lazy\" decoding=\"async\" class=\"alignnone  wp-image-73178\" src=\"https:\/\/i0.wp.com\/afogadosfm.com.br\/afogadosfm\/wp-content\/uploads\/2026\/03\/IMG_3046.jpeg?resize=635%2C794&#038;ssl=1\" alt=\"\" width=\"635\" height=\"794\" srcset=\"https:\/\/i0.wp.com\/afogadosfm.com.br\/afogadosfm\/wp-content\/uploads\/2026\/03\/IMG_3046.jpeg?resize=240%2C300&amp;ssl=1 240w, https:\/\/i0.wp.com\/afogadosfm.com.br\/afogadosfm\/wp-content\/uploads\/2026\/03\/IMG_3046.jpeg?w=512&amp;ssl=1 512w\" sizes=\"auto, (max-width: 635px) 100vw, 635px\" \/><\/div>\n<p>&nbsp;<\/p>\n<p>A homenagem simboliza n\u00e3o apenas o reconhecimento institucional, mas tamb\u00e9m a valoriza\u00e7\u00e3o da trajet\u00f3ria de um grupo de mulheres que decidiu transformar um sonho em realidade. Quando o projeto teve in\u00edcio, h\u00e1 cerca de nove meses, o time enfrentava a falta de apoio e estrutura. Mesmo diante das dificuldades, as atletas seguiram firmes, movidas pela coragem, for\u00e7a de vontade e amor pelo futebol.<\/p>\n<p>Com muito empenho em cada treino e partida disputada, o Afogados Feminino FC passou a mostrar dentro de campo que o futebol feminino merece respeito, espa\u00e7o e valoriza\u00e7\u00e3o. A uni\u00e3o do grupo e a determina\u00e7\u00e3o das jogadoras foram fundamentais para consolidar o projeto e levar o nome de Afogados da Ingazeira para diferentes competi\u00e7\u00f5es.<\/p>\n<p>O trabalho realizado j\u00e1 rendeu resultados importantes. Mesmo com pouco tempo de exist\u00eancia, a equipe conquistou seu primeiro grande t\u00edtulo: o de campe\u00e3 do Primeiro Campeonato Regional Dynasty Sports das Patroas 2025, realizado no S\u00edtio Vaca Morta. A conquista refor\u00e7ou a capacidade do grupo e surpreendeu muitos que inicialmente duvidavam do potencial da equipe.<\/p>\n<p>Durante a homenagem, o time tamb\u00e9m destacou o apoio recebido ao longo da caminhada. Um agradecimento especial foi direcionado \u00e0 vereadora Lucineide, pelo incentivo ao esporte feminino, e a Rog\u00e9rio Panta, que tem acreditado no projeto e contribu\u00eddo com o crescimento da equipe. As atletas tamb\u00e9m reconheceram o gesto da C\u00e2mara de Vereadores de Afogados da Ingazeira pelo reconhecimento da import\u00e2ncia do futebol feminino para a cidade.<\/p>\n<p>Mais do que representar um time, o Afogados Feminino FC simboliza a luta, a coragem e o sonho de muitas mulheres que acreditam que o futebol tamb\u00e9m \u00e9 lugar delas. Com uma trajet\u00f3ria ainda em constru\u00e7\u00e3o, a equipe segue firme, determinada a conquistar novos espa\u00e7os e continuar escrevendo sua hist\u00f3ria dentro e fora dos campos.<\/p>\n","protected":false},"excerpt":{"rendered":"<p>Na manh\u00e3 da ter\u00e7a-feira, 10 de mar\u00e7o, as atletas do Afogados Feminino FC viveram um momento marcante para o esporte<\/p>\n","protected":false},"author":2,"featured_media":35206,"comment_status":"open","ping_status":"open","sticky":false,"template":"","format":"standard","meta":{"jetpack_post_was_ever_published":false,"_jetpack_newsletter_access":"","_jetpack_dont_email_post_to_subs":false,"_jetpack_newsletter_tier_id":0,"_jetpack_memberships_contains_paywalled_content":false,"_jetpack_memberships_contains_paid_content":false,"footnotes":"","jetpack_publicize_message":"","jetpack_publicize_feature_enabled":true,"jetpack_social_post_already_shared":true,"jetpack_social_options":{"image_generator_settings":{"template":"highway","default_image_id":0,"font":"","enabled":false},"version":2}},"categories":[8],"tags":[],"class_list":["post-73177","post","type-post","status-publish","format-standard","has-post-thumbnail","hentry","category-esporte"],"yoast_head":"<!-- This site is optimized with the Yoast SEO plugin v27.4 - https:\/\/yoast.com\/product\/yoast-seo-wordpress\/ -->\n<title>Afogados Feminino FC recebem Mo\u00e7\u00e3o de Aplausos na C\u00e2mara de Vereadores de Afogados da Ingazeira - Afogados FM<\/title>\n<meta name=\"robots\" content=\"index, follow, max-snippet:-1, max-image-preview:large, max-video-preview:-1\" \/>\n<link rel=\"canonical\" href=\"https:\/\/afogadosfm.com.br\/afogadosfm\/2026\/03\/11\/afogados-feminino-fc-recebem-mocao-de-aplausos-na-camara-de-vereadores-de-afogados-da-ingazeira\/\" \/>\n<meta property=\"og:locale\" content=\"pt_BR\" \/>\n<meta property=\"og:type\" content=\"article\" \/>\n<meta property=\"og:title\" content=\"Afogados Feminino FC recebem Mo\u00e7\u00e3o de Aplausos na C\u00e2mara de Vereadores de Afogados da Ingazeira - Afogados FM\" \/>\n<meta property=\"og:description\" content=\"Na manh\u00e3 da ter\u00e7a-feira, 10 de mar\u00e7o, as atletas do Afogados Feminino FC viveram um momento marcante para o esporte\" \/>\n<meta property=\"og:url\" content=\"https:\/\/afogadosfm.com.br\/afogadosfm\/2026\/03\/11\/afogados-feminino-fc-recebem-mocao-de-aplausos-na-camara-de-vereadores-de-afogados-da-ingazeira\/\" \/>\n<meta property=\"og:site_name\" content=\"Afogados FM\" \/>\n<meta property=\"article:published_time\" content=\"2026-03-11T08:56:22+00:00\" \/>\n<meta property=\"article:modified_time\" content=\"2026-03-11T08:57:14+00:00\" \/>\n<meta property=\"og:image\" content=\"https:\/\/afogadosfm.com.br\/afogadosfm\/wp-content\/uploads\/2022\/02\/AIFC.jpg\" \/>\n\t<meta property=\"og:image:width\" content=\"225\" \/>\n\t<meta property=\"og:image:height\" content=\"225\" \/>\n\t<meta property=\"og:image:type\" content=\"image\/jpeg\" \/>\n<meta name=\"author\" content=\"afogadosfm\" \/>\n<meta name=\"twitter:card\" content=\"summary_large_image\" \/>\n<meta name=\"twitter:label1\" content=\"Escrito por\" \/>\n\t<meta name=\"twitter:data1\" content=\"afogadosfm\" \/>\n\t<meta name=\"twitter:label2\" content=\"Est. tempo de leitura\" \/>\n\t<meta name=\"twitter:data2\" content=\"3 minutos\" \/>\n<script type=\"application\/ld+json\" class=\"yoast-schema-graph\">{\"@context\":\"https:\\\/\\\/schema.org\",\"@graph\":[{\"@type\":\"Article\",\"@id\":\"https:\\\/\\\/afogadosfm.com.br\\\/afogadosfm\\\/2026\\\/03\\\/11\\\/afogados-feminino-fc-recebem-mocao-de-aplausos-na-camara-de-vereadores-de-afogados-da-ingazeira\\\/#article\",\"isPartOf\":{\"@id\":\"https:\\\/\\\/afogadosfm.com.br\\\/afogadosfm\\\/2026\\\/03\\\/11\\\/afogados-feminino-fc-recebem-mocao-de-aplausos-na-camara-de-vereadores-de-afogados-da-ingazeira\\\/\"},\"author\":{\"name\":\"afogadosfm\",\"@id\":\"https:\\\/\\\/afogadosfm.com.br\\\/afogadosfm\\\/#\\\/schema\\\/person\\\/60e56f2cf5dc960fc093fe093d9e9057\"},\"headline\":\"Afogados Feminino FC recebem Mo\u00e7\u00e3o de Aplausos na C\u00e2mara de Vereadores de Afogados da Ingazeira\",\"datePublished\":\"2026-03-11T08:56:22+00:00\",\"dateModified\":\"2026-03-11T08:57:14+00:00\",\"mainEntityOfPage\":{\"@id\":\"https:\\\/\\\/afogadosfm.com.br\\\/afogadosfm\\\/2026\\\/03\\\/11\\\/afogados-feminino-fc-recebem-mocao-de-aplausos-na-camara-de-vereadores-de-afogados-da-ingazeira\\\/\"},\"wordCount\":398,\"commentCount\":0,\"publisher\":{\"@id\":\"https:\\\/\\\/afogadosfm.com.br\\\/afogadosfm\\\/#organization\"},\"image\":{\"@id\":\"https:\\\/\\\/afogadosfm.com.br\\\/afogadosfm\\\/2026\\\/03\\\/11\\\/afogados-feminino-fc-recebem-mocao-de-aplausos-na-camara-de-vereadores-de-afogados-da-ingazeira\\\/#primaryimage\"},\"thumbnailUrl\":\"https:\\\/\\\/i0.wp.com\\\/afogadosfm.com.br\\\/afogadosfm\\\/wp-content\\\/uploads\\\/2022\\\/02\\\/AIFC.jpg?fit=225%2C225&ssl=1\",\"articleSection\":[\"Esporte\"],\"inLanguage\":\"pt-BR\",\"potentialAction\":[{\"@type\":\"CommentAction\",\"name\":\"Comment\",\"target\":[\"https:\\\/\\\/afogadosfm.com.br\\\/afogadosfm\\\/2026\\\/03\\\/11\\\/afogados-feminino-fc-recebem-mocao-de-aplausos-na-camara-de-vereadores-de-afogados-da-ingazeira\\\/#respond\"]}]},{\"@type\":\"WebPage\",\"@id\":\"https:\\\/\\\/afogadosfm.com.br\\\/afogadosfm\\\/2026\\\/03\\\/11\\\/afogados-feminino-fc-recebem-mocao-de-aplausos-na-camara-de-vereadores-de-afogados-da-ingazeira\\\/\",\"url\":\"https:\\\/\\\/afogadosfm.com.br\\\/afogadosfm\\\/2026\\\/03\\\/11\\\/afogados-feminino-fc-recebem-mocao-de-aplausos-na-camara-de-vereadores-de-afogados-da-ingazeira\\\/\",\"name\":\"Afogados Feminino FC recebem Mo\u00e7\u00e3o de Aplausos na C\u00e2mara de Vereadores de Afogados da Ingazeira - Afogados FM\",\"isPartOf\":{\"@id\":\"https:\\\/\\\/afogadosfm.com.br\\\/afogadosfm\\\/#website\"},\"primaryImageOfPage\":{\"@id\":\"https:\\\/\\\/afogadosfm.com.br\\\/afogadosfm\\\/2026\\\/03\\\/11\\\/afogados-feminino-fc-recebem-mocao-de-aplausos-na-camara-de-vereadores-de-afogados-da-ingazeira\\\/#primaryimage\"},\"image\":{\"@id\":\"https:\\\/\\\/afogadosfm.com.br\\\/afogadosfm\\\/2026\\\/03\\\/11\\\/afogados-feminino-fc-recebem-mocao-de-aplausos-na-camara-de-vereadores-de-afogados-da-ingazeira\\\/#primaryimage\"},\"thumbnailUrl\":\"https:\\\/\\\/i0.wp.com\\\/afogadosfm.com.br\\\/afogadosfm\\\/wp-content\\\/uploads\\\/2022\\\/02\\\/AIFC.jpg?fit=225%2C225&ssl=1\",\"datePublished\":\"2026-03-11T08:56:22+00:00\",\"dateModified\":\"2026-03-11T08:57:14+00:00\",\"breadcrumb\":{\"@id\":\"https:\\\/\\\/afogadosfm.com.br\\\/afogadosfm\\\/2026\\\/03\\\/11\\\/afogados-feminino-fc-recebem-mocao-de-aplausos-na-camara-de-vereadores-de-afogados-da-ingazeira\\\/#breadcrumb\"},\"inLanguage\":\"pt-BR\",\"potentialAction\":[{\"@type\":\"ReadAction\",\"target\":[\"https:\\\/\\\/afogadosfm.com.br\\\/afogadosfm\\\/2026\\\/03\\\/11\\\/afogados-feminino-fc-recebem-mocao-de-aplausos-na-camara-de-vereadores-de-afogados-da-ingazeira\\\/\"]}]},{\"@type\":\"ImageObject\",\"inLanguage\":\"pt-BR\",\"@id\":\"https:\\\/\\\/afogadosfm.com.br\\\/afogadosfm\\\/2026\\\/03\\\/11\\\/afogados-feminino-fc-recebem-mocao-de-aplausos-na-camara-de-vereadores-de-afogados-da-ingazeira\\\/#primaryimage\",\"url\":\"https:\\\/\\\/i0.wp.com\\\/afogadosfm.com.br\\\/afogadosfm\\\/wp-content\\\/uploads\\\/2022\\\/02\\\/AIFC.jpg?fit=225%2C225&ssl=1\",\"contentUrl\":\"https:\\\/\\\/i0.wp.com\\\/afogadosfm.com.br\\\/afogadosfm\\\/wp-content\\\/uploads\\\/2022\\\/02\\\/AIFC.jpg?fit=225%2C225&ssl=1\",\"width\":225,\"height\":225},{\"@type\":\"BreadcrumbList\",\"@id\":\"https:\\\/\\\/afogadosfm.com.br\\\/afogadosfm\\\/2026\\\/03\\\/11\\\/afogados-feminino-fc-recebem-mocao-de-aplausos-na-camara-de-vereadores-de-afogados-da-ingazeira\\\/#breadcrumb\",\"itemListElement\":[{\"@type\":\"ListItem\",\"position\":1,\"name\":\"In\u00edcio\",\"item\":\"https:\\\/\\\/afogadosfm.com.br\\\/afogadosfm\\\/\"},{\"@type\":\"ListItem\",\"position\":2,\"name\":\"Afogados Feminino FC recebem Mo\u00e7\u00e3o de Aplausos na C\u00e2mara de Vereadores de Afogados da Ingazeira\"}]},{\"@type\":\"WebSite\",\"@id\":\"https:\\\/\\\/afogadosfm.com.br\\\/afogadosfm\\\/#website\",\"url\":\"https:\\\/\\\/afogadosfm.com.br\\\/afogadosfm\\\/\",\"name\":\"Afogados FM\",\"description\":\"Um site completo!\",\"publisher\":{\"@id\":\"https:\\\/\\\/afogadosfm.com.br\\\/afogadosfm\\\/#organization\"},\"potentialAction\":[{\"@type\":\"SearchAction\",\"target\":{\"@type\":\"EntryPoint\",\"urlTemplate\":\"https:\\\/\\\/afogadosfm.com.br\\\/afogadosfm\\\/?s={search_term_string}\"},\"query-input\":{\"@type\":\"PropertyValueSpecification\",\"valueRequired\":true,\"valueName\":\"search_term_string\"}}],\"inLanguage\":\"pt-BR\"},{\"@type\":\"Organization\",\"@id\":\"https:\\\/\\\/afogadosfm.com.br\\\/afogadosfm\\\/#organization\",\"name\":\"Afogados FM\",\"url\":\"https:\\\/\\\/afogadosfm.com.br\\\/afogadosfm\\\/\",\"logo\":{\"@type\":\"ImageObject\",\"inLanguage\":\"pt-BR\",\"@id\":\"https:\\\/\\\/afogadosfm.com.br\\\/afogadosfm\\\/#\\\/schema\\\/logo\\\/image\\\/\",\"url\":\"https:\\\/\\\/i0.wp.com\\\/afogadosfm.com.br\\\/afogadosfm\\\/wp-content\\\/uploads\\\/2020\\\/06\\\/cropped-banner-afogados-4.jpg?fit=369%2C137&ssl=1\",\"contentUrl\":\"https:\\\/\\\/i0.wp.com\\\/afogadosfm.com.br\\\/afogadosfm\\\/wp-content\\\/uploads\\\/2020\\\/06\\\/cropped-banner-afogados-4.jpg?fit=369%2C137&ssl=1\",\"width\":369,\"height\":137,\"caption\":\"Afogados FM\"},\"image\":{\"@id\":\"https:\\\/\\\/afogadosfm.com.br\\\/afogadosfm\\\/#\\\/schema\\\/logo\\\/image\\\/\"}},{\"@type\":\"Person\",\"@id\":\"https:\\\/\\\/afogadosfm.com.br\\\/afogadosfm\\\/#\\\/schema\\\/person\\\/60e56f2cf5dc960fc093fe093d9e9057\",\"name\":\"afogadosfm\",\"image\":{\"@type\":\"ImageObject\",\"inLanguage\":\"pt-BR\",\"@id\":\"https:\\\/\\\/secure.gravatar.com\\\/avatar\\\/e0359add7ed5dc3560906d861b52c6a8cf5c1e199d3a7dd85070998f49bd4701?s=96&d=mm&r=g\",\"url\":\"https:\\\/\\\/secure.gravatar.com\\\/avatar\\\/e0359add7ed5dc3560906d861b52c6a8cf5c1e199d3a7dd85070998f49bd4701?s=96&d=mm&r=g\",\"contentUrl\":\"https:\\\/\\\/secure.gravatar.com\\\/avatar\\\/e0359add7ed5dc3560906d861b52c6a8cf5c1e199d3a7dd85070998f49bd4701?s=96&d=mm&r=g\",\"caption\":\"afogadosfm\"},\"url\":\"https:\\\/\\\/afogadosfm.com.br\\\/afogadosfm\\\/author\\\/afogadosfm\\\/\"}]}<\/script>\n<!-- \/ Yoast SEO plugin. -->","yoast_head_json":{"title":"Afogados Feminino FC recebem Mo\u00e7\u00e3o de Aplausos na C\u00e2mara de Vereadores de Afogados da Ingazeira - Afogados FM","robots":{"index":"index","follow":"follow","max-snippet":"max-snippet:-1","max-image-preview":"max-image-preview:large","max-video-preview":"max-video-preview:-1"},"canonical":"https:\/\/afogadosfm.com.br\/afogadosfm\/2026\/03\/11\/afogados-feminino-fc-recebem-mocao-de-aplausos-na-camara-de-vereadores-de-afogados-da-ingazeira\/","og_locale":"pt_BR","og_type":"article","og_title":"Afogados Feminino FC recebem Mo\u00e7\u00e3o de Aplausos na C\u00e2mara de Vereadores de Afogados da Ingazeira - Afogados FM","og_description":"Na manh\u00e3 da ter\u00e7a-feira, 10 de mar\u00e7o, as atletas do Afogados Feminino FC viveram um momento marcante para o esporte","og_url":"https:\/\/afogadosfm.com.br\/afogadosfm\/2026\/03\/11\/afogados-feminino-fc-recebem-mocao-de-aplausos-na-camara-de-vereadores-de-afogados-da-ingazeira\/","og_site_name":"Afogados FM","article_published_time":"2026-03-11T08:56:22+00:00","article_modified_time":"2026-03-11T08:57:14+00:00","og_image":[{"width":225,"height":225,"url":"https:\/\/afogadosfm.com.br\/afogadosfm\/wp-content\/uploads\/2022\/02\/AIFC.jpg","type":"image\/jpeg"}],"author":"afogadosfm","twitter_card":"summary_large_image","twitter_misc":{"Escrito por":"afogadosfm","Est. tempo de leitura":"3 minutos"},"schema":{"@context":"https:\/\/schema.org","@graph":[{"@type":"Article","@id":"https:\/\/afogadosfm.com.br\/afogadosfm\/2026\/03\/11\/afogados-feminino-fc-recebem-mocao-de-aplausos-na-camara-de-vereadores-de-afogados-da-ingazeira\/#article","isPartOf":{"@id":"https:\/\/afogadosfm.com.br\/afogadosfm\/2026\/03\/11\/afogados-feminino-fc-recebem-mocao-de-aplausos-na-camara-de-vereadores-de-afogados-da-ingazeira\/"},"author":{"name":"afogadosfm","@id":"https:\/\/afogadosfm.com.br\/afogadosfm\/#\/schema\/person\/60e56f2cf5dc960fc093fe093d9e9057"},"headline":"Afogados Feminino FC recebem Mo\u00e7\u00e3o de Aplausos na C\u00e2mara de Vereadores de Afogados da Ingazeira","datePublished":"2026-03-11T08:56:22+00:00","dateModified":"2026-03-11T08:57:14+00:00","mainEntityOfPage":{"@id":"https:\/\/afogadosfm.com.br\/afogadosfm\/2026\/03\/11\/afogados-feminino-fc-recebem-mocao-de-aplausos-na-camara-de-vereadores-de-afogados-da-ingazeira\/"},"wordCount":398,"commentCount":0,"publisher":{"@id":"https:\/\/afogadosfm.com.br\/afogadosfm\/#organization"},"image":{"@id":"https:\/\/afogadosfm.com.br\/afogadosfm\/2026\/03\/11\/afogados-feminino-fc-recebem-mocao-de-aplausos-na-camara-de-vereadores-de-afogados-da-ingazeira\/#primaryimage"},"thumbnailUrl":"https:\/\/i0.wp.com\/afogadosfm.com.br\/afogadosfm\/wp-content\/uploads\/2022\/02\/AIFC.jpg?fit=225%2C225&ssl=1","articleSection":["Esporte"],"inLanguage":"pt-BR","potentialAction":[{"@type":"CommentAction","name":"Comment","target":["https:\/\/afogadosfm.com.br\/afogadosfm\/2026\/03\/11\/afogados-feminino-fc-recebem-mocao-de-aplausos-na-camara-de-vereadores-de-afogados-da-ingazeira\/#respond"]}]},{"@type":"WebPage","@id":"https:\/\/afogadosfm.com.br\/afogadosfm\/2026\/03\/11\/afogados-feminino-fc-recebem-mocao-de-aplausos-na-camara-de-vereadores-de-afogados-da-ingazeira\/","url":"https:\/\/afogadosfm.com.br\/afogadosfm\/2026\/03\/11\/afogados-feminino-fc-recebem-mocao-de-aplausos-na-camara-de-vereadores-de-afogados-da-ingazeira\/","name":"Afogados Feminino FC recebem Mo\u00e7\u00e3o de Aplausos na C\u00e2mara de Vereadores de Afogados da Ingazeira - Afogados FM","isPartOf":{"@id":"https:\/\/afogadosfm.com.br\/afogadosfm\/#website"},"primaryImageOfPage":{"@id":"https:\/\/afogadosfm.com.br\/afogadosfm\/2026\/03\/11\/afogados-feminino-fc-recebem-mocao-de-aplausos-na-camara-de-vereadores-de-afogados-da-ingazeira\/#primaryimage"},"image":{"@id":"https:\/\/afogadosfm.com.br\/afogadosfm\/2026\/03\/11\/afogados-feminino-fc-recebem-mocao-de-aplausos-na-camara-de-vereadores-de-afogados-da-ingazeira\/#primaryimage"},"thumbnailUrl":"https:\/\/i0.wp.com\/afogadosfm.com.br\/afogadosfm\/wp-content\/uploads\/2022\/02\/AIFC.jpg?fit=225%2C225&ssl=1","datePublished":"2026-03-11T08:56:22+00:00","dateModified":"2026-03-11T08:57:14+00:00","breadcrumb":{"@id":"https:\/\/afogadosfm.com.br\/afogadosfm\/2026\/03\/11\/afogados-feminino-fc-recebem-mocao-de-aplausos-na-camara-de-vereadores-de-afogados-da-ingazeira\/#breadcrumb"},"inLanguage":"pt-BR","potentialAction":[{"@type":"ReadAction","target":["https:\/\/afogadosfm.com.br\/afogadosfm\/2026\/03\/11\/afogados-feminino-fc-recebem-mocao-de-aplausos-na-camara-de-vereadores-de-afogados-da-ingazeira\/"]}]},{"@type":"ImageObject","inLanguage":"pt-BR","@id":"https:\/\/afogadosfm.com.br\/afogadosfm\/2026\/03\/11\/afogados-feminino-fc-recebem-mocao-de-aplausos-na-camara-de-vereadores-de-afogados-da-ingazeira\/#primaryimage","url":"https:\/\/i0.wp.com\/afogadosfm.com.br\/afogadosfm\/wp-content\/uploads\/2022\/02\/AIFC.jpg?fit=225%2C225&ssl=1","contentUrl":"https:\/\/i0.wp.com\/afogadosfm.com.br\/afogadosfm\/wp-content\/uploads\/2022\/02\/AIFC.jpg?fit=225%2C225&ssl=1","width":225,"height":225},{"@type":"BreadcrumbList","@id":"https:\/\/afogadosfm.com.br\/afogadosfm\/2026\/03\/11\/afogados-feminino-fc-recebem-mocao-de-aplausos-na-camara-de-vereadores-de-afogados-da-ingazeira\/#breadcrumb","itemListElement":[{"@type":"ListItem","position":1,"name":"In\u00edcio","item":"https:\/\/afogadosfm.com.br\/afogadosfm\/"},{"@type":"ListItem","position":2,"name":"Afogados Feminino FC recebem Mo\u00e7\u00e3o de Aplausos na C\u00e2mara de Vereadores de Afogados da Ingazeira"}]},{"@type":"WebSite","@id":"https:\/\/afogadosfm.com.br\/afogadosfm\/#website","url":"https:\/\/afogadosfm.com.br\/afogadosfm\/","name":"Afogados FM","description":"Um site completo!","publisher":{"@id":"https:\/\/afogadosfm.com.br\/afogadosfm\/#organization"},"potentialAction":[{"@type":"SearchAction","target":{"@type":"EntryPoint","urlTemplate":"https:\/\/afogadosfm.com.br\/afogadosfm\/?s={search_term_string}"},"query-input":{"@type":"PropertyValueSpecification","valueRequired":true,"valueName":"search_term_string"}}],"inLanguage":"pt-BR"},{"@type":"Organization","@id":"https:\/\/afogadosfm.com.br\/afogadosfm\/#organization","name":"Afogados FM","url":"https:\/\/afogadosfm.com.br\/afogadosfm\/","logo":{"@type":"ImageObject","inLanguage":"pt-BR","@id":"https:\/\/afogadosfm.com.br\/afogadosfm\/#\/schema\/logo\/image\/","url":"https:\/\/i0.wp.com\/afogadosfm.com.br\/afogadosfm\/wp-content\/uploads\/2020\/06\/cropped-banner-afogados-4.jpg?fit=369%2C137&ssl=1","contentUrl":"https:\/\/i0.wp.com\/afogadosfm.com.br\/afogadosfm\/wp-content\/uploads\/2020\/06\/cropped-banner-afogados-4.jpg?fit=369%2C137&ssl=1","width":369,"height":137,"caption":"Afogados FM"},"image":{"@id":"https:\/\/afogadosfm.com.br\/afogadosfm\/#\/schema\/logo\/image\/"}},{"@type":"Person","@id":"https:\/\/afogadosfm.com.br\/afogadosfm\/#\/schema\/person\/60e56f2cf5dc960fc093fe093d9e9057","name":"afogadosfm","image":{"@type":"ImageObject","inLanguage":"pt-BR","@id":"https:\/\/secure.gravatar.com\/avatar\/e0359add7ed5dc3560906d861b52c6a8cf5c1e199d3a7dd85070998f49bd4701?s=96&d=mm&r=g","url":"https:\/\/secure.gravatar.com\/avatar\/e0359add7ed5dc3560906d861b52c6a8cf5c1e199d3a7dd85070998f49bd4701?s=96&d=mm&r=g","contentUrl":"https:\/\/secure.gravatar.com\/avatar\/e0359add7ed5dc3560906d861b52c6a8cf5c1e199d3a7dd85070998f49bd4701?s=96&d=mm&r=g","caption":"afogadosfm"},"url":"https:\/\/afogadosfm.com.br\/afogadosfm\/author\/afogadosfm\/"}]}},"jetpack_publicize_connections":[],"jetpack_featured_media_url":"https:\/\/i0.wp.com\/afogadosfm.com.br\/afogadosfm\/wp-content\/uploads\/2022\/02\/AIFC.jpg?fit=225%2C225&ssl=1","jetpack-related-posts":[],"jetpack_sharing_enabled":true,"jetpack_likes_enabled":true,"_links":{"self":[{"href":"https:\/\/afogadosfm.com.br\/afogadosfm\/wp-json\/wp\/v2\/posts\/73177","targetHints":{"allow":["GET"]}}],"collection":[{"href":"https:\/\/afogadosfm.com.br\/afogadosfm\/wp-json\/wp\/v2\/posts"}],"about":[{"href":"https:\/\/afogadosfm.com.br\/afogadosfm\/wp-json\/wp\/v2\/types\/post"}],"author":[{"embeddable":true,"href":"https:\/\/afogadosfm.com.br\/afogadosfm\/wp-json\/wp\/v2\/users\/2"}],"replies":[{"embeddable":true,"href":"https:\/\/afogadosfm.com.br\/afogadosfm\/wp-json\/wp\/v2\/comments?post=73177"}],"version-history":[{"count":2,"href":"https:\/\/afogadosfm.com.br\/afogadosfm\/wp-json\/wp\/v2\/posts\/73177\/revisions"}],"predecessor-version":[{"id":73180,"href":"https:\/\/afogadosfm.com.br\/afogadosfm\/wp-json\/wp\/v2\/posts\/73177\/revisions\/73180"}],"wp:featuredmedia":[{"embeddable":true,"href":"https:\/\/afogadosfm.com.br\/afogadosfm\/wp-json\/wp\/v2\/media\/35206"}],"wp:attachment":[{"href":"https:\/\/afogadosfm.com.br\/afogadosfm\/wp-json\/wp\/v2\/media?parent=73177"}],"wp:term":[{"taxonomy":"category","embeddable":true,"href":"https:\/\/afogadosfm.com.br\/afogadosfm\/wp-json\/wp\/v2\/categories?post=73177"},{"taxonomy":"post_tag","embeddable":true,"href":"https:\/\/afogadosfm.com.br\/afogadosfm\/wp-json\/wp\/v2\/tags?post=73177"}],"curies":[{"name":"wp","href":"https:\/\/api.w.org\/{rel}","templated":true}]}}