{"id":73183,"date":"2026-03-11T07:00:51","date_gmt":"2026-03-11T10:00:51","guid":{"rendered":"https:\/\/afogadosfm.com.br\/afogadosfm\/?p=73183"},"modified":"2026-03-11T07:00:51","modified_gmt":"2026-03-11T10:00:51","slug":"preco-do-combustivel-dispara-em-pernambuco","status":"publish","type":"post","link":"https:\/\/afogadosfm.com.br\/afogadosfm\/2026\/03\/11\/preco-do-combustivel-dispara-em-pernambuco\/","title":{"rendered":"Pre\u00e7o do combust\u00edvel dispara em Pernambuco"},"content":{"rendered":"<p>A guerra no Oriente M\u00e9dio vem se apresentando como o estopim de uma disputa geopol\u00edtica entre Ir\u00e3 e Estados Unidos, com repercuss\u00f5es que se espalham pelo mundo e com o petr\u00f3leo como um dos pilares do debate estrat\u00e9gico na economia global. E segundo o Sindicato do Com\u00e9rcio Varejista de Derivados de Petr\u00f3leo de Pernambuco (Sindicombust\u00edveis-PE), essa instabilidade tem influenciado diretamente a alta dos combust\u00edveis em Pernambuco.<\/p>\n<p>No \u00faltimo levantamento divulgado pela Ag\u00eancia Nacional do Petr\u00f3leo, G\u00e1s Natural e Biocombust\u00edveis (ANP), referente \u00e0 semana entre 1\u00ba a 7 de mar\u00e7o no Recife, o pre\u00e7o m\u00e9dio de revenda da gasolina comum chegou na casa dos R$6,66, com diesel em R$5,79. Na ter\u00e7a-feira (10), ainda sem os dados oficiais da semana pela ANP, os pre\u00e7os chegaram a casa dos R$7, com postos da regi\u00e3o metropolitana flutuando entre R$7,45 e R$7,49 na gasolina comum e R$6,79 e R$7,19 no diesel.<\/p>\n<p>A regi\u00e3o Nordeste depende de 30% a 35% do produto da Petrobras, enquanto 60% a 65% v\u00eam de importadoras ou de refinarias que seguem o pre\u00e7o internacional. Desse modo, quando o barril sobe, o impacto chega imediatamente nas distribuidoras, explica a assessoria do Sindicom ao Diario.<\/p>\n<p>Segundo o Sindicato, o aumento no pre\u00e7o dos combust\u00edveis j\u00e1 era esperado. Isso porque grande parte da gasolina e do diesel consumidos em Pernambuco e no Nordeste n\u00e3o \u00e9 fornecida pela Petrobras, mas importada ou produzida por refinarias privadas, como a Acelen, respons\u00e1vel pela Refinaria de Mataripe, na Bahia.<\/p>\n<p>O economista e professor Sandro Prado explica que Pernambuco \u00e9 uma \u00e1rea particularmente sens\u00edvel \u00e0 alta dos combust\u00edveis pois depende fortemente do transporte rodovi\u00e1rio para a log\u00edstica de alimentos e a distribui\u00e7\u00e3o comercial. &#8220;Isso significa que o poss\u00edvel e esperado aumento nos combust\u00edveis pode se refletir rapidamente no custo de vida da popula\u00e7\u00e3o da regi\u00e3o\u201d, explica.<\/p>\n<p>Monitoramento<\/p>\n<p>O governo federal iniciou uma Sala de Monitoramento do Abastecimento para acompanhar as condi\u00e7\u00f5es do mercado de combust\u00edveis em articula\u00e7\u00e3o com \u00f3rg\u00e3os reguladores e com os principais agentes do setor. O objetivo \u00e9 identificar riscos ao abastecimento e coordenar as medidas para preservar a seguran\u00e7a energ\u00e9tica.<\/p>\n<p>A Secretaria Nacional do Consumidor (Senacon) enviou um of\u00edcio ao Conselho Administrativo de Defesa Econ\u00f4mica (Cade) solicitando a an\u00e1lise de recentes aumentos nos pre\u00e7os dos combust\u00edveis registrados na Bahia, no Rio Grande do Norte, em Minas Gerais e no Rio Grande do Sul, al\u00e9m do Distrito Federal ap\u00f3s declara\u00e7\u00f5es p\u00fablicas de representantes de sindicatos que justificaram a alta dos pre\u00e7os no Brasil \u00e0 dos pre\u00e7os internacionais do petr\u00f3leo, associada ao conflito.<\/p>\n<p>At\u00e9 o momento, a Petrobras n\u00e3o anunciou aumento nos pre\u00e7os em suas refinarias. A Senacon solicitou que o Cade avalie a exist\u00eancia de ind\u00edcios de pr\u00e1ticas que possam prejudicar a livre concorr\u00eancia no mercado, e que podem indicar tentativa de influ\u00eancia \u00e0 ado\u00e7\u00e3o de conduta comercial uniforme ou combinada entre concorrentes.<\/p>\n<p>Sindicombust\u00edveis<\/p>\n<p>\u201cSe o barril sobe ou o d\u00f3lar sobe, o pre\u00e7o sobe automaticamente; se cai, o pre\u00e7o tamb\u00e9m cai. Isso faz com que o Nordeste sinta os aumentos muito rapidamente, porque uma grande parte do nosso abastecimento depende justamente dessas fontes\u201d, diz Alfredo Pinheiro Ramos, o presidente do Sindicombust\u00edveis de Pernambuco<\/p>\n<p>\u201cCom o barril na casa dos US$120, a crise chega muito r\u00e1pido \u00e0s bombas. Eu falo inclusive como empres\u00e1rio: na \u00faltima semana tivemos aumento de aproximadamente R$1,10 no diesel e entre R$0,70 e R$0,80 na gasolina nas reposi\u00e7\u00f5es. O posto n\u00e3o define pre\u00e7o internacional; ele apenas repassa o custo de reposi\u00e7\u00e3o. Se n\u00e3o repassar, queima estoque, capital de giro e quebra\u201d, complementa o presidente.<\/p>\n<p>Em rela\u00e7\u00e3o aos aumentos que j\u00e1 ocorrem e que ainda s\u00e3o previstos, o Sindicombust\u00edveis afirma que n\u00e3o h\u00e1 como estabelecer um teto para o valor que os combust\u00edveis podem atingir, \u201cj\u00e1 que o mercado \u00e9 livre e o petr\u00f3leo \u00e9 uma commodity com forte flutua\u00e7\u00e3o internacional\u201d.<\/p>\n<p>Segundo Prado, combust\u00edveis mais caros elevam o custo do transporte, pressionam os pre\u00e7os de alimentos e servi\u00e7os e acabam contaminando a infla\u00e7\u00e3o. \u201cNa vida dos brasileiros, a alta do petr\u00f3leo pressiona especialmente a economia dom\u00e9stica por meio dos pre\u00e7os da gasolina e do diesel, ainda que com alguma defasagem devido a pol\u00edticas de conten\u00e7\u00e3o de pre\u00e7os da Petrobr\u00e1s\u201d, diz.<\/p>\n<p>Efeitos da crise<\/p>\n<p>O economista tamb\u00e9m comentou os efeitos da crise para o Brasil para al\u00e9m dos combust\u00edveis para o uso dom\u00e9stico, como os custos log\u00edsticos (com o aumento dos fretes internacionais) e expectativas inflacion\u00e1rias (com o aumento do custo do frete interno). Esse cen\u00e1rio pode afetar decis\u00f5es de pol\u00edtica monet\u00e1ria como a possibilidade da manuten\u00e7\u00e3o da Selic, a taxa b\u00e1sica de juros, em 15% pelo Comit\u00ea de Pol\u00edtica Monet\u00e1ria (Copom) na reuni\u00e3o da pr\u00f3xima semana e tamb\u00e9m afetar o crescimento econ\u00f4mico em 2026.<\/p>\n<p>Em sua an\u00e1lise a curto prazo, o principal efeito da crise \u00e9 o aumento da infla\u00e7\u00e3o, j\u00e1 no longo prazo, crises energ\u00e9ticas tendem a refor\u00e7ar a relev\u00e2ncia estrat\u00e9gica de pa\u00edses produtores de petr\u00f3leo. Nessa perspectiva, o Brasil pode ganhar espa\u00e7o como fornecedor global, \u201cespecialmente com a expans\u00e3o do pr\u00e9-sal, ao mesmo tempo em que cresce a press\u00e3o pela diversifica\u00e7\u00e3o da matriz energ\u00e9tica brasileira\u201d, acrescenta o professor.<\/p>\n<p>Em rela\u00e7\u00e3o \u00e0s oscila\u00e7\u00f5es de pre\u00e7o de combust\u00edvel no cen\u00e1rio nacional, em 2023, a Petrobras deixou de seguir de forma autom\u00e1tica o mercado internacional. O modelo anterior, conhecido como paridade de importa\u00e7\u00e3o (PPI), foi substitu\u00eddo por um sistema mais gradual de reajustes. Na pr\u00e1tica, isso significa que varia\u00e7\u00f5es r\u00e1pidas no pre\u00e7o do petr\u00f3leo n\u00e3o s\u00e3o repassadas imediatamente para a gasolina ou o diesel vendidos no Brasil.<\/p>\n<p>Segundo Marcos Bassani, analista e s\u00f3cio da Boa Brasil Capital, a mudan\u00e7a ajudou a reduzir os impactos imediatos de crises externas sobre os pre\u00e7os dos combust\u00edveis no pa\u00eds.<\/p>\n<p>\u201cA Petrobras abandonou o PPI e adotou um modelo gradual, o que reduz a frequ\u00eancia de reajustes e suaviza o impacto da guerra para o consumidor no curto prazo\u201d, explica.<\/p>\n<p>Entretanto, esse freio adotado pela petroleira tem limites. Especialistas apontam que, quando a diferen\u00e7a entre os pre\u00e7os internos e os internacionais aumenta, parte do mercado passa a questionar os efeitos da pol\u00edtica de pre\u00e7os sobre os resultados da Petrobras e sobre as contas p\u00fablicas, j\u00e1 que os dividendos da empresa t\u00eam peso relevante na arrecada\u00e7\u00e3o do governo.<\/p>\n<p>Alternativas ao aumento<\/p>\n<p>Na an\u00e1lise do economista Sandro Prado, o Brasil vem adotando uma postura tradicional de defesa da solu\u00e7\u00e3o diplom\u00e1tica e estabilidade internacional, enquanto internamente a equipe econ\u00f4mica monitora os efeitos sobre infla\u00e7\u00e3o, c\u00e2mbio e combust\u00edveis.<\/p>\n<p>Em uma conjuntura de um aumento sem um teto aplic\u00e1vel, Prado explica que caso o barril permane\u00e7a acima da faixa de US$100, a gasolina ainda deve ultrapassar a barreira dos R$7,00 por litro, estimulando o mercado de motocicletas e de carros el\u00e9tricos.<\/p>\n<p>O presidente da Sindicombust\u00edveis explica que os ve\u00edculos eletrificados ainda funcionam mais como complementos \u00e0 matriz atual do que como substitui\u00e7\u00e3o imediata. \u201cO Brasil ainda depende fortemente dos combust\u00edveis l\u00edquidos para mobilidade e log\u00edstica. A tend\u00eancia \u00e9 que surjam alternativas como o etanol e o GNV\u201d, disse.<\/p>\n<p>&nbsp;<\/p>\n","protected":false},"excerpt":{"rendered":"<p>A guerra no Oriente M\u00e9dio vem se apresentando como o estopim de uma disputa geopol\u00edtica entre Ir\u00e3 e Estados Unidos,<\/p>\n","protected":false},"author":2,"featured_media":39280,"comment_status":"open","ping_status":"open","sticky":false,"template":"","format":"standard","meta":{"jetpack_post_was_ever_published":false,"_jetpack_newsletter_access":"","_jetpack_dont_email_post_to_subs":false,"_jetpack_newsletter_tier_id":0,"_jetpack_memberships_contains_paywalled_content":false,"_jetpack_memberships_contains_paid_content":false,"footnotes":"","jetpack_publicize_message":"","jetpack_publicize_feature_enabled":true,"jetpack_social_post_already_shared":true,"jetpack_social_options":{"image_generator_settings":{"template":"highway","default_image_id":0,"font":"","enabled":false},"version":2}},"categories":[13],"tags":[],"class_list":["post-73183","post","type-post","status-publish","format-standard","has-post-thumbnail","hentry","category-pernambuco"],"yoast_head":"<!-- This site is optimized with the Yoast SEO plugin v27.4 - https:\/\/yoast.com\/product\/yoast-seo-wordpress\/ -->\n<title>Pre\u00e7o do combust\u00edvel dispara em Pernambuco - Afogados FM<\/title>\n<meta name=\"robots\" content=\"index, follow, max-snippet:-1, max-image-preview:large, max-video-preview:-1\" \/>\n<link rel=\"canonical\" href=\"https:\/\/afogadosfm.com.br\/afogadosfm\/2026\/03\/11\/preco-do-combustivel-dispara-em-pernambuco\/\" \/>\n<meta property=\"og:locale\" content=\"pt_BR\" \/>\n<meta property=\"og:type\" content=\"article\" \/>\n<meta property=\"og:title\" content=\"Pre\u00e7o do combust\u00edvel dispara em Pernambuco - Afogados FM\" \/>\n<meta property=\"og:description\" content=\"A guerra no Oriente M\u00e9dio vem se apresentando como o estopim de uma disputa geopol\u00edtica entre Ir\u00e3 e Estados Unidos,\" \/>\n<meta property=\"og:url\" content=\"https:\/\/afogadosfm.com.br\/afogadosfm\/2026\/03\/11\/preco-do-combustivel-dispara-em-pernambuco\/\" \/>\n<meta property=\"og:site_name\" content=\"Afogados FM\" \/>\n<meta property=\"article:published_time\" content=\"2026-03-11T10:00:51+00:00\" \/>\n<meta property=\"og:image\" content=\"https:\/\/afogadosfm.com.br\/afogadosfm\/wp-content\/uploads\/2022\/07\/combus.jpg\" \/>\n\t<meta property=\"og:image:width\" content=\"1920\" \/>\n\t<meta property=\"og:image:height\" content=\"1080\" \/>\n\t<meta property=\"og:image:type\" content=\"image\/jpeg\" \/>\n<meta name=\"author\" content=\"afogadosfm\" \/>\n<meta name=\"twitter:card\" content=\"summary_large_image\" \/>\n<meta name=\"twitter:label1\" content=\"Escrito por\" \/>\n\t<meta name=\"twitter:data1\" content=\"afogadosfm\" \/>\n\t<meta name=\"twitter:label2\" content=\"Est. tempo de leitura\" \/>\n\t<meta name=\"twitter:data2\" content=\"7 minutos\" \/>\n<script type=\"application\/ld+json\" class=\"yoast-schema-graph\">{\"@context\":\"https:\\\/\\\/schema.org\",\"@graph\":[{\"@type\":\"Article\",\"@id\":\"https:\\\/\\\/afogadosfm.com.br\\\/afogadosfm\\\/2026\\\/03\\\/11\\\/preco-do-combustivel-dispara-em-pernambuco\\\/#article\",\"isPartOf\":{\"@id\":\"https:\\\/\\\/afogadosfm.com.br\\\/afogadosfm\\\/2026\\\/03\\\/11\\\/preco-do-combustivel-dispara-em-pernambuco\\\/\"},\"author\":{\"name\":\"afogadosfm\",\"@id\":\"https:\\\/\\\/afogadosfm.com.br\\\/afogadosfm\\\/#\\\/schema\\\/person\\\/60e56f2cf5dc960fc093fe093d9e9057\"},\"headline\":\"Pre\u00e7o do combust\u00edvel dispara em Pernambuco\",\"datePublished\":\"2026-03-11T10:00:51+00:00\",\"mainEntityOfPage\":{\"@id\":\"https:\\\/\\\/afogadosfm.com.br\\\/afogadosfm\\\/2026\\\/03\\\/11\\\/preco-do-combustivel-dispara-em-pernambuco\\\/\"},\"wordCount\":1299,\"commentCount\":0,\"publisher\":{\"@id\":\"https:\\\/\\\/afogadosfm.com.br\\\/afogadosfm\\\/#organization\"},\"image\":{\"@id\":\"https:\\\/\\\/afogadosfm.com.br\\\/afogadosfm\\\/2026\\\/03\\\/11\\\/preco-do-combustivel-dispara-em-pernambuco\\\/#primaryimage\"},\"thumbnailUrl\":\"https:\\\/\\\/i0.wp.com\\\/afogadosfm.com.br\\\/afogadosfm\\\/wp-content\\\/uploads\\\/2022\\\/07\\\/combus.jpg?fit=1920%2C1080&ssl=1\",\"articleSection\":[\"Pernambuco\"],\"inLanguage\":\"pt-BR\",\"potentialAction\":[{\"@type\":\"CommentAction\",\"name\":\"Comment\",\"target\":[\"https:\\\/\\\/afogadosfm.com.br\\\/afogadosfm\\\/2026\\\/03\\\/11\\\/preco-do-combustivel-dispara-em-pernambuco\\\/#respond\"]}]},{\"@type\":\"WebPage\",\"@id\":\"https:\\\/\\\/afogadosfm.com.br\\\/afogadosfm\\\/2026\\\/03\\\/11\\\/preco-do-combustivel-dispara-em-pernambuco\\\/\",\"url\":\"https:\\\/\\\/afogadosfm.com.br\\\/afogadosfm\\\/2026\\\/03\\\/11\\\/preco-do-combustivel-dispara-em-pernambuco\\\/\",\"name\":\"Pre\u00e7o do combust\u00edvel dispara em Pernambuco - Afogados FM\",\"isPartOf\":{\"@id\":\"https:\\\/\\\/afogadosfm.com.br\\\/afogadosfm\\\/#website\"},\"primaryImageOfPage\":{\"@id\":\"https:\\\/\\\/afogadosfm.com.br\\\/afogadosfm\\\/2026\\\/03\\\/11\\\/preco-do-combustivel-dispara-em-pernambuco\\\/#primaryimage\"},\"image\":{\"@id\":\"https:\\\/\\\/afogadosfm.com.br\\\/afogadosfm\\\/2026\\\/03\\\/11\\\/preco-do-combustivel-dispara-em-pernambuco\\\/#primaryimage\"},\"thumbnailUrl\":\"https:\\\/\\\/i0.wp.com\\\/afogadosfm.com.br\\\/afogadosfm\\\/wp-content\\\/uploads\\\/2022\\\/07\\\/combus.jpg?fit=1920%2C1080&ssl=1\",\"datePublished\":\"2026-03-11T10:00:51+00:00\",\"breadcrumb\":{\"@id\":\"https:\\\/\\\/afogadosfm.com.br\\\/afogadosfm\\\/2026\\\/03\\\/11\\\/preco-do-combustivel-dispara-em-pernambuco\\\/#breadcrumb\"},\"inLanguage\":\"pt-BR\",\"potentialAction\":[{\"@type\":\"ReadAction\",\"target\":[\"https:\\\/\\\/afogadosfm.com.br\\\/afogadosfm\\\/2026\\\/03\\\/11\\\/preco-do-combustivel-dispara-em-pernambuco\\\/\"]}]},{\"@type\":\"ImageObject\",\"inLanguage\":\"pt-BR\",\"@id\":\"https:\\\/\\\/afogadosfm.com.br\\\/afogadosfm\\\/2026\\\/03\\\/11\\\/preco-do-combustivel-dispara-em-pernambuco\\\/#primaryimage\",\"url\":\"https:\\\/\\\/i0.wp.com\\\/afogadosfm.com.br\\\/afogadosfm\\\/wp-content\\\/uploads\\\/2022\\\/07\\\/combus.jpg?fit=1920%2C1080&ssl=1\",\"contentUrl\":\"https:\\\/\\\/i0.wp.com\\\/afogadosfm.com.br\\\/afogadosfm\\\/wp-content\\\/uploads\\\/2022\\\/07\\\/combus.jpg?fit=1920%2C1080&ssl=1\",\"width\":1920,\"height\":1080},{\"@type\":\"BreadcrumbList\",\"@id\":\"https:\\\/\\\/afogadosfm.com.br\\\/afogadosfm\\\/2026\\\/03\\\/11\\\/preco-do-combustivel-dispara-em-pernambuco\\\/#breadcrumb\",\"itemListElement\":[{\"@type\":\"ListItem\",\"position\":1,\"name\":\"In\u00edcio\",\"item\":\"https:\\\/\\\/afogadosfm.com.br\\\/afogadosfm\\\/\"},{\"@type\":\"ListItem\",\"position\":2,\"name\":\"Pre\u00e7o do combust\u00edvel dispara em Pernambuco\"}]},{\"@type\":\"WebSite\",\"@id\":\"https:\\\/\\\/afogadosfm.com.br\\\/afogadosfm\\\/#website\",\"url\":\"https:\\\/\\\/afogadosfm.com.br\\\/afogadosfm\\\/\",\"name\":\"Afogados FM\",\"description\":\"Um site completo!\",\"publisher\":{\"@id\":\"https:\\\/\\\/afogadosfm.com.br\\\/afogadosfm\\\/#organization\"},\"potentialAction\":[{\"@type\":\"SearchAction\",\"target\":{\"@type\":\"EntryPoint\",\"urlTemplate\":\"https:\\\/\\\/afogadosfm.com.br\\\/afogadosfm\\\/?s={search_term_string}\"},\"query-input\":{\"@type\":\"PropertyValueSpecification\",\"valueRequired\":true,\"valueName\":\"search_term_string\"}}],\"inLanguage\":\"pt-BR\"},{\"@type\":\"Organization\",\"@id\":\"https:\\\/\\\/afogadosfm.com.br\\\/afogadosfm\\\/#organization\",\"name\":\"Afogados FM\",\"url\":\"https:\\\/\\\/afogadosfm.com.br\\\/afogadosfm\\\/\",\"logo\":{\"@type\":\"ImageObject\",\"inLanguage\":\"pt-BR\",\"@id\":\"https:\\\/\\\/afogadosfm.com.br\\\/afogadosfm\\\/#\\\/schema\\\/logo\\\/image\\\/\",\"url\":\"https:\\\/\\\/i0.wp.com\\\/afogadosfm.com.br\\\/afogadosfm\\\/wp-content\\\/uploads\\\/2020\\\/06\\\/cropped-banner-afogados-4.jpg?fit=369%2C137&ssl=1\",\"contentUrl\":\"https:\\\/\\\/i0.wp.com\\\/afogadosfm.com.br\\\/afogadosfm\\\/wp-content\\\/uploads\\\/2020\\\/06\\\/cropped-banner-afogados-4.jpg?fit=369%2C137&ssl=1\",\"width\":369,\"height\":137,\"caption\":\"Afogados FM\"},\"image\":{\"@id\":\"https:\\\/\\\/afogadosfm.com.br\\\/afogadosfm\\\/#\\\/schema\\\/logo\\\/image\\\/\"}},{\"@type\":\"Person\",\"@id\":\"https:\\\/\\\/afogadosfm.com.br\\\/afogadosfm\\\/#\\\/schema\\\/person\\\/60e56f2cf5dc960fc093fe093d9e9057\",\"name\":\"afogadosfm\",\"image\":{\"@type\":\"ImageObject\",\"inLanguage\":\"pt-BR\",\"@id\":\"https:\\\/\\\/secure.gravatar.com\\\/avatar\\\/e0359add7ed5dc3560906d861b52c6a8cf5c1e199d3a7dd85070998f49bd4701?s=96&d=mm&r=g\",\"url\":\"https:\\\/\\\/secure.gravatar.com\\\/avatar\\\/e0359add7ed5dc3560906d861b52c6a8cf5c1e199d3a7dd85070998f49bd4701?s=96&d=mm&r=g\",\"contentUrl\":\"https:\\\/\\\/secure.gravatar.com\\\/avatar\\\/e0359add7ed5dc3560906d861b52c6a8cf5c1e199d3a7dd85070998f49bd4701?s=96&d=mm&r=g\",\"caption\":\"afogadosfm\"},\"url\":\"https:\\\/\\\/afogadosfm.com.br\\\/afogadosfm\\\/author\\\/afogadosfm\\\/\"}]}<\/script>\n<!-- \/ Yoast SEO plugin. -->","yoast_head_json":{"title":"Pre\u00e7o do combust\u00edvel dispara em Pernambuco - Afogados FM","robots":{"index":"index","follow":"follow","max-snippet":"max-snippet:-1","max-image-preview":"max-image-preview:large","max-video-preview":"max-video-preview:-1"},"canonical":"https:\/\/afogadosfm.com.br\/afogadosfm\/2026\/03\/11\/preco-do-combustivel-dispara-em-pernambuco\/","og_locale":"pt_BR","og_type":"article","og_title":"Pre\u00e7o do combust\u00edvel dispara em Pernambuco - Afogados FM","og_description":"A guerra no Oriente M\u00e9dio vem se apresentando como o estopim de uma disputa geopol\u00edtica entre Ir\u00e3 e Estados Unidos,","og_url":"https:\/\/afogadosfm.com.br\/afogadosfm\/2026\/03\/11\/preco-do-combustivel-dispara-em-pernambuco\/","og_site_name":"Afogados FM","article_published_time":"2026-03-11T10:00:51+00:00","og_image":[{"width":1920,"height":1080,"url":"https:\/\/afogadosfm.com.br\/afogadosfm\/wp-content\/uploads\/2022\/07\/combus.jpg","type":"image\/jpeg"}],"author":"afogadosfm","twitter_card":"summary_large_image","twitter_misc":{"Escrito por":"afogadosfm","Est. tempo de leitura":"7 minutos"},"schema":{"@context":"https:\/\/schema.org","@graph":[{"@type":"Article","@id":"https:\/\/afogadosfm.com.br\/afogadosfm\/2026\/03\/11\/preco-do-combustivel-dispara-em-pernambuco\/#article","isPartOf":{"@id":"https:\/\/afogadosfm.com.br\/afogadosfm\/2026\/03\/11\/preco-do-combustivel-dispara-em-pernambuco\/"},"author":{"name":"afogadosfm","@id":"https:\/\/afogadosfm.com.br\/afogadosfm\/#\/schema\/person\/60e56f2cf5dc960fc093fe093d9e9057"},"headline":"Pre\u00e7o do combust\u00edvel dispara em Pernambuco","datePublished":"2026-03-11T10:00:51+00:00","mainEntityOfPage":{"@id":"https:\/\/afogadosfm.com.br\/afogadosfm\/2026\/03\/11\/preco-do-combustivel-dispara-em-pernambuco\/"},"wordCount":1299,"commentCount":0,"publisher":{"@id":"https:\/\/afogadosfm.com.br\/afogadosfm\/#organization"},"image":{"@id":"https:\/\/afogadosfm.com.br\/afogadosfm\/2026\/03\/11\/preco-do-combustivel-dispara-em-pernambuco\/#primaryimage"},"thumbnailUrl":"https:\/\/i0.wp.com\/afogadosfm.com.br\/afogadosfm\/wp-content\/uploads\/2022\/07\/combus.jpg?fit=1920%2C1080&ssl=1","articleSection":["Pernambuco"],"inLanguage":"pt-BR","potentialAction":[{"@type":"CommentAction","name":"Comment","target":["https:\/\/afogadosfm.com.br\/afogadosfm\/2026\/03\/11\/preco-do-combustivel-dispara-em-pernambuco\/#respond"]}]},{"@type":"WebPage","@id":"https:\/\/afogadosfm.com.br\/afogadosfm\/2026\/03\/11\/preco-do-combustivel-dispara-em-pernambuco\/","url":"https:\/\/afogadosfm.com.br\/afogadosfm\/2026\/03\/11\/preco-do-combustivel-dispara-em-pernambuco\/","name":"Pre\u00e7o do combust\u00edvel dispara em Pernambuco - Afogados FM","isPartOf":{"@id":"https:\/\/afogadosfm.com.br\/afogadosfm\/#website"},"primaryImageOfPage":{"@id":"https:\/\/afogadosfm.com.br\/afogadosfm\/2026\/03\/11\/preco-do-combustivel-dispara-em-pernambuco\/#primaryimage"},"image":{"@id":"https:\/\/afogadosfm.com.br\/afogadosfm\/2026\/03\/11\/preco-do-combustivel-dispara-em-pernambuco\/#primaryimage"},"thumbnailUrl":"https:\/\/i0.wp.com\/afogadosfm.com.br\/afogadosfm\/wp-content\/uploads\/2022\/07\/combus.jpg?fit=1920%2C1080&ssl=1","datePublished":"2026-03-11T10:00:51+00:00","breadcrumb":{"@id":"https:\/\/afogadosfm.com.br\/afogadosfm\/2026\/03\/11\/preco-do-combustivel-dispara-em-pernambuco\/#breadcrumb"},"inLanguage":"pt-BR","potentialAction":[{"@type":"ReadAction","target":["https:\/\/afogadosfm.com.br\/afogadosfm\/2026\/03\/11\/preco-do-combustivel-dispara-em-pernambuco\/"]}]},{"@type":"ImageObject","inLanguage":"pt-BR","@id":"https:\/\/afogadosfm.com.br\/afogadosfm\/2026\/03\/11\/preco-do-combustivel-dispara-em-pernambuco\/#primaryimage","url":"https:\/\/i0.wp.com\/afogadosfm.com.br\/afogadosfm\/wp-content\/uploads\/2022\/07\/combus.jpg?fit=1920%2C1080&ssl=1","contentUrl":"https:\/\/i0.wp.com\/afogadosfm.com.br\/afogadosfm\/wp-content\/uploads\/2022\/07\/combus.jpg?fit=1920%2C1080&ssl=1","width":1920,"height":1080},{"@type":"BreadcrumbList","@id":"https:\/\/afogadosfm.com.br\/afogadosfm\/2026\/03\/11\/preco-do-combustivel-dispara-em-pernambuco\/#breadcrumb","itemListElement":[{"@type":"ListItem","position":1,"name":"In\u00edcio","item":"https:\/\/afogadosfm.com.br\/afogadosfm\/"},{"@type":"ListItem","position":2,"name":"Pre\u00e7o do combust\u00edvel dispara em Pernambuco"}]},{"@type":"WebSite","@id":"https:\/\/afogadosfm.com.br\/afogadosfm\/#website","url":"https:\/\/afogadosfm.com.br\/afogadosfm\/","name":"Afogados FM","description":"Um site completo!","publisher":{"@id":"https:\/\/afogadosfm.com.br\/afogadosfm\/#organization"},"potentialAction":[{"@type":"SearchAction","target":{"@type":"EntryPoint","urlTemplate":"https:\/\/afogadosfm.com.br\/afogadosfm\/?s={search_term_string}"},"query-input":{"@type":"PropertyValueSpecification","valueRequired":true,"valueName":"search_term_string"}}],"inLanguage":"pt-BR"},{"@type":"Organization","@id":"https:\/\/afogadosfm.com.br\/afogadosfm\/#organization","name":"Afogados FM","url":"https:\/\/afogadosfm.com.br\/afogadosfm\/","logo":{"@type":"ImageObject","inLanguage":"pt-BR","@id":"https:\/\/afogadosfm.com.br\/afogadosfm\/#\/schema\/logo\/image\/","url":"https:\/\/i0.wp.com\/afogadosfm.com.br\/afogadosfm\/wp-content\/uploads\/2020\/06\/cropped-banner-afogados-4.jpg?fit=369%2C137&ssl=1","contentUrl":"https:\/\/i0.wp.com\/afogadosfm.com.br\/afogadosfm\/wp-content\/uploads\/2020\/06\/cropped-banner-afogados-4.jpg?fit=369%2C137&ssl=1","width":369,"height":137,"caption":"Afogados FM"},"image":{"@id":"https:\/\/afogadosfm.com.br\/afogadosfm\/#\/schema\/logo\/image\/"}},{"@type":"Person","@id":"https:\/\/afogadosfm.com.br\/afogadosfm\/#\/schema\/person\/60e56f2cf5dc960fc093fe093d9e9057","name":"afogadosfm","image":{"@type":"ImageObject","inLanguage":"pt-BR","@id":"https:\/\/secure.gravatar.com\/avatar\/e0359add7ed5dc3560906d861b52c6a8cf5c1e199d3a7dd85070998f49bd4701?s=96&d=mm&r=g","url":"https:\/\/secure.gravatar.com\/avatar\/e0359add7ed5dc3560906d861b52c6a8cf5c1e199d3a7dd85070998f49bd4701?s=96&d=mm&r=g","contentUrl":"https:\/\/secure.gravatar.com\/avatar\/e0359add7ed5dc3560906d861b52c6a8cf5c1e199d3a7dd85070998f49bd4701?s=96&d=mm&r=g","caption":"afogadosfm"},"url":"https:\/\/afogadosfm.com.br\/afogadosfm\/author\/afogadosfm\/"}]}},"jetpack_publicize_connections":[],"jetpack_featured_media_url":"https:\/\/i0.wp.com\/afogadosfm.com.br\/afogadosfm\/wp-content\/uploads\/2022\/07\/combus.jpg?fit=1920%2C1080&ssl=1","jetpack-related-posts":[],"jetpack_sharing_enabled":true,"jetpack_likes_enabled":true,"_links":{"self":[{"href":"https:\/\/afogadosfm.com.br\/afogadosfm\/wp-json\/wp\/v2\/posts\/73183","targetHints":{"allow":["GET"]}}],"collection":[{"href":"https:\/\/afogadosfm.com.br\/afogadosfm\/wp-json\/wp\/v2\/posts"}],"about":[{"href":"https:\/\/afogadosfm.com.br\/afogadosfm\/wp-json\/wp\/v2\/types\/post"}],"author":[{"embeddable":true,"href":"https:\/\/afogadosfm.com.br\/afogadosfm\/wp-json\/wp\/v2\/users\/2"}],"replies":[{"embeddable":true,"href":"https:\/\/afogadosfm.com.br\/afogadosfm\/wp-json\/wp\/v2\/comments?post=73183"}],"version-history":[{"count":1,"href":"https:\/\/afogadosfm.com.br\/afogadosfm\/wp-json\/wp\/v2\/posts\/73183\/revisions"}],"predecessor-version":[{"id":73184,"href":"https:\/\/afogadosfm.com.br\/afogadosfm\/wp-json\/wp\/v2\/posts\/73183\/revisions\/73184"}],"wp:featuredmedia":[{"embeddable":true,"href":"https:\/\/afogadosfm.com.br\/afogadosfm\/wp-json\/wp\/v2\/media\/39280"}],"wp:attachment":[{"href":"https:\/\/afogadosfm.com.br\/afogadosfm\/wp-json\/wp\/v2\/media?parent=73183"}],"wp:term":[{"taxonomy":"category","embeddable":true,"href":"https:\/\/afogadosfm.com.br\/afogadosfm\/wp-json\/wp\/v2\/categories?post=73183"},{"taxonomy":"post_tag","embeddable":true,"href":"https:\/\/afogadosfm.com.br\/afogadosfm\/wp-json\/wp\/v2\/tags?post=73183"}],"curies":[{"name":"wp","href":"https:\/\/api.w.org\/{rel}","templated":true}]}}