{"id":73185,"date":"2026-03-11T07:03:14","date_gmt":"2026-03-11T10:03:14","guid":{"rendered":"https:\/\/afogadosfm.com.br\/afogadosfm\/?p=73185"},"modified":"2026-03-11T07:03:14","modified_gmt":"2026-03-11T10:03:14","slug":"pe-suplente-de-vereadora-da-paraiba-investigada-por-homicidios-e-presa-em-porto-de-galinhas","status":"publish","type":"post","link":"https:\/\/afogadosfm.com.br\/afogadosfm\/2026\/03\/11\/pe-suplente-de-vereadora-da-paraiba-investigada-por-homicidios-e-presa-em-porto-de-galinhas\/","title":{"rendered":"PE: Suplente de vereadora da Para\u00edba investigada por homic\u00eddios \u00e9 presa em Porto de Galinhas"},"content":{"rendered":"<p>Uma mulher suspeita de homic\u00eddios ocorridos no interior da Para\u00edba e investigada por tr\u00e1fico de drogas, lavagem de dinheiro e participa\u00e7\u00e3o em organiza\u00e7\u00e3o criminosa foi presa na segunda-feira (9) na regi\u00e3o de Salinas, em Porto de Galinhas. A pris\u00e3o foi resultado de uma opera\u00e7\u00e3o entre as pol\u00edcias civis de Pernambuco e da Para\u00edba.<\/p>\n<p>A investigada seria suplente de vereadora e informa\u00e7\u00f5es extraoficiais indicam que ela integrava a fac\u00e7\u00e3o criminosa conhecida como Okaida, que atua na Para\u00edba. As investiga\u00e7\u00f5es apontam que ela teria migrado para outro grupo criminoso rival, ligado ao Comando Vermelho, o que teria motivado amea\u00e7as de morte por integrantes da organiza\u00e7\u00e3o anterior.<\/p>\n<p>Segundo o delegado Vitor Freitas, titular da 2\u00aa Delegacia de Pol\u00edcia de Repress\u00e3o ao Narcotr\u00e1fico (DPRN), a pris\u00e3o foi resultado de um trabalho de coopera\u00e7\u00e3o entre as pol\u00edcias dos dois estados. Ainda de acordo com a pol\u00edcia, a suspeita teria buscado abrigo em Pernambuco sob prote\u00e7\u00e3o do grupo rival. A avalia\u00e7\u00e3o dos investigadores \u00e9 que ela poderia passar a atuar em atividades criminosas tamb\u00e9m no estado.<\/p>\n<p>\u201cDe fato aumentou muito a quantidade de homic\u00eddios na regi\u00e3o com a participa\u00e7\u00e3o da investigada e do grupo dela\u201d, afirmou o delegado Vitor Freitas, titular da 2\u00aa DPRN.<\/p>\n<p>As investiga\u00e7\u00f5es indicam ainda que a mulher teria atuado como mandante de alguns homic\u00eddios, relacionados a disputas internas do tr\u00e1fico e cobran\u00e7as de d\u00edvidas ligadas ao com\u00e9rcio de drogas. Ela tamb\u00e9m \u00e9 apontada como respons\u00e1vel por articular e movimentar recursos obtidos com atividades il\u00edcitas, por meio de esquemas de lavagem de dinheiro.<\/p>\n<p>A pol\u00edcia informou que outros integrantes do grupo criminoso, incluindo pessoas do c\u00edrculo familiar da investigada, tamb\u00e9m s\u00e3o alvo de investiga\u00e7\u00f5es na Para\u00edba e podem ser presos caso sejam localizados.<\/p>\n<p>A suspeita foi detida e deve responder pelos crimes investigados pela Justi\u00e7a paraibana.<\/p>\n","protected":false},"excerpt":{"rendered":"<p>Uma mulher suspeita de homic\u00eddios ocorridos no interior da Para\u00edba e investigada por tr\u00e1fico de drogas, lavagem de dinheiro e<\/p>\n","protected":false},"author":2,"featured_media":73186,"comment_status":"open","ping_status":"open","sticky":false,"template":"","format":"standard","meta":{"jetpack_post_was_ever_published":false,"_jetpack_newsletter_access":"","_jetpack_dont_email_post_to_subs":false,"_jetpack_newsletter_tier_id":0,"_jetpack_memberships_contains_paywalled_content":false,"_jetpack_memberships_contains_paid_content":false,"footnotes":"","jetpack_publicize_message":"","jetpack_publicize_feature_enabled":true,"jetpack_social_post_already_shared":true,"jetpack_social_options":{"image_generator_settings":{"template":"highway","default_image_id":0,"font":"","enabled":false},"version":2}},"categories":[34],"tags":[],"class_list":["post-73185","post","type-post","status-publish","format-standard","has-post-thumbnail","hentry","category-policia"],"yoast_head":"<!-- This site is optimized with the Yoast SEO plugin v27.4 - https:\/\/yoast.com\/product\/yoast-seo-wordpress\/ -->\n<title>PE: Suplente de vereadora da Para\u00edba investigada por homic\u00eddios \u00e9 presa em Porto de Galinhas - Afogados FM<\/title>\n<meta name=\"robots\" content=\"index, follow, max-snippet:-1, max-image-preview:large, max-video-preview:-1\" \/>\n<link rel=\"canonical\" href=\"https:\/\/afogadosfm.com.br\/afogadosfm\/2026\/03\/11\/pe-suplente-de-vereadora-da-paraiba-investigada-por-homicidios-e-presa-em-porto-de-galinhas\/\" \/>\n<meta property=\"og:locale\" content=\"pt_BR\" \/>\n<meta property=\"og:type\" content=\"article\" \/>\n<meta property=\"og:title\" content=\"PE: Suplente de vereadora da Para\u00edba investigada por homic\u00eddios \u00e9 presa em Porto de Galinhas - Afogados FM\" \/>\n<meta property=\"og:description\" content=\"Uma mulher suspeita de homic\u00eddios ocorridos no interior da Para\u00edba e investigada por tr\u00e1fico de drogas, lavagem de dinheiro e\" \/>\n<meta property=\"og:url\" content=\"https:\/\/afogadosfm.com.br\/afogadosfm\/2026\/03\/11\/pe-suplente-de-vereadora-da-paraiba-investigada-por-homicidios-e-presa-em-porto-de-galinhas\/\" \/>\n<meta property=\"og:site_name\" content=\"Afogados FM\" \/>\n<meta property=\"article:published_time\" content=\"2026-03-11T10:03:14+00:00\" \/>\n<meta property=\"og:image\" content=\"https:\/\/afogadosfm.com.br\/afogadosfm\/wp-content\/uploads\/2026\/03\/del.jpeg\" \/>\n\t<meta property=\"og:image:width\" content=\"1200\" \/>\n\t<meta property=\"og:image:height\" content=\"800\" \/>\n\t<meta property=\"og:image:type\" content=\"image\/jpeg\" \/>\n<meta name=\"author\" content=\"afogadosfm\" \/>\n<meta name=\"twitter:card\" content=\"summary_large_image\" \/>\n<meta name=\"twitter:label1\" content=\"Escrito por\" \/>\n\t<meta name=\"twitter:data1\" content=\"afogadosfm\" \/>\n\t<meta name=\"twitter:label2\" content=\"Est. tempo de leitura\" \/>\n\t<meta name=\"twitter:data2\" content=\"2 minutos\" \/>\n<script type=\"application\/ld+json\" class=\"yoast-schema-graph\">{\"@context\":\"https:\\\/\\\/schema.org\",\"@graph\":[{\"@type\":\"Article\",\"@id\":\"https:\\\/\\\/afogadosfm.com.br\\\/afogadosfm\\\/2026\\\/03\\\/11\\\/pe-suplente-de-vereadora-da-paraiba-investigada-por-homicidios-e-presa-em-porto-de-galinhas\\\/#article\",\"isPartOf\":{\"@id\":\"https:\\\/\\\/afogadosfm.com.br\\\/afogadosfm\\\/2026\\\/03\\\/11\\\/pe-suplente-de-vereadora-da-paraiba-investigada-por-homicidios-e-presa-em-porto-de-galinhas\\\/\"},\"author\":{\"name\":\"afogadosfm\",\"@id\":\"https:\\\/\\\/afogadosfm.com.br\\\/afogadosfm\\\/#\\\/schema\\\/person\\\/60e56f2cf5dc960fc093fe093d9e9057\"},\"headline\":\"PE: Suplente de vereadora da Para\u00edba investigada por homic\u00eddios \u00e9 presa em Porto de Galinhas\",\"datePublished\":\"2026-03-11T10:03:14+00:00\",\"mainEntityOfPage\":{\"@id\":\"https:\\\/\\\/afogadosfm.com.br\\\/afogadosfm\\\/2026\\\/03\\\/11\\\/pe-suplente-de-vereadora-da-paraiba-investigada-por-homicidios-e-presa-em-porto-de-galinhas\\\/\"},\"wordCount\":349,\"commentCount\":0,\"publisher\":{\"@id\":\"https:\\\/\\\/afogadosfm.com.br\\\/afogadosfm\\\/#organization\"},\"image\":{\"@id\":\"https:\\\/\\\/afogadosfm.com.br\\\/afogadosfm\\\/2026\\\/03\\\/11\\\/pe-suplente-de-vereadora-da-paraiba-investigada-por-homicidios-e-presa-em-porto-de-galinhas\\\/#primaryimage\"},\"thumbnailUrl\":\"https:\\\/\\\/i0.wp.com\\\/afogadosfm.com.br\\\/afogadosfm\\\/wp-content\\\/uploads\\\/2026\\\/03\\\/del.jpeg?fit=1200%2C800&ssl=1\",\"articleSection\":[\"Pol\u00edcia\"],\"inLanguage\":\"pt-BR\",\"potentialAction\":[{\"@type\":\"CommentAction\",\"name\":\"Comment\",\"target\":[\"https:\\\/\\\/afogadosfm.com.br\\\/afogadosfm\\\/2026\\\/03\\\/11\\\/pe-suplente-de-vereadora-da-paraiba-investigada-por-homicidios-e-presa-em-porto-de-galinhas\\\/#respond\"]}]},{\"@type\":\"WebPage\",\"@id\":\"https:\\\/\\\/afogadosfm.com.br\\\/afogadosfm\\\/2026\\\/03\\\/11\\\/pe-suplente-de-vereadora-da-paraiba-investigada-por-homicidios-e-presa-em-porto-de-galinhas\\\/\",\"url\":\"https:\\\/\\\/afogadosfm.com.br\\\/afogadosfm\\\/2026\\\/03\\\/11\\\/pe-suplente-de-vereadora-da-paraiba-investigada-por-homicidios-e-presa-em-porto-de-galinhas\\\/\",\"name\":\"PE: Suplente de vereadora da Para\u00edba investigada por homic\u00eddios \u00e9 presa em Porto de Galinhas - Afogados FM\",\"isPartOf\":{\"@id\":\"https:\\\/\\\/afogadosfm.com.br\\\/afogadosfm\\\/#website\"},\"primaryImageOfPage\":{\"@id\":\"https:\\\/\\\/afogadosfm.com.br\\\/afogadosfm\\\/2026\\\/03\\\/11\\\/pe-suplente-de-vereadora-da-paraiba-investigada-por-homicidios-e-presa-em-porto-de-galinhas\\\/#primaryimage\"},\"image\":{\"@id\":\"https:\\\/\\\/afogadosfm.com.br\\\/afogadosfm\\\/2026\\\/03\\\/11\\\/pe-suplente-de-vereadora-da-paraiba-investigada-por-homicidios-e-presa-em-porto-de-galinhas\\\/#primaryimage\"},\"thumbnailUrl\":\"https:\\\/\\\/i0.wp.com\\\/afogadosfm.com.br\\\/afogadosfm\\\/wp-content\\\/uploads\\\/2026\\\/03\\\/del.jpeg?fit=1200%2C800&ssl=1\",\"datePublished\":\"2026-03-11T10:03:14+00:00\",\"breadcrumb\":{\"@id\":\"https:\\\/\\\/afogadosfm.com.br\\\/afogadosfm\\\/2026\\\/03\\\/11\\\/pe-suplente-de-vereadora-da-paraiba-investigada-por-homicidios-e-presa-em-porto-de-galinhas\\\/#breadcrumb\"},\"inLanguage\":\"pt-BR\",\"potentialAction\":[{\"@type\":\"ReadAction\",\"target\":[\"https:\\\/\\\/afogadosfm.com.br\\\/afogadosfm\\\/2026\\\/03\\\/11\\\/pe-suplente-de-vereadora-da-paraiba-investigada-por-homicidios-e-presa-em-porto-de-galinhas\\\/\"]}]},{\"@type\":\"ImageObject\",\"inLanguage\":\"pt-BR\",\"@id\":\"https:\\\/\\\/afogadosfm.com.br\\\/afogadosfm\\\/2026\\\/03\\\/11\\\/pe-suplente-de-vereadora-da-paraiba-investigada-por-homicidios-e-presa-em-porto-de-galinhas\\\/#primaryimage\",\"url\":\"https:\\\/\\\/i0.wp.com\\\/afogadosfm.com.br\\\/afogadosfm\\\/wp-content\\\/uploads\\\/2026\\\/03\\\/del.jpeg?fit=1200%2C800&ssl=1\",\"contentUrl\":\"https:\\\/\\\/i0.wp.com\\\/afogadosfm.com.br\\\/afogadosfm\\\/wp-content\\\/uploads\\\/2026\\\/03\\\/del.jpeg?fit=1200%2C800&ssl=1\",\"width\":1200,\"height\":800},{\"@type\":\"BreadcrumbList\",\"@id\":\"https:\\\/\\\/afogadosfm.com.br\\\/afogadosfm\\\/2026\\\/03\\\/11\\\/pe-suplente-de-vereadora-da-paraiba-investigada-por-homicidios-e-presa-em-porto-de-galinhas\\\/#breadcrumb\",\"itemListElement\":[{\"@type\":\"ListItem\",\"position\":1,\"name\":\"In\u00edcio\",\"item\":\"https:\\\/\\\/afogadosfm.com.br\\\/afogadosfm\\\/\"},{\"@type\":\"ListItem\",\"position\":2,\"name\":\"PE: Suplente de vereadora da Para\u00edba investigada por homic\u00eddios \u00e9 presa em Porto de Galinhas\"}]},{\"@type\":\"WebSite\",\"@id\":\"https:\\\/\\\/afogadosfm.com.br\\\/afogadosfm\\\/#website\",\"url\":\"https:\\\/\\\/afogadosfm.com.br\\\/afogadosfm\\\/\",\"name\":\"Afogados FM\",\"description\":\"Um site completo!\",\"publisher\":{\"@id\":\"https:\\\/\\\/afogadosfm.com.br\\\/afogadosfm\\\/#organization\"},\"potentialAction\":[{\"@type\":\"SearchAction\",\"target\":{\"@type\":\"EntryPoint\",\"urlTemplate\":\"https:\\\/\\\/afogadosfm.com.br\\\/afogadosfm\\\/?s={search_term_string}\"},\"query-input\":{\"@type\":\"PropertyValueSpecification\",\"valueRequired\":true,\"valueName\":\"search_term_string\"}}],\"inLanguage\":\"pt-BR\"},{\"@type\":\"Organization\",\"@id\":\"https:\\\/\\\/afogadosfm.com.br\\\/afogadosfm\\\/#organization\",\"name\":\"Afogados FM\",\"url\":\"https:\\\/\\\/afogadosfm.com.br\\\/afogadosfm\\\/\",\"logo\":{\"@type\":\"ImageObject\",\"inLanguage\":\"pt-BR\",\"@id\":\"https:\\\/\\\/afogadosfm.com.br\\\/afogadosfm\\\/#\\\/schema\\\/logo\\\/image\\\/\",\"url\":\"https:\\\/\\\/i0.wp.com\\\/afogadosfm.com.br\\\/afogadosfm\\\/wp-content\\\/uploads\\\/2020\\\/06\\\/cropped-banner-afogados-4.jpg?fit=369%2C137&ssl=1\",\"contentUrl\":\"https:\\\/\\\/i0.wp.com\\\/afogadosfm.com.br\\\/afogadosfm\\\/wp-content\\\/uploads\\\/2020\\\/06\\\/cropped-banner-afogados-4.jpg?fit=369%2C137&ssl=1\",\"width\":369,\"height\":137,\"caption\":\"Afogados FM\"},\"image\":{\"@id\":\"https:\\\/\\\/afogadosfm.com.br\\\/afogadosfm\\\/#\\\/schema\\\/logo\\\/image\\\/\"}},{\"@type\":\"Person\",\"@id\":\"https:\\\/\\\/afogadosfm.com.br\\\/afogadosfm\\\/#\\\/schema\\\/person\\\/60e56f2cf5dc960fc093fe093d9e9057\",\"name\":\"afogadosfm\",\"image\":{\"@type\":\"ImageObject\",\"inLanguage\":\"pt-BR\",\"@id\":\"https:\\\/\\\/secure.gravatar.com\\\/avatar\\\/e0359add7ed5dc3560906d861b52c6a8cf5c1e199d3a7dd85070998f49bd4701?s=96&d=mm&r=g\",\"url\":\"https:\\\/\\\/secure.gravatar.com\\\/avatar\\\/e0359add7ed5dc3560906d861b52c6a8cf5c1e199d3a7dd85070998f49bd4701?s=96&d=mm&r=g\",\"contentUrl\":\"https:\\\/\\\/secure.gravatar.com\\\/avatar\\\/e0359add7ed5dc3560906d861b52c6a8cf5c1e199d3a7dd85070998f49bd4701?s=96&d=mm&r=g\",\"caption\":\"afogadosfm\"},\"url\":\"https:\\\/\\\/afogadosfm.com.br\\\/afogadosfm\\\/author\\\/afogadosfm\\\/\"}]}<\/script>\n<!-- \/ Yoast SEO plugin. -->","yoast_head_json":{"title":"PE: Suplente de vereadora da Para\u00edba investigada por homic\u00eddios \u00e9 presa em Porto de Galinhas - Afogados FM","robots":{"index":"index","follow":"follow","max-snippet":"max-snippet:-1","max-image-preview":"max-image-preview:large","max-video-preview":"max-video-preview:-1"},"canonical":"https:\/\/afogadosfm.com.br\/afogadosfm\/2026\/03\/11\/pe-suplente-de-vereadora-da-paraiba-investigada-por-homicidios-e-presa-em-porto-de-galinhas\/","og_locale":"pt_BR","og_type":"article","og_title":"PE: Suplente de vereadora da Para\u00edba investigada por homic\u00eddios \u00e9 presa em Porto de Galinhas - Afogados FM","og_description":"Uma mulher suspeita de homic\u00eddios ocorridos no interior da Para\u00edba e investigada por tr\u00e1fico de drogas, lavagem de dinheiro e","og_url":"https:\/\/afogadosfm.com.br\/afogadosfm\/2026\/03\/11\/pe-suplente-de-vereadora-da-paraiba-investigada-por-homicidios-e-presa-em-porto-de-galinhas\/","og_site_name":"Afogados FM","article_published_time":"2026-03-11T10:03:14+00:00","og_image":[{"width":1200,"height":800,"url":"https:\/\/afogadosfm.com.br\/afogadosfm\/wp-content\/uploads\/2026\/03\/del.jpeg","type":"image\/jpeg"}],"author":"afogadosfm","twitter_card":"summary_large_image","twitter_misc":{"Escrito por":"afogadosfm","Est. tempo de leitura":"2 minutos"},"schema":{"@context":"https:\/\/schema.org","@graph":[{"@type":"Article","@id":"https:\/\/afogadosfm.com.br\/afogadosfm\/2026\/03\/11\/pe-suplente-de-vereadora-da-paraiba-investigada-por-homicidios-e-presa-em-porto-de-galinhas\/#article","isPartOf":{"@id":"https:\/\/afogadosfm.com.br\/afogadosfm\/2026\/03\/11\/pe-suplente-de-vereadora-da-paraiba-investigada-por-homicidios-e-presa-em-porto-de-galinhas\/"},"author":{"name":"afogadosfm","@id":"https:\/\/afogadosfm.com.br\/afogadosfm\/#\/schema\/person\/60e56f2cf5dc960fc093fe093d9e9057"},"headline":"PE: Suplente de vereadora da Para\u00edba investigada por homic\u00eddios \u00e9 presa em Porto de Galinhas","datePublished":"2026-03-11T10:03:14+00:00","mainEntityOfPage":{"@id":"https:\/\/afogadosfm.com.br\/afogadosfm\/2026\/03\/11\/pe-suplente-de-vereadora-da-paraiba-investigada-por-homicidios-e-presa-em-porto-de-galinhas\/"},"wordCount":349,"commentCount":0,"publisher":{"@id":"https:\/\/afogadosfm.com.br\/afogadosfm\/#organization"},"image":{"@id":"https:\/\/afogadosfm.com.br\/afogadosfm\/2026\/03\/11\/pe-suplente-de-vereadora-da-paraiba-investigada-por-homicidios-e-presa-em-porto-de-galinhas\/#primaryimage"},"thumbnailUrl":"https:\/\/i0.wp.com\/afogadosfm.com.br\/afogadosfm\/wp-content\/uploads\/2026\/03\/del.jpeg?fit=1200%2C800&ssl=1","articleSection":["Pol\u00edcia"],"inLanguage":"pt-BR","potentialAction":[{"@type":"CommentAction","name":"Comment","target":["https:\/\/afogadosfm.com.br\/afogadosfm\/2026\/03\/11\/pe-suplente-de-vereadora-da-paraiba-investigada-por-homicidios-e-presa-em-porto-de-galinhas\/#respond"]}]},{"@type":"WebPage","@id":"https:\/\/afogadosfm.com.br\/afogadosfm\/2026\/03\/11\/pe-suplente-de-vereadora-da-paraiba-investigada-por-homicidios-e-presa-em-porto-de-galinhas\/","url":"https:\/\/afogadosfm.com.br\/afogadosfm\/2026\/03\/11\/pe-suplente-de-vereadora-da-paraiba-investigada-por-homicidios-e-presa-em-porto-de-galinhas\/","name":"PE: Suplente de vereadora da Para\u00edba investigada por homic\u00eddios \u00e9 presa em Porto de Galinhas - Afogados FM","isPartOf":{"@id":"https:\/\/afogadosfm.com.br\/afogadosfm\/#website"},"primaryImageOfPage":{"@id":"https:\/\/afogadosfm.com.br\/afogadosfm\/2026\/03\/11\/pe-suplente-de-vereadora-da-paraiba-investigada-por-homicidios-e-presa-em-porto-de-galinhas\/#primaryimage"},"image":{"@id":"https:\/\/afogadosfm.com.br\/afogadosfm\/2026\/03\/11\/pe-suplente-de-vereadora-da-paraiba-investigada-por-homicidios-e-presa-em-porto-de-galinhas\/#primaryimage"},"thumbnailUrl":"https:\/\/i0.wp.com\/afogadosfm.com.br\/afogadosfm\/wp-content\/uploads\/2026\/03\/del.jpeg?fit=1200%2C800&ssl=1","datePublished":"2026-03-11T10:03:14+00:00","breadcrumb":{"@id":"https:\/\/afogadosfm.com.br\/afogadosfm\/2026\/03\/11\/pe-suplente-de-vereadora-da-paraiba-investigada-por-homicidios-e-presa-em-porto-de-galinhas\/#breadcrumb"},"inLanguage":"pt-BR","potentialAction":[{"@type":"ReadAction","target":["https:\/\/afogadosfm.com.br\/afogadosfm\/2026\/03\/11\/pe-suplente-de-vereadora-da-paraiba-investigada-por-homicidios-e-presa-em-porto-de-galinhas\/"]}]},{"@type":"ImageObject","inLanguage":"pt-BR","@id":"https:\/\/afogadosfm.com.br\/afogadosfm\/2026\/03\/11\/pe-suplente-de-vereadora-da-paraiba-investigada-por-homicidios-e-presa-em-porto-de-galinhas\/#primaryimage","url":"https:\/\/i0.wp.com\/afogadosfm.com.br\/afogadosfm\/wp-content\/uploads\/2026\/03\/del.jpeg?fit=1200%2C800&ssl=1","contentUrl":"https:\/\/i0.wp.com\/afogadosfm.com.br\/afogadosfm\/wp-content\/uploads\/2026\/03\/del.jpeg?fit=1200%2C800&ssl=1","width":1200,"height":800},{"@type":"BreadcrumbList","@id":"https:\/\/afogadosfm.com.br\/afogadosfm\/2026\/03\/11\/pe-suplente-de-vereadora-da-paraiba-investigada-por-homicidios-e-presa-em-porto-de-galinhas\/#breadcrumb","itemListElement":[{"@type":"ListItem","position":1,"name":"In\u00edcio","item":"https:\/\/afogadosfm.com.br\/afogadosfm\/"},{"@type":"ListItem","position":2,"name":"PE: Suplente de vereadora da Para\u00edba investigada por homic\u00eddios \u00e9 presa em Porto de Galinhas"}]},{"@type":"WebSite","@id":"https:\/\/afogadosfm.com.br\/afogadosfm\/#website","url":"https:\/\/afogadosfm.com.br\/afogadosfm\/","name":"Afogados FM","description":"Um site completo!","publisher":{"@id":"https:\/\/afogadosfm.com.br\/afogadosfm\/#organization"},"potentialAction":[{"@type":"SearchAction","target":{"@type":"EntryPoint","urlTemplate":"https:\/\/afogadosfm.com.br\/afogadosfm\/?s={search_term_string}"},"query-input":{"@type":"PropertyValueSpecification","valueRequired":true,"valueName":"search_term_string"}}],"inLanguage":"pt-BR"},{"@type":"Organization","@id":"https:\/\/afogadosfm.com.br\/afogadosfm\/#organization","name":"Afogados FM","url":"https:\/\/afogadosfm.com.br\/afogadosfm\/","logo":{"@type":"ImageObject","inLanguage":"pt-BR","@id":"https:\/\/afogadosfm.com.br\/afogadosfm\/#\/schema\/logo\/image\/","url":"https:\/\/i0.wp.com\/afogadosfm.com.br\/afogadosfm\/wp-content\/uploads\/2020\/06\/cropped-banner-afogados-4.jpg?fit=369%2C137&ssl=1","contentUrl":"https:\/\/i0.wp.com\/afogadosfm.com.br\/afogadosfm\/wp-content\/uploads\/2020\/06\/cropped-banner-afogados-4.jpg?fit=369%2C137&ssl=1","width":369,"height":137,"caption":"Afogados FM"},"image":{"@id":"https:\/\/afogadosfm.com.br\/afogadosfm\/#\/schema\/logo\/image\/"}},{"@type":"Person","@id":"https:\/\/afogadosfm.com.br\/afogadosfm\/#\/schema\/person\/60e56f2cf5dc960fc093fe093d9e9057","name":"afogadosfm","image":{"@type":"ImageObject","inLanguage":"pt-BR","@id":"https:\/\/secure.gravatar.com\/avatar\/e0359add7ed5dc3560906d861b52c6a8cf5c1e199d3a7dd85070998f49bd4701?s=96&d=mm&r=g","url":"https:\/\/secure.gravatar.com\/avatar\/e0359add7ed5dc3560906d861b52c6a8cf5c1e199d3a7dd85070998f49bd4701?s=96&d=mm&r=g","contentUrl":"https:\/\/secure.gravatar.com\/avatar\/e0359add7ed5dc3560906d861b52c6a8cf5c1e199d3a7dd85070998f49bd4701?s=96&d=mm&r=g","caption":"afogadosfm"},"url":"https:\/\/afogadosfm.com.br\/afogadosfm\/author\/afogadosfm\/"}]}},"jetpack_publicize_connections":[],"jetpack_featured_media_url":"https:\/\/i0.wp.com\/afogadosfm.com.br\/afogadosfm\/wp-content\/uploads\/2026\/03\/del.jpeg?fit=1200%2C800&ssl=1","jetpack-related-posts":[],"jetpack_sharing_enabled":true,"jetpack_likes_enabled":true,"_links":{"self":[{"href":"https:\/\/afogadosfm.com.br\/afogadosfm\/wp-json\/wp\/v2\/posts\/73185","targetHints":{"allow":["GET"]}}],"collection":[{"href":"https:\/\/afogadosfm.com.br\/afogadosfm\/wp-json\/wp\/v2\/posts"}],"about":[{"href":"https:\/\/afogadosfm.com.br\/afogadosfm\/wp-json\/wp\/v2\/types\/post"}],"author":[{"embeddable":true,"href":"https:\/\/afogadosfm.com.br\/afogadosfm\/wp-json\/wp\/v2\/users\/2"}],"replies":[{"embeddable":true,"href":"https:\/\/afogadosfm.com.br\/afogadosfm\/wp-json\/wp\/v2\/comments?post=73185"}],"version-history":[{"count":1,"href":"https:\/\/afogadosfm.com.br\/afogadosfm\/wp-json\/wp\/v2\/posts\/73185\/revisions"}],"predecessor-version":[{"id":73187,"href":"https:\/\/afogadosfm.com.br\/afogadosfm\/wp-json\/wp\/v2\/posts\/73185\/revisions\/73187"}],"wp:featuredmedia":[{"embeddable":true,"href":"https:\/\/afogadosfm.com.br\/afogadosfm\/wp-json\/wp\/v2\/media\/73186"}],"wp:attachment":[{"href":"https:\/\/afogadosfm.com.br\/afogadosfm\/wp-json\/wp\/v2\/media?parent=73185"}],"wp:term":[{"taxonomy":"category","embeddable":true,"href":"https:\/\/afogadosfm.com.br\/afogadosfm\/wp-json\/wp\/v2\/categories?post=73185"},{"taxonomy":"post_tag","embeddable":true,"href":"https:\/\/afogadosfm.com.br\/afogadosfm\/wp-json\/wp\/v2\/tags?post=73185"}],"curies":[{"name":"wp","href":"https:\/\/api.w.org\/{rel}","templated":true}]}}