{"id":73188,"date":"2026-03-11T07:18:27","date_gmt":"2026-03-11T10:18:27","guid":{"rendered":"https:\/\/afogadosfm.com.br\/afogadosfm\/?p=73188"},"modified":"2026-03-11T07:18:27","modified_gmt":"2026-03-11T10:18:27","slug":"jovem-de-19-anos-e-morta-por-estrangulamento-no-amapa-suspeito-trocou-celular-da-vitima-por-droga","status":"publish","type":"post","link":"https:\/\/afogadosfm.com.br\/afogadosfm\/2026\/03\/11\/jovem-de-19-anos-e-morta-por-estrangulamento-no-amapa-suspeito-trocou-celular-da-vitima-por-droga\/","title":{"rendered":"Jovem de 19 anos \u00e9 morta por estrangulamento no Amap\u00e1; suspeito trocou celular da v\u00edtima por droga"},"content":{"rendered":"<p>Uma jovem de 19 anos foi assassinada dentro da loja onde trabalhava, no centro do munic\u00edpio de Santana, no Amap\u00e1, na tarde da ultima segunda-feira (9). Identificada como Ana Paula Viana Rodrigues, a v\u00edtima foi encontrada morta e sozinha no dep\u00f3sito do local.<\/p>\n<p>De acordo com a Pol\u00edcia Militar do Amap\u00e1, a propriet\u00e1ria do estabelecimento percebeu uma movimenta\u00e7\u00e3o incomum pelas c\u00e2meras de seguran\u00e7a e decidiu ir at\u00e9 o local. No caminho, pediu aos policiais que uma viatura a acompanhassem. Ao chegarem, a jovem j\u00e1 estava sem vida e com sinais de estrangulamento.<\/p>\n<p>Horas depois, Cl\u00e1udio Pacheco, conhecido como \u2018Coringa\u2019, foi localizado no bairro Elesb\u00e3o, atrav\u00e9s do rastreamento do celular da v\u00edtima, e preso. Segundo a Pol\u00edcia Civil, o aparelho da jovem foi trocado por seis pedras de crack pelo suspeito, que informou \u00e0s autoridades que estava sob efeito de entorpecentes no momento do crime.<\/p>\n<p>\u201cVerificamos nas imagens que ele pegou o celular da v\u00edtima e rastreamos at\u00e9 uma boca de fumo. L\u00e1 descobrimos que o aparelho foi trocado por crack\u201d, afirmou o delegado Anderson Ramos, titular da 1\u00aa Delegacia de Pol\u00edcia de Santana.<\/p>\n<p>Durante a abordagem, a companheira do suspeito tentou encobri-lo e disse que os arranh\u00f5es em seu corpo eram resultado de uma briga entre os dois. No entanto, os policiais encontraram roupas, uma bicicleta e objetos que o ligavam diretamente ao assassinato de Ana Paula. De acordo com a PM, a cal\u00e7a e a sand\u00e1lia usadas por ele estavam sujas de tinta ap\u00f3s uma luta corporal com a v\u00edtima e um chap\u00e9u utilizado no momento do crime foi localizado em uma \u00e1rea de mata pr\u00f3xima.<\/p>\n<p>A investiga\u00e7\u00e3o<\/p>\n<p>Ainda segundo a pol\u00edcia, Cl\u00e1udio Pacheco era foragido do Instituto de Administra\u00e7\u00e3o Penitenci\u00e1ria do Amap\u00e1 (Iapen) desde outubro do ano passado, quando n\u00e3o retornou de uma atividade de trabalho externo. Ele j\u00e1 havia sido condenado por outro homic\u00eddio qualificado contra uma mulher de 24 anos.<\/p>\n<p>A pris\u00e3o foi resultado de uma opera\u00e7\u00e3o conjunta envolvendo equipes do 4\u00ba Batalh\u00e3o da Pol\u00edcia Militar, do Batalh\u00e3o de Opera\u00e7\u00f5es Especiais (Bope), do Grupamento T\u00e1tico A\u00e9reo (GTA) e da Pol\u00edcia Civil. O caso, tratado como latroc\u00ednio, segue sob investiga\u00e7\u00e3o da 1\u00aa Delegacia de Santana.<\/p>\n","protected":false},"excerpt":{"rendered":"<p>Uma jovem de 19 anos foi assassinada dentro da loja onde trabalhava, no centro do munic\u00edpio de Santana, no Amap\u00e1,<\/p>\n","protected":false},"author":2,"featured_media":73189,"comment_status":"open","ping_status":"open","sticky":false,"template":"","format":"standard","meta":{"jetpack_post_was_ever_published":false,"_jetpack_newsletter_access":"","_jetpack_dont_email_post_to_subs":false,"_jetpack_newsletter_tier_id":0,"_jetpack_memberships_contains_paywalled_content":false,"_jetpack_memberships_contains_paid_content":false,"footnotes":"","jetpack_publicize_message":"","jetpack_publicize_feature_enabled":true,"jetpack_social_post_already_shared":true,"jetpack_social_options":{"image_generator_settings":{"template":"highway","default_image_id":0,"font":"","enabled":false},"version":2}},"categories":[34],"tags":[],"class_list":["post-73188","post","type-post","status-publish","format-standard","has-post-thumbnail","hentry","category-policia"],"yoast_head":"<!-- This site is optimized with the Yoast SEO plugin v27.5 - https:\/\/yoast.com\/product\/yoast-seo-wordpress\/ -->\n<title>Jovem de 19 anos \u00e9 morta por estrangulamento no Amap\u00e1; suspeito trocou celular da v\u00edtima por droga - Afogados FM<\/title>\n<meta name=\"robots\" content=\"index, follow, max-snippet:-1, max-image-preview:large, max-video-preview:-1\" \/>\n<link rel=\"canonical\" href=\"https:\/\/afogadosfm.com.br\/afogadosfm\/2026\/03\/11\/jovem-de-19-anos-e-morta-por-estrangulamento-no-amapa-suspeito-trocou-celular-da-vitima-por-droga\/\" \/>\n<meta property=\"og:locale\" content=\"pt_BR\" \/>\n<meta property=\"og:type\" content=\"article\" \/>\n<meta property=\"og:title\" content=\"Jovem de 19 anos \u00e9 morta por estrangulamento no Amap\u00e1; suspeito trocou celular da v\u00edtima por droga - Afogados FM\" \/>\n<meta property=\"og:description\" content=\"Uma jovem de 19 anos foi assassinada dentro da loja onde trabalhava, no centro do munic\u00edpio de Santana, no Amap\u00e1,\" \/>\n<meta property=\"og:url\" content=\"https:\/\/afogadosfm.com.br\/afogadosfm\/2026\/03\/11\/jovem-de-19-anos-e-morta-por-estrangulamento-no-amapa-suspeito-trocou-celular-da-vitima-por-droga\/\" \/>\n<meta property=\"og:site_name\" content=\"Afogados FM\" \/>\n<meta property=\"article:published_time\" content=\"2026-03-11T10:18:27+00:00\" \/>\n<meta property=\"og:image\" content=\"https:\/\/afogadosfm.com.br\/afogadosfm\/wp-content\/uploads\/2026\/03\/cori.jpg\" \/>\n\t<meta property=\"og:image:width\" content=\"984\" \/>\n\t<meta property=\"og:image:height\" content=\"554\" \/>\n\t<meta property=\"og:image:type\" content=\"image\/jpeg\" \/>\n<meta name=\"author\" content=\"afogadosfm\" \/>\n<meta name=\"twitter:card\" content=\"summary_large_image\" \/>\n<meta name=\"twitter:label1\" content=\"Escrito por\" \/>\n\t<meta name=\"twitter:data1\" content=\"afogadosfm\" \/>\n\t<meta name=\"twitter:label2\" content=\"Est. tempo de leitura\" \/>\n\t<meta name=\"twitter:data2\" content=\"3 minutos\" \/>\n<script type=\"application\/ld+json\" class=\"yoast-schema-graph\">{\"@context\":\"https:\\\/\\\/schema.org\",\"@graph\":[{\"@type\":\"Article\",\"@id\":\"https:\\\/\\\/afogadosfm.com.br\\\/afogadosfm\\\/2026\\\/03\\\/11\\\/jovem-de-19-anos-e-morta-por-estrangulamento-no-amapa-suspeito-trocou-celular-da-vitima-por-droga\\\/#article\",\"isPartOf\":{\"@id\":\"https:\\\/\\\/afogadosfm.com.br\\\/afogadosfm\\\/2026\\\/03\\\/11\\\/jovem-de-19-anos-e-morta-por-estrangulamento-no-amapa-suspeito-trocou-celular-da-vitima-por-droga\\\/\"},\"author\":{\"name\":\"afogadosfm\",\"@id\":\"https:\\\/\\\/afogadosfm.com.br\\\/afogadosfm\\\/#\\\/schema\\\/person\\\/60e56f2cf5dc960fc093fe093d9e9057\"},\"headline\":\"Jovem de 19 anos \u00e9 morta por estrangulamento no Amap\u00e1; suspeito trocou celular da v\u00edtima por droga\",\"datePublished\":\"2026-03-11T10:18:27+00:00\",\"mainEntityOfPage\":{\"@id\":\"https:\\\/\\\/afogadosfm.com.br\\\/afogadosfm\\\/2026\\\/03\\\/11\\\/jovem-de-19-anos-e-morta-por-estrangulamento-no-amapa-suspeito-trocou-celular-da-vitima-por-droga\\\/\"},\"wordCount\":408,\"commentCount\":0,\"publisher\":{\"@id\":\"https:\\\/\\\/afogadosfm.com.br\\\/afogadosfm\\\/#organization\"},\"image\":{\"@id\":\"https:\\\/\\\/afogadosfm.com.br\\\/afogadosfm\\\/2026\\\/03\\\/11\\\/jovem-de-19-anos-e-morta-por-estrangulamento-no-amapa-suspeito-trocou-celular-da-vitima-por-droga\\\/#primaryimage\"},\"thumbnailUrl\":\"https:\\\/\\\/i0.wp.com\\\/afogadosfm.com.br\\\/afogadosfm\\\/wp-content\\\/uploads\\\/2026\\\/03\\\/cori.jpg?fit=984%2C554&ssl=1\",\"articleSection\":[\"Pol\u00edcia\"],\"inLanguage\":\"pt-BR\",\"potentialAction\":[{\"@type\":\"CommentAction\",\"name\":\"Comment\",\"target\":[\"https:\\\/\\\/afogadosfm.com.br\\\/afogadosfm\\\/2026\\\/03\\\/11\\\/jovem-de-19-anos-e-morta-por-estrangulamento-no-amapa-suspeito-trocou-celular-da-vitima-por-droga\\\/#respond\"]}]},{\"@type\":\"WebPage\",\"@id\":\"https:\\\/\\\/afogadosfm.com.br\\\/afogadosfm\\\/2026\\\/03\\\/11\\\/jovem-de-19-anos-e-morta-por-estrangulamento-no-amapa-suspeito-trocou-celular-da-vitima-por-droga\\\/\",\"url\":\"https:\\\/\\\/afogadosfm.com.br\\\/afogadosfm\\\/2026\\\/03\\\/11\\\/jovem-de-19-anos-e-morta-por-estrangulamento-no-amapa-suspeito-trocou-celular-da-vitima-por-droga\\\/\",\"name\":\"Jovem de 19 anos \u00e9 morta por estrangulamento no Amap\u00e1; suspeito trocou celular da v\u00edtima por droga - Afogados FM\",\"isPartOf\":{\"@id\":\"https:\\\/\\\/afogadosfm.com.br\\\/afogadosfm\\\/#website\"},\"primaryImageOfPage\":{\"@id\":\"https:\\\/\\\/afogadosfm.com.br\\\/afogadosfm\\\/2026\\\/03\\\/11\\\/jovem-de-19-anos-e-morta-por-estrangulamento-no-amapa-suspeito-trocou-celular-da-vitima-por-droga\\\/#primaryimage\"},\"image\":{\"@id\":\"https:\\\/\\\/afogadosfm.com.br\\\/afogadosfm\\\/2026\\\/03\\\/11\\\/jovem-de-19-anos-e-morta-por-estrangulamento-no-amapa-suspeito-trocou-celular-da-vitima-por-droga\\\/#primaryimage\"},\"thumbnailUrl\":\"https:\\\/\\\/i0.wp.com\\\/afogadosfm.com.br\\\/afogadosfm\\\/wp-content\\\/uploads\\\/2026\\\/03\\\/cori.jpg?fit=984%2C554&ssl=1\",\"datePublished\":\"2026-03-11T10:18:27+00:00\",\"breadcrumb\":{\"@id\":\"https:\\\/\\\/afogadosfm.com.br\\\/afogadosfm\\\/2026\\\/03\\\/11\\\/jovem-de-19-anos-e-morta-por-estrangulamento-no-amapa-suspeito-trocou-celular-da-vitima-por-droga\\\/#breadcrumb\"},\"inLanguage\":\"pt-BR\",\"potentialAction\":[{\"@type\":\"ReadAction\",\"target\":[\"https:\\\/\\\/afogadosfm.com.br\\\/afogadosfm\\\/2026\\\/03\\\/11\\\/jovem-de-19-anos-e-morta-por-estrangulamento-no-amapa-suspeito-trocou-celular-da-vitima-por-droga\\\/\"]}]},{\"@type\":\"ImageObject\",\"inLanguage\":\"pt-BR\",\"@id\":\"https:\\\/\\\/afogadosfm.com.br\\\/afogadosfm\\\/2026\\\/03\\\/11\\\/jovem-de-19-anos-e-morta-por-estrangulamento-no-amapa-suspeito-trocou-celular-da-vitima-por-droga\\\/#primaryimage\",\"url\":\"https:\\\/\\\/i0.wp.com\\\/afogadosfm.com.br\\\/afogadosfm\\\/wp-content\\\/uploads\\\/2026\\\/03\\\/cori.jpg?fit=984%2C554&ssl=1\",\"contentUrl\":\"https:\\\/\\\/i0.wp.com\\\/afogadosfm.com.br\\\/afogadosfm\\\/wp-content\\\/uploads\\\/2026\\\/03\\\/cori.jpg?fit=984%2C554&ssl=1\",\"width\":984,\"height\":554},{\"@type\":\"BreadcrumbList\",\"@id\":\"https:\\\/\\\/afogadosfm.com.br\\\/afogadosfm\\\/2026\\\/03\\\/11\\\/jovem-de-19-anos-e-morta-por-estrangulamento-no-amapa-suspeito-trocou-celular-da-vitima-por-droga\\\/#breadcrumb\",\"itemListElement\":[{\"@type\":\"ListItem\",\"position\":1,\"name\":\"In\u00edcio\",\"item\":\"https:\\\/\\\/afogadosfm.com.br\\\/afogadosfm\\\/\"},{\"@type\":\"ListItem\",\"position\":2,\"name\":\"Jovem de 19 anos \u00e9 morta por estrangulamento no Amap\u00e1; suspeito trocou celular da v\u00edtima por droga\"}]},{\"@type\":\"WebSite\",\"@id\":\"https:\\\/\\\/afogadosfm.com.br\\\/afogadosfm\\\/#website\",\"url\":\"https:\\\/\\\/afogadosfm.com.br\\\/afogadosfm\\\/\",\"name\":\"Afogados FM\",\"description\":\"Um site completo!\",\"publisher\":{\"@id\":\"https:\\\/\\\/afogadosfm.com.br\\\/afogadosfm\\\/#organization\"},\"potentialAction\":[{\"@type\":\"SearchAction\",\"target\":{\"@type\":\"EntryPoint\",\"urlTemplate\":\"https:\\\/\\\/afogadosfm.com.br\\\/afogadosfm\\\/?s={search_term_string}\"},\"query-input\":{\"@type\":\"PropertyValueSpecification\",\"valueRequired\":true,\"valueName\":\"search_term_string\"}}],\"inLanguage\":\"pt-BR\"},{\"@type\":\"Organization\",\"@id\":\"https:\\\/\\\/afogadosfm.com.br\\\/afogadosfm\\\/#organization\",\"name\":\"Afogados FM\",\"url\":\"https:\\\/\\\/afogadosfm.com.br\\\/afogadosfm\\\/\",\"logo\":{\"@type\":\"ImageObject\",\"inLanguage\":\"pt-BR\",\"@id\":\"https:\\\/\\\/afogadosfm.com.br\\\/afogadosfm\\\/#\\\/schema\\\/logo\\\/image\\\/\",\"url\":\"https:\\\/\\\/i0.wp.com\\\/afogadosfm.com.br\\\/afogadosfm\\\/wp-content\\\/uploads\\\/2020\\\/06\\\/cropped-banner-afogados-4.jpg?fit=369%2C137&ssl=1\",\"contentUrl\":\"https:\\\/\\\/i0.wp.com\\\/afogadosfm.com.br\\\/afogadosfm\\\/wp-content\\\/uploads\\\/2020\\\/06\\\/cropped-banner-afogados-4.jpg?fit=369%2C137&ssl=1\",\"width\":369,\"height\":137,\"caption\":\"Afogados FM\"},\"image\":{\"@id\":\"https:\\\/\\\/afogadosfm.com.br\\\/afogadosfm\\\/#\\\/schema\\\/logo\\\/image\\\/\"}},{\"@type\":\"Person\",\"@id\":\"https:\\\/\\\/afogadosfm.com.br\\\/afogadosfm\\\/#\\\/schema\\\/person\\\/60e56f2cf5dc960fc093fe093d9e9057\",\"name\":\"afogadosfm\",\"image\":{\"@type\":\"ImageObject\",\"inLanguage\":\"pt-BR\",\"@id\":\"https:\\\/\\\/secure.gravatar.com\\\/avatar\\\/e0359add7ed5dc3560906d861b52c6a8cf5c1e199d3a7dd85070998f49bd4701?s=96&d=mm&r=g\",\"url\":\"https:\\\/\\\/secure.gravatar.com\\\/avatar\\\/e0359add7ed5dc3560906d861b52c6a8cf5c1e199d3a7dd85070998f49bd4701?s=96&d=mm&r=g\",\"contentUrl\":\"https:\\\/\\\/secure.gravatar.com\\\/avatar\\\/e0359add7ed5dc3560906d861b52c6a8cf5c1e199d3a7dd85070998f49bd4701?s=96&d=mm&r=g\",\"caption\":\"afogadosfm\"},\"url\":\"https:\\\/\\\/afogadosfm.com.br\\\/afogadosfm\\\/author\\\/afogadosfm\\\/\"}]}<\/script>\n<!-- \/ Yoast SEO plugin. -->","yoast_head_json":{"title":"Jovem de 19 anos \u00e9 morta por estrangulamento no Amap\u00e1; suspeito trocou celular da v\u00edtima por droga - Afogados FM","robots":{"index":"index","follow":"follow","max-snippet":"max-snippet:-1","max-image-preview":"max-image-preview:large","max-video-preview":"max-video-preview:-1"},"canonical":"https:\/\/afogadosfm.com.br\/afogadosfm\/2026\/03\/11\/jovem-de-19-anos-e-morta-por-estrangulamento-no-amapa-suspeito-trocou-celular-da-vitima-por-droga\/","og_locale":"pt_BR","og_type":"article","og_title":"Jovem de 19 anos \u00e9 morta por estrangulamento no Amap\u00e1; suspeito trocou celular da v\u00edtima por droga - Afogados FM","og_description":"Uma jovem de 19 anos foi assassinada dentro da loja onde trabalhava, no centro do munic\u00edpio de Santana, no Amap\u00e1,","og_url":"https:\/\/afogadosfm.com.br\/afogadosfm\/2026\/03\/11\/jovem-de-19-anos-e-morta-por-estrangulamento-no-amapa-suspeito-trocou-celular-da-vitima-por-droga\/","og_site_name":"Afogados FM","article_published_time":"2026-03-11T10:18:27+00:00","og_image":[{"width":984,"height":554,"url":"https:\/\/afogadosfm.com.br\/afogadosfm\/wp-content\/uploads\/2026\/03\/cori.jpg","type":"image\/jpeg"}],"author":"afogadosfm","twitter_card":"summary_large_image","twitter_misc":{"Escrito por":"afogadosfm","Est. tempo de leitura":"3 minutos"},"schema":{"@context":"https:\/\/schema.org","@graph":[{"@type":"Article","@id":"https:\/\/afogadosfm.com.br\/afogadosfm\/2026\/03\/11\/jovem-de-19-anos-e-morta-por-estrangulamento-no-amapa-suspeito-trocou-celular-da-vitima-por-droga\/#article","isPartOf":{"@id":"https:\/\/afogadosfm.com.br\/afogadosfm\/2026\/03\/11\/jovem-de-19-anos-e-morta-por-estrangulamento-no-amapa-suspeito-trocou-celular-da-vitima-por-droga\/"},"author":{"name":"afogadosfm","@id":"https:\/\/afogadosfm.com.br\/afogadosfm\/#\/schema\/person\/60e56f2cf5dc960fc093fe093d9e9057"},"headline":"Jovem de 19 anos \u00e9 morta por estrangulamento no Amap\u00e1; suspeito trocou celular da v\u00edtima por droga","datePublished":"2026-03-11T10:18:27+00:00","mainEntityOfPage":{"@id":"https:\/\/afogadosfm.com.br\/afogadosfm\/2026\/03\/11\/jovem-de-19-anos-e-morta-por-estrangulamento-no-amapa-suspeito-trocou-celular-da-vitima-por-droga\/"},"wordCount":408,"commentCount":0,"publisher":{"@id":"https:\/\/afogadosfm.com.br\/afogadosfm\/#organization"},"image":{"@id":"https:\/\/afogadosfm.com.br\/afogadosfm\/2026\/03\/11\/jovem-de-19-anos-e-morta-por-estrangulamento-no-amapa-suspeito-trocou-celular-da-vitima-por-droga\/#primaryimage"},"thumbnailUrl":"https:\/\/i0.wp.com\/afogadosfm.com.br\/afogadosfm\/wp-content\/uploads\/2026\/03\/cori.jpg?fit=984%2C554&ssl=1","articleSection":["Pol\u00edcia"],"inLanguage":"pt-BR","potentialAction":[{"@type":"CommentAction","name":"Comment","target":["https:\/\/afogadosfm.com.br\/afogadosfm\/2026\/03\/11\/jovem-de-19-anos-e-morta-por-estrangulamento-no-amapa-suspeito-trocou-celular-da-vitima-por-droga\/#respond"]}]},{"@type":"WebPage","@id":"https:\/\/afogadosfm.com.br\/afogadosfm\/2026\/03\/11\/jovem-de-19-anos-e-morta-por-estrangulamento-no-amapa-suspeito-trocou-celular-da-vitima-por-droga\/","url":"https:\/\/afogadosfm.com.br\/afogadosfm\/2026\/03\/11\/jovem-de-19-anos-e-morta-por-estrangulamento-no-amapa-suspeito-trocou-celular-da-vitima-por-droga\/","name":"Jovem de 19 anos \u00e9 morta por estrangulamento no Amap\u00e1; suspeito trocou celular da v\u00edtima por droga - Afogados FM","isPartOf":{"@id":"https:\/\/afogadosfm.com.br\/afogadosfm\/#website"},"primaryImageOfPage":{"@id":"https:\/\/afogadosfm.com.br\/afogadosfm\/2026\/03\/11\/jovem-de-19-anos-e-morta-por-estrangulamento-no-amapa-suspeito-trocou-celular-da-vitima-por-droga\/#primaryimage"},"image":{"@id":"https:\/\/afogadosfm.com.br\/afogadosfm\/2026\/03\/11\/jovem-de-19-anos-e-morta-por-estrangulamento-no-amapa-suspeito-trocou-celular-da-vitima-por-droga\/#primaryimage"},"thumbnailUrl":"https:\/\/i0.wp.com\/afogadosfm.com.br\/afogadosfm\/wp-content\/uploads\/2026\/03\/cori.jpg?fit=984%2C554&ssl=1","datePublished":"2026-03-11T10:18:27+00:00","breadcrumb":{"@id":"https:\/\/afogadosfm.com.br\/afogadosfm\/2026\/03\/11\/jovem-de-19-anos-e-morta-por-estrangulamento-no-amapa-suspeito-trocou-celular-da-vitima-por-droga\/#breadcrumb"},"inLanguage":"pt-BR","potentialAction":[{"@type":"ReadAction","target":["https:\/\/afogadosfm.com.br\/afogadosfm\/2026\/03\/11\/jovem-de-19-anos-e-morta-por-estrangulamento-no-amapa-suspeito-trocou-celular-da-vitima-por-droga\/"]}]},{"@type":"ImageObject","inLanguage":"pt-BR","@id":"https:\/\/afogadosfm.com.br\/afogadosfm\/2026\/03\/11\/jovem-de-19-anos-e-morta-por-estrangulamento-no-amapa-suspeito-trocou-celular-da-vitima-por-droga\/#primaryimage","url":"https:\/\/i0.wp.com\/afogadosfm.com.br\/afogadosfm\/wp-content\/uploads\/2026\/03\/cori.jpg?fit=984%2C554&ssl=1","contentUrl":"https:\/\/i0.wp.com\/afogadosfm.com.br\/afogadosfm\/wp-content\/uploads\/2026\/03\/cori.jpg?fit=984%2C554&ssl=1","width":984,"height":554},{"@type":"BreadcrumbList","@id":"https:\/\/afogadosfm.com.br\/afogadosfm\/2026\/03\/11\/jovem-de-19-anos-e-morta-por-estrangulamento-no-amapa-suspeito-trocou-celular-da-vitima-por-droga\/#breadcrumb","itemListElement":[{"@type":"ListItem","position":1,"name":"In\u00edcio","item":"https:\/\/afogadosfm.com.br\/afogadosfm\/"},{"@type":"ListItem","position":2,"name":"Jovem de 19 anos \u00e9 morta por estrangulamento no Amap\u00e1; suspeito trocou celular da v\u00edtima por droga"}]},{"@type":"WebSite","@id":"https:\/\/afogadosfm.com.br\/afogadosfm\/#website","url":"https:\/\/afogadosfm.com.br\/afogadosfm\/","name":"Afogados FM","description":"Um site completo!","publisher":{"@id":"https:\/\/afogadosfm.com.br\/afogadosfm\/#organization"},"potentialAction":[{"@type":"SearchAction","target":{"@type":"EntryPoint","urlTemplate":"https:\/\/afogadosfm.com.br\/afogadosfm\/?s={search_term_string}"},"query-input":{"@type":"PropertyValueSpecification","valueRequired":true,"valueName":"search_term_string"}}],"inLanguage":"pt-BR"},{"@type":"Organization","@id":"https:\/\/afogadosfm.com.br\/afogadosfm\/#organization","name":"Afogados FM","url":"https:\/\/afogadosfm.com.br\/afogadosfm\/","logo":{"@type":"ImageObject","inLanguage":"pt-BR","@id":"https:\/\/afogadosfm.com.br\/afogadosfm\/#\/schema\/logo\/image\/","url":"https:\/\/i0.wp.com\/afogadosfm.com.br\/afogadosfm\/wp-content\/uploads\/2020\/06\/cropped-banner-afogados-4.jpg?fit=369%2C137&ssl=1","contentUrl":"https:\/\/i0.wp.com\/afogadosfm.com.br\/afogadosfm\/wp-content\/uploads\/2020\/06\/cropped-banner-afogados-4.jpg?fit=369%2C137&ssl=1","width":369,"height":137,"caption":"Afogados FM"},"image":{"@id":"https:\/\/afogadosfm.com.br\/afogadosfm\/#\/schema\/logo\/image\/"}},{"@type":"Person","@id":"https:\/\/afogadosfm.com.br\/afogadosfm\/#\/schema\/person\/60e56f2cf5dc960fc093fe093d9e9057","name":"afogadosfm","image":{"@type":"ImageObject","inLanguage":"pt-BR","@id":"https:\/\/secure.gravatar.com\/avatar\/e0359add7ed5dc3560906d861b52c6a8cf5c1e199d3a7dd85070998f49bd4701?s=96&d=mm&r=g","url":"https:\/\/secure.gravatar.com\/avatar\/e0359add7ed5dc3560906d861b52c6a8cf5c1e199d3a7dd85070998f49bd4701?s=96&d=mm&r=g","contentUrl":"https:\/\/secure.gravatar.com\/avatar\/e0359add7ed5dc3560906d861b52c6a8cf5c1e199d3a7dd85070998f49bd4701?s=96&d=mm&r=g","caption":"afogadosfm"},"url":"https:\/\/afogadosfm.com.br\/afogadosfm\/author\/afogadosfm\/"}]}},"jetpack_publicize_connections":[],"jetpack_featured_media_url":"https:\/\/i0.wp.com\/afogadosfm.com.br\/afogadosfm\/wp-content\/uploads\/2026\/03\/cori.jpg?fit=984%2C554&ssl=1","jetpack-related-posts":[],"jetpack_sharing_enabled":true,"jetpack_likes_enabled":true,"_links":{"self":[{"href":"https:\/\/afogadosfm.com.br\/afogadosfm\/wp-json\/wp\/v2\/posts\/73188","targetHints":{"allow":["GET"]}}],"collection":[{"href":"https:\/\/afogadosfm.com.br\/afogadosfm\/wp-json\/wp\/v2\/posts"}],"about":[{"href":"https:\/\/afogadosfm.com.br\/afogadosfm\/wp-json\/wp\/v2\/types\/post"}],"author":[{"embeddable":true,"href":"https:\/\/afogadosfm.com.br\/afogadosfm\/wp-json\/wp\/v2\/users\/2"}],"replies":[{"embeddable":true,"href":"https:\/\/afogadosfm.com.br\/afogadosfm\/wp-json\/wp\/v2\/comments?post=73188"}],"version-history":[{"count":1,"href":"https:\/\/afogadosfm.com.br\/afogadosfm\/wp-json\/wp\/v2\/posts\/73188\/revisions"}],"predecessor-version":[{"id":73190,"href":"https:\/\/afogadosfm.com.br\/afogadosfm\/wp-json\/wp\/v2\/posts\/73188\/revisions\/73190"}],"wp:featuredmedia":[{"embeddable":true,"href":"https:\/\/afogadosfm.com.br\/afogadosfm\/wp-json\/wp\/v2\/media\/73189"}],"wp:attachment":[{"href":"https:\/\/afogadosfm.com.br\/afogadosfm\/wp-json\/wp\/v2\/media?parent=73188"}],"wp:term":[{"taxonomy":"category","embeddable":true,"href":"https:\/\/afogadosfm.com.br\/afogadosfm\/wp-json\/wp\/v2\/categories?post=73188"},{"taxonomy":"post_tag","embeddable":true,"href":"https:\/\/afogadosfm.com.br\/afogadosfm\/wp-json\/wp\/v2\/tags?post=73188"}],"curies":[{"name":"wp","href":"https:\/\/api.w.org\/{rel}","templated":true}]}}