{"id":73196,"date":"2026-03-11T08:36:00","date_gmt":"2026-03-11T11:36:00","guid":{"rendered":"https:\/\/afogadosfm.com.br\/afogadosfm\/?p=73196"},"modified":"2026-03-11T10:43:28","modified_gmt":"2026-03-11T13:43:28","slug":"governadora-raquel-lyra-fara-visita-a-cidade-do-sertao-confia-a-agenda","status":"publish","type":"post","link":"https:\/\/afogadosfm.com.br\/afogadosfm\/2026\/03\/11\/governadora-raquel-lyra-fara-visita-a-cidade-do-sertao-confia-a-agenda\/","title":{"rendered":"Governadora Raquel Lyra far\u00e1 visita a cidade do Sert\u00e3o, confia a agenda"},"content":{"rendered":"<p>Excelent\u00edssima Senhora Raquel Lyra, Governadora do Estado de Pernambuco, convida para as agendas do dia 13 de dezembro de 2026 (sexta-feira) nas Regi\u00f5es do Sert\u00e3o do Paje\u00fa e Agreste Meridional.<\/p>\n<p>AFOGADOS DA INGAZEIRA<\/p>\n<p>Entrega do Novo Ambulat\u00f3rio do Hospital Em\u00edlia C\u00e2mara<br \/>\nHOR\u00c1RIO: 9h<br \/>\nLOCAL: Hospital Em\u00edlia C\u00e2mara &#8211; HREC<br \/>\nEndere\u00e7o: Avenida Manoel Virg\u00ednio Sobrinho, KM 01 &#8211; PE 320, Bairro Padre Pedro Pereira &#8211;<br \/>\nAfogados da Ingazeira &#8211; PE.<\/p>\n<p>SOLID\u00c3O<\/p>\n<p>Assinatura de Autoriza\u00e7\u00e3o para In\u00edcio das Obras de Reativa\u00e7\u00e3o e Amplia\u00e7\u00e3o do Sistema de Abastecimento de \u00c1gua Z\u00e9 Dantas no Munic\u00edpio de Solid\u00e3o<br \/>\nHORARIO: 10h<br \/>\nLOCAL: Quadra Poliesportiva Luiz Bezerra da Silva<br \/>\nEndere\u00e7o: Rua Luiz Batista Tavares, 37 &#8211; Solid\u00e3o &#8211; PE, CEP: 56795-000.<\/p>\n<p>GARANHUNS<\/p>\n<p>Amplia\u00e7\u00e3o do Programa do Leite para Todos, que tem como objetivo reduzir as defici\u00eancias nutricionais das popula\u00e7\u00f5es vulner\u00e1veis, al\u00e9m de fortalecer a cadeia produtiva do leite por meio da gera\u00e7\u00e3o de renda do agricultor familiar.<br \/>\nHOR\u00c1RIO: 15h<\/p>\n<p>LOCAL: Parque Acau\u00e3<br \/>\nEndere\u00e7o: Rodovia PE 67, Km 51 &#8211; Rodovia Jos\u00e9 Cardoso &#8211; Garanhuns &#8211; PE.<br \/>\nVisita \u00e0 Abertura Oficial da ExpoGaranhuns 2026 &#8211; Exposi\u00e7\u00e3o Agropecu\u00e1ria de Garanhuns.<br \/>\nHOR\u00c1RIO: 16h<\/p>\n<p>LOCAL: Parque Acau\u00e3<br \/>\nEndere\u00e7o: Rodovia PE 67, Km 51 &#8211; Rodovia Jos\u00e9 Cardoso &#8211; Garanhuns &#8211; PE.<\/p>\n<p>TABIRA<\/p>\n<p>Cerim\u00f4nia de Entrega do Dessalinizador no Hospital de Tabira, Entrega do Centro de Refer\u00eancia da Mulher (CRM), Entrega da PE-304 (Entr. PE-320 &#8211; Tabira-PE e<br \/>\n\u00c1gua Branca-PB) &#8211; 12km de<br \/>\nExtens\u00e3o, e Assinatura de Autoriza\u00e7\u00e3o para<br \/>\nPavimenta\u00e7\u00e3o Asf\u00e1ltica, Drenagem, Sinaliza\u00e7\u00e3o Vertical e Desmonte de Rochas em Diversas Ruas e Inaugura\u00e7\u00e3o da Cozinha Comunit\u00e1ria Alexandrina Ferreira Neta<\/p>\n<p>HOR\u00c1RIO: 19h<br \/>\nEndere\u00e7o: Avenida Ant\u00f4nio Pereira Amorim, n\u00b0 2535, Bairro F\u00e1tima 1, Tabira &#8211; PE.<br \/>\n(Ponto de refer\u00eancia: Delegacia de Pol\u00edcia Civil).<\/p>\n<p>MOREIL\u00c2NDIA<\/p>\n<p>Cerim\u00f4nia de Entrega da PE-540 (Entr. Moreil\u00e2ndia &#8211; Caririmirim) &#8211; 12,44km de Extens\u00e3o, obra que integra o conjunto de interven\u00e7\u00f5es destinadas a melhorar a acessibilidade no 6\u00ba Distrito Rodovi\u00e1rio.<\/p>\n<p>HORARIO: 11h<br \/>\nEndere\u00e7o: Rua Jos\u00e9 Ernesto Lima, 560 &#8211; Centro, Moreil\u00e2ndia &#8211; PE.<br \/>\nInaugura\u00e7\u00e3o da Cozinha Comunit\u00e1ria Francisca Oliveira de Morais<\/p>\n<p>HOR\u00c1RIO: 12h<br \/>\nLOCAL: Cozinha Comunit\u00e1ria Francisca Oliveira de Morais<br \/>\nEndere\u00e7o: Rua Luiz Gonzaga S\/N, Distrito de Caririmirim, Moreil\u00e2ndia &#8211; PE<\/p>\n<p>ITAPETIM<\/p>\n<p>Entrega da PE-263 (Trecho S\u00e3o Vicente &#8211; Divisa PE\/PB) &#8211; 11,70km de Extens\u00e3o, obra que proporcionar\u00e1 um aumento do volume de tr\u00e1fego e melhoria na trafegabilidade da regi\u00e3o.<\/p>\n<p>HOR\u00c1RIO: 15h<br \/>\nEndere\u00e7o: Rua \u00darsula Siqueira, n\u00b0 03 &#8211; S\u00e3o Vicente, Itapetim &#8211; PE. (Ponto de refer\u00eancia:<br \/>\nEscola Municipal Argemiro C\u00e2ndido)<\/p>\n<p>S\u00c3O JOS\u00c9 DO EGITO<\/p>\n<p>Visita ao Dessalinizador no Distrito de Curralinho<br \/>\nHOR\u00c1RIO: 16h30<br \/>\nEndere\u00e7o: S\u00edtio Curralinho, Zona Rural de S\u00e3o Jos\u00e9 do Egito &#8211; PE &#8211; CEP: 56700-000<br \/>\nEntrega do Dessalinizador ao Distrito de Curralinho e Execu\u00e7\u00e3o de Recapeamento Asf\u00e1ltico sobre Pavimento em Diversas Ruas do Munic\u00edpio de S\u00e3o Jos\u00e9 do Egito<\/p>\n<p>HOR\u00c1RIO: 17h<br \/>\nLOCAL: Escola Municipal Luiz Paulino de Siqueira<br \/>\nEndere\u00e7o: Rua Tancredo Neves, 51 &#8211; S\u00e3o Jos\u00e9 do Egito &#8211; PE<\/p>\n","protected":false},"excerpt":{"rendered":"<p>Excelent\u00edssima Senhora Raquel Lyra, Governadora do Estado de Pernambuco, convida para as agendas do dia 13 de dezembro de 2026<\/p>\n","protected":false},"author":2,"featured_media":71669,"comment_status":"open","ping_status":"open","sticky":false,"template":"","format":"standard","meta":{"jetpack_post_was_ever_published":false,"_jetpack_newsletter_access":"","_jetpack_dont_email_post_to_subs":false,"_jetpack_newsletter_tier_id":0,"_jetpack_memberships_contains_paywalled_content":false,"_jetpack_memberships_contains_paid_content":false,"footnotes":"","jetpack_publicize_message":"","jetpack_publicize_feature_enabled":true,"jetpack_social_post_already_shared":true,"jetpack_social_options":{"image_generator_settings":{"template":"highway","default_image_id":0,"font":"","enabled":false},"version":2}},"categories":[32],"tags":[],"class_list":["post-73196","post","type-post","status-publish","format-standard","has-post-thumbnail","hentry","category-sertao"],"yoast_head":"<!-- This site is optimized with the Yoast SEO plugin v27.5 - https:\/\/yoast.com\/product\/yoast-seo-wordpress\/ -->\n<title>Governadora Raquel Lyra far\u00e1 visita a cidade do Sert\u00e3o, confia a agenda - Afogados FM<\/title>\n<meta name=\"robots\" content=\"index, follow, max-snippet:-1, max-image-preview:large, max-video-preview:-1\" \/>\n<link rel=\"canonical\" href=\"https:\/\/afogadosfm.com.br\/afogadosfm\/2026\/03\/11\/governadora-raquel-lyra-fara-visita-a-cidade-do-sertao-confia-a-agenda\/\" \/>\n<meta property=\"og:locale\" content=\"pt_BR\" \/>\n<meta property=\"og:type\" content=\"article\" \/>\n<meta property=\"og:title\" content=\"Governadora Raquel Lyra far\u00e1 visita a cidade do Sert\u00e3o, confia a agenda - Afogados FM\" \/>\n<meta property=\"og:description\" content=\"Excelent\u00edssima Senhora Raquel Lyra, Governadora do Estado de Pernambuco, convida para as agendas do dia 13 de dezembro de 2026\" \/>\n<meta property=\"og:url\" content=\"https:\/\/afogadosfm.com.br\/afogadosfm\/2026\/03\/11\/governadora-raquel-lyra-fara-visita-a-cidade-do-sertao-confia-a-agenda\/\" \/>\n<meta property=\"og:site_name\" content=\"Afogados FM\" \/>\n<meta property=\"article:published_time\" content=\"2026-03-11T11:36:00+00:00\" \/>\n<meta property=\"article:modified_time\" content=\"2026-03-11T13:43:28+00:00\" \/>\n<meta property=\"og:image\" content=\"https:\/\/afogadosfm.com.br\/afogadosfm\/wp-content\/uploads\/2025\/12\/raquel.jpg\" \/>\n\t<meta property=\"og:image:width\" content=\"400\" \/>\n\t<meta property=\"og:image:height\" content=\"266\" \/>\n\t<meta property=\"og:image:type\" content=\"image\/jpeg\" \/>\n<meta name=\"author\" content=\"afogadosfm\" \/>\n<meta name=\"twitter:card\" content=\"summary_large_image\" \/>\n<meta name=\"twitter:label1\" content=\"Escrito por\" \/>\n\t<meta name=\"twitter:data1\" content=\"afogadosfm\" \/>\n\t<meta name=\"twitter:label2\" content=\"Est. tempo de leitura\" \/>\n\t<meta name=\"twitter:data2\" content=\"3 minutos\" \/>\n<script type=\"application\/ld+json\" class=\"yoast-schema-graph\">{\"@context\":\"https:\\\/\\\/schema.org\",\"@graph\":[{\"@type\":\"Article\",\"@id\":\"https:\\\/\\\/afogadosfm.com.br\\\/afogadosfm\\\/2026\\\/03\\\/11\\\/governadora-raquel-lyra-fara-visita-a-cidade-do-sertao-confia-a-agenda\\\/#article\",\"isPartOf\":{\"@id\":\"https:\\\/\\\/afogadosfm.com.br\\\/afogadosfm\\\/2026\\\/03\\\/11\\\/governadora-raquel-lyra-fara-visita-a-cidade-do-sertao-confia-a-agenda\\\/\"},\"author\":{\"name\":\"afogadosfm\",\"@id\":\"https:\\\/\\\/afogadosfm.com.br\\\/afogadosfm\\\/#\\\/schema\\\/person\\\/60e56f2cf5dc960fc093fe093d9e9057\"},\"headline\":\"Governadora Raquel Lyra far\u00e1 visita a cidade do Sert\u00e3o, confia a agenda\",\"datePublished\":\"2026-03-11T11:36:00+00:00\",\"dateModified\":\"2026-03-11T13:43:28+00:00\",\"mainEntityOfPage\":{\"@id\":\"https:\\\/\\\/afogadosfm.com.br\\\/afogadosfm\\\/2026\\\/03\\\/11\\\/governadora-raquel-lyra-fara-visita-a-cidade-do-sertao-confia-a-agenda\\\/\"},\"wordCount\":553,\"commentCount\":0,\"publisher\":{\"@id\":\"https:\\\/\\\/afogadosfm.com.br\\\/afogadosfm\\\/#organization\"},\"image\":{\"@id\":\"https:\\\/\\\/afogadosfm.com.br\\\/afogadosfm\\\/2026\\\/03\\\/11\\\/governadora-raquel-lyra-fara-visita-a-cidade-do-sertao-confia-a-agenda\\\/#primaryimage\"},\"thumbnailUrl\":\"https:\\\/\\\/i0.wp.com\\\/afogadosfm.com.br\\\/afogadosfm\\\/wp-content\\\/uploads\\\/2025\\\/12\\\/raquel.jpg?fit=400%2C266&ssl=1\",\"articleSection\":[\"Sert\u00e3o\"],\"inLanguage\":\"pt-BR\",\"potentialAction\":[{\"@type\":\"CommentAction\",\"name\":\"Comment\",\"target\":[\"https:\\\/\\\/afogadosfm.com.br\\\/afogadosfm\\\/2026\\\/03\\\/11\\\/governadora-raquel-lyra-fara-visita-a-cidade-do-sertao-confia-a-agenda\\\/#respond\"]}]},{\"@type\":\"WebPage\",\"@id\":\"https:\\\/\\\/afogadosfm.com.br\\\/afogadosfm\\\/2026\\\/03\\\/11\\\/governadora-raquel-lyra-fara-visita-a-cidade-do-sertao-confia-a-agenda\\\/\",\"url\":\"https:\\\/\\\/afogadosfm.com.br\\\/afogadosfm\\\/2026\\\/03\\\/11\\\/governadora-raquel-lyra-fara-visita-a-cidade-do-sertao-confia-a-agenda\\\/\",\"name\":\"Governadora Raquel Lyra far\u00e1 visita a cidade do Sert\u00e3o, confia a agenda - Afogados FM\",\"isPartOf\":{\"@id\":\"https:\\\/\\\/afogadosfm.com.br\\\/afogadosfm\\\/#website\"},\"primaryImageOfPage\":{\"@id\":\"https:\\\/\\\/afogadosfm.com.br\\\/afogadosfm\\\/2026\\\/03\\\/11\\\/governadora-raquel-lyra-fara-visita-a-cidade-do-sertao-confia-a-agenda\\\/#primaryimage\"},\"image\":{\"@id\":\"https:\\\/\\\/afogadosfm.com.br\\\/afogadosfm\\\/2026\\\/03\\\/11\\\/governadora-raquel-lyra-fara-visita-a-cidade-do-sertao-confia-a-agenda\\\/#primaryimage\"},\"thumbnailUrl\":\"https:\\\/\\\/i0.wp.com\\\/afogadosfm.com.br\\\/afogadosfm\\\/wp-content\\\/uploads\\\/2025\\\/12\\\/raquel.jpg?fit=400%2C266&ssl=1\",\"datePublished\":\"2026-03-11T11:36:00+00:00\",\"dateModified\":\"2026-03-11T13:43:28+00:00\",\"breadcrumb\":{\"@id\":\"https:\\\/\\\/afogadosfm.com.br\\\/afogadosfm\\\/2026\\\/03\\\/11\\\/governadora-raquel-lyra-fara-visita-a-cidade-do-sertao-confia-a-agenda\\\/#breadcrumb\"},\"inLanguage\":\"pt-BR\",\"potentialAction\":[{\"@type\":\"ReadAction\",\"target\":[\"https:\\\/\\\/afogadosfm.com.br\\\/afogadosfm\\\/2026\\\/03\\\/11\\\/governadora-raquel-lyra-fara-visita-a-cidade-do-sertao-confia-a-agenda\\\/\"]}]},{\"@type\":\"ImageObject\",\"inLanguage\":\"pt-BR\",\"@id\":\"https:\\\/\\\/afogadosfm.com.br\\\/afogadosfm\\\/2026\\\/03\\\/11\\\/governadora-raquel-lyra-fara-visita-a-cidade-do-sertao-confia-a-agenda\\\/#primaryimage\",\"url\":\"https:\\\/\\\/i0.wp.com\\\/afogadosfm.com.br\\\/afogadosfm\\\/wp-content\\\/uploads\\\/2025\\\/12\\\/raquel.jpg?fit=400%2C266&ssl=1\",\"contentUrl\":\"https:\\\/\\\/i0.wp.com\\\/afogadosfm.com.br\\\/afogadosfm\\\/wp-content\\\/uploads\\\/2025\\\/12\\\/raquel.jpg?fit=400%2C266&ssl=1\",\"width\":400,\"height\":266},{\"@type\":\"BreadcrumbList\",\"@id\":\"https:\\\/\\\/afogadosfm.com.br\\\/afogadosfm\\\/2026\\\/03\\\/11\\\/governadora-raquel-lyra-fara-visita-a-cidade-do-sertao-confia-a-agenda\\\/#breadcrumb\",\"itemListElement\":[{\"@type\":\"ListItem\",\"position\":1,\"name\":\"In\u00edcio\",\"item\":\"https:\\\/\\\/afogadosfm.com.br\\\/afogadosfm\\\/\"},{\"@type\":\"ListItem\",\"position\":2,\"name\":\"Governadora Raquel Lyra far\u00e1 visita a cidade do Sert\u00e3o, confia a agenda\"}]},{\"@type\":\"WebSite\",\"@id\":\"https:\\\/\\\/afogadosfm.com.br\\\/afogadosfm\\\/#website\",\"url\":\"https:\\\/\\\/afogadosfm.com.br\\\/afogadosfm\\\/\",\"name\":\"Afogados FM\",\"description\":\"Um site completo!\",\"publisher\":{\"@id\":\"https:\\\/\\\/afogadosfm.com.br\\\/afogadosfm\\\/#organization\"},\"potentialAction\":[{\"@type\":\"SearchAction\",\"target\":{\"@type\":\"EntryPoint\",\"urlTemplate\":\"https:\\\/\\\/afogadosfm.com.br\\\/afogadosfm\\\/?s={search_term_string}\"},\"query-input\":{\"@type\":\"PropertyValueSpecification\",\"valueRequired\":true,\"valueName\":\"search_term_string\"}}],\"inLanguage\":\"pt-BR\"},{\"@type\":\"Organization\",\"@id\":\"https:\\\/\\\/afogadosfm.com.br\\\/afogadosfm\\\/#organization\",\"name\":\"Afogados FM\",\"url\":\"https:\\\/\\\/afogadosfm.com.br\\\/afogadosfm\\\/\",\"logo\":{\"@type\":\"ImageObject\",\"inLanguage\":\"pt-BR\",\"@id\":\"https:\\\/\\\/afogadosfm.com.br\\\/afogadosfm\\\/#\\\/schema\\\/logo\\\/image\\\/\",\"url\":\"https:\\\/\\\/i0.wp.com\\\/afogadosfm.com.br\\\/afogadosfm\\\/wp-content\\\/uploads\\\/2020\\\/06\\\/cropped-banner-afogados-4.jpg?fit=369%2C137&ssl=1\",\"contentUrl\":\"https:\\\/\\\/i0.wp.com\\\/afogadosfm.com.br\\\/afogadosfm\\\/wp-content\\\/uploads\\\/2020\\\/06\\\/cropped-banner-afogados-4.jpg?fit=369%2C137&ssl=1\",\"width\":369,\"height\":137,\"caption\":\"Afogados FM\"},\"image\":{\"@id\":\"https:\\\/\\\/afogadosfm.com.br\\\/afogadosfm\\\/#\\\/schema\\\/logo\\\/image\\\/\"}},{\"@type\":\"Person\",\"@id\":\"https:\\\/\\\/afogadosfm.com.br\\\/afogadosfm\\\/#\\\/schema\\\/person\\\/60e56f2cf5dc960fc093fe093d9e9057\",\"name\":\"afogadosfm\",\"image\":{\"@type\":\"ImageObject\",\"inLanguage\":\"pt-BR\",\"@id\":\"https:\\\/\\\/secure.gravatar.com\\\/avatar\\\/e0359add7ed5dc3560906d861b52c6a8cf5c1e199d3a7dd85070998f49bd4701?s=96&d=mm&r=g\",\"url\":\"https:\\\/\\\/secure.gravatar.com\\\/avatar\\\/e0359add7ed5dc3560906d861b52c6a8cf5c1e199d3a7dd85070998f49bd4701?s=96&d=mm&r=g\",\"contentUrl\":\"https:\\\/\\\/secure.gravatar.com\\\/avatar\\\/e0359add7ed5dc3560906d861b52c6a8cf5c1e199d3a7dd85070998f49bd4701?s=96&d=mm&r=g\",\"caption\":\"afogadosfm\"},\"url\":\"https:\\\/\\\/afogadosfm.com.br\\\/afogadosfm\\\/author\\\/afogadosfm\\\/\"}]}<\/script>\n<!-- \/ Yoast SEO plugin. -->","yoast_head_json":{"title":"Governadora Raquel Lyra far\u00e1 visita a cidade do Sert\u00e3o, confia a agenda - Afogados FM","robots":{"index":"index","follow":"follow","max-snippet":"max-snippet:-1","max-image-preview":"max-image-preview:large","max-video-preview":"max-video-preview:-1"},"canonical":"https:\/\/afogadosfm.com.br\/afogadosfm\/2026\/03\/11\/governadora-raquel-lyra-fara-visita-a-cidade-do-sertao-confia-a-agenda\/","og_locale":"pt_BR","og_type":"article","og_title":"Governadora Raquel Lyra far\u00e1 visita a cidade do Sert\u00e3o, confia a agenda - Afogados FM","og_description":"Excelent\u00edssima Senhora Raquel Lyra, Governadora do Estado de Pernambuco, convida para as agendas do dia 13 de dezembro de 2026","og_url":"https:\/\/afogadosfm.com.br\/afogadosfm\/2026\/03\/11\/governadora-raquel-lyra-fara-visita-a-cidade-do-sertao-confia-a-agenda\/","og_site_name":"Afogados FM","article_published_time":"2026-03-11T11:36:00+00:00","article_modified_time":"2026-03-11T13:43:28+00:00","og_image":[{"width":400,"height":266,"url":"https:\/\/afogadosfm.com.br\/afogadosfm\/wp-content\/uploads\/2025\/12\/raquel.jpg","type":"image\/jpeg"}],"author":"afogadosfm","twitter_card":"summary_large_image","twitter_misc":{"Escrito por":"afogadosfm","Est. tempo de leitura":"3 minutos"},"schema":{"@context":"https:\/\/schema.org","@graph":[{"@type":"Article","@id":"https:\/\/afogadosfm.com.br\/afogadosfm\/2026\/03\/11\/governadora-raquel-lyra-fara-visita-a-cidade-do-sertao-confia-a-agenda\/#article","isPartOf":{"@id":"https:\/\/afogadosfm.com.br\/afogadosfm\/2026\/03\/11\/governadora-raquel-lyra-fara-visita-a-cidade-do-sertao-confia-a-agenda\/"},"author":{"name":"afogadosfm","@id":"https:\/\/afogadosfm.com.br\/afogadosfm\/#\/schema\/person\/60e56f2cf5dc960fc093fe093d9e9057"},"headline":"Governadora Raquel Lyra far\u00e1 visita a cidade do Sert\u00e3o, confia a agenda","datePublished":"2026-03-11T11:36:00+00:00","dateModified":"2026-03-11T13:43:28+00:00","mainEntityOfPage":{"@id":"https:\/\/afogadosfm.com.br\/afogadosfm\/2026\/03\/11\/governadora-raquel-lyra-fara-visita-a-cidade-do-sertao-confia-a-agenda\/"},"wordCount":553,"commentCount":0,"publisher":{"@id":"https:\/\/afogadosfm.com.br\/afogadosfm\/#organization"},"image":{"@id":"https:\/\/afogadosfm.com.br\/afogadosfm\/2026\/03\/11\/governadora-raquel-lyra-fara-visita-a-cidade-do-sertao-confia-a-agenda\/#primaryimage"},"thumbnailUrl":"https:\/\/i0.wp.com\/afogadosfm.com.br\/afogadosfm\/wp-content\/uploads\/2025\/12\/raquel.jpg?fit=400%2C266&ssl=1","articleSection":["Sert\u00e3o"],"inLanguage":"pt-BR","potentialAction":[{"@type":"CommentAction","name":"Comment","target":["https:\/\/afogadosfm.com.br\/afogadosfm\/2026\/03\/11\/governadora-raquel-lyra-fara-visita-a-cidade-do-sertao-confia-a-agenda\/#respond"]}]},{"@type":"WebPage","@id":"https:\/\/afogadosfm.com.br\/afogadosfm\/2026\/03\/11\/governadora-raquel-lyra-fara-visita-a-cidade-do-sertao-confia-a-agenda\/","url":"https:\/\/afogadosfm.com.br\/afogadosfm\/2026\/03\/11\/governadora-raquel-lyra-fara-visita-a-cidade-do-sertao-confia-a-agenda\/","name":"Governadora Raquel Lyra far\u00e1 visita a cidade do Sert\u00e3o, confia a agenda - Afogados FM","isPartOf":{"@id":"https:\/\/afogadosfm.com.br\/afogadosfm\/#website"},"primaryImageOfPage":{"@id":"https:\/\/afogadosfm.com.br\/afogadosfm\/2026\/03\/11\/governadora-raquel-lyra-fara-visita-a-cidade-do-sertao-confia-a-agenda\/#primaryimage"},"image":{"@id":"https:\/\/afogadosfm.com.br\/afogadosfm\/2026\/03\/11\/governadora-raquel-lyra-fara-visita-a-cidade-do-sertao-confia-a-agenda\/#primaryimage"},"thumbnailUrl":"https:\/\/i0.wp.com\/afogadosfm.com.br\/afogadosfm\/wp-content\/uploads\/2025\/12\/raquel.jpg?fit=400%2C266&ssl=1","datePublished":"2026-03-11T11:36:00+00:00","dateModified":"2026-03-11T13:43:28+00:00","breadcrumb":{"@id":"https:\/\/afogadosfm.com.br\/afogadosfm\/2026\/03\/11\/governadora-raquel-lyra-fara-visita-a-cidade-do-sertao-confia-a-agenda\/#breadcrumb"},"inLanguage":"pt-BR","potentialAction":[{"@type":"ReadAction","target":["https:\/\/afogadosfm.com.br\/afogadosfm\/2026\/03\/11\/governadora-raquel-lyra-fara-visita-a-cidade-do-sertao-confia-a-agenda\/"]}]},{"@type":"ImageObject","inLanguage":"pt-BR","@id":"https:\/\/afogadosfm.com.br\/afogadosfm\/2026\/03\/11\/governadora-raquel-lyra-fara-visita-a-cidade-do-sertao-confia-a-agenda\/#primaryimage","url":"https:\/\/i0.wp.com\/afogadosfm.com.br\/afogadosfm\/wp-content\/uploads\/2025\/12\/raquel.jpg?fit=400%2C266&ssl=1","contentUrl":"https:\/\/i0.wp.com\/afogadosfm.com.br\/afogadosfm\/wp-content\/uploads\/2025\/12\/raquel.jpg?fit=400%2C266&ssl=1","width":400,"height":266},{"@type":"BreadcrumbList","@id":"https:\/\/afogadosfm.com.br\/afogadosfm\/2026\/03\/11\/governadora-raquel-lyra-fara-visita-a-cidade-do-sertao-confia-a-agenda\/#breadcrumb","itemListElement":[{"@type":"ListItem","position":1,"name":"In\u00edcio","item":"https:\/\/afogadosfm.com.br\/afogadosfm\/"},{"@type":"ListItem","position":2,"name":"Governadora Raquel Lyra far\u00e1 visita a cidade do Sert\u00e3o, confia a agenda"}]},{"@type":"WebSite","@id":"https:\/\/afogadosfm.com.br\/afogadosfm\/#website","url":"https:\/\/afogadosfm.com.br\/afogadosfm\/","name":"Afogados FM","description":"Um site completo!","publisher":{"@id":"https:\/\/afogadosfm.com.br\/afogadosfm\/#organization"},"potentialAction":[{"@type":"SearchAction","target":{"@type":"EntryPoint","urlTemplate":"https:\/\/afogadosfm.com.br\/afogadosfm\/?s={search_term_string}"},"query-input":{"@type":"PropertyValueSpecification","valueRequired":true,"valueName":"search_term_string"}}],"inLanguage":"pt-BR"},{"@type":"Organization","@id":"https:\/\/afogadosfm.com.br\/afogadosfm\/#organization","name":"Afogados FM","url":"https:\/\/afogadosfm.com.br\/afogadosfm\/","logo":{"@type":"ImageObject","inLanguage":"pt-BR","@id":"https:\/\/afogadosfm.com.br\/afogadosfm\/#\/schema\/logo\/image\/","url":"https:\/\/i0.wp.com\/afogadosfm.com.br\/afogadosfm\/wp-content\/uploads\/2020\/06\/cropped-banner-afogados-4.jpg?fit=369%2C137&ssl=1","contentUrl":"https:\/\/i0.wp.com\/afogadosfm.com.br\/afogadosfm\/wp-content\/uploads\/2020\/06\/cropped-banner-afogados-4.jpg?fit=369%2C137&ssl=1","width":369,"height":137,"caption":"Afogados FM"},"image":{"@id":"https:\/\/afogadosfm.com.br\/afogadosfm\/#\/schema\/logo\/image\/"}},{"@type":"Person","@id":"https:\/\/afogadosfm.com.br\/afogadosfm\/#\/schema\/person\/60e56f2cf5dc960fc093fe093d9e9057","name":"afogadosfm","image":{"@type":"ImageObject","inLanguage":"pt-BR","@id":"https:\/\/secure.gravatar.com\/avatar\/e0359add7ed5dc3560906d861b52c6a8cf5c1e199d3a7dd85070998f49bd4701?s=96&d=mm&r=g","url":"https:\/\/secure.gravatar.com\/avatar\/e0359add7ed5dc3560906d861b52c6a8cf5c1e199d3a7dd85070998f49bd4701?s=96&d=mm&r=g","contentUrl":"https:\/\/secure.gravatar.com\/avatar\/e0359add7ed5dc3560906d861b52c6a8cf5c1e199d3a7dd85070998f49bd4701?s=96&d=mm&r=g","caption":"afogadosfm"},"url":"https:\/\/afogadosfm.com.br\/afogadosfm\/author\/afogadosfm\/"}]}},"jetpack_publicize_connections":[],"jetpack_featured_media_url":"https:\/\/i0.wp.com\/afogadosfm.com.br\/afogadosfm\/wp-content\/uploads\/2025\/12\/raquel.jpg?fit=400%2C266&ssl=1","jetpack-related-posts":[],"jetpack_sharing_enabled":true,"jetpack_likes_enabled":true,"_links":{"self":[{"href":"https:\/\/afogadosfm.com.br\/afogadosfm\/wp-json\/wp\/v2\/posts\/73196","targetHints":{"allow":["GET"]}}],"collection":[{"href":"https:\/\/afogadosfm.com.br\/afogadosfm\/wp-json\/wp\/v2\/posts"}],"about":[{"href":"https:\/\/afogadosfm.com.br\/afogadosfm\/wp-json\/wp\/v2\/types\/post"}],"author":[{"embeddable":true,"href":"https:\/\/afogadosfm.com.br\/afogadosfm\/wp-json\/wp\/v2\/users\/2"}],"replies":[{"embeddable":true,"href":"https:\/\/afogadosfm.com.br\/afogadosfm\/wp-json\/wp\/v2\/comments?post=73196"}],"version-history":[{"count":4,"href":"https:\/\/afogadosfm.com.br\/afogadosfm\/wp-json\/wp\/v2\/posts\/73196\/revisions"}],"predecessor-version":[{"id":73208,"href":"https:\/\/afogadosfm.com.br\/afogadosfm\/wp-json\/wp\/v2\/posts\/73196\/revisions\/73208"}],"wp:featuredmedia":[{"embeddable":true,"href":"https:\/\/afogadosfm.com.br\/afogadosfm\/wp-json\/wp\/v2\/media\/71669"}],"wp:attachment":[{"href":"https:\/\/afogadosfm.com.br\/afogadosfm\/wp-json\/wp\/v2\/media?parent=73196"}],"wp:term":[{"taxonomy":"category","embeddable":true,"href":"https:\/\/afogadosfm.com.br\/afogadosfm\/wp-json\/wp\/v2\/categories?post=73196"},{"taxonomy":"post_tag","embeddable":true,"href":"https:\/\/afogadosfm.com.br\/afogadosfm\/wp-json\/wp\/v2\/tags?post=73196"}],"curies":[{"name":"wp","href":"https:\/\/api.w.org\/{rel}","templated":true}]}}