{"id":73209,"date":"2026-03-12T07:36:17","date_gmt":"2026-03-12T10:36:17","guid":{"rendered":"https:\/\/afogadosfm.com.br\/afogadosfm\/?p=73209"},"modified":"2026-03-12T07:36:17","modified_gmt":"2026-03-12T10:36:17","slug":"festa-de-marco-comeca-com-valorizacao-de-artistas-da-terra-em-irajai","status":"publish","type":"post","link":"https:\/\/afogadosfm.com.br\/afogadosfm\/2026\/03\/12\/festa-de-marco-comeca-com-valorizacao-de-artistas-da-terra-em-irajai\/","title":{"rendered":"Festa de Mar\u00e7o come\u00e7a com valoriza\u00e7\u00e3o de artistas da terra em Iraja\u00ed"},"content":{"rendered":"<p>A tradicional Festa de Mar\u00e7o 2026 teve sua abertura oficial na ultima ter\u00e7a-feira (10), no distrito de Iraja\u00ed, em Iguaracy, reunindo moradores e visitantes em uma noite marcada pela valoriza\u00e7\u00e3o dos talentos locais e pelo clima de celebra\u00e7\u00e3o na comunidade. O evento, que acontece paralelamente \u00e0 festa religiosa em homenagem a S\u00e3o Jos\u00e9, padroeiro da localidade, iniciou a programa\u00e7\u00e3o com muita m\u00fasica e anima\u00e7\u00e3o.<\/p>\n<p>As atra\u00e7\u00f5es da primeira noite foram os artistas da casa Z\u00edlio dos Teclados e Robinho Farra, que contagiaram o p\u00fablico com apresenta\u00e7\u00f5es vibrantes e aut\u00eanticas. Com um repert\u00f3rio variado, os cantores trouxeram ao palco cl\u00e1ssicos que atravessam gera\u00e7\u00f5es, al\u00e9m de sucessos atuais, garantindo a anima\u00e7\u00e3o do p\u00fablico presente.<\/p>\n<p>A abertura contou com a presen\u00e7a do prefeito Dr. Pedro Alves, do vereador Chico Torres, do secret\u00e1rio de Cultura e Turismo Marconi Melo, do secret\u00e1rio adjunto Rodrigo Faustino, do chefe de Gabinete J\u00falio Veras e do ex-vereador Neguinho de Iraja\u00ed, al\u00e9m de outras personalidades ligadas a gest\u00e3o municipal que prestigiaram o in\u00edcio das festividades.<\/p>\n<p>A programa\u00e7\u00e3o segue no pr\u00f3ximo s\u00e1bado, dia 14 de mar\u00e7o, logo ap\u00f3s a tradicional Missa do Vaqueiro. Est\u00e3o previstos shows com Paulo e Galego, \u00e0s 13h, David Silva, \u00e0s 16h, e Kau\u00e3 Menezes, \u00e0s 19h, prometendo animar o p\u00fablico com muito forr\u00f3 e m\u00fasica regional.<\/p>\n<p>As comemora\u00e7\u00f5es continuam no dia 20 de mar\u00e7o, com apresenta\u00e7\u00f5es de J\u00e9ssica e Diego e Matheus Max, trazendo muito arrasta-p\u00e9 e sucessos que embalam diferentes gera\u00e7\u00f5es.<\/p>\n<p>Encerrando a programa\u00e7\u00e3o in\u00e9dita de quatro dias de festa, no dia 21 sobem ao palco as bandas Forr\u00f3 Nosso Jeito e Zeca Bota Bom, que prometem fechar o evento em grande estilo, em um clima de confraterniza\u00e7\u00e3o e alegria para toda a comunidade de Iraja\u00ed.<\/p>\n","protected":false},"excerpt":{"rendered":"<p>A tradicional Festa de Mar\u00e7o 2026 teve sua abertura oficial na ultima ter\u00e7a-feira (10), no distrito de Iraja\u00ed, em Iguaracy,<\/p>\n","protected":false},"author":2,"featured_media":73210,"comment_status":"open","ping_status":"open","sticky":false,"template":"","format":"standard","meta":{"jetpack_post_was_ever_published":false,"_jetpack_newsletter_access":"","_jetpack_dont_email_post_to_subs":false,"_jetpack_newsletter_tier_id":0,"_jetpack_memberships_contains_paywalled_content":false,"_jetpack_memberships_contains_paid_content":false,"footnotes":"","jetpack_publicize_message":"","jetpack_publicize_feature_enabled":true,"jetpack_social_post_already_shared":true,"jetpack_social_options":{"image_generator_settings":{"template":"highway","default_image_id":0,"font":"","enabled":false},"version":2}},"categories":[32],"tags":[],"class_list":["post-73209","post","type-post","status-publish","format-standard","has-post-thumbnail","hentry","category-sertao"],"yoast_head":"<!-- This site is optimized with the Yoast SEO plugin v27.5 - https:\/\/yoast.com\/product\/yoast-seo-wordpress\/ -->\n<title>Festa de Mar\u00e7o come\u00e7a com valoriza\u00e7\u00e3o de artistas da terra em Iraja\u00ed - Afogados FM<\/title>\n<meta name=\"robots\" content=\"index, follow, max-snippet:-1, max-image-preview:large, max-video-preview:-1\" \/>\n<link rel=\"canonical\" href=\"https:\/\/afogadosfm.com.br\/afogadosfm\/2026\/03\/12\/festa-de-marco-comeca-com-valorizacao-de-artistas-da-terra-em-irajai\/\" \/>\n<meta property=\"og:locale\" content=\"pt_BR\" \/>\n<meta property=\"og:type\" content=\"article\" \/>\n<meta property=\"og:title\" content=\"Festa de Mar\u00e7o come\u00e7a com valoriza\u00e7\u00e3o de artistas da terra em Iraja\u00ed - Afogados FM\" \/>\n<meta property=\"og:description\" content=\"A tradicional Festa de Mar\u00e7o 2026 teve sua abertura oficial na ultima ter\u00e7a-feira (10), no distrito de Iraja\u00ed, em Iguaracy,\" \/>\n<meta property=\"og:url\" content=\"https:\/\/afogadosfm.com.br\/afogadosfm\/2026\/03\/12\/festa-de-marco-comeca-com-valorizacao-de-artistas-da-terra-em-irajai\/\" \/>\n<meta property=\"og:site_name\" content=\"Afogados FM\" \/>\n<meta property=\"article:published_time\" content=\"2026-03-12T10:36:17+00:00\" \/>\n<meta property=\"og:image\" content=\"https:\/\/afogadosfm.com.br\/afogadosfm\/wp-content\/uploads\/2026\/03\/WhatsApp-Image-2026-03-12-at-07.31.03.jpeg\" \/>\n\t<meta property=\"og:image:width\" content=\"1000\" \/>\n\t<meta property=\"og:image:height\" content=\"850\" \/>\n\t<meta property=\"og:image:type\" content=\"image\/jpeg\" \/>\n<meta name=\"author\" content=\"afogadosfm\" \/>\n<meta name=\"twitter:card\" content=\"summary_large_image\" \/>\n<meta name=\"twitter:label1\" content=\"Escrito por\" \/>\n\t<meta name=\"twitter:data1\" content=\"afogadosfm\" \/>\n\t<meta name=\"twitter:label2\" content=\"Est. tempo de leitura\" \/>\n\t<meta name=\"twitter:data2\" content=\"2 minutos\" \/>\n<script type=\"application\/ld+json\" class=\"yoast-schema-graph\">{\"@context\":\"https:\\\/\\\/schema.org\",\"@graph\":[{\"@type\":\"Article\",\"@id\":\"https:\\\/\\\/afogadosfm.com.br\\\/afogadosfm\\\/2026\\\/03\\\/12\\\/festa-de-marco-comeca-com-valorizacao-de-artistas-da-terra-em-irajai\\\/#article\",\"isPartOf\":{\"@id\":\"https:\\\/\\\/afogadosfm.com.br\\\/afogadosfm\\\/2026\\\/03\\\/12\\\/festa-de-marco-comeca-com-valorizacao-de-artistas-da-terra-em-irajai\\\/\"},\"author\":{\"name\":\"afogadosfm\",\"@id\":\"https:\\\/\\\/afogadosfm.com.br\\\/afogadosfm\\\/#\\\/schema\\\/person\\\/60e56f2cf5dc960fc093fe093d9e9057\"},\"headline\":\"Festa de Mar\u00e7o come\u00e7a com valoriza\u00e7\u00e3o de artistas da terra em Iraja\u00ed\",\"datePublished\":\"2026-03-12T10:36:17+00:00\",\"mainEntityOfPage\":{\"@id\":\"https:\\\/\\\/afogadosfm.com.br\\\/afogadosfm\\\/2026\\\/03\\\/12\\\/festa-de-marco-comeca-com-valorizacao-de-artistas-da-terra-em-irajai\\\/\"},\"wordCount\":333,\"commentCount\":0,\"publisher\":{\"@id\":\"https:\\\/\\\/afogadosfm.com.br\\\/afogadosfm\\\/#organization\"},\"image\":{\"@id\":\"https:\\\/\\\/afogadosfm.com.br\\\/afogadosfm\\\/2026\\\/03\\\/12\\\/festa-de-marco-comeca-com-valorizacao-de-artistas-da-terra-em-irajai\\\/#primaryimage\"},\"thumbnailUrl\":\"https:\\\/\\\/i0.wp.com\\\/afogadosfm.com.br\\\/afogadosfm\\\/wp-content\\\/uploads\\\/2026\\\/03\\\/WhatsApp-Image-2026-03-12-at-07.31.03.jpeg?fit=1000%2C850&ssl=1\",\"articleSection\":[\"Sert\u00e3o\"],\"inLanguage\":\"pt-BR\",\"potentialAction\":[{\"@type\":\"CommentAction\",\"name\":\"Comment\",\"target\":[\"https:\\\/\\\/afogadosfm.com.br\\\/afogadosfm\\\/2026\\\/03\\\/12\\\/festa-de-marco-comeca-com-valorizacao-de-artistas-da-terra-em-irajai\\\/#respond\"]}]},{\"@type\":\"WebPage\",\"@id\":\"https:\\\/\\\/afogadosfm.com.br\\\/afogadosfm\\\/2026\\\/03\\\/12\\\/festa-de-marco-comeca-com-valorizacao-de-artistas-da-terra-em-irajai\\\/\",\"url\":\"https:\\\/\\\/afogadosfm.com.br\\\/afogadosfm\\\/2026\\\/03\\\/12\\\/festa-de-marco-comeca-com-valorizacao-de-artistas-da-terra-em-irajai\\\/\",\"name\":\"Festa de Mar\u00e7o come\u00e7a com valoriza\u00e7\u00e3o de artistas da terra em Iraja\u00ed - Afogados FM\",\"isPartOf\":{\"@id\":\"https:\\\/\\\/afogadosfm.com.br\\\/afogadosfm\\\/#website\"},\"primaryImageOfPage\":{\"@id\":\"https:\\\/\\\/afogadosfm.com.br\\\/afogadosfm\\\/2026\\\/03\\\/12\\\/festa-de-marco-comeca-com-valorizacao-de-artistas-da-terra-em-irajai\\\/#primaryimage\"},\"image\":{\"@id\":\"https:\\\/\\\/afogadosfm.com.br\\\/afogadosfm\\\/2026\\\/03\\\/12\\\/festa-de-marco-comeca-com-valorizacao-de-artistas-da-terra-em-irajai\\\/#primaryimage\"},\"thumbnailUrl\":\"https:\\\/\\\/i0.wp.com\\\/afogadosfm.com.br\\\/afogadosfm\\\/wp-content\\\/uploads\\\/2026\\\/03\\\/WhatsApp-Image-2026-03-12-at-07.31.03.jpeg?fit=1000%2C850&ssl=1\",\"datePublished\":\"2026-03-12T10:36:17+00:00\",\"breadcrumb\":{\"@id\":\"https:\\\/\\\/afogadosfm.com.br\\\/afogadosfm\\\/2026\\\/03\\\/12\\\/festa-de-marco-comeca-com-valorizacao-de-artistas-da-terra-em-irajai\\\/#breadcrumb\"},\"inLanguage\":\"pt-BR\",\"potentialAction\":[{\"@type\":\"ReadAction\",\"target\":[\"https:\\\/\\\/afogadosfm.com.br\\\/afogadosfm\\\/2026\\\/03\\\/12\\\/festa-de-marco-comeca-com-valorizacao-de-artistas-da-terra-em-irajai\\\/\"]}]},{\"@type\":\"ImageObject\",\"inLanguage\":\"pt-BR\",\"@id\":\"https:\\\/\\\/afogadosfm.com.br\\\/afogadosfm\\\/2026\\\/03\\\/12\\\/festa-de-marco-comeca-com-valorizacao-de-artistas-da-terra-em-irajai\\\/#primaryimage\",\"url\":\"https:\\\/\\\/i0.wp.com\\\/afogadosfm.com.br\\\/afogadosfm\\\/wp-content\\\/uploads\\\/2026\\\/03\\\/WhatsApp-Image-2026-03-12-at-07.31.03.jpeg?fit=1000%2C850&ssl=1\",\"contentUrl\":\"https:\\\/\\\/i0.wp.com\\\/afogadosfm.com.br\\\/afogadosfm\\\/wp-content\\\/uploads\\\/2026\\\/03\\\/WhatsApp-Image-2026-03-12-at-07.31.03.jpeg?fit=1000%2C850&ssl=1\",\"width\":1000,\"height\":850},{\"@type\":\"BreadcrumbList\",\"@id\":\"https:\\\/\\\/afogadosfm.com.br\\\/afogadosfm\\\/2026\\\/03\\\/12\\\/festa-de-marco-comeca-com-valorizacao-de-artistas-da-terra-em-irajai\\\/#breadcrumb\",\"itemListElement\":[{\"@type\":\"ListItem\",\"position\":1,\"name\":\"In\u00edcio\",\"item\":\"https:\\\/\\\/afogadosfm.com.br\\\/afogadosfm\\\/\"},{\"@type\":\"ListItem\",\"position\":2,\"name\":\"Festa de Mar\u00e7o come\u00e7a com valoriza\u00e7\u00e3o de artistas da terra em Iraja\u00ed\"}]},{\"@type\":\"WebSite\",\"@id\":\"https:\\\/\\\/afogadosfm.com.br\\\/afogadosfm\\\/#website\",\"url\":\"https:\\\/\\\/afogadosfm.com.br\\\/afogadosfm\\\/\",\"name\":\"Afogados FM\",\"description\":\"Um site completo!\",\"publisher\":{\"@id\":\"https:\\\/\\\/afogadosfm.com.br\\\/afogadosfm\\\/#organization\"},\"potentialAction\":[{\"@type\":\"SearchAction\",\"target\":{\"@type\":\"EntryPoint\",\"urlTemplate\":\"https:\\\/\\\/afogadosfm.com.br\\\/afogadosfm\\\/?s={search_term_string}\"},\"query-input\":{\"@type\":\"PropertyValueSpecification\",\"valueRequired\":true,\"valueName\":\"search_term_string\"}}],\"inLanguage\":\"pt-BR\"},{\"@type\":\"Organization\",\"@id\":\"https:\\\/\\\/afogadosfm.com.br\\\/afogadosfm\\\/#organization\",\"name\":\"Afogados FM\",\"url\":\"https:\\\/\\\/afogadosfm.com.br\\\/afogadosfm\\\/\",\"logo\":{\"@type\":\"ImageObject\",\"inLanguage\":\"pt-BR\",\"@id\":\"https:\\\/\\\/afogadosfm.com.br\\\/afogadosfm\\\/#\\\/schema\\\/logo\\\/image\\\/\",\"url\":\"https:\\\/\\\/i0.wp.com\\\/afogadosfm.com.br\\\/afogadosfm\\\/wp-content\\\/uploads\\\/2020\\\/06\\\/cropped-banner-afogados-4.jpg?fit=369%2C137&ssl=1\",\"contentUrl\":\"https:\\\/\\\/i0.wp.com\\\/afogadosfm.com.br\\\/afogadosfm\\\/wp-content\\\/uploads\\\/2020\\\/06\\\/cropped-banner-afogados-4.jpg?fit=369%2C137&ssl=1\",\"width\":369,\"height\":137,\"caption\":\"Afogados FM\"},\"image\":{\"@id\":\"https:\\\/\\\/afogadosfm.com.br\\\/afogadosfm\\\/#\\\/schema\\\/logo\\\/image\\\/\"}},{\"@type\":\"Person\",\"@id\":\"https:\\\/\\\/afogadosfm.com.br\\\/afogadosfm\\\/#\\\/schema\\\/person\\\/60e56f2cf5dc960fc093fe093d9e9057\",\"name\":\"afogadosfm\",\"image\":{\"@type\":\"ImageObject\",\"inLanguage\":\"pt-BR\",\"@id\":\"https:\\\/\\\/secure.gravatar.com\\\/avatar\\\/e0359add7ed5dc3560906d861b52c6a8cf5c1e199d3a7dd85070998f49bd4701?s=96&d=mm&r=g\",\"url\":\"https:\\\/\\\/secure.gravatar.com\\\/avatar\\\/e0359add7ed5dc3560906d861b52c6a8cf5c1e199d3a7dd85070998f49bd4701?s=96&d=mm&r=g\",\"contentUrl\":\"https:\\\/\\\/secure.gravatar.com\\\/avatar\\\/e0359add7ed5dc3560906d861b52c6a8cf5c1e199d3a7dd85070998f49bd4701?s=96&d=mm&r=g\",\"caption\":\"afogadosfm\"},\"url\":\"https:\\\/\\\/afogadosfm.com.br\\\/afogadosfm\\\/author\\\/afogadosfm\\\/\"}]}<\/script>\n<!-- \/ Yoast SEO plugin. -->","yoast_head_json":{"title":"Festa de Mar\u00e7o come\u00e7a com valoriza\u00e7\u00e3o de artistas da terra em Iraja\u00ed - Afogados FM","robots":{"index":"index","follow":"follow","max-snippet":"max-snippet:-1","max-image-preview":"max-image-preview:large","max-video-preview":"max-video-preview:-1"},"canonical":"https:\/\/afogadosfm.com.br\/afogadosfm\/2026\/03\/12\/festa-de-marco-comeca-com-valorizacao-de-artistas-da-terra-em-irajai\/","og_locale":"pt_BR","og_type":"article","og_title":"Festa de Mar\u00e7o come\u00e7a com valoriza\u00e7\u00e3o de artistas da terra em Iraja\u00ed - Afogados FM","og_description":"A tradicional Festa de Mar\u00e7o 2026 teve sua abertura oficial na ultima ter\u00e7a-feira (10), no distrito de Iraja\u00ed, em Iguaracy,","og_url":"https:\/\/afogadosfm.com.br\/afogadosfm\/2026\/03\/12\/festa-de-marco-comeca-com-valorizacao-de-artistas-da-terra-em-irajai\/","og_site_name":"Afogados FM","article_published_time":"2026-03-12T10:36:17+00:00","og_image":[{"width":1000,"height":850,"url":"https:\/\/afogadosfm.com.br\/afogadosfm\/wp-content\/uploads\/2026\/03\/WhatsApp-Image-2026-03-12-at-07.31.03.jpeg","type":"image\/jpeg"}],"author":"afogadosfm","twitter_card":"summary_large_image","twitter_misc":{"Escrito por":"afogadosfm","Est. tempo de leitura":"2 minutos"},"schema":{"@context":"https:\/\/schema.org","@graph":[{"@type":"Article","@id":"https:\/\/afogadosfm.com.br\/afogadosfm\/2026\/03\/12\/festa-de-marco-comeca-com-valorizacao-de-artistas-da-terra-em-irajai\/#article","isPartOf":{"@id":"https:\/\/afogadosfm.com.br\/afogadosfm\/2026\/03\/12\/festa-de-marco-comeca-com-valorizacao-de-artistas-da-terra-em-irajai\/"},"author":{"name":"afogadosfm","@id":"https:\/\/afogadosfm.com.br\/afogadosfm\/#\/schema\/person\/60e56f2cf5dc960fc093fe093d9e9057"},"headline":"Festa de Mar\u00e7o come\u00e7a com valoriza\u00e7\u00e3o de artistas da terra em Iraja\u00ed","datePublished":"2026-03-12T10:36:17+00:00","mainEntityOfPage":{"@id":"https:\/\/afogadosfm.com.br\/afogadosfm\/2026\/03\/12\/festa-de-marco-comeca-com-valorizacao-de-artistas-da-terra-em-irajai\/"},"wordCount":333,"commentCount":0,"publisher":{"@id":"https:\/\/afogadosfm.com.br\/afogadosfm\/#organization"},"image":{"@id":"https:\/\/afogadosfm.com.br\/afogadosfm\/2026\/03\/12\/festa-de-marco-comeca-com-valorizacao-de-artistas-da-terra-em-irajai\/#primaryimage"},"thumbnailUrl":"https:\/\/i0.wp.com\/afogadosfm.com.br\/afogadosfm\/wp-content\/uploads\/2026\/03\/WhatsApp-Image-2026-03-12-at-07.31.03.jpeg?fit=1000%2C850&ssl=1","articleSection":["Sert\u00e3o"],"inLanguage":"pt-BR","potentialAction":[{"@type":"CommentAction","name":"Comment","target":["https:\/\/afogadosfm.com.br\/afogadosfm\/2026\/03\/12\/festa-de-marco-comeca-com-valorizacao-de-artistas-da-terra-em-irajai\/#respond"]}]},{"@type":"WebPage","@id":"https:\/\/afogadosfm.com.br\/afogadosfm\/2026\/03\/12\/festa-de-marco-comeca-com-valorizacao-de-artistas-da-terra-em-irajai\/","url":"https:\/\/afogadosfm.com.br\/afogadosfm\/2026\/03\/12\/festa-de-marco-comeca-com-valorizacao-de-artistas-da-terra-em-irajai\/","name":"Festa de Mar\u00e7o come\u00e7a com valoriza\u00e7\u00e3o de artistas da terra em Iraja\u00ed - Afogados FM","isPartOf":{"@id":"https:\/\/afogadosfm.com.br\/afogadosfm\/#website"},"primaryImageOfPage":{"@id":"https:\/\/afogadosfm.com.br\/afogadosfm\/2026\/03\/12\/festa-de-marco-comeca-com-valorizacao-de-artistas-da-terra-em-irajai\/#primaryimage"},"image":{"@id":"https:\/\/afogadosfm.com.br\/afogadosfm\/2026\/03\/12\/festa-de-marco-comeca-com-valorizacao-de-artistas-da-terra-em-irajai\/#primaryimage"},"thumbnailUrl":"https:\/\/i0.wp.com\/afogadosfm.com.br\/afogadosfm\/wp-content\/uploads\/2026\/03\/WhatsApp-Image-2026-03-12-at-07.31.03.jpeg?fit=1000%2C850&ssl=1","datePublished":"2026-03-12T10:36:17+00:00","breadcrumb":{"@id":"https:\/\/afogadosfm.com.br\/afogadosfm\/2026\/03\/12\/festa-de-marco-comeca-com-valorizacao-de-artistas-da-terra-em-irajai\/#breadcrumb"},"inLanguage":"pt-BR","potentialAction":[{"@type":"ReadAction","target":["https:\/\/afogadosfm.com.br\/afogadosfm\/2026\/03\/12\/festa-de-marco-comeca-com-valorizacao-de-artistas-da-terra-em-irajai\/"]}]},{"@type":"ImageObject","inLanguage":"pt-BR","@id":"https:\/\/afogadosfm.com.br\/afogadosfm\/2026\/03\/12\/festa-de-marco-comeca-com-valorizacao-de-artistas-da-terra-em-irajai\/#primaryimage","url":"https:\/\/i0.wp.com\/afogadosfm.com.br\/afogadosfm\/wp-content\/uploads\/2026\/03\/WhatsApp-Image-2026-03-12-at-07.31.03.jpeg?fit=1000%2C850&ssl=1","contentUrl":"https:\/\/i0.wp.com\/afogadosfm.com.br\/afogadosfm\/wp-content\/uploads\/2026\/03\/WhatsApp-Image-2026-03-12-at-07.31.03.jpeg?fit=1000%2C850&ssl=1","width":1000,"height":850},{"@type":"BreadcrumbList","@id":"https:\/\/afogadosfm.com.br\/afogadosfm\/2026\/03\/12\/festa-de-marco-comeca-com-valorizacao-de-artistas-da-terra-em-irajai\/#breadcrumb","itemListElement":[{"@type":"ListItem","position":1,"name":"In\u00edcio","item":"https:\/\/afogadosfm.com.br\/afogadosfm\/"},{"@type":"ListItem","position":2,"name":"Festa de Mar\u00e7o come\u00e7a com valoriza\u00e7\u00e3o de artistas da terra em Iraja\u00ed"}]},{"@type":"WebSite","@id":"https:\/\/afogadosfm.com.br\/afogadosfm\/#website","url":"https:\/\/afogadosfm.com.br\/afogadosfm\/","name":"Afogados FM","description":"Um site completo!","publisher":{"@id":"https:\/\/afogadosfm.com.br\/afogadosfm\/#organization"},"potentialAction":[{"@type":"SearchAction","target":{"@type":"EntryPoint","urlTemplate":"https:\/\/afogadosfm.com.br\/afogadosfm\/?s={search_term_string}"},"query-input":{"@type":"PropertyValueSpecification","valueRequired":true,"valueName":"search_term_string"}}],"inLanguage":"pt-BR"},{"@type":"Organization","@id":"https:\/\/afogadosfm.com.br\/afogadosfm\/#organization","name":"Afogados FM","url":"https:\/\/afogadosfm.com.br\/afogadosfm\/","logo":{"@type":"ImageObject","inLanguage":"pt-BR","@id":"https:\/\/afogadosfm.com.br\/afogadosfm\/#\/schema\/logo\/image\/","url":"https:\/\/i0.wp.com\/afogadosfm.com.br\/afogadosfm\/wp-content\/uploads\/2020\/06\/cropped-banner-afogados-4.jpg?fit=369%2C137&ssl=1","contentUrl":"https:\/\/i0.wp.com\/afogadosfm.com.br\/afogadosfm\/wp-content\/uploads\/2020\/06\/cropped-banner-afogados-4.jpg?fit=369%2C137&ssl=1","width":369,"height":137,"caption":"Afogados FM"},"image":{"@id":"https:\/\/afogadosfm.com.br\/afogadosfm\/#\/schema\/logo\/image\/"}},{"@type":"Person","@id":"https:\/\/afogadosfm.com.br\/afogadosfm\/#\/schema\/person\/60e56f2cf5dc960fc093fe093d9e9057","name":"afogadosfm","image":{"@type":"ImageObject","inLanguage":"pt-BR","@id":"https:\/\/secure.gravatar.com\/avatar\/e0359add7ed5dc3560906d861b52c6a8cf5c1e199d3a7dd85070998f49bd4701?s=96&d=mm&r=g","url":"https:\/\/secure.gravatar.com\/avatar\/e0359add7ed5dc3560906d861b52c6a8cf5c1e199d3a7dd85070998f49bd4701?s=96&d=mm&r=g","contentUrl":"https:\/\/secure.gravatar.com\/avatar\/e0359add7ed5dc3560906d861b52c6a8cf5c1e199d3a7dd85070998f49bd4701?s=96&d=mm&r=g","caption":"afogadosfm"},"url":"https:\/\/afogadosfm.com.br\/afogadosfm\/author\/afogadosfm\/"}]}},"jetpack_publicize_connections":[],"jetpack_featured_media_url":"https:\/\/i0.wp.com\/afogadosfm.com.br\/afogadosfm\/wp-content\/uploads\/2026\/03\/WhatsApp-Image-2026-03-12-at-07.31.03.jpeg?fit=1000%2C850&ssl=1","jetpack-related-posts":[],"jetpack_sharing_enabled":true,"jetpack_likes_enabled":true,"_links":{"self":[{"href":"https:\/\/afogadosfm.com.br\/afogadosfm\/wp-json\/wp\/v2\/posts\/73209","targetHints":{"allow":["GET"]}}],"collection":[{"href":"https:\/\/afogadosfm.com.br\/afogadosfm\/wp-json\/wp\/v2\/posts"}],"about":[{"href":"https:\/\/afogadosfm.com.br\/afogadosfm\/wp-json\/wp\/v2\/types\/post"}],"author":[{"embeddable":true,"href":"https:\/\/afogadosfm.com.br\/afogadosfm\/wp-json\/wp\/v2\/users\/2"}],"replies":[{"embeddable":true,"href":"https:\/\/afogadosfm.com.br\/afogadosfm\/wp-json\/wp\/v2\/comments?post=73209"}],"version-history":[{"count":1,"href":"https:\/\/afogadosfm.com.br\/afogadosfm\/wp-json\/wp\/v2\/posts\/73209\/revisions"}],"predecessor-version":[{"id":73211,"href":"https:\/\/afogadosfm.com.br\/afogadosfm\/wp-json\/wp\/v2\/posts\/73209\/revisions\/73211"}],"wp:featuredmedia":[{"embeddable":true,"href":"https:\/\/afogadosfm.com.br\/afogadosfm\/wp-json\/wp\/v2\/media\/73210"}],"wp:attachment":[{"href":"https:\/\/afogadosfm.com.br\/afogadosfm\/wp-json\/wp\/v2\/media?parent=73209"}],"wp:term":[{"taxonomy":"category","embeddable":true,"href":"https:\/\/afogadosfm.com.br\/afogadosfm\/wp-json\/wp\/v2\/categories?post=73209"},{"taxonomy":"post_tag","embeddable":true,"href":"https:\/\/afogadosfm.com.br\/afogadosfm\/wp-json\/wp\/v2\/tags?post=73209"}],"curies":[{"name":"wp","href":"https:\/\/api.w.org\/{rel}","templated":true}]}}