{"id":73217,"date":"2026-03-12T08:12:44","date_gmt":"2026-03-12T11:12:44","guid":{"rendered":"https:\/\/afogadosfm.com.br\/afogadosfm\/?p=73217"},"modified":"2026-03-12T08:12:44","modified_gmt":"2026-03-12T11:12:44","slug":"policia-recuperou-em-patos-carga-de-cosmeticos-avaliada-em-mais-de-r-200-mil-furtada-na-bahia","status":"publish","type":"post","link":"https:\/\/afogadosfm.com.br\/afogadosfm\/2026\/03\/12\/policia-recuperou-em-patos-carga-de-cosmeticos-avaliada-em-mais-de-r-200-mil-furtada-na-bahia\/","title":{"rendered":"Pol\u00edcia recuperou em Patos carga de cosm\u00e9ticos avaliada em mais de R$ 200 mil furtada na Bahia"},"content":{"rendered":"<p>Uma a\u00e7\u00e3o da Pol\u00edcia Militar resultou na recupera\u00e7\u00e3o de uma carga de cosm\u00e9ticos avaliada em cerca de R$ 206 mil na cidade de Patos, no Sert\u00e3o da Para\u00edba. O material havia sido furtado no in\u00edcio deste m\u00eas no estado da Bahia.<\/p>\n<p>De acordo com informa\u00e7\u00f5es da corpora\u00e7\u00e3o, a localiza\u00e7\u00e3o da mercadoria ocorreu ap\u00f3s equipes do Batalh\u00e3o de Policiamento de Choque (BPChoque) receberem den\u00fancias indicando que os produtos estariam armazenados de forma irregular em uma resid\u00eancia no bairro Jardim Queiroz.<\/p>\n<p>Diante das informa\u00e7\u00f5es, policiais das equipes PATAMOS realizaram dilig\u00eancias no endere\u00e7o indicado. No local, os militares encontraram diversas caixas com cosm\u00e9ticos e, durante a verifica\u00e7\u00e3o, constataram que os n\u00fameros de lote dos produtos coincidiam com os itens da carga furtada. Al\u00e9m disso, as notas fiscais apresentadas n\u00e3o correspondiam \u00e0 quantidade de mercadorias encontrada.<\/p>\n<p>Com a confirma\u00e7\u00e3o da irregularidade, toda a carga foi apreendida. Dois suspeitos que estavam no im\u00f3vel foram conduzidos \u00e0 Delegacia de Roubos e Furtos de Patos, onde foram apresentados \u00e0 autoridade policial para a ado\u00e7\u00e3o dos procedimentos legais.<\/p>\n<p>A pol\u00edcia segue investigando o caso para identificar outros poss\u00edveis envolvidos na recepta\u00e7\u00e3o e no transporte da mercadoria furtada.<\/p>\n","protected":false},"excerpt":{"rendered":"<p>Uma a\u00e7\u00e3o da Pol\u00edcia Militar resultou na recupera\u00e7\u00e3o de uma carga de cosm\u00e9ticos avaliada em cerca de R$ 206 mil<\/p>\n","protected":false},"author":2,"featured_media":73218,"comment_status":"open","ping_status":"open","sticky":false,"template":"","format":"standard","meta":{"jetpack_post_was_ever_published":false,"_jetpack_newsletter_access":"","_jetpack_dont_email_post_to_subs":false,"_jetpack_newsletter_tier_id":0,"_jetpack_memberships_contains_paywalled_content":false,"_jetpack_memberships_contains_paid_content":false,"footnotes":"","jetpack_publicize_message":"","jetpack_publicize_feature_enabled":true,"jetpack_social_post_already_shared":true,"jetpack_social_options":{"image_generator_settings":{"template":"highway","default_image_id":0,"font":"","enabled":false},"version":2}},"categories":[43],"tags":[],"class_list":["post-73217","post","type-post","status-publish","format-standard","has-post-thumbnail","hentry","category-paraiba"],"yoast_head":"<!-- This site is optimized with the Yoast SEO plugin v27.5 - https:\/\/yoast.com\/product\/yoast-seo-wordpress\/ -->\n<title>Pol\u00edcia recuperou em Patos carga de cosm\u00e9ticos avaliada em mais de R$ 200 mil furtada na Bahia - Afogados FM<\/title>\n<meta name=\"robots\" content=\"index, follow, max-snippet:-1, max-image-preview:large, max-video-preview:-1\" \/>\n<link rel=\"canonical\" href=\"https:\/\/afogadosfm.com.br\/afogadosfm\/2026\/03\/12\/policia-recuperou-em-patos-carga-de-cosmeticos-avaliada-em-mais-de-r-200-mil-furtada-na-bahia\/\" \/>\n<meta property=\"og:locale\" content=\"pt_BR\" \/>\n<meta property=\"og:type\" content=\"article\" \/>\n<meta property=\"og:title\" content=\"Pol\u00edcia recuperou em Patos carga de cosm\u00e9ticos avaliada em mais de R$ 200 mil furtada na Bahia - Afogados FM\" \/>\n<meta property=\"og:description\" content=\"Uma a\u00e7\u00e3o da Pol\u00edcia Militar resultou na recupera\u00e7\u00e3o de uma carga de cosm\u00e9ticos avaliada em cerca de R$ 206 mil\" \/>\n<meta property=\"og:url\" content=\"https:\/\/afogadosfm.com.br\/afogadosfm\/2026\/03\/12\/policia-recuperou-em-patos-carga-de-cosmeticos-avaliada-em-mais-de-r-200-mil-furtada-na-bahia\/\" \/>\n<meta property=\"og:site_name\" content=\"Afogados FM\" \/>\n<meta property=\"article:published_time\" content=\"2026-03-12T11:12:44+00:00\" \/>\n<meta property=\"og:image\" content=\"https:\/\/afogadosfm.com.br\/afogadosfm\/wp-content\/uploads\/2026\/03\/7ced6287e4dc9b75241b3038504e6c44.webp\" \/>\n\t<meta property=\"og:image:width\" content=\"750\" \/>\n\t<meta property=\"og:image:height\" content=\"420\" \/>\n\t<meta property=\"og:image:type\" content=\"image\/webp\" \/>\n<meta name=\"author\" content=\"afogadosfm\" \/>\n<meta name=\"twitter:card\" content=\"summary_large_image\" \/>\n<meta name=\"twitter:label1\" content=\"Escrito por\" \/>\n\t<meta name=\"twitter:data1\" content=\"afogadosfm\" \/>\n\t<meta name=\"twitter:label2\" content=\"Est. tempo de leitura\" \/>\n\t<meta name=\"twitter:data2\" content=\"2 minutos\" \/>\n<script type=\"application\/ld+json\" class=\"yoast-schema-graph\">{\"@context\":\"https:\\\/\\\/schema.org\",\"@graph\":[{\"@type\":\"Article\",\"@id\":\"https:\\\/\\\/afogadosfm.com.br\\\/afogadosfm\\\/2026\\\/03\\\/12\\\/policia-recuperou-em-patos-carga-de-cosmeticos-avaliada-em-mais-de-r-200-mil-furtada-na-bahia\\\/#article\",\"isPartOf\":{\"@id\":\"https:\\\/\\\/afogadosfm.com.br\\\/afogadosfm\\\/2026\\\/03\\\/12\\\/policia-recuperou-em-patos-carga-de-cosmeticos-avaliada-em-mais-de-r-200-mil-furtada-na-bahia\\\/\"},\"author\":{\"name\":\"afogadosfm\",\"@id\":\"https:\\\/\\\/afogadosfm.com.br\\\/afogadosfm\\\/#\\\/schema\\\/person\\\/60e56f2cf5dc960fc093fe093d9e9057\"},\"headline\":\"Pol\u00edcia recuperou em Patos carga de cosm\u00e9ticos avaliada em mais de R$ 200 mil furtada na Bahia\",\"datePublished\":\"2026-03-12T11:12:44+00:00\",\"mainEntityOfPage\":{\"@id\":\"https:\\\/\\\/afogadosfm.com.br\\\/afogadosfm\\\/2026\\\/03\\\/12\\\/policia-recuperou-em-patos-carga-de-cosmeticos-avaliada-em-mais-de-r-200-mil-furtada-na-bahia\\\/\"},\"wordCount\":232,\"commentCount\":0,\"publisher\":{\"@id\":\"https:\\\/\\\/afogadosfm.com.br\\\/afogadosfm\\\/#organization\"},\"image\":{\"@id\":\"https:\\\/\\\/afogadosfm.com.br\\\/afogadosfm\\\/2026\\\/03\\\/12\\\/policia-recuperou-em-patos-carga-de-cosmeticos-avaliada-em-mais-de-r-200-mil-furtada-na-bahia\\\/#primaryimage\"},\"thumbnailUrl\":\"https:\\\/\\\/i0.wp.com\\\/afogadosfm.com.br\\\/afogadosfm\\\/wp-content\\\/uploads\\\/2026\\\/03\\\/7ced6287e4dc9b75241b3038504e6c44.webp?fit=750%2C420&ssl=1\",\"articleSection\":[\"Para\u00edba\"],\"inLanguage\":\"pt-BR\",\"potentialAction\":[{\"@type\":\"CommentAction\",\"name\":\"Comment\",\"target\":[\"https:\\\/\\\/afogadosfm.com.br\\\/afogadosfm\\\/2026\\\/03\\\/12\\\/policia-recuperou-em-patos-carga-de-cosmeticos-avaliada-em-mais-de-r-200-mil-furtada-na-bahia\\\/#respond\"]}]},{\"@type\":\"WebPage\",\"@id\":\"https:\\\/\\\/afogadosfm.com.br\\\/afogadosfm\\\/2026\\\/03\\\/12\\\/policia-recuperou-em-patos-carga-de-cosmeticos-avaliada-em-mais-de-r-200-mil-furtada-na-bahia\\\/\",\"url\":\"https:\\\/\\\/afogadosfm.com.br\\\/afogadosfm\\\/2026\\\/03\\\/12\\\/policia-recuperou-em-patos-carga-de-cosmeticos-avaliada-em-mais-de-r-200-mil-furtada-na-bahia\\\/\",\"name\":\"Pol\u00edcia recuperou em Patos carga de cosm\u00e9ticos avaliada em mais de R$ 200 mil furtada na Bahia - Afogados FM\",\"isPartOf\":{\"@id\":\"https:\\\/\\\/afogadosfm.com.br\\\/afogadosfm\\\/#website\"},\"primaryImageOfPage\":{\"@id\":\"https:\\\/\\\/afogadosfm.com.br\\\/afogadosfm\\\/2026\\\/03\\\/12\\\/policia-recuperou-em-patos-carga-de-cosmeticos-avaliada-em-mais-de-r-200-mil-furtada-na-bahia\\\/#primaryimage\"},\"image\":{\"@id\":\"https:\\\/\\\/afogadosfm.com.br\\\/afogadosfm\\\/2026\\\/03\\\/12\\\/policia-recuperou-em-patos-carga-de-cosmeticos-avaliada-em-mais-de-r-200-mil-furtada-na-bahia\\\/#primaryimage\"},\"thumbnailUrl\":\"https:\\\/\\\/i0.wp.com\\\/afogadosfm.com.br\\\/afogadosfm\\\/wp-content\\\/uploads\\\/2026\\\/03\\\/7ced6287e4dc9b75241b3038504e6c44.webp?fit=750%2C420&ssl=1\",\"datePublished\":\"2026-03-12T11:12:44+00:00\",\"breadcrumb\":{\"@id\":\"https:\\\/\\\/afogadosfm.com.br\\\/afogadosfm\\\/2026\\\/03\\\/12\\\/policia-recuperou-em-patos-carga-de-cosmeticos-avaliada-em-mais-de-r-200-mil-furtada-na-bahia\\\/#breadcrumb\"},\"inLanguage\":\"pt-BR\",\"potentialAction\":[{\"@type\":\"ReadAction\",\"target\":[\"https:\\\/\\\/afogadosfm.com.br\\\/afogadosfm\\\/2026\\\/03\\\/12\\\/policia-recuperou-em-patos-carga-de-cosmeticos-avaliada-em-mais-de-r-200-mil-furtada-na-bahia\\\/\"]}]},{\"@type\":\"ImageObject\",\"inLanguage\":\"pt-BR\",\"@id\":\"https:\\\/\\\/afogadosfm.com.br\\\/afogadosfm\\\/2026\\\/03\\\/12\\\/policia-recuperou-em-patos-carga-de-cosmeticos-avaliada-em-mais-de-r-200-mil-furtada-na-bahia\\\/#primaryimage\",\"url\":\"https:\\\/\\\/i0.wp.com\\\/afogadosfm.com.br\\\/afogadosfm\\\/wp-content\\\/uploads\\\/2026\\\/03\\\/7ced6287e4dc9b75241b3038504e6c44.webp?fit=750%2C420&ssl=1\",\"contentUrl\":\"https:\\\/\\\/i0.wp.com\\\/afogadosfm.com.br\\\/afogadosfm\\\/wp-content\\\/uploads\\\/2026\\\/03\\\/7ced6287e4dc9b75241b3038504e6c44.webp?fit=750%2C420&ssl=1\",\"width\":750,\"height\":420},{\"@type\":\"BreadcrumbList\",\"@id\":\"https:\\\/\\\/afogadosfm.com.br\\\/afogadosfm\\\/2026\\\/03\\\/12\\\/policia-recuperou-em-patos-carga-de-cosmeticos-avaliada-em-mais-de-r-200-mil-furtada-na-bahia\\\/#breadcrumb\",\"itemListElement\":[{\"@type\":\"ListItem\",\"position\":1,\"name\":\"In\u00edcio\",\"item\":\"https:\\\/\\\/afogadosfm.com.br\\\/afogadosfm\\\/\"},{\"@type\":\"ListItem\",\"position\":2,\"name\":\"Pol\u00edcia recuperou em Patos carga de cosm\u00e9ticos avaliada em mais de R$ 200 mil furtada na Bahia\"}]},{\"@type\":\"WebSite\",\"@id\":\"https:\\\/\\\/afogadosfm.com.br\\\/afogadosfm\\\/#website\",\"url\":\"https:\\\/\\\/afogadosfm.com.br\\\/afogadosfm\\\/\",\"name\":\"Afogados FM\",\"description\":\"Um site completo!\",\"publisher\":{\"@id\":\"https:\\\/\\\/afogadosfm.com.br\\\/afogadosfm\\\/#organization\"},\"potentialAction\":[{\"@type\":\"SearchAction\",\"target\":{\"@type\":\"EntryPoint\",\"urlTemplate\":\"https:\\\/\\\/afogadosfm.com.br\\\/afogadosfm\\\/?s={search_term_string}\"},\"query-input\":{\"@type\":\"PropertyValueSpecification\",\"valueRequired\":true,\"valueName\":\"search_term_string\"}}],\"inLanguage\":\"pt-BR\"},{\"@type\":\"Organization\",\"@id\":\"https:\\\/\\\/afogadosfm.com.br\\\/afogadosfm\\\/#organization\",\"name\":\"Afogados FM\",\"url\":\"https:\\\/\\\/afogadosfm.com.br\\\/afogadosfm\\\/\",\"logo\":{\"@type\":\"ImageObject\",\"inLanguage\":\"pt-BR\",\"@id\":\"https:\\\/\\\/afogadosfm.com.br\\\/afogadosfm\\\/#\\\/schema\\\/logo\\\/image\\\/\",\"url\":\"https:\\\/\\\/i0.wp.com\\\/afogadosfm.com.br\\\/afogadosfm\\\/wp-content\\\/uploads\\\/2020\\\/06\\\/cropped-banner-afogados-4.jpg?fit=369%2C137&ssl=1\",\"contentUrl\":\"https:\\\/\\\/i0.wp.com\\\/afogadosfm.com.br\\\/afogadosfm\\\/wp-content\\\/uploads\\\/2020\\\/06\\\/cropped-banner-afogados-4.jpg?fit=369%2C137&ssl=1\",\"width\":369,\"height\":137,\"caption\":\"Afogados FM\"},\"image\":{\"@id\":\"https:\\\/\\\/afogadosfm.com.br\\\/afogadosfm\\\/#\\\/schema\\\/logo\\\/image\\\/\"}},{\"@type\":\"Person\",\"@id\":\"https:\\\/\\\/afogadosfm.com.br\\\/afogadosfm\\\/#\\\/schema\\\/person\\\/60e56f2cf5dc960fc093fe093d9e9057\",\"name\":\"afogadosfm\",\"image\":{\"@type\":\"ImageObject\",\"inLanguage\":\"pt-BR\",\"@id\":\"https:\\\/\\\/secure.gravatar.com\\\/avatar\\\/e0359add7ed5dc3560906d861b52c6a8cf5c1e199d3a7dd85070998f49bd4701?s=96&d=mm&r=g\",\"url\":\"https:\\\/\\\/secure.gravatar.com\\\/avatar\\\/e0359add7ed5dc3560906d861b52c6a8cf5c1e199d3a7dd85070998f49bd4701?s=96&d=mm&r=g\",\"contentUrl\":\"https:\\\/\\\/secure.gravatar.com\\\/avatar\\\/e0359add7ed5dc3560906d861b52c6a8cf5c1e199d3a7dd85070998f49bd4701?s=96&d=mm&r=g\",\"caption\":\"afogadosfm\"},\"url\":\"https:\\\/\\\/afogadosfm.com.br\\\/afogadosfm\\\/author\\\/afogadosfm\\\/\"}]}<\/script>\n<!-- \/ Yoast SEO plugin. -->","yoast_head_json":{"title":"Pol\u00edcia recuperou em Patos carga de cosm\u00e9ticos avaliada em mais de R$ 200 mil furtada na Bahia - Afogados FM","robots":{"index":"index","follow":"follow","max-snippet":"max-snippet:-1","max-image-preview":"max-image-preview:large","max-video-preview":"max-video-preview:-1"},"canonical":"https:\/\/afogadosfm.com.br\/afogadosfm\/2026\/03\/12\/policia-recuperou-em-patos-carga-de-cosmeticos-avaliada-em-mais-de-r-200-mil-furtada-na-bahia\/","og_locale":"pt_BR","og_type":"article","og_title":"Pol\u00edcia recuperou em Patos carga de cosm\u00e9ticos avaliada em mais de R$ 200 mil furtada na Bahia - Afogados FM","og_description":"Uma a\u00e7\u00e3o da Pol\u00edcia Militar resultou na recupera\u00e7\u00e3o de uma carga de cosm\u00e9ticos avaliada em cerca de R$ 206 mil","og_url":"https:\/\/afogadosfm.com.br\/afogadosfm\/2026\/03\/12\/policia-recuperou-em-patos-carga-de-cosmeticos-avaliada-em-mais-de-r-200-mil-furtada-na-bahia\/","og_site_name":"Afogados FM","article_published_time":"2026-03-12T11:12:44+00:00","og_image":[{"width":750,"height":420,"url":"https:\/\/afogadosfm.com.br\/afogadosfm\/wp-content\/uploads\/2026\/03\/7ced6287e4dc9b75241b3038504e6c44.webp","type":"image\/webp"}],"author":"afogadosfm","twitter_card":"summary_large_image","twitter_misc":{"Escrito por":"afogadosfm","Est. tempo de leitura":"2 minutos"},"schema":{"@context":"https:\/\/schema.org","@graph":[{"@type":"Article","@id":"https:\/\/afogadosfm.com.br\/afogadosfm\/2026\/03\/12\/policia-recuperou-em-patos-carga-de-cosmeticos-avaliada-em-mais-de-r-200-mil-furtada-na-bahia\/#article","isPartOf":{"@id":"https:\/\/afogadosfm.com.br\/afogadosfm\/2026\/03\/12\/policia-recuperou-em-patos-carga-de-cosmeticos-avaliada-em-mais-de-r-200-mil-furtada-na-bahia\/"},"author":{"name":"afogadosfm","@id":"https:\/\/afogadosfm.com.br\/afogadosfm\/#\/schema\/person\/60e56f2cf5dc960fc093fe093d9e9057"},"headline":"Pol\u00edcia recuperou em Patos carga de cosm\u00e9ticos avaliada em mais de R$ 200 mil furtada na Bahia","datePublished":"2026-03-12T11:12:44+00:00","mainEntityOfPage":{"@id":"https:\/\/afogadosfm.com.br\/afogadosfm\/2026\/03\/12\/policia-recuperou-em-patos-carga-de-cosmeticos-avaliada-em-mais-de-r-200-mil-furtada-na-bahia\/"},"wordCount":232,"commentCount":0,"publisher":{"@id":"https:\/\/afogadosfm.com.br\/afogadosfm\/#organization"},"image":{"@id":"https:\/\/afogadosfm.com.br\/afogadosfm\/2026\/03\/12\/policia-recuperou-em-patos-carga-de-cosmeticos-avaliada-em-mais-de-r-200-mil-furtada-na-bahia\/#primaryimage"},"thumbnailUrl":"https:\/\/i0.wp.com\/afogadosfm.com.br\/afogadosfm\/wp-content\/uploads\/2026\/03\/7ced6287e4dc9b75241b3038504e6c44.webp?fit=750%2C420&ssl=1","articleSection":["Para\u00edba"],"inLanguage":"pt-BR","potentialAction":[{"@type":"CommentAction","name":"Comment","target":["https:\/\/afogadosfm.com.br\/afogadosfm\/2026\/03\/12\/policia-recuperou-em-patos-carga-de-cosmeticos-avaliada-em-mais-de-r-200-mil-furtada-na-bahia\/#respond"]}]},{"@type":"WebPage","@id":"https:\/\/afogadosfm.com.br\/afogadosfm\/2026\/03\/12\/policia-recuperou-em-patos-carga-de-cosmeticos-avaliada-em-mais-de-r-200-mil-furtada-na-bahia\/","url":"https:\/\/afogadosfm.com.br\/afogadosfm\/2026\/03\/12\/policia-recuperou-em-patos-carga-de-cosmeticos-avaliada-em-mais-de-r-200-mil-furtada-na-bahia\/","name":"Pol\u00edcia recuperou em Patos carga de cosm\u00e9ticos avaliada em mais de R$ 200 mil furtada na Bahia - Afogados FM","isPartOf":{"@id":"https:\/\/afogadosfm.com.br\/afogadosfm\/#website"},"primaryImageOfPage":{"@id":"https:\/\/afogadosfm.com.br\/afogadosfm\/2026\/03\/12\/policia-recuperou-em-patos-carga-de-cosmeticos-avaliada-em-mais-de-r-200-mil-furtada-na-bahia\/#primaryimage"},"image":{"@id":"https:\/\/afogadosfm.com.br\/afogadosfm\/2026\/03\/12\/policia-recuperou-em-patos-carga-de-cosmeticos-avaliada-em-mais-de-r-200-mil-furtada-na-bahia\/#primaryimage"},"thumbnailUrl":"https:\/\/i0.wp.com\/afogadosfm.com.br\/afogadosfm\/wp-content\/uploads\/2026\/03\/7ced6287e4dc9b75241b3038504e6c44.webp?fit=750%2C420&ssl=1","datePublished":"2026-03-12T11:12:44+00:00","breadcrumb":{"@id":"https:\/\/afogadosfm.com.br\/afogadosfm\/2026\/03\/12\/policia-recuperou-em-patos-carga-de-cosmeticos-avaliada-em-mais-de-r-200-mil-furtada-na-bahia\/#breadcrumb"},"inLanguage":"pt-BR","potentialAction":[{"@type":"ReadAction","target":["https:\/\/afogadosfm.com.br\/afogadosfm\/2026\/03\/12\/policia-recuperou-em-patos-carga-de-cosmeticos-avaliada-em-mais-de-r-200-mil-furtada-na-bahia\/"]}]},{"@type":"ImageObject","inLanguage":"pt-BR","@id":"https:\/\/afogadosfm.com.br\/afogadosfm\/2026\/03\/12\/policia-recuperou-em-patos-carga-de-cosmeticos-avaliada-em-mais-de-r-200-mil-furtada-na-bahia\/#primaryimage","url":"https:\/\/i0.wp.com\/afogadosfm.com.br\/afogadosfm\/wp-content\/uploads\/2026\/03\/7ced6287e4dc9b75241b3038504e6c44.webp?fit=750%2C420&ssl=1","contentUrl":"https:\/\/i0.wp.com\/afogadosfm.com.br\/afogadosfm\/wp-content\/uploads\/2026\/03\/7ced6287e4dc9b75241b3038504e6c44.webp?fit=750%2C420&ssl=1","width":750,"height":420},{"@type":"BreadcrumbList","@id":"https:\/\/afogadosfm.com.br\/afogadosfm\/2026\/03\/12\/policia-recuperou-em-patos-carga-de-cosmeticos-avaliada-em-mais-de-r-200-mil-furtada-na-bahia\/#breadcrumb","itemListElement":[{"@type":"ListItem","position":1,"name":"In\u00edcio","item":"https:\/\/afogadosfm.com.br\/afogadosfm\/"},{"@type":"ListItem","position":2,"name":"Pol\u00edcia recuperou em Patos carga de cosm\u00e9ticos avaliada em mais de R$ 200 mil furtada na Bahia"}]},{"@type":"WebSite","@id":"https:\/\/afogadosfm.com.br\/afogadosfm\/#website","url":"https:\/\/afogadosfm.com.br\/afogadosfm\/","name":"Afogados FM","description":"Um site completo!","publisher":{"@id":"https:\/\/afogadosfm.com.br\/afogadosfm\/#organization"},"potentialAction":[{"@type":"SearchAction","target":{"@type":"EntryPoint","urlTemplate":"https:\/\/afogadosfm.com.br\/afogadosfm\/?s={search_term_string}"},"query-input":{"@type":"PropertyValueSpecification","valueRequired":true,"valueName":"search_term_string"}}],"inLanguage":"pt-BR"},{"@type":"Organization","@id":"https:\/\/afogadosfm.com.br\/afogadosfm\/#organization","name":"Afogados FM","url":"https:\/\/afogadosfm.com.br\/afogadosfm\/","logo":{"@type":"ImageObject","inLanguage":"pt-BR","@id":"https:\/\/afogadosfm.com.br\/afogadosfm\/#\/schema\/logo\/image\/","url":"https:\/\/i0.wp.com\/afogadosfm.com.br\/afogadosfm\/wp-content\/uploads\/2020\/06\/cropped-banner-afogados-4.jpg?fit=369%2C137&ssl=1","contentUrl":"https:\/\/i0.wp.com\/afogadosfm.com.br\/afogadosfm\/wp-content\/uploads\/2020\/06\/cropped-banner-afogados-4.jpg?fit=369%2C137&ssl=1","width":369,"height":137,"caption":"Afogados FM"},"image":{"@id":"https:\/\/afogadosfm.com.br\/afogadosfm\/#\/schema\/logo\/image\/"}},{"@type":"Person","@id":"https:\/\/afogadosfm.com.br\/afogadosfm\/#\/schema\/person\/60e56f2cf5dc960fc093fe093d9e9057","name":"afogadosfm","image":{"@type":"ImageObject","inLanguage":"pt-BR","@id":"https:\/\/secure.gravatar.com\/avatar\/e0359add7ed5dc3560906d861b52c6a8cf5c1e199d3a7dd85070998f49bd4701?s=96&d=mm&r=g","url":"https:\/\/secure.gravatar.com\/avatar\/e0359add7ed5dc3560906d861b52c6a8cf5c1e199d3a7dd85070998f49bd4701?s=96&d=mm&r=g","contentUrl":"https:\/\/secure.gravatar.com\/avatar\/e0359add7ed5dc3560906d861b52c6a8cf5c1e199d3a7dd85070998f49bd4701?s=96&d=mm&r=g","caption":"afogadosfm"},"url":"https:\/\/afogadosfm.com.br\/afogadosfm\/author\/afogadosfm\/"}]}},"jetpack_publicize_connections":[],"jetpack_featured_media_url":"https:\/\/i0.wp.com\/afogadosfm.com.br\/afogadosfm\/wp-content\/uploads\/2026\/03\/7ced6287e4dc9b75241b3038504e6c44.webp?fit=750%2C420&ssl=1","jetpack-related-posts":[],"jetpack_sharing_enabled":true,"jetpack_likes_enabled":true,"_links":{"self":[{"href":"https:\/\/afogadosfm.com.br\/afogadosfm\/wp-json\/wp\/v2\/posts\/73217","targetHints":{"allow":["GET"]}}],"collection":[{"href":"https:\/\/afogadosfm.com.br\/afogadosfm\/wp-json\/wp\/v2\/posts"}],"about":[{"href":"https:\/\/afogadosfm.com.br\/afogadosfm\/wp-json\/wp\/v2\/types\/post"}],"author":[{"embeddable":true,"href":"https:\/\/afogadosfm.com.br\/afogadosfm\/wp-json\/wp\/v2\/users\/2"}],"replies":[{"embeddable":true,"href":"https:\/\/afogadosfm.com.br\/afogadosfm\/wp-json\/wp\/v2\/comments?post=73217"}],"version-history":[{"count":1,"href":"https:\/\/afogadosfm.com.br\/afogadosfm\/wp-json\/wp\/v2\/posts\/73217\/revisions"}],"predecessor-version":[{"id":73219,"href":"https:\/\/afogadosfm.com.br\/afogadosfm\/wp-json\/wp\/v2\/posts\/73217\/revisions\/73219"}],"wp:featuredmedia":[{"embeddable":true,"href":"https:\/\/afogadosfm.com.br\/afogadosfm\/wp-json\/wp\/v2\/media\/73218"}],"wp:attachment":[{"href":"https:\/\/afogadosfm.com.br\/afogadosfm\/wp-json\/wp\/v2\/media?parent=73217"}],"wp:term":[{"taxonomy":"category","embeddable":true,"href":"https:\/\/afogadosfm.com.br\/afogadosfm\/wp-json\/wp\/v2\/categories?post=73217"},{"taxonomy":"post_tag","embeddable":true,"href":"https:\/\/afogadosfm.com.br\/afogadosfm\/wp-json\/wp\/v2\/tags?post=73217"}],"curies":[{"name":"wp","href":"https:\/\/api.w.org\/{rel}","templated":true}]}}