{"id":73220,"date":"2026-03-12T08:14:34","date_gmt":"2026-03-12T11:14:34","guid":{"rendered":"https:\/\/afogadosfm.com.br\/afogadosfm\/?p=73220"},"modified":"2026-03-12T08:14:34","modified_gmt":"2026-03-12T11:14:34","slug":"dois-ex-vereadores-de-ibirajuba-no-agreste-de-pernambuco-foram-condenados-a-prisao-por-desvio-de-dinheiro","status":"publish","type":"post","link":"https:\/\/afogadosfm.com.br\/afogadosfm\/2026\/03\/12\/dois-ex-vereadores-de-ibirajuba-no-agreste-de-pernambuco-foram-condenados-a-prisao-por-desvio-de-dinheiro\/","title":{"rendered":"Dois ex-vereadores de Ibirajuba, no Agreste de Pernambuco, foram condenados \u00e0 pris\u00e3o por desvio de dinheiro"},"content":{"rendered":"<p>Dois ex-vereadores de Ibirajuba, no Agreste de Pernambuco, foram condenados \u00e0 pris\u00e3o por desvio de dinheiro com nomea\u00e7\u00e3o de funcion\u00e1rios fantasmas e pr\u00e1tica de rachadinha. Os ex-vereadores s\u00e3o acusados de nomear como funcion\u00e1rios da C\u00e2mara de Ibirajuba a bab\u00e1 dos filhos de um deles e o empregado da farm\u00e1cia privada do outro.<\/p>\n<p>Segundo a den\u00fancia, o ex-vereador Orlando Cordeiro de Oliveira, enquanto presidente da C\u00e2mara, nomeou Jos\u00e9 Jo\u00e3o Filho para cargo comissionado. Jos\u00e9 Jo\u00e3o, entretanto, trabalhava na farm\u00e1cia de Orlando, e o sal\u00e1rio pago pega C\u00e2mara seria repassado, em sua maior parte, ao ex-vereador.<\/p>\n<p>Orlando tamb\u00e9m nomeou Elianeide Zubem da Silva, que prestava servi\u00e7os de bab\u00e1 na resid\u00eancia do vereador Jonas Batista Freitas Costa. Os valores recebidos pela empregada seriam desviados tamb\u00e9m para Jonas.<\/p>\n<p>O processo teve in\u00edcio em 2018. Em 2016, Jonas havia sido eleito pelo ent\u00e3o PTC, atual Agir; enquanto Orlando, que tinha a alcunha Orlando Veterin\u00e1rio, era do PSB.<\/p>\n<p>Em interrogat\u00f3rio, Orlando confessou o delito com rela\u00e7\u00e3o ao seu empregado, admitindo que ele n\u00e3o exercia fun\u00e7\u00e3o na C\u00e2mara de Vereadores e que devolvia parte do sal\u00e1rio pago pela Casa Legislativa.<\/p>\n<p>Tamb\u00e9m foram ouvidas quatro funcion\u00e1rias da C\u00e2mara, que afirmaram nunca ter visto Jos\u00e9 Jo\u00e3o Filho no local. \u201cPelo contr\u00e1rio, confirmaram que ele era visto trabalhando na farm\u00e1cia de Orlando, inclusive durante o hor\u00e1rio de expediente da C\u00e2mara\u201c, escreve o juiz Jo\u00e3o Paulo dos Santos Lima, da Vara \u00danica da Comarca de Altinho, do Tribunal de Justi\u00e7a de Pernambuco (TJPE).<\/p>\n<p>O funcion\u00e1rio tamb\u00e9m confessou sua participa\u00e7\u00e3o no esquema.<\/p>\n<p>Bab\u00e1<\/p>\n<p>Jonas Costa admitiu que Elianeide trabalhava em sua casa, mas alegou que ela ficava \u201c\u00e0 disposi\u00e7\u00e3o da C\u00e2mara\u201d.<\/p>\n<p>\u201cTal vers\u00e3o \u00e9 desmentida de forma cabal e un\u00e2nime pelas testemunhas\u201c, acrescenta o juiz na senten\u00e7a assinada em 16 de fevereiro deste ano.<\/p>\n<p>Segundo as testemunhas, a mulher s\u00f3 passou a frequentar o local diariamente ap\u00f3s o in\u00edcio das investiga\u00e7\u00f5es policiais e, mesmo assim, \u201cfazia nada\u201d.<\/p>\n","protected":false},"excerpt":{"rendered":"<p>Dois ex-vereadores de Ibirajuba, no Agreste de Pernambuco, foram condenados \u00e0 pris\u00e3o por desvio de dinheiro com nomea\u00e7\u00e3o de funcion\u00e1rios<\/p>\n","protected":false},"author":2,"featured_media":35855,"comment_status":"open","ping_status":"open","sticky":false,"template":"","format":"standard","meta":{"jetpack_post_was_ever_published":false,"_jetpack_newsletter_access":"","_jetpack_dont_email_post_to_subs":false,"_jetpack_newsletter_tier_id":0,"_jetpack_memberships_contains_paywalled_content":false,"_jetpack_memberships_contains_paid_content":false,"footnotes":"","jetpack_publicize_message":"","jetpack_publicize_feature_enabled":true,"jetpack_social_post_already_shared":true,"jetpack_social_options":{"image_generator_settings":{"template":"highway","default_image_id":0,"font":"","enabled":false},"version":2}},"categories":[13],"tags":[],"class_list":["post-73220","post","type-post","status-publish","format-standard","has-post-thumbnail","hentry","category-pernambuco"],"yoast_head":"<!-- This site is optimized with the Yoast SEO plugin v27.5 - https:\/\/yoast.com\/product\/yoast-seo-wordpress\/ -->\n<title>Dois ex-vereadores de Ibirajuba, no Agreste de Pernambuco, foram condenados \u00e0 pris\u00e3o por desvio de dinheiro - Afogados FM<\/title>\n<meta name=\"robots\" content=\"index, follow, max-snippet:-1, max-image-preview:large, max-video-preview:-1\" \/>\n<link rel=\"canonical\" href=\"https:\/\/afogadosfm.com.br\/afogadosfm\/2026\/03\/12\/dois-ex-vereadores-de-ibirajuba-no-agreste-de-pernambuco-foram-condenados-a-prisao-por-desvio-de-dinheiro\/\" \/>\n<meta property=\"og:locale\" content=\"pt_BR\" \/>\n<meta property=\"og:type\" content=\"article\" \/>\n<meta property=\"og:title\" content=\"Dois ex-vereadores de Ibirajuba, no Agreste de Pernambuco, foram condenados \u00e0 pris\u00e3o por desvio de dinheiro - Afogados FM\" \/>\n<meta property=\"og:description\" content=\"Dois ex-vereadores de Ibirajuba, no Agreste de Pernambuco, foram condenados \u00e0 pris\u00e3o por desvio de dinheiro com nomea\u00e7\u00e3o de funcion\u00e1rios\" \/>\n<meta property=\"og:url\" content=\"https:\/\/afogadosfm.com.br\/afogadosfm\/2026\/03\/12\/dois-ex-vereadores-de-ibirajuba-no-agreste-de-pernambuco-foram-condenados-a-prisao-por-desvio-de-dinheiro\/\" \/>\n<meta property=\"og:site_name\" content=\"Afogados FM\" \/>\n<meta property=\"article:published_time\" content=\"2026-03-12T11:14:34+00:00\" \/>\n<meta property=\"og:image\" content=\"https:\/\/afogadosfm.com.br\/afogadosfm\/wp-content\/uploads\/2022\/03\/policiaplan.jpg\" \/>\n\t<meta property=\"og:image:width\" content=\"284\" \/>\n\t<meta property=\"og:image:height\" content=\"177\" \/>\n\t<meta property=\"og:image:type\" content=\"image\/jpeg\" \/>\n<meta name=\"author\" content=\"afogadosfm\" \/>\n<meta name=\"twitter:card\" content=\"summary_large_image\" \/>\n<meta name=\"twitter:label1\" content=\"Escrito por\" \/>\n\t<meta name=\"twitter:data1\" content=\"afogadosfm\" \/>\n\t<meta name=\"twitter:label2\" content=\"Est. tempo de leitura\" \/>\n\t<meta name=\"twitter:data2\" content=\"2 minutos\" \/>\n<script type=\"application\/ld+json\" class=\"yoast-schema-graph\">{\"@context\":\"https:\\\/\\\/schema.org\",\"@graph\":[{\"@type\":\"Article\",\"@id\":\"https:\\\/\\\/afogadosfm.com.br\\\/afogadosfm\\\/2026\\\/03\\\/12\\\/dois-ex-vereadores-de-ibirajuba-no-agreste-de-pernambuco-foram-condenados-a-prisao-por-desvio-de-dinheiro\\\/#article\",\"isPartOf\":{\"@id\":\"https:\\\/\\\/afogadosfm.com.br\\\/afogadosfm\\\/2026\\\/03\\\/12\\\/dois-ex-vereadores-de-ibirajuba-no-agreste-de-pernambuco-foram-condenados-a-prisao-por-desvio-de-dinheiro\\\/\"},\"author\":{\"name\":\"afogadosfm\",\"@id\":\"https:\\\/\\\/afogadosfm.com.br\\\/afogadosfm\\\/#\\\/schema\\\/person\\\/60e56f2cf5dc960fc093fe093d9e9057\"},\"headline\":\"Dois ex-vereadores de Ibirajuba, no Agreste de Pernambuco, foram condenados \u00e0 pris\u00e3o por desvio de dinheiro\",\"datePublished\":\"2026-03-12T11:14:34+00:00\",\"mainEntityOfPage\":{\"@id\":\"https:\\\/\\\/afogadosfm.com.br\\\/afogadosfm\\\/2026\\\/03\\\/12\\\/dois-ex-vereadores-de-ibirajuba-no-agreste-de-pernambuco-foram-condenados-a-prisao-por-desvio-de-dinheiro\\\/\"},\"wordCount\":374,\"commentCount\":0,\"publisher\":{\"@id\":\"https:\\\/\\\/afogadosfm.com.br\\\/afogadosfm\\\/#organization\"},\"image\":{\"@id\":\"https:\\\/\\\/afogadosfm.com.br\\\/afogadosfm\\\/2026\\\/03\\\/12\\\/dois-ex-vereadores-de-ibirajuba-no-agreste-de-pernambuco-foram-condenados-a-prisao-por-desvio-de-dinheiro\\\/#primaryimage\"},\"thumbnailUrl\":\"https:\\\/\\\/i0.wp.com\\\/afogadosfm.com.br\\\/afogadosfm\\\/wp-content\\\/uploads\\\/2022\\\/03\\\/policiaplan.jpg?fit=284%2C177&ssl=1\",\"articleSection\":[\"Pernambuco\"],\"inLanguage\":\"pt-BR\",\"potentialAction\":[{\"@type\":\"CommentAction\",\"name\":\"Comment\",\"target\":[\"https:\\\/\\\/afogadosfm.com.br\\\/afogadosfm\\\/2026\\\/03\\\/12\\\/dois-ex-vereadores-de-ibirajuba-no-agreste-de-pernambuco-foram-condenados-a-prisao-por-desvio-de-dinheiro\\\/#respond\"]}]},{\"@type\":\"WebPage\",\"@id\":\"https:\\\/\\\/afogadosfm.com.br\\\/afogadosfm\\\/2026\\\/03\\\/12\\\/dois-ex-vereadores-de-ibirajuba-no-agreste-de-pernambuco-foram-condenados-a-prisao-por-desvio-de-dinheiro\\\/\",\"url\":\"https:\\\/\\\/afogadosfm.com.br\\\/afogadosfm\\\/2026\\\/03\\\/12\\\/dois-ex-vereadores-de-ibirajuba-no-agreste-de-pernambuco-foram-condenados-a-prisao-por-desvio-de-dinheiro\\\/\",\"name\":\"Dois ex-vereadores de Ibirajuba, no Agreste de Pernambuco, foram condenados \u00e0 pris\u00e3o por desvio de dinheiro - Afogados FM\",\"isPartOf\":{\"@id\":\"https:\\\/\\\/afogadosfm.com.br\\\/afogadosfm\\\/#website\"},\"primaryImageOfPage\":{\"@id\":\"https:\\\/\\\/afogadosfm.com.br\\\/afogadosfm\\\/2026\\\/03\\\/12\\\/dois-ex-vereadores-de-ibirajuba-no-agreste-de-pernambuco-foram-condenados-a-prisao-por-desvio-de-dinheiro\\\/#primaryimage\"},\"image\":{\"@id\":\"https:\\\/\\\/afogadosfm.com.br\\\/afogadosfm\\\/2026\\\/03\\\/12\\\/dois-ex-vereadores-de-ibirajuba-no-agreste-de-pernambuco-foram-condenados-a-prisao-por-desvio-de-dinheiro\\\/#primaryimage\"},\"thumbnailUrl\":\"https:\\\/\\\/i0.wp.com\\\/afogadosfm.com.br\\\/afogadosfm\\\/wp-content\\\/uploads\\\/2022\\\/03\\\/policiaplan.jpg?fit=284%2C177&ssl=1\",\"datePublished\":\"2026-03-12T11:14:34+00:00\",\"breadcrumb\":{\"@id\":\"https:\\\/\\\/afogadosfm.com.br\\\/afogadosfm\\\/2026\\\/03\\\/12\\\/dois-ex-vereadores-de-ibirajuba-no-agreste-de-pernambuco-foram-condenados-a-prisao-por-desvio-de-dinheiro\\\/#breadcrumb\"},\"inLanguage\":\"pt-BR\",\"potentialAction\":[{\"@type\":\"ReadAction\",\"target\":[\"https:\\\/\\\/afogadosfm.com.br\\\/afogadosfm\\\/2026\\\/03\\\/12\\\/dois-ex-vereadores-de-ibirajuba-no-agreste-de-pernambuco-foram-condenados-a-prisao-por-desvio-de-dinheiro\\\/\"]}]},{\"@type\":\"ImageObject\",\"inLanguage\":\"pt-BR\",\"@id\":\"https:\\\/\\\/afogadosfm.com.br\\\/afogadosfm\\\/2026\\\/03\\\/12\\\/dois-ex-vereadores-de-ibirajuba-no-agreste-de-pernambuco-foram-condenados-a-prisao-por-desvio-de-dinheiro\\\/#primaryimage\",\"url\":\"https:\\\/\\\/i0.wp.com\\\/afogadosfm.com.br\\\/afogadosfm\\\/wp-content\\\/uploads\\\/2022\\\/03\\\/policiaplan.jpg?fit=284%2C177&ssl=1\",\"contentUrl\":\"https:\\\/\\\/i0.wp.com\\\/afogadosfm.com.br\\\/afogadosfm\\\/wp-content\\\/uploads\\\/2022\\\/03\\\/policiaplan.jpg?fit=284%2C177&ssl=1\",\"width\":284,\"height\":177},{\"@type\":\"BreadcrumbList\",\"@id\":\"https:\\\/\\\/afogadosfm.com.br\\\/afogadosfm\\\/2026\\\/03\\\/12\\\/dois-ex-vereadores-de-ibirajuba-no-agreste-de-pernambuco-foram-condenados-a-prisao-por-desvio-de-dinheiro\\\/#breadcrumb\",\"itemListElement\":[{\"@type\":\"ListItem\",\"position\":1,\"name\":\"In\u00edcio\",\"item\":\"https:\\\/\\\/afogadosfm.com.br\\\/afogadosfm\\\/\"},{\"@type\":\"ListItem\",\"position\":2,\"name\":\"Dois ex-vereadores de Ibirajuba, no Agreste de Pernambuco, foram condenados \u00e0 pris\u00e3o por desvio de dinheiro\"}]},{\"@type\":\"WebSite\",\"@id\":\"https:\\\/\\\/afogadosfm.com.br\\\/afogadosfm\\\/#website\",\"url\":\"https:\\\/\\\/afogadosfm.com.br\\\/afogadosfm\\\/\",\"name\":\"Afogados FM\",\"description\":\"Um site completo!\",\"publisher\":{\"@id\":\"https:\\\/\\\/afogadosfm.com.br\\\/afogadosfm\\\/#organization\"},\"potentialAction\":[{\"@type\":\"SearchAction\",\"target\":{\"@type\":\"EntryPoint\",\"urlTemplate\":\"https:\\\/\\\/afogadosfm.com.br\\\/afogadosfm\\\/?s={search_term_string}\"},\"query-input\":{\"@type\":\"PropertyValueSpecification\",\"valueRequired\":true,\"valueName\":\"search_term_string\"}}],\"inLanguage\":\"pt-BR\"},{\"@type\":\"Organization\",\"@id\":\"https:\\\/\\\/afogadosfm.com.br\\\/afogadosfm\\\/#organization\",\"name\":\"Afogados FM\",\"url\":\"https:\\\/\\\/afogadosfm.com.br\\\/afogadosfm\\\/\",\"logo\":{\"@type\":\"ImageObject\",\"inLanguage\":\"pt-BR\",\"@id\":\"https:\\\/\\\/afogadosfm.com.br\\\/afogadosfm\\\/#\\\/schema\\\/logo\\\/image\\\/\",\"url\":\"https:\\\/\\\/i0.wp.com\\\/afogadosfm.com.br\\\/afogadosfm\\\/wp-content\\\/uploads\\\/2020\\\/06\\\/cropped-banner-afogados-4.jpg?fit=369%2C137&ssl=1\",\"contentUrl\":\"https:\\\/\\\/i0.wp.com\\\/afogadosfm.com.br\\\/afogadosfm\\\/wp-content\\\/uploads\\\/2020\\\/06\\\/cropped-banner-afogados-4.jpg?fit=369%2C137&ssl=1\",\"width\":369,\"height\":137,\"caption\":\"Afogados FM\"},\"image\":{\"@id\":\"https:\\\/\\\/afogadosfm.com.br\\\/afogadosfm\\\/#\\\/schema\\\/logo\\\/image\\\/\"}},{\"@type\":\"Person\",\"@id\":\"https:\\\/\\\/afogadosfm.com.br\\\/afogadosfm\\\/#\\\/schema\\\/person\\\/60e56f2cf5dc960fc093fe093d9e9057\",\"name\":\"afogadosfm\",\"image\":{\"@type\":\"ImageObject\",\"inLanguage\":\"pt-BR\",\"@id\":\"https:\\\/\\\/secure.gravatar.com\\\/avatar\\\/e0359add7ed5dc3560906d861b52c6a8cf5c1e199d3a7dd85070998f49bd4701?s=96&d=mm&r=g\",\"url\":\"https:\\\/\\\/secure.gravatar.com\\\/avatar\\\/e0359add7ed5dc3560906d861b52c6a8cf5c1e199d3a7dd85070998f49bd4701?s=96&d=mm&r=g\",\"contentUrl\":\"https:\\\/\\\/secure.gravatar.com\\\/avatar\\\/e0359add7ed5dc3560906d861b52c6a8cf5c1e199d3a7dd85070998f49bd4701?s=96&d=mm&r=g\",\"caption\":\"afogadosfm\"},\"url\":\"https:\\\/\\\/afogadosfm.com.br\\\/afogadosfm\\\/author\\\/afogadosfm\\\/\"}]}<\/script>\n<!-- \/ Yoast SEO plugin. -->","yoast_head_json":{"title":"Dois ex-vereadores de Ibirajuba, no Agreste de Pernambuco, foram condenados \u00e0 pris\u00e3o por desvio de dinheiro - Afogados FM","robots":{"index":"index","follow":"follow","max-snippet":"max-snippet:-1","max-image-preview":"max-image-preview:large","max-video-preview":"max-video-preview:-1"},"canonical":"https:\/\/afogadosfm.com.br\/afogadosfm\/2026\/03\/12\/dois-ex-vereadores-de-ibirajuba-no-agreste-de-pernambuco-foram-condenados-a-prisao-por-desvio-de-dinheiro\/","og_locale":"pt_BR","og_type":"article","og_title":"Dois ex-vereadores de Ibirajuba, no Agreste de Pernambuco, foram condenados \u00e0 pris\u00e3o por desvio de dinheiro - Afogados FM","og_description":"Dois ex-vereadores de Ibirajuba, no Agreste de Pernambuco, foram condenados \u00e0 pris\u00e3o por desvio de dinheiro com nomea\u00e7\u00e3o de funcion\u00e1rios","og_url":"https:\/\/afogadosfm.com.br\/afogadosfm\/2026\/03\/12\/dois-ex-vereadores-de-ibirajuba-no-agreste-de-pernambuco-foram-condenados-a-prisao-por-desvio-de-dinheiro\/","og_site_name":"Afogados FM","article_published_time":"2026-03-12T11:14:34+00:00","og_image":[{"width":284,"height":177,"url":"https:\/\/afogadosfm.com.br\/afogadosfm\/wp-content\/uploads\/2022\/03\/policiaplan.jpg","type":"image\/jpeg"}],"author":"afogadosfm","twitter_card":"summary_large_image","twitter_misc":{"Escrito por":"afogadosfm","Est. tempo de leitura":"2 minutos"},"schema":{"@context":"https:\/\/schema.org","@graph":[{"@type":"Article","@id":"https:\/\/afogadosfm.com.br\/afogadosfm\/2026\/03\/12\/dois-ex-vereadores-de-ibirajuba-no-agreste-de-pernambuco-foram-condenados-a-prisao-por-desvio-de-dinheiro\/#article","isPartOf":{"@id":"https:\/\/afogadosfm.com.br\/afogadosfm\/2026\/03\/12\/dois-ex-vereadores-de-ibirajuba-no-agreste-de-pernambuco-foram-condenados-a-prisao-por-desvio-de-dinheiro\/"},"author":{"name":"afogadosfm","@id":"https:\/\/afogadosfm.com.br\/afogadosfm\/#\/schema\/person\/60e56f2cf5dc960fc093fe093d9e9057"},"headline":"Dois ex-vereadores de Ibirajuba, no Agreste de Pernambuco, foram condenados \u00e0 pris\u00e3o por desvio de dinheiro","datePublished":"2026-03-12T11:14:34+00:00","mainEntityOfPage":{"@id":"https:\/\/afogadosfm.com.br\/afogadosfm\/2026\/03\/12\/dois-ex-vereadores-de-ibirajuba-no-agreste-de-pernambuco-foram-condenados-a-prisao-por-desvio-de-dinheiro\/"},"wordCount":374,"commentCount":0,"publisher":{"@id":"https:\/\/afogadosfm.com.br\/afogadosfm\/#organization"},"image":{"@id":"https:\/\/afogadosfm.com.br\/afogadosfm\/2026\/03\/12\/dois-ex-vereadores-de-ibirajuba-no-agreste-de-pernambuco-foram-condenados-a-prisao-por-desvio-de-dinheiro\/#primaryimage"},"thumbnailUrl":"https:\/\/i0.wp.com\/afogadosfm.com.br\/afogadosfm\/wp-content\/uploads\/2022\/03\/policiaplan.jpg?fit=284%2C177&ssl=1","articleSection":["Pernambuco"],"inLanguage":"pt-BR","potentialAction":[{"@type":"CommentAction","name":"Comment","target":["https:\/\/afogadosfm.com.br\/afogadosfm\/2026\/03\/12\/dois-ex-vereadores-de-ibirajuba-no-agreste-de-pernambuco-foram-condenados-a-prisao-por-desvio-de-dinheiro\/#respond"]}]},{"@type":"WebPage","@id":"https:\/\/afogadosfm.com.br\/afogadosfm\/2026\/03\/12\/dois-ex-vereadores-de-ibirajuba-no-agreste-de-pernambuco-foram-condenados-a-prisao-por-desvio-de-dinheiro\/","url":"https:\/\/afogadosfm.com.br\/afogadosfm\/2026\/03\/12\/dois-ex-vereadores-de-ibirajuba-no-agreste-de-pernambuco-foram-condenados-a-prisao-por-desvio-de-dinheiro\/","name":"Dois ex-vereadores de Ibirajuba, no Agreste de Pernambuco, foram condenados \u00e0 pris\u00e3o por desvio de dinheiro - Afogados FM","isPartOf":{"@id":"https:\/\/afogadosfm.com.br\/afogadosfm\/#website"},"primaryImageOfPage":{"@id":"https:\/\/afogadosfm.com.br\/afogadosfm\/2026\/03\/12\/dois-ex-vereadores-de-ibirajuba-no-agreste-de-pernambuco-foram-condenados-a-prisao-por-desvio-de-dinheiro\/#primaryimage"},"image":{"@id":"https:\/\/afogadosfm.com.br\/afogadosfm\/2026\/03\/12\/dois-ex-vereadores-de-ibirajuba-no-agreste-de-pernambuco-foram-condenados-a-prisao-por-desvio-de-dinheiro\/#primaryimage"},"thumbnailUrl":"https:\/\/i0.wp.com\/afogadosfm.com.br\/afogadosfm\/wp-content\/uploads\/2022\/03\/policiaplan.jpg?fit=284%2C177&ssl=1","datePublished":"2026-03-12T11:14:34+00:00","breadcrumb":{"@id":"https:\/\/afogadosfm.com.br\/afogadosfm\/2026\/03\/12\/dois-ex-vereadores-de-ibirajuba-no-agreste-de-pernambuco-foram-condenados-a-prisao-por-desvio-de-dinheiro\/#breadcrumb"},"inLanguage":"pt-BR","potentialAction":[{"@type":"ReadAction","target":["https:\/\/afogadosfm.com.br\/afogadosfm\/2026\/03\/12\/dois-ex-vereadores-de-ibirajuba-no-agreste-de-pernambuco-foram-condenados-a-prisao-por-desvio-de-dinheiro\/"]}]},{"@type":"ImageObject","inLanguage":"pt-BR","@id":"https:\/\/afogadosfm.com.br\/afogadosfm\/2026\/03\/12\/dois-ex-vereadores-de-ibirajuba-no-agreste-de-pernambuco-foram-condenados-a-prisao-por-desvio-de-dinheiro\/#primaryimage","url":"https:\/\/i0.wp.com\/afogadosfm.com.br\/afogadosfm\/wp-content\/uploads\/2022\/03\/policiaplan.jpg?fit=284%2C177&ssl=1","contentUrl":"https:\/\/i0.wp.com\/afogadosfm.com.br\/afogadosfm\/wp-content\/uploads\/2022\/03\/policiaplan.jpg?fit=284%2C177&ssl=1","width":284,"height":177},{"@type":"BreadcrumbList","@id":"https:\/\/afogadosfm.com.br\/afogadosfm\/2026\/03\/12\/dois-ex-vereadores-de-ibirajuba-no-agreste-de-pernambuco-foram-condenados-a-prisao-por-desvio-de-dinheiro\/#breadcrumb","itemListElement":[{"@type":"ListItem","position":1,"name":"In\u00edcio","item":"https:\/\/afogadosfm.com.br\/afogadosfm\/"},{"@type":"ListItem","position":2,"name":"Dois ex-vereadores de Ibirajuba, no Agreste de Pernambuco, foram condenados \u00e0 pris\u00e3o por desvio de dinheiro"}]},{"@type":"WebSite","@id":"https:\/\/afogadosfm.com.br\/afogadosfm\/#website","url":"https:\/\/afogadosfm.com.br\/afogadosfm\/","name":"Afogados FM","description":"Um site completo!","publisher":{"@id":"https:\/\/afogadosfm.com.br\/afogadosfm\/#organization"},"potentialAction":[{"@type":"SearchAction","target":{"@type":"EntryPoint","urlTemplate":"https:\/\/afogadosfm.com.br\/afogadosfm\/?s={search_term_string}"},"query-input":{"@type":"PropertyValueSpecification","valueRequired":true,"valueName":"search_term_string"}}],"inLanguage":"pt-BR"},{"@type":"Organization","@id":"https:\/\/afogadosfm.com.br\/afogadosfm\/#organization","name":"Afogados FM","url":"https:\/\/afogadosfm.com.br\/afogadosfm\/","logo":{"@type":"ImageObject","inLanguage":"pt-BR","@id":"https:\/\/afogadosfm.com.br\/afogadosfm\/#\/schema\/logo\/image\/","url":"https:\/\/i0.wp.com\/afogadosfm.com.br\/afogadosfm\/wp-content\/uploads\/2020\/06\/cropped-banner-afogados-4.jpg?fit=369%2C137&ssl=1","contentUrl":"https:\/\/i0.wp.com\/afogadosfm.com.br\/afogadosfm\/wp-content\/uploads\/2020\/06\/cropped-banner-afogados-4.jpg?fit=369%2C137&ssl=1","width":369,"height":137,"caption":"Afogados FM"},"image":{"@id":"https:\/\/afogadosfm.com.br\/afogadosfm\/#\/schema\/logo\/image\/"}},{"@type":"Person","@id":"https:\/\/afogadosfm.com.br\/afogadosfm\/#\/schema\/person\/60e56f2cf5dc960fc093fe093d9e9057","name":"afogadosfm","image":{"@type":"ImageObject","inLanguage":"pt-BR","@id":"https:\/\/secure.gravatar.com\/avatar\/e0359add7ed5dc3560906d861b52c6a8cf5c1e199d3a7dd85070998f49bd4701?s=96&d=mm&r=g","url":"https:\/\/secure.gravatar.com\/avatar\/e0359add7ed5dc3560906d861b52c6a8cf5c1e199d3a7dd85070998f49bd4701?s=96&d=mm&r=g","contentUrl":"https:\/\/secure.gravatar.com\/avatar\/e0359add7ed5dc3560906d861b52c6a8cf5c1e199d3a7dd85070998f49bd4701?s=96&d=mm&r=g","caption":"afogadosfm"},"url":"https:\/\/afogadosfm.com.br\/afogadosfm\/author\/afogadosfm\/"}]}},"jetpack_publicize_connections":[],"jetpack_featured_media_url":"https:\/\/i0.wp.com\/afogadosfm.com.br\/afogadosfm\/wp-content\/uploads\/2022\/03\/policiaplan.jpg?fit=284%2C177&ssl=1","jetpack-related-posts":[],"jetpack_sharing_enabled":true,"jetpack_likes_enabled":true,"_links":{"self":[{"href":"https:\/\/afogadosfm.com.br\/afogadosfm\/wp-json\/wp\/v2\/posts\/73220","targetHints":{"allow":["GET"]}}],"collection":[{"href":"https:\/\/afogadosfm.com.br\/afogadosfm\/wp-json\/wp\/v2\/posts"}],"about":[{"href":"https:\/\/afogadosfm.com.br\/afogadosfm\/wp-json\/wp\/v2\/types\/post"}],"author":[{"embeddable":true,"href":"https:\/\/afogadosfm.com.br\/afogadosfm\/wp-json\/wp\/v2\/users\/2"}],"replies":[{"embeddable":true,"href":"https:\/\/afogadosfm.com.br\/afogadosfm\/wp-json\/wp\/v2\/comments?post=73220"}],"version-history":[{"count":1,"href":"https:\/\/afogadosfm.com.br\/afogadosfm\/wp-json\/wp\/v2\/posts\/73220\/revisions"}],"predecessor-version":[{"id":73221,"href":"https:\/\/afogadosfm.com.br\/afogadosfm\/wp-json\/wp\/v2\/posts\/73220\/revisions\/73221"}],"wp:featuredmedia":[{"embeddable":true,"href":"https:\/\/afogadosfm.com.br\/afogadosfm\/wp-json\/wp\/v2\/media\/35855"}],"wp:attachment":[{"href":"https:\/\/afogadosfm.com.br\/afogadosfm\/wp-json\/wp\/v2\/media?parent=73220"}],"wp:term":[{"taxonomy":"category","embeddable":true,"href":"https:\/\/afogadosfm.com.br\/afogadosfm\/wp-json\/wp\/v2\/categories?post=73220"},{"taxonomy":"post_tag","embeddable":true,"href":"https:\/\/afogadosfm.com.br\/afogadosfm\/wp-json\/wp\/v2\/tags?post=73220"}],"curies":[{"name":"wp","href":"https:\/\/api.w.org\/{rel}","templated":true}]}}