{"id":73230,"date":"2026-03-12T09:21:37","date_gmt":"2026-03-12T12:21:37","guid":{"rendered":"https:\/\/afogadosfm.com.br\/afogadosfm\/?p=73230"},"modified":"2026-03-12T09:21:37","modified_gmt":"2026-03-12T12:21:37","slug":"aniversarios-do-recife-e-olinda-programacao-tera-shows-gratuitos-bolo-carnaval-e-orquestra","status":"publish","type":"post","link":"https:\/\/afogadosfm.com.br\/afogadosfm\/2026\/03\/12\/aniversarios-do-recife-e-olinda-programacao-tera-shows-gratuitos-bolo-carnaval-e-orquestra\/","title":{"rendered":"Anivers\u00e1rios do Recife e Olinda: programa\u00e7\u00e3o ter\u00e1 shows gratuitos, bolo, carnaval e orquestra"},"content":{"rendered":"<p class=\"texto\">Recife e Olinda comemoram, respectivamente, 489 e 491 anos, nesta quinta (12). Para celebrar a data, as cidades-irm\u00e3s preparam programa\u00e7\u00f5es gratuitas, repletas de cultura e m\u00fasica, que v\u00e3o se estender para outros dias de festa nos munic\u00edpios.<\/p>\n<p class=\"texto\">O<strong>\u00a0Diario<\/strong>\u00a0reuniu as atividades da capital e da Marim dos Caet\u00e9s. Confira:<\/p>\n<p class=\"texto\">O Recife conta com dezenas de eventos gratuitos ao longo do m\u00eas. A lista de eventos programados para os pr\u00f3ximos dias inclui salto de paraquedistas, concertos da Orquestra e da Banda Sinf\u00f4nica e o Recife Frevo Festival.<\/p>\n<p class=\"texto\"><strong>Concertos da Orquestra Sinf\u00f4nica do Recife<\/strong><\/p>\n<p class=\"texto\">A programa\u00e7\u00e3o estreia no palco do Teatro de Santa Isabel, com o in\u00edcio da temporada 2026 de concertos oficiais da Orquestra Sinf\u00f4nica do Recife. Ser\u00e3o duas apresenta\u00e7\u00f5es gratuitas, nos dias 11 e 12 de mar\u00e7o, a partir das 20h, com reg\u00eancia do maestro Jos\u00e9 Renato Accioly. O repert\u00f3rio celebrar\u00e1 o Recife e seus ritmos, o tamb\u00e9m aniversariante de mar\u00e7o Chico Science e o cinema feito em Pernambuco.<\/p>\n<p class=\"texto\">O programa, que ser\u00e1 apresentado nas duas noites, contar\u00e1 com as m\u00fasicas \u201cAlvorada\u201d, de Carlos Gomes, \u201cCanga\u00e7o de Vida e Morte\u201d, de Paulo Arruda, \u201cFantasia Asa Branca\u201d, de Hilson Costa, \u201cSu\u00edte Brasil S.A.\u201d, de Mateus Alves, \u201cSu\u00edte Na\u00e7\u00e3o Zumbi\u201d, de Chico Science, e \u201cRecife, Cidade Lend\u00e1ria\u201d, de Capiba, com arranjos de \u201cKidbone\u201d, al\u00e9m da aclamada m\u00fasica tema do filme \u201cAgente Secreto\u201d e da trilha do filme \u201cBacurau\u201d, ambas compostas tamb\u00e9m por Mateus Alves.<\/p>\n<p class=\"texto\">Os ingressos ser\u00e3o distribu\u00eddos gratuitamente, a partir das 10h do dia de cada apresenta\u00e7\u00e3o, no site https:\/\/ingressossantaisabel.recife.pe.gov.br\/, e na bilheteria do Santa Isabel, a partir das 19h.<\/p>\n<p class=\"texto\">A Orquestra volta a se apresentar nos dias 24 e 25 de mar\u00e7o, com novo repert\u00f3rio.<\/p>\n<p class=\"texto\"><strong>Recife Frevo Festival<\/strong><\/p>\n<p class=\"texto\">O Recife Frevo Festival sobe, no pr\u00f3ximo dia 12 de mar\u00e7o, ao palco do Teatro do Parque, celebrando as mulheres, tradicionais maestros e novos arranjos do frevo.<\/p>\n<p class=\"texto\">Com acesso gratuito e ingressos distribu\u00eddos a partir das 18h, a programa\u00e7\u00e3o ter\u00e1 in\u00edcio \u00e0s 19h, com duas orquestras em evid\u00eancia: a do maestro Edson Rodrigues e a Orquestra de Bolso, representando e congra\u00e7ando duas gera\u00e7\u00f5es do frevo.<\/p>\n<p class=\"texto\">A Orquestra de Bolso ir\u00e1 se apresentar acompanhada pelas vozes de Jota Michiles, Nailson Vieira, La\u00eds Senna e Isadora Melo e Rafael Marques. Tamb\u00e9m subir\u00e1 ao palco o projeto Duo Frevo, de C\u00e9sar Michiles e Romero Medeiros, al\u00e9m dos alunos da Companhia de Dan\u00e7a da Escola Municipal de Frevo Maestro Fernando Borges.<\/p>\n<p class=\"texto\">O festival recebe ainda interven\u00e7\u00f5es art\u00edsticas da dan\u00e7arina, pesquisadora e passista Ina\u00ea Silva e, no encerramento, o p\u00fablico poder\u00e1 conferir, na parte externa do teatro, o projeto multim\u00eddia Enigma do Frevo, de DJ Dolores.<\/p>\n<p class=\"texto\">J\u00e1 no dia 14, o festival promove uma etapa formativa no Pa\u00e7o do Frevo, tamb\u00e9m com acesso gratuito. A programa\u00e7\u00e3o inclui a Roda de Di\u00e1logo \u201cO Frevo \u00e9 Delas: Tradi\u00e7\u00e3o, Mercado e Inova\u00e7\u00e3o em Movimento\u201d, reunindo mulheres que atuam na m\u00fasica, na dan\u00e7a e na circula\u00e7\u00e3o do g\u00eanero para discutir ancestralidade, mercado, renova\u00e7\u00e3o est\u00e9tica e os desafios de manter o frevo ativo para al\u00e9m da sazonalidade. Antes da roda, o p\u00fablico assiste \u00e0 performance \u201cOlindina\u201d, de Rebeca Gondim.<\/p>\n<p class=\"texto\"><strong>Cinema<\/strong><\/p>\n<p class=\"texto\">Exibi\u00e7\u00e3o de Kleber Mendon\u00e7a no Cine Apipucos, Apresenta\u00e7\u00e3o da Orquestra Cidad\u00e3 e Festival Nova Brasil<\/p>\n<p class=\"texto\">No domingo (15), Parque Apipucos, em parceria com o projeto Cine Apipucos, a partir das 16h30, tem exibi\u00e7\u00f5es de document\u00e1rios e at\u00e9 um especial com os curtas de Kleber Mendon\u00e7a Filho. As exibi\u00e7\u00f5es acontecer\u00e3o ao ar livre, e os lugares ser\u00e3o ocupados por ordem de chegada.e curtir a telona ao ar livre.<\/p>\n<p class=\"texto\">Depois os Guerreiros do Passo se apresentar\u00e3o, das 20h30 \u00e0s 21h, e termina no tapete vermelho da cerim\u00f4nia do Oscar, que ser\u00e1 transmitida at\u00e9 a meia-noite. Os intervalos ser\u00e3o embalados pela discotecagem infal\u00edvel do DJ Pepe Jord\u00e3o.<\/p>\n<p class=\"texto\">Tamb\u00e9m no dia 15, a partir das 16h, no Cais da Alf\u00e2ndega, acontece o Festival Nova Brasil, que reunir\u00e1 artistas de diferentes gera\u00e7\u00f5es, estilos, regi\u00f5es e trajet\u00f3rias. Com apresenta\u00e7\u00e3o do artista Lucas Mamede, o evento receber\u00e1 grandes nomes da m\u00fasica, como Dudu Nobre, Luciana Mello, Rael, Vitor Kley, Alm\u00e9rio, Martins, Chico Chico, Sandra S\u00e1, Mariana Aydar e Jorge Vercillo, al\u00e9m de uma atra\u00e7\u00e3o surpresa selecionada para emocionar o p\u00fablico. O acesso ser\u00e1 gratuito.<\/p>\n<p class=\"texto\">Ainda no domingo (15), o Recife celebrarar\u00e1 seu anivers\u00e1rio em uma das paisagens mais cativas: o rio. A partir das 16h30, a Orquestra Cidad\u00e3 realiza a quarta edi\u00e7\u00e3o do concerto sobre as \u00e1guas, em frente ao pier do Parque das Gra\u00e7as. No repert\u00f3rio, m\u00fasicas cl\u00e1ssicas e populares, executadas pelo grupo de cordas e percuss\u00e3o da Orquestra Sinf\u00f4nica Jovem Crian\u00e7a Cidad\u00e3.<\/p>\n<p class=\"texto\"><strong>Paraquedistas no Pina<\/strong><\/p>\n<p class=\"texto\">No bairro do Pina, a equipe de paraquedismo realizar\u00e1 um treinamento no dia 21 de mar\u00e7o e um salto oficial no dia 22, \u00e0s 10h. A atividade poder\u00e1 ser acompanhada por moradores e visitantes.<\/p>\n<p class=\"texto\">Concerto Banda Sinf\u00f4nica<\/p>\n<p class=\"texto\">A Banda Sinf\u00f4nica do Recife abre a temporada de concertos gratuitos de 2026 no dia 25 de mar\u00e7o, \u00e0s 20h, no Teatro do Parque, sob reg\u00eancia do maestro Fabiano Andr\u00e9. Os ingressos ser\u00e3o distribu\u00eddos gratuitamente na bilheteria do teatro a partir das 19h.<\/p>\n<p class=\"texto\">O repert\u00f3rio inclui obras como \u201cSilverado\u201d, de Bruce Broughton, um medley de m\u00fasicas do filme \u201cLittle Mermaid\u201d, al\u00e9m de \u201cIsso Aqui \u00e9 o que \u00e9\u201d, de Ari Barroso, com participa\u00e7\u00e3o da solista Amanda Cabral. A apresenta\u00e7\u00e3o tamb\u00e9m ter\u00e1 medleys com m\u00fasicas de \u201cChorus Line\u201d, Coldplay, Jackson 5 e ABBA.<\/p>\n<p class=\"texto\"><strong>Mar\u00e9 Cultural na Rio Branco<\/strong><\/p>\n<p class=\"texto\">No Bairro do Recife, nos dias 28 e 29 de mar\u00e7o, o Boulevard da Rio Branco recebe mais uma edi\u00e7\u00e3o da Mar\u00e9 Cultural, feira p\u00fablica de artesanato que re\u00fane expositores e promove atividades art\u00edsticas gratuitas.<\/p>\n<p class=\"texto\">Espet\u00e1culo O C\u00e3o (Grupo Magiluth)<\/p>\n<p class=\"texto\">J\u00e1 o Teatro de Santa Isabel recebe, no dia 28 de mar\u00e7o, o espet\u00e1culo \u201cO C\u00e3o\u201d, resultado da parceria entre os grupos Clowns de Shakespeare (RN) e Magiluth (PE). A pe\u00e7a aborda o tema do trabalho prec\u00e1rio e acompanha um grupo de profissionais do setor de eventos que, ap\u00f3s 48 horas de trabalho na organiza\u00e7\u00e3o da posse de um l\u00edder pol\u00edtico, enfrenta uma situa\u00e7\u00e3o inesperada que altera toda a programa\u00e7\u00e3o e os coloca sob press\u00e3o.<\/p>\n<p class=\"texto\"><strong>Festival de Jazz do Recife 2026<\/strong><\/p>\n<p class=\"texto\">Encerrando a programa\u00e7\u00e3o, o Festival de Jazz do Recife 2026 ser\u00e1 realizado nos dias 28 e 29 de mar\u00e7o, na Pra\u00e7a do Arsenal, no Bairro do Recife. O evento ter\u00e1 apresenta\u00e7\u00f5es gratuitas e reunir\u00e1 artistas locais, nacionais e internacionais, al\u00e9m de prestar homenagem ao maestro Edson Rodrigues.<\/p>\n<p class=\"texto\">A abertura contar\u00e1 com um cortejo musical na Rua do Bom Jesus, \u00e0s 15h, com participa\u00e7\u00e3o de grupos como M\u00f3bile Jazz, Maracatu Na\u00e7\u00e3o Er\u00ea, Maracatu Le\u00e3o Coroado e o Bonde \u2013 Bloco Carnavalesco L\u00edrico. Entre as atra\u00e7\u00f5es previstas est\u00e3o shows de Ana Ca\u00f1as, Adriano Grineberg e Derico Sciotti em tributo a Billie Holiday e Ray Charles, da cantora Claudette King e de Rosa Passos com convidados.<\/p>\n<p class=\"texto\">No dia 29, a programa\u00e7\u00e3o continua com apresenta\u00e7\u00f5es do Trio Corrente, Joabe Reis, Tia Carroll, Prado Brothers Band e o espet\u00e1culo \u201cFernando Anitelli Toca o Teatro M\u00e1gico\u201d.<\/p>\n<p class=\"texto\"><strong>Programa\u00e7\u00e3o de Olinda<\/strong><\/p>\n<p class=\"texto\">A Marim dos Caet\u00e9s montou uma grade de programa\u00e7\u00f5es misturando cultura, religi\u00e3o, e m\u00fasica. Nas primeiras horas da manh\u00e3 da quinta (12), as celebra\u00e7\u00f5es ter\u00e3o in\u00edcio:<\/p>\n<p class=\"texto\">5h \u2013 \u201cAcorda Povo na Orla\u201d, saindo da Capela de Sant\u2019Ana, em Rio Doce, at\u00e9 a Pra\u00e7a Duque de Caxias, com Orquestra Maracafrevo e passistas.<\/p>\n<p class=\"texto\">9h \u2013 Missa em A\u00e7\u00e3o de Gra\u00e7as na Catedral da S\u00e9, j\u00e1 tradi\u00e7\u00e3o nos festejos. Neste ano, com instala\u00e7\u00e3o da c\u00e1psula do tempo<\/p>\n<p class=\"texto\">15h \u2013 Cortejo do Cariri Olindense at\u00e9 a Pra\u00e7a do Carmo<\/p>\n<p class=\"texto\">16h \u2013 Corte simb\u00f3lico do bolo, no Coreto, com distribui\u00e7\u00e3o ao p\u00fablico<\/p>\n<p class=\"texto\">Tarde e noite \u2013 Shows no Polo do Carmo com Elba Ramalho, Quinteto Violado, Coco das Artes, Orquestra do Avesso e Sambadeiras<\/p>\n<p class=\"texto\"><strong>Homem da Meia-Noite<\/strong><\/p>\n<p class=\"texto\">A Sede do Homem da Meia-Noite promover\u00e1 uma programa\u00e7\u00e3o especial de anivers\u00e1rio de Olinda para moradores, visitantes e apaixonados pelo Calunga.<\/p>\n<p class=\"texto\">Das 11h \u00e0s 17h, o p\u00fablico poder\u00e1 registrar fotos com o gigante mais querido do Carnaval.<\/p>\n<p class=\"texto\">Oficina de Dan\u00e7a de Frevo com Adriana do Frevo<\/p>\n<p class=\"texto\">Das 14h \u00e0s 15h, pessoas de todas as idades poder\u00e3o participar da oficina de Dan\u00e7a de Frevo com Adriana do Frevo. Quem tiver, pode trazer sua sombrinha de frevo para participar da aula.<\/p>\n<p class=\"texto\">Das 15h \u00e0s 16h, as crian\u00e7as ter\u00e3o \u00e0 dispois\u00e7\u00e3o uma oficina de Manipula\u00e7\u00e3o de Bonecos Mirins com Carlos da Burra. Crian\u00e7as que j\u00e1 possuem bonecos mirins podem levar seus bonecos para aprender t\u00e9cnicas de manipula\u00e7\u00e3o.<\/p>\n<p class=\"texto\">\u00c0s 16h30, o Homem da Meia-Noite far\u00e1 uma apari\u00e7\u00e3o em frente \u00e0 Sede Social com participa\u00e7\u00e3o Especial da Orquestra do Maestro Carlos e passistas da CiaBr por Dan\u00e7a (sem percurso).<\/p>\n<p class=\"texto\"><strong>Festival Canavial<\/strong><\/p>\n<p class=\"texto\">Olinda tamb\u00e9m lan\u00e7ou o Festival Canavial, de amplia\u00e7\u00e3o cultural na cidade. O evento acontece de 10 a 15 de mar\u00e7o e homenageia Rainha Marivalda (Recife), Mestre Matinho (\u00c1guas Belas), Mestra Jucedi (Goiana) e Bata-Koss\u00f4 (Olinda).<\/p>\n<p class=\"texto\">No dia 12 de mar\u00e7o, a programa\u00e7\u00e3o ocupa as ruas e a Pra\u00e7a do Carmo como parte oficial dos festejos dos 491 anos da cidade, reunindo Elba Ramalho, Quinteto Violado, Sambadeiras, Orquestra do Avesso, Coco das Artes e os cortejos do Cariri Olindense e Bata-Koss\u00f4.<\/p>\n<p class=\"texto\">Nos dias seguintes, o palco recebe nomes como a Velha Guarda do Salgueiro, com participa\u00e7\u00e3o de Sapoty da Mangueira e Rainha Marivalda; Gra\u00e7a Onasil\u00ea, do Il\u00ea Ay\u00ea; Afonjah, com participa\u00e7\u00e3o da mo\u00e7ambicana Saquia Rachide; al\u00e9m de Isaar e Dina Braga.<\/p>\n<p class=\"texto\">A programa\u00e7\u00e3o ainda inclui Afox\u00e9 Oxum Pand\u00e1, Mestre Matinho e os Mestres do Coco de Pernambuco.<\/p>\n<p>Do DP<\/p>\n","protected":false},"excerpt":{"rendered":"<p>Recife e Olinda comemoram, respectivamente, 489 e 491 anos, nesta quinta (12). Para celebrar a data, as cidades-irm\u00e3s preparam programa\u00e7\u00f5es<\/p>\n","protected":false},"author":2,"featured_media":73231,"comment_status":"open","ping_status":"open","sticky":false,"template":"","format":"standard","meta":{"jetpack_post_was_ever_published":false,"_jetpack_newsletter_access":"","_jetpack_dont_email_post_to_subs":false,"_jetpack_newsletter_tier_id":0,"_jetpack_memberships_contains_paywalled_content":false,"_jetpack_memberships_contains_paid_content":false,"footnotes":"","jetpack_publicize_message":"","jetpack_publicize_feature_enabled":true,"jetpack_social_post_already_shared":true,"jetpack_social_options":{"image_generator_settings":{"template":"highway","default_image_id":0,"font":"","enabled":false},"version":2}},"categories":[13],"tags":[],"class_list":["post-73230","post","type-post","status-publish","format-standard","has-post-thumbnail","hentry","category-pernambuco"],"yoast_head":"<!-- This site is optimized with the Yoast SEO plugin v27.5 - https:\/\/yoast.com\/product\/yoast-seo-wordpress\/ -->\n<title>Anivers\u00e1rios do Recife e Olinda: programa\u00e7\u00e3o ter\u00e1 shows gratuitos, bolo, carnaval e orquestra - Afogados FM<\/title>\n<meta name=\"robots\" content=\"index, follow, max-snippet:-1, max-image-preview:large, max-video-preview:-1\" \/>\n<link rel=\"canonical\" href=\"https:\/\/afogadosfm.com.br\/afogadosfm\/2026\/03\/12\/aniversarios-do-recife-e-olinda-programacao-tera-shows-gratuitos-bolo-carnaval-e-orquestra\/\" \/>\n<meta property=\"og:locale\" content=\"pt_BR\" \/>\n<meta property=\"og:type\" content=\"article\" \/>\n<meta property=\"og:title\" content=\"Anivers\u00e1rios do Recife e Olinda: programa\u00e7\u00e3o ter\u00e1 shows gratuitos, bolo, carnaval e orquestra - Afogados FM\" \/>\n<meta property=\"og:description\" content=\"Recife e Olinda comemoram, respectivamente, 489 e 491 anos, nesta quinta (12). Para celebrar a data, as cidades-irm\u00e3s preparam programa\u00e7\u00f5es\" \/>\n<meta property=\"og:url\" content=\"https:\/\/afogadosfm.com.br\/afogadosfm\/2026\/03\/12\/aniversarios-do-recife-e-olinda-programacao-tera-shows-gratuitos-bolo-carnaval-e-orquestra\/\" \/>\n<meta property=\"og:site_name\" content=\"Afogados FM\" \/>\n<meta property=\"article:published_time\" content=\"2026-03-12T12:21:37+00:00\" \/>\n<meta property=\"og:image\" content=\"https:\/\/afogadosfm.com.br\/afogadosfm\/wp-content\/uploads\/2026\/03\/recife-olinda-guia-de-turismo.jpeg\" \/>\n\t<meta property=\"og:image:width\" content=\"1620\" \/>\n\t<meta property=\"og:image:height\" content=\"1080\" \/>\n\t<meta property=\"og:image:type\" content=\"image\/jpeg\" \/>\n<meta name=\"author\" content=\"afogadosfm\" \/>\n<meta name=\"twitter:card\" content=\"summary_large_image\" \/>\n<meta name=\"twitter:label1\" content=\"Escrito por\" \/>\n\t<meta name=\"twitter:data1\" content=\"afogadosfm\" \/>\n\t<meta name=\"twitter:label2\" content=\"Est. tempo de leitura\" \/>\n\t<meta name=\"twitter:data2\" content=\"9 minutos\" \/>\n<script type=\"application\/ld+json\" class=\"yoast-schema-graph\">{\"@context\":\"https:\\\/\\\/schema.org\",\"@graph\":[{\"@type\":\"Article\",\"@id\":\"https:\\\/\\\/afogadosfm.com.br\\\/afogadosfm\\\/2026\\\/03\\\/12\\\/aniversarios-do-recife-e-olinda-programacao-tera-shows-gratuitos-bolo-carnaval-e-orquestra\\\/#article\",\"isPartOf\":{\"@id\":\"https:\\\/\\\/afogadosfm.com.br\\\/afogadosfm\\\/2026\\\/03\\\/12\\\/aniversarios-do-recife-e-olinda-programacao-tera-shows-gratuitos-bolo-carnaval-e-orquestra\\\/\"},\"author\":{\"name\":\"afogadosfm\",\"@id\":\"https:\\\/\\\/afogadosfm.com.br\\\/afogadosfm\\\/#\\\/schema\\\/person\\\/60e56f2cf5dc960fc093fe093d9e9057\"},\"headline\":\"Anivers\u00e1rios do Recife e Olinda: programa\u00e7\u00e3o ter\u00e1 shows gratuitos, bolo, carnaval e orquestra\",\"datePublished\":\"2026-03-12T12:21:37+00:00\",\"mainEntityOfPage\":{\"@id\":\"https:\\\/\\\/afogadosfm.com.br\\\/afogadosfm\\\/2026\\\/03\\\/12\\\/aniversarios-do-recife-e-olinda-programacao-tera-shows-gratuitos-bolo-carnaval-e-orquestra\\\/\"},\"wordCount\":1729,\"commentCount\":0,\"publisher\":{\"@id\":\"https:\\\/\\\/afogadosfm.com.br\\\/afogadosfm\\\/#organization\"},\"image\":{\"@id\":\"https:\\\/\\\/afogadosfm.com.br\\\/afogadosfm\\\/2026\\\/03\\\/12\\\/aniversarios-do-recife-e-olinda-programacao-tera-shows-gratuitos-bolo-carnaval-e-orquestra\\\/#primaryimage\"},\"thumbnailUrl\":\"https:\\\/\\\/i0.wp.com\\\/afogadosfm.com.br\\\/afogadosfm\\\/wp-content\\\/uploads\\\/2026\\\/03\\\/recife-olinda-guia-de-turismo.jpeg?fit=1620%2C1080&ssl=1\",\"articleSection\":[\"Pernambuco\"],\"inLanguage\":\"pt-BR\",\"potentialAction\":[{\"@type\":\"CommentAction\",\"name\":\"Comment\",\"target\":[\"https:\\\/\\\/afogadosfm.com.br\\\/afogadosfm\\\/2026\\\/03\\\/12\\\/aniversarios-do-recife-e-olinda-programacao-tera-shows-gratuitos-bolo-carnaval-e-orquestra\\\/#respond\"]}]},{\"@type\":\"WebPage\",\"@id\":\"https:\\\/\\\/afogadosfm.com.br\\\/afogadosfm\\\/2026\\\/03\\\/12\\\/aniversarios-do-recife-e-olinda-programacao-tera-shows-gratuitos-bolo-carnaval-e-orquestra\\\/\",\"url\":\"https:\\\/\\\/afogadosfm.com.br\\\/afogadosfm\\\/2026\\\/03\\\/12\\\/aniversarios-do-recife-e-olinda-programacao-tera-shows-gratuitos-bolo-carnaval-e-orquestra\\\/\",\"name\":\"Anivers\u00e1rios do Recife e Olinda: programa\u00e7\u00e3o ter\u00e1 shows gratuitos, bolo, carnaval e orquestra - Afogados FM\",\"isPartOf\":{\"@id\":\"https:\\\/\\\/afogadosfm.com.br\\\/afogadosfm\\\/#website\"},\"primaryImageOfPage\":{\"@id\":\"https:\\\/\\\/afogadosfm.com.br\\\/afogadosfm\\\/2026\\\/03\\\/12\\\/aniversarios-do-recife-e-olinda-programacao-tera-shows-gratuitos-bolo-carnaval-e-orquestra\\\/#primaryimage\"},\"image\":{\"@id\":\"https:\\\/\\\/afogadosfm.com.br\\\/afogadosfm\\\/2026\\\/03\\\/12\\\/aniversarios-do-recife-e-olinda-programacao-tera-shows-gratuitos-bolo-carnaval-e-orquestra\\\/#primaryimage\"},\"thumbnailUrl\":\"https:\\\/\\\/i0.wp.com\\\/afogadosfm.com.br\\\/afogadosfm\\\/wp-content\\\/uploads\\\/2026\\\/03\\\/recife-olinda-guia-de-turismo.jpeg?fit=1620%2C1080&ssl=1\",\"datePublished\":\"2026-03-12T12:21:37+00:00\",\"breadcrumb\":{\"@id\":\"https:\\\/\\\/afogadosfm.com.br\\\/afogadosfm\\\/2026\\\/03\\\/12\\\/aniversarios-do-recife-e-olinda-programacao-tera-shows-gratuitos-bolo-carnaval-e-orquestra\\\/#breadcrumb\"},\"inLanguage\":\"pt-BR\",\"potentialAction\":[{\"@type\":\"ReadAction\",\"target\":[\"https:\\\/\\\/afogadosfm.com.br\\\/afogadosfm\\\/2026\\\/03\\\/12\\\/aniversarios-do-recife-e-olinda-programacao-tera-shows-gratuitos-bolo-carnaval-e-orquestra\\\/\"]}]},{\"@type\":\"ImageObject\",\"inLanguage\":\"pt-BR\",\"@id\":\"https:\\\/\\\/afogadosfm.com.br\\\/afogadosfm\\\/2026\\\/03\\\/12\\\/aniversarios-do-recife-e-olinda-programacao-tera-shows-gratuitos-bolo-carnaval-e-orquestra\\\/#primaryimage\",\"url\":\"https:\\\/\\\/i0.wp.com\\\/afogadosfm.com.br\\\/afogadosfm\\\/wp-content\\\/uploads\\\/2026\\\/03\\\/recife-olinda-guia-de-turismo.jpeg?fit=1620%2C1080&ssl=1\",\"contentUrl\":\"https:\\\/\\\/i0.wp.com\\\/afogadosfm.com.br\\\/afogadosfm\\\/wp-content\\\/uploads\\\/2026\\\/03\\\/recife-olinda-guia-de-turismo.jpeg?fit=1620%2C1080&ssl=1\",\"width\":1620,\"height\":1080},{\"@type\":\"BreadcrumbList\",\"@id\":\"https:\\\/\\\/afogadosfm.com.br\\\/afogadosfm\\\/2026\\\/03\\\/12\\\/aniversarios-do-recife-e-olinda-programacao-tera-shows-gratuitos-bolo-carnaval-e-orquestra\\\/#breadcrumb\",\"itemListElement\":[{\"@type\":\"ListItem\",\"position\":1,\"name\":\"In\u00edcio\",\"item\":\"https:\\\/\\\/afogadosfm.com.br\\\/afogadosfm\\\/\"},{\"@type\":\"ListItem\",\"position\":2,\"name\":\"Anivers\u00e1rios do Recife e Olinda: programa\u00e7\u00e3o ter\u00e1 shows gratuitos, bolo, carnaval e orquestra\"}]},{\"@type\":\"WebSite\",\"@id\":\"https:\\\/\\\/afogadosfm.com.br\\\/afogadosfm\\\/#website\",\"url\":\"https:\\\/\\\/afogadosfm.com.br\\\/afogadosfm\\\/\",\"name\":\"Afogados FM\",\"description\":\"Um site completo!\",\"publisher\":{\"@id\":\"https:\\\/\\\/afogadosfm.com.br\\\/afogadosfm\\\/#organization\"},\"potentialAction\":[{\"@type\":\"SearchAction\",\"target\":{\"@type\":\"EntryPoint\",\"urlTemplate\":\"https:\\\/\\\/afogadosfm.com.br\\\/afogadosfm\\\/?s={search_term_string}\"},\"query-input\":{\"@type\":\"PropertyValueSpecification\",\"valueRequired\":true,\"valueName\":\"search_term_string\"}}],\"inLanguage\":\"pt-BR\"},{\"@type\":\"Organization\",\"@id\":\"https:\\\/\\\/afogadosfm.com.br\\\/afogadosfm\\\/#organization\",\"name\":\"Afogados FM\",\"url\":\"https:\\\/\\\/afogadosfm.com.br\\\/afogadosfm\\\/\",\"logo\":{\"@type\":\"ImageObject\",\"inLanguage\":\"pt-BR\",\"@id\":\"https:\\\/\\\/afogadosfm.com.br\\\/afogadosfm\\\/#\\\/schema\\\/logo\\\/image\\\/\",\"url\":\"https:\\\/\\\/i0.wp.com\\\/afogadosfm.com.br\\\/afogadosfm\\\/wp-content\\\/uploads\\\/2020\\\/06\\\/cropped-banner-afogados-4.jpg?fit=369%2C137&ssl=1\",\"contentUrl\":\"https:\\\/\\\/i0.wp.com\\\/afogadosfm.com.br\\\/afogadosfm\\\/wp-content\\\/uploads\\\/2020\\\/06\\\/cropped-banner-afogados-4.jpg?fit=369%2C137&ssl=1\",\"width\":369,\"height\":137,\"caption\":\"Afogados FM\"},\"image\":{\"@id\":\"https:\\\/\\\/afogadosfm.com.br\\\/afogadosfm\\\/#\\\/schema\\\/logo\\\/image\\\/\"}},{\"@type\":\"Person\",\"@id\":\"https:\\\/\\\/afogadosfm.com.br\\\/afogadosfm\\\/#\\\/schema\\\/person\\\/60e56f2cf5dc960fc093fe093d9e9057\",\"name\":\"afogadosfm\",\"image\":{\"@type\":\"ImageObject\",\"inLanguage\":\"pt-BR\",\"@id\":\"https:\\\/\\\/secure.gravatar.com\\\/avatar\\\/e0359add7ed5dc3560906d861b52c6a8cf5c1e199d3a7dd85070998f49bd4701?s=96&d=mm&r=g\",\"url\":\"https:\\\/\\\/secure.gravatar.com\\\/avatar\\\/e0359add7ed5dc3560906d861b52c6a8cf5c1e199d3a7dd85070998f49bd4701?s=96&d=mm&r=g\",\"contentUrl\":\"https:\\\/\\\/secure.gravatar.com\\\/avatar\\\/e0359add7ed5dc3560906d861b52c6a8cf5c1e199d3a7dd85070998f49bd4701?s=96&d=mm&r=g\",\"caption\":\"afogadosfm\"},\"url\":\"https:\\\/\\\/afogadosfm.com.br\\\/afogadosfm\\\/author\\\/afogadosfm\\\/\"}]}<\/script>\n<!-- \/ Yoast SEO plugin. -->","yoast_head_json":{"title":"Anivers\u00e1rios do Recife e Olinda: programa\u00e7\u00e3o ter\u00e1 shows gratuitos, bolo, carnaval e orquestra - Afogados FM","robots":{"index":"index","follow":"follow","max-snippet":"max-snippet:-1","max-image-preview":"max-image-preview:large","max-video-preview":"max-video-preview:-1"},"canonical":"https:\/\/afogadosfm.com.br\/afogadosfm\/2026\/03\/12\/aniversarios-do-recife-e-olinda-programacao-tera-shows-gratuitos-bolo-carnaval-e-orquestra\/","og_locale":"pt_BR","og_type":"article","og_title":"Anivers\u00e1rios do Recife e Olinda: programa\u00e7\u00e3o ter\u00e1 shows gratuitos, bolo, carnaval e orquestra - Afogados FM","og_description":"Recife e Olinda comemoram, respectivamente, 489 e 491 anos, nesta quinta (12). Para celebrar a data, as cidades-irm\u00e3s preparam programa\u00e7\u00f5es","og_url":"https:\/\/afogadosfm.com.br\/afogadosfm\/2026\/03\/12\/aniversarios-do-recife-e-olinda-programacao-tera-shows-gratuitos-bolo-carnaval-e-orquestra\/","og_site_name":"Afogados FM","article_published_time":"2026-03-12T12:21:37+00:00","og_image":[{"width":1620,"height":1080,"url":"https:\/\/afogadosfm.com.br\/afogadosfm\/wp-content\/uploads\/2026\/03\/recife-olinda-guia-de-turismo.jpeg","type":"image\/jpeg"}],"author":"afogadosfm","twitter_card":"summary_large_image","twitter_misc":{"Escrito por":"afogadosfm","Est. tempo de leitura":"9 minutos"},"schema":{"@context":"https:\/\/schema.org","@graph":[{"@type":"Article","@id":"https:\/\/afogadosfm.com.br\/afogadosfm\/2026\/03\/12\/aniversarios-do-recife-e-olinda-programacao-tera-shows-gratuitos-bolo-carnaval-e-orquestra\/#article","isPartOf":{"@id":"https:\/\/afogadosfm.com.br\/afogadosfm\/2026\/03\/12\/aniversarios-do-recife-e-olinda-programacao-tera-shows-gratuitos-bolo-carnaval-e-orquestra\/"},"author":{"name":"afogadosfm","@id":"https:\/\/afogadosfm.com.br\/afogadosfm\/#\/schema\/person\/60e56f2cf5dc960fc093fe093d9e9057"},"headline":"Anivers\u00e1rios do Recife e Olinda: programa\u00e7\u00e3o ter\u00e1 shows gratuitos, bolo, carnaval e orquestra","datePublished":"2026-03-12T12:21:37+00:00","mainEntityOfPage":{"@id":"https:\/\/afogadosfm.com.br\/afogadosfm\/2026\/03\/12\/aniversarios-do-recife-e-olinda-programacao-tera-shows-gratuitos-bolo-carnaval-e-orquestra\/"},"wordCount":1729,"commentCount":0,"publisher":{"@id":"https:\/\/afogadosfm.com.br\/afogadosfm\/#organization"},"image":{"@id":"https:\/\/afogadosfm.com.br\/afogadosfm\/2026\/03\/12\/aniversarios-do-recife-e-olinda-programacao-tera-shows-gratuitos-bolo-carnaval-e-orquestra\/#primaryimage"},"thumbnailUrl":"https:\/\/i0.wp.com\/afogadosfm.com.br\/afogadosfm\/wp-content\/uploads\/2026\/03\/recife-olinda-guia-de-turismo.jpeg?fit=1620%2C1080&ssl=1","articleSection":["Pernambuco"],"inLanguage":"pt-BR","potentialAction":[{"@type":"CommentAction","name":"Comment","target":["https:\/\/afogadosfm.com.br\/afogadosfm\/2026\/03\/12\/aniversarios-do-recife-e-olinda-programacao-tera-shows-gratuitos-bolo-carnaval-e-orquestra\/#respond"]}]},{"@type":"WebPage","@id":"https:\/\/afogadosfm.com.br\/afogadosfm\/2026\/03\/12\/aniversarios-do-recife-e-olinda-programacao-tera-shows-gratuitos-bolo-carnaval-e-orquestra\/","url":"https:\/\/afogadosfm.com.br\/afogadosfm\/2026\/03\/12\/aniversarios-do-recife-e-olinda-programacao-tera-shows-gratuitos-bolo-carnaval-e-orquestra\/","name":"Anivers\u00e1rios do Recife e Olinda: programa\u00e7\u00e3o ter\u00e1 shows gratuitos, bolo, carnaval e orquestra - Afogados FM","isPartOf":{"@id":"https:\/\/afogadosfm.com.br\/afogadosfm\/#website"},"primaryImageOfPage":{"@id":"https:\/\/afogadosfm.com.br\/afogadosfm\/2026\/03\/12\/aniversarios-do-recife-e-olinda-programacao-tera-shows-gratuitos-bolo-carnaval-e-orquestra\/#primaryimage"},"image":{"@id":"https:\/\/afogadosfm.com.br\/afogadosfm\/2026\/03\/12\/aniversarios-do-recife-e-olinda-programacao-tera-shows-gratuitos-bolo-carnaval-e-orquestra\/#primaryimage"},"thumbnailUrl":"https:\/\/i0.wp.com\/afogadosfm.com.br\/afogadosfm\/wp-content\/uploads\/2026\/03\/recife-olinda-guia-de-turismo.jpeg?fit=1620%2C1080&ssl=1","datePublished":"2026-03-12T12:21:37+00:00","breadcrumb":{"@id":"https:\/\/afogadosfm.com.br\/afogadosfm\/2026\/03\/12\/aniversarios-do-recife-e-olinda-programacao-tera-shows-gratuitos-bolo-carnaval-e-orquestra\/#breadcrumb"},"inLanguage":"pt-BR","potentialAction":[{"@type":"ReadAction","target":["https:\/\/afogadosfm.com.br\/afogadosfm\/2026\/03\/12\/aniversarios-do-recife-e-olinda-programacao-tera-shows-gratuitos-bolo-carnaval-e-orquestra\/"]}]},{"@type":"ImageObject","inLanguage":"pt-BR","@id":"https:\/\/afogadosfm.com.br\/afogadosfm\/2026\/03\/12\/aniversarios-do-recife-e-olinda-programacao-tera-shows-gratuitos-bolo-carnaval-e-orquestra\/#primaryimage","url":"https:\/\/i0.wp.com\/afogadosfm.com.br\/afogadosfm\/wp-content\/uploads\/2026\/03\/recife-olinda-guia-de-turismo.jpeg?fit=1620%2C1080&ssl=1","contentUrl":"https:\/\/i0.wp.com\/afogadosfm.com.br\/afogadosfm\/wp-content\/uploads\/2026\/03\/recife-olinda-guia-de-turismo.jpeg?fit=1620%2C1080&ssl=1","width":1620,"height":1080},{"@type":"BreadcrumbList","@id":"https:\/\/afogadosfm.com.br\/afogadosfm\/2026\/03\/12\/aniversarios-do-recife-e-olinda-programacao-tera-shows-gratuitos-bolo-carnaval-e-orquestra\/#breadcrumb","itemListElement":[{"@type":"ListItem","position":1,"name":"In\u00edcio","item":"https:\/\/afogadosfm.com.br\/afogadosfm\/"},{"@type":"ListItem","position":2,"name":"Anivers\u00e1rios do Recife e Olinda: programa\u00e7\u00e3o ter\u00e1 shows gratuitos, bolo, carnaval e orquestra"}]},{"@type":"WebSite","@id":"https:\/\/afogadosfm.com.br\/afogadosfm\/#website","url":"https:\/\/afogadosfm.com.br\/afogadosfm\/","name":"Afogados FM","description":"Um site completo!","publisher":{"@id":"https:\/\/afogadosfm.com.br\/afogadosfm\/#organization"},"potentialAction":[{"@type":"SearchAction","target":{"@type":"EntryPoint","urlTemplate":"https:\/\/afogadosfm.com.br\/afogadosfm\/?s={search_term_string}"},"query-input":{"@type":"PropertyValueSpecification","valueRequired":true,"valueName":"search_term_string"}}],"inLanguage":"pt-BR"},{"@type":"Organization","@id":"https:\/\/afogadosfm.com.br\/afogadosfm\/#organization","name":"Afogados FM","url":"https:\/\/afogadosfm.com.br\/afogadosfm\/","logo":{"@type":"ImageObject","inLanguage":"pt-BR","@id":"https:\/\/afogadosfm.com.br\/afogadosfm\/#\/schema\/logo\/image\/","url":"https:\/\/i0.wp.com\/afogadosfm.com.br\/afogadosfm\/wp-content\/uploads\/2020\/06\/cropped-banner-afogados-4.jpg?fit=369%2C137&ssl=1","contentUrl":"https:\/\/i0.wp.com\/afogadosfm.com.br\/afogadosfm\/wp-content\/uploads\/2020\/06\/cropped-banner-afogados-4.jpg?fit=369%2C137&ssl=1","width":369,"height":137,"caption":"Afogados FM"},"image":{"@id":"https:\/\/afogadosfm.com.br\/afogadosfm\/#\/schema\/logo\/image\/"}},{"@type":"Person","@id":"https:\/\/afogadosfm.com.br\/afogadosfm\/#\/schema\/person\/60e56f2cf5dc960fc093fe093d9e9057","name":"afogadosfm","image":{"@type":"ImageObject","inLanguage":"pt-BR","@id":"https:\/\/secure.gravatar.com\/avatar\/e0359add7ed5dc3560906d861b52c6a8cf5c1e199d3a7dd85070998f49bd4701?s=96&d=mm&r=g","url":"https:\/\/secure.gravatar.com\/avatar\/e0359add7ed5dc3560906d861b52c6a8cf5c1e199d3a7dd85070998f49bd4701?s=96&d=mm&r=g","contentUrl":"https:\/\/secure.gravatar.com\/avatar\/e0359add7ed5dc3560906d861b52c6a8cf5c1e199d3a7dd85070998f49bd4701?s=96&d=mm&r=g","caption":"afogadosfm"},"url":"https:\/\/afogadosfm.com.br\/afogadosfm\/author\/afogadosfm\/"}]}},"jetpack_publicize_connections":[],"jetpack_featured_media_url":"https:\/\/i0.wp.com\/afogadosfm.com.br\/afogadosfm\/wp-content\/uploads\/2026\/03\/recife-olinda-guia-de-turismo.jpeg?fit=1620%2C1080&ssl=1","jetpack-related-posts":[],"jetpack_sharing_enabled":true,"jetpack_likes_enabled":true,"_links":{"self":[{"href":"https:\/\/afogadosfm.com.br\/afogadosfm\/wp-json\/wp\/v2\/posts\/73230","targetHints":{"allow":["GET"]}}],"collection":[{"href":"https:\/\/afogadosfm.com.br\/afogadosfm\/wp-json\/wp\/v2\/posts"}],"about":[{"href":"https:\/\/afogadosfm.com.br\/afogadosfm\/wp-json\/wp\/v2\/types\/post"}],"author":[{"embeddable":true,"href":"https:\/\/afogadosfm.com.br\/afogadosfm\/wp-json\/wp\/v2\/users\/2"}],"replies":[{"embeddable":true,"href":"https:\/\/afogadosfm.com.br\/afogadosfm\/wp-json\/wp\/v2\/comments?post=73230"}],"version-history":[{"count":1,"href":"https:\/\/afogadosfm.com.br\/afogadosfm\/wp-json\/wp\/v2\/posts\/73230\/revisions"}],"predecessor-version":[{"id":73232,"href":"https:\/\/afogadosfm.com.br\/afogadosfm\/wp-json\/wp\/v2\/posts\/73230\/revisions\/73232"}],"wp:featuredmedia":[{"embeddable":true,"href":"https:\/\/afogadosfm.com.br\/afogadosfm\/wp-json\/wp\/v2\/media\/73231"}],"wp:attachment":[{"href":"https:\/\/afogadosfm.com.br\/afogadosfm\/wp-json\/wp\/v2\/media?parent=73230"}],"wp:term":[{"taxonomy":"category","embeddable":true,"href":"https:\/\/afogadosfm.com.br\/afogadosfm\/wp-json\/wp\/v2\/categories?post=73230"},{"taxonomy":"post_tag","embeddable":true,"href":"https:\/\/afogadosfm.com.br\/afogadosfm\/wp-json\/wp\/v2\/tags?post=73230"}],"curies":[{"name":"wp","href":"https:\/\/api.w.org\/{rel}","templated":true}]}}