{"id":73233,"date":"2026-03-13T05:58:59","date_gmt":"2026-03-13T08:58:59","guid":{"rendered":"https:\/\/afogadosfm.com.br\/afogadosfm\/?p=73233"},"modified":"2026-03-13T05:58:59","modified_gmt":"2026-03-13T08:58:59","slug":"pt-estendeu-tapete-vermelho-para-a-governadora-raquel-lyra-em-tabira","status":"publish","type":"post","link":"https:\/\/afogadosfm.com.br\/afogadosfm\/2026\/03\/13\/pt-estendeu-tapete-vermelho-para-a-governadora-raquel-lyra-em-tabira\/","title":{"rendered":"PT estendeu tapete vermelho para a governadora  Raquel Lyra em Tabira"},"content":{"rendered":"<p>O que era para ser uma agenda institucional de entregas no Sert\u00e3o do Paje\u00fa transformou-se, nesta semana, em um dos cap\u00edtulos mais emblem\u00e1ticos da pol\u00edtica pernambucana pr\u00e9-2026. Em Tabira, a governadora Raquel Lyra (PSD) n\u00e3o apenas entregou obras aguardadas, como a restaura\u00e7\u00e3o da PE-304 e uma Cozinha Comunit\u00e1ria; ela colheu elogios inflamados da c\u00fapula do Partido dos Trabalhadores (PT), em um tom que destoa completamente da alian\u00e7a nacional com o PSB de Jo\u00e3o Campos.<\/p>\n<p>O deputado estadual e ex-presidente do PT-PE, Doriel Barros, n\u00e3o economizou nas palavras. Ao destacar que Raquel entrega investimentos que \u201ch\u00e1 muitos anos n\u00e3o se via\u201d, Doriel fez uma cr\u00edtica impl\u00edcita ao longo per\u00edodo de gest\u00e3o do PSB no estado. Mais do que isso, ao selar a parceria entre o prefeito Fl\u00e1vio Marques e a governadora como uma \u201cdupla que vem fazendo a diferen\u00e7a\u201d, o parlamentar sinaliza que o PT se sente confort\u00e1vel e contemplado no palanque da ex-tucana (agora PSD).<\/p>\n<p>Um \u201cEx\u00e9rcito\u201d \u00e0 disposi\u00e7\u00e3o<\/p>\n<p>Se Doriel focou na gest\u00e3o, o anfitri\u00e3o Fl\u00e1vio Marques (PT) subiu o tom pol\u00edtico. Em uma fala que ecoou como um compromisso de lealdade, o prefeito de Tabira garantiu que a governadora \u201cn\u00e3o est\u00e1 s\u00f3\u201d. \u201cA senhora n\u00e3o tem s\u00f3 um soldado aqui, tem um ex\u00e9rcito pronto para lhe apoiar\u201d, afirmou Fl\u00e1vio, projetando um cen\u00e1rio de apoio que ignora a polariza\u00e7\u00e3o estadual entre Raquel e o prefeito do Recife, Jo\u00e3o Campos.<\/p>\n<p>O fator Carlos Veras<\/p>\n<p>O presidente estadual da legenda, deputado federal Carlos Veras, tamb\u00e9m referendou a proximidade. Agradeceu a \u201cequipe do governo por sempre nos ouvir\u201d, refor\u00e7ando que o di\u00e1logo entre o Pal\u00e1cio do Campo das Princesas e o PT est\u00e1 mais fluido do que a oposi\u00e7\u00e3o gostaria de admitir.<\/p>\n<p>Do Junior Campos<\/p>\n","protected":false},"excerpt":{"rendered":"<p>O que era para ser uma agenda institucional de entregas no Sert\u00e3o do Paje\u00fa transformou-se, nesta semana, em um dos<\/p>\n","protected":false},"author":2,"featured_media":60927,"comment_status":"open","ping_status":"open","sticky":false,"template":"","format":"standard","meta":{"jetpack_post_was_ever_published":false,"_jetpack_newsletter_access":"","_jetpack_dont_email_post_to_subs":false,"_jetpack_newsletter_tier_id":0,"_jetpack_memberships_contains_paywalled_content":false,"_jetpack_memberships_contains_paid_content":false,"footnotes":"","jetpack_publicize_message":"","jetpack_publicize_feature_enabled":true,"jetpack_social_post_already_shared":true,"jetpack_social_options":{"image_generator_settings":{"template":"highway","default_image_id":0,"font":"","enabled":false},"version":2}},"categories":[35],"tags":[],"class_list":["post-73233","post","type-post","status-publish","format-standard","has-post-thumbnail","hentry","category-politica"],"yoast_head":"<!-- This site is optimized with the Yoast SEO plugin v27.5 - https:\/\/yoast.com\/product\/yoast-seo-wordpress\/ -->\n<title>PT estendeu tapete vermelho para a governadora Raquel Lyra em Tabira - Afogados FM<\/title>\n<meta name=\"robots\" content=\"index, follow, max-snippet:-1, max-image-preview:large, max-video-preview:-1\" \/>\n<link rel=\"canonical\" href=\"https:\/\/afogadosfm.com.br\/afogadosfm\/2026\/03\/13\/pt-estendeu-tapete-vermelho-para-a-governadora-raquel-lyra-em-tabira\/\" \/>\n<meta property=\"og:locale\" content=\"pt_BR\" \/>\n<meta property=\"og:type\" content=\"article\" \/>\n<meta property=\"og:title\" content=\"PT estendeu tapete vermelho para a governadora Raquel Lyra em Tabira - Afogados FM\" \/>\n<meta property=\"og:description\" content=\"O que era para ser uma agenda institucional de entregas no Sert\u00e3o do Paje\u00fa transformou-se, nesta semana, em um dos\" \/>\n<meta property=\"og:url\" content=\"https:\/\/afogadosfm.com.br\/afogadosfm\/2026\/03\/13\/pt-estendeu-tapete-vermelho-para-a-governadora-raquel-lyra-em-tabira\/\" \/>\n<meta property=\"og:site_name\" content=\"Afogados FM\" \/>\n<meta property=\"article:published_time\" content=\"2026-03-13T08:58:59+00:00\" \/>\n<meta property=\"og:image\" content=\"https:\/\/afogadosfm.com.br\/afogadosfm\/wp-content\/uploads\/2024\/11\/raquel-lyra-1.jpg\" \/>\n\t<meta property=\"og:image:width\" content=\"399\" \/>\n\t<meta property=\"og:image:height\" content=\"266\" \/>\n\t<meta property=\"og:image:type\" content=\"image\/jpeg\" \/>\n<meta name=\"author\" content=\"afogadosfm\" \/>\n<meta name=\"twitter:card\" content=\"summary_large_image\" \/>\n<meta name=\"twitter:label1\" content=\"Escrito por\" \/>\n\t<meta name=\"twitter:data1\" content=\"afogadosfm\" \/>\n\t<meta name=\"twitter:label2\" content=\"Est. tempo de leitura\" \/>\n\t<meta name=\"twitter:data2\" content=\"2 minutos\" \/>\n<script type=\"application\/ld+json\" class=\"yoast-schema-graph\">{\"@context\":\"https:\\\/\\\/schema.org\",\"@graph\":[{\"@type\":\"Article\",\"@id\":\"https:\\\/\\\/afogadosfm.com.br\\\/afogadosfm\\\/2026\\\/03\\\/13\\\/pt-estendeu-tapete-vermelho-para-a-governadora-raquel-lyra-em-tabira\\\/#article\",\"isPartOf\":{\"@id\":\"https:\\\/\\\/afogadosfm.com.br\\\/afogadosfm\\\/2026\\\/03\\\/13\\\/pt-estendeu-tapete-vermelho-para-a-governadora-raquel-lyra-em-tabira\\\/\"},\"author\":{\"name\":\"afogadosfm\",\"@id\":\"https:\\\/\\\/afogadosfm.com.br\\\/afogadosfm\\\/#\\\/schema\\\/person\\\/60e56f2cf5dc960fc093fe093d9e9057\"},\"headline\":\"PT estendeu tapete vermelho para a governadora Raquel Lyra em Tabira\",\"datePublished\":\"2026-03-13T08:58:59+00:00\",\"mainEntityOfPage\":{\"@id\":\"https:\\\/\\\/afogadosfm.com.br\\\/afogadosfm\\\/2026\\\/03\\\/13\\\/pt-estendeu-tapete-vermelho-para-a-governadora-raquel-lyra-em-tabira\\\/\"},\"wordCount\":331,\"commentCount\":0,\"publisher\":{\"@id\":\"https:\\\/\\\/afogadosfm.com.br\\\/afogadosfm\\\/#organization\"},\"image\":{\"@id\":\"https:\\\/\\\/afogadosfm.com.br\\\/afogadosfm\\\/2026\\\/03\\\/13\\\/pt-estendeu-tapete-vermelho-para-a-governadora-raquel-lyra-em-tabira\\\/#primaryimage\"},\"thumbnailUrl\":\"https:\\\/\\\/i0.wp.com\\\/afogadosfm.com.br\\\/afogadosfm\\\/wp-content\\\/uploads\\\/2024\\\/11\\\/raquel-lyra-1.jpg?fit=399%2C266&ssl=1\",\"articleSection\":[\"Pol\u00edtica\"],\"inLanguage\":\"pt-BR\",\"potentialAction\":[{\"@type\":\"CommentAction\",\"name\":\"Comment\",\"target\":[\"https:\\\/\\\/afogadosfm.com.br\\\/afogadosfm\\\/2026\\\/03\\\/13\\\/pt-estendeu-tapete-vermelho-para-a-governadora-raquel-lyra-em-tabira\\\/#respond\"]}]},{\"@type\":\"WebPage\",\"@id\":\"https:\\\/\\\/afogadosfm.com.br\\\/afogadosfm\\\/2026\\\/03\\\/13\\\/pt-estendeu-tapete-vermelho-para-a-governadora-raquel-lyra-em-tabira\\\/\",\"url\":\"https:\\\/\\\/afogadosfm.com.br\\\/afogadosfm\\\/2026\\\/03\\\/13\\\/pt-estendeu-tapete-vermelho-para-a-governadora-raquel-lyra-em-tabira\\\/\",\"name\":\"PT estendeu tapete vermelho para a governadora Raquel Lyra em Tabira - Afogados FM\",\"isPartOf\":{\"@id\":\"https:\\\/\\\/afogadosfm.com.br\\\/afogadosfm\\\/#website\"},\"primaryImageOfPage\":{\"@id\":\"https:\\\/\\\/afogadosfm.com.br\\\/afogadosfm\\\/2026\\\/03\\\/13\\\/pt-estendeu-tapete-vermelho-para-a-governadora-raquel-lyra-em-tabira\\\/#primaryimage\"},\"image\":{\"@id\":\"https:\\\/\\\/afogadosfm.com.br\\\/afogadosfm\\\/2026\\\/03\\\/13\\\/pt-estendeu-tapete-vermelho-para-a-governadora-raquel-lyra-em-tabira\\\/#primaryimage\"},\"thumbnailUrl\":\"https:\\\/\\\/i0.wp.com\\\/afogadosfm.com.br\\\/afogadosfm\\\/wp-content\\\/uploads\\\/2024\\\/11\\\/raquel-lyra-1.jpg?fit=399%2C266&ssl=1\",\"datePublished\":\"2026-03-13T08:58:59+00:00\",\"breadcrumb\":{\"@id\":\"https:\\\/\\\/afogadosfm.com.br\\\/afogadosfm\\\/2026\\\/03\\\/13\\\/pt-estendeu-tapete-vermelho-para-a-governadora-raquel-lyra-em-tabira\\\/#breadcrumb\"},\"inLanguage\":\"pt-BR\",\"potentialAction\":[{\"@type\":\"ReadAction\",\"target\":[\"https:\\\/\\\/afogadosfm.com.br\\\/afogadosfm\\\/2026\\\/03\\\/13\\\/pt-estendeu-tapete-vermelho-para-a-governadora-raquel-lyra-em-tabira\\\/\"]}]},{\"@type\":\"ImageObject\",\"inLanguage\":\"pt-BR\",\"@id\":\"https:\\\/\\\/afogadosfm.com.br\\\/afogadosfm\\\/2026\\\/03\\\/13\\\/pt-estendeu-tapete-vermelho-para-a-governadora-raquel-lyra-em-tabira\\\/#primaryimage\",\"url\":\"https:\\\/\\\/i0.wp.com\\\/afogadosfm.com.br\\\/afogadosfm\\\/wp-content\\\/uploads\\\/2024\\\/11\\\/raquel-lyra-1.jpg?fit=399%2C266&ssl=1\",\"contentUrl\":\"https:\\\/\\\/i0.wp.com\\\/afogadosfm.com.br\\\/afogadosfm\\\/wp-content\\\/uploads\\\/2024\\\/11\\\/raquel-lyra-1.jpg?fit=399%2C266&ssl=1\",\"width\":399,\"height\":266},{\"@type\":\"BreadcrumbList\",\"@id\":\"https:\\\/\\\/afogadosfm.com.br\\\/afogadosfm\\\/2026\\\/03\\\/13\\\/pt-estendeu-tapete-vermelho-para-a-governadora-raquel-lyra-em-tabira\\\/#breadcrumb\",\"itemListElement\":[{\"@type\":\"ListItem\",\"position\":1,\"name\":\"In\u00edcio\",\"item\":\"https:\\\/\\\/afogadosfm.com.br\\\/afogadosfm\\\/\"},{\"@type\":\"ListItem\",\"position\":2,\"name\":\"PT estendeu tapete vermelho para a governadora Raquel Lyra em Tabira\"}]},{\"@type\":\"WebSite\",\"@id\":\"https:\\\/\\\/afogadosfm.com.br\\\/afogadosfm\\\/#website\",\"url\":\"https:\\\/\\\/afogadosfm.com.br\\\/afogadosfm\\\/\",\"name\":\"Afogados FM\",\"description\":\"Um site completo!\",\"publisher\":{\"@id\":\"https:\\\/\\\/afogadosfm.com.br\\\/afogadosfm\\\/#organization\"},\"potentialAction\":[{\"@type\":\"SearchAction\",\"target\":{\"@type\":\"EntryPoint\",\"urlTemplate\":\"https:\\\/\\\/afogadosfm.com.br\\\/afogadosfm\\\/?s={search_term_string}\"},\"query-input\":{\"@type\":\"PropertyValueSpecification\",\"valueRequired\":true,\"valueName\":\"search_term_string\"}}],\"inLanguage\":\"pt-BR\"},{\"@type\":\"Organization\",\"@id\":\"https:\\\/\\\/afogadosfm.com.br\\\/afogadosfm\\\/#organization\",\"name\":\"Afogados FM\",\"url\":\"https:\\\/\\\/afogadosfm.com.br\\\/afogadosfm\\\/\",\"logo\":{\"@type\":\"ImageObject\",\"inLanguage\":\"pt-BR\",\"@id\":\"https:\\\/\\\/afogadosfm.com.br\\\/afogadosfm\\\/#\\\/schema\\\/logo\\\/image\\\/\",\"url\":\"https:\\\/\\\/i0.wp.com\\\/afogadosfm.com.br\\\/afogadosfm\\\/wp-content\\\/uploads\\\/2020\\\/06\\\/cropped-banner-afogados-4.jpg?fit=369%2C137&ssl=1\",\"contentUrl\":\"https:\\\/\\\/i0.wp.com\\\/afogadosfm.com.br\\\/afogadosfm\\\/wp-content\\\/uploads\\\/2020\\\/06\\\/cropped-banner-afogados-4.jpg?fit=369%2C137&ssl=1\",\"width\":369,\"height\":137,\"caption\":\"Afogados FM\"},\"image\":{\"@id\":\"https:\\\/\\\/afogadosfm.com.br\\\/afogadosfm\\\/#\\\/schema\\\/logo\\\/image\\\/\"}},{\"@type\":\"Person\",\"@id\":\"https:\\\/\\\/afogadosfm.com.br\\\/afogadosfm\\\/#\\\/schema\\\/person\\\/60e56f2cf5dc960fc093fe093d9e9057\",\"name\":\"afogadosfm\",\"image\":{\"@type\":\"ImageObject\",\"inLanguage\":\"pt-BR\",\"@id\":\"https:\\\/\\\/secure.gravatar.com\\\/avatar\\\/e0359add7ed5dc3560906d861b52c6a8cf5c1e199d3a7dd85070998f49bd4701?s=96&d=mm&r=g\",\"url\":\"https:\\\/\\\/secure.gravatar.com\\\/avatar\\\/e0359add7ed5dc3560906d861b52c6a8cf5c1e199d3a7dd85070998f49bd4701?s=96&d=mm&r=g\",\"contentUrl\":\"https:\\\/\\\/secure.gravatar.com\\\/avatar\\\/e0359add7ed5dc3560906d861b52c6a8cf5c1e199d3a7dd85070998f49bd4701?s=96&d=mm&r=g\",\"caption\":\"afogadosfm\"},\"url\":\"https:\\\/\\\/afogadosfm.com.br\\\/afogadosfm\\\/author\\\/afogadosfm\\\/\"}]}<\/script>\n<!-- \/ Yoast SEO plugin. -->","yoast_head_json":{"title":"PT estendeu tapete vermelho para a governadora Raquel Lyra em Tabira - Afogados FM","robots":{"index":"index","follow":"follow","max-snippet":"max-snippet:-1","max-image-preview":"max-image-preview:large","max-video-preview":"max-video-preview:-1"},"canonical":"https:\/\/afogadosfm.com.br\/afogadosfm\/2026\/03\/13\/pt-estendeu-tapete-vermelho-para-a-governadora-raquel-lyra-em-tabira\/","og_locale":"pt_BR","og_type":"article","og_title":"PT estendeu tapete vermelho para a governadora Raquel Lyra em Tabira - Afogados FM","og_description":"O que era para ser uma agenda institucional de entregas no Sert\u00e3o do Paje\u00fa transformou-se, nesta semana, em um dos","og_url":"https:\/\/afogadosfm.com.br\/afogadosfm\/2026\/03\/13\/pt-estendeu-tapete-vermelho-para-a-governadora-raquel-lyra-em-tabira\/","og_site_name":"Afogados FM","article_published_time":"2026-03-13T08:58:59+00:00","og_image":[{"width":399,"height":266,"url":"https:\/\/afogadosfm.com.br\/afogadosfm\/wp-content\/uploads\/2024\/11\/raquel-lyra-1.jpg","type":"image\/jpeg"}],"author":"afogadosfm","twitter_card":"summary_large_image","twitter_misc":{"Escrito por":"afogadosfm","Est. tempo de leitura":"2 minutos"},"schema":{"@context":"https:\/\/schema.org","@graph":[{"@type":"Article","@id":"https:\/\/afogadosfm.com.br\/afogadosfm\/2026\/03\/13\/pt-estendeu-tapete-vermelho-para-a-governadora-raquel-lyra-em-tabira\/#article","isPartOf":{"@id":"https:\/\/afogadosfm.com.br\/afogadosfm\/2026\/03\/13\/pt-estendeu-tapete-vermelho-para-a-governadora-raquel-lyra-em-tabira\/"},"author":{"name":"afogadosfm","@id":"https:\/\/afogadosfm.com.br\/afogadosfm\/#\/schema\/person\/60e56f2cf5dc960fc093fe093d9e9057"},"headline":"PT estendeu tapete vermelho para a governadora Raquel Lyra em Tabira","datePublished":"2026-03-13T08:58:59+00:00","mainEntityOfPage":{"@id":"https:\/\/afogadosfm.com.br\/afogadosfm\/2026\/03\/13\/pt-estendeu-tapete-vermelho-para-a-governadora-raquel-lyra-em-tabira\/"},"wordCount":331,"commentCount":0,"publisher":{"@id":"https:\/\/afogadosfm.com.br\/afogadosfm\/#organization"},"image":{"@id":"https:\/\/afogadosfm.com.br\/afogadosfm\/2026\/03\/13\/pt-estendeu-tapete-vermelho-para-a-governadora-raquel-lyra-em-tabira\/#primaryimage"},"thumbnailUrl":"https:\/\/i0.wp.com\/afogadosfm.com.br\/afogadosfm\/wp-content\/uploads\/2024\/11\/raquel-lyra-1.jpg?fit=399%2C266&ssl=1","articleSection":["Pol\u00edtica"],"inLanguage":"pt-BR","potentialAction":[{"@type":"CommentAction","name":"Comment","target":["https:\/\/afogadosfm.com.br\/afogadosfm\/2026\/03\/13\/pt-estendeu-tapete-vermelho-para-a-governadora-raquel-lyra-em-tabira\/#respond"]}]},{"@type":"WebPage","@id":"https:\/\/afogadosfm.com.br\/afogadosfm\/2026\/03\/13\/pt-estendeu-tapete-vermelho-para-a-governadora-raquel-lyra-em-tabira\/","url":"https:\/\/afogadosfm.com.br\/afogadosfm\/2026\/03\/13\/pt-estendeu-tapete-vermelho-para-a-governadora-raquel-lyra-em-tabira\/","name":"PT estendeu tapete vermelho para a governadora Raquel Lyra em Tabira - Afogados FM","isPartOf":{"@id":"https:\/\/afogadosfm.com.br\/afogadosfm\/#website"},"primaryImageOfPage":{"@id":"https:\/\/afogadosfm.com.br\/afogadosfm\/2026\/03\/13\/pt-estendeu-tapete-vermelho-para-a-governadora-raquel-lyra-em-tabira\/#primaryimage"},"image":{"@id":"https:\/\/afogadosfm.com.br\/afogadosfm\/2026\/03\/13\/pt-estendeu-tapete-vermelho-para-a-governadora-raquel-lyra-em-tabira\/#primaryimage"},"thumbnailUrl":"https:\/\/i0.wp.com\/afogadosfm.com.br\/afogadosfm\/wp-content\/uploads\/2024\/11\/raquel-lyra-1.jpg?fit=399%2C266&ssl=1","datePublished":"2026-03-13T08:58:59+00:00","breadcrumb":{"@id":"https:\/\/afogadosfm.com.br\/afogadosfm\/2026\/03\/13\/pt-estendeu-tapete-vermelho-para-a-governadora-raquel-lyra-em-tabira\/#breadcrumb"},"inLanguage":"pt-BR","potentialAction":[{"@type":"ReadAction","target":["https:\/\/afogadosfm.com.br\/afogadosfm\/2026\/03\/13\/pt-estendeu-tapete-vermelho-para-a-governadora-raquel-lyra-em-tabira\/"]}]},{"@type":"ImageObject","inLanguage":"pt-BR","@id":"https:\/\/afogadosfm.com.br\/afogadosfm\/2026\/03\/13\/pt-estendeu-tapete-vermelho-para-a-governadora-raquel-lyra-em-tabira\/#primaryimage","url":"https:\/\/i0.wp.com\/afogadosfm.com.br\/afogadosfm\/wp-content\/uploads\/2024\/11\/raquel-lyra-1.jpg?fit=399%2C266&ssl=1","contentUrl":"https:\/\/i0.wp.com\/afogadosfm.com.br\/afogadosfm\/wp-content\/uploads\/2024\/11\/raquel-lyra-1.jpg?fit=399%2C266&ssl=1","width":399,"height":266},{"@type":"BreadcrumbList","@id":"https:\/\/afogadosfm.com.br\/afogadosfm\/2026\/03\/13\/pt-estendeu-tapete-vermelho-para-a-governadora-raquel-lyra-em-tabira\/#breadcrumb","itemListElement":[{"@type":"ListItem","position":1,"name":"In\u00edcio","item":"https:\/\/afogadosfm.com.br\/afogadosfm\/"},{"@type":"ListItem","position":2,"name":"PT estendeu tapete vermelho para a governadora Raquel Lyra em Tabira"}]},{"@type":"WebSite","@id":"https:\/\/afogadosfm.com.br\/afogadosfm\/#website","url":"https:\/\/afogadosfm.com.br\/afogadosfm\/","name":"Afogados FM","description":"Um site completo!","publisher":{"@id":"https:\/\/afogadosfm.com.br\/afogadosfm\/#organization"},"potentialAction":[{"@type":"SearchAction","target":{"@type":"EntryPoint","urlTemplate":"https:\/\/afogadosfm.com.br\/afogadosfm\/?s={search_term_string}"},"query-input":{"@type":"PropertyValueSpecification","valueRequired":true,"valueName":"search_term_string"}}],"inLanguage":"pt-BR"},{"@type":"Organization","@id":"https:\/\/afogadosfm.com.br\/afogadosfm\/#organization","name":"Afogados FM","url":"https:\/\/afogadosfm.com.br\/afogadosfm\/","logo":{"@type":"ImageObject","inLanguage":"pt-BR","@id":"https:\/\/afogadosfm.com.br\/afogadosfm\/#\/schema\/logo\/image\/","url":"https:\/\/i0.wp.com\/afogadosfm.com.br\/afogadosfm\/wp-content\/uploads\/2020\/06\/cropped-banner-afogados-4.jpg?fit=369%2C137&ssl=1","contentUrl":"https:\/\/i0.wp.com\/afogadosfm.com.br\/afogadosfm\/wp-content\/uploads\/2020\/06\/cropped-banner-afogados-4.jpg?fit=369%2C137&ssl=1","width":369,"height":137,"caption":"Afogados FM"},"image":{"@id":"https:\/\/afogadosfm.com.br\/afogadosfm\/#\/schema\/logo\/image\/"}},{"@type":"Person","@id":"https:\/\/afogadosfm.com.br\/afogadosfm\/#\/schema\/person\/60e56f2cf5dc960fc093fe093d9e9057","name":"afogadosfm","image":{"@type":"ImageObject","inLanguage":"pt-BR","@id":"https:\/\/secure.gravatar.com\/avatar\/e0359add7ed5dc3560906d861b52c6a8cf5c1e199d3a7dd85070998f49bd4701?s=96&d=mm&r=g","url":"https:\/\/secure.gravatar.com\/avatar\/e0359add7ed5dc3560906d861b52c6a8cf5c1e199d3a7dd85070998f49bd4701?s=96&d=mm&r=g","contentUrl":"https:\/\/secure.gravatar.com\/avatar\/e0359add7ed5dc3560906d861b52c6a8cf5c1e199d3a7dd85070998f49bd4701?s=96&d=mm&r=g","caption":"afogadosfm"},"url":"https:\/\/afogadosfm.com.br\/afogadosfm\/author\/afogadosfm\/"}]}},"jetpack_publicize_connections":[],"jetpack_featured_media_url":"https:\/\/i0.wp.com\/afogadosfm.com.br\/afogadosfm\/wp-content\/uploads\/2024\/11\/raquel-lyra-1.jpg?fit=399%2C266&ssl=1","jetpack-related-posts":[],"jetpack_sharing_enabled":true,"jetpack_likes_enabled":true,"_links":{"self":[{"href":"https:\/\/afogadosfm.com.br\/afogadosfm\/wp-json\/wp\/v2\/posts\/73233","targetHints":{"allow":["GET"]}}],"collection":[{"href":"https:\/\/afogadosfm.com.br\/afogadosfm\/wp-json\/wp\/v2\/posts"}],"about":[{"href":"https:\/\/afogadosfm.com.br\/afogadosfm\/wp-json\/wp\/v2\/types\/post"}],"author":[{"embeddable":true,"href":"https:\/\/afogadosfm.com.br\/afogadosfm\/wp-json\/wp\/v2\/users\/2"}],"replies":[{"embeddable":true,"href":"https:\/\/afogadosfm.com.br\/afogadosfm\/wp-json\/wp\/v2\/comments?post=73233"}],"version-history":[{"count":1,"href":"https:\/\/afogadosfm.com.br\/afogadosfm\/wp-json\/wp\/v2\/posts\/73233\/revisions"}],"predecessor-version":[{"id":73234,"href":"https:\/\/afogadosfm.com.br\/afogadosfm\/wp-json\/wp\/v2\/posts\/73233\/revisions\/73234"}],"wp:featuredmedia":[{"embeddable":true,"href":"https:\/\/afogadosfm.com.br\/afogadosfm\/wp-json\/wp\/v2\/media\/60927"}],"wp:attachment":[{"href":"https:\/\/afogadosfm.com.br\/afogadosfm\/wp-json\/wp\/v2\/media?parent=73233"}],"wp:term":[{"taxonomy":"category","embeddable":true,"href":"https:\/\/afogadosfm.com.br\/afogadosfm\/wp-json\/wp\/v2\/categories?post=73233"},{"taxonomy":"post_tag","embeddable":true,"href":"https:\/\/afogadosfm.com.br\/afogadosfm\/wp-json\/wp\/v2\/tags?post=73233"}],"curies":[{"name":"wp","href":"https:\/\/api.w.org\/{rel}","templated":true}]}}