{"id":73240,"date":"2026-03-13T06:06:44","date_gmt":"2026-03-13T09:06:44","guid":{"rendered":"https:\/\/afogadosfm.com.br\/afogadosfm\/?p=73240"},"modified":"2026-03-13T06:06:44","modified_gmt":"2026-03-13T09:06:44","slug":"procon-autua-mais-10-postos-em-recife-no-segundo-dia-de-fiscalizacao","status":"publish","type":"post","link":"https:\/\/afogadosfm.com.br\/afogadosfm\/2026\/03\/13\/procon-autua-mais-10-postos-em-recife-no-segundo-dia-de-fiscalizacao\/","title":{"rendered":"Procon autua mais 10 postos em Recife no segundo dia de fiscaliza\u00e7\u00e3o"},"content":{"rendered":"<p>No segundo dia de fiscaliza\u00e7\u00e3o, o Procon Recife autuou mais 10 postos de combust\u00edveis na capital pernambucana nesta quinta-feira (12), ap\u00f3s den\u00fancias de consumidores sobre aumentos considerados irregulares &#8211; uma vez que n\u00e3o houve qualquer aumento recente de combust\u00edveis aplicado pela Petrobras em suas refinarias. Esses estabelecimentos, que antes tinham vinte dias, agora ter\u00e3o prazo de tr\u00eas dias para apresentar defesa ao \u00f3rg\u00e3o de defesa do consumidor.<\/p>\n<p>Durante as inspe\u00e7\u00f5es, os fiscais encontraram o litro da gasolina variando entre R$ 7,49 e R$ 7,55. No primeiro dia da opera\u00e7\u00e3o, um posto chegou a comercializar o combust\u00edvel por R$ 7,78. De acordo com o Procon, os estabelecimentos autuados n\u00e3o apresentaram documenta\u00e7\u00e3o que justificasse o aumento de pre\u00e7os.<\/p>\n<p>Segundo o Procon, as fiscaliza\u00e7\u00f5es , que iniciaram na quarta-feira (11), buscam verificar a forma\u00e7\u00e3o de pre\u00e7os e poss\u00edveis reajustes injustificados nas bombas. Consumidores relataram majora\u00e7\u00e3o nos valores em postos localizados nos bairros de Campo Grande, Beberibe, Arruda, Fund\u00e3o, Casa Amarela, al\u00e9m de estabelecimentos nas avenidas Abdias de Carvalho e Caxang\u00e1, e no bairro da Iputinga.<\/p>\n<p>Ap\u00f3s o prazo de defesa, o Procon Recife ir\u00e1 analisar a documenta\u00e7\u00e3o apresentada pelos postos. Caso sejam confirmadas irregularidades, poder\u00e3o ser aplicadas san\u00e7\u00f5es administrativas previstas no C\u00f3digo de Defesa do Consumidor (CDC).<\/p>\n<p>O Procon Recife dever\u00e1 continuar monitorando o mercado de combust\u00edveis na capital nos pr\u00f3ximos dias. O \u00f3rg\u00e3o pretende garantir maior transpar\u00eancia na forma\u00e7\u00e3o de pre\u00e7os e evitar pr\u00e1ticas consideradas abusivas contra os consumidores.<\/p>\n<p>Consumidores que identificarem poss\u00edveis irregularidades podem registrar den\u00fancia junto ao Procon Recife pelo site oficial (procon.recife.pe.gov.br), pelo e-mail procon@recife.pe.gov.br ou pelo telefone 0800 281 1311.<\/p>\n","protected":false},"excerpt":{"rendered":"<p>No segundo dia de fiscaliza\u00e7\u00e3o, o Procon Recife autuou mais 10 postos de combust\u00edveis na capital pernambucana nesta quinta-feira (12),<\/p>\n","protected":false},"author":2,"featured_media":6085,"comment_status":"open","ping_status":"open","sticky":false,"template":"","format":"standard","meta":{"jetpack_post_was_ever_published":false,"_jetpack_newsletter_access":"","_jetpack_dont_email_post_to_subs":false,"_jetpack_newsletter_tier_id":0,"_jetpack_memberships_contains_paywalled_content":false,"_jetpack_memberships_contains_paid_content":false,"footnotes":"","jetpack_publicize_message":"","jetpack_publicize_feature_enabled":true,"jetpack_social_post_already_shared":true,"jetpack_social_options":{"image_generator_settings":{"template":"highway","default_image_id":0,"font":"","enabled":false},"version":2}},"categories":[13],"tags":[],"class_list":["post-73240","post","type-post","status-publish","format-standard","has-post-thumbnail","hentry","category-pernambuco"],"yoast_head":"<!-- This site is optimized with the Yoast SEO plugin v27.5 - https:\/\/yoast.com\/product\/yoast-seo-wordpress\/ -->\n<title>Procon autua mais 10 postos em Recife no segundo dia de fiscaliza\u00e7\u00e3o - Afogados FM<\/title>\n<meta name=\"robots\" content=\"index, follow, max-snippet:-1, max-image-preview:large, max-video-preview:-1\" \/>\n<link rel=\"canonical\" href=\"https:\/\/afogadosfm.com.br\/afogadosfm\/2026\/03\/13\/procon-autua-mais-10-postos-em-recife-no-segundo-dia-de-fiscalizacao\/\" \/>\n<meta property=\"og:locale\" content=\"pt_BR\" \/>\n<meta property=\"og:type\" content=\"article\" \/>\n<meta property=\"og:title\" content=\"Procon autua mais 10 postos em Recife no segundo dia de fiscaliza\u00e7\u00e3o - Afogados FM\" \/>\n<meta property=\"og:description\" content=\"No segundo dia de fiscaliza\u00e7\u00e3o, o Procon Recife autuou mais 10 postos de combust\u00edveis na capital pernambucana nesta quinta-feira (12),\" \/>\n<meta property=\"og:url\" content=\"https:\/\/afogadosfm.com.br\/afogadosfm\/2026\/03\/13\/procon-autua-mais-10-postos-em-recife-no-segundo-dia-de-fiscalizacao\/\" \/>\n<meta property=\"og:site_name\" content=\"Afogados FM\" \/>\n<meta property=\"article:published_time\" content=\"2026-03-13T09:06:44+00:00\" \/>\n<meta property=\"og:image\" content=\"https:\/\/afogadosfm.com.br\/afogadosfm\/wp-content\/uploads\/2018\/09\/procon.png\" \/>\n\t<meta property=\"og:image:width\" content=\"411\" \/>\n\t<meta property=\"og:image:height\" content=\"122\" \/>\n\t<meta property=\"og:image:type\" content=\"image\/png\" \/>\n<meta name=\"author\" content=\"afogadosfm\" \/>\n<meta name=\"twitter:card\" content=\"summary_large_image\" \/>\n<meta name=\"twitter:label1\" content=\"Escrito por\" \/>\n\t<meta name=\"twitter:data1\" content=\"afogadosfm\" \/>\n\t<meta name=\"twitter:label2\" content=\"Est. tempo de leitura\" \/>\n\t<meta name=\"twitter:data2\" content=\"2 minutos\" \/>\n<script type=\"application\/ld+json\" class=\"yoast-schema-graph\">{\"@context\":\"https:\\\/\\\/schema.org\",\"@graph\":[{\"@type\":\"Article\",\"@id\":\"https:\\\/\\\/afogadosfm.com.br\\\/afogadosfm\\\/2026\\\/03\\\/13\\\/procon-autua-mais-10-postos-em-recife-no-segundo-dia-de-fiscalizacao\\\/#article\",\"isPartOf\":{\"@id\":\"https:\\\/\\\/afogadosfm.com.br\\\/afogadosfm\\\/2026\\\/03\\\/13\\\/procon-autua-mais-10-postos-em-recife-no-segundo-dia-de-fiscalizacao\\\/\"},\"author\":{\"name\":\"afogadosfm\",\"@id\":\"https:\\\/\\\/afogadosfm.com.br\\\/afogadosfm\\\/#\\\/schema\\\/person\\\/60e56f2cf5dc960fc093fe093d9e9057\"},\"headline\":\"Procon autua mais 10 postos em Recife no segundo dia de fiscaliza\u00e7\u00e3o\",\"datePublished\":\"2026-03-13T09:06:44+00:00\",\"mainEntityOfPage\":{\"@id\":\"https:\\\/\\\/afogadosfm.com.br\\\/afogadosfm\\\/2026\\\/03\\\/13\\\/procon-autua-mais-10-postos-em-recife-no-segundo-dia-de-fiscalizacao\\\/\"},\"wordCount\":308,\"commentCount\":0,\"publisher\":{\"@id\":\"https:\\\/\\\/afogadosfm.com.br\\\/afogadosfm\\\/#organization\"},\"image\":{\"@id\":\"https:\\\/\\\/afogadosfm.com.br\\\/afogadosfm\\\/2026\\\/03\\\/13\\\/procon-autua-mais-10-postos-em-recife-no-segundo-dia-de-fiscalizacao\\\/#primaryimage\"},\"thumbnailUrl\":\"https:\\\/\\\/i0.wp.com\\\/afogadosfm.com.br\\\/afogadosfm\\\/wp-content\\\/uploads\\\/2018\\\/09\\\/procon.png?fit=411%2C122&ssl=1\",\"articleSection\":[\"Pernambuco\"],\"inLanguage\":\"pt-BR\",\"potentialAction\":[{\"@type\":\"CommentAction\",\"name\":\"Comment\",\"target\":[\"https:\\\/\\\/afogadosfm.com.br\\\/afogadosfm\\\/2026\\\/03\\\/13\\\/procon-autua-mais-10-postos-em-recife-no-segundo-dia-de-fiscalizacao\\\/#respond\"]}]},{\"@type\":\"WebPage\",\"@id\":\"https:\\\/\\\/afogadosfm.com.br\\\/afogadosfm\\\/2026\\\/03\\\/13\\\/procon-autua-mais-10-postos-em-recife-no-segundo-dia-de-fiscalizacao\\\/\",\"url\":\"https:\\\/\\\/afogadosfm.com.br\\\/afogadosfm\\\/2026\\\/03\\\/13\\\/procon-autua-mais-10-postos-em-recife-no-segundo-dia-de-fiscalizacao\\\/\",\"name\":\"Procon autua mais 10 postos em Recife no segundo dia de fiscaliza\u00e7\u00e3o - Afogados FM\",\"isPartOf\":{\"@id\":\"https:\\\/\\\/afogadosfm.com.br\\\/afogadosfm\\\/#website\"},\"primaryImageOfPage\":{\"@id\":\"https:\\\/\\\/afogadosfm.com.br\\\/afogadosfm\\\/2026\\\/03\\\/13\\\/procon-autua-mais-10-postos-em-recife-no-segundo-dia-de-fiscalizacao\\\/#primaryimage\"},\"image\":{\"@id\":\"https:\\\/\\\/afogadosfm.com.br\\\/afogadosfm\\\/2026\\\/03\\\/13\\\/procon-autua-mais-10-postos-em-recife-no-segundo-dia-de-fiscalizacao\\\/#primaryimage\"},\"thumbnailUrl\":\"https:\\\/\\\/i0.wp.com\\\/afogadosfm.com.br\\\/afogadosfm\\\/wp-content\\\/uploads\\\/2018\\\/09\\\/procon.png?fit=411%2C122&ssl=1\",\"datePublished\":\"2026-03-13T09:06:44+00:00\",\"breadcrumb\":{\"@id\":\"https:\\\/\\\/afogadosfm.com.br\\\/afogadosfm\\\/2026\\\/03\\\/13\\\/procon-autua-mais-10-postos-em-recife-no-segundo-dia-de-fiscalizacao\\\/#breadcrumb\"},\"inLanguage\":\"pt-BR\",\"potentialAction\":[{\"@type\":\"ReadAction\",\"target\":[\"https:\\\/\\\/afogadosfm.com.br\\\/afogadosfm\\\/2026\\\/03\\\/13\\\/procon-autua-mais-10-postos-em-recife-no-segundo-dia-de-fiscalizacao\\\/\"]}]},{\"@type\":\"ImageObject\",\"inLanguage\":\"pt-BR\",\"@id\":\"https:\\\/\\\/afogadosfm.com.br\\\/afogadosfm\\\/2026\\\/03\\\/13\\\/procon-autua-mais-10-postos-em-recife-no-segundo-dia-de-fiscalizacao\\\/#primaryimage\",\"url\":\"https:\\\/\\\/i0.wp.com\\\/afogadosfm.com.br\\\/afogadosfm\\\/wp-content\\\/uploads\\\/2018\\\/09\\\/procon.png?fit=411%2C122&ssl=1\",\"contentUrl\":\"https:\\\/\\\/i0.wp.com\\\/afogadosfm.com.br\\\/afogadosfm\\\/wp-content\\\/uploads\\\/2018\\\/09\\\/procon.png?fit=411%2C122&ssl=1\",\"width\":411,\"height\":122},{\"@type\":\"BreadcrumbList\",\"@id\":\"https:\\\/\\\/afogadosfm.com.br\\\/afogadosfm\\\/2026\\\/03\\\/13\\\/procon-autua-mais-10-postos-em-recife-no-segundo-dia-de-fiscalizacao\\\/#breadcrumb\",\"itemListElement\":[{\"@type\":\"ListItem\",\"position\":1,\"name\":\"In\u00edcio\",\"item\":\"https:\\\/\\\/afogadosfm.com.br\\\/afogadosfm\\\/\"},{\"@type\":\"ListItem\",\"position\":2,\"name\":\"Procon autua mais 10 postos em Recife no segundo dia de fiscaliza\u00e7\u00e3o\"}]},{\"@type\":\"WebSite\",\"@id\":\"https:\\\/\\\/afogadosfm.com.br\\\/afogadosfm\\\/#website\",\"url\":\"https:\\\/\\\/afogadosfm.com.br\\\/afogadosfm\\\/\",\"name\":\"Afogados FM\",\"description\":\"Um site completo!\",\"publisher\":{\"@id\":\"https:\\\/\\\/afogadosfm.com.br\\\/afogadosfm\\\/#organization\"},\"potentialAction\":[{\"@type\":\"SearchAction\",\"target\":{\"@type\":\"EntryPoint\",\"urlTemplate\":\"https:\\\/\\\/afogadosfm.com.br\\\/afogadosfm\\\/?s={search_term_string}\"},\"query-input\":{\"@type\":\"PropertyValueSpecification\",\"valueRequired\":true,\"valueName\":\"search_term_string\"}}],\"inLanguage\":\"pt-BR\"},{\"@type\":\"Organization\",\"@id\":\"https:\\\/\\\/afogadosfm.com.br\\\/afogadosfm\\\/#organization\",\"name\":\"Afogados FM\",\"url\":\"https:\\\/\\\/afogadosfm.com.br\\\/afogadosfm\\\/\",\"logo\":{\"@type\":\"ImageObject\",\"inLanguage\":\"pt-BR\",\"@id\":\"https:\\\/\\\/afogadosfm.com.br\\\/afogadosfm\\\/#\\\/schema\\\/logo\\\/image\\\/\",\"url\":\"https:\\\/\\\/i0.wp.com\\\/afogadosfm.com.br\\\/afogadosfm\\\/wp-content\\\/uploads\\\/2020\\\/06\\\/cropped-banner-afogados-4.jpg?fit=369%2C137&ssl=1\",\"contentUrl\":\"https:\\\/\\\/i0.wp.com\\\/afogadosfm.com.br\\\/afogadosfm\\\/wp-content\\\/uploads\\\/2020\\\/06\\\/cropped-banner-afogados-4.jpg?fit=369%2C137&ssl=1\",\"width\":369,\"height\":137,\"caption\":\"Afogados FM\"},\"image\":{\"@id\":\"https:\\\/\\\/afogadosfm.com.br\\\/afogadosfm\\\/#\\\/schema\\\/logo\\\/image\\\/\"}},{\"@type\":\"Person\",\"@id\":\"https:\\\/\\\/afogadosfm.com.br\\\/afogadosfm\\\/#\\\/schema\\\/person\\\/60e56f2cf5dc960fc093fe093d9e9057\",\"name\":\"afogadosfm\",\"image\":{\"@type\":\"ImageObject\",\"inLanguage\":\"pt-BR\",\"@id\":\"https:\\\/\\\/secure.gravatar.com\\\/avatar\\\/e0359add7ed5dc3560906d861b52c6a8cf5c1e199d3a7dd85070998f49bd4701?s=96&d=mm&r=g\",\"url\":\"https:\\\/\\\/secure.gravatar.com\\\/avatar\\\/e0359add7ed5dc3560906d861b52c6a8cf5c1e199d3a7dd85070998f49bd4701?s=96&d=mm&r=g\",\"contentUrl\":\"https:\\\/\\\/secure.gravatar.com\\\/avatar\\\/e0359add7ed5dc3560906d861b52c6a8cf5c1e199d3a7dd85070998f49bd4701?s=96&d=mm&r=g\",\"caption\":\"afogadosfm\"},\"url\":\"https:\\\/\\\/afogadosfm.com.br\\\/afogadosfm\\\/author\\\/afogadosfm\\\/\"}]}<\/script>\n<!-- \/ Yoast SEO plugin. -->","yoast_head_json":{"title":"Procon autua mais 10 postos em Recife no segundo dia de fiscaliza\u00e7\u00e3o - Afogados FM","robots":{"index":"index","follow":"follow","max-snippet":"max-snippet:-1","max-image-preview":"max-image-preview:large","max-video-preview":"max-video-preview:-1"},"canonical":"https:\/\/afogadosfm.com.br\/afogadosfm\/2026\/03\/13\/procon-autua-mais-10-postos-em-recife-no-segundo-dia-de-fiscalizacao\/","og_locale":"pt_BR","og_type":"article","og_title":"Procon autua mais 10 postos em Recife no segundo dia de fiscaliza\u00e7\u00e3o - Afogados FM","og_description":"No segundo dia de fiscaliza\u00e7\u00e3o, o Procon Recife autuou mais 10 postos de combust\u00edveis na capital pernambucana nesta quinta-feira (12),","og_url":"https:\/\/afogadosfm.com.br\/afogadosfm\/2026\/03\/13\/procon-autua-mais-10-postos-em-recife-no-segundo-dia-de-fiscalizacao\/","og_site_name":"Afogados FM","article_published_time":"2026-03-13T09:06:44+00:00","og_image":[{"width":411,"height":122,"url":"https:\/\/afogadosfm.com.br\/afogadosfm\/wp-content\/uploads\/2018\/09\/procon.png","type":"image\/png"}],"author":"afogadosfm","twitter_card":"summary_large_image","twitter_misc":{"Escrito por":"afogadosfm","Est. tempo de leitura":"2 minutos"},"schema":{"@context":"https:\/\/schema.org","@graph":[{"@type":"Article","@id":"https:\/\/afogadosfm.com.br\/afogadosfm\/2026\/03\/13\/procon-autua-mais-10-postos-em-recife-no-segundo-dia-de-fiscalizacao\/#article","isPartOf":{"@id":"https:\/\/afogadosfm.com.br\/afogadosfm\/2026\/03\/13\/procon-autua-mais-10-postos-em-recife-no-segundo-dia-de-fiscalizacao\/"},"author":{"name":"afogadosfm","@id":"https:\/\/afogadosfm.com.br\/afogadosfm\/#\/schema\/person\/60e56f2cf5dc960fc093fe093d9e9057"},"headline":"Procon autua mais 10 postos em Recife no segundo dia de fiscaliza\u00e7\u00e3o","datePublished":"2026-03-13T09:06:44+00:00","mainEntityOfPage":{"@id":"https:\/\/afogadosfm.com.br\/afogadosfm\/2026\/03\/13\/procon-autua-mais-10-postos-em-recife-no-segundo-dia-de-fiscalizacao\/"},"wordCount":308,"commentCount":0,"publisher":{"@id":"https:\/\/afogadosfm.com.br\/afogadosfm\/#organization"},"image":{"@id":"https:\/\/afogadosfm.com.br\/afogadosfm\/2026\/03\/13\/procon-autua-mais-10-postos-em-recife-no-segundo-dia-de-fiscalizacao\/#primaryimage"},"thumbnailUrl":"https:\/\/i0.wp.com\/afogadosfm.com.br\/afogadosfm\/wp-content\/uploads\/2018\/09\/procon.png?fit=411%2C122&ssl=1","articleSection":["Pernambuco"],"inLanguage":"pt-BR","potentialAction":[{"@type":"CommentAction","name":"Comment","target":["https:\/\/afogadosfm.com.br\/afogadosfm\/2026\/03\/13\/procon-autua-mais-10-postos-em-recife-no-segundo-dia-de-fiscalizacao\/#respond"]}]},{"@type":"WebPage","@id":"https:\/\/afogadosfm.com.br\/afogadosfm\/2026\/03\/13\/procon-autua-mais-10-postos-em-recife-no-segundo-dia-de-fiscalizacao\/","url":"https:\/\/afogadosfm.com.br\/afogadosfm\/2026\/03\/13\/procon-autua-mais-10-postos-em-recife-no-segundo-dia-de-fiscalizacao\/","name":"Procon autua mais 10 postos em Recife no segundo dia de fiscaliza\u00e7\u00e3o - Afogados FM","isPartOf":{"@id":"https:\/\/afogadosfm.com.br\/afogadosfm\/#website"},"primaryImageOfPage":{"@id":"https:\/\/afogadosfm.com.br\/afogadosfm\/2026\/03\/13\/procon-autua-mais-10-postos-em-recife-no-segundo-dia-de-fiscalizacao\/#primaryimage"},"image":{"@id":"https:\/\/afogadosfm.com.br\/afogadosfm\/2026\/03\/13\/procon-autua-mais-10-postos-em-recife-no-segundo-dia-de-fiscalizacao\/#primaryimage"},"thumbnailUrl":"https:\/\/i0.wp.com\/afogadosfm.com.br\/afogadosfm\/wp-content\/uploads\/2018\/09\/procon.png?fit=411%2C122&ssl=1","datePublished":"2026-03-13T09:06:44+00:00","breadcrumb":{"@id":"https:\/\/afogadosfm.com.br\/afogadosfm\/2026\/03\/13\/procon-autua-mais-10-postos-em-recife-no-segundo-dia-de-fiscalizacao\/#breadcrumb"},"inLanguage":"pt-BR","potentialAction":[{"@type":"ReadAction","target":["https:\/\/afogadosfm.com.br\/afogadosfm\/2026\/03\/13\/procon-autua-mais-10-postos-em-recife-no-segundo-dia-de-fiscalizacao\/"]}]},{"@type":"ImageObject","inLanguage":"pt-BR","@id":"https:\/\/afogadosfm.com.br\/afogadosfm\/2026\/03\/13\/procon-autua-mais-10-postos-em-recife-no-segundo-dia-de-fiscalizacao\/#primaryimage","url":"https:\/\/i0.wp.com\/afogadosfm.com.br\/afogadosfm\/wp-content\/uploads\/2018\/09\/procon.png?fit=411%2C122&ssl=1","contentUrl":"https:\/\/i0.wp.com\/afogadosfm.com.br\/afogadosfm\/wp-content\/uploads\/2018\/09\/procon.png?fit=411%2C122&ssl=1","width":411,"height":122},{"@type":"BreadcrumbList","@id":"https:\/\/afogadosfm.com.br\/afogadosfm\/2026\/03\/13\/procon-autua-mais-10-postos-em-recife-no-segundo-dia-de-fiscalizacao\/#breadcrumb","itemListElement":[{"@type":"ListItem","position":1,"name":"In\u00edcio","item":"https:\/\/afogadosfm.com.br\/afogadosfm\/"},{"@type":"ListItem","position":2,"name":"Procon autua mais 10 postos em Recife no segundo dia de fiscaliza\u00e7\u00e3o"}]},{"@type":"WebSite","@id":"https:\/\/afogadosfm.com.br\/afogadosfm\/#website","url":"https:\/\/afogadosfm.com.br\/afogadosfm\/","name":"Afogados FM","description":"Um site completo!","publisher":{"@id":"https:\/\/afogadosfm.com.br\/afogadosfm\/#organization"},"potentialAction":[{"@type":"SearchAction","target":{"@type":"EntryPoint","urlTemplate":"https:\/\/afogadosfm.com.br\/afogadosfm\/?s={search_term_string}"},"query-input":{"@type":"PropertyValueSpecification","valueRequired":true,"valueName":"search_term_string"}}],"inLanguage":"pt-BR"},{"@type":"Organization","@id":"https:\/\/afogadosfm.com.br\/afogadosfm\/#organization","name":"Afogados FM","url":"https:\/\/afogadosfm.com.br\/afogadosfm\/","logo":{"@type":"ImageObject","inLanguage":"pt-BR","@id":"https:\/\/afogadosfm.com.br\/afogadosfm\/#\/schema\/logo\/image\/","url":"https:\/\/i0.wp.com\/afogadosfm.com.br\/afogadosfm\/wp-content\/uploads\/2020\/06\/cropped-banner-afogados-4.jpg?fit=369%2C137&ssl=1","contentUrl":"https:\/\/i0.wp.com\/afogadosfm.com.br\/afogadosfm\/wp-content\/uploads\/2020\/06\/cropped-banner-afogados-4.jpg?fit=369%2C137&ssl=1","width":369,"height":137,"caption":"Afogados FM"},"image":{"@id":"https:\/\/afogadosfm.com.br\/afogadosfm\/#\/schema\/logo\/image\/"}},{"@type":"Person","@id":"https:\/\/afogadosfm.com.br\/afogadosfm\/#\/schema\/person\/60e56f2cf5dc960fc093fe093d9e9057","name":"afogadosfm","image":{"@type":"ImageObject","inLanguage":"pt-BR","@id":"https:\/\/secure.gravatar.com\/avatar\/e0359add7ed5dc3560906d861b52c6a8cf5c1e199d3a7dd85070998f49bd4701?s=96&d=mm&r=g","url":"https:\/\/secure.gravatar.com\/avatar\/e0359add7ed5dc3560906d861b52c6a8cf5c1e199d3a7dd85070998f49bd4701?s=96&d=mm&r=g","contentUrl":"https:\/\/secure.gravatar.com\/avatar\/e0359add7ed5dc3560906d861b52c6a8cf5c1e199d3a7dd85070998f49bd4701?s=96&d=mm&r=g","caption":"afogadosfm"},"url":"https:\/\/afogadosfm.com.br\/afogadosfm\/author\/afogadosfm\/"}]}},"jetpack_publicize_connections":[],"jetpack_featured_media_url":"https:\/\/i0.wp.com\/afogadosfm.com.br\/afogadosfm\/wp-content\/uploads\/2018\/09\/procon.png?fit=411%2C122&ssl=1","jetpack-related-posts":[],"jetpack_sharing_enabled":true,"jetpack_likes_enabled":true,"_links":{"self":[{"href":"https:\/\/afogadosfm.com.br\/afogadosfm\/wp-json\/wp\/v2\/posts\/73240","targetHints":{"allow":["GET"]}}],"collection":[{"href":"https:\/\/afogadosfm.com.br\/afogadosfm\/wp-json\/wp\/v2\/posts"}],"about":[{"href":"https:\/\/afogadosfm.com.br\/afogadosfm\/wp-json\/wp\/v2\/types\/post"}],"author":[{"embeddable":true,"href":"https:\/\/afogadosfm.com.br\/afogadosfm\/wp-json\/wp\/v2\/users\/2"}],"replies":[{"embeddable":true,"href":"https:\/\/afogadosfm.com.br\/afogadosfm\/wp-json\/wp\/v2\/comments?post=73240"}],"version-history":[{"count":1,"href":"https:\/\/afogadosfm.com.br\/afogadosfm\/wp-json\/wp\/v2\/posts\/73240\/revisions"}],"predecessor-version":[{"id":73241,"href":"https:\/\/afogadosfm.com.br\/afogadosfm\/wp-json\/wp\/v2\/posts\/73240\/revisions\/73241"}],"wp:featuredmedia":[{"embeddable":true,"href":"https:\/\/afogadosfm.com.br\/afogadosfm\/wp-json\/wp\/v2\/media\/6085"}],"wp:attachment":[{"href":"https:\/\/afogadosfm.com.br\/afogadosfm\/wp-json\/wp\/v2\/media?parent=73240"}],"wp:term":[{"taxonomy":"category","embeddable":true,"href":"https:\/\/afogadosfm.com.br\/afogadosfm\/wp-json\/wp\/v2\/categories?post=73240"},{"taxonomy":"post_tag","embeddable":true,"href":"https:\/\/afogadosfm.com.br\/afogadosfm\/wp-json\/wp\/v2\/tags?post=73240"}],"curies":[{"name":"wp","href":"https:\/\/api.w.org\/{rel}","templated":true}]}}